{"id":636356,"date":"2022-09-03T06:50:00","date_gmt":"2022-09-03T09:50:00","guid":{"rendered":"http:\/\/diario5.com.ar\/?p=636356"},"modified":"2022-09-03T12:09:14","modified_gmt":"2022-09-03T15:09:14","slug":"636356","status":"publish","type":"post","link":"https:\/\/www.diario5.com.ar\/es\/636356\/","title":{"rendered":"Educaci\u00f3n: Nuevas estad\u00edsticas"},"content":{"rendered":"<h2 class=\"sub-title-primary\">Proviene de la Provincia de Buenos Aires. Fue provisto por el propio Ministro. Los detalles.<\/h2> <p><img decoding=\"async\" loading=\"lazy\" class=\"alignnone size-full wp-image-657548\" src=\"https:\/\/www.diario5.com.ar\/wp-content\/uploads\/2022\/09\/rendimiento_escolar2.jpg\" alt=\"\" width=\"1417\" height=\"883\" srcset=\"https:\/\/www.diario5.com.ar\/wp-content\/uploads\/2022\/09\/rendimiento_escolar2.jpg 1417w, https:\/\/www.diario5.com.ar\/wp-content\/uploads\/2022\/09\/rendimiento_escolar2-300x187.jpg 300w, https:\/\/www.diario5.com.ar\/wp-content\/uploads\/2022\/09\/rendimiento_escolar2-1024x638.jpg 1024w, https:\/\/www.diario5.com.ar\/wp-content\/uploads\/2022\/09\/rendimiento_escolar2-768x479.jpg 768w\" sizes=\"(max-width: 1417px) 100vw, 1417px\" \/><\/p>\n<p>En abril de 2022 nos encontramos con lo \u00faltimo en estad\u00edsticas educativas a nivel nacional. El resultado arrojado por el trabajo que realiz\u00f3 el Observatorio Argentinos por la Educaci\u00f3n dejaba traslucir que s\u00f3lo un 53% de los chicos argentinos que se inician en la educaci\u00f3n, con la escuela primaria, termina en el colegio secundario, sea cuando sea. En tanto si tomamos el est\u00e1ndar de los 12 a\u00f1os de educaci\u00f3n (13, si se trata de un secundario especializado, con plan de 6 a\u00f1os), cada 100 estudiantes, s\u00f3lo 16 lo logran terminar en el tiempo que se estima natural.<\/p>\n<p>Ahora, el ministro de Educaci\u00f3n bonaerense, Alberto Sileoni, anunci\u00f3 que en la Provincia de Buenos Aires, apenas el 20% de los alumnos terminan de cursar el colegio secundario sin repitencias, es decir, en tiempo y forma. Esto significa que -por el tiempos que le lleva a un chico completar sus estudios- el promedio bonaerense se acerca al baj\u00edsimo promedio general nacional del 16% de alumnos que, tras cumplir el ciclo primario, logran egresar del secundario sin repitencias en ambos niveles. La postura del ministro se inclina a que las discusiones sobre reformas en los m\u00e9todos de ense\u00f1ar, el a\u00f1o pr\u00f3ximo podr\u00e1n, reci\u00e9n, llevarse adelante. El ministro entiende que se trata de una discusi\u00f3n \u00abque nos va a llevar tiempo y no nos queremos apresurar\u00bb.<\/p>\n<p>Veamos el cuadro de orden nacional sobre la situaci\u00f3n de alumnos que comienzan el primer grado de la primaria y se llevan el certificado anal\u00edtico del secundario sin repitencias ni interrupciones forzadas (caso pandemia por coronavirus, que es una situaci\u00f3n excepcional)<\/p>\n<p>En el cuadro, la Provincia de Tierra del Fuego presenta los mejores n\u00fameros estad\u00edsticos, seguida por la Ciudad de Buenos Aires y la Provincia de C\u00f3rdoba.<\/p>\n<p><img decoding=\"async\" loading=\"lazy\" class=\"alignnone size-full wp-image-657546\" src=\"https:\/\/www.diario5.com.ar\/wp-content\/uploads\/2022\/09\/Educ_secundaria_a_tiempo.jpg\" alt=\"\" width=\"623\" height=\"1127\" srcset=\"https:\/\/www.diario5.com.ar\/wp-content\/uploads\/2022\/09\/Educ_secundaria_a_tiempo.jpg 623w, https:\/\/www.diario5.com.ar\/wp-content\/uploads\/2022\/09\/Educ_secundaria_a_tiempo-166x300.jpg 166w, https:\/\/www.diario5.com.ar\/wp-content\/uploads\/2022\/09\/Educ_secundaria_a_tiempo-566x1024.jpg 566w\" sizes=\"(max-width: 623px) 100vw, 623px\" \/><\/p>\n<p><img decoding=\"async\" loading=\"lazy\" class=\"alignnone size-full wp-image-657547\" src=\"https:\/\/www.diario5.com.ar\/wp-content\/uploads\/2022\/09\/rendimiento_escolar.jpg\" alt=\"\" width=\"688\" height=\"1126\" srcset=\"https:\/\/www.diario5.com.ar\/wp-content\/uploads\/2022\/09\/rendimiento_escolar.jpg 688w, https:\/\/www.diario5.com.ar\/wp-content\/uploads\/2022\/09\/rendimiento_escolar-183x300.jpg 183w, https:\/\/www.diario5.com.ar\/wp-content\/uploads\/2022\/09\/rendimiento_escolar-626x1024.jpg 626w\" sizes=\"(max-width: 688px) 100vw, 688px\" \/><\/p>\n<p><img decoding=\"async\" loading=\"lazy\" class=\"alignnone size-large wp-image-657649\" src=\"https:\/\/www.diario5.com.ar\/wp-content\/uploads\/2022\/09\/la_capital20220903-761x1024.jpg\" width=\"761\" height=\"1024\" alt=\"Nuevo dato estad\u00edstico educativo\" title=\"Nuevo dato estad\u00edstico educativo\" srcset=\"https:\/\/www.diario5.com.ar\/wp-content\/uploads\/2022\/09\/la_capital20220903-761x1024.jpg 761w, https:\/\/www.diario5.com.ar\/wp-content\/uploads\/2022\/09\/la_capital20220903-223x300.jpg 223w, https:\/\/www.diario5.com.ar\/wp-content\/uploads\/2022\/09\/la_capital20220903-768x1034.jpg 768w, https:\/\/www.diario5.com.ar\/wp-content\/uploads\/2022\/09\/la_capital20220903-1141x1536.jpg 1141w, https:\/\/www.diario5.com.ar\/wp-content\/uploads\/2022\/09\/la_capital20220903-1521x2048.jpg 1521w, https:\/\/www.diario5.com.ar\/wp-content\/uploads\/2022\/09\/la_capital20220903.jpg 1783w\" sizes=\"(max-width: 761px) 100vw, 761px\" \/><\/p>\n<p><img decoding=\"async\" loading=\"lazy\" class=\"alignnone size-large wp-image-657617\" title=\"Nuevo dato estad\u00edstico educativo\" src=\"https:\/\/www.diario5.com.ar\/wp-content\/uploads\/2022\/09\/ar_nueva_provincia20220903-736x1024.jpg\" alt=\"Nuevo dato estad\u00edstico educativo\" width=\"736\" height=\"1024\" srcset=\"https:\/\/www.diario5.com.ar\/wp-content\/uploads\/2022\/09\/ar_nueva_provincia20220903-736x1024.jpg 736w, https:\/\/www.diario5.com.ar\/wp-content\/uploads\/2022\/09\/ar_nueva_provincia20220903-216x300.jpg 216w, https:\/\/www.diario5.com.ar\/wp-content\/uploads\/2022\/09\/ar_nueva_provincia20220903.jpg 764w\" sizes=\"(max-width: 736px) 100vw, 736px\" \/><\/p>\n<p><img decoding=\"async\" loading=\"lazy\" class=\"alignnone size-large wp-image-657618\" title=\"Nuevo dato estad\u00edstico educativo\" src=\"https:\/\/www.diario5.com.ar\/wp-content\/uploads\/2022\/09\/esquiu20220903-778x1024.jpg\" alt=\"Nuevo dato estad\u00edstico educativo\" width=\"778\" height=\"1024\" srcset=\"https:\/\/www.diario5.com.ar\/wp-content\/uploads\/2022\/09\/esquiu20220903-778x1024.jpg 778w, https:\/\/www.diario5.com.ar\/wp-content\/uploads\/2022\/09\/esquiu20220903-228x300.jpg 228w, https:\/\/www.diario5.com.ar\/wp-content\/uploads\/2022\/09\/esquiu20220903-768x1010.jpg 768w, https:\/\/www.diario5.com.ar\/wp-content\/uploads\/2022\/09\/esquiu20220903.jpg 954w\" sizes=\"(max-width: 778px) 100vw, 778px\" \/><\/p>\n<p><img decoding=\"async\" loading=\"lazy\" class=\"alignnone size-full wp-image-657619\" title=\"Nuevo dato estad\u00edstico educativo\" src=\"https:\/\/www.diario5.com.ar\/wp-content\/uploads\/2022\/09\/voz_chaco20220903.jpg\" alt=\"Nuevo dato estad\u00edstico educativo\" width=\"816\" height=\"950\" srcset=\"https:\/\/www.diario5.com.ar\/wp-content\/uploads\/2022\/09\/voz_chaco20220903.jpg 816w, https:\/\/www.diario5.com.ar\/wp-content\/uploads\/2022\/09\/voz_chaco20220903-258x300.jpg 258w, https:\/\/www.diario5.com.ar\/wp-content\/uploads\/2022\/09\/voz_chaco20220903-768x894.jpg 768w\" sizes=\"(max-width: 816px) 100vw, 816px\" \/><\/p>\n<p><img decoding=\"async\" loading=\"lazy\" class=\"alignnone size-large wp-image-657620\" title=\"Nuevo dato estad\u00edstico educativo\" src=\"https:\/\/www.diario5.com.ar\/wp-content\/uploads\/2022\/09\/ar_diario_madryn20220903-746x1024.jpg\" alt=\"Nuevo dato estad\u00edstico educativo\" width=\"746\" height=\"1024\" srcset=\"https:\/\/www.diario5.com.ar\/wp-content\/uploads\/2022\/09\/ar_diario_madryn20220903-746x1024.jpg 746w, https:\/\/www.diario5.com.ar\/wp-content\/uploads\/2022\/09\/ar_diario_madryn20220903-218x300.jpg 218w, https:\/\/www.diario5.com.ar\/wp-content\/uploads\/2022\/09\/ar_diario_madryn20220903.jpg 764w\" sizes=\"(max-width: 746px) 100vw, 746px\" \/><\/p>\n<p><img decoding=\"async\" loading=\"lazy\" class=\"alignnone size-large wp-image-657621\" title=\"Nuevo dato estad\u00edstico educativo\" src=\"https:\/\/www.diario5.com.ar\/wp-content\/uploads\/2022\/09\/ar_eldia20220903-683x1024.jpg\" alt=\"Nuevo dato estad\u00edstico educativo\" width=\"683\" height=\"1024\" srcset=\"https:\/\/www.diario5.com.ar\/wp-content\/uploads\/2022\/09\/ar_eldia20220903-683x1024.jpg 683w, https:\/\/www.diario5.com.ar\/wp-content\/uploads\/2022\/09\/ar_eldia20220903-200x300.jpg 200w, https:\/\/www.diario5.com.ar\/wp-content\/uploads\/2022\/09\/ar_eldia20220903-768x1152.jpg 768w, https:\/\/www.diario5.com.ar\/wp-content\/uploads\/2022\/09\/ar_eldia20220903-1024x1536.jpg 1024w, https:\/\/www.diario5.com.ar\/wp-content\/uploads\/2022\/09\/ar_eldia20220903-1365x2048.jpg 1365w, https:\/\/www.diario5.com.ar\/wp-content\/uploads\/2022\/09\/ar_eldia20220903.jpg 1600w\" sizes=\"(max-width: 683px) 100vw, 683px\" \/><\/p>\n<p><img decoding=\"async\" loading=\"lazy\" class=\"alignnone size-large wp-image-657622\" title=\"Nuevo dato estad\u00edstico educativo\" src=\"https:\/\/www.diario5.com.ar\/wp-content\/uploads\/2022\/09\/ar_hoy20220903-810x1024.jpg\" alt=\"Nuevo dato estad\u00edstico educativo\" width=\"810\" height=\"1024\" srcset=\"https:\/\/www.diario5.com.ar\/wp-content\/uploads\/2022\/09\/ar_hoy20220903-810x1024.jpg 810w, https:\/\/www.diario5.com.ar\/wp-content\/uploads\/2022\/09\/ar_hoy20220903-237x300.jpg 237w, https:\/\/www.diario5.com.ar\/wp-content\/uploads\/2022\/09\/ar_hoy20220903-768x971.jpg 768w, https:\/\/www.diario5.com.ar\/wp-content\/uploads\/2022\/09\/ar_hoy20220903.jpg 960w\" sizes=\"(max-width: 810px) 100vw, 810px\" \/><\/p>\n<p><img decoding=\"async\" loading=\"lazy\" class=\"alignnone size-large wp-image-657623\" title=\"Nuevo dato estad\u00edstico educativo\" src=\"https:\/\/www.diario5.com.ar\/wp-content\/uploads\/2022\/09\/ar_litoral20220903-782x1024.jpg\" alt=\"Nuevo dato estad\u00edstico educativo\" width=\"782\" height=\"1024\" srcset=\"https:\/\/www.diario5.com.ar\/wp-content\/uploads\/2022\/09\/ar_litoral20220903-782x1024.jpg 782w, https:\/\/www.diario5.com.ar\/wp-content\/uploads\/2022\/09\/ar_litoral20220903-229x300.jpg 229w, https:\/\/www.diario5.com.ar\/wp-content\/uploads\/2022\/09\/ar_litoral20220903-768x1005.jpg 768w, https:\/\/www.diario5.com.ar\/wp-content\/uploads\/2022\/09\/ar_litoral20220903.jpg 1142w\" sizes=\"(max-width: 782px) 100vw, 782px\" \/><\/p>\n<p><img decoding=\"async\" loading=\"lazy\" class=\"alignnone size-large wp-image-657650\" src=\"https:\/\/www.diario5.com.ar\/wp-content\/uploads\/2022\/09\/ar_heraldo20220903-611x1024.jpg\" width=\"611\" height=\"1024\" alt=\"Nuevo dato estad\u00edstico educativo\" title=\"Nuevo dato estad\u00edstico educativo\" srcset=\"https:\/\/www.diario5.com.ar\/wp-content\/uploads\/2022\/09\/ar_heraldo20220903-611x1024.jpg 611w, https:\/\/www.diario5.com.ar\/wp-content\/uploads\/2022\/09\/ar_heraldo20220903-179x300.jpg 179w, https:\/\/www.diario5.com.ar\/wp-content\/uploads\/2022\/09\/ar_heraldo20220903.jpg 764w\" sizes=\"(max-width: 611px) 100vw, 611px\" \/><\/p>\n<p><img decoding=\"async\" loading=\"lazy\" class=\"alignnone size-large wp-image-657624\" title=\"Nuevo dato estad\u00edstico educativo\" src=\"https:\/\/www.diario5.com.ar\/wp-content\/uploads\/2022\/09\/ar_pagina1220220903-826x1024.jpg\" alt=\"Nuevo dato estad\u00edstico educativo\" width=\"826\" height=\"1024\" srcset=\"https:\/\/www.diario5.com.ar\/wp-content\/uploads\/2022\/09\/ar_pagina1220220903-826x1024.jpg 826w, https:\/\/www.diario5.com.ar\/wp-content\/uploads\/2022\/09\/ar_pagina1220220903-242x300.jpg 242w, https:\/\/www.diario5.com.ar\/wp-content\/uploads\/2022\/09\/ar_pagina1220220903-768x952.jpg 768w, https:\/\/www.diario5.com.ar\/wp-content\/uploads\/2022\/09\/ar_pagina1220220903-1239x1536.jpg 1239w, https:\/\/www.diario5.com.ar\/wp-content\/uploads\/2022\/09\/ar_pagina1220220903.jpg 1535w\" sizes=\"(max-width: 826px) 100vw, 826px\" \/><\/p>\n<p><img decoding=\"async\" loading=\"lazy\" class=\"alignnone size-large wp-image-657625\" title=\"Nuevo dato estad\u00edstico educativo\" src=\"https:\/\/www.diario5.com.ar\/wp-content\/uploads\/2022\/09\/independiente20220903-732x1024.jpg\" alt=\"Nuevo dato estad\u00edstico educativo\" width=\"732\" height=\"1024\" srcset=\"https:\/\/www.diario5.com.ar\/wp-content\/uploads\/2022\/09\/independiente20220903-732x1024.jpg 732w, https:\/\/www.diario5.com.ar\/wp-content\/uploads\/2022\/09\/independiente20220903-214x300.jpg 214w, https:\/\/www.diario5.com.ar\/wp-content\/uploads\/2022\/09\/independiente20220903-768x1075.jpg 768w, https:\/\/www.diario5.com.ar\/wp-content\/uploads\/2022\/09\/independiente20220903.jpg 814w\" sizes=\"(max-width: 732px) 100vw, 732px\" \/><\/p>\n<p><img decoding=\"async\" loading=\"lazy\" class=\"alignnone size-large wp-image-657651\" src=\"https:\/\/www.diario5.com.ar\/wp-content\/uploads\/2022\/09\/ar_losandes20220903-745x1024.jpg\" width=\"745\" height=\"1024\" alt=\"Nuevo dato estad\u00edstico educativo\" title=\"Nuevo dato estad\u00edstico educativo\" srcset=\"https:\/\/www.diario5.com.ar\/wp-content\/uploads\/2022\/09\/ar_losandes20220903-745x1024.jpg 745w, https:\/\/www.diario5.com.ar\/wp-content\/uploads\/2022\/09\/ar_losandes20220903-218x300.jpg 218w, https:\/\/www.diario5.com.ar\/wp-content\/uploads\/2022\/09\/ar_losandes20220903.jpg 764w\" sizes=\"(max-width: 745px) 100vw, 745px\" \/><\/p>\n<p><img decoding=\"async\" loading=\"lazy\" class=\"alignnone size-full wp-image-657626\" title=\"Nuevo dato estad\u00edstico educativo\" src=\"https:\/\/www.diario5.com.ar\/wp-content\/uploads\/2022\/09\/ar_tribuno20220903.jpg\" alt=\"Nuevo dato estad\u00edstico educativo\" width=\"764\" height=\"1001\" srcset=\"https:\/\/www.diario5.com.ar\/wp-content\/uploads\/2022\/09\/ar_tribuno20220903.jpg 764w, https:\/\/www.diario5.com.ar\/wp-content\/uploads\/2022\/09\/ar_tribuno20220903-229x300.jpg 229w\" sizes=\"(max-width: 764px) 100vw, 764px\" \/><\/p>\n<p><img decoding=\"async\" loading=\"lazy\" class=\"alignnone size-large wp-image-657627\" title=\"Nuevo dato estad\u00edstico educativo\" src=\"https:\/\/www.diario5.com.ar\/wp-content\/uploads\/2022\/09\/ar_rio_negro20220903-679x1024.jpg\" alt=\"Nuevo dato estad\u00edstico educativo\" width=\"679\" height=\"1024\" srcset=\"https:\/\/www.diario5.com.ar\/wp-content\/uploads\/2022\/09\/ar_rio_negro20220903-679x1024.jpg 679w, https:\/\/www.diario5.com.ar\/wp-content\/uploads\/2022\/09\/ar_rio_negro20220903-199x300.jpg 199w, https:\/\/www.diario5.com.ar\/wp-content\/uploads\/2022\/09\/ar_rio_negro20220903-768x1159.jpg 768w, https:\/\/www.diario5.com.ar\/wp-content\/uploads\/2022\/09\/ar_rio_negro20220903-1018x1536.jpg 1018w, https:\/\/www.diario5.com.ar\/wp-content\/uploads\/2022\/09\/ar_rio_negro20220903.jpg 1150w\" sizes=\"(max-width: 679px) 100vw, 679px\" \/><\/p>\n<p><img decoding=\"async\" loading=\"lazy\" class=\"alignnone size-large wp-image-657652\" src=\"https:\/\/www.diario5.com.ar\/wp-content\/uploads\/2022\/09\/ar_diario_cuyo20220903-681x1024.jpg\" width=\"681\" height=\"1024\" alt=\"Nuevo dato estad\u00edstico educativo\" title=\"Nuevo dato estad\u00edstico educativo\" srcset=\"https:\/\/www.diario5.com.ar\/wp-content\/uploads\/2022\/09\/ar_diario_cuyo20220903-681x1024.jpg 681w, https:\/\/www.diario5.com.ar\/wp-content\/uploads\/2022\/09\/ar_diario_cuyo20220903-200x300.jpg 200w, https:\/\/www.diario5.com.ar\/wp-content\/uploads\/2022\/09\/ar_diario_cuyo20220903.jpg 764w\" sizes=\"(max-width: 681px) 100vw, 681px\" \/><\/p>\n<p><img decoding=\"async\" loading=\"lazy\" class=\"alignnone size-large wp-image-657653\" src=\"https:\/\/www.diario5.com.ar\/wp-content\/uploads\/2022\/09\/ar_diario_republica20220903-733x1024.jpg\" width=\"733\" height=\"1024\" alt=\"Nuevo dato estad\u00edstico educativo\" title=\"Nuevo dato estad\u00edstico educativo\" srcset=\"https:\/\/www.diario5.com.ar\/wp-content\/uploads\/2022\/09\/ar_diario_republica20220903-733x1024.jpg 733w, https:\/\/www.diario5.com.ar\/wp-content\/uploads\/2022\/09\/ar_diario_republica20220903-215x300.jpg 215w, https:\/\/www.diario5.com.ar\/wp-content\/uploads\/2022\/09\/ar_diario_republica20220903-768x1073.jpg 768w, https:\/\/www.diario5.com.ar\/wp-content\/uploads\/2022\/09\/ar_diario_republica20220903.jpg 1054w\" sizes=\"(max-width: 733px) 100vw, 733px\" \/><\/p>\n<p><img decoding=\"async\" loading=\"lazy\" class=\"alignnone size-large wp-image-657654\" src=\"https:\/\/www.diario5.com.ar\/wp-content\/uploads\/2022\/09\/ar_litoral_sfe20220903-767x1024.jpg\" width=\"767\" height=\"1024\" alt=\"Nuevo dato estad\u00edstico educativo\" title=\"Nuevo dato estad\u00edstico educativo\" srcset=\"https:\/\/www.diario5.com.ar\/wp-content\/uploads\/2022\/09\/ar_litoral_sfe20220903-767x1024.jpg 767w, https:\/\/www.diario5.com.ar\/wp-content\/uploads\/2022\/09\/ar_litoral_sfe20220903-225x300.jpg 225w, https:\/\/www.diario5.com.ar\/wp-content\/uploads\/2022\/09\/ar_litoral_sfe20220903-768x1025.jpg 768w, https:\/\/www.diario5.com.ar\/wp-content\/uploads\/2022\/09\/ar_litoral_sfe20220903.jpg 1024w\" sizes=\"(max-width: 767px) 100vw, 767px\" \/><\/p>\n<p><img decoding=\"async\" loading=\"lazy\" class=\"alignnone size-large wp-image-657655\" src=\"https:\/\/www.diario5.com.ar\/wp-content\/uploads\/2022\/09\/ar_mirador_provincial20220903-768x1024.jpg\" width=\"768\" height=\"1024\" alt=\"Nuevo dato estad\u00edstico educativo\" title=\"Nuevo dato estad\u00edstico educativo\" srcset=\"https:\/\/www.diario5.com.ar\/wp-content\/uploads\/2022\/09\/ar_mirador_provincial20220903-768x1025.jpg 768w, https:\/\/www.diario5.com.ar\/wp-content\/uploads\/2022\/09\/ar_mirador_provincial20220903-225x300.jpg 225w, https:\/\/www.diario5.com.ar\/wp-content\/uploads\/2022\/09\/ar_mirador_provincial20220903.jpg 1024w\" sizes=\"(max-width: 768px) 100vw, 768px\" \/><\/p>\n<p><img decoding=\"async\" loading=\"lazy\" class=\"alignnone size-large wp-image-657656\" src=\"https:\/\/www.diario5.com.ar\/wp-content\/uploads\/2022\/09\/ar_gaceta20220903-610x1024.jpg\" width=\"610\" height=\"1024\" alt=\"Nuevo dato estad\u00edstico educativo\" title=\"Nuevo dato estad\u00edstico educativo\" srcset=\"https:\/\/www.diario5.com.ar\/wp-content\/uploads\/2022\/09\/ar_gaceta20220903-610x1024.jpg 610w, https:\/\/www.diario5.com.ar\/wp-content\/uploads\/2022\/09\/ar_gaceta20220903-179x300.jpg 179w, https:\/\/www.diario5.com.ar\/wp-content\/uploads\/2022\/09\/ar_gaceta20220903-768x1290.jpg 768w, https:\/\/www.diario5.com.ar\/wp-content\/uploads\/2022\/09\/ar_gaceta20220903-915x1536.jpg 915w, https:\/\/www.diario5.com.ar\/wp-content\/uploads\/2022\/09\/ar_gaceta20220903-1219x2048.jpg 1219w, https:\/\/www.diario5.com.ar\/wp-content\/uploads\/2022\/09\/ar_gaceta20220903.jpg 1429w\" sizes=\"(max-width: 610px) 100vw, 610px\" \/><\/p>\n<p><img decoding=\"async\" loading=\"lazy\" class=\"alignnone size-large wp-image-657628\" title=\"Nuevo dato estad\u00edstico educativo\" src=\"https:\/\/www.diario5.com.ar\/wp-content\/uploads\/2022\/09\/ar_cronica20220903-876x1024.jpg\" alt=\"Nuevo dato estad\u00edstico educativo\" width=\"876\" height=\"1024\" srcset=\"https:\/\/www.diario5.com.ar\/wp-content\/uploads\/2022\/09\/ar_cronica20220903-876x1024.jpg 876w, https:\/\/www.diario5.com.ar\/wp-content\/uploads\/2022\/09\/ar_cronica20220903-257x300.jpg 257w, https:\/\/www.diario5.com.ar\/wp-content\/uploads\/2022\/09\/ar_cronica20220903-768x898.jpg 768w, https:\/\/www.diario5.com.ar\/wp-content\/uploads\/2022\/09\/ar_cronica20220903-1314x1536.jpg 1314w, https:\/\/www.diario5.com.ar\/wp-content\/uploads\/2022\/09\/ar_cronica20220903.jpg 1600w\" sizes=\"(max-width: 876px) 100vw, 876px\" \/><\/p>\n<p><img decoding=\"async\" loading=\"lazy\" class=\"alignnone size-large wp-image-657629\" title=\"Nuevo dato estad\u00edstico educativo\" src=\"https:\/\/www.diario5.com.ar\/wp-content\/uploads\/2022\/09\/ar_clarin20220903-746x1024.jpg\" alt=\"Nuevo dato estad\u00edstico educativo\" width=\"746\" height=\"1024\" srcset=\"https:\/\/www.diario5.com.ar\/wp-content\/uploads\/2022\/09\/ar_clarin20220903-746x1024.jpg 746w, https:\/\/www.diario5.com.ar\/wp-content\/uploads\/2022\/09\/ar_clarin20220903-218x300.jpg 218w, https:\/\/www.diario5.com.ar\/wp-content\/uploads\/2022\/09\/ar_clarin20220903-768x1055.jpg 768w, https:\/\/www.diario5.com.ar\/wp-content\/uploads\/2022\/09\/ar_clarin20220903-1119x1536.jpg 1119w, https:\/\/www.diario5.com.ar\/wp-content\/uploads\/2022\/09\/ar_clarin20220903.jpg 1479w\" sizes=\"(max-width: 746px) 100vw, 746px\" \/><\/p>\n<p><img decoding=\"async\" loading=\"lazy\" class=\"alignnone size-large wp-image-657657\" src=\"https:\/\/www.diario5.com.ar\/wp-content\/uploads\/2022\/09\/nacion20220903-1-682x1024.jpg\" width=\"682\" height=\"1024\" alt=\"Nuevo dato estad\u00edstico educativo\" title=\"Nuevo dato estad\u00edstico educativo\" srcset=\"https:\/\/www.diario5.com.ar\/wp-content\/uploads\/2022\/09\/nacion20220903-1-682x1024.jpg 682w, https:\/\/www.diario5.com.ar\/wp-content\/uploads\/2022\/09\/nacion20220903-1-200x300.jpg 200w, https:\/\/www.diario5.com.ar\/wp-content\/uploads\/2022\/09\/nacion20220903-1.jpg 764w\" sizes=\"(max-width: 682px) 100vw, 682px\" \/><\/p>\n<p><img decoding=\"async\" loading=\"lazy\" class=\"alignnone size-large wp-image-657630\" title=\"Nuevo dato estad\u00edstico educativo\" src=\"https:\/\/www.diario5.com.ar\/wp-content\/uploads\/2022\/09\/nuevo_diario20220903-742x1024.jpg\" alt=\"Nuevo dato estad\u00edstico educativo\" width=\"742\" height=\"1024\" srcset=\"https:\/\/www.diario5.com.ar\/wp-content\/uploads\/2022\/09\/nuevo_diario20220903-742x1024.jpg 742w, https:\/\/www.diario5.com.ar\/wp-content\/uploads\/2022\/09\/nuevo_diario20220903-217x300.jpg 217w, https:\/\/www.diario5.com.ar\/wp-content\/uploads\/2022\/09\/nuevo_diario20220903.jpg 764w\" sizes=\"(max-width: 742px) 100vw, 742px\" \/><\/p>\n<p><img decoding=\"async\" loading=\"lazy\" class=\"alignnone size-full wp-image-657631\" title=\"Nuevo dato estad\u00edstico educativo\" src=\"https:\/\/www.diario5.com.ar\/wp-content\/uploads\/2022\/09\/120220903.jpg\" alt=\"Nuevo dato estad\u00edstico educativo\" width=\"500\" height=\"652\" srcset=\"https:\/\/www.diario5.com.ar\/wp-content\/uploads\/2022\/09\/120220903.jpg 500w, https:\/\/www.diario5.com.ar\/wp-content\/uploads\/2022\/09\/120220903-230x300.jpg 230w\" sizes=\"(max-width: 500px) 100vw, 500px\" \/><\/p>\n<p>&nbsp;<\/p>","protected":false},"excerpt":{"rendered":"<p>Proviene de la Provincia de Buenos Aires. Fue provisto por el propio Ministro. Los detalles. En abril de 2022 nos encontramos con lo \u00faltimo en estad\u00edsticas educativas a nivel nacional. El resultado arrojado por el trabajo que realiz\u00f3 el Observatorio Argentinos por la Educaci\u00f3n dejaba traslucir que s\u00f3lo un 53% de los chicos argentinos que [&hellip;]<\/p>","protected":false},"author":9,"featured_media":657548,"comment_status":"open","ping_status":"open","sticky":false,"template":"","format":"standard","meta":[],"categories":[26,56],"tags":[],"series":[],"_links":{"self":[{"href":"https:\/\/www.diario5.com.ar\/es\/wp-json\/wp\/v2\/posts\/636356"}],"collection":[{"href":"https:\/\/www.diario5.com.ar\/es\/wp-json\/wp\/v2\/posts"}],"about":[{"href":"https:\/\/www.diario5.com.ar\/es\/wp-json\/wp\/v2\/types\/post"}],"author":[{"embeddable":true,"href":"https:\/\/www.diario5.com.ar\/es\/wp-json\/wp\/v2\/users\/9"}],"replies":[{"embeddable":true,"href":"https:\/\/www.diario5.com.ar\/es\/wp-json\/wp\/v2\/comments?post=636356"}],"version-history":[{"count":3,"href":"https:\/\/www.diario5.com.ar\/es\/wp-json\/wp\/v2\/posts\/636356\/revisions"}],"predecessor-version":[{"id":657658,"href":"https:\/\/www.diario5.com.ar\/es\/wp-json\/wp\/v2\/posts\/636356\/revisions\/657658"}],"wp:featuredmedia":[{"embeddable":true,"href":"https:\/\/www.diario5.com.ar\/es\/wp-json\/wp\/v2\/media\/657548"}],"wp:attachment":[{"href":"https:\/\/www.diario5.com.ar\/es\/wp-json\/wp\/v2\/media?parent=636356"}],"wp:term":[{"taxonomy":"category","embeddable":true,"href":"https:\/\/www.diario5.com.ar\/es\/wp-json\/wp\/v2\/categories?post=636356"},{"taxonomy":"post_tag","embeddable":true,"href":"https:\/\/www.diario5.com.ar\/es\/wp-json\/wp\/v2\/tags?post=636356"},{"taxonomy":"series","embeddable":true,"href":"https:\/\/www.diario5.com.ar\/es\/wp-json\/wp\/v2\/series?post=636356"}],"curies":[{"name":"wp","href":"https:\/\/api.w.org\/{rel}","templated":true}]}}