{"id":636329,"date":"2022-08-07T06:50:00","date_gmt":"2022-08-07T09:50:00","guid":{"rendered":"http:\/\/diario5.com.ar\/?p=636329"},"modified":"2022-09-20T16:13:25","modified_gmt":"2022-09-20T19:13:25","slug":"636329","status":"publish","type":"post","link":"https:\/\/www.diario5.com.ar\/es\/636329\/","title":{"rendered":"M\u00e1s demandado que nunca"},"content":{"rendered":"<h2 class=\"sub-title-primary\"><\/h2> <p><img decoding=\"async\" loading=\"lazy\" class=\"alignnone size-full wp-image-656224\" title=\"M\u00e1s demandado que nunca\" src=\"https:\/\/www.diario5.com.ar\/wp-content\/uploads\/2022\/08\/7279820220807.jpg\" alt=\"M\u00e1s demandado que nunca\" width=\"635\" height=\"412\" srcset=\"https:\/\/www.diario5.com.ar\/wp-content\/uploads\/2022\/08\/7279820220807.jpg 635w, https:\/\/www.diario5.com.ar\/wp-content\/uploads\/2022\/08\/7279820220807-300x195.jpg 300w\" sizes=\"(max-width: 635px) 100vw, 635px\" \/><\/p>\n<p>Naci\u00f3 en Vicenza de la noble familia Thiene en 1480 y fue bautizado con el nombre de Gaetano, en memoria de su famoso t\u00edo, llamado as\u00ed por haber nacido en Gaeta.<\/p>\n<p>Graduado en Padua en materias jur\u00eddicas a la edad de 24 a\u00f1os, se dedic\u00f3 al estado eclesi\u00e1stico, sin embargo sin ser ordenado sacerdote, porque no se sent\u00eda digno; al mismo tiempo fundando en la hacienda familiar de Rampazzo, una iglesia dedicada a Santa Mar\u00eda Magdalena, que sigue siendo hoy la parroquia local.<\/p>\n<p>Tras mudarse a Roma en 1506, se convirti\u00f3 inmediatamente en secretario privado del Papa Julio II y ocup\u00f3 el cargo de redactor de las cartas papales, cargo que le dio la oportunidad de conocer y colaborar con muchas personas importantes.<\/p>\n<p>Estamos en el per\u00edodo de esplendor del Renacimiento, que ve a grandes artistas concentrados en Roma, empe\u00f1ados en crear el arte m\u00e1s bello que pudo ofrecer y que a\u00fan hoy el Vaticano y Roma ofrecen a la admiraci\u00f3n del mundo; al mismo tiempo, sin embargo, la vida moral de la curia papal, del pueblo y del clero, en Roma como en otros lugares, ciertamente no brillaba por la santidad de la moral.<\/p>\n<p>Gaetano no se dej\u00f3 deslumbrar por el esplendor de la corte papal, ni se desanim\u00f3 por la miseria moral que vio; repiti\u00f3: \u00abRoma una vez santa es ahora una Babilonia\u00bb; en lugar de huir y retirarse a una ermita, como hombre inteligente y concreto, pas\u00f3 a la acci\u00f3n reformadora, comenzando por s\u00ed mismo; animado por una monja agustina de Brescia, Laura Mignani, que gozaba de reputaci\u00f3n de santidad.<\/p>\n<p>Comenz\u00f3 a asistir a los enfermos en el hospital de San Giacomo, se inscribi\u00f3 en el Oratorio del Divino Amore, asociaci\u00f3n que promet\u00eda reformar la Iglesia desde la base, altern\u00e1ndolo todo con el trabajo en la Curia; tambi\u00e9n en estas actividades conoci\u00f3 a otras personalidades, que ten\u00edan el mismo ideal reformista.<\/p>\n<p>En septiembre de 1516, a la edad de 36 a\u00f1os, acept\u00f3 ser ordenado sacerdote, pero reci\u00e9n en la Navidad de ese a\u00f1o quiso celebrar la primera Misa en la Bas\u00edlica de S. Maria Maggiore. En una carta escrita a Sor Laura Mignani a quien estaba ligado por la devoci\u00f3n filial, Gaetano le confiaba que durante la celebraci\u00f3n de la Misa, la Virgen se le apareci\u00f3 y coloc\u00f3 al Ni\u00f1o Jes\u00fas en sus brazos; por ello se le representa en im\u00e1genes art\u00edsticas y devocionales con el Ni\u00f1o Jes\u00fas en brazos.<\/p>\n<p>De regreso al V\u00e9neto, en 1520 fund\u00f3 el Hospital de los Incurables en la Giudecca de Venecia. Incansable en su ardor de apostolado y de ayuda a los dem\u00e1s, volvi\u00f3 a Roma y en 1523 junto con otros tres compa\u00f1eros: Bonifacio Colli, Paolo Consiglioeri, Giampiero Carafa (obispo de Chieti, m\u00e1s tarde ser\u00eda Papa con el nombre de Pablo IV)  y obtuvo del Papa Clemente VII, la autorizaci\u00f3n para fundar la \u00abCongregaci\u00f3n de Cl\u00e9rigos Regulares\u00bb m\u00e1s tarde llamados Teatinos, con la tarea espec\u00edfica de la vida en com\u00fan y al servicio de Dios hacia los dem\u00e1s hermanos.<\/p>\n<p>El nombre Teatini deriva del antiguo nombre de Chieti (Teate), del cual uno de los fundadores, Carafa, fue su obispo. La inspiraci\u00f3n que sinti\u00f3 urgente fue la de formar y dar a la Iglesia sacerdotes que vivieran la norma primitiva de la vida apost\u00f3lica, por lo que no se apresur\u00f3 a redactar una Regla, porque \u00e9sta ten\u00eda que ser el santo Evangelio, le\u00eddo y meditado. cada mes, para reflejarse en \u00e9l.<\/p>\n<p>En efecto, las constituciones de la Orden no se promulgaron hasta 1604. Sus cl\u00e9rigos no deben tener nada y ni siquiera pueden pedir limosna, deben contentarse con lo que los fieles ofrecen espont\u00e1neamente y con lo que la Providencia env\u00eda a sus hijos; con las palabras de Jes\u00fas siempre presentes: \u00abBuscad primero el reino de Dios y su justicia y todas estas cosas os ser\u00e1n a\u00f1adidas\u00bb.<br \/>\nEn 1527 se produjo el feroz &#8216;Saqueo de Roma&#8217; por parte de los mercenarios Lanzichenecchi, el Papa Clemente VII de la familia florentina de&#8217; Medici, se vio obligado a refugiarse en Castel Santangelo defendido por el Cuerpo de la Guardia Suiza, que sufri\u00f3 fuertes bajas en la enfrentamientos<\/p>\n<p>Tambi\u00e9n S. Gaetano da Thiene, como muchos otros religiosos, fue torturado por los Lanzichenecchi y encarcelado en la Torre del Reloj del Vaticano; logr\u00f3 liberarse, se refugi\u00f3 en Venecia con los compa\u00f1eros de la Instituci\u00f3n.<\/p>\n<p>Permaneci\u00f3 en el V\u00e9neto hasta 1531, fundando, asistiendo y consolidando todas las casas de la nueva Orden con las correspondientes obras asistenciales; acept\u00f3 la invitaci\u00f3n del famoso tip\u00f3grafo veneciano Paganino Paganini, para que los Padres Teatinos se educaran en el nuevo y revolucionario arte de la impresi\u00f3n tipogr\u00e1fica, inventado en 1438 por el alem\u00e1n Giovanni Gutenberg.<\/p>\n<p>En 1533 a instancias del Papa Clemente VII, el beato Giovanni Marinoni se traslada con su colaborador al Virreinato de N\u00e1poles, instal\u00e1ndose primero en el Hospital de los Incurables, fundado en ese momento por la noble espa\u00f1ola Mar\u00eda Lorenza Longo, junto con un convento de monjas. .instituciones enclaustradas, llamadas &#8216;le Trentatr\u00e8&#8217;, que todav\u00eda funcionan felizmente hoy en d\u00eda; y luego en la Bas\u00edlica de S. Paolo Maggiore ubicada en el coraz\u00f3n del centro hist\u00f3rico de N\u00e1poles, en la ciudad greco-romana.<\/p>\n<p>Su polifac\u00e9tica actividad transcurri\u00f3 en N\u00e1poles hasta su muerte; fund\u00f3 hospicios para ancianos, fortaleci\u00f3 el Ospedale degli Incurabili, fund\u00f3 los Monti di Piet\u00e0, a partir de los cuales se construy\u00f3 el Banco di Napoli, la instituci\u00f3n bancaria m\u00e1s grande del Sur, en 1539; suscit\u00f3 en el pueblo la asidua frecuencia de los sacramentos, estuvo cerca de ellos durante las hambrunas y las recurrentes epidemias como la del c\u00f3lera, que asolaron la ciudad en ese per\u00edodo, agitada tambi\u00e9n por sangrientas revueltas.<br \/>\nIr\u00f3nicamente, fue el cofundador teatino Giampiero Carafa, quien se convirti\u00f3 en el Papa Pablo IV, quien permiti\u00f3 que se usaran m\u00e9todos diametralmente opuestos al esp\u00edritu de la Congregaci\u00f3n Teatina, esencialmente apacibles, permisivos, respetuosos de otras ideas.<\/p>\n<p>Y cuando las autoridades civiles quisieron establecer el tribunal de la Inquisici\u00f3n en el Virreinato de N\u00e1poles, el pueblo napolitano (\u00fanico pueblo que lo hizo en la triste historia de la Inquisici\u00f3n en Europa) se rebel\u00f3; la represi\u00f3n espa\u00f1ola fue violenta y 250 napolitanos fueron asesinados, por defender un principio de libertad.<\/p>\n<p>Gaetano en ese triste momento, hizo todo lo posible para evitar la masacre y al darse cuenta de que su voz no era escuchada, ofreci\u00f3 su vida a Dios a cambio de la paz; muri\u00f3 en N\u00e1poles el 7 de agosto de 1547 a la edad de 66 a\u00f1os, consumido por las penalidades y preocupaciones y dos meses despu\u00e9s de la paz regres\u00f3 a la ciudad napolitana.<\/p>\n<p>La obra que m\u00e1s le hab\u00eda preocupado en su vida fue sin duda la reforma de la Iglesia, a diferencia del contempor\u00e1neo Mart\u00edn Lutero, \u00e9l realiz\u00f3 su reforma de abajo hacia arriba, formando el clero y dedic\u00e1ndose al apostolado entre los pobres, los despose\u00eddos. y los enfermos, especialmente si son abandonados.<\/p>\n<p>A los que le se\u00f1alaban que los napolitanos no pod\u00edan ser tan generosos en la ayuda como los ricos venecianos, les respond\u00eda: \u00abAs\u00ed sea, pero el Dios de Venecia es tambi\u00e9n el Dios de N\u00e1poles\u00bb.<\/p>\n<p>El pueblo napolitano nunca ha olvidado esta Vicenza de Thiene, que vino a entregarse a ellos hasta morir de cansancio y tensi\u00f3n, en una asistencia constante e incansable. La plaza frente a la Bas\u00edlica de S. Paolo Maggiore lleva su nombre, pero la misma bas\u00edlica, que durante siglos fue la sede de la Orden, ahora es llamada por todos de S. Caetano; su cuerpo junto con el del beato Marinoni, el beato Paolo Burali y otros venerables teatinos es depositado en la cripta monumental, que tiene acceso directo a la plaza y es meta de continua devoci\u00f3n de la gente del hist\u00f3rico y populoso distrito.<\/p>\n<p>En la plaza, como en otras zonas de N\u00e1poles, hay una gran estatua que lo representa; durante siglos ha sido nombrado copatrono de N\u00e1poles. El suyo es uno de los nombres m\u00e1s utilizados para imponerse a los hijos de los napolitanos y de toda la provincia. Fue beatificado el 23 de noviembre de 1624 por el Papa Urbano VIII y canonizado el 12 de abril de 1671 por el Papa Clemente X.<\/p>\n<p>San Gaetano da Thiene es el testimonio de cu\u00e1nto la Iglesia a lo largo de los siglos, a trav\u00e9s de sus hijos, ha estado siempre a la vanguardia y muy por delante del poder secular, en la creaci\u00f3n, invenci\u00f3n y gesti\u00f3n de obras de asistencia en todas sus formas para el pueblo. , especialmente donde hay sufrimiento. As\u00ed que aqu\u00ed est\u00e1n los Monti di Piet\u00e0 para pr\u00e9stamos y donaciones justas, el establecimiento de hospitales, orfanatos, hospicios, hospitales de leprosos, etc. a lo que ayer como hoy los gobernantes m\u00e1s prudentes y no hostiles han dado su consentimiento o continuaci\u00f3n, aunque a veces a distancia durante mucho tiempo.<\/p>\n<p><img decoding=\"async\" loading=\"lazy\" class=\"alignnone size-large wp-image-656248\" title=\"M\u00e1s demandado que nunca\" src=\"https:\/\/www.diario5.com.ar\/wp-content\/uploads\/2022\/08\/la_capital20220807.jpg\" alt=\"M\u00e1s demandado que nunca\" width=\"757\" height=\"1024\" srcset=\"https:\/\/www.diario5.com.ar\/wp-content\/uploads\/2022\/08\/la_capital20220807.jpg 1774w, https:\/\/www.diario5.com.ar\/wp-content\/uploads\/2022\/08\/la_capital20220807-222x300.jpg 222w, https:\/\/www.diario5.com.ar\/wp-content\/uploads\/2022\/08\/la_capital20220807-757x1024.jpg 757w, https:\/\/www.diario5.com.ar\/wp-content\/uploads\/2022\/08\/la_capital20220807-768x1039.jpg 768w, https:\/\/www.diario5.com.ar\/wp-content\/uploads\/2022\/08\/la_capital20220807-1135x1536.jpg 1135w, https:\/\/www.diario5.com.ar\/wp-content\/uploads\/2022\/08\/la_capital20220807-1514x2048.jpg 1514w\" sizes=\"(max-width: 757px) 100vw, 757px\" \/><\/p>\n<p><img decoding=\"async\" loading=\"lazy\" class=\"alignnone size-large wp-image-656249\" title=\"M\u00e1s demandado que nunca\" src=\"https:\/\/www.diario5.com.ar\/wp-content\/uploads\/2022\/08\/ar_nueva_provincia20220807-731x1024.jpg\" alt=\"M\u00e1s demandado que nunca\" width=\"731\" height=\"1024\" srcset=\"https:\/\/www.diario5.com.ar\/wp-content\/uploads\/2022\/08\/ar_nueva_provincia20220807-731x1024.jpg 731w, https:\/\/www.diario5.com.ar\/wp-content\/uploads\/2022\/08\/ar_nueva_provincia20220807-214x300.jpg 214w, https:\/\/www.diario5.com.ar\/wp-content\/uploads\/2022\/08\/ar_nueva_provincia20220807.jpg 764w\" sizes=\"(max-width: 731px) 100vw, 731px\" \/><\/p>\n<p>&nbsp;<\/p>\n<p><img decoding=\"async\" loading=\"lazy\" class=\"alignnone size-full wp-image-656250\" title=\"M\u00e1s demandado que nunca\" src=\"https:\/\/www.diario5.com.ar\/wp-content\/uploads\/2022\/08\/voz_chaco20220807.jpg\" alt=\"M\u00e1s demandado que nunca\" width=\"816\" height=\"951\" srcset=\"https:\/\/www.diario5.com.ar\/wp-content\/uploads\/2022\/08\/voz_chaco20220807.jpg 816w, https:\/\/www.diario5.com.ar\/wp-content\/uploads\/2022\/08\/voz_chaco20220807-257x300.jpg 257w, https:\/\/www.diario5.com.ar\/wp-content\/uploads\/2022\/08\/voz_chaco20220807-768x895.jpg 768w\" sizes=\"(max-width: 816px) 100vw, 816px\" \/><\/p>\n<p>&nbsp;<\/p>\n<p><img decoding=\"async\" loading=\"lazy\" class=\"alignnone size-large wp-image-656251\" title=\"M\u00e1s demandado que nunca\" src=\"https:\/\/www.diario5.com.ar\/wp-content\/uploads\/2022\/08\/ar_eldia20220807.jpg\" alt=\"M\u00e1s demandado que nunca\" width=\"688\" height=\"1024\" srcset=\"https:\/\/www.diario5.com.ar\/wp-content\/uploads\/2022\/08\/ar_eldia20220807.jpg 1407w, https:\/\/www.diario5.com.ar\/wp-content\/uploads\/2022\/08\/ar_eldia20220807-201x300.jpg 201w, https:\/\/www.diario5.com.ar\/wp-content\/uploads\/2022\/08\/ar_eldia20220807-688x1024.jpg 688w, https:\/\/www.diario5.com.ar\/wp-content\/uploads\/2022\/08\/ar_eldia20220807-768x1144.jpg 768w, https:\/\/www.diario5.com.ar\/wp-content\/uploads\/2022\/08\/ar_eldia20220807-1032x1536.jpg 1032w, https:\/\/www.diario5.com.ar\/wp-content\/uploads\/2022\/08\/ar_eldia20220807-1375x2048.jpg 1375w\" sizes=\"(max-width: 688px) 100vw, 688px\" \/><\/p>\n<p><img decoding=\"async\" loading=\"lazy\" class=\"alignnone size-large wp-image-656225\" title=\"M\u00e1s demandado que nunca\" src=\"https:\/\/www.diario5.com.ar\/wp-content\/uploads\/2022\/08\/ar_hoy20220807.jpg\" alt=\"M\u00e1s demandado que nunca\" width=\"775\" height=\"1024\" srcset=\"https:\/\/www.diario5.com.ar\/wp-content\/uploads\/2022\/08\/ar_hoy20220807.jpg 960w, https:\/\/www.diario5.com.ar\/wp-content\/uploads\/2022\/08\/ar_hoy20220807-227x300.jpg 227w, https:\/\/www.diario5.com.ar\/wp-content\/uploads\/2022\/08\/ar_hoy20220807-775x1024.jpg 775w, https:\/\/www.diario5.com.ar\/wp-content\/uploads\/2022\/08\/ar_hoy20220807-768x1015.jpg 768w\" sizes=\"(max-width: 775px) 100vw, 775px\" \/><\/p>\n<p>&nbsp;<\/p>\n<p><img decoding=\"async\" loading=\"lazy\" class=\"alignnone size-large wp-image-656226\" title=\"M\u00e1s demandado que nunca\" src=\"https:\/\/www.diario5.com.ar\/wp-content\/uploads\/2022\/08\/ar_litoral20220807.jpg\" alt=\"M\u00e1s demandado que nunca\" width=\"771\" height=\"1024\" srcset=\"https:\/\/www.diario5.com.ar\/wp-content\/uploads\/2022\/08\/ar_litoral20220807.jpg 1126w, https:\/\/www.diario5.com.ar\/wp-content\/uploads\/2022\/08\/ar_litoral20220807-226x300.jpg 226w, https:\/\/www.diario5.com.ar\/wp-content\/uploads\/2022\/08\/ar_litoral20220807-771x1024.jpg 771w, https:\/\/www.diario5.com.ar\/wp-content\/uploads\/2022\/08\/ar_litoral20220807-768x1020.jpg 768w\" sizes=\"(max-width: 771px) 100vw, 771px\" \/><\/p>\n<p>&nbsp;<\/p>\n<p><img decoding=\"async\" loading=\"lazy\" class=\"alignnone size-large wp-image-656227\" title=\"M\u00e1s demandado que nunca\" src=\"https:\/\/www.diario5.com.ar\/wp-content\/uploads\/2022\/08\/ar_pagina1220220807.jpg\" alt=\"M\u00e1s demandado que nunca\" width=\"812\" height=\"1024\" srcset=\"https:\/\/www.diario5.com.ar\/wp-content\/uploads\/2022\/08\/ar_pagina1220220807.jpg 1527w, https:\/\/www.diario5.com.ar\/wp-content\/uploads\/2022\/08\/ar_pagina1220220807-238x300.jpg 238w, https:\/\/www.diario5.com.ar\/wp-content\/uploads\/2022\/08\/ar_pagina1220220807-812x1024.jpg 812w, https:\/\/www.diario5.com.ar\/wp-content\/uploads\/2022\/08\/ar_pagina1220220807-768x969.jpg 768w, https:\/\/www.diario5.com.ar\/wp-content\/uploads\/2022\/08\/ar_pagina1220220807-1218x1536.jpg 1218w\" sizes=\"(max-width: 812px) 100vw, 812px\" \/><\/p>\n<p>&nbsp;<\/p>\n<p><img decoding=\"async\" loading=\"lazy\" class=\"alignnone size-large wp-image-656228\" title=\"M\u00e1s demandado que nunca\" src=\"https:\/\/www.diario5.com.ar\/wp-content\/uploads\/2022\/08\/independiente20220807-734x1024.jpg\" alt=\"M\u00e1s demandado que nunca\" width=\"734\" height=\"1024\" srcset=\"https:\/\/www.diario5.com.ar\/wp-content\/uploads\/2022\/08\/independiente20220807-734x1024.jpg 734w, https:\/\/www.diario5.com.ar\/wp-content\/uploads\/2022\/08\/independiente20220807-215x300.jpg 215w, https:\/\/www.diario5.com.ar\/wp-content\/uploads\/2022\/08\/independiente20220807-768x1072.jpg 768w, https:\/\/www.diario5.com.ar\/wp-content\/uploads\/2022\/08\/independiente20220807.jpg 814w\" sizes=\"(max-width: 734px) 100vw, 734px\" \/><\/p>\n<p>&nbsp;<\/p>\n<p><img decoding=\"async\" loading=\"lazy\" class=\"alignnone size-large wp-image-656252\" title=\"M\u00e1s demandado que nunca\" src=\"https:\/\/www.diario5.com.ar\/wp-content\/uploads\/2022\/08\/ar_losandes20220807.jpg\" alt=\"M\u00e1s demandado que nunca\" width=\"742\" height=\"1024\" srcset=\"https:\/\/www.diario5.com.ar\/wp-content\/uploads\/2022\/08\/ar_losandes20220807.jpg 764w, https:\/\/www.diario5.com.ar\/wp-content\/uploads\/2022\/08\/ar_losandes20220807-217x300.jpg 217w, https:\/\/www.diario5.com.ar\/wp-content\/uploads\/2022\/08\/ar_losandes20220807-742x1024.jpg 742w\" sizes=\"(max-width: 742px) 100vw, 742px\" \/><\/p>\n<p>&nbsp;<\/p>\n<p><img decoding=\"async\" loading=\"lazy\" class=\"alignnone size-large wp-image-656253\" title=\"M\u00e1s demandado que nunca\" src=\"https:\/\/www.diario5.com.ar\/wp-content\/uploads\/2022\/08\/ar_rio_negro20220807.jpg\" alt=\"M\u00e1s demandado que nunca\" width=\"680\" height=\"1024\" srcset=\"https:\/\/www.diario5.com.ar\/wp-content\/uploads\/2022\/08\/ar_rio_negro20220807.jpg 1152w, https:\/\/www.diario5.com.ar\/wp-content\/uploads\/2022\/08\/ar_rio_negro20220807-199x300.jpg 199w, https:\/\/www.diario5.com.ar\/wp-content\/uploads\/2022\/08\/ar_rio_negro20220807-680x1024.jpg 680w, https:\/\/www.diario5.com.ar\/wp-content\/uploads\/2022\/08\/ar_rio_negro20220807-768x1157.jpg 768w, https:\/\/www.diario5.com.ar\/wp-content\/uploads\/2022\/08\/ar_rio_negro20220807-1020x1536.jpg 1020w\" sizes=\"(max-width: 680px) 100vw, 680px\" \/><\/p>\n<p><img decoding=\"async\" loading=\"lazy\" class=\"alignnone size-large wp-image-656229\" title=\"M\u00e1s demandado que nunca\" src=\"https:\/\/www.diario5.com.ar\/wp-content\/uploads\/2022\/08\/ar_diario_cuyo20220807-681x1024.jpg\" alt=\"M\u00e1s demandado que nunca\" width=\"681\" height=\"1024\" srcset=\"https:\/\/www.diario5.com.ar\/wp-content\/uploads\/2022\/08\/ar_diario_cuyo20220807-681x1024.jpg 681w, https:\/\/www.diario5.com.ar\/wp-content\/uploads\/2022\/08\/ar_diario_cuyo20220807-200x300.jpg 200w, https:\/\/www.diario5.com.ar\/wp-content\/uploads\/2022\/08\/ar_diario_cuyo20220807.jpg 764w\" sizes=\"(max-width: 681px) 100vw, 681px\" \/><\/p>\n<p><img decoding=\"async\" loading=\"lazy\" class=\"alignnone size-large wp-image-656254\" title=\"M\u00e1s demandado que nunca\" src=\"https:\/\/www.diario5.com.ar\/wp-content\/uploads\/2022\/08\/ar_diario_republica20220807.jpg\" alt=\"M\u00e1s demandado que nunca\" width=\"726\" height=\"1024\" srcset=\"https:\/\/www.diario5.com.ar\/wp-content\/uploads\/2022\/08\/ar_diario_republica20220807.jpg 1054w, https:\/\/www.diario5.com.ar\/wp-content\/uploads\/2022\/08\/ar_diario_republica20220807-213x300.jpg 213w, https:\/\/www.diario5.com.ar\/wp-content\/uploads\/2022\/08\/ar_diario_republica20220807-726x1024.jpg 726w, https:\/\/www.diario5.com.ar\/wp-content\/uploads\/2022\/08\/ar_diario_republica20220807-768x1083.jpg 768w\" sizes=\"(max-width: 726px) 100vw, 726px\" \/><\/p>\n<p><img decoding=\"async\" loading=\"lazy\" class=\"alignnone size-large wp-image-656255\" title=\"M\u00e1s demandado que nunca\" src=\"https:\/\/www.diario5.com.ar\/wp-content\/uploads\/2022\/08\/ar_litoral_sfe20220807.jpg\" alt=\"M\u00e1s demandado que nunca\" width=\"767\" height=\"1024\" srcset=\"https:\/\/www.diario5.com.ar\/wp-content\/uploads\/2022\/08\/ar_litoral_sfe20220807.jpg 1024w, https:\/\/www.diario5.com.ar\/wp-content\/uploads\/2022\/08\/ar_litoral_sfe20220807-225x300.jpg 225w, https:\/\/www.diario5.com.ar\/wp-content\/uploads\/2022\/08\/ar_litoral_sfe20220807-767x1024.jpg 767w, https:\/\/www.diario5.com.ar\/wp-content\/uploads\/2022\/08\/ar_litoral_sfe20220807-768x1025.jpg 768w\" sizes=\"(max-width: 767px) 100vw, 767px\" \/><\/p>\n<p>&nbsp;<\/p>\n<p><img decoding=\"async\" loading=\"lazy\" class=\"alignnone size-large wp-image-656256\" title=\"M\u00e1s demandado que nunca\" src=\"https:\/\/www.diario5.com.ar\/wp-content\/uploads\/2022\/08\/ar_mirador_provincial20220807.jpg\" alt=\"M\u00e1s demandado que nunca\" width=\"763\" height=\"1024\" srcset=\"https:\/\/www.diario5.com.ar\/wp-content\/uploads\/2022\/08\/ar_mirador_provincial20220807.jpg 1024w, https:\/\/www.diario5.com.ar\/wp-content\/uploads\/2022\/08\/ar_mirador_provincial20220807-223x300.jpg 223w, https:\/\/www.diario5.com.ar\/wp-content\/uploads\/2022\/08\/ar_mirador_provincial20220807-763x1024.jpg 763w, https:\/\/www.diario5.com.ar\/wp-content\/uploads\/2022\/08\/ar_mirador_provincial20220807-768x1031.jpg 768w\" sizes=\"(max-width: 763px) 100vw, 763px\" \/><\/p>\n<p><img decoding=\"async\" loading=\"lazy\" class=\"alignnone size-large wp-image-656230\" title=\"M\u00e1s demandado que nunca\" src=\"https:\/\/www.diario5.com.ar\/wp-content\/uploads\/2022\/08\/ar_gaceta20220807.jpg\" alt=\"M\u00e1s demandado que nunca\" width=\"625\" height=\"1024\" srcset=\"https:\/\/www.diario5.com.ar\/wp-content\/uploads\/2022\/08\/ar_gaceta20220807.jpg 1464w, https:\/\/www.diario5.com.ar\/wp-content\/uploads\/2022\/08\/ar_gaceta20220807-183x300.jpg 183w, https:\/\/www.diario5.com.ar\/wp-content\/uploads\/2022\/08\/ar_gaceta20220807-625x1024.jpg 625w, https:\/\/www.diario5.com.ar\/wp-content\/uploads\/2022\/08\/ar_gaceta20220807-768x1259.jpg 768w, https:\/\/www.diario5.com.ar\/wp-content\/uploads\/2022\/08\/ar_gaceta20220807-937x1536.jpg 937w, https:\/\/www.diario5.com.ar\/wp-content\/uploads\/2022\/08\/ar_gaceta20220807-1249x2048.jpg 1249w\" sizes=\"(max-width: 625px) 100vw, 625px\" \/><\/p>\n<p><img decoding=\"async\" loading=\"lazy\" class=\"alignnone size-large wp-image-656231\" title=\"M\u00e1s demandado que nunca\" src=\"https:\/\/www.diario5.com.ar\/wp-content\/uploads\/2022\/08\/ar_cronica20220807.jpg\" alt=\"M\u00e1s demandado que nunca\" width=\"863\" height=\"1024\" srcset=\"https:\/\/www.diario5.com.ar\/wp-content\/uploads\/2022\/08\/ar_cronica20220807.jpg 1584w, https:\/\/www.diario5.com.ar\/wp-content\/uploads\/2022\/08\/ar_cronica20220807-253x300.jpg 253w, https:\/\/www.diario5.com.ar\/wp-content\/uploads\/2022\/08\/ar_cronica20220807-863x1024.jpg 863w, https:\/\/www.diario5.com.ar\/wp-content\/uploads\/2022\/08\/ar_cronica20220807-768x911.jpg 768w, https:\/\/www.diario5.com.ar\/wp-content\/uploads\/2022\/08\/ar_cronica20220807-1295x1536.jpg 1295w\" sizes=\"(max-width: 863px) 100vw, 863px\" \/><\/p>\n<p><img decoding=\"async\" loading=\"lazy\" class=\"alignnone size-large wp-image-656232\" title=\"M\u00e1s demandado que nunca\" src=\"https:\/\/www.diario5.com.ar\/wp-content\/uploads\/2022\/08\/ar_clarin20220807.jpg\" alt=\"M\u00e1s demandado que nunca\" width=\"742\" height=\"1024\" srcset=\"https:\/\/www.diario5.com.ar\/wp-content\/uploads\/2022\/08\/ar_clarin20220807.jpg 1472w, https:\/\/www.diario5.com.ar\/wp-content\/uploads\/2022\/08\/ar_clarin20220807-217x300.jpg 217w, https:\/\/www.diario5.com.ar\/wp-content\/uploads\/2022\/08\/ar_clarin20220807-742x1024.jpg 742w, https:\/\/www.diario5.com.ar\/wp-content\/uploads\/2022\/08\/ar_clarin20220807-768x1060.jpg 768w, https:\/\/www.diario5.com.ar\/wp-content\/uploads\/2022\/08\/ar_clarin20220807-1113x1536.jpg 1113w\" sizes=\"(max-width: 742px) 100vw, 742px\" \/><\/p>\n<p><img decoding=\"async\" loading=\"lazy\" class=\"alignnone size-large wp-image-656257\" title=\"M\u00e1s demandado que nunca\" src=\"https:\/\/www.diario5.com.ar\/wp-content\/uploads\/2022\/08\/nacion20220807.jpg\" alt=\"M\u00e1s demandado que nunca\" width=\"681\" height=\"1024\" \/><\/p>\n<p>&nbsp;<\/p>\n<p><img decoding=\"async\" loading=\"lazy\" class=\"alignnone size-large wp-image-656233\" title=\"M\u00e1s demandado que nunca\" src=\"https:\/\/www.diario5.com.ar\/wp-content\/uploads\/2022\/08\/nuevo_diario20220807-747x1024.jpg\" alt=\"M\u00e1s demandado que nunca\" width=\"747\" height=\"1024\" srcset=\"https:\/\/www.diario5.com.ar\/wp-content\/uploads\/2022\/08\/nuevo_diario20220807-747x1024.jpg 747w, https:\/\/www.diario5.com.ar\/wp-content\/uploads\/2022\/08\/nuevo_diario20220807-219x300.jpg 219w, https:\/\/www.diario5.com.ar\/wp-content\/uploads\/2022\/08\/nuevo_diario20220807.jpg 764w\" sizes=\"(max-width: 747px) 100vw, 747px\" \/><\/p>\n<p><img decoding=\"async\" loading=\"lazy\" class=\"alignnone size-large wp-image-656234\" title=\"M\u00e1s demandado que nunca\" src=\"https:\/\/www.diario5.com.ar\/wp-content\/uploads\/2022\/08\/ar_sureno20220807-781x1024.jpg\" alt=\"M\u00e1s demandado que nunca\" width=\"781\" height=\"1024\" srcset=\"https:\/\/www.diario5.com.ar\/wp-content\/uploads\/2022\/08\/ar_sureno20220807-781x1024.jpg 781w, https:\/\/www.diario5.com.ar\/wp-content\/uploads\/2022\/08\/ar_sureno20220807-229x300.jpg 229w, https:\/\/www.diario5.com.ar\/wp-content\/uploads\/2022\/08\/ar_sureno20220807-768x1007.jpg 768w, https:\/\/www.diario5.com.ar\/wp-content\/uploads\/2022\/08\/ar_sureno20220807.jpg 1038w\" sizes=\"(max-width: 781px) 100vw, 781px\" \/><\/p>\n<p>&nbsp;<\/p>","protected":false},"excerpt":{"rendered":"<p>Naci\u00f3 en Vicenza de la noble familia Thiene en 1480 y fue bautizado con el nombre de Gaetano, en memoria de su famoso t\u00edo, llamado as\u00ed por haber nacido en Gaeta. Graduado en Padua en materias jur\u00eddicas a la edad de 24 a\u00f1os, se dedic\u00f3 al estado eclesi\u00e1stico, sin embargo sin ser ordenado sacerdote, porque [&hellip;]<\/p>","protected":false},"author":25,"featured_media":656224,"comment_status":"open","ping_status":"open","sticky":false,"template":"","format":"standard","meta":[],"categories":[44,452,56],"tags":[457,466,462,464,469,461,468,463,460,467,454,470,458,453,455,465,459,456],"series":[],"_links":{"self":[{"href":"https:\/\/www.diario5.com.ar\/es\/wp-json\/wp\/v2\/posts\/636329"}],"collection":[{"href":"https:\/\/www.diario5.com.ar\/es\/wp-json\/wp\/v2\/posts"}],"about":[{"href":"https:\/\/www.diario5.com.ar\/es\/wp-json\/wp\/v2\/types\/post"}],"author":[{"embeddable":true,"href":"https:\/\/www.diario5.com.ar\/es\/wp-json\/wp\/v2\/users\/25"}],"replies":[{"embeddable":true,"href":"https:\/\/www.diario5.com.ar\/es\/wp-json\/wp\/v2\/comments?post=636329"}],"version-history":[{"count":8,"href":"https:\/\/www.diario5.com.ar\/es\/wp-json\/wp\/v2\/posts\/636329\/revisions"}],"predecessor-version":[{"id":658496,"href":"https:\/\/www.diario5.com.ar\/es\/wp-json\/wp\/v2\/posts\/636329\/revisions\/658496"}],"wp:featuredmedia":[{"embeddable":true,"href":"https:\/\/www.diario5.com.ar\/es\/wp-json\/wp\/v2\/media\/656224"}],"wp:attachment":[{"href":"https:\/\/www.diario5.com.ar\/es\/wp-json\/wp\/v2\/media?parent=636329"}],"wp:term":[{"taxonomy":"category","embeddable":true,"href":"https:\/\/www.diario5.com.ar\/es\/wp-json\/wp\/v2\/categories?post=636329"},{"taxonomy":"post_tag","embeddable":true,"href":"https:\/\/www.diario5.com.ar\/es\/wp-json\/wp\/v2\/tags?post=636329"},{"taxonomy":"series","embeddable":true,"href":"https:\/\/www.diario5.com.ar\/es\/wp-json\/wp\/v2\/series?post=636329"}],"curies":[{"name":"wp","href":"https:\/\/api.w.org\/{rel}","templated":true}]}}