{"id":636317,"date":"2022-07-26T06:53:00","date_gmt":"2022-07-26T09:52:00","guid":{"rendered":"http:\/\/diario5.com.ar\/?p=636317"},"modified":"2022-08-05T23:50:22","modified_gmt":"2022-08-06T02:50:22","slug":"636317","status":"publish","type":"post","link":"https:\/\/www.diario5.com.ar\/es\/636317\/","title":{"rendered":"Sumando pedidos de perd\u00f3n"},"content":{"rendered":"<h2 class=\"sub-title-primary\">Y van...<\/h2> <p><img decoding=\"async\" loading=\"lazy\" class=\"alignnone wp-image-655465\" title=\"Sumando pedidos de perd\u00f3n\" src=\"https:\/\/www.diario5.com.ar\/wp-content\/uploads\/2022\/07\/pope-grid-headdress-square64020220726.jpg\" alt=\"Sumando pedidos de perd\u00f3n\" width=\"991\" height=\"991\" srcset=\"https:\/\/www.diario5.com.ar\/wp-content\/uploads\/2022\/07\/pope-grid-headdress-square64020220726.jpg 640w, https:\/\/www.diario5.com.ar\/wp-content\/uploads\/2022\/07\/pope-grid-headdress-square64020220726-300x300.jpg 300w, https:\/\/www.diario5.com.ar\/wp-content\/uploads\/2022\/07\/pope-grid-headdress-square64020220726-150x150.jpg 150w\" sizes=\"(max-width: 991px) 100vw, 991px\" \/><\/p>\n<p>Es que el Papa Francisco ha tomado el toro por las astas en cuanto al sinf\u00edn de situaciones de las que la Iglesia Cat\u00f3lica debe hacerse cargo, ante las evidencias de que durante una historia de m\u00e1s de dos mil a\u00f1os, fue protagonista victimaria de cr\u00edmenes por poder, millones de abusos sexuales de todas las categor\u00edas, persecuci\u00f3n a inconfesos, opresi\u00f3n a pueblos d\u00e9biles, torturas y violaciones a derechos humanos, fomentos ilegales para la enajenaci\u00f3n de bienes a coronas rebeldes a su doctrina, conspiraciones contra gobiernos laicos, complicidades con dictaduras asesinas de sus propios pueblos e innumerables actos de miserable intenci\u00f3n al negociar la m\u00e1s grande de las hipocres\u00edas\u00a0 eclesi\u00e1sticas: las indulgencias pagas.<\/p>\n<p>Lo enumerado, m\u00e1s r\u00edos de tinta que nunca se usaron para escribir lo que se ocult\u00f3, m\u00e1s lo que nos ir\u00e1 sorprendiendo a trav\u00e9s del tiempo -dado que es esperable que en lo que a pecar ostentosamente se refiere, algunos sacerdotes y monjitas expandidos por el mundo, tengan alg\u00fan as en la manga para matizar sus acciones caritativas con alg\u00fan horror- fue, es y ser\u00e1 justificado por un concepto con el que estuvieron acostumbrados a dominar a fieles y s\u00fabditos: en el nombre de Jes\u00fas, el Cristo.<\/p>\n<p>Juan Pablo II fue el primer Papa en agarrar la escoba y empezar a barrer con el cinismo hist\u00f3rico de la c\u00fapula apost\u00f3lica romana, cuando pidi\u00f3 perd\u00f3n por la Cruzadas. En su momento, fue importante. Gusto a poco, claro, pero fue significativo. Aunque cat\u00f3licos y profundamente creyentes, nuestro pensamiento -claramente cercano al de historiadores libres de v\u00ednculos con la Iglesia- fue que el pedido de disculpas del Papa polaco, por lo menos debi\u00f3 haberse repetido hasta alcanzar el n\u00famero de 8 (ocho), equivalente a la cantidad de campa\u00f1as militares de gran envergadura, emprendidas en el Siglo XI, sin contar sus derivaciones, que llevaron a oscur\u00edsimas conductas contra los ajenos al cristianismo, especialmente en Espa\u00f1a, hasta los tiempos de los reyes Cat\u00f3licos (vaya Poder).<br \/>\n<!--googleoff: index--><\/p>\n<p>De manera que las acciones que hoy Francisco emprende con esa misma escoba, es parte de una limpieza absolutamente acorde con la idea de tener un mundo libre de otros problemas que escuchamos a diario: la poluci\u00f3n, las contaminaciones, el hambre y la mala alimentaci\u00f3n, encabezan la lista. Luego vienen el calentamiento global, la desatenci\u00f3n por el exceso de informaci\u00f3n generado por la carrera de la tecnolog\u00eda y tant\u00edsimos inconvenientes que vemos como barrera para el desarrollo humano. Y hay otros. Muchos de ellos tambi\u00e9n se vinculan al comportamiento de otros poderosos frente a otros esclavizados. Se espera, por supuesto, que alguna vez -desgracia mediante, si no, no reaccionan- esos soberbios bajen algunos escaloncitos, como lo hace hoy Francisco en Canad\u00e1 y pueda percibirse alguno de los equilibrios que hace tanto tiempo estamos esperando tener.<\/p>\n<p style=\"text-align: right;\">Carlos Allo<\/p>\n<hr \/>\n<p>La informaci\u00f3n desde Canad\u00e1<\/p>\n<p class=\"live-blog-post-content css-h61jh5 evys1bk0\">MASKWACIS, Alberta \u2014 El Papa Francisco ofreci\u00f3 una amplia disculpa a los pueblos ind\u00edgenas en su tierra natal en Canad\u00e1 el lunes, cumpliendo una demanda cr\u00edtica de muchos de los sobrevivientes de las escuelas residenciales administradas por la iglesia que se convirtieron en espantosos centros de abuso, asimilaci\u00f3n forzada, devastaci\u00f3n cultural y muerte durante m\u00e1s de un siglo.<\/p>\n<p class=\"live-blog-post-content css-h61jh5 evys1bk0\">\u201cHumildemente pido perd\u00f3n por el mal cometido por tantos cristianos contra los pueblos ind\u00edgenas\u201d, dijo Francisco a una gran multitud de ind\u00edgenas, algunos con ropa y tocados tradicionales, en Maskwacis, Alberta,\u00a0 el sitio de una antigua escuela residencial.<\/p>\n<p class=\"live-blog-post-content css-h61jh5 evys1bk0\">El Papa se disculp\u00f3 en un c\u00edrculo pow wow, un anillo cubierto que rodea un espacio abierto utilizado para c\u00edrculos tradicionales de baile y percusi\u00f3n.\u00a0A su alrededor hab\u00eda tipis, fogatas y cabinas etiquetadas como \u00abSalud mental y apoyo cultural\u00bb.<\/p>\n<p class=\"live-blog-post-content css-h61jh5 evys1bk0\">Francis, quien lleg\u00f3 al evento empujado en una silla de ruedas, agreg\u00f3 que sus comentarios estaban destinados a \u201ctodas las comunidades y personas nativas\u201d y dijo que hab\u00eda persistido un sentimiento de \u201cverg\u00fcenza\u201d desde que se disculp\u00f3 con los representantes de los pueblos ind\u00edgenas en abril en el Vaticano.<\/p>\n<p class=\"live-blog-post-content css-h61jh5 evys1bk0\">Dijo que estaba \u201cprofundamente arrepentido\u201d, un comentario que provoc\u00f3 aplausos y gritos de aprobaci\u00f3n, por las formas en que \u201cmuchos cristianos apoyaron la mentalidad colonizadora de los poderes que oprim\u00edan a los pueblos ind\u00edgenas\u201d.<\/p>\n<p class=\"live-blog-post-content css-h61jh5 evys1bk0\">\u00abLo siento\u00bb, continu\u00f3.\u00a0\u201cPido perd\u00f3n, en particular, por la forma en que muchos miembros de la iglesia y de las comunidades religiosas cooperaron, sobre todo a trav\u00e9s de su indiferencia, en los proyectos de destrucci\u00f3n cultural y de asimilaci\u00f3n forzosa promovidos por los gobiernos de la \u00e9poca, que culminaron en la sistema de escuelas residenciales\u201d.<\/p>\n<p class=\"live-blog-post-content css-h61jh5 evys1bk0\">Esas escuelas separaban a los ni\u00f1os de los padres;\u00a0abuso f\u00edsico, sexual y mental infligido;\u00a0lenguas borradas;\u00a0y us\u00f3 el cristianismo como un arma para romper las culturas y comunidades de los pueblos ind\u00edgenas.\u00a0Las iglesias cristianas operaban la mayor\u00eda de las escuelas para el gobierno con \u00f3rdenes cat\u00f3licas responsables del 60 al 70 por ciento de las aproximadamente 130 escuelas, donde murieron miles de ni\u00f1os.<\/p>\n<p class=\"live-blog-post-content css-h61jh5 evys1bk0\">Francisco dijo que era \u00abcorrecto recordar\u00bb en el lugar de tales traumas, incluso a riesgo de abrir viejas heridas.<\/p>\n<p class=\"live-blog-post-content css-h61jh5 evys1bk0\">\u201cEs necesario recordar c\u00f3mo las pol\u00edticas de asimilaci\u00f3n y emancipaci\u00f3n, que incluyeron tambi\u00e9n el sistema de escuelas residenciales, fueron devastadoras para la gente de estas tierras\u201d, dijo y agreg\u00f3: \u201cLes agradezco que me hagan apreciar esto\u201d.<\/p>\n<p class=\"live-blog-post-content css-h61jh5 evys1bk0\">Llam\u00f3 a los abusos a menudo cometidos con celo misionero, un \u201cerror desastroso\u201d que erosion\u00f3 al pueblo, su cultura y valores.<\/p>\n<p class=\"live-blog-post-content css-h61jh5 evys1bk0\">Francis tambi\u00e9n dijo que \u00abpedir perd\u00f3n no es el final del asunto\u00bb y agreg\u00f3 que estaba \u00abtotalmente\u00bb de acuerdo con los esc\u00e9pticos que quer\u00edan acciones.\u00a0Y dijo que esperaba m\u00e1s investigaciones y que se pudieran encontrar \u201cformas concretas\u201d para ayudar a los sobrevivientes a comenzar un camino hacia la curaci\u00f3n y la reconciliaci\u00f3n.<\/p>\n<p class=\"live-blog-post-content css-h61jh5 evys1bk0\">Despu\u00e9s de pronunciar su discurso, que ofreci\u00f3 en espa\u00f1ol y que fue traducido al ingl\u00e9s, el jefe Wilton Littlechild de la Naci\u00f3n Ermineskin Cree, quien hab\u00eda presentado al Papa, lo coloc\u00f3 con un tocado, con plumas blancas sobre sus t\u00fanicas blancas.\u00a0La multitud estall\u00f3 en aplausos.<\/p>\n<p class=\"live-blog-post-content css-h61jh5 evys1bk0\">Cuando Francis termin\u00f3 sus comentarios, muchos de los que lo hab\u00edan escuchado dijeron que estaban satisfechos con su disculpa.<\/p>\n<p class=\"live-blog-post-content css-h61jh5 evys1bk0\">\u201cEra genuino y bueno\u201d, dijo Cam Bird, de 42 a\u00f1os, sobreviviente de una escuela residencial de la reserva Little Red River en Saskatchewan.\u00a0\u201c\u00c9l nos cree\u201d.<\/p>\n<p class=\"live-blog-post-content css-h61jh5 evys1bk0\">Pero otros todav\u00eda estaban haciendo un balance de lo que acababa de suceder despu\u00e9s de tantas generaciones de devastaci\u00f3n y trauma.<\/p>\n<p class=\"live-blog-post-content css-h61jh5 evys1bk0\">\u201cRealmente no lo he digerido todav\u00eda\u201d, dijo Barb Morin, de 64 a\u00f1os, de \u00cele-\u00e0-la-Crosse, Saskatchewan, cuyos padres sufrieron en escuelas residenciales y que vest\u00eda una camiseta que dec\u00eda \u201cSobrevivientes de escuelas residenciales nunca olvidadas\u201d.\u00a0\u201cMe est\u00e1 costando mucho internalizar esto en este momento\u201d.<\/p>\n<div class=\"live-blog-post-signed-bylines css-j3uhc5\"><\/div>\n<p><!--googleon: index--><\/p>\n<p><img decoding=\"async\" loading=\"lazy\" class=\"alignnone size-large wp-image-655466\" title=\"Sumando pedidos de perd\u00f3n\" src=\"https:\/\/www.diario5.com.ar\/wp-content\/uploads\/2022\/07\/ar_diario_madryn20220726-737x1024.jpg\" alt=\"Sumando pedidos de perd\u00f3n\" width=\"737\" height=\"1024\" srcset=\"https:\/\/www.diario5.com.ar\/wp-content\/uploads\/2022\/07\/ar_diario_madryn20220726-737x1024.jpg 737w, https:\/\/www.diario5.com.ar\/wp-content\/uploads\/2022\/07\/ar_diario_madryn20220726-216x300.jpg 216w, https:\/\/www.diario5.com.ar\/wp-content\/uploads\/2022\/07\/ar_diario_madryn20220726.jpg 764w\" sizes=\"(max-width: 737px) 100vw, 737px\" \/><\/p>\n<p><img decoding=\"async\" loading=\"lazy\" class=\"alignnone size-large wp-image-655467\" title=\"Sumando pedidos de perd\u00f3n\" src=\"https:\/\/www.diario5.com.ar\/wp-content\/uploads\/2022\/07\/buenosaires_economico20220726-866x1024.jpg\" alt=\"Sumando pedidos de perd\u00f3n\" width=\"866\" height=\"1024\" srcset=\"https:\/\/www.diario5.com.ar\/wp-content\/uploads\/2022\/07\/buenosaires_economico20220726-866x1024.jpg 866w, https:\/\/www.diario5.com.ar\/wp-content\/uploads\/2022\/07\/buenosaires_economico20220726-254x300.jpg 254w, https:\/\/www.diario5.com.ar\/wp-content\/uploads\/2022\/07\/buenosaires_economico20220726-768x908.jpg 768w, https:\/\/www.diario5.com.ar\/wp-content\/uploads\/2022\/07\/buenosaires_economico20220726-1299x1536.jpg 1299w, https:\/\/www.diario5.com.ar\/wp-content\/uploads\/2022\/07\/buenosaires_economico20220726.jpg 1582w\" sizes=\"(max-width: 866px) 100vw, 866px\" \/><\/p>\n<p><img decoding=\"async\" loading=\"lazy\" class=\"alignnone size-large wp-image-655468\" title=\"Sumando pedidos de perd\u00f3n\" src=\"https:\/\/www.diario5.com.ar\/wp-content\/uploads\/2022\/07\/ar_eldia20220726-689x1024.jpg\" alt=\"Sumando pedidos de perd\u00f3n\" width=\"689\" height=\"1024\" srcset=\"https:\/\/www.diario5.com.ar\/wp-content\/uploads\/2022\/07\/ar_eldia20220726-689x1024.jpg 689w, https:\/\/www.diario5.com.ar\/wp-content\/uploads\/2022\/07\/ar_eldia20220726-202x300.jpg 202w, https:\/\/www.diario5.com.ar\/wp-content\/uploads\/2022\/07\/ar_eldia20220726-768x1141.jpg 768w, https:\/\/www.diario5.com.ar\/wp-content\/uploads\/2022\/07\/ar_eldia20220726-1034x1536.jpg 1034w, https:\/\/www.diario5.com.ar\/wp-content\/uploads\/2022\/07\/ar_eldia20220726-1379x2048.jpg 1379w, https:\/\/www.diario5.com.ar\/wp-content\/uploads\/2022\/07\/ar_eldia20220726.jpg 1616w\" sizes=\"(max-width: 689px) 100vw, 689px\" \/><\/p>\n<p><img decoding=\"async\" loading=\"lazy\" class=\"alignnone size-large wp-image-655469\" title=\"Sumando pedidos de perd\u00f3n\" src=\"https:\/\/www.diario5.com.ar\/wp-content\/uploads\/2022\/07\/ar_hoy20220726-775x1024.jpg\" alt=\"Sumando pedidos de perd\u00f3n\" width=\"775\" height=\"1024\" srcset=\"https:\/\/www.diario5.com.ar\/wp-content\/uploads\/2022\/07\/ar_hoy20220726-775x1024.jpg 775w, https:\/\/www.diario5.com.ar\/wp-content\/uploads\/2022\/07\/ar_hoy20220726-227x300.jpg 227w, https:\/\/www.diario5.com.ar\/wp-content\/uploads\/2022\/07\/ar_hoy20220726-768x1015.jpg 768w, https:\/\/www.diario5.com.ar\/wp-content\/uploads\/2022\/07\/ar_hoy20220726.jpg 960w\" sizes=\"(max-width: 775px) 100vw, 775px\" \/><\/p>\n<p><img decoding=\"async\" loading=\"lazy\" class=\"alignnone size-large wp-image-655470\" title=\"Sumando pedidos de perd\u00f3n\" src=\"https:\/\/www.diario5.com.ar\/wp-content\/uploads\/2022\/07\/ar_litoral20220726-776x1024.jpg\" alt=\"Sumando pedidos de perd\u00f3n\" width=\"776\" height=\"1024\" srcset=\"https:\/\/www.diario5.com.ar\/wp-content\/uploads\/2022\/07\/ar_litoral20220726-776x1024.jpg 776w, https:\/\/www.diario5.com.ar\/wp-content\/uploads\/2022\/07\/ar_litoral20220726-227x300.jpg 227w, https:\/\/www.diario5.com.ar\/wp-content\/uploads\/2022\/07\/ar_litoral20220726-768x1013.jpg 768w, https:\/\/www.diario5.com.ar\/wp-content\/uploads\/2022\/07\/ar_litoral20220726.jpg 1133w\" sizes=\"(max-width: 776px) 100vw, 776px\" \/><\/p>\n<p><img decoding=\"async\" loading=\"lazy\" class=\"alignnone size-large wp-image-655471\" title=\"Sumando pedidos de perd\u00f3n\" src=\"https:\/\/www.diario5.com.ar\/wp-content\/uploads\/2022\/07\/independiente20220726-744x1024.jpg\" alt=\"Sumando pedidos de perd\u00f3n\" width=\"744\" height=\"1024\" srcset=\"https:\/\/www.diario5.com.ar\/wp-content\/uploads\/2022\/07\/independiente20220726-744x1024.jpg 744w, https:\/\/www.diario5.com.ar\/wp-content\/uploads\/2022\/07\/independiente20220726-218x300.jpg 218w, https:\/\/www.diario5.com.ar\/wp-content\/uploads\/2022\/07\/independiente20220726-768x1057.jpg 768w, https:\/\/www.diario5.com.ar\/wp-content\/uploads\/2022\/07\/independiente20220726.jpg 814w\" sizes=\"(max-width: 744px) 100vw, 744px\" \/><\/p>\n<p><img decoding=\"async\" loading=\"lazy\" class=\"alignnone size-large wp-image-655472\" title=\"Sumando pedidos de perd\u00f3n\" src=\"https:\/\/www.diario5.com.ar\/wp-content\/uploads\/2022\/07\/nueva_rioja20220726-724x1024.jpg\" alt=\"Sumando pedidos de perd\u00f3n\" width=\"724\" height=\"1024\" srcset=\"https:\/\/www.diario5.com.ar\/wp-content\/uploads\/2022\/07\/nueva_rioja20220726-724x1024.jpg 724w, https:\/\/www.diario5.com.ar\/wp-content\/uploads\/2022\/07\/nueva_rioja20220726-212x300.jpg 212w, https:\/\/www.diario5.com.ar\/wp-content\/uploads\/2022\/07\/nueva_rioja20220726.jpg 764w\" sizes=\"(max-width: 724px) 100vw, 724px\" \/><\/p>\n<p><img decoding=\"async\" loading=\"lazy\" class=\"alignnone size-large wp-image-655473\" title=\"Sumando pedidos de perd\u00f3n\" src=\"https:\/\/www.diario5.com.ar\/wp-content\/uploads\/2022\/07\/ar_losandes20220726-742x1024.jpg\" alt=\"Sumando pedidos de perd\u00f3n\" width=\"742\" height=\"1024\" srcset=\"https:\/\/www.diario5.com.ar\/wp-content\/uploads\/2022\/07\/ar_losandes20220726-742x1024.jpg 742w, https:\/\/www.diario5.com.ar\/wp-content\/uploads\/2022\/07\/ar_losandes20220726-217x300.jpg 217w, https:\/\/www.diario5.com.ar\/wp-content\/uploads\/2022\/07\/ar_losandes20220726.jpg 764w\" sizes=\"(max-width: 742px) 100vw, 742px\" \/><\/p>\n<p><img decoding=\"async\" loading=\"lazy\" class=\"alignnone size-large wp-image-655474\" title=\"Sumando pedidos de perd\u00f3n\" src=\"https:\/\/www.diario5.com.ar\/wp-content\/uploads\/2022\/07\/ar_rio_negro20220726-683x1024.jpg\" alt=\"Sumando pedidos de perd\u00f3n\" width=\"683\" height=\"1024\" srcset=\"https:\/\/www.diario5.com.ar\/wp-content\/uploads\/2022\/07\/ar_rio_negro20220726-683x1024.jpg 683w, https:\/\/www.diario5.com.ar\/wp-content\/uploads\/2022\/07\/ar_rio_negro20220726-200x300.jpg 200w, https:\/\/www.diario5.com.ar\/wp-content\/uploads\/2022\/07\/ar_rio_negro20220726-768x1151.jpg 768w, https:\/\/www.diario5.com.ar\/wp-content\/uploads\/2022\/07\/ar_rio_negro20220726-1025x1536.jpg 1025w, https:\/\/www.diario5.com.ar\/wp-content\/uploads\/2022\/07\/ar_rio_negro20220726.jpg 1152w\" sizes=\"(max-width: 683px) 100vw, 683px\" \/><\/p>\n<p><img decoding=\"async\" loading=\"lazy\" class=\"alignnone size-full wp-image-655475\" title=\"Sumando pedidos de perd\u00f3n\" src=\"https:\/\/www.diario5.com.ar\/wp-content\/uploads\/2022\/07\/huarpe20220726.jpg\" alt=\"Sumando pedidos de perd\u00f3n\" width=\"764\" height=\"979\" srcset=\"https:\/\/www.diario5.com.ar\/wp-content\/uploads\/2022\/07\/huarpe20220726.jpg 764w, https:\/\/www.diario5.com.ar\/wp-content\/uploads\/2022\/07\/huarpe20220726-234x300.jpg 234w\" sizes=\"(max-width: 764px) 100vw, 764px\" \/><\/p>\n<p><img decoding=\"async\" loading=\"lazy\" class=\"alignnone size-large wp-image-655476\" title=\"Sumando pedidos de perd\u00f3n\" src=\"https:\/\/www.diario5.com.ar\/wp-content\/uploads\/2022\/07\/ar_gaceta20220726-620x1024.jpg\" alt=\"Sumando pedidos de perd\u00f3n\" width=\"620\" height=\"1024\" srcset=\"https:\/\/www.diario5.com.ar\/wp-content\/uploads\/2022\/07\/ar_gaceta20220726-620x1024.jpg 620w, https:\/\/www.diario5.com.ar\/wp-content\/uploads\/2022\/07\/ar_gaceta20220726-182x300.jpg 182w, https:\/\/www.diario5.com.ar\/wp-content\/uploads\/2022\/07\/ar_gaceta20220726-768x1268.jpg 768w, https:\/\/www.diario5.com.ar\/wp-content\/uploads\/2022\/07\/ar_gaceta20220726-931x1536.jpg 931w, https:\/\/www.diario5.com.ar\/wp-content\/uploads\/2022\/07\/ar_gaceta20220726-1241x2048.jpg 1241w, https:\/\/www.diario5.com.ar\/wp-content\/uploads\/2022\/07\/ar_gaceta20220726.jpg 1454w\" sizes=\"(max-width: 620px) 100vw, 620px\" \/><\/p>\n<p><img decoding=\"async\" loading=\"lazy\" class=\"alignnone size-large wp-image-655477\" title=\"Sumando pedidos de perd\u00f3n\" src=\"https:\/\/www.diario5.com.ar\/wp-content\/uploads\/2022\/07\/ar_clarin20220726-742x1024.jpg\" alt=\"Sumando pedidos de perd\u00f3n\" width=\"742\" height=\"1024\" srcset=\"https:\/\/www.diario5.com.ar\/wp-content\/uploads\/2022\/07\/ar_clarin20220726-742x1024.jpg 742w, https:\/\/www.diario5.com.ar\/wp-content\/uploads\/2022\/07\/ar_clarin20220726-217x300.jpg 217w, https:\/\/www.diario5.com.ar\/wp-content\/uploads\/2022\/07\/ar_clarin20220726-768x1060.jpg 768w, https:\/\/www.diario5.com.ar\/wp-content\/uploads\/2022\/07\/ar_clarin20220726-1112x1536.jpg 1112w, https:\/\/www.diario5.com.ar\/wp-content\/uploads\/2022\/07\/ar_clarin20220726.jpg 1471w\" sizes=\"(max-width: 742px) 100vw, 742px\" \/><\/p>\n<p><img decoding=\"async\" loading=\"lazy\" class=\"alignnone size-large wp-image-655478\" title=\"Sumando pedidos de perd\u00f3n\" src=\"https:\/\/www.diario5.com.ar\/wp-content\/uploads\/2022\/07\/nacion20220726-681x1024.jpg\" alt=\"Sumando pedidos de perd\u00f3n\" width=\"681\" height=\"1024\" srcset=\"https:\/\/www.diario5.com.ar\/wp-content\/uploads\/2022\/07\/nacion20220726-681x1024.jpg 681w, https:\/\/www.diario5.com.ar\/wp-content\/uploads\/2022\/07\/nacion20220726-199x300.jpg 199w, https:\/\/www.diario5.com.ar\/wp-content\/uploads\/2022\/07\/nacion20220726.jpg 764w\" sizes=\"(max-width: 681px) 100vw, 681px\" \/><\/p>\n<p><img decoding=\"async\" loading=\"lazy\" class=\"alignnone size-large wp-image-655479\" title=\"Sumando pedidos de perd\u00f3n\" src=\"https:\/\/www.diario5.com.ar\/wp-content\/uploads\/2022\/07\/nuevo_diario20220726-739x1024.jpg\" alt=\"Sumando pedidos de perd\u00f3n\" width=\"739\" height=\"1024\" srcset=\"https:\/\/www.diario5.com.ar\/wp-content\/uploads\/2022\/07\/nuevo_diario20220726-739x1024.jpg 739w, https:\/\/www.diario5.com.ar\/wp-content\/uploads\/2022\/07\/nuevo_diario20220726-217x300.jpg 217w, https:\/\/www.diario5.com.ar\/wp-content\/uploads\/2022\/07\/nuevo_diario20220726.jpg 764w\" sizes=\"(max-width: 739px) 100vw, 739px\" \/><\/p>\n<p><img decoding=\"async\" loading=\"lazy\" class=\"alignnone size-large wp-image-655480\" title=\"Sumando pedidos de perd\u00f3n\" src=\"https:\/\/www.diario5.com.ar\/wp-content\/uploads\/2022\/07\/ar_sureno20220726-780x1024.jpg\" alt=\"Sumando pedidos de perd\u00f3n\" width=\"780\" height=\"1024\" srcset=\"https:\/\/www.diario5.com.ar\/wp-content\/uploads\/2022\/07\/ar_sureno20220726-780x1024.jpg 780w, https:\/\/www.diario5.com.ar\/wp-content\/uploads\/2022\/07\/ar_sureno20220726-229x300.jpg 229w, https:\/\/www.diario5.com.ar\/wp-content\/uploads\/2022\/07\/ar_sureno20220726-768x1008.jpg 768w, https:\/\/www.diario5.com.ar\/wp-content\/uploads\/2022\/07\/ar_sureno20220726.jpg 1038w\" sizes=\"(max-width: 780px) 100vw, 780px\" \/><\/p>\n<p>5&gt;<\/p>","protected":false},"excerpt":{"rendered":"<p>Y van&#8230; Es que el Papa Francisco ha tomado el toro por las astas en cuanto al sinf\u00edn de situaciones de las que la Iglesia Cat\u00f3lica debe hacerse cargo, ante las evidencias de que durante una historia de m\u00e1s de dos mil a\u00f1os, fue protagonista victimaria de cr\u00edmenes por poder, millones de abusos sexuales de [&hellip;]<\/p>","protected":false},"author":3,"featured_media":655465,"comment_status":"open","ping_status":"open","sticky":false,"template":"","format":"standard","meta":[],"categories":[75,452,56],"tags":[],"series":[],"_links":{"self":[{"href":"https:\/\/www.diario5.com.ar\/es\/wp-json\/wp\/v2\/posts\/636317"}],"collection":[{"href":"https:\/\/www.diario5.com.ar\/es\/wp-json\/wp\/v2\/posts"}],"about":[{"href":"https:\/\/www.diario5.com.ar\/es\/wp-json\/wp\/v2\/types\/post"}],"author":[{"embeddable":true,"href":"https:\/\/www.diario5.com.ar\/es\/wp-json\/wp\/v2\/users\/3"}],"replies":[{"embeddable":true,"href":"https:\/\/www.diario5.com.ar\/es\/wp-json\/wp\/v2\/comments?post=636317"}],"version-history":[{"count":7,"href":"https:\/\/www.diario5.com.ar\/es\/wp-json\/wp\/v2\/posts\/636317\/revisions"}],"predecessor-version":[{"id":656174,"href":"https:\/\/www.diario5.com.ar\/es\/wp-json\/wp\/v2\/posts\/636317\/revisions\/656174"}],"wp:featuredmedia":[{"embeddable":true,"href":"https:\/\/www.diario5.com.ar\/es\/wp-json\/wp\/v2\/media\/655465"}],"wp:attachment":[{"href":"https:\/\/www.diario5.com.ar\/es\/wp-json\/wp\/v2\/media?parent=636317"}],"wp:term":[{"taxonomy":"category","embeddable":true,"href":"https:\/\/www.diario5.com.ar\/es\/wp-json\/wp\/v2\/categories?post=636317"},{"taxonomy":"post_tag","embeddable":true,"href":"https:\/\/www.diario5.com.ar\/es\/wp-json\/wp\/v2\/tags?post=636317"},{"taxonomy":"series","embeddable":true,"href":"https:\/\/www.diario5.com.ar\/es\/wp-json\/wp\/v2\/series?post=636317"}],"curies":[{"name":"wp","href":"https:\/\/api.w.org\/{rel}","templated":true}]}}