{"id":636316,"date":"2022-07-25T06:50:00","date_gmt":"2022-07-25T09:50:00","guid":{"rendered":"http:\/\/diario5.com.ar\/?p=636316"},"modified":"2022-07-25T15:02:19","modified_gmt":"2022-07-25T18:02:19","slug":"636316","status":"publish","type":"post","link":"https:\/\/www.diario5.com.ar\/es\/636316\/","title":{"rendered":"D\u00eda de la galleguidad en Buenos Aires"},"content":{"rendered":"<h2 class=\"sub-title-primary\"><\/h2> <p><img decoding=\"async\" loading=\"lazy\" class=\"alignnone size-full wp-image-655307\" src=\"https:\/\/www.diario5.com.ar\/wp-content\/uploads\/2022\/07\/centro_galicia-1.jpg\" alt=\"\" width=\"640\" height=\"361\" srcset=\"https:\/\/www.diario5.com.ar\/wp-content\/uploads\/2022\/07\/centro_galicia-1.jpg 640w, https:\/\/www.diario5.com.ar\/wp-content\/uploads\/2022\/07\/centro_galicia-1-300x169.jpg 300w\" sizes=\"(max-width: 640px) 100vw, 640px\" \/><\/p>\n<p>Este a\u00f1o, la celebraci\u00f3n de Santiago Ap\u00f3stol, tiene la particularidad de que el a\u00f1o jacobeo (cuando los 25 de julio caen en d\u00eda domingo) coincidi\u00f3 con la pandemia y ahora pueden realizarse varias actividades que quedaron suspendidas en 2020 y 2021.<\/p>\n<p>Los datos duros indican que la comunidad gallega es el mayor grupo \u00e9tnico-regional que lleg\u00f3 a la Argentina: 1.110.000 personas entre 1857 y 1962.<\/p>\n<p>Especialmente en Buenos Aires, a lo largo del S XX se expandi\u00f3 un universo alrededor de la inmigraci\u00f3n gallega que abarc\u00f3 lo cultural y humano, los estilos y m\u00e9todos de trabajo en el comercio, en la industria y en el campo.<\/p>\n<p>En las escuelas de Buenos Aires y todas las localidades del GBA, las mu\u00f1eiras y las jotas pasaron a ganar protagonismo en las celebraciones anuales, porque los hijos e hijas de los gallegos conoc\u00edan al dedillo las canciones y las danzas de sus padres y se luc\u00edan en los escenarios.<\/p>\n<p>La cantidad de instituciones gallegas que se fundaron en nuestro medio fueron decenas. Muchos pueblos de Galicia tuvieron en Buenos Aires un centro de reuni\u00f3n para que su gente se sienta cerca de su lejana tierra, con sus sabores originales, sus libros, sus deportes, sus danzas, su Morri\u00f1a y su humor.<\/p>\n<p>As\u00ed se fue conformando la idea de que sumada a Orense, Lugo, La Coru\u00f1a y Pontevedra, Buenos Aires es la quinta provincia gallega.<\/p>\n<p>El actual Centro Galicia se conform\u00f3 por la fusi\u00f3n de los ya grandes Centro Pontevedr\u00e9s, Centro Coru\u00f1\u00e9s, Centro Orensano y Centro Lucense. En cambio, la Federaci\u00f3n de Sociedades Gallegas, ya ten\u00eda reunidas a unas 50 instituciones gallegas que representaban a partidos, ciudades o pueblos.<\/p>\n<p>Las diferencias pol\u00edticas que llevaron a Espa\u00f1a a la m\u00e1s sangrienta guerra civil de la historia de la humanidad, tuvo -en gran medida- un reflejo en el establecimiento de las entidades de inmigrantes en la Argentina. Se conoce que la Federaci\u00f3n de Sociedades Espa\u00f1olas, que reun\u00eda a una 153 instituciones de toda Espa\u00f1a instaladas en Buenos Aires, nunca estuvo ligada de manera directa a los republicanos que luchaban contra el franquismo que gobern\u00f3 Espa\u00f1a durante 39 a\u00f1os. S\u00ed, en cambio, la Federaci\u00f3n de Sociedades Gallegas, que afili\u00f3 peque\u00f1as entidades integradas por militantes y hasta combatientes republicanos, a\u00fan reivindica su convicciones pol\u00edticas e ideol\u00f3gicas, especialmente en contra de la Monarqu\u00eda.<\/p>\n<p>&nbsp;<\/p>\n<figure style=\"width: 450px\" class=\"wp-caption alignnone\"><img decoding=\"async\" loading=\"lazy\" class=\"alignnone size-full wp-image-655398\" title=\"D\u00eda de la galleguidad en Buenos Aires\" src=\"https:\/\/www.diario5.com.ar\/wp-content\/uploads\/2022\/07\/sede1420220725.jpg\" alt=\"D\u00eda de la galleguidad en Buenos Aires\" width=\"450\" height=\"340\" srcset=\"https:\/\/www.diario5.com.ar\/wp-content\/uploads\/2022\/07\/sede1420220725.jpg 450w, https:\/\/www.diario5.com.ar\/wp-content\/uploads\/2022\/07\/sede1420220725-300x227.jpg 300w\" sizes=\"(max-width: 450px) 100vw, 450px\" \/><figcaption class=\"wp-caption-text\">Fachada hist\u00f3rica de la Federaci\u00f3n de Sociedades Gallegas, en la calle Chacabuco al 900<\/figcaption><\/figure>\n<p><!--googleoff: index--><br \/>\n<!--googleon: index--><br \/>\n<img decoding=\"async\" loading=\"lazy\" class=\"alignnone size-large wp-image-655442\" src=\"https:\/\/www.diario5.com.ar\/wp-content\/uploads\/2022\/07\/la_capital20220725-765x1024.jpg\" width=\"765\" height=\"1024\" alt=\"D\u00eda de la galleguidad en Buenos Aires\" title=\"D\u00eda de la galleguidad en Buenos Aires\" srcset=\"https:\/\/www.diario5.com.ar\/wp-content\/uploads\/2022\/07\/la_capital20220725-765x1024.jpg 765w, https:\/\/www.diario5.com.ar\/wp-content\/uploads\/2022\/07\/la_capital20220725-224x300.jpg 224w, https:\/\/www.diario5.com.ar\/wp-content\/uploads\/2022\/07\/la_capital20220725-768x1028.jpg 768w, https:\/\/www.diario5.com.ar\/wp-content\/uploads\/2022\/07\/la_capital20220725-1148x1536.jpg 1148w, https:\/\/www.diario5.com.ar\/wp-content\/uploads\/2022\/07\/la_capital20220725-1530x2048.jpg 1530w, https:\/\/www.diario5.com.ar\/wp-content\/uploads\/2022\/07\/la_capital20220725.jpg 1582w\" sizes=\"(max-width: 765px) 100vw, 765px\" \/><\/p>\n<p><img decoding=\"async\" loading=\"lazy\" class=\"alignnone size-large wp-image-655399\" title=\"D\u00eda de la galleguidad en Buenos Aires\" src=\"https:\/\/www.diario5.com.ar\/wp-content\/uploads\/2022\/07\/ar_ambito20220725-741x1024.jpg\" alt=\"D\u00eda de la galleguidad en Buenos Aires\" width=\"741\" height=\"1024\" srcset=\"https:\/\/www.diario5.com.ar\/wp-content\/uploads\/2022\/07\/ar_ambito20220725-741x1024.jpg 741w, https:\/\/www.diario5.com.ar\/wp-content\/uploads\/2022\/07\/ar_ambito20220725-217x300.jpg 217w, https:\/\/www.diario5.com.ar\/wp-content\/uploads\/2022\/07\/ar_ambito20220725-768x1061.jpg 768w, https:\/\/www.diario5.com.ar\/wp-content\/uploads\/2022\/07\/ar_ambito20220725-1111x1536.jpg 1111w, https:\/\/www.diario5.com.ar\/wp-content\/uploads\/2022\/07\/ar_ambito20220725.jpg 1440w\" sizes=\"(max-width: 741px) 100vw, 741px\" \/><\/p>\n<p><img decoding=\"async\" loading=\"lazy\" class=\"alignnone size-full wp-image-655400\" title=\"D\u00eda de la galleguidad en Buenos Aires\" src=\"https:\/\/www.diario5.com.ar\/wp-content\/uploads\/2022\/07\/voz_chaco20220725.jpg\" alt=\"D\u00eda de la galleguidad en Buenos Aires\" width=\"816\" height=\"944\" srcset=\"https:\/\/www.diario5.com.ar\/wp-content\/uploads\/2022\/07\/voz_chaco20220725.jpg 816w, https:\/\/www.diario5.com.ar\/wp-content\/uploads\/2022\/07\/voz_chaco20220725-259x300.jpg 259w, https:\/\/www.diario5.com.ar\/wp-content\/uploads\/2022\/07\/voz_chaco20220725-768x888.jpg 768w\" sizes=\"(max-width: 816px) 100vw, 816px\" \/><\/p>\n<p><img decoding=\"async\" loading=\"lazy\" class=\"alignnone size-large wp-image-655401\" title=\"D\u00eda de la galleguidad en Buenos Aires\" src=\"https:\/\/www.diario5.com.ar\/wp-content\/uploads\/2022\/07\/ar_diario_madryn20220725-759x1024.jpg\" alt=\"D\u00eda de la galleguidad en Buenos Aires\" width=\"759\" height=\"1024\" srcset=\"https:\/\/www.diario5.com.ar\/wp-content\/uploads\/2022\/07\/ar_diario_madryn20220725-759x1024.jpg 759w, https:\/\/www.diario5.com.ar\/wp-content\/uploads\/2022\/07\/ar_diario_madryn20220725-222x300.jpg 222w, https:\/\/www.diario5.com.ar\/wp-content\/uploads\/2022\/07\/ar_diario_madryn20220725.jpg 764w\" sizes=\"(max-width: 759px) 100vw, 759px\" \/><\/p>\n<p><img decoding=\"async\" loading=\"lazy\" class=\"alignnone size-large wp-image-655402\" title=\"D\u00eda de la galleguidad en Buenos Aires\" src=\"https:\/\/www.diario5.com.ar\/wp-content\/uploads\/2022\/07\/ar_cronista20220725-706x1024.jpg\" alt=\"D\u00eda de la galleguidad en Buenos Aires\" width=\"706\" height=\"1024\" srcset=\"https:\/\/www.diario5.com.ar\/wp-content\/uploads\/2022\/07\/ar_cronista20220725-706x1024.jpg 706w, https:\/\/www.diario5.com.ar\/wp-content\/uploads\/2022\/07\/ar_cronista20220725-207x300.jpg 207w, https:\/\/www.diario5.com.ar\/wp-content\/uploads\/2022\/07\/ar_cronista20220725.jpg 764w\" sizes=\"(max-width: 706px) 100vw, 706px\" \/><\/p>\n<p><img decoding=\"async\" loading=\"lazy\" class=\"alignnone size-large wp-image-655403\" title=\"D\u00eda de la galleguidad en Buenos Aires\" src=\"https:\/\/www.diario5.com.ar\/wp-content\/uploads\/2022\/07\/buenosaires_economico20220725-866x1024.jpg\" alt=\"D\u00eda de la galleguidad en Buenos Aires\" width=\"866\" height=\"1024\" srcset=\"https:\/\/www.diario5.com.ar\/wp-content\/uploads\/2022\/07\/buenosaires_economico20220725-866x1024.jpg 866w, https:\/\/www.diario5.com.ar\/wp-content\/uploads\/2022\/07\/buenosaires_economico20220725-254x300.jpg 254w, https:\/\/www.diario5.com.ar\/wp-content\/uploads\/2022\/07\/buenosaires_economico20220725-768x908.jpg 768w, https:\/\/www.diario5.com.ar\/wp-content\/uploads\/2022\/07\/buenosaires_economico20220725-1299x1536.jpg 1299w, https:\/\/www.diario5.com.ar\/wp-content\/uploads\/2022\/07\/buenosaires_economico20220725.jpg 1582w\" sizes=\"(max-width: 866px) 100vw, 866px\" \/><\/p>\n<p><img decoding=\"async\" loading=\"lazy\" class=\"alignnone size-large wp-image-655443\" src=\"https:\/\/www.diario5.com.ar\/wp-content\/uploads\/2022\/07\/ar_eldia20220725-685x1024.jpg\" width=\"685\" height=\"1024\" alt=\"D\u00eda de la galleguidad en Buenos Aires\" title=\"D\u00eda de la galleguidad en Buenos Aires\" srcset=\"https:\/\/www.diario5.com.ar\/wp-content\/uploads\/2022\/07\/ar_eldia20220725-685x1024.jpg 685w, https:\/\/www.diario5.com.ar\/wp-content\/uploads\/2022\/07\/ar_eldia20220725-201x300.jpg 201w, https:\/\/www.diario5.com.ar\/wp-content\/uploads\/2022\/07\/ar_eldia20220725-768x1147.jpg 768w, https:\/\/www.diario5.com.ar\/wp-content\/uploads\/2022\/07\/ar_eldia20220725-1028x1536.jpg 1028w, https:\/\/www.diario5.com.ar\/wp-content\/uploads\/2022\/07\/ar_eldia20220725-1371x2048.jpg 1371w, https:\/\/www.diario5.com.ar\/wp-content\/uploads\/2022\/07\/ar_eldia20220725.jpg 1407w\" sizes=\"(max-width: 685px) 100vw, 685px\" \/><\/p>\n<p><img decoding=\"async\" loading=\"lazy\" class=\"alignnone size-large wp-image-655404\" title=\"D\u00eda de la galleguidad en Buenos Aires\" src=\"https:\/\/www.diario5.com.ar\/wp-content\/uploads\/2022\/07\/ar_hoy20220725-775x1024.jpg\" alt=\"D\u00eda de la galleguidad en Buenos Aires\" width=\"775\" height=\"1024\" srcset=\"https:\/\/www.diario5.com.ar\/wp-content\/uploads\/2022\/07\/ar_hoy20220725-775x1024.jpg 775w, https:\/\/www.diario5.com.ar\/wp-content\/uploads\/2022\/07\/ar_hoy20220725-227x300.jpg 227w, https:\/\/www.diario5.com.ar\/wp-content\/uploads\/2022\/07\/ar_hoy20220725-768x1015.jpg 768w, https:\/\/www.diario5.com.ar\/wp-content\/uploads\/2022\/07\/ar_hoy20220725.jpg 960w\" sizes=\"(max-width: 775px) 100vw, 775px\" \/><\/p>\n<p><img decoding=\"async\" loading=\"lazy\" class=\"alignnone size-large wp-image-655405\" title=\"D\u00eda de la galleguidad en Buenos Aires\" src=\"https:\/\/www.diario5.com.ar\/wp-content\/uploads\/2022\/07\/ar_litoral20220725-777x1024.jpg\" alt=\"D\u00eda de la galleguidad en Buenos Aires\" width=\"777\" height=\"1024\" srcset=\"https:\/\/www.diario5.com.ar\/wp-content\/uploads\/2022\/07\/ar_litoral20220725-777x1024.jpg 777w, https:\/\/www.diario5.com.ar\/wp-content\/uploads\/2022\/07\/ar_litoral20220725-228x300.jpg 228w, https:\/\/www.diario5.com.ar\/wp-content\/uploads\/2022\/07\/ar_litoral20220725-768x1012.jpg 768w, https:\/\/www.diario5.com.ar\/wp-content\/uploads\/2022\/07\/ar_litoral20220725.jpg 1129w\" sizes=\"(max-width: 777px) 100vw, 777px\" \/><\/p>\n<p><img decoding=\"async\" loading=\"lazy\" class=\"alignnone size-large wp-image-655444\" src=\"https:\/\/www.diario5.com.ar\/wp-content\/uploads\/2022\/07\/ar_heraldo20220725-612x1024.jpg\" width=\"612\" height=\"1024\" alt=\"D\u00eda de la galleguidad en Buenos Aires\" title=\"D\u00eda de la galleguidad en Buenos Aires\" srcset=\"https:\/\/www.diario5.com.ar\/wp-content\/uploads\/2022\/07\/ar_heraldo20220725-612x1024.jpg 612w, https:\/\/www.diario5.com.ar\/wp-content\/uploads\/2022\/07\/ar_heraldo20220725-179x300.jpg 179w, https:\/\/www.diario5.com.ar\/wp-content\/uploads\/2022\/07\/ar_heraldo20220725.jpg 764w\" sizes=\"(max-width: 612px) 100vw, 612px\" \/><\/p>\n<p><img decoding=\"async\" loading=\"lazy\" class=\"alignnone size-large wp-image-655406\" title=\"D\u00eda de la galleguidad en Buenos Aires\" src=\"https:\/\/www.diario5.com.ar\/wp-content\/uploads\/2022\/07\/ar_pagina1220220725-822x1024.jpg\" alt=\"D\u00eda de la galleguidad en Buenos Aires\" width=\"822\" height=\"1024\" srcset=\"https:\/\/www.diario5.com.ar\/wp-content\/uploads\/2022\/07\/ar_pagina1220220725-822x1024.jpg 822w, https:\/\/www.diario5.com.ar\/wp-content\/uploads\/2022\/07\/ar_pagina1220220725-241x300.jpg 241w, https:\/\/www.diario5.com.ar\/wp-content\/uploads\/2022\/07\/ar_pagina1220220725-768x957.jpg 768w, https:\/\/www.diario5.com.ar\/wp-content\/uploads\/2022\/07\/ar_pagina1220220725-1233x1536.jpg 1233w, https:\/\/www.diario5.com.ar\/wp-content\/uploads\/2022\/07\/ar_pagina1220220725.jpg 1527w\" sizes=\"(max-width: 822px) 100vw, 822px\" \/><\/p>\n<p><img decoding=\"async\" loading=\"lazy\" class=\"alignnone size-large wp-image-655445\" src=\"https:\/\/www.diario5.com.ar\/wp-content\/uploads\/2022\/07\/independiente20220725-744x1024.jpg\" width=\"744\" height=\"1024\" alt=\"D\u00eda de la galleguidad en Buenos Aires\" title=\"D\u00eda de la galleguidad en Buenos Aires\" srcset=\"https:\/\/www.diario5.com.ar\/wp-content\/uploads\/2022\/07\/independiente20220725-744x1024.jpg 744w, https:\/\/www.diario5.com.ar\/wp-content\/uploads\/2022\/07\/independiente20220725-218x300.jpg 218w, https:\/\/www.diario5.com.ar\/wp-content\/uploads\/2022\/07\/independiente20220725-768x1057.jpg 768w, https:\/\/www.diario5.com.ar\/wp-content\/uploads\/2022\/07\/independiente20220725.jpg 814w\" sizes=\"(max-width: 744px) 100vw, 744px\" \/><\/p>\n<p><img decoding=\"async\" loading=\"lazy\" class=\"alignnone size-large wp-image-655407\" title=\"D\u00eda de la galleguidad en Buenos Aires\" src=\"https:\/\/www.diario5.com.ar\/wp-content\/uploads\/2022\/07\/nueva_rioja20220725-724x1024.jpg\" alt=\"D\u00eda de la galleguidad en Buenos Aires\" width=\"724\" height=\"1024\" srcset=\"https:\/\/www.diario5.com.ar\/wp-content\/uploads\/2022\/07\/nueva_rioja20220725-724x1024.jpg 724w, https:\/\/www.diario5.com.ar\/wp-content\/uploads\/2022\/07\/nueva_rioja20220725-212x300.jpg 212w, https:\/\/www.diario5.com.ar\/wp-content\/uploads\/2022\/07\/nueva_rioja20220725.jpg 764w\" sizes=\"(max-width: 724px) 100vw, 724px\" \/><\/p>\n<p><img decoding=\"async\" loading=\"lazy\" class=\"alignnone size-large wp-image-655408\" title=\"D\u00eda de la galleguidad en Buenos Aires\" src=\"https:\/\/www.diario5.com.ar\/wp-content\/uploads\/2022\/07\/ar_losandes20220725-745x1024.jpg\" alt=\"D\u00eda de la galleguidad en Buenos Aires\" width=\"745\" height=\"1024\" srcset=\"https:\/\/www.diario5.com.ar\/wp-content\/uploads\/2022\/07\/ar_losandes20220725-745x1024.jpg 745w, https:\/\/www.diario5.com.ar\/wp-content\/uploads\/2022\/07\/ar_losandes20220725-218x300.jpg 218w, https:\/\/www.diario5.com.ar\/wp-content\/uploads\/2022\/07\/ar_losandes20220725.jpg 764w\" sizes=\"(max-width: 745px) 100vw, 745px\" \/><\/p>\n<p><img decoding=\"async\" loading=\"lazy\" class=\"alignnone size-large wp-image-655409\" title=\"D\u00eda de la galleguidad en Buenos Aires\" src=\"https:\/\/www.diario5.com.ar\/wp-content\/uploads\/2022\/07\/ar_tribuno20220725-767x1024.jpg\" alt=\"D\u00eda de la galleguidad en Buenos Aires\" width=\"767\" height=\"1024\" srcset=\"https:\/\/www.diario5.com.ar\/wp-content\/uploads\/2022\/07\/ar_tribuno20220725-767x1024.jpg 767w, https:\/\/www.diario5.com.ar\/wp-content\/uploads\/2022\/07\/ar_tribuno20220725-225x300.jpg 225w, https:\/\/www.diario5.com.ar\/wp-content\/uploads\/2022\/07\/ar_tribuno20220725-768x1026.jpg 768w, https:\/\/www.diario5.com.ar\/wp-content\/uploads\/2022\/07\/ar_tribuno20220725.jpg 778w\" sizes=\"(max-width: 767px) 100vw, 767px\" \/><\/p>\n<p><img decoding=\"async\" loading=\"lazy\" class=\"alignnone size-large wp-image-655446\" src=\"https:\/\/www.diario5.com.ar\/wp-content\/uploads\/2022\/07\/lea20220725-793x1024.jpg\" width=\"793\" height=\"1024\" alt=\"D\u00eda de la galleguidad en Buenos Aires\" title=\"D\u00eda de la galleguidad en Buenos Aires\" srcset=\"https:\/\/www.diario5.com.ar\/wp-content\/uploads\/2022\/07\/lea20220725-793x1024.jpg 793w, https:\/\/www.diario5.com.ar\/wp-content\/uploads\/2022\/07\/lea20220725-232x300.jpg 232w, https:\/\/www.diario5.com.ar\/wp-content\/uploads\/2022\/07\/lea20220725-768x992.jpg 768w, https:\/\/www.diario5.com.ar\/wp-content\/uploads\/2022\/07\/lea20220725-1189x1536.jpg 1189w, https:\/\/www.diario5.com.ar\/wp-content\/uploads\/2022\/07\/lea20220725-1585x2048.jpg 1585w, https:\/\/www.diario5.com.ar\/wp-content\/uploads\/2022\/07\/lea20220725.jpg 1858w\" sizes=\"(max-width: 793px) 100vw, 793px\" \/><\/p>\n<p><img decoding=\"async\" loading=\"lazy\" class=\"alignnone size-large wp-image-655447\" src=\"https:\/\/www.diario5.com.ar\/wp-content\/uploads\/2022\/07\/ar_rio_negro20220725-673x1024.jpg\" width=\"673\" height=\"1024\" alt=\"D\u00eda de la galleguidad en Buenos Aires\" title=\"D\u00eda de la galleguidad en Buenos Aires\" srcset=\"https:\/\/www.diario5.com.ar\/wp-content\/uploads\/2022\/07\/ar_rio_negro20220725-673x1024.jpg 673w, https:\/\/www.diario5.com.ar\/wp-content\/uploads\/2022\/07\/ar_rio_negro20220725-197x300.jpg 197w, https:\/\/www.diario5.com.ar\/wp-content\/uploads\/2022\/07\/ar_rio_negro20220725-768x1168.jpg 768w, https:\/\/www.diario5.com.ar\/wp-content\/uploads\/2022\/07\/ar_rio_negro20220725-1010x1536.jpg 1010w, https:\/\/www.diario5.com.ar\/wp-content\/uploads\/2022\/07\/ar_rio_negro20220725-1347x2048.jpg 1347w, https:\/\/www.diario5.com.ar\/wp-content\/uploads\/2022\/07\/ar_rio_negro20220725.jpg 1578w\" sizes=\"(max-width: 673px) 100vw, 673px\" \/><\/p>\n<p><img decoding=\"async\" loading=\"lazy\" class=\"alignnone size-large wp-image-655448\" src=\"https:\/\/www.diario5.com.ar\/wp-content\/uploads\/2022\/07\/ar_diario_cuyo20220725-682x1024.jpg\" width=\"682\" height=\"1024\" alt=\"D\u00eda de la galleguidad en Buenos Aires\" title=\"D\u00eda de la galleguidad en Buenos Aires\" srcset=\"https:\/\/www.diario5.com.ar\/wp-content\/uploads\/2022\/07\/ar_diario_cuyo20220725-682x1024.jpg 682w, https:\/\/www.diario5.com.ar\/wp-content\/uploads\/2022\/07\/ar_diario_cuyo20220725-200x300.jpg 200w, https:\/\/www.diario5.com.ar\/wp-content\/uploads\/2022\/07\/ar_diario_cuyo20220725.jpg 764w\" sizes=\"(max-width: 682px) 100vw, 682px\" \/><\/p>\n<p><img decoding=\"async\" loading=\"lazy\" class=\"alignnone size-full wp-image-655451\" src=\"https:\/\/www.diario5.com.ar\/wp-content\/uploads\/2022\/07\/huarpe20220725.jpg\" width=\"764\" height=\"979\" alt=\"D\u00eda de la galleguidad en Buenos Aires\" title=\"D\u00eda de la galleguidad en Buenos Aires\" srcset=\"https:\/\/www.diario5.com.ar\/wp-content\/uploads\/2022\/07\/huarpe20220725.jpg 764w, https:\/\/www.diario5.com.ar\/wp-content\/uploads\/2022\/07\/huarpe20220725-234x300.jpg 234w\" sizes=\"(max-width: 764px) 100vw, 764px\" \/><\/p>\n<p><img decoding=\"async\" loading=\"lazy\" class=\"alignnone size-large wp-image-655453\" src=\"https:\/\/www.diario5.com.ar\/wp-content\/uploads\/2022\/07\/ar_diario_republica20220725-727x1024.jpg\" width=\"727\" height=\"1024\" alt=\"D\u00eda de la galleguidad en Buenos Aires\" title=\"D\u00eda de la galleguidad en Buenos Aires\" srcset=\"https:\/\/www.diario5.com.ar\/wp-content\/uploads\/2022\/07\/ar_diario_republica20220725-727x1024.jpg 727w, https:\/\/www.diario5.com.ar\/wp-content\/uploads\/2022\/07\/ar_diario_republica20220725-213x300.jpg 213w, https:\/\/www.diario5.com.ar\/wp-content\/uploads\/2022\/07\/ar_diario_republica20220725-768x1082.jpg 768w, https:\/\/www.diario5.com.ar\/wp-content\/uploads\/2022\/07\/ar_diario_republica20220725-1091x1536.jpg 1091w, https:\/\/www.diario5.com.ar\/wp-content\/uploads\/2022\/07\/ar_diario_republica20220725-1454x2048.jpg 1454w, https:\/\/www.diario5.com.ar\/wp-content\/uploads\/2022\/07\/ar_diario_republica20220725.jpg 1704w\" sizes=\"(max-width: 727px) 100vw, 727px\" \/><\/p>\n<p><img decoding=\"async\" loading=\"lazy\" class=\"alignnone size-large wp-image-655455\" src=\"https:\/\/www.diario5.com.ar\/wp-content\/uploads\/2022\/07\/ar_litoral_sfe20220725-762x1024.jpg\" width=\"762\" height=\"1024\" alt=\"D\u00eda de la galleguidad en Buenos Aires\" title=\"D\u00eda de la galleguidad en Buenos Aires\" srcset=\"https:\/\/www.diario5.com.ar\/wp-content\/uploads\/2022\/07\/ar_litoral_sfe20220725-762x1024.jpg 762w, https:\/\/www.diario5.com.ar\/wp-content\/uploads\/2022\/07\/ar_litoral_sfe20220725-223x300.jpg 223w, https:\/\/www.diario5.com.ar\/wp-content\/uploads\/2022\/07\/ar_litoral_sfe20220725-768x1032.jpg 768w, https:\/\/www.diario5.com.ar\/wp-content\/uploads\/2022\/07\/ar_litoral_sfe20220725.jpg 1024w\" sizes=\"(max-width: 762px) 100vw, 762px\" \/><\/p>\n<p><img decoding=\"async\" loading=\"lazy\" class=\"alignnone size-large wp-image-655410\" title=\"D\u00eda de la galleguidad en Buenos Aires\" src=\"https:\/\/www.diario5.com.ar\/wp-content\/uploads\/2022\/07\/ciudadano20220725-758x1024.jpg\" alt=\"D\u00eda de la galleguidad en Buenos Aires\" width=\"758\" height=\"1024\" srcset=\"https:\/\/www.diario5.com.ar\/wp-content\/uploads\/2022\/07\/ciudadano20220725-758x1024.jpg 758w, https:\/\/www.diario5.com.ar\/wp-content\/uploads\/2022\/07\/ciudadano20220725-222x300.jpg 222w, https:\/\/www.diario5.com.ar\/wp-content\/uploads\/2022\/07\/ciudadano20220725-768x1038.jpg 768w, https:\/\/www.diario5.com.ar\/wp-content\/uploads\/2022\/07\/ciudadano20220725.jpg 928w\" sizes=\"(max-width: 758px) 100vw, 758px\" \/><\/p>\n<p><img decoding=\"async\" loading=\"lazy\" class=\"alignnone size-large wp-image-655456\" src=\"https:\/\/www.diario5.com.ar\/wp-content\/uploads\/2022\/07\/ar_mirador_provincial20220725-767x1024.jpg\" width=\"767\" height=\"1024\" alt=\"D\u00eda de la galleguidad en Buenos Aires\" title=\"D\u00eda de la galleguidad en Buenos Aires\" srcset=\"https:\/\/www.diario5.com.ar\/wp-content\/uploads\/2022\/07\/ar_mirador_provincial20220725-767x1024.jpg 767w, https:\/\/www.diario5.com.ar\/wp-content\/uploads\/2022\/07\/ar_mirador_provincial20220725-225x300.jpg 225w, https:\/\/www.diario5.com.ar\/wp-content\/uploads\/2022\/07\/ar_mirador_provincial20220725-768x1025.jpg 768w, https:\/\/www.diario5.com.ar\/wp-content\/uploads\/2022\/07\/ar_mirador_provincial20220725.jpg 1024w\" sizes=\"(max-width: 767px) 100vw, 767px\" \/><\/p>\n<p><img decoding=\"async\" loading=\"lazy\" class=\"alignnone size-large wp-image-655411\" title=\"D\u00eda de la galleguidad en Buenos Aires\" src=\"https:\/\/www.diario5.com.ar\/wp-content\/uploads\/2022\/07\/ar_gaceta20220725-625x1024.jpg\" alt=\"D\u00eda de la galleguidad en Buenos Aires\" width=\"625\" height=\"1024\" srcset=\"https:\/\/www.diario5.com.ar\/wp-content\/uploads\/2022\/07\/ar_gaceta20220725-625x1024.jpg 625w, https:\/\/www.diario5.com.ar\/wp-content\/uploads\/2022\/07\/ar_gaceta20220725-183x300.jpg 183w, https:\/\/www.diario5.com.ar\/wp-content\/uploads\/2022\/07\/ar_gaceta20220725-768x1258.jpg 768w, https:\/\/www.diario5.com.ar\/wp-content\/uploads\/2022\/07\/ar_gaceta20220725-938x1536.jpg 938w, https:\/\/www.diario5.com.ar\/wp-content\/uploads\/2022\/07\/ar_gaceta20220725-1250x2048.jpg 1250w, https:\/\/www.diario5.com.ar\/wp-content\/uploads\/2022\/07\/ar_gaceta20220725.jpg 1465w\" sizes=\"(max-width: 625px) 100vw, 625px\" \/><\/p>\n<p><img decoding=\"async\" loading=\"lazy\" class=\"alignnone size-large wp-image-655412\" title=\"D\u00eda de la galleguidad en Buenos Aires\" src=\"https:\/\/www.diario5.com.ar\/wp-content\/uploads\/2022\/07\/ar_cronica20220725-875x1024.jpg\" alt=\"D\u00eda de la galleguidad en Buenos Aires\" width=\"875\" height=\"1024\" srcset=\"https:\/\/www.diario5.com.ar\/wp-content\/uploads\/2022\/07\/ar_cronica20220725-875x1024.jpg 875w, https:\/\/www.diario5.com.ar\/wp-content\/uploads\/2022\/07\/ar_cronica20220725-256x300.jpg 256w, https:\/\/www.diario5.com.ar\/wp-content\/uploads\/2022\/07\/ar_cronica20220725-768x899.jpg 768w, https:\/\/www.diario5.com.ar\/wp-content\/uploads\/2022\/07\/ar_cronica20220725-1313x1536.jpg 1313w, https:\/\/www.diario5.com.ar\/wp-content\/uploads\/2022\/07\/ar_cronica20220725.jpg 1600w\" sizes=\"(max-width: 875px) 100vw, 875px\" \/><\/p>\n<p><img decoding=\"async\" loading=\"lazy\" class=\"alignnone size-large wp-image-655413\" title=\"D\u00eda de la galleguidad en Buenos Aires\" src=\"https:\/\/www.diario5.com.ar\/wp-content\/uploads\/2022\/07\/ar_clarin20220725-742x1024.jpg\" alt=\"D\u00eda de la galleguidad en Buenos Aires\" width=\"742\" height=\"1024\" srcset=\"https:\/\/www.diario5.com.ar\/wp-content\/uploads\/2022\/07\/ar_clarin20220725-742x1024.jpg 742w, https:\/\/www.diario5.com.ar\/wp-content\/uploads\/2022\/07\/ar_clarin20220725-217x300.jpg 217w, https:\/\/www.diario5.com.ar\/wp-content\/uploads\/2022\/07\/ar_clarin20220725-768x1060.jpg 768w, https:\/\/www.diario5.com.ar\/wp-content\/uploads\/2022\/07\/ar_clarin20220725-1112x1536.jpg 1112w, https:\/\/www.diario5.com.ar\/wp-content\/uploads\/2022\/07\/ar_clarin20220725.jpg 1471w\" sizes=\"(max-width: 742px) 100vw, 742px\" \/><\/p>\n<p><img decoding=\"async\" loading=\"lazy\" class=\"alignnone size-large wp-image-655414\" title=\"D\u00eda de la galleguidad en Buenos Aires\" src=\"https:\/\/www.diario5.com.ar\/wp-content\/uploads\/2022\/07\/nacion20220725-681x1024.jpg\" alt=\"D\u00eda de la galleguidad en Buenos Aires\" width=\"681\" height=\"1024\" srcset=\"https:\/\/www.diario5.com.ar\/wp-content\/uploads\/2022\/07\/nacion20220725-681x1024.jpg 681w, https:\/\/www.diario5.com.ar\/wp-content\/uploads\/2022\/07\/nacion20220725-199x300.jpg 199w, https:\/\/www.diario5.com.ar\/wp-content\/uploads\/2022\/07\/nacion20220725.jpg 764w\" sizes=\"(max-width: 681px) 100vw, 681px\" \/><\/p>\n<p><img decoding=\"async\" loading=\"lazy\" class=\"alignnone size-large wp-image-655415\" title=\"D\u00eda de la galleguidad en Buenos Aires\" src=\"https:\/\/www.diario5.com.ar\/wp-content\/uploads\/2022\/07\/nuevo_diario20220725-742x1024.jpg\" alt=\"D\u00eda de la galleguidad en Buenos Aires\" width=\"742\" height=\"1024\" srcset=\"https:\/\/www.diario5.com.ar\/wp-content\/uploads\/2022\/07\/nuevo_diario20220725-742x1024.jpg 742w, https:\/\/www.diario5.com.ar\/wp-content\/uploads\/2022\/07\/nuevo_diario20220725-217x300.jpg 217w, https:\/\/www.diario5.com.ar\/wp-content\/uploads\/2022\/07\/nuevo_diario20220725.jpg 764w\" sizes=\"(max-width: 742px) 100vw, 742px\" \/><\/p>\n<p><img decoding=\"async\" loading=\"lazy\" class=\"alignnone size-large wp-image-655416\" title=\"D\u00eda de la galleguidad en Buenos Aires\" src=\"https:\/\/www.diario5.com.ar\/wp-content\/uploads\/2022\/07\/ar_sureno20220725-780x1024.jpg\" alt=\"D\u00eda de la galleguidad en Buenos Aires\" width=\"780\" height=\"1024\" srcset=\"https:\/\/www.diario5.com.ar\/wp-content\/uploads\/2022\/07\/ar_sureno20220725-780x1024.jpg 780w, https:\/\/www.diario5.com.ar\/wp-content\/uploads\/2022\/07\/ar_sureno20220725-229x300.jpg 229w, https:\/\/www.diario5.com.ar\/wp-content\/uploads\/2022\/07\/ar_sureno20220725-768x1008.jpg 768w, https:\/\/www.diario5.com.ar\/wp-content\/uploads\/2022\/07\/ar_sureno20220725.jpg 1038w\" sizes=\"(max-width: 780px) 100vw, 780px\" \/><\/p>\n<p>&nbsp;<\/p>","protected":false},"excerpt":{"rendered":"<p>Este a\u00f1o, la celebraci\u00f3n de Santiago Ap\u00f3stol, tiene la particularidad de que el a\u00f1o jacobeo (cuando los 25 de julio caen en d\u00eda domingo) coincidi\u00f3 con la pandemia y ahora pueden realizarse varias actividades que quedaron suspendidas en 2020 y 2021. Los datos duros indican que la comunidad gallega es el mayor grupo \u00e9tnico-regional que [&hellip;]<\/p>","protected":false},"author":5,"featured_media":655307,"comment_status":"open","ping_status":"open","sticky":false,"template":"","format":"standard","meta":[],"categories":[19,52,56],"tags":[],"series":[],"_links":{"self":[{"href":"https:\/\/www.diario5.com.ar\/es\/wp-json\/wp\/v2\/posts\/636316"}],"collection":[{"href":"https:\/\/www.diario5.com.ar\/es\/wp-json\/wp\/v2\/posts"}],"about":[{"href":"https:\/\/www.diario5.com.ar\/es\/wp-json\/wp\/v2\/types\/post"}],"author":[{"embeddable":true,"href":"https:\/\/www.diario5.com.ar\/es\/wp-json\/wp\/v2\/users\/5"}],"replies":[{"embeddable":true,"href":"https:\/\/www.diario5.com.ar\/es\/wp-json\/wp\/v2\/comments?post=636316"}],"version-history":[{"count":4,"href":"https:\/\/www.diario5.com.ar\/es\/wp-json\/wp\/v2\/posts\/636316\/revisions"}],"predecessor-version":[{"id":655454,"href":"https:\/\/www.diario5.com.ar\/es\/wp-json\/wp\/v2\/posts\/636316\/revisions\/655454"}],"wp:featuredmedia":[{"embeddable":true,"href":"https:\/\/www.diario5.com.ar\/es\/wp-json\/wp\/v2\/media\/655307"}],"wp:attachment":[{"href":"https:\/\/www.diario5.com.ar\/es\/wp-json\/wp\/v2\/media?parent=636316"}],"wp:term":[{"taxonomy":"category","embeddable":true,"href":"https:\/\/www.diario5.com.ar\/es\/wp-json\/wp\/v2\/categories?post=636316"},{"taxonomy":"post_tag","embeddable":true,"href":"https:\/\/www.diario5.com.ar\/es\/wp-json\/wp\/v2\/tags?post=636316"},{"taxonomy":"series","embeddable":true,"href":"https:\/\/www.diario5.com.ar\/es\/wp-json\/wp\/v2\/series?post=636316"}],"curies":[{"name":"wp","href":"https:\/\/api.w.org\/{rel}","templated":true}]}}