{"id":636315,"date":"2022-07-24T06:50:00","date_gmt":"2022-07-24T09:50:00","guid":{"rendered":"http:\/\/diario5.com.ar\/?p=636315"},"modified":"2022-07-24T11:20:18","modified_gmt":"2022-07-24T14:20:18","slug":"636315","status":"publish","type":"post","link":"https:\/\/www.diario5.com.ar\/es\/636315\/","title":{"rendered":"Dif\u00edcil de creer"},"content":{"rendered":"<h2 class=\"sub-title-primary\">Es en Diagonal Norte y Esmeralda. Est\u00e1n sin recolecci\u00f3n de basura durante m\u00e1s de dos semanas. El olor es pestilente. Y el punto de la ciudad, m\u00e1s c\u00e9ntrico no puede ser.<\/h2> <p><img decoding=\"async\" loading=\"lazy\" class=\"alignnone wp-image-655354\" src=\"https:\/\/www.diario5.com.ar\/wp-content\/uploads\/2022\/07\/IMG_20220720_152944_524.jpg\" alt=\"\" width=\"998\" height=\"460\" srcset=\"https:\/\/www.diario5.com.ar\/wp-content\/uploads\/2022\/07\/IMG_20220720_152944_524.jpg 640w, https:\/\/www.diario5.com.ar\/wp-content\/uploads\/2022\/07\/IMG_20220720_152944_524-300x138.jpg 300w\" sizes=\"(max-width: 998px) 100vw, 998px\" \/> <img decoding=\"async\" loading=\"lazy\" class=\"alignnone wp-image-655355\" src=\"https:\/\/www.diario5.com.ar\/wp-content\/uploads\/2022\/07\/IMG_20220720_152957_295.jpg\" alt=\"\" width=\"994\" height=\"458\" srcset=\"https:\/\/www.diario5.com.ar\/wp-content\/uploads\/2022\/07\/IMG_20220720_152957_295.jpg 640w, https:\/\/www.diario5.com.ar\/wp-content\/uploads\/2022\/07\/IMG_20220720_152957_295-300x138.jpg 300w\" sizes=\"(max-width: 994px) 100vw, 994px\" \/><\/p>\n<p>&nbsp;<\/p>\n<p>&nbsp;<\/p>\n<p>Los encargados y varias personas que trabajan en los edificios de Diagonal Norte 846 y 852 acaban de enviar su octavo reclamo al Ministerio de Espacio P\u00fablico y a la empresa recolectora de residuos AESA, para que resuelvan el peque\u00f1o inconveniente que se observa en la imagen. No es mucho, tampoco, che: \u00bfQui\u00e9n no se banca el olor de 16 d\u00edas sin levantar la basura? Estos porteros, siempre exagerando.<\/p>\n<p>Detalle: el microcentro no debe tener ning\u00fan privilegio frente a los barrios populares. Ni tampoco impuestos Por el cu\u00e1druple de lo que se paga en otro lado, si se trata de una zona tan ro\u00f1osa.<\/p>\n<p><img decoding=\"async\" loading=\"lazy\" class=\"alignnone size-large wp-image-655389\" src=\"https:\/\/www.diario5.com.ar\/wp-content\/uploads\/2022\/07\/nacion20220724-682x1024.jpg\" width=\"682\" height=\"1024\" alt=\"Dif\u00edcil de creer\" title=\"Dif\u00edcil de creer\" srcset=\"https:\/\/www.diario5.com.ar\/wp-content\/uploads\/2022\/07\/nacion20220724-682x1024.jpg 682w, https:\/\/www.diario5.com.ar\/wp-content\/uploads\/2022\/07\/nacion20220724-200x300.jpg 200w, https:\/\/www.diario5.com.ar\/wp-content\/uploads\/2022\/07\/nacion20220724.jpg 764w\" sizes=\"(max-width: 682px) 100vw, 682px\" \/><br \/>\n<img decoding=\"async\" loading=\"lazy\" class=\"alignnone size-large wp-image-655359\" title=\"Dif\u00edcil de creer\" src=\"https:\/\/www.diario5.com.ar\/wp-content\/uploads\/2022\/07\/ar_hoy20220724-781x1024.jpg\" alt=\"Dif\u00edcil de creer\" width=\"781\" height=\"1024\" srcset=\"https:\/\/www.diario5.com.ar\/wp-content\/uploads\/2022\/07\/ar_hoy20220724-781x1024.jpg 781w, https:\/\/www.diario5.com.ar\/wp-content\/uploads\/2022\/07\/ar_hoy20220724-229x300.jpg 229w, https:\/\/www.diario5.com.ar\/wp-content\/uploads\/2022\/07\/ar_hoy20220724-768x1007.jpg 768w, https:\/\/www.diario5.com.ar\/wp-content\/uploads\/2022\/07\/ar_hoy20220724.jpg 960w\" sizes=\"(max-width: 781px) 100vw, 781px\" \/><\/p>\n<p><img decoding=\"async\" loading=\"lazy\" class=\"alignnone size-large wp-image-655360\" title=\"Dif\u00edcil de creer\" src=\"https:\/\/www.diario5.com.ar\/wp-content\/uploads\/2022\/07\/ar_litoral20220724-773x1024.jpg\" alt=\"Dif\u00edcil de creer\" width=\"773\" height=\"1024\" srcset=\"https:\/\/www.diario5.com.ar\/wp-content\/uploads\/2022\/07\/ar_litoral20220724-773x1024.jpg 773w, https:\/\/www.diario5.com.ar\/wp-content\/uploads\/2022\/07\/ar_litoral20220724-226x300.jpg 226w, https:\/\/www.diario5.com.ar\/wp-content\/uploads\/2022\/07\/ar_litoral20220724-768x1018.jpg 768w, https:\/\/www.diario5.com.ar\/wp-content\/uploads\/2022\/07\/ar_litoral20220724.jpg 1134w\" sizes=\"(max-width: 773px) 100vw, 773px\" \/><\/p>\n<p><img decoding=\"async\" loading=\"lazy\" class=\"alignnone size-large wp-image-655361\" title=\"Dif\u00edcil de creer\" src=\"https:\/\/www.diario5.com.ar\/wp-content\/uploads\/2022\/07\/ar_pagina1220220724-811x1024.jpg\" alt=\"Dif\u00edcil de creer\" width=\"811\" height=\"1024\" srcset=\"https:\/\/www.diario5.com.ar\/wp-content\/uploads\/2022\/07\/ar_pagina1220220724-811x1024.jpg 811w, https:\/\/www.diario5.com.ar\/wp-content\/uploads\/2022\/07\/ar_pagina1220220724-238x300.jpg 238w, https:\/\/www.diario5.com.ar\/wp-content\/uploads\/2022\/07\/ar_pagina1220220724-768x970.jpg 768w, https:\/\/www.diario5.com.ar\/wp-content\/uploads\/2022\/07\/ar_pagina1220220724-1216x1536.jpg 1216w, https:\/\/www.diario5.com.ar\/wp-content\/uploads\/2022\/07\/ar_pagina1220220724.jpg 1526w\" sizes=\"(max-width: 811px) 100vw, 811px\" \/><\/p>\n<p><img decoding=\"async\" loading=\"lazy\" class=\"alignnone size-large wp-image-655362\" title=\"Dif\u00edcil de creer\" src=\"https:\/\/www.diario5.com.ar\/wp-content\/uploads\/2022\/07\/independiente20220724-713x1024.jpg\" alt=\"Dif\u00edcil de creer\" width=\"713\" height=\"1024\" srcset=\"https:\/\/www.diario5.com.ar\/wp-content\/uploads\/2022\/07\/independiente20220724-713x1024.jpg 713w, https:\/\/www.diario5.com.ar\/wp-content\/uploads\/2022\/07\/independiente20220724-209x300.jpg 209w, https:\/\/www.diario5.com.ar\/wp-content\/uploads\/2022\/07\/independiente20220724-768x1102.jpg 768w, https:\/\/www.diario5.com.ar\/wp-content\/uploads\/2022\/07\/independiente20220724.jpg 799w\" sizes=\"(max-width: 713px) 100vw, 713px\" \/><\/p>\n<p><img decoding=\"async\" loading=\"lazy\" class=\"alignnone size-large wp-image-655363\" title=\"Dif\u00edcil de creer\" src=\"https:\/\/www.diario5.com.ar\/wp-content\/uploads\/2022\/07\/nueva_rioja20220724-737x1024.jpg\" alt=\"Dif\u00edcil de creer\" width=\"737\" height=\"1024\" srcset=\"https:\/\/www.diario5.com.ar\/wp-content\/uploads\/2022\/07\/nueva_rioja20220724-737x1024.jpg 737w, https:\/\/www.diario5.com.ar\/wp-content\/uploads\/2022\/07\/nueva_rioja20220724-216x300.jpg 216w, https:\/\/www.diario5.com.ar\/wp-content\/uploads\/2022\/07\/nueva_rioja20220724.jpg 764w\" sizes=\"(max-width: 737px) 100vw, 737px\" \/><\/p>\n<p><img decoding=\"async\" loading=\"lazy\" class=\"alignnone size-large wp-image-655364\" title=\"Dif\u00edcil de creer\" src=\"https:\/\/www.diario5.com.ar\/wp-content\/uploads\/2022\/07\/ar_tribuno20220724-766x1024.jpg\" alt=\"Dif\u00edcil de creer\" width=\"766\" height=\"1024\" srcset=\"https:\/\/www.diario5.com.ar\/wp-content\/uploads\/2022\/07\/ar_tribuno20220724-766x1024.jpg 766w, https:\/\/www.diario5.com.ar\/wp-content\/uploads\/2022\/07\/ar_tribuno20220724-224x300.jpg 224w, https:\/\/www.diario5.com.ar\/wp-content\/uploads\/2022\/07\/ar_tribuno20220724-768x1027.jpg 768w, https:\/\/www.diario5.com.ar\/wp-content\/uploads\/2022\/07\/ar_tribuno20220724.jpg 774w\" sizes=\"(max-width: 766px) 100vw, 766px\" \/><\/p>\n<p><img decoding=\"async\" loading=\"lazy\" class=\"alignnone size-large wp-image-655365\" title=\"Dif\u00edcil de creer\" src=\"https:\/\/www.diario5.com.ar\/wp-content\/uploads\/2022\/07\/ar_mirador_provincial20220724-763x1024.jpg\" alt=\"Dif\u00edcil de creer\" width=\"763\" height=\"1024\" srcset=\"https:\/\/www.diario5.com.ar\/wp-content\/uploads\/2022\/07\/ar_mirador_provincial20220724-763x1024.jpg 763w, https:\/\/www.diario5.com.ar\/wp-content\/uploads\/2022\/07\/ar_mirador_provincial20220724-223x300.jpg 223w, https:\/\/www.diario5.com.ar\/wp-content\/uploads\/2022\/07\/ar_mirador_provincial20220724-768x1031.jpg 768w, https:\/\/www.diario5.com.ar\/wp-content\/uploads\/2022\/07\/ar_mirador_provincial20220724.jpg 1024w\" sizes=\"(max-width: 763px) 100vw, 763px\" \/><\/p>\n<p><img decoding=\"async\" loading=\"lazy\" class=\"alignnone size-large wp-image-655366\" title=\"Dif\u00edcil de creer\" src=\"https:\/\/www.diario5.com.ar\/wp-content\/uploads\/2022\/07\/ar_gaceta20220724-616x1024.jpg\" alt=\"Dif\u00edcil de creer\" width=\"616\" height=\"1024\" srcset=\"https:\/\/www.diario5.com.ar\/wp-content\/uploads\/2022\/07\/ar_gaceta20220724-616x1024.jpg 616w, https:\/\/www.diario5.com.ar\/wp-content\/uploads\/2022\/07\/ar_gaceta20220724-180x300.jpg 180w, https:\/\/www.diario5.com.ar\/wp-content\/uploads\/2022\/07\/ar_gaceta20220724-768x1277.jpg 768w, https:\/\/www.diario5.com.ar\/wp-content\/uploads\/2022\/07\/ar_gaceta20220724-924x1536.jpg 924w, https:\/\/www.diario5.com.ar\/wp-content\/uploads\/2022\/07\/ar_gaceta20220724-1231x2048.jpg 1231w, https:\/\/www.diario5.com.ar\/wp-content\/uploads\/2022\/07\/ar_gaceta20220724.jpg 1443w\" sizes=\"(max-width: 616px) 100vw, 616px\" \/><\/p>\n<p><img decoding=\"async\" loading=\"lazy\" class=\"alignnone size-large wp-image-655367\" title=\"Dif\u00edcil de creer\" src=\"https:\/\/www.diario5.com.ar\/wp-content\/uploads\/2022\/07\/ar_cronica20220724-875x1024.jpg\" alt=\"Dif\u00edcil de creer\" width=\"875\" height=\"1024\" srcset=\"https:\/\/www.diario5.com.ar\/wp-content\/uploads\/2022\/07\/ar_cronica20220724-875x1024.jpg 875w, https:\/\/www.diario5.com.ar\/wp-content\/uploads\/2022\/07\/ar_cronica20220724-256x300.jpg 256w, https:\/\/www.diario5.com.ar\/wp-content\/uploads\/2022\/07\/ar_cronica20220724-768x899.jpg 768w, https:\/\/www.diario5.com.ar\/wp-content\/uploads\/2022\/07\/ar_cronica20220724-1313x1536.jpg 1313w, https:\/\/www.diario5.com.ar\/wp-content\/uploads\/2022\/07\/ar_cronica20220724.jpg 1600w\" sizes=\"(max-width: 875px) 100vw, 875px\" \/><\/p>\n<p><img decoding=\"async\" loading=\"lazy\" class=\"alignnone size-large wp-image-655368\" title=\"Dif\u00edcil de creer\" src=\"https:\/\/www.diario5.com.ar\/wp-content\/uploads\/2022\/07\/ar_clarin20220724-749x1024.jpg\" alt=\"Dif\u00edcil de creer\" width=\"749\" height=\"1024\" srcset=\"https:\/\/www.diario5.com.ar\/wp-content\/uploads\/2022\/07\/ar_clarin20220724-749x1024.jpg 749w, https:\/\/www.diario5.com.ar\/wp-content\/uploads\/2022\/07\/ar_clarin20220724-219x300.jpg 219w, https:\/\/www.diario5.com.ar\/wp-content\/uploads\/2022\/07\/ar_clarin20220724-768x1050.jpg 768w, https:\/\/www.diario5.com.ar\/wp-content\/uploads\/2022\/07\/ar_clarin20220724-1124x1536.jpg 1124w, https:\/\/www.diario5.com.ar\/wp-content\/uploads\/2022\/07\/ar_clarin20220724.jpg 1486w\" sizes=\"(max-width: 749px) 100vw, 749px\" \/><\/p>\n<p><img decoding=\"async\" loading=\"lazy\" class=\"alignnone size-large wp-image-655390\" src=\"https:\/\/www.diario5.com.ar\/wp-content\/uploads\/2022\/07\/ar_diario_cuyo20220724-680x1024.jpg\" width=\"680\" height=\"1024\" alt=\"Dif\u00edcil de creer\" title=\"Dif\u00edcil de creer\" srcset=\"https:\/\/www.diario5.com.ar\/wp-content\/uploads\/2022\/07\/ar_diario_cuyo20220724-680x1024.jpg 680w, https:\/\/www.diario5.com.ar\/wp-content\/uploads\/2022\/07\/ar_diario_cuyo20220724-199x300.jpg 199w, https:\/\/www.diario5.com.ar\/wp-content\/uploads\/2022\/07\/ar_diario_cuyo20220724.jpg 764w\" sizes=\"(max-width: 680px) 100vw, 680px\" \/><br \/>\n<img decoding=\"async\" loading=\"lazy\" class=\"alignnone size-large wp-image-655391\" src=\"https:\/\/www.diario5.com.ar\/wp-content\/uploads\/2022\/07\/la_capital20220724-757x1024.jpg\" width=\"757\" height=\"1024\" alt=\"Dif\u00edcil de creer\" title=\"Dif\u00edcil de creer\" srcset=\"https:\/\/www.diario5.com.ar\/wp-content\/uploads\/2022\/07\/la_capital20220724-757x1024.jpg 757w, https:\/\/www.diario5.com.ar\/wp-content\/uploads\/2022\/07\/la_capital20220724-222x300.jpg 222w, https:\/\/www.diario5.com.ar\/wp-content\/uploads\/2022\/07\/la_capital20220724-768x1038.jpg 768w, https:\/\/www.diario5.com.ar\/wp-content\/uploads\/2022\/07\/la_capital20220724-1136x1536.jpg 1136w, https:\/\/www.diario5.com.ar\/wp-content\/uploads\/2022\/07\/la_capital20220724-1515x2048.jpg 1515w, https:\/\/www.diario5.com.ar\/wp-content\/uploads\/2022\/07\/la_capital20220724.jpg 1566w\" sizes=\"(max-width: 757px) 100vw, 757px\" \/><\/p>\n<p><img decoding=\"async\" loading=\"lazy\" class=\"alignnone size-large wp-image-655392\" src=\"https:\/\/www.diario5.com.ar\/wp-content\/uploads\/2022\/07\/ar_nueva_provincia20220724-732x1024.jpg\" width=\"732\" height=\"1024\" alt=\"Dif\u00edcil de creer\" title=\"Dif\u00edcil de creer\" srcset=\"https:\/\/www.diario5.com.ar\/wp-content\/uploads\/2022\/07\/ar_nueva_provincia20220724-732x1024.jpg 732w, https:\/\/www.diario5.com.ar\/wp-content\/uploads\/2022\/07\/ar_nueva_provincia20220724-214x300.jpg 214w, https:\/\/www.diario5.com.ar\/wp-content\/uploads\/2022\/07\/ar_nueva_provincia20220724.jpg 764w\" sizes=\"(max-width: 732px) 100vw, 732px\" \/><\/p>\n<p><img decoding=\"async\" loading=\"lazy\" class=\"alignnone size-large wp-image-655393\" src=\"https:\/\/www.diario5.com.ar\/wp-content\/uploads\/2022\/07\/ar_eldia20220724-688x1024.jpg\" width=\"688\" height=\"1024\" alt=\"Dif\u00edcil de creer\" title=\"Dif\u00edcil de creer\" srcset=\"https:\/\/www.diario5.com.ar\/wp-content\/uploads\/2022\/07\/ar_eldia20220724-688x1024.jpg 688w, https:\/\/www.diario5.com.ar\/wp-content\/uploads\/2022\/07\/ar_eldia20220724-202x300.jpg 202w, https:\/\/www.diario5.com.ar\/wp-content\/uploads\/2022\/07\/ar_eldia20220724-768x1143.jpg 768w, https:\/\/www.diario5.com.ar\/wp-content\/uploads\/2022\/07\/ar_eldia20220724-1032x1536.jpg 1032w, https:\/\/www.diario5.com.ar\/wp-content\/uploads\/2022\/07\/ar_eldia20220724-1376x2048.jpg 1376w, https:\/\/www.diario5.com.ar\/wp-content\/uploads\/2022\/07\/ar_eldia20220724.jpg 1407w\" sizes=\"(max-width: 688px) 100vw, 688px\" \/><br \/>\n<img decoding=\"async\" loading=\"lazy\" class=\"alignnone size-large wp-image-655394\" src=\"https:\/\/www.diario5.com.ar\/wp-content\/uploads\/2022\/07\/ar_losandes20220724-742x1024.jpg\" width=\"742\" height=\"1024\" alt=\"Dif\u00edcil de creer\" title=\"Dif\u00edcil de creer\" srcset=\"https:\/\/www.diario5.com.ar\/wp-content\/uploads\/2022\/07\/ar_losandes20220724-742x1024.jpg 742w, https:\/\/www.diario5.com.ar\/wp-content\/uploads\/2022\/07\/ar_losandes20220724-217x300.jpg 217w, https:\/\/www.diario5.com.ar\/wp-content\/uploads\/2022\/07\/ar_losandes20220724.jpg 764w\" sizes=\"(max-width: 742px) 100vw, 742px\" \/><br \/>\n<img decoding=\"async\" loading=\"lazy\" class=\"alignnone size-large wp-image-655369\" title=\"Dif\u00edcil de creer\" src=\"https:\/\/www.diario5.com.ar\/wp-content\/uploads\/2022\/07\/nuevo_diario20220724-742x1024.jpg\" alt=\"Dif\u00edcil de creer\" width=\"742\" height=\"1024\" srcset=\"https:\/\/www.diario5.com.ar\/wp-content\/uploads\/2022\/07\/nuevo_diario20220724-742x1024.jpg 742w, https:\/\/www.diario5.com.ar\/wp-content\/uploads\/2022\/07\/nuevo_diario20220724-217x300.jpg 217w, https:\/\/www.diario5.com.ar\/wp-content\/uploads\/2022\/07\/nuevo_diario20220724.jpg 764w\" sizes=\"(max-width: 742px) 100vw, 742px\" \/><\/p>\n<p><img decoding=\"async\" loading=\"lazy\" class=\"alignnone size-large wp-image-655370\" title=\"Dif\u00edcil de creer\" src=\"https:\/\/www.diario5.com.ar\/wp-content\/uploads\/2022\/07\/ar_sureno20220724-781x1024.jpg\" alt=\"Dif\u00edcil de creer\" width=\"781\" height=\"1024\" srcset=\"https:\/\/www.diario5.com.ar\/wp-content\/uploads\/2022\/07\/ar_sureno20220724-781x1024.jpg 781w, https:\/\/www.diario5.com.ar\/wp-content\/uploads\/2022\/07\/ar_sureno20220724-229x300.jpg 229w, https:\/\/www.diario5.com.ar\/wp-content\/uploads\/2022\/07\/ar_sureno20220724-768x1007.jpg 768w, https:\/\/www.diario5.com.ar\/wp-content\/uploads\/2022\/07\/ar_sureno20220724.jpg 1038w\" sizes=\"(max-width: 781px) 100vw, 781px\" \/><\/p>\n<p>&nbsp;<\/p>","protected":false},"excerpt":{"rendered":"<p>Es en Diagonal Norte y Esmeralda. Est\u00e1n sin recolecci\u00f3n de basura durante m\u00e1s de dos semanas. El olor es pestilente. Y el punto de la ciudad, m\u00e1s c\u00e9ntrico no puede ser. &nbsp; &nbsp; Los encargados y varias personas que trabajan en los edificios de Diagonal Norte 846 y 852 acaban de enviar su octavo reclamo [&hellip;]<\/p>","protected":false},"author":2,"featured_media":655353,"comment_status":"open","ping_status":"open","sticky":false,"template":"","format":"standard","meta":[],"categories":[3,56,6],"tags":[],"series":[],"_links":{"self":[{"href":"https:\/\/www.diario5.com.ar\/es\/wp-json\/wp\/v2\/posts\/636315"}],"collection":[{"href":"https:\/\/www.diario5.com.ar\/es\/wp-json\/wp\/v2\/posts"}],"about":[{"href":"https:\/\/www.diario5.com.ar\/es\/wp-json\/wp\/v2\/types\/post"}],"author":[{"embeddable":true,"href":"https:\/\/www.diario5.com.ar\/es\/wp-json\/wp\/v2\/users\/2"}],"replies":[{"embeddable":true,"href":"https:\/\/www.diario5.com.ar\/es\/wp-json\/wp\/v2\/comments?post=636315"}],"version-history":[{"count":6,"href":"https:\/\/www.diario5.com.ar\/es\/wp-json\/wp\/v2\/posts\/636315\/revisions"}],"predecessor-version":[{"id":655395,"href":"https:\/\/www.diario5.com.ar\/es\/wp-json\/wp\/v2\/posts\/636315\/revisions\/655395"}],"wp:featuredmedia":[{"embeddable":true,"href":"https:\/\/www.diario5.com.ar\/es\/wp-json\/wp\/v2\/media\/655353"}],"wp:attachment":[{"href":"https:\/\/www.diario5.com.ar\/es\/wp-json\/wp\/v2\/media?parent=636315"}],"wp:term":[{"taxonomy":"category","embeddable":true,"href":"https:\/\/www.diario5.com.ar\/es\/wp-json\/wp\/v2\/categories?post=636315"},{"taxonomy":"post_tag","embeddable":true,"href":"https:\/\/www.diario5.com.ar\/es\/wp-json\/wp\/v2\/tags?post=636315"},{"taxonomy":"series","embeddable":true,"href":"https:\/\/www.diario5.com.ar\/es\/wp-json\/wp\/v2\/series?post=636315"}],"curies":[{"name":"wp","href":"https:\/\/api.w.org\/{rel}","templated":true}]}}