{"id":636312,"date":"2022-07-21T06:50:00","date_gmt":"2022-07-21T09:50:00","guid":{"rendered":"http:\/\/diario5.com.ar\/?p=636312"},"modified":"2022-07-21T12:40:34","modified_gmt":"2022-07-21T15:40:34","slug":"636312","status":"publish","type":"post","link":"https:\/\/www.diario5.com.ar\/es\/636312\/","title":{"rendered":"El frente del Congreso"},"content":{"rendered":"<h2 class=\"sub-title-primary\">Las estatuas que Lola Mora esculpi\u00f3 para los laterales del edificio sufrieron los vaivenes de los desacuerdos argentinos.<\/h2> <p><img decoding=\"async\" loading=\"lazy\" class=\"alignnone size-full wp-image-654988\" src=\"https:\/\/www.diario5.com.ar\/wp-content\/uploads\/2022\/07\/congreso_en_obra.jpg\" alt=\"\" width=\"1356\" height=\"732\" srcset=\"https:\/\/www.diario5.com.ar\/wp-content\/uploads\/2022\/07\/congreso_en_obra.jpg 1356w, https:\/\/www.diario5.com.ar\/wp-content\/uploads\/2022\/07\/congreso_en_obra-300x162.jpg 300w, https:\/\/www.diario5.com.ar\/wp-content\/uploads\/2022\/07\/congreso_en_obra-1024x553.jpg 1024w, https:\/\/www.diario5.com.ar\/wp-content\/uploads\/2022\/07\/congreso_en_obra-768x415.jpg 768w\" sizes=\"(max-width: 1356px) 100vw, 1356px\" \/><\/p>\n<p><img decoding=\"async\" loading=\"lazy\" class=\"alignnone wp-image-654916\" src=\"https:\/\/www.diario5.com.ar\/wp-content\/uploads\/2022\/07\/IMG_20220713_143020_205.jpg\" alt=\"\" width=\"994\" height=\"559\" srcset=\"https:\/\/www.diario5.com.ar\/wp-content\/uploads\/2022\/07\/IMG_20220713_143020_205.jpg 640w, https:\/\/www.diario5.com.ar\/wp-content\/uploads\/2022\/07\/IMG_20220713_143020_205-300x169.jpg 300w\" sizes=\"(max-width: 994px) 100vw, 994px\" \/><\/p>\n<p>El frente del palacio del Congreso Nacional atraviesa una nueva etapa de blanqueo. Ya entre 2020 y 2021 se observaron los trabajos realizados sobre las paredes, columnas, bordes de ventanales y molduras llegan al frente de la avenida entre r\u00edos y cuyo tono gris\u00e1ceo generaba un interesante contraste con el blanco de las dos estatuas de lo la mora ubicadas cada una delante de las rampas de acceso y salida de veh\u00edculos en la entrada principal.<\/p>\n<p>Hoy, con el excesivo blanqueo del frente del edificio, el contraste con las esculturas, se ha perdido. Por supuesto que la nueva capa va m\u00e1s al detalle y deja una sensaci\u00f3n casi perfeccionista pero no era necesario tanto tratamiento est\u00e9tico. El enarenado anterior estaba mejor. No debemos olvidar que el tono natural del palacio debe conservar su gris natural, porque se trata del tono original de las piedras con las que se fabricaron las grandes placas calizas para el armado de la fachada. Hay una exageraci\u00f3n que puede llegar a perjudicar todo el trabajo de mejora de imagen del congreso.<\/p>\n<p>Las estatuas realizadas por Lola Mora, como es habitual en la Argentina, generaron una inconducente pol\u00e9mica a partir de los desnudos que integraban el bell\u00edsimo combo art\u00edstico realizado por la consagrada escultora. Incre\u00edblemente, en 1916, las dos obras \u2013en las alas norte y sur del atrio del palacio- fueron retiradas a partir de aquel ser discusi\u00f3n, que termin\u00f3 demostrando la inmadurez de la sociedad Argentina, apenas disimulada por la gran riqueza de la naci\u00f3n generada con la exitosa venta de alimentos al mundo. Lola Mora acord\u00f3 con el gobierno de Jujuy y las estatuas viajaron a San Salvador en el a\u00f1o 1927 quedaron en los jardines de la casa de gobierno provincial.<\/p>\n<p>Pasaron d\u00e9cadas para que desde el congreso nacional se dieran cuenta de que era necesario recuperar las. Jujuy puso reparos y con justicia: ellos hab\u00edan valorado lo que la naci\u00f3n no supo, no pudo o no quiso apreciar.<\/p>\n<p>Finalmente, el arrepentido congreso de la arrepentida capital Argentina se debi\u00f3 conformar con dos reproducciones de las esculturas originales, las que \u2013luego de tantos a\u00f1os a la intemperie juje\u00f1a- entraron en un proceso de restauraci\u00f3n especial.<\/p>\n<p>M\u00e1s all\u00e1 del v\u00ednculo visual entre las estatuas y al frente del edificio, el trabajo de blanqueo eleva la jerarqu\u00eda se\u00f1orial del edificio de estilo neocl\u00e1sico m\u00e1s impactante que se haya construido en la Argentina.<\/p>\n<p><!--googleoff: index--><br \/>\n<!--googleon: index--><br \/>\n<img decoding=\"async\" loading=\"lazy\" class=\"alignnone size-large wp-image-655212\" src=\"https:\/\/www.diario5.com.ar\/wp-content\/uploads\/2022\/07\/la_capital20220721-761x1024.jpg\" width=\"761\" height=\"1024\" alt=\"El frente del Congreso\" title=\"El frente del Congreso\" srcset=\"https:\/\/www.diario5.com.ar\/wp-content\/uploads\/2022\/07\/la_capital20220721-761x1024.jpg 761w, https:\/\/www.diario5.com.ar\/wp-content\/uploads\/2022\/07\/la_capital20220721-223x300.jpg 223w, https:\/\/www.diario5.com.ar\/wp-content\/uploads\/2022\/07\/la_capital20220721-768x1033.jpg 768w, https:\/\/www.diario5.com.ar\/wp-content\/uploads\/2022\/07\/la_capital20220721-1141x1536.jpg 1141w, https:\/\/www.diario5.com.ar\/wp-content\/uploads\/2022\/07\/la_capital20220721-1522x2048.jpg 1522w, https:\/\/www.diario5.com.ar\/wp-content\/uploads\/2022\/07\/la_capital20220721.jpg 1568w\" sizes=\"(max-width: 761px) 100vw, 761px\" \/><\/p>\n<p>&nbsp;<\/p>\n<p><img decoding=\"async\" loading=\"lazy\" class=\"alignnone size-large wp-image-655164\" title=\"El frente del Congreso\" src=\"https:\/\/www.diario5.com.ar\/wp-content\/uploads\/2022\/07\/ar_ambito20220721-767x1024.jpg\" alt=\"El frente del Congreso\" width=\"767\" height=\"1024\" srcset=\"https:\/\/www.diario5.com.ar\/wp-content\/uploads\/2022\/07\/ar_ambito20220721-767x1024.jpg 767w, https:\/\/www.diario5.com.ar\/wp-content\/uploads\/2022\/07\/ar_ambito20220721-225x300.jpg 225w, https:\/\/www.diario5.com.ar\/wp-content\/uploads\/2022\/07\/ar_ambito20220721-768x1025.jpg 768w, https:\/\/www.diario5.com.ar\/wp-content\/uploads\/2022\/07\/ar_ambito20220721-1151x1536.jpg 1151w, https:\/\/www.diario5.com.ar\/wp-content\/uploads\/2022\/07\/ar_ambito20220721.jpg 1487w\" sizes=\"(max-width: 767px) 100vw, 767px\" \/><\/p>\n<p>&nbsp;<\/p>\n<p><img decoding=\"async\" loading=\"lazy\" class=\"alignnone size-large wp-image-655165\" title=\"El frente del Congreso\" src=\"https:\/\/www.diario5.com.ar\/wp-content\/uploads\/2022\/07\/voz_chaco20220721-829x1024.jpg\" alt=\"El frente del Congreso\" width=\"829\" height=\"1024\" srcset=\"https:\/\/www.diario5.com.ar\/wp-content\/uploads\/2022\/07\/voz_chaco20220721-829x1024.jpg 829w, https:\/\/www.diario5.com.ar\/wp-content\/uploads\/2022\/07\/voz_chaco20220721-243x300.jpg 243w, https:\/\/www.diario5.com.ar\/wp-content\/uploads\/2022\/07\/voz_chaco20220721-768x948.jpg 768w, https:\/\/www.diario5.com.ar\/wp-content\/uploads\/2022\/07\/voz_chaco20220721.jpg 864w\" sizes=\"(max-width: 829px) 100vw, 829px\" \/><\/p>\n<p><img decoding=\"async\" loading=\"lazy\" class=\"alignnone size-large wp-image-655166\" title=\"El frente del Congreso\" src=\"https:\/\/www.diario5.com.ar\/wp-content\/uploads\/2022\/07\/ar_diario_madryn20220721-753x1024.jpg\" alt=\"El frente del Congreso\" width=\"753\" height=\"1024\" srcset=\"https:\/\/www.diario5.com.ar\/wp-content\/uploads\/2022\/07\/ar_diario_madryn20220721-753x1024.jpg 753w, https:\/\/www.diario5.com.ar\/wp-content\/uploads\/2022\/07\/ar_diario_madryn20220721-221x300.jpg 221w, https:\/\/www.diario5.com.ar\/wp-content\/uploads\/2022\/07\/ar_diario_madryn20220721.jpg 764w\" sizes=\"(max-width: 753px) 100vw, 753px\" \/><\/p>\n<p>&nbsp;<\/p>\n<p><img decoding=\"async\" loading=\"lazy\" class=\"alignnone size-large wp-image-655213\" src=\"https:\/\/www.diario5.com.ar\/wp-content\/uploads\/2022\/07\/ar_cronista20220721-725x1024.jpg\" width=\"725\" height=\"1024\" alt=\"El frente del Congreso\" title=\"El frente del Congreso\" srcset=\"https:\/\/www.diario5.com.ar\/wp-content\/uploads\/2022\/07\/ar_cronista20220721-725x1024.jpg 725w, https:\/\/www.diario5.com.ar\/wp-content\/uploads\/2022\/07\/ar_cronista20220721-212x300.jpg 212w, https:\/\/www.diario5.com.ar\/wp-content\/uploads\/2022\/07\/ar_cronista20220721.jpg 764w\" sizes=\"(max-width: 725px) 100vw, 725px\" \/><\/p>\n<p><img decoding=\"async\" loading=\"lazy\" class=\"alignnone size-large wp-image-655167\" title=\"El frente del Congreso\" src=\"https:\/\/www.diario5.com.ar\/wp-content\/uploads\/2022\/07\/buenosaires_economico20220721-859x1024.jpg\" alt=\"El frente del Congreso\" width=\"859\" height=\"1024\" srcset=\"https:\/\/www.diario5.com.ar\/wp-content\/uploads\/2022\/07\/buenosaires_economico20220721-859x1024.jpg 859w, https:\/\/www.diario5.com.ar\/wp-content\/uploads\/2022\/07\/buenosaires_economico20220721-252x300.jpg 252w, https:\/\/www.diario5.com.ar\/wp-content\/uploads\/2022\/07\/buenosaires_economico20220721-768x916.jpg 768w, https:\/\/www.diario5.com.ar\/wp-content\/uploads\/2022\/07\/buenosaires_economico20220721-1288x1536.jpg 1288w, https:\/\/www.diario5.com.ar\/wp-content\/uploads\/2022\/07\/buenosaires_economico20220721.jpg 1582w\" sizes=\"(max-width: 859px) 100vw, 859px\" \/><\/p>\n<p>&nbsp;<\/p>\n<p><img decoding=\"async\" loading=\"lazy\" class=\"alignnone size-large wp-image-655168\" title=\"El frente del Congreso\" src=\"https:\/\/www.diario5.com.ar\/wp-content\/uploads\/2022\/07\/ar_eldia20220721-683x1024.jpg\" alt=\"El frente del Congreso\" width=\"683\" height=\"1024\" srcset=\"https:\/\/www.diario5.com.ar\/wp-content\/uploads\/2022\/07\/ar_eldia20220721-683x1024.jpg 683w, https:\/\/www.diario5.com.ar\/wp-content\/uploads\/2022\/07\/ar_eldia20220721-200x300.jpg 200w, https:\/\/www.diario5.com.ar\/wp-content\/uploads\/2022\/07\/ar_eldia20220721-768x1152.jpg 768w, https:\/\/www.diario5.com.ar\/wp-content\/uploads\/2022\/07\/ar_eldia20220721-1024x1536.jpg 1024w, https:\/\/www.diario5.com.ar\/wp-content\/uploads\/2022\/07\/ar_eldia20220721-1365x2048.jpg 1365w, https:\/\/www.diario5.com.ar\/wp-content\/uploads\/2022\/07\/ar_eldia20220721.jpg 1600w\" sizes=\"(max-width: 683px) 100vw, 683px\" \/><\/p>\n<p><img decoding=\"async\" loading=\"lazy\" class=\"alignnone size-large wp-image-655169\" title=\"El frente del Congreso\" src=\"https:\/\/www.diario5.com.ar\/wp-content\/uploads\/2022\/07\/ar_hoy20220721-781x1024.jpg\" alt=\"El frente del Congreso\" width=\"781\" height=\"1024\" srcset=\"https:\/\/www.diario5.com.ar\/wp-content\/uploads\/2022\/07\/ar_hoy20220721-781x1024.jpg 781w, https:\/\/www.diario5.com.ar\/wp-content\/uploads\/2022\/07\/ar_hoy20220721-229x300.jpg 229w, https:\/\/www.diario5.com.ar\/wp-content\/uploads\/2022\/07\/ar_hoy20220721-768x1006.jpg 768w, https:\/\/www.diario5.com.ar\/wp-content\/uploads\/2022\/07\/ar_hoy20220721.jpg 960w\" sizes=\"(max-width: 781px) 100vw, 781px\" \/><\/p>\n<p><img decoding=\"async\" loading=\"lazy\" class=\"alignnone size-large wp-image-655170\" title=\"El frente del Congreso\" src=\"https:\/\/www.diario5.com.ar\/wp-content\/uploads\/2022\/07\/ar_litoral20220721-786x1024.jpg\" alt=\"El frente del Congreso\" width=\"786\" height=\"1024\" srcset=\"https:\/\/www.diario5.com.ar\/wp-content\/uploads\/2022\/07\/ar_litoral20220721-786x1024.jpg 786w, https:\/\/www.diario5.com.ar\/wp-content\/uploads\/2022\/07\/ar_litoral20220721-230x300.jpg 230w, https:\/\/www.diario5.com.ar\/wp-content\/uploads\/2022\/07\/ar_litoral20220721-768x1001.jpg 768w, https:\/\/www.diario5.com.ar\/wp-content\/uploads\/2022\/07\/ar_litoral20220721.jpg 1142w\" sizes=\"(max-width: 786px) 100vw, 786px\" \/><\/p>\n<p><img decoding=\"async\" loading=\"lazy\" class=\"alignnone size-large wp-image-655214\" src=\"https:\/\/www.diario5.com.ar\/wp-content\/uploads\/2022\/07\/ar_heraldo20220721-611x1024.jpg\" width=\"611\" height=\"1024\" alt=\"El frente del Congreso\" title=\"El frente del Congreso\" srcset=\"https:\/\/www.diario5.com.ar\/wp-content\/uploads\/2022\/07\/ar_heraldo20220721-611x1024.jpg 611w, https:\/\/www.diario5.com.ar\/wp-content\/uploads\/2022\/07\/ar_heraldo20220721-179x300.jpg 179w, https:\/\/www.diario5.com.ar\/wp-content\/uploads\/2022\/07\/ar_heraldo20220721.jpg 764w\" sizes=\"(max-width: 611px) 100vw, 611px\" \/><\/p>\n<p><img decoding=\"async\" loading=\"lazy\" class=\"alignnone size-large wp-image-655171\" title=\"El frente del Congreso\" src=\"https:\/\/www.diario5.com.ar\/wp-content\/uploads\/2022\/07\/ar_pagina1220220721-814x1024.jpg\" alt=\"El frente del Congreso\" width=\"814\" height=\"1024\" srcset=\"https:\/\/www.diario5.com.ar\/wp-content\/uploads\/2022\/07\/ar_pagina1220220721-814x1024.jpg 814w, https:\/\/www.diario5.com.ar\/wp-content\/uploads\/2022\/07\/ar_pagina1220220721-239x300.jpg 239w, https:\/\/www.diario5.com.ar\/wp-content\/uploads\/2022\/07\/ar_pagina1220220721-768x966.jpg 768w, https:\/\/www.diario5.com.ar\/wp-content\/uploads\/2022\/07\/ar_pagina1220220721-1221x1536.jpg 1221w, https:\/\/www.diario5.com.ar\/wp-content\/uploads\/2022\/07\/ar_pagina1220220721.jpg 1526w\" sizes=\"(max-width: 814px) 100vw, 814px\" \/><\/p>\n<p>&nbsp;<\/p>\n<p><img decoding=\"async\" loading=\"lazy\" class=\"alignnone size-large wp-image-655215\" src=\"https:\/\/www.diario5.com.ar\/wp-content\/uploads\/2022\/07\/independiente20220721-744x1024.jpg\" width=\"744\" height=\"1024\" alt=\"El frente del Congreso\" title=\"El frente del Congreso\" srcset=\"https:\/\/www.diario5.com.ar\/wp-content\/uploads\/2022\/07\/independiente20220721-744x1024.jpg 744w, https:\/\/www.diario5.com.ar\/wp-content\/uploads\/2022\/07\/independiente20220721-218x300.jpg 218w, https:\/\/www.diario5.com.ar\/wp-content\/uploads\/2022\/07\/independiente20220721-768x1057.jpg 768w, https:\/\/www.diario5.com.ar\/wp-content\/uploads\/2022\/07\/independiente20220721.jpg 814w\" sizes=\"(max-width: 744px) 100vw, 744px\" \/><\/p>\n<p><img decoding=\"async\" loading=\"lazy\" class=\"alignnone size-large wp-image-655172\" title=\"El frente del Congreso\" src=\"https:\/\/www.diario5.com.ar\/wp-content\/uploads\/2022\/07\/nueva_rioja20220721-724x1024.jpg\" alt=\"El frente del Congreso\" width=\"724\" height=\"1024\" srcset=\"https:\/\/www.diario5.com.ar\/wp-content\/uploads\/2022\/07\/nueva_rioja20220721-724x1024.jpg 724w, https:\/\/www.diario5.com.ar\/wp-content\/uploads\/2022\/07\/nueva_rioja20220721-212x300.jpg 212w, https:\/\/www.diario5.com.ar\/wp-content\/uploads\/2022\/07\/nueva_rioja20220721.jpg 764w\" sizes=\"(max-width: 724px) 100vw, 724px\" \/><\/p>\n<p><img decoding=\"async\" loading=\"lazy\" class=\"alignnone size-large wp-image-655173\" title=\"El frente del Congreso\" src=\"https:\/\/www.diario5.com.ar\/wp-content\/uploads\/2022\/07\/ar_losandes20220721-742x1024.jpg\" alt=\"El frente del Congreso\" width=\"742\" height=\"1024\" srcset=\"https:\/\/www.diario5.com.ar\/wp-content\/uploads\/2022\/07\/ar_losandes20220721-742x1024.jpg 742w, https:\/\/www.diario5.com.ar\/wp-content\/uploads\/2022\/07\/ar_losandes20220721-217x300.jpg 217w, https:\/\/www.diario5.com.ar\/wp-content\/uploads\/2022\/07\/ar_losandes20220721.jpg 764w\" sizes=\"(max-width: 742px) 100vw, 742px\" \/><\/p>\n<p>&nbsp;<\/p>\n<p><img decoding=\"async\" loading=\"lazy\" class=\"alignnone size-large wp-image-655216\" src=\"https:\/\/www.diario5.com.ar\/wp-content\/uploads\/2022\/07\/lea20220721-793x1024.jpg\" width=\"793\" height=\"1024\" alt=\"El frente del Congreso\" title=\"El frente del Congreso\" srcset=\"https:\/\/www.diario5.com.ar\/wp-content\/uploads\/2022\/07\/lea20220721-793x1024.jpg 793w, https:\/\/www.diario5.com.ar\/wp-content\/uploads\/2022\/07\/lea20220721-232x300.jpg 232w, https:\/\/www.diario5.com.ar\/wp-content\/uploads\/2022\/07\/lea20220721-768x992.jpg 768w, https:\/\/www.diario5.com.ar\/wp-content\/uploads\/2022\/07\/lea20220721-1189x1536.jpg 1189w, https:\/\/www.diario5.com.ar\/wp-content\/uploads\/2022\/07\/lea20220721-1585x2048.jpg 1585w, https:\/\/www.diario5.com.ar\/wp-content\/uploads\/2022\/07\/lea20220721.jpg 1858w\" sizes=\"(max-width: 793px) 100vw, 793px\" \/><\/p>\n<p><img decoding=\"async\" loading=\"lazy\" class=\"alignnone size-large wp-image-655174\" title=\"El frente del Congreso\" src=\"https:\/\/www.diario5.com.ar\/wp-content\/uploads\/2022\/07\/ar_rio_negro20220721-680x1024.jpg\" alt=\"El frente del Congreso\" width=\"680\" height=\"1024\" srcset=\"https:\/\/www.diario5.com.ar\/wp-content\/uploads\/2022\/07\/ar_rio_negro20220721-680x1024.jpg 680w, https:\/\/www.diario5.com.ar\/wp-content\/uploads\/2022\/07\/ar_rio_negro20220721-199x300.jpg 199w, https:\/\/www.diario5.com.ar\/wp-content\/uploads\/2022\/07\/ar_rio_negro20220721-768x1157.jpg 768w, https:\/\/www.diario5.com.ar\/wp-content\/uploads\/2022\/07\/ar_rio_negro20220721-1020x1536.jpg 1020w, https:\/\/www.diario5.com.ar\/wp-content\/uploads\/2022\/07\/ar_rio_negro20220721.jpg 1168w\" sizes=\"(max-width: 680px) 100vw, 680px\" \/><\/p>\n<p><img decoding=\"async\" loading=\"lazy\" class=\"alignnone size-large wp-image-655217\" src=\"https:\/\/www.diario5.com.ar\/wp-content\/uploads\/2022\/07\/ar_diario_cuyo20220721-681x1024.jpg\" width=\"681\" height=\"1024\" alt=\"El frente del Congreso\" title=\"El frente del Congreso\" srcset=\"https:\/\/www.diario5.com.ar\/wp-content\/uploads\/2022\/07\/ar_diario_cuyo20220721-681x1024.jpg 681w, https:\/\/www.diario5.com.ar\/wp-content\/uploads\/2022\/07\/ar_diario_cuyo20220721-200x300.jpg 200w, https:\/\/www.diario5.com.ar\/wp-content\/uploads\/2022\/07\/ar_diario_cuyo20220721.jpg 764w\" sizes=\"(max-width: 681px) 100vw, 681px\" \/><\/p>\n<p><img decoding=\"async\" loading=\"lazy\" class=\"alignnone size-full wp-image-655175\" title=\"El frente del Congreso\" src=\"https:\/\/www.diario5.com.ar\/wp-content\/uploads\/2022\/07\/huarpe20220721.jpg\" alt=\"El frente del Congreso\" width=\"764\" height=\"983\" srcset=\"https:\/\/www.diario5.com.ar\/wp-content\/uploads\/2022\/07\/huarpe20220721.jpg 764w, https:\/\/www.diario5.com.ar\/wp-content\/uploads\/2022\/07\/huarpe20220721-233x300.jpg 233w\" sizes=\"(max-width: 764px) 100vw, 764px\" \/><\/p>\n<p><img decoding=\"async\" loading=\"lazy\" class=\"alignnone size-large wp-image-655218\" src=\"https:\/\/www.diario5.com.ar\/wp-content\/uploads\/2022\/07\/ar_diario_republica20220721-727x1024.jpg\" width=\"727\" height=\"1024\" alt=\"El frente del Congreso\" title=\"El frente del Congreso\" srcset=\"https:\/\/www.diario5.com.ar\/wp-content\/uploads\/2022\/07\/ar_diario_republica20220721-727x1024.jpg 727w, https:\/\/www.diario5.com.ar\/wp-content\/uploads\/2022\/07\/ar_diario_republica20220721-213x300.jpg 213w, https:\/\/www.diario5.com.ar\/wp-content\/uploads\/2022\/07\/ar_diario_republica20220721-768x1081.jpg 768w, https:\/\/www.diario5.com.ar\/wp-content\/uploads\/2022\/07\/ar_diario_republica20220721-1091x1536.jpg 1091w, https:\/\/www.diario5.com.ar\/wp-content\/uploads\/2022\/07\/ar_diario_republica20220721-1455x2048.jpg 1455w, https:\/\/www.diario5.com.ar\/wp-content\/uploads\/2022\/07\/ar_diario_republica20220721.jpg 1705w\" sizes=\"(max-width: 727px) 100vw, 727px\" \/><\/p>\n<p><img decoding=\"async\" loading=\"lazy\" class=\"alignnone size-large wp-image-655176\" title=\"El frente del Congreso\" src=\"https:\/\/www.diario5.com.ar\/wp-content\/uploads\/2022\/07\/ar_litoral_sfe20220721-767x1024.jpg\" alt=\"El frente del Congreso\" width=\"767\" height=\"1024\" srcset=\"https:\/\/www.diario5.com.ar\/wp-content\/uploads\/2022\/07\/ar_litoral_sfe20220721-767x1024.jpg 767w, https:\/\/www.diario5.com.ar\/wp-content\/uploads\/2022\/07\/ar_litoral_sfe20220721-225x300.jpg 225w, https:\/\/www.diario5.com.ar\/wp-content\/uploads\/2022\/07\/ar_litoral_sfe20220721-768x1025.jpg 768w, https:\/\/www.diario5.com.ar\/wp-content\/uploads\/2022\/07\/ar_litoral_sfe20220721.jpg 1024w\" sizes=\"(max-width: 767px) 100vw, 767px\" \/><\/p>\n<p><img decoding=\"async\" loading=\"lazy\" class=\"alignnone size-large wp-image-655177\" title=\"El frente del Congreso\" src=\"https:\/\/www.diario5.com.ar\/wp-content\/uploads\/2022\/07\/ciudadano20220721-765x1024.jpg\" alt=\"El frente del Congreso\" width=\"765\" height=\"1024\" srcset=\"https:\/\/www.diario5.com.ar\/wp-content\/uploads\/2022\/07\/ciudadano20220721-765x1024.jpg 765w, https:\/\/www.diario5.com.ar\/wp-content\/uploads\/2022\/07\/ciudadano20220721-224x300.jpg 224w, https:\/\/www.diario5.com.ar\/wp-content\/uploads\/2022\/07\/ciudadano20220721-768x1029.jpg 768w, https:\/\/www.diario5.com.ar\/wp-content\/uploads\/2022\/07\/ciudadano20220721.jpg 896w\" sizes=\"(max-width: 765px) 100vw, 765px\" \/><\/p>\n<p><img decoding=\"async\" loading=\"lazy\" class=\"alignnone size-large wp-image-655178\" title=\"El frente del Congreso\" src=\"https:\/\/www.diario5.com.ar\/wp-content\/uploads\/2022\/07\/ar_mirador_provincial20220721-762x1024.jpg\" alt=\"El frente del Congreso\" width=\"762\" height=\"1024\" srcset=\"https:\/\/www.diario5.com.ar\/wp-content\/uploads\/2022\/07\/ar_mirador_provincial20220721-762x1024.jpg 762w, https:\/\/www.diario5.com.ar\/wp-content\/uploads\/2022\/07\/ar_mirador_provincial20220721-223x300.jpg 223w, https:\/\/www.diario5.com.ar\/wp-content\/uploads\/2022\/07\/ar_mirador_provincial20220721-768x1032.jpg 768w, https:\/\/www.diario5.com.ar\/wp-content\/uploads\/2022\/07\/ar_mirador_provincial20220721.jpg 1024w\" sizes=\"(max-width: 762px) 100vw, 762px\" \/><\/p>\n<p><img decoding=\"async\" loading=\"lazy\" class=\"alignnone size-large wp-image-655179\" title=\"El frente del Congreso\" src=\"https:\/\/www.diario5.com.ar\/wp-content\/uploads\/2022\/07\/ar_gaceta20220721-616x1024.jpg\" alt=\"El frente del Congreso\" width=\"616\" height=\"1024\" srcset=\"https:\/\/www.diario5.com.ar\/wp-content\/uploads\/2022\/07\/ar_gaceta20220721-616x1024.jpg 616w, https:\/\/www.diario5.com.ar\/wp-content\/uploads\/2022\/07\/ar_gaceta20220721-181x300.jpg 181w, https:\/\/www.diario5.com.ar\/wp-content\/uploads\/2022\/07\/ar_gaceta20220721-768x1276.jpg 768w, https:\/\/www.diario5.com.ar\/wp-content\/uploads\/2022\/07\/ar_gaceta20220721-924x1536.jpg 924w, https:\/\/www.diario5.com.ar\/wp-content\/uploads\/2022\/07\/ar_gaceta20220721-1232x2048.jpg 1232w, https:\/\/www.diario5.com.ar\/wp-content\/uploads\/2022\/07\/ar_gaceta20220721.jpg 1444w\" sizes=\"(max-width: 616px) 100vw, 616px\" \/><\/p>\n<p><img decoding=\"async\" loading=\"lazy\" class=\"alignnone size-large wp-image-655180\" title=\"El frente del Congreso\" src=\"https:\/\/www.diario5.com.ar\/wp-content\/uploads\/2022\/07\/ar_cronica20220721-875x1024.jpg\" alt=\"El frente del Congreso\" width=\"875\" height=\"1024\" srcset=\"https:\/\/www.diario5.com.ar\/wp-content\/uploads\/2022\/07\/ar_cronica20220721-875x1024.jpg 875w, https:\/\/www.diario5.com.ar\/wp-content\/uploads\/2022\/07\/ar_cronica20220721-256x300.jpg 256w, https:\/\/www.diario5.com.ar\/wp-content\/uploads\/2022\/07\/ar_cronica20220721-768x899.jpg 768w, https:\/\/www.diario5.com.ar\/wp-content\/uploads\/2022\/07\/ar_cronica20220721-1313x1536.jpg 1313w, https:\/\/www.diario5.com.ar\/wp-content\/uploads\/2022\/07\/ar_cronica20220721.jpg 1600w\" sizes=\"(max-width: 875px) 100vw, 875px\" \/><\/p>\n<p><img decoding=\"async\" loading=\"lazy\" class=\"alignnone size-large wp-image-655181\" title=\"El frente del Congreso\" src=\"https:\/\/www.diario5.com.ar\/wp-content\/uploads\/2022\/07\/ar_clarin20220721-742x1024.jpg\" alt=\"El frente del Congreso\" width=\"742\" height=\"1024\" srcset=\"https:\/\/www.diario5.com.ar\/wp-content\/uploads\/2022\/07\/ar_clarin20220721-742x1024.jpg 742w, https:\/\/www.diario5.com.ar\/wp-content\/uploads\/2022\/07\/ar_clarin20220721-217x300.jpg 217w, https:\/\/www.diario5.com.ar\/wp-content\/uploads\/2022\/07\/ar_clarin20220721-768x1060.jpg 768w, https:\/\/www.diario5.com.ar\/wp-content\/uploads\/2022\/07\/ar_clarin20220721-1112x1536.jpg 1112w, https:\/\/www.diario5.com.ar\/wp-content\/uploads\/2022\/07\/ar_clarin20220721.jpg 1471w\" sizes=\"(max-width: 742px) 100vw, 742px\" \/><\/p>\n<p><img decoding=\"async\" loading=\"lazy\" class=\"alignnone size-large wp-image-655182\" title=\"El frente del Congreso\" src=\"https:\/\/www.diario5.com.ar\/wp-content\/uploads\/2022\/07\/nacion20220721-681x1024.jpg\" alt=\"El frente del Congreso\" width=\"681\" height=\"1024\" srcset=\"https:\/\/www.diario5.com.ar\/wp-content\/uploads\/2022\/07\/nacion20220721-681x1024.jpg 681w, https:\/\/www.diario5.com.ar\/wp-content\/uploads\/2022\/07\/nacion20220721-199x300.jpg 199w, https:\/\/www.diario5.com.ar\/wp-content\/uploads\/2022\/07\/nacion20220721.jpg 764w\" sizes=\"(max-width: 681px) 100vw, 681px\" \/><\/p>\n<p>&nbsp;<\/p>\n<p><img decoding=\"async\" loading=\"lazy\" class=\"alignnone size-large wp-image-655183\" title=\"El frente del Congreso\" src=\"https:\/\/www.diario5.com.ar\/wp-content\/uploads\/2022\/07\/nuevo_diario20220721-742x1024.jpg\" alt=\"El frente del Congreso\" width=\"742\" height=\"1024\" srcset=\"https:\/\/www.diario5.com.ar\/wp-content\/uploads\/2022\/07\/nuevo_diario20220721-742x1024.jpg 742w, https:\/\/www.diario5.com.ar\/wp-content\/uploads\/2022\/07\/nuevo_diario20220721-217x300.jpg 217w, https:\/\/www.diario5.com.ar\/wp-content\/uploads\/2022\/07\/nuevo_diario20220721.jpg 764w\" sizes=\"(max-width: 742px) 100vw, 742px\" \/><\/p>\n<p><img decoding=\"async\" loading=\"lazy\" class=\"alignnone size-large wp-image-655184\" title=\"El frente del Congreso\" src=\"https:\/\/www.diario5.com.ar\/wp-content\/uploads\/2022\/07\/ar_sureno20220721-778x1024.jpg\" alt=\"El frente del Congreso\" width=\"778\" height=\"1024\" srcset=\"https:\/\/www.diario5.com.ar\/wp-content\/uploads\/2022\/07\/ar_sureno20220721-778x1024.jpg 778w, https:\/\/www.diario5.com.ar\/wp-content\/uploads\/2022\/07\/ar_sureno20220721-228x300.jpg 228w, https:\/\/www.diario5.com.ar\/wp-content\/uploads\/2022\/07\/ar_sureno20220721-768x1011.jpg 768w, https:\/\/www.diario5.com.ar\/wp-content\/uploads\/2022\/07\/ar_sureno20220721.jpg 1038w\" sizes=\"(max-width: 778px) 100vw, 778px\" \/><\/p>\n<p>URUGUAY<\/p>\n<p><img decoding=\"async\" loading=\"lazy\" class=\"alignnone size-full wp-image-655185\" title=\"El frente del Congreso\" src=\"https:\/\/www.diario5.com.ar\/wp-content\/uploads\/2022\/07\/uy_ladiaria20220721.jpg\" alt=\"El frente del Congreso\" width=\"764\" height=\"923\" srcset=\"https:\/\/www.diario5.com.ar\/wp-content\/uploads\/2022\/07\/uy_ladiaria20220721.jpg 764w, https:\/\/www.diario5.com.ar\/wp-content\/uploads\/2022\/07\/uy_ladiaria20220721-248x300.jpg 248w\" sizes=\"(max-width: 764px) 100vw, 764px\" \/><\/p>\n<p><img decoding=\"async\" loading=\"lazy\" class=\"alignnone size-large wp-image-655186\" title=\"El frente del Congreso\" src=\"https:\/\/www.diario5.com.ar\/wp-content\/uploads\/2022\/07\/uy_observador20220721-740x1024.jpg\" alt=\"El frente del Congreso\" width=\"740\" height=\"1024\" srcset=\"https:\/\/www.diario5.com.ar\/wp-content\/uploads\/2022\/07\/uy_observador20220721-740x1024.jpg 740w, https:\/\/www.diario5.com.ar\/wp-content\/uploads\/2022\/07\/uy_observador20220721-217x300.jpg 217w, https:\/\/www.diario5.com.ar\/wp-content\/uploads\/2022\/07\/uy_observador20220721.jpg 764w\" sizes=\"(max-width: 740px) 100vw, 740px\" \/><\/p>\n<p>BRASIL<br \/>\n<img decoding=\"async\" loading=\"lazy\" class=\"alignnone size-large wp-image-655187\" title=\"El frente del Congreso\" src=\"https:\/\/www.diario5.com.ar\/wp-content\/uploads\/2022\/07\/br_folha_spaulo20220721-588x1024.jpg\" alt=\"El frente del Congreso\" width=\"588\" height=\"1024\" srcset=\"https:\/\/www.diario5.com.ar\/wp-content\/uploads\/2022\/07\/br_folha_spaulo20220721-588x1024.jpg 588w, https:\/\/www.diario5.com.ar\/wp-content\/uploads\/2022\/07\/br_folha_spaulo20220721-172x300.jpg 172w, https:\/\/www.diario5.com.ar\/wp-content\/uploads\/2022\/07\/br_folha_spaulo20220721.jpg 764w\" sizes=\"(max-width: 588px) 100vw, 588px\" \/><\/p>\n<p><img decoding=\"async\" loading=\"lazy\" class=\"alignnone size-large wp-image-655188\" title=\"El frente del Congreso\" src=\"https:\/\/www.diario5.com.ar\/wp-content\/uploads\/2022\/07\/br_estado_spaulo20220721-664x1024.jpg\" alt=\"El frente del Congreso\" width=\"664\" height=\"1024\" srcset=\"https:\/\/www.diario5.com.ar\/wp-content\/uploads\/2022\/07\/br_estado_spaulo20220721-664x1024.jpg 664w, https:\/\/www.diario5.com.ar\/wp-content\/uploads\/2022\/07\/br_estado_spaulo20220721-194x300.jpg 194w, https:\/\/www.diario5.com.ar\/wp-content\/uploads\/2022\/07\/br_estado_spaulo20220721.jpg 764w\" sizes=\"(max-width: 664px) 100vw, 664px\" \/><\/p>\n<p>&nbsp;<\/p>\n<p><img decoding=\"async\" loading=\"lazy\" class=\"alignnone size-large wp-image-655219\" src=\"https:\/\/www.diario5.com.ar\/wp-content\/uploads\/2022\/07\/br_oglobo20220721-574x1024.jpg\" width=\"574\" height=\"1024\" alt=\"El frente del Congreso\" title=\"El frente del Congreso\" srcset=\"https:\/\/www.diario5.com.ar\/wp-content\/uploads\/2022\/07\/br_oglobo20220721-574x1024.jpg 574w, https:\/\/www.diario5.com.ar\/wp-content\/uploads\/2022\/07\/br_oglobo20220721-168x300.jpg 168w, https:\/\/www.diario5.com.ar\/wp-content\/uploads\/2022\/07\/br_oglobo20220721-768x1369.jpg 768w, https:\/\/www.diario5.com.ar\/wp-content\/uploads\/2022\/07\/br_oglobo20220721-862x1536.jpg 862w, https:\/\/www.diario5.com.ar\/wp-content\/uploads\/2022\/07\/br_oglobo20220721.jpg 1104w\" sizes=\"(max-width: 574px) 100vw, 574px\" \/><\/p>\n<p>&nbsp;<\/p>\n<p><img decoding=\"async\" loading=\"lazy\" class=\"alignnone size-large wp-image-655189\" title=\"El frente del Congreso\" src=\"https:\/\/www.diario5.com.ar\/wp-content\/uploads\/2022\/07\/br_extra20220721-585x1024.jpg\" alt=\"El frente del Congreso\" width=\"585\" height=\"1024\" srcset=\"https:\/\/www.diario5.com.ar\/wp-content\/uploads\/2022\/07\/br_extra20220721-585x1024.jpg 585w, https:\/\/www.diario5.com.ar\/wp-content\/uploads\/2022\/07\/br_extra20220721-171x300.jpg 171w, https:\/\/www.diario5.com.ar\/wp-content\/uploads\/2022\/07\/br_extra20220721.jpg 764w\" sizes=\"(max-width: 585px) 100vw, 585px\" \/><\/p>\n<p>PARAGUAY<br \/>\n<img decoding=\"async\" loading=\"lazy\" class=\"alignnone size-large wp-image-655220\" src=\"https:\/\/www.diario5.com.ar\/wp-content\/uploads\/2022\/07\/abccolor20220721-749x1024.jpg\" width=\"749\" height=\"1024\" alt=\"El frente del Congreso\" title=\"El frente del Congreso\" srcset=\"https:\/\/www.diario5.com.ar\/wp-content\/uploads\/2022\/07\/abccolor20220721-749x1024.jpg 749w, https:\/\/www.diario5.com.ar\/wp-content\/uploads\/2022\/07\/abccolor20220721-219x300.jpg 219w, https:\/\/www.diario5.com.ar\/wp-content\/uploads\/2022\/07\/abccolor20220721.jpg 764w\" sizes=\"(max-width: 749px) 100vw, 749px\" \/><\/p>\n<p><img decoding=\"async\" loading=\"lazy\" class=\"alignnone size-large wp-image-655190\" title=\"El frente del Congreso\" src=\"https:\/\/www.diario5.com.ar\/wp-content\/uploads\/2022\/07\/nacion20220721-1-761x1024.jpg\" alt=\"El frente del Congreso\" width=\"761\" height=\"1024\" srcset=\"https:\/\/www.diario5.com.ar\/wp-content\/uploads\/2022\/07\/nacion20220721-1-761x1024.jpg 761w, https:\/\/www.diario5.com.ar\/wp-content\/uploads\/2022\/07\/nacion20220721-1-223x300.jpg 223w, https:\/\/www.diario5.com.ar\/wp-content\/uploads\/2022\/07\/nacion20220721-1-768x1034.jpg 768w, https:\/\/www.diario5.com.ar\/wp-content\/uploads\/2022\/07\/nacion20220721-1-1141x1536.jpg 1141w, https:\/\/www.diario5.com.ar\/wp-content\/uploads\/2022\/07\/nacion20220721-1-1521x2048.jpg 1521w, https:\/\/www.diario5.com.ar\/wp-content\/uploads\/2022\/07\/nacion20220721-1.jpg 1574w\" sizes=\"(max-width: 761px) 100vw, 761px\" \/><\/p>\n<p>&nbsp;<\/p>\n<p>&nbsp;<\/p>\n<p><img decoding=\"async\" loading=\"lazy\" class=\"alignnone size-large wp-image-655221\" src=\"https:\/\/www.diario5.com.ar\/wp-content\/uploads\/2022\/07\/py_5dias20220721-773x1024.jpg\" width=\"773\" height=\"1024\" alt=\"El frente del Congreso\" title=\"El frente del Congreso\" srcset=\"https:\/\/www.diario5.com.ar\/wp-content\/uploads\/2022\/07\/py_5dias20220721-773x1024.jpg 773w, https:\/\/www.diario5.com.ar\/wp-content\/uploads\/2022\/07\/py_5dias20220721-226x300.jpg 226w, https:\/\/www.diario5.com.ar\/wp-content\/uploads\/2022\/07\/py_5dias20220721-768x1018.jpg 768w, https:\/\/www.diario5.com.ar\/wp-content\/uploads\/2022\/07\/py_5dias20220721.jpg 928w\" sizes=\"(max-width: 773px) 100vw, 773px\" \/><\/p>\n<p>&nbsp;<\/p>\n<p>CHILE<br \/>\n<img decoding=\"async\" loading=\"lazy\" class=\"alignnone size-large wp-image-655191\" title=\"El frente del Congreso\" src=\"https:\/\/www.diario5.com.ar\/wp-content\/uploads\/2022\/07\/cl_mercurio20220721-564x1024.jpg\" alt=\"El frente del Congreso\" width=\"564\" height=\"1024\" srcset=\"https:\/\/www.diario5.com.ar\/wp-content\/uploads\/2022\/07\/cl_mercurio20220721-564x1024.jpg 564w, https:\/\/www.diario5.com.ar\/wp-content\/uploads\/2022\/07\/cl_mercurio20220721-165x300.jpg 165w, https:\/\/www.diario5.com.ar\/wp-content\/uploads\/2022\/07\/cl_mercurio20220721.jpg 764w\" sizes=\"(max-width: 564px) 100vw, 564px\" \/><\/p>\n<p><img decoding=\"async\" loading=\"lazy\" class=\"alignnone size-full wp-image-655192\" title=\"El frente del Congreso\" src=\"https:\/\/www.diario5.com.ar\/wp-content\/uploads\/2022\/07\/cl_ultimas_noticias20220721.jpg\" alt=\"El frente del Congreso\" width=\"792\" height=\"983\" srcset=\"https:\/\/www.diario5.com.ar\/wp-content\/uploads\/2022\/07\/cl_ultimas_noticias20220721.jpg 792w, https:\/\/www.diario5.com.ar\/wp-content\/uploads\/2022\/07\/cl_ultimas_noticias20220721-242x300.jpg 242w, https:\/\/www.diario5.com.ar\/wp-content\/uploads\/2022\/07\/cl_ultimas_noticias20220721-768x953.jpg 768w\" sizes=\"(max-width: 792px) 100vw, 792px\" \/><\/p>\n<p><img decoding=\"async\" loading=\"lazy\" class=\"alignnone size-full wp-image-655193\" title=\"El frente del Congreso\" src=\"https:\/\/www.diario5.com.ar\/wp-content\/uploads\/2022\/07\/cl_diario_financiero20220721.jpg\" alt=\"El frente del Congreso\" width=\"764\" height=\"985\" srcset=\"https:\/\/www.diario5.com.ar\/wp-content\/uploads\/2022\/07\/cl_diario_financiero20220721.jpg 764w, https:\/\/www.diario5.com.ar\/wp-content\/uploads\/2022\/07\/cl_diario_financiero20220721-233x300.jpg 233w\" sizes=\"(max-width: 764px) 100vw, 764px\" \/><\/p>\n<p><img decoding=\"async\" loading=\"lazy\" class=\"alignnone size-large wp-image-655194\" title=\"El frente del Congreso\" src=\"https:\/\/www.diario5.com.ar\/wp-content\/uploads\/2022\/07\/estrella_iquique20220721-814x1024.jpg\" alt=\"El frente del Congreso\" width=\"814\" height=\"1024\" srcset=\"https:\/\/www.diario5.com.ar\/wp-content\/uploads\/2022\/07\/estrella_iquique20220721-814x1024.jpg 814w, https:\/\/www.diario5.com.ar\/wp-content\/uploads\/2022\/07\/estrella_iquique20220721-238x300.jpg 238w, https:\/\/www.diario5.com.ar\/wp-content\/uploads\/2022\/07\/estrella_iquique20220721-768x966.jpg 768w, https:\/\/www.diario5.com.ar\/wp-content\/uploads\/2022\/07\/estrella_iquique20220721-1221x1536.jpg 1221w, https:\/\/www.diario5.com.ar\/wp-content\/uploads\/2022\/07\/estrella_iquique20220721.jpg 1328w\" sizes=\"(max-width: 814px) 100vw, 814px\" \/><\/p>\n<p><img decoding=\"async\" loading=\"lazy\" class=\"alignnone size-large wp-image-655195\" title=\"El frente del Congreso\" src=\"https:\/\/www.diario5.com.ar\/wp-content\/uploads\/2022\/07\/mercurio_antofagasta20220721-691x1024.jpg\" alt=\"El frente del Congreso\" width=\"691\" height=\"1024\" srcset=\"https:\/\/www.diario5.com.ar\/wp-content\/uploads\/2022\/07\/mercurio_antofagasta20220721-691x1024.jpg 691w, https:\/\/www.diario5.com.ar\/wp-content\/uploads\/2022\/07\/mercurio_antofagasta20220721-202x300.jpg 202w, https:\/\/www.diario5.com.ar\/wp-content\/uploads\/2022\/07\/mercurio_antofagasta20220721-768x1138.jpg 768w, https:\/\/www.diario5.com.ar\/wp-content\/uploads\/2022\/07\/mercurio_antofagasta20220721-1036x1536.jpg 1036w, https:\/\/www.diario5.com.ar\/wp-content\/uploads\/2022\/07\/mercurio_antofagasta20220721.jpg 1328w\" sizes=\"(max-width: 691px) 100vw, 691px\" \/><\/p>\n<p>&nbsp;<\/p>\n<p><img decoding=\"async\" loading=\"lazy\" class=\"alignnone size-large wp-image-655196\" title=\"El frente del Congreso\" src=\"https:\/\/www.diario5.com.ar\/wp-content\/uploads\/2022\/07\/mercurio_valpo20220721-725x1024.jpg\" alt=\"El frente del Congreso\" width=\"725\" height=\"1024\" srcset=\"https:\/\/www.diario5.com.ar\/wp-content\/uploads\/2022\/07\/mercurio_valpo20220721-725x1024.jpg 725w, https:\/\/www.diario5.com.ar\/wp-content\/uploads\/2022\/07\/mercurio_valpo20220721-212x300.jpg 212w, https:\/\/www.diario5.com.ar\/wp-content\/uploads\/2022\/07\/mercurio_valpo20220721-768x1084.jpg 768w, https:\/\/www.diario5.com.ar\/wp-content\/uploads\/2022\/07\/mercurio_valpo20220721-1088x1536.jpg 1088w, https:\/\/www.diario5.com.ar\/wp-content\/uploads\/2022\/07\/mercurio_valpo20220721.jpg 1376w\" sizes=\"(max-width: 725px) 100vw, 725px\" \/><\/p>\n<p>&nbsp;<\/p>\n<p><img decoding=\"async\" loading=\"lazy\" class=\"alignnone size-large wp-image-655197\" title=\"El frente del Congreso\" src=\"https:\/\/www.diario5.com.ar\/wp-content\/uploads\/2022\/07\/diario_concepcion20220721-786x1024.jpg\" alt=\"El frente del Congreso\" width=\"786\" height=\"1024\" srcset=\"https:\/\/www.diario5.com.ar\/wp-content\/uploads\/2022\/07\/diario_concepcion20220721-786x1024.jpg 786w, https:\/\/www.diario5.com.ar\/wp-content\/uploads\/2022\/07\/diario_concepcion20220721-230x300.jpg 230w, https:\/\/www.diario5.com.ar\/wp-content\/uploads\/2022\/07\/diario_concepcion20220721-768x1001.jpg 768w, https:\/\/www.diario5.com.ar\/wp-content\/uploads\/2022\/07\/diario_concepcion20220721-1179x1536.jpg 1179w, https:\/\/www.diario5.com.ar\/wp-content\/uploads\/2022\/07\/diario_concepcion20220721.jpg 1558w\" sizes=\"(max-width: 786px) 100vw, 786px\" \/><\/p>\n<p><img decoding=\"async\" loading=\"lazy\" class=\"alignnone size-large wp-image-655198\" title=\"El frente del Congreso\" src=\"https:\/\/www.diario5.com.ar\/wp-content\/uploads\/2022\/07\/austral_temuco20220721-713x1024.jpg\" alt=\"El frente del Congreso\" width=\"713\" height=\"1024\" srcset=\"https:\/\/www.diario5.com.ar\/wp-content\/uploads\/2022\/07\/austral_temuco20220721-713x1024.jpg 713w, https:\/\/www.diario5.com.ar\/wp-content\/uploads\/2022\/07\/austral_temuco20220721-209x300.jpg 209w, https:\/\/www.diario5.com.ar\/wp-content\/uploads\/2022\/07\/austral_temuco20220721-768x1103.jpg 768w, https:\/\/www.diario5.com.ar\/wp-content\/uploads\/2022\/07\/austral_temuco20220721-1069x1536.jpg 1069w, https:\/\/www.diario5.com.ar\/wp-content\/uploads\/2022\/07\/austral_temuco20220721.jpg 1375w\" sizes=\"(max-width: 713px) 100vw, 713px\" \/><\/p>\n<p><img decoding=\"async\" loading=\"lazy\" class=\"alignnone size-large wp-image-655199\" title=\"El frente del Congreso\" src=\"https:\/\/www.diario5.com.ar\/wp-content\/uploads\/2022\/07\/estrella_arica20220721-802x1024.jpg\" alt=\"El frente del Congreso\" width=\"802\" height=\"1024\" srcset=\"https:\/\/www.diario5.com.ar\/wp-content\/uploads\/2022\/07\/estrella_arica20220721-802x1024.jpg 802w, https:\/\/www.diario5.com.ar\/wp-content\/uploads\/2022\/07\/estrella_arica20220721-235x300.jpg 235w, https:\/\/www.diario5.com.ar\/wp-content\/uploads\/2022\/07\/estrella_arica20220721-768x981.jpg 768w, https:\/\/www.diario5.com.ar\/wp-content\/uploads\/2022\/07\/estrella_arica20220721-1203x1536.jpg 1203w, https:\/\/www.diario5.com.ar\/wp-content\/uploads\/2022\/07\/estrella_arica20220721.jpg 1328w\" sizes=\"(max-width: 802px) 100vw, 802px\" \/><\/p>\n<p>COLOMBIA<\/p>\n<p><img decoding=\"async\" loading=\"lazy\" class=\"alignnone size-large wp-image-655200\" title=\"El frente del Congreso\" src=\"https:\/\/www.diario5.com.ar\/wp-content\/uploads\/2022\/07\/co_heraldo20220721-518x1024.jpg\" alt=\"El frente del Congreso\" width=\"518\" height=\"1024\" srcset=\"https:\/\/www.diario5.com.ar\/wp-content\/uploads\/2022\/07\/co_heraldo20220721-518x1024.jpg 518w, https:\/\/www.diario5.com.ar\/wp-content\/uploads\/2022\/07\/co_heraldo20220721-152x300.jpg 152w, https:\/\/www.diario5.com.ar\/wp-content\/uploads\/2022\/07\/co_heraldo20220721.jpg 764w\" sizes=\"(max-width: 518px) 100vw, 518px\" \/><\/p>\n<p><img decoding=\"async\" loading=\"lazy\" class=\"alignnone size-large wp-image-655201\" title=\"El frente del Congreso\" src=\"https:\/\/www.diario5.com.ar\/wp-content\/uploads\/2022\/07\/co_elpais20220721-558x1024.jpg\" alt=\"El frente del Congreso\" width=\"558\" height=\"1024\" srcset=\"https:\/\/www.diario5.com.ar\/wp-content\/uploads\/2022\/07\/co_elpais20220721-558x1024.jpg 558w, https:\/\/www.diario5.com.ar\/wp-content\/uploads\/2022\/07\/co_elpais20220721-163x300.jpg 163w, https:\/\/www.diario5.com.ar\/wp-content\/uploads\/2022\/07\/co_elpais20220721.jpg 764w\" sizes=\"(max-width: 558px) 100vw, 558px\" \/><\/p>\n<p><img decoding=\"async\" loading=\"lazy\" class=\"alignnone size-large wp-image-655202\" title=\"El frente del Congreso\" src=\"https:\/\/www.diario5.com.ar\/wp-content\/uploads\/2022\/07\/co_universal20220721-771x1024.jpg\" alt=\"El frente del Congreso\" width=\"771\" height=\"1024\" srcset=\"https:\/\/www.diario5.com.ar\/wp-content\/uploads\/2022\/07\/co_universal20220721-771x1024.jpg 771w, https:\/\/www.diario5.com.ar\/wp-content\/uploads\/2022\/07\/co_universal20220721-226x300.jpg 226w, https:\/\/www.diario5.com.ar\/wp-content\/uploads\/2022\/07\/co_universal20220721-768x1020.jpg 768w, https:\/\/www.diario5.com.ar\/wp-content\/uploads\/2022\/07\/co_universal20220721.jpg 960w\" sizes=\"(max-width: 771px) 100vw, 771px\" \/><\/p>\n<p><img decoding=\"async\" loading=\"lazy\" class=\"alignnone size-large wp-image-655222\" src=\"https:\/\/www.diario5.com.ar\/wp-content\/uploads\/2022\/07\/co_elcolombiano20220721-697x1024.jpg\" width=\"697\" height=\"1024\" alt=\"El frente del Congreso\" title=\"El frente del Congreso\" srcset=\"https:\/\/www.diario5.com.ar\/wp-content\/uploads\/2022\/07\/co_elcolombiano20220721-697x1024.jpg 697w, https:\/\/www.diario5.com.ar\/wp-content\/uploads\/2022\/07\/co_elcolombiano20220721-204x300.jpg 204w, https:\/\/www.diario5.com.ar\/wp-content\/uploads\/2022\/07\/co_elcolombiano20220721.jpg 764w\" sizes=\"(max-width: 697px) 100vw, 697px\" \/><\/p>\n<p>PERU<br \/>\n<img decoding=\"async\" loading=\"lazy\" class=\"alignnone size-large wp-image-655203\" title=\"El frente del Congreso\" src=\"https:\/\/www.diario5.com.ar\/wp-content\/uploads\/2022\/07\/pe_comercio20220721-695x1024.jpg\" alt=\"El frente del Congreso\" width=\"695\" height=\"1024\" srcset=\"https:\/\/www.diario5.com.ar\/wp-content\/uploads\/2022\/07\/pe_comercio20220721-695x1024.jpg 695w, https:\/\/www.diario5.com.ar\/wp-content\/uploads\/2022\/07\/pe_comercio20220721-204x300.jpg 204w, https:\/\/www.diario5.com.ar\/wp-content\/uploads\/2022\/07\/pe_comercio20220721.jpg 764w\" sizes=\"(max-width: 695px) 100vw, 695px\" \/><\/p>\n<p><img decoding=\"async\" loading=\"lazy\" class=\"alignnone size-large wp-image-655223\" src=\"https:\/\/www.diario5.com.ar\/wp-content\/uploads\/2022\/07\/pe_peru2120220721-1016x1024.jpg\" width=\"1016\" height=\"1024\" alt=\"El frente del Congreso\" title=\"El frente del Congreso\" srcset=\"https:\/\/www.diario5.com.ar\/wp-content\/uploads\/2022\/07\/pe_peru2120220721-1016x1024.jpg 1016w, https:\/\/www.diario5.com.ar\/wp-content\/uploads\/2022\/07\/pe_peru2120220721-298x300.jpg 298w, https:\/\/www.diario5.com.ar\/wp-content\/uploads\/2022\/07\/pe_peru2120220721-150x150.jpg 150w, https:\/\/www.diario5.com.ar\/wp-content\/uploads\/2022\/07\/pe_peru2120220721-768x774.jpg 768w, https:\/\/www.diario5.com.ar\/wp-content\/uploads\/2022\/07\/pe_peru2120220721-1524x1536.jpg 1524w, https:\/\/www.diario5.com.ar\/wp-content\/uploads\/2022\/07\/pe_peru2120220721-2032x2048.jpg 2032w\" sizes=\"(max-width: 1016px) 100vw, 1016px\" \/><\/p>\n<p><img decoding=\"async\" loading=\"lazy\" class=\"alignnone size-large wp-image-655224\" src=\"https:\/\/www.diario5.com.ar\/wp-content\/uploads\/2022\/07\/pe_correo20220721-1024x966.jpg\" width=\"1024\" height=\"966\" alt=\"El frente del Congreso\" title=\"El frente del Congreso\" srcset=\"https:\/\/www.diario5.com.ar\/wp-content\/uploads\/2022\/07\/pe_correo20220721-1024x966.jpg 1024w, https:\/\/www.diario5.com.ar\/wp-content\/uploads\/2022\/07\/pe_correo20220721-300x283.jpg 300w, https:\/\/www.diario5.com.ar\/wp-content\/uploads\/2022\/07\/pe_correo20220721-768x724.jpg 768w, https:\/\/www.diario5.com.ar\/wp-content\/uploads\/2022\/07\/pe_correo20220721.jpg 1246w\" sizes=\"(max-width: 1024px) 100vw, 1024px\" \/><\/p>\n<p><img decoding=\"async\" loading=\"lazy\" class=\"alignnone size-large wp-image-655204\" title=\"El frente del Congreso\" src=\"https:\/\/www.diario5.com.ar\/wp-content\/uploads\/2022\/07\/pe_expreso20220721-833x1024.jpg\" alt=\"El frente del Congreso\" width=\"833\" height=\"1024\" srcset=\"https:\/\/www.diario5.com.ar\/wp-content\/uploads\/2022\/07\/pe_expreso20220721-833x1024.jpg 833w, https:\/\/www.diario5.com.ar\/wp-content\/uploads\/2022\/07\/pe_expreso20220721-244x300.jpg 244w, https:\/\/www.diario5.com.ar\/wp-content\/uploads\/2022\/07\/pe_expreso20220721-768x944.jpg 768w, https:\/\/www.diario5.com.ar\/wp-content\/uploads\/2022\/07\/pe_expreso20220721.jpg 975w\" sizes=\"(max-width: 833px) 100vw, 833px\" \/><\/p>\n<p>&nbsp;<\/p>\n<p><img decoding=\"async\" loading=\"lazy\" class=\"alignnone size-full wp-image-655205\" title=\"El frente del Congreso\" src=\"https:\/\/www.diario5.com.ar\/wp-content\/uploads\/2022\/07\/pe_gestion20220721.jpg\" alt=\"El frente del Congreso\" width=\"764\" height=\"760\" srcset=\"https:\/\/www.diario5.com.ar\/wp-content\/uploads\/2022\/07\/pe_gestion20220721.jpg 764w, https:\/\/www.diario5.com.ar\/wp-content\/uploads\/2022\/07\/pe_gestion20220721-300x298.jpg 300w, https:\/\/www.diario5.com.ar\/wp-content\/uploads\/2022\/07\/pe_gestion20220721-150x150.jpg 150w\" sizes=\"(max-width: 764px) 100vw, 764px\" \/><\/p>","protected":false},"excerpt":{"rendered":"<p>Las estatuas que Lola Mora esculpi\u00f3 para los laterales del edificio sufrieron los vaivenes de los desacuerdos argentinos. El frente del palacio del Congreso Nacional atraviesa una nueva etapa de blanqueo. Ya entre 2020 y 2021 se observaron los trabajos realizados sobre las paredes, columnas, bordes de ventanales y molduras llegan al frente de la [&hellip;]<\/p>","protected":false},"author":5,"featured_media":654988,"comment_status":"open","ping_status":"open","sticky":false,"template":"","format":"standard","meta":[],"categories":[52,56,6],"tags":[432,430,429,431],"series":[],"_links":{"self":[{"href":"https:\/\/www.diario5.com.ar\/es\/wp-json\/wp\/v2\/posts\/636312"}],"collection":[{"href":"https:\/\/www.diario5.com.ar\/es\/wp-json\/wp\/v2\/posts"}],"about":[{"href":"https:\/\/www.diario5.com.ar\/es\/wp-json\/wp\/v2\/types\/post"}],"author":[{"embeddable":true,"href":"https:\/\/www.diario5.com.ar\/es\/wp-json\/wp\/v2\/users\/5"}],"replies":[{"embeddable":true,"href":"https:\/\/www.diario5.com.ar\/es\/wp-json\/wp\/v2\/comments?post=636312"}],"version-history":[{"count":3,"href":"https:\/\/www.diario5.com.ar\/es\/wp-json\/wp\/v2\/posts\/636312\/revisions"}],"predecessor-version":[{"id":655225,"href":"https:\/\/www.diario5.com.ar\/es\/wp-json\/wp\/v2\/posts\/636312\/revisions\/655225"}],"wp:featuredmedia":[{"embeddable":true,"href":"https:\/\/www.diario5.com.ar\/es\/wp-json\/wp\/v2\/media\/654988"}],"wp:attachment":[{"href":"https:\/\/www.diario5.com.ar\/es\/wp-json\/wp\/v2\/media?parent=636312"}],"wp:term":[{"taxonomy":"category","embeddable":true,"href":"https:\/\/www.diario5.com.ar\/es\/wp-json\/wp\/v2\/categories?post=636312"},{"taxonomy":"post_tag","embeddable":true,"href":"https:\/\/www.diario5.com.ar\/es\/wp-json\/wp\/v2\/tags?post=636312"},{"taxonomy":"series","embeddable":true,"href":"https:\/\/www.diario5.com.ar\/es\/wp-json\/wp\/v2\/series?post=636312"}],"curies":[{"name":"wp","href":"https:\/\/api.w.org\/{rel}","templated":true}]}}