{"id":636271,"date":"2022-06-10T06:50:00","date_gmt":"2022-06-10T09:50:00","guid":{"rendered":"http:\/\/diario5.com.ar\/?p=636271"},"modified":"2022-06-10T11:02:58","modified_gmt":"2022-06-10T14:02:58","slug":"636271","status":"publish","type":"post","link":"https:\/\/www.diario5.com.ar\/es\/636271\/","title":{"rendered":"Malvinas I: Reafirmaci\u00f3n de Derechos"},"content":{"rendered":"<h2 class=\"sub-title-primary\"><\/h2> <p><img decoding=\"async\" loading=\"lazy\" class=\"alignnone size-full wp-image-652449\" src=\"https:\/\/www.diario5.com.ar\/wp-content\/uploads\/2022\/06\/malvinas_recontra_argentinas.jpg\" alt=\"\" width=\"1041\" height=\"671\" srcset=\"https:\/\/www.diario5.com.ar\/wp-content\/uploads\/2022\/06\/malvinas_recontra_argentinas.jpg 1041w, https:\/\/www.diario5.com.ar\/wp-content\/uploads\/2022\/06\/malvinas_recontra_argentinas-300x193.jpg 300w, https:\/\/www.diario5.com.ar\/wp-content\/uploads\/2022\/06\/malvinas_recontra_argentinas-1024x660.jpg 1024w, https:\/\/www.diario5.com.ar\/wp-content\/uploads\/2022\/06\/malvinas_recontra_argentinas-768x495.jpg 768w\" sizes=\"(max-width: 1041px) 100vw, 1041px\" \/><\/p>\n<p>Desiertas hasta su descubrimiento por los europeos en el siglo XVI , las Islas Malvinas fueron colonizadas en 1764 bajo el liderazgo del franc\u00e9s Louis-Antoine de Bougainville , pero quedaron en 1767 bajo soberan\u00eda espa\u00f1ola. Fueron entonces objeto de reclamaciones territoriales por parte de Espa\u00f1a y el Reino Unido, lo que condujo a una crisis diplom\u00e1tica: la crisis de las Malvinas de 1770, concluida por un compromiso entre los dos estados.<\/p>\n<p>Luego de su independencia de Espa\u00f1a en 1816, las Provincias Unidas del R\u00edo de la Plata se proclamaron herederas de la soberan\u00eda espa\u00f1ola sobre las Islas Malvinas, ubicadas frente a sus costas.<\/p>\n<p>El 10 de junio de 1829, la Confederaci\u00f3n Argentina design\u00f3 a Luis Vernet como el primer gobernador de la Islas Malvinas. De all\u00ed, la fecha que se traspol\u00f3 -tras la guerra de Malvinas- como la elegida para la reafirmaci\u00f3n de Los Derechos Argentinos sobre las Islas Malvinas, Islas Georgias y Sandwich del Sur y Sector Ant\u00e1rtico.<\/p>\n<p>Sin embargo, pasados apenas cuatro a\u00f1os de ese acontecimiento, el Reino Unido arm\u00f3 una r\u00e1pida operaci\u00f3n militar con la que pas\u00f3 a controlar el archipi\u00e9lago a partir de 1833. En el pa\u00eds gobernaba Juan Manuel de Rosas. Ya desde entonces se asentaron all\u00ed pobladores de origen brit\u00e1nico.<\/p>\n<p>En 1914, durante la Primera Guerra Mundial, Inglaterra se impuso en la Batalla de las Malvinas contra la Armada Imperial Alemana. Desde ese acontecimiento, Argentina disputa la soberan\u00eda de manera muy dispar frente a la corona brit\u00e1nica.<\/p>\n<p>El intento de tomar el control por las armas en 1982, durante pocos d\u00edas, es una de las decisiones militares m\u00e1s controvertidas de la historia de la humanidad. La Guerra de las Malvinas, de la que el Reino Unido sale victorioso, no habr\u00eda existido si la oportunidad que quisieron aprovechar los militares argentinos no hubiera tenido tanta evidencia especulativa el orden pol\u00edtico.<\/p>\n<p>Muchos pa\u00edses de Europa simpatizaban con la reivindicaci\u00f3n de los argentina de sus derechos sobre las Malvinas, pero esos mismos estados -caso Holanda- eran denunciantes de las violaciones a los Derechos Humanos que hab\u00eda cometido el mismo gobierno que ahora le sonre\u00eda a la c\u00e1mara y se quedaba\u00a0 esperando apoyos internacionales a su gesta patri\u00f3tica.<\/p>\n<p>El gobierno argentino mantiene sus reclamos territoriales sobre el archipi\u00e9lago y los reafirm\u00f3 nuevamente con la Declaraci\u00f3n de Ushuaia . un refer\u00e9ndum depara permitir que los habitantes elijan su estatus, consulta por la cual optan en un 98,8% por conservar el estatus de Territorio Brit\u00e1nico de Ultramar , pero este refer\u00e9ndum no es reconocido por las Argentina, por considerarlo ileg\u00edtimo.<\/p>\n<p><!--googleoff: index--><br \/>\n<!--googleon: index--><br \/>\n<img decoding=\"async\" loading=\"lazy\" class=\"alignnone size-large wp-image-652755\" src=\"https:\/\/www.diario5.com.ar\/wp-content\/uploads\/2022\/06\/la_capital20220610-760x1024.jpg\" width=\"760\" height=\"1024\" alt=\"Malvinas I: Reafirmaci\u00f3n de Derechos\" title=\"Malvinas I: Reafirmaci\u00f3n de Derechos\" srcset=\"https:\/\/www.diario5.com.ar\/wp-content\/uploads\/2022\/06\/la_capital20220610-760x1024.jpg 760w, https:\/\/www.diario5.com.ar\/wp-content\/uploads\/2022\/06\/la_capital20220610-223x300.jpg 223w, https:\/\/www.diario5.com.ar\/wp-content\/uploads\/2022\/06\/la_capital20220610-768x1034.jpg 768w, https:\/\/www.diario5.com.ar\/wp-content\/uploads\/2022\/06\/la_capital20220610-1141x1536.jpg 1141w, https:\/\/www.diario5.com.ar\/wp-content\/uploads\/2022\/06\/la_capital20220610-1521x2048.jpg 1521w, https:\/\/www.diario5.com.ar\/wp-content\/uploads\/2022\/06\/la_capital20220610.jpg 1567w\" sizes=\"(max-width: 760px) 100vw, 760px\" \/><\/p>\n<p>&nbsp;<\/p>\n<p><img decoding=\"async\" loading=\"lazy\" class=\"alignnone size-full wp-image-652713\" title=\"Malvinas I: Reafirmaci\u00f3n de Derechos\" src=\"https:\/\/www.diario5.com.ar\/wp-content\/uploads\/2022\/06\/voz_chaco20220610.jpg\" alt=\"Malvinas I: Reafirmaci\u00f3n de Derechos\" width=\"816\" height=\"944\" srcset=\"https:\/\/www.diario5.com.ar\/wp-content\/uploads\/2022\/06\/voz_chaco20220610.jpg 816w, https:\/\/www.diario5.com.ar\/wp-content\/uploads\/2022\/06\/voz_chaco20220610-259x300.jpg 259w, https:\/\/www.diario5.com.ar\/wp-content\/uploads\/2022\/06\/voz_chaco20220610-768x888.jpg 768w\" sizes=\"(max-width: 816px) 100vw, 816px\" \/><\/p>\n<p><img decoding=\"async\" loading=\"lazy\" class=\"alignnone size-large wp-image-652714\" title=\"Malvinas I: Reafirmaci\u00f3n de Derechos\" src=\"https:\/\/www.diario5.com.ar\/wp-content\/uploads\/2022\/06\/ar_diario_madryn20220610-763x1024.jpg\" alt=\"Malvinas I: Reafirmaci\u00f3n de Derechos\" width=\"763\" height=\"1024\" srcset=\"https:\/\/www.diario5.com.ar\/wp-content\/uploads\/2022\/06\/ar_diario_madryn20220610-763x1024.jpg 763w, https:\/\/www.diario5.com.ar\/wp-content\/uploads\/2022\/06\/ar_diario_madryn20220610-223x300.jpg 223w, https:\/\/www.diario5.com.ar\/wp-content\/uploads\/2022\/06\/ar_diario_madryn20220610.jpg 764w\" sizes=\"(max-width: 763px) 100vw, 763px\" \/><\/p>\n<p>&nbsp;<\/p>\n<p><img decoding=\"async\" loading=\"lazy\" class=\"alignnone size-full wp-image-652715\" title=\"Malvinas I: Reafirmaci\u00f3n de Derechos\" src=\"https:\/\/www.diario5.com.ar\/wp-content\/uploads\/2022\/06\/ar_cronista20220610.jpg\" alt=\"Malvinas I: Reafirmaci\u00f3n de Derechos\" width=\"764\" height=\"958\" srcset=\"https:\/\/www.diario5.com.ar\/wp-content\/uploads\/2022\/06\/ar_cronista20220610.jpg 764w, https:\/\/www.diario5.com.ar\/wp-content\/uploads\/2022\/06\/ar_cronista20220610-239x300.jpg 239w\" sizes=\"(max-width: 764px) 100vw, 764px\" \/><\/p>\n<p>&nbsp;<\/p>\n<p><img decoding=\"async\" loading=\"lazy\" class=\"alignnone size-large wp-image-652716\" title=\"Malvinas I: Reafirmaci\u00f3n de Derechos\" src=\"https:\/\/www.diario5.com.ar\/wp-content\/uploads\/2022\/06\/ar_eldia20220610-683x1024.jpg\" alt=\"Malvinas I: Reafirmaci\u00f3n de Derechos\" width=\"683\" height=\"1024\" srcset=\"https:\/\/www.diario5.com.ar\/wp-content\/uploads\/2022\/06\/ar_eldia20220610-683x1024.jpg 683w, https:\/\/www.diario5.com.ar\/wp-content\/uploads\/2022\/06\/ar_eldia20220610-200x300.jpg 200w, https:\/\/www.diario5.com.ar\/wp-content\/uploads\/2022\/06\/ar_eldia20220610-768x1152.jpg 768w, https:\/\/www.diario5.com.ar\/wp-content\/uploads\/2022\/06\/ar_eldia20220610-1024x1536.jpg 1024w, https:\/\/www.diario5.com.ar\/wp-content\/uploads\/2022\/06\/ar_eldia20220610-1365x2048.jpg 1365w, https:\/\/www.diario5.com.ar\/wp-content\/uploads\/2022\/06\/ar_eldia20220610.jpg 1600w\" sizes=\"(max-width: 683px) 100vw, 683px\" \/><\/p>\n<p><img decoding=\"async\" loading=\"lazy\" class=\"alignnone size-large wp-image-652717\" title=\"Malvinas I: Reafirmaci\u00f3n de Derechos\" src=\"https:\/\/www.diario5.com.ar\/wp-content\/uploads\/2022\/06\/ar_hoy20220610-776x1024.jpg\" alt=\"Malvinas I: Reafirmaci\u00f3n de Derechos\" width=\"776\" height=\"1024\" srcset=\"https:\/\/www.diario5.com.ar\/wp-content\/uploads\/2022\/06\/ar_hoy20220610-776x1024.jpg 776w, https:\/\/www.diario5.com.ar\/wp-content\/uploads\/2022\/06\/ar_hoy20220610-227x300.jpg 227w, https:\/\/www.diario5.com.ar\/wp-content\/uploads\/2022\/06\/ar_hoy20220610-768x1014.jpg 768w, https:\/\/www.diario5.com.ar\/wp-content\/uploads\/2022\/06\/ar_hoy20220610.jpg 960w\" sizes=\"(max-width: 776px) 100vw, 776px\" \/><\/p>\n<p>&nbsp;<\/p>\n<p>&nbsp;<\/p>\n<p>&nbsp;<\/p>\n<p><img decoding=\"async\" loading=\"lazy\" class=\"alignnone size-large wp-image-652718\" title=\"Malvinas I: Reafirmaci\u00f3n de Derechos\" src=\"https:\/\/www.diario5.com.ar\/wp-content\/uploads\/2022\/06\/ar_litoral20220610-780x1024.jpg\" alt=\"Malvinas I: Reafirmaci\u00f3n de Derechos\" width=\"780\" height=\"1024\" srcset=\"https:\/\/www.diario5.com.ar\/wp-content\/uploads\/2022\/06\/ar_litoral20220610-780x1024.jpg 780w, https:\/\/www.diario5.com.ar\/wp-content\/uploads\/2022\/06\/ar_litoral20220610-229x300.jpg 229w, https:\/\/www.diario5.com.ar\/wp-content\/uploads\/2022\/06\/ar_litoral20220610-768x1008.jpg 768w, https:\/\/www.diario5.com.ar\/wp-content\/uploads\/2022\/06\/ar_litoral20220610.jpg 1126w\" sizes=\"(max-width: 780px) 100vw, 780px\" \/><\/p>\n<p><img decoding=\"async\" loading=\"lazy\" class=\"alignnone size-large wp-image-652756\" src=\"https:\/\/www.diario5.com.ar\/wp-content\/uploads\/2022\/06\/ar_heraldo20220610-620x1024.jpg\" width=\"620\" height=\"1024\" alt=\"Malvinas I: Reafirmaci\u00f3n de Derechos\" title=\"Malvinas I: Reafirmaci\u00f3n de Derechos\" srcset=\"https:\/\/www.diario5.com.ar\/wp-content\/uploads\/2022\/06\/ar_heraldo20220610-620x1024.jpg 620w, https:\/\/www.diario5.com.ar\/wp-content\/uploads\/2022\/06\/ar_heraldo20220610-182x300.jpg 182w, https:\/\/www.diario5.com.ar\/wp-content\/uploads\/2022\/06\/ar_heraldo20220610.jpg 764w\" sizes=\"(max-width: 620px) 100vw, 620px\" \/><\/p>\n<p>&nbsp;<\/p>\n<p>&nbsp;<\/p>\n<p><img decoding=\"async\" loading=\"lazy\" class=\"alignnone size-large wp-image-652719\" title=\"Malvinas I: Reafirmaci\u00f3n de Derechos\" src=\"https:\/\/www.diario5.com.ar\/wp-content\/uploads\/2022\/06\/ar_pagina1220220610-800x1024.jpg\" alt=\"Malvinas I: Reafirmaci\u00f3n de Derechos\" width=\"800\" height=\"1024\" srcset=\"https:\/\/www.diario5.com.ar\/wp-content\/uploads\/2022\/06\/ar_pagina1220220610-800x1024.jpg 800w, https:\/\/www.diario5.com.ar\/wp-content\/uploads\/2022\/06\/ar_pagina1220220610-234x300.jpg 234w, https:\/\/www.diario5.com.ar\/wp-content\/uploads\/2022\/06\/ar_pagina1220220610-768x983.jpg 768w, https:\/\/www.diario5.com.ar\/wp-content\/uploads\/2022\/06\/ar_pagina1220220610-1201x1536.jpg 1201w, https:\/\/www.diario5.com.ar\/wp-content\/uploads\/2022\/06\/ar_pagina1220220610.jpg 1543w\" sizes=\"(max-width: 800px) 100vw, 800px\" \/><\/p>\n<p>&nbsp;<\/p>\n<p>&nbsp;<\/p>\n<p><img decoding=\"async\" loading=\"lazy\" class=\"alignnone size-large wp-image-652720\" title=\"Malvinas I: Reafirmaci\u00f3n de Derechos\" src=\"https:\/\/www.diario5.com.ar\/wp-content\/uploads\/2022\/06\/nueva_rioja20220610-724x1024.jpg\" alt=\"Malvinas I: Reafirmaci\u00f3n de Derechos\" width=\"724\" height=\"1024\" srcset=\"https:\/\/www.diario5.com.ar\/wp-content\/uploads\/2022\/06\/nueva_rioja20220610-724x1024.jpg 724w, https:\/\/www.diario5.com.ar\/wp-content\/uploads\/2022\/06\/nueva_rioja20220610-212x300.jpg 212w, https:\/\/www.diario5.com.ar\/wp-content\/uploads\/2022\/06\/nueva_rioja20220610.jpg 764w\" sizes=\"(max-width: 724px) 100vw, 724px\" \/><\/p>\n<p><img decoding=\"async\" loading=\"lazy\" class=\"alignnone size-large wp-image-652721\" title=\"Malvinas I: Reafirmaci\u00f3n de Derechos\" src=\"https:\/\/www.diario5.com.ar\/wp-content\/uploads\/2022\/06\/ar_losandes20220610-742x1024.jpg\" alt=\"Malvinas I: Reafirmaci\u00f3n de Derechos\" width=\"742\" height=\"1024\" srcset=\"https:\/\/www.diario5.com.ar\/wp-content\/uploads\/2022\/06\/ar_losandes20220610-742x1024.jpg 742w, https:\/\/www.diario5.com.ar\/wp-content\/uploads\/2022\/06\/ar_losandes20220610-217x300.jpg 217w, https:\/\/www.diario5.com.ar\/wp-content\/uploads\/2022\/06\/ar_losandes20220610.jpg 764w\" sizes=\"(max-width: 742px) 100vw, 742px\" \/><\/p>\n<p>&nbsp;<\/p>\n<p><img decoding=\"async\" loading=\"lazy\" class=\"alignnone size-large wp-image-652722\" title=\"Malvinas I: Reafirmaci\u00f3n de Derechos\" src=\"https:\/\/www.diario5.com.ar\/wp-content\/uploads\/2022\/06\/lea20220610-793x1024.jpg\" alt=\"Malvinas I: Reafirmaci\u00f3n de Derechos\" width=\"793\" height=\"1024\" srcset=\"https:\/\/www.diario5.com.ar\/wp-content\/uploads\/2022\/06\/lea20220610-793x1024.jpg 793w, https:\/\/www.diario5.com.ar\/wp-content\/uploads\/2022\/06\/lea20220610-232x300.jpg 232w, https:\/\/www.diario5.com.ar\/wp-content\/uploads\/2022\/06\/lea20220610-768x992.jpg 768w, https:\/\/www.diario5.com.ar\/wp-content\/uploads\/2022\/06\/lea20220610-1189x1536.jpg 1189w, https:\/\/www.diario5.com.ar\/wp-content\/uploads\/2022\/06\/lea20220610-1585x2048.jpg 1585w, https:\/\/www.diario5.com.ar\/wp-content\/uploads\/2022\/06\/lea20220610.jpg 1858w\" sizes=\"(max-width: 793px) 100vw, 793px\" \/><\/p>\n<p><img decoding=\"async\" loading=\"lazy\" class=\"alignnone size-large wp-image-652723\" title=\"Malvinas I: Reafirmaci\u00f3n de Derechos\" src=\"https:\/\/www.diario5.com.ar\/wp-content\/uploads\/2022\/06\/ar_rio_negro20220610-683x1024.jpg\" alt=\"Malvinas I: Reafirmaci\u00f3n de Derechos\" width=\"683\" height=\"1024\" srcset=\"https:\/\/www.diario5.com.ar\/wp-content\/uploads\/2022\/06\/ar_rio_negro20220610-683x1024.jpg 683w, https:\/\/www.diario5.com.ar\/wp-content\/uploads\/2022\/06\/ar_rio_negro20220610-200x300.jpg 200w, https:\/\/www.diario5.com.ar\/wp-content\/uploads\/2022\/06\/ar_rio_negro20220610-768x1152.jpg 768w, https:\/\/www.diario5.com.ar\/wp-content\/uploads\/2022\/06\/ar_rio_negro20220610-1024x1536.jpg 1024w, https:\/\/www.diario5.com.ar\/wp-content\/uploads\/2022\/06\/ar_rio_negro20220610.jpg 1167w\" sizes=\"(max-width: 683px) 100vw, 683px\" \/><\/p>\n<p><img decoding=\"async\" loading=\"lazy\" class=\"alignnone size-large wp-image-652757\" src=\"https:\/\/www.diario5.com.ar\/wp-content\/uploads\/2022\/06\/ar_diario_cuyo20220610-681x1024.jpg\" width=\"681\" height=\"1024\" alt=\"Malvinas I: Reafirmaci\u00f3n de Derechos\" title=\"Malvinas I: Reafirmaci\u00f3n de Derechos\" srcset=\"https:\/\/www.diario5.com.ar\/wp-content\/uploads\/2022\/06\/ar_diario_cuyo20220610-681x1024.jpg 681w, https:\/\/www.diario5.com.ar\/wp-content\/uploads\/2022\/06\/ar_diario_cuyo20220610-199x300.jpg 199w, https:\/\/www.diario5.com.ar\/wp-content\/uploads\/2022\/06\/ar_diario_cuyo20220610.jpg 764w\" sizes=\"(max-width: 681px) 100vw, 681px\" \/><\/p>\n<p><img decoding=\"async\" loading=\"lazy\" class=\"alignnone size-full wp-image-652724\" title=\"Malvinas I: Reafirmaci\u00f3n de Derechos\" src=\"https:\/\/www.diario5.com.ar\/wp-content\/uploads\/2022\/06\/huarpe20220610.jpg\" alt=\"Malvinas I: Reafirmaci\u00f3n de Derechos\" width=\"764\" height=\"1004\" srcset=\"https:\/\/www.diario5.com.ar\/wp-content\/uploads\/2022\/06\/huarpe20220610.jpg 764w, https:\/\/www.diario5.com.ar\/wp-content\/uploads\/2022\/06\/huarpe20220610-228x300.jpg 228w\" sizes=\"(max-width: 764px) 100vw, 764px\" \/><\/p>\n<p><img decoding=\"async\" loading=\"lazy\" class=\"alignnone size-large wp-image-652758\" src=\"https:\/\/www.diario5.com.ar\/wp-content\/uploads\/2022\/06\/ar_diario_republica20220610-731x1024.jpg\" width=\"731\" height=\"1024\" alt=\"Malvinas I: Reafirmaci\u00f3n de Derechos\" title=\"Malvinas I: Reafirmaci\u00f3n de Derechos\" srcset=\"https:\/\/www.diario5.com.ar\/wp-content\/uploads\/2022\/06\/ar_diario_republica20220610-731x1024.jpg 731w, https:\/\/www.diario5.com.ar\/wp-content\/uploads\/2022\/06\/ar_diario_republica20220610-214x300.jpg 214w, https:\/\/www.diario5.com.ar\/wp-content\/uploads\/2022\/06\/ar_diario_republica20220610-768x1075.jpg 768w, https:\/\/www.diario5.com.ar\/wp-content\/uploads\/2022\/06\/ar_diario_republica20220610.jpg 1040w\" sizes=\"(max-width: 731px) 100vw, 731px\" \/><\/p>\n<p>&nbsp;<\/p>\n<p>&nbsp;<\/p>\n<p><img decoding=\"async\" loading=\"lazy\" class=\"alignnone size-large wp-image-652725\" title=\"Malvinas I: Reafirmaci\u00f3n de Derechos\" src=\"https:\/\/www.diario5.com.ar\/wp-content\/uploads\/2022\/06\/ar_mirador_provincial20220610-762x1024.jpg\" alt=\"Malvinas I: Reafirmaci\u00f3n de Derechos\" width=\"762\" height=\"1024\" srcset=\"https:\/\/www.diario5.com.ar\/wp-content\/uploads\/2022\/06\/ar_mirador_provincial20220610-762x1024.jpg 762w, https:\/\/www.diario5.com.ar\/wp-content\/uploads\/2022\/06\/ar_mirador_provincial20220610-223x300.jpg 223w, https:\/\/www.diario5.com.ar\/wp-content\/uploads\/2022\/06\/ar_mirador_provincial20220610-768x1032.jpg 768w, https:\/\/www.diario5.com.ar\/wp-content\/uploads\/2022\/06\/ar_mirador_provincial20220610.jpg 1024w\" sizes=\"(max-width: 762px) 100vw, 762px\" \/><\/p>\n<p><img decoding=\"async\" loading=\"lazy\" class=\"alignnone size-large wp-image-652726\" title=\"Malvinas I: Reafirmaci\u00f3n de Derechos\" src=\"https:\/\/www.diario5.com.ar\/wp-content\/uploads\/2022\/06\/ar_gaceta20220610-624x1024.jpg\" alt=\"Malvinas I: Reafirmaci\u00f3n de Derechos\" width=\"624\" height=\"1024\" srcset=\"https:\/\/www.diario5.com.ar\/wp-content\/uploads\/2022\/06\/ar_gaceta20220610-624x1024.jpg 624w, https:\/\/www.diario5.com.ar\/wp-content\/uploads\/2022\/06\/ar_gaceta20220610-183x300.jpg 183w, https:\/\/www.diario5.com.ar\/wp-content\/uploads\/2022\/06\/ar_gaceta20220610-768x1260.jpg 768w, https:\/\/www.diario5.com.ar\/wp-content\/uploads\/2022\/06\/ar_gaceta20220610-936x1536.jpg 936w, https:\/\/www.diario5.com.ar\/wp-content\/uploads\/2022\/06\/ar_gaceta20220610-1248x2048.jpg 1248w, https:\/\/www.diario5.com.ar\/wp-content\/uploads\/2022\/06\/ar_gaceta20220610.jpg 1463w\" sizes=\"(max-width: 624px) 100vw, 624px\" \/><\/p>\n<p><img decoding=\"async\" loading=\"lazy\" class=\"alignnone size-large wp-image-652727\" title=\"Malvinas I: Reafirmaci\u00f3n de Derechos\" src=\"https:\/\/www.diario5.com.ar\/wp-content\/uploads\/2022\/06\/ar_cronica20220610-865x1024.jpg\" alt=\"Malvinas I: Reafirmaci\u00f3n de Derechos\" width=\"865\" height=\"1024\" srcset=\"https:\/\/www.diario5.com.ar\/wp-content\/uploads\/2022\/06\/ar_cronica20220610-865x1024.jpg 865w, https:\/\/www.diario5.com.ar\/wp-content\/uploads\/2022\/06\/ar_cronica20220610-253x300.jpg 253w, https:\/\/www.diario5.com.ar\/wp-content\/uploads\/2022\/06\/ar_cronica20220610-768x909.jpg 768w, https:\/\/www.diario5.com.ar\/wp-content\/uploads\/2022\/06\/ar_cronica20220610-1298x1536.jpg 1298w, https:\/\/www.diario5.com.ar\/wp-content\/uploads\/2022\/06\/ar_cronica20220610.jpg 1591w\" sizes=\"(max-width: 865px) 100vw, 865px\" \/><\/p>\n<p><img decoding=\"async\" loading=\"lazy\" class=\"alignnone size-large wp-image-652728\" title=\"Malvinas I: Reafirmaci\u00f3n de Derechos\" src=\"https:\/\/www.diario5.com.ar\/wp-content\/uploads\/2022\/06\/ar_clarin20220610-742x1024.jpg\" alt=\"Malvinas I: Reafirmaci\u00f3n de Derechos\" width=\"742\" height=\"1024\" srcset=\"https:\/\/www.diario5.com.ar\/wp-content\/uploads\/2022\/06\/ar_clarin20220610-742x1024.jpg 742w, https:\/\/www.diario5.com.ar\/wp-content\/uploads\/2022\/06\/ar_clarin20220610-217x300.jpg 217w, https:\/\/www.diario5.com.ar\/wp-content\/uploads\/2022\/06\/ar_clarin20220610-768x1060.jpg 768w, https:\/\/www.diario5.com.ar\/wp-content\/uploads\/2022\/06\/ar_clarin20220610-1113x1536.jpg 1113w, https:\/\/www.diario5.com.ar\/wp-content\/uploads\/2022\/06\/ar_clarin20220610.jpg 1472w\" sizes=\"(max-width: 742px) 100vw, 742px\" \/><\/p>\n<p><img decoding=\"async\" loading=\"lazy\" class=\"alignnone size-large wp-image-652729\" title=\"Malvinas I: Reafirmaci\u00f3n de Derechos\" src=\"https:\/\/www.diario5.com.ar\/wp-content\/uploads\/2022\/06\/nacion20220610-681x1024.jpg\" alt=\"Malvinas I: Reafirmaci\u00f3n de Derechos\" width=\"681\" height=\"1024\" srcset=\"https:\/\/www.diario5.com.ar\/wp-content\/uploads\/2022\/06\/nacion20220610-681x1024.jpg 681w, https:\/\/www.diario5.com.ar\/wp-content\/uploads\/2022\/06\/nacion20220610-199x300.jpg 199w, https:\/\/www.diario5.com.ar\/wp-content\/uploads\/2022\/06\/nacion20220610.jpg 764w\" sizes=\"(max-width: 681px) 100vw, 681px\" \/><\/p>\n<p>&nbsp;<\/p>\n<p><img decoding=\"async\" loading=\"lazy\" class=\"alignnone size-large wp-image-652730\" title=\"Malvinas I: Reafirmaci\u00f3n de Derechos\" src=\"https:\/\/www.diario5.com.ar\/wp-content\/uploads\/2022\/06\/nuevo_diario20220610-742x1024.jpg\" alt=\"Malvinas I: Reafirmaci\u00f3n de Derechos\" width=\"742\" height=\"1024\" srcset=\"https:\/\/www.diario5.com.ar\/wp-content\/uploads\/2022\/06\/nuevo_diario20220610-742x1024.jpg 742w, https:\/\/www.diario5.com.ar\/wp-content\/uploads\/2022\/06\/nuevo_diario20220610-217x300.jpg 217w, https:\/\/www.diario5.com.ar\/wp-content\/uploads\/2022\/06\/nuevo_diario20220610.jpg 764w\" sizes=\"(max-width: 742px) 100vw, 742px\" \/><\/p>\n<p><img decoding=\"async\" loading=\"lazy\" class=\"alignnone size-large wp-image-652731\" title=\"Malvinas I: Reafirmaci\u00f3n de Derechos\" src=\"https:\/\/www.diario5.com.ar\/wp-content\/uploads\/2022\/06\/ar_sureno20220610-778x1024.jpg\" alt=\"Malvinas I: Reafirmaci\u00f3n de Derechos\" width=\"778\" height=\"1024\" srcset=\"https:\/\/www.diario5.com.ar\/wp-content\/uploads\/2022\/06\/ar_sureno20220610-778x1024.jpg 778w, https:\/\/www.diario5.com.ar\/wp-content\/uploads\/2022\/06\/ar_sureno20220610-228x300.jpg 228w, https:\/\/www.diario5.com.ar\/wp-content\/uploads\/2022\/06\/ar_sureno20220610-768x1011.jpg 768w, https:\/\/www.diario5.com.ar\/wp-content\/uploads\/2022\/06\/ar_sureno20220610.jpg 1038w\" sizes=\"(max-width: 778px) 100vw, 778px\" \/><\/p>\n<p>URUGUAY<\/p>\n<p><img decoding=\"async\" loading=\"lazy\" class=\"alignnone size-full wp-image-652732\" title=\"Malvinas I: Reafirmaci\u00f3n de Derechos\" src=\"https:\/\/www.diario5.com.ar\/wp-content\/uploads\/2022\/06\/uy_ladiaria20220610.jpg\" alt=\"Malvinas I: Reafirmaci\u00f3n de Derechos\" width=\"764\" height=\"923\" srcset=\"https:\/\/www.diario5.com.ar\/wp-content\/uploads\/2022\/06\/uy_ladiaria20220610.jpg 764w, https:\/\/www.diario5.com.ar\/wp-content\/uploads\/2022\/06\/uy_ladiaria20220610-248x300.jpg 248w\" sizes=\"(max-width: 764px) 100vw, 764px\" \/><\/p>\n<p><img decoding=\"async\" loading=\"lazy\" class=\"alignnone size-large wp-image-652733\" title=\"Malvinas I: Reafirmaci\u00f3n de Derechos\" src=\"https:\/\/www.diario5.com.ar\/wp-content\/uploads\/2022\/06\/uy_observador20220610-754x1024.jpg\" alt=\"Malvinas I: Reafirmaci\u00f3n de Derechos\" width=\"754\" height=\"1024\" srcset=\"https:\/\/www.diario5.com.ar\/wp-content\/uploads\/2022\/06\/uy_observador20220610-754x1024.jpg 754w, https:\/\/www.diario5.com.ar\/wp-content\/uploads\/2022\/06\/uy_observador20220610-221x300.jpg 221w, https:\/\/www.diario5.com.ar\/wp-content\/uploads\/2022\/06\/uy_observador20220610.jpg 764w\" sizes=\"(max-width: 754px) 100vw, 754px\" \/><\/p>\n<p>BRASIL<br \/>\n<img decoding=\"async\" loading=\"lazy\" class=\"alignnone size-large wp-image-652734\" title=\"Malvinas I: Reafirmaci\u00f3n de Derechos\" src=\"https:\/\/www.diario5.com.ar\/wp-content\/uploads\/2022\/06\/br_folha_spaulo20220610-588x1024.jpg\" alt=\"Malvinas I: Reafirmaci\u00f3n de Derechos\" width=\"588\" height=\"1024\" srcset=\"https:\/\/www.diario5.com.ar\/wp-content\/uploads\/2022\/06\/br_folha_spaulo20220610-588x1024.jpg 588w, https:\/\/www.diario5.com.ar\/wp-content\/uploads\/2022\/06\/br_folha_spaulo20220610-172x300.jpg 172w, https:\/\/www.diario5.com.ar\/wp-content\/uploads\/2022\/06\/br_folha_spaulo20220610.jpg 764w\" sizes=\"(max-width: 588px) 100vw, 588px\" \/><\/p>\n<p><img decoding=\"async\" loading=\"lazy\" class=\"alignnone size-large wp-image-652735\" title=\"Malvinas I: Reafirmaci\u00f3n de Derechos\" src=\"https:\/\/www.diario5.com.ar\/wp-content\/uploads\/2022\/06\/br_estado_spaulo20220610-657x1024.jpg\" alt=\"Malvinas I: Reafirmaci\u00f3n de Derechos\" width=\"657\" height=\"1024\" srcset=\"https:\/\/www.diario5.com.ar\/wp-content\/uploads\/2022\/06\/br_estado_spaulo20220610-657x1024.jpg 657w, https:\/\/www.diario5.com.ar\/wp-content\/uploads\/2022\/06\/br_estado_spaulo20220610-193x300.jpg 193w, https:\/\/www.diario5.com.ar\/wp-content\/uploads\/2022\/06\/br_estado_spaulo20220610.jpg 764w\" sizes=\"(max-width: 657px) 100vw, 657px\" \/><\/p>\n<p>&nbsp;<\/p>\n<p><img decoding=\"async\" loading=\"lazy\" class=\"alignnone size-large wp-image-652736\" title=\"Malvinas I: Reafirmaci\u00f3n de Derechos\" src=\"https:\/\/www.diario5.com.ar\/wp-content\/uploads\/2022\/06\/br_oglobo20220610-593x1024.jpg\" alt=\"Malvinas I: Reafirmaci\u00f3n de Derechos\" width=\"593\" height=\"1024\" srcset=\"https:\/\/www.diario5.com.ar\/wp-content\/uploads\/2022\/06\/br_oglobo20220610-593x1024.jpg 593w, https:\/\/www.diario5.com.ar\/wp-content\/uploads\/2022\/06\/br_oglobo20220610-174x300.jpg 174w, https:\/\/www.diario5.com.ar\/wp-content\/uploads\/2022\/06\/br_oglobo20220610-768x1326.jpg 768w, https:\/\/www.diario5.com.ar\/wp-content\/uploads\/2022\/06\/br_oglobo20220610.jpg 814w\" sizes=\"(max-width: 593px) 100vw, 593px\" \/><\/p>\n<p>&nbsp;<\/p>\n<p>&nbsp;<\/p>\n<p><img decoding=\"async\" loading=\"lazy\" class=\"alignnone size-large wp-image-652737\" title=\"Malvinas I: Reafirmaci\u00f3n de Derechos\" src=\"https:\/\/www.diario5.com.ar\/wp-content\/uploads\/2022\/06\/br_extra20220610-585x1024.jpg\" alt=\"Malvinas I: Reafirmaci\u00f3n de Derechos\" width=\"585\" height=\"1024\" srcset=\"https:\/\/www.diario5.com.ar\/wp-content\/uploads\/2022\/06\/br_extra20220610-585x1024.jpg 585w, https:\/\/www.diario5.com.ar\/wp-content\/uploads\/2022\/06\/br_extra20220610-171x300.jpg 171w, https:\/\/www.diario5.com.ar\/wp-content\/uploads\/2022\/06\/br_extra20220610.jpg 764w\" sizes=\"(max-width: 585px) 100vw, 585px\" \/><\/p>\n<p>PARAGUAY<br \/>\n<img decoding=\"async\" loading=\"lazy\" class=\"alignnone size-large wp-image-652759\" src=\"https:\/\/www.diario5.com.ar\/wp-content\/uploads\/2022\/06\/abccolor20220610-748x1024.jpg\" width=\"748\" height=\"1024\" alt=\"Malvinas I: Reafirmaci\u00f3n de Derechos\" title=\"Malvinas I: Reafirmaci\u00f3n de Derechos\" srcset=\"https:\/\/www.diario5.com.ar\/wp-content\/uploads\/2022\/06\/abccolor20220610-748x1024.jpg 748w, https:\/\/www.diario5.com.ar\/wp-content\/uploads\/2022\/06\/abccolor20220610-219x300.jpg 219w, https:\/\/www.diario5.com.ar\/wp-content\/uploads\/2022\/06\/abccolor20220610.jpg 764w\" sizes=\"(max-width: 748px) 100vw, 748px\" \/><\/p>\n<p><img decoding=\"async\" loading=\"lazy\" class=\"alignnone size-large wp-image-652738\" title=\"Malvinas I: Reafirmaci\u00f3n de Derechos\" src=\"https:\/\/www.diario5.com.ar\/wp-content\/uploads\/2022\/06\/nacion20220610-1-764x1024.jpg\" alt=\"Malvinas I: Reafirmaci\u00f3n de Derechos\" width=\"764\" height=\"1024\" srcset=\"https:\/\/www.diario5.com.ar\/wp-content\/uploads\/2022\/06\/nacion20220610-1-764x1024.jpg 764w, https:\/\/www.diario5.com.ar\/wp-content\/uploads\/2022\/06\/nacion20220610-1-224x300.jpg 224w, https:\/\/www.diario5.com.ar\/wp-content\/uploads\/2022\/06\/nacion20220610-1-768x1029.jpg 768w, https:\/\/www.diario5.com.ar\/wp-content\/uploads\/2022\/06\/nacion20220610-1-1146x1536.jpg 1146w, https:\/\/www.diario5.com.ar\/wp-content\/uploads\/2022\/06\/nacion20220610-1-1528x2048.jpg 1528w, https:\/\/www.diario5.com.ar\/wp-content\/uploads\/2022\/06\/nacion20220610-1.jpg 1575w\" sizes=\"(max-width: 764px) 100vw, 764px\" \/><\/p>\n<p>&nbsp;<\/p>\n<p>&nbsp;<\/p>\n<p><img decoding=\"async\" loading=\"lazy\" class=\"alignnone size-large wp-image-652760\" src=\"https:\/\/www.diario5.com.ar\/wp-content\/uploads\/2022\/06\/py_5dias20220610-772x1024.jpg\" width=\"772\" height=\"1024\" alt=\"Malvinas I: Reafirmaci\u00f3n de Derechos\" title=\"Malvinas I: Reafirmaci\u00f3n de Derechos\" srcset=\"https:\/\/www.diario5.com.ar\/wp-content\/uploads\/2022\/06\/py_5dias20220610-772x1024.jpg 772w, https:\/\/www.diario5.com.ar\/wp-content\/uploads\/2022\/06\/py_5dias20220610-226x300.jpg 226w, https:\/\/www.diario5.com.ar\/wp-content\/uploads\/2022\/06\/py_5dias20220610-768x1019.jpg 768w, https:\/\/www.diario5.com.ar\/wp-content\/uploads\/2022\/06\/py_5dias20220610.jpg 927w\" sizes=\"(max-width: 772px) 100vw, 772px\" \/><\/p>\n<p>&nbsp;<\/p>\n<p>CHILE<br \/>\n<img decoding=\"async\" loading=\"lazy\" class=\"alignnone size-large wp-image-652739\" title=\"Malvinas I: Reafirmaci\u00f3n de Derechos\" src=\"https:\/\/www.diario5.com.ar\/wp-content\/uploads\/2022\/06\/cl_mercurio20220610-560x1024.jpg\" alt=\"Malvinas I: Reafirmaci\u00f3n de Derechos\" width=\"560\" height=\"1024\" srcset=\"https:\/\/www.diario5.com.ar\/wp-content\/uploads\/2022\/06\/cl_mercurio20220610-560x1024.jpg 560w, https:\/\/www.diario5.com.ar\/wp-content\/uploads\/2022\/06\/cl_mercurio20220610-164x300.jpg 164w, https:\/\/www.diario5.com.ar\/wp-content\/uploads\/2022\/06\/cl_mercurio20220610.jpg 764w\" sizes=\"(max-width: 560px) 100vw, 560px\" \/><\/p>\n<p><img decoding=\"async\" loading=\"lazy\" class=\"alignnone size-full wp-image-652740\" title=\"Malvinas I: Reafirmaci\u00f3n de Derechos\" src=\"https:\/\/www.diario5.com.ar\/wp-content\/uploads\/2022\/06\/cl_ultimas_noticias20220610.jpg\" alt=\"Malvinas I: Reafirmaci\u00f3n de Derechos\" width=\"792\" height=\"981\" srcset=\"https:\/\/www.diario5.com.ar\/wp-content\/uploads\/2022\/06\/cl_ultimas_noticias20220610.jpg 792w, https:\/\/www.diario5.com.ar\/wp-content\/uploads\/2022\/06\/cl_ultimas_noticias20220610-242x300.jpg 242w, https:\/\/www.diario5.com.ar\/wp-content\/uploads\/2022\/06\/cl_ultimas_noticias20220610-768x951.jpg 768w\" sizes=\"(max-width: 792px) 100vw, 792px\" \/><\/p>\n<p><img decoding=\"async\" loading=\"lazy\" class=\"alignnone size-full wp-image-652741\" title=\"Malvinas I: Reafirmaci\u00f3n de Derechos\" src=\"https:\/\/www.diario5.com.ar\/wp-content\/uploads\/2022\/06\/cl_diario_financiero20220610.jpg\" alt=\"Malvinas I: Reafirmaci\u00f3n de Derechos\" width=\"764\" height=\"985\" srcset=\"https:\/\/www.diario5.com.ar\/wp-content\/uploads\/2022\/06\/cl_diario_financiero20220610.jpg 764w, https:\/\/www.diario5.com.ar\/wp-content\/uploads\/2022\/06\/cl_diario_financiero20220610-233x300.jpg 233w\" sizes=\"(max-width: 764px) 100vw, 764px\" \/><\/p>\n<p><img decoding=\"async\" loading=\"lazy\" class=\"alignnone size-large wp-image-652742\" title=\"Malvinas I: Reafirmaci\u00f3n de Derechos\" src=\"https:\/\/www.diario5.com.ar\/wp-content\/uploads\/2022\/06\/estrella_iquique20220610-814x1024.jpg\" alt=\"Malvinas I: Reafirmaci\u00f3n de Derechos\" width=\"814\" height=\"1024\" srcset=\"https:\/\/www.diario5.com.ar\/wp-content\/uploads\/2022\/06\/estrella_iquique20220610-814x1024.jpg 814w, https:\/\/www.diario5.com.ar\/wp-content\/uploads\/2022\/06\/estrella_iquique20220610-238x300.jpg 238w, https:\/\/www.diario5.com.ar\/wp-content\/uploads\/2022\/06\/estrella_iquique20220610-768x966.jpg 768w, https:\/\/www.diario5.com.ar\/wp-content\/uploads\/2022\/06\/estrella_iquique20220610-1221x1536.jpg 1221w, https:\/\/www.diario5.com.ar\/wp-content\/uploads\/2022\/06\/estrella_iquique20220610.jpg 1328w\" sizes=\"(max-width: 814px) 100vw, 814px\" \/><\/p>\n<p><img decoding=\"async\" loading=\"lazy\" class=\"alignnone size-large wp-image-652743\" title=\"Malvinas I: Reafirmaci\u00f3n de Derechos\" src=\"https:\/\/www.diario5.com.ar\/wp-content\/uploads\/2022\/06\/mercurio_antofagasta20220610-691x1024.jpg\" alt=\"Malvinas I: Reafirmaci\u00f3n de Derechos\" width=\"691\" height=\"1024\" srcset=\"https:\/\/www.diario5.com.ar\/wp-content\/uploads\/2022\/06\/mercurio_antofagasta20220610-691x1024.jpg 691w, https:\/\/www.diario5.com.ar\/wp-content\/uploads\/2022\/06\/mercurio_antofagasta20220610-202x300.jpg 202w, https:\/\/www.diario5.com.ar\/wp-content\/uploads\/2022\/06\/mercurio_antofagasta20220610-768x1138.jpg 768w, https:\/\/www.diario5.com.ar\/wp-content\/uploads\/2022\/06\/mercurio_antofagasta20220610-1036x1536.jpg 1036w, https:\/\/www.diario5.com.ar\/wp-content\/uploads\/2022\/06\/mercurio_antofagasta20220610.jpg 1328w\" sizes=\"(max-width: 691px) 100vw, 691px\" \/><\/p>\n<p>&nbsp;<\/p>\n<p><img decoding=\"async\" loading=\"lazy\" class=\"alignnone size-large wp-image-652744\" title=\"Malvinas I: Reafirmaci\u00f3n de Derechos\" src=\"https:\/\/www.diario5.com.ar\/wp-content\/uploads\/2022\/06\/mercurio_valpo20220610-731x1024.jpg\" alt=\"Malvinas I: Reafirmaci\u00f3n de Derechos\" width=\"731\" height=\"1024\" srcset=\"https:\/\/www.diario5.com.ar\/wp-content\/uploads\/2022\/06\/mercurio_valpo20220610-731x1024.jpg 731w, https:\/\/www.diario5.com.ar\/wp-content\/uploads\/2022\/06\/mercurio_valpo20220610-214x300.jpg 214w, https:\/\/www.diario5.com.ar\/wp-content\/uploads\/2022\/06\/mercurio_valpo20220610-768x1076.jpg 768w, https:\/\/www.diario5.com.ar\/wp-content\/uploads\/2022\/06\/mercurio_valpo20220610-1096x1536.jpg 1096w, https:\/\/www.diario5.com.ar\/wp-content\/uploads\/2022\/06\/mercurio_valpo20220610.jpg 1387w\" sizes=\"(max-width: 731px) 100vw, 731px\" \/><\/p>\n<p><img decoding=\"async\" loading=\"lazy\" class=\"alignnone size-large wp-image-652761\" src=\"https:\/\/www.diario5.com.ar\/wp-content\/uploads\/2022\/06\/estrella_valpo20220610-799x1024.jpg\" width=\"799\" height=\"1024\" alt=\"Malvinas I: Reafirmaci\u00f3n de Derechos\" title=\"Malvinas I: Reafirmaci\u00f3n de Derechos\" srcset=\"https:\/\/www.diario5.com.ar\/wp-content\/uploads\/2022\/06\/estrella_valpo20220610-799x1024.jpg 799w, https:\/\/www.diario5.com.ar\/wp-content\/uploads\/2022\/06\/estrella_valpo20220610-234x300.jpg 234w, https:\/\/www.diario5.com.ar\/wp-content\/uploads\/2022\/06\/estrella_valpo20220610-768x985.jpg 768w, https:\/\/www.diario5.com.ar\/wp-content\/uploads\/2022\/06\/estrella_valpo20220610-1198x1536.jpg 1198w, https:\/\/www.diario5.com.ar\/wp-content\/uploads\/2022\/06\/estrella_valpo20220610.jpg 1328w\" sizes=\"(max-width: 799px) 100vw, 799px\" \/><\/p>\n<p><img decoding=\"async\" loading=\"lazy\" class=\"alignnone size-large wp-image-652745\" title=\"Malvinas I: Reafirmaci\u00f3n de Derechos\" src=\"https:\/\/www.diario5.com.ar\/wp-content\/uploads\/2022\/06\/diario_concepcion20220610-783x1024.jpg\" alt=\"Malvinas I: Reafirmaci\u00f3n de Derechos\" width=\"783\" height=\"1024\" srcset=\"https:\/\/www.diario5.com.ar\/wp-content\/uploads\/2022\/06\/diario_concepcion20220610-783x1024.jpg 783w, https:\/\/www.diario5.com.ar\/wp-content\/uploads\/2022\/06\/diario_concepcion20220610-229x300.jpg 229w, https:\/\/www.diario5.com.ar\/wp-content\/uploads\/2022\/06\/diario_concepcion20220610-768x1005.jpg 768w, https:\/\/www.diario5.com.ar\/wp-content\/uploads\/2022\/06\/diario_concepcion20220610-1174x1536.jpg 1174w, https:\/\/www.diario5.com.ar\/wp-content\/uploads\/2022\/06\/diario_concepcion20220610.jpg 1246w\" sizes=\"(max-width: 783px) 100vw, 783px\" \/><\/p>\n<p><img decoding=\"async\" loading=\"lazy\" class=\"alignnone size-large wp-image-652746\" title=\"Malvinas I: Reafirmaci\u00f3n de Derechos\" src=\"https:\/\/www.diario5.com.ar\/wp-content\/uploads\/2022\/06\/austral_temuco20220610-716x1024.jpg\" alt=\"Malvinas I: Reafirmaci\u00f3n de Derechos\" width=\"716\" height=\"1024\" srcset=\"https:\/\/www.diario5.com.ar\/wp-content\/uploads\/2022\/06\/austral_temuco20220610-716x1024.jpg 716w, https:\/\/www.diario5.com.ar\/wp-content\/uploads\/2022\/06\/austral_temuco20220610-210x300.jpg 210w, https:\/\/www.diario5.com.ar\/wp-content\/uploads\/2022\/06\/austral_temuco20220610-768x1098.jpg 768w, https:\/\/www.diario5.com.ar\/wp-content\/uploads\/2022\/06\/austral_temuco20220610-1074x1536.jpg 1074w, https:\/\/www.diario5.com.ar\/wp-content\/uploads\/2022\/06\/austral_temuco20220610.jpg 1376w\" sizes=\"(max-width: 716px) 100vw, 716px\" \/><\/p>\n<p><img decoding=\"async\" loading=\"lazy\" class=\"alignnone size-large wp-image-652747\" title=\"Malvinas I: Reafirmaci\u00f3n de Derechos\" src=\"https:\/\/www.diario5.com.ar\/wp-content\/uploads\/2022\/06\/estrella_arica20220610-808x1024.jpg\" alt=\"Malvinas I: Reafirmaci\u00f3n de Derechos\" width=\"808\" height=\"1024\" srcset=\"https:\/\/www.diario5.com.ar\/wp-content\/uploads\/2022\/06\/estrella_arica20220610-808x1024.jpg 808w, https:\/\/www.diario5.com.ar\/wp-content\/uploads\/2022\/06\/estrella_arica20220610-237x300.jpg 237w, https:\/\/www.diario5.com.ar\/wp-content\/uploads\/2022\/06\/estrella_arica20220610-768x973.jpg 768w, https:\/\/www.diario5.com.ar\/wp-content\/uploads\/2022\/06\/estrella_arica20220610-1212x1536.jpg 1212w, https:\/\/www.diario5.com.ar\/wp-content\/uploads\/2022\/06\/estrella_arica20220610.jpg 1328w\" sizes=\"(max-width: 808px) 100vw, 808px\" \/><\/p>\n<p>COLOMBIA<br \/>\n<img decoding=\"async\" loading=\"lazy\" class=\"alignnone size-large wp-image-652748\" title=\"Malvinas I: Reafirmaci\u00f3n de Derechos\" src=\"https:\/\/www.diario5.com.ar\/wp-content\/uploads\/2022\/06\/co_espectador20220610-720x1024.jpg\" alt=\"Malvinas I: Reafirmaci\u00f3n de Derechos\" width=\"720\" height=\"1024\" srcset=\"https:\/\/www.diario5.com.ar\/wp-content\/uploads\/2022\/06\/co_espectador20220610-720x1024.jpg 720w, https:\/\/www.diario5.com.ar\/wp-content\/uploads\/2022\/06\/co_espectador20220610-211x300.jpg 211w, https:\/\/www.diario5.com.ar\/wp-content\/uploads\/2022\/06\/co_espectador20220610.jpg 764w\" sizes=\"(max-width: 720px) 100vw, 720px\" \/><\/p>\n<p><img decoding=\"async\" loading=\"lazy\" class=\"alignnone size-large wp-image-652762\" src=\"https:\/\/www.diario5.com.ar\/wp-content\/uploads\/2022\/06\/co_heraldo20220610-524x1024.jpg\" width=\"524\" height=\"1024\" alt=\"Malvinas I: Reafirmaci\u00f3n de Derechos\" title=\"Malvinas I: Reafirmaci\u00f3n de Derechos\" srcset=\"https:\/\/www.diario5.com.ar\/wp-content\/uploads\/2022\/06\/co_heraldo20220610-524x1024.jpg 524w, https:\/\/www.diario5.com.ar\/wp-content\/uploads\/2022\/06\/co_heraldo20220610-153x300.jpg 153w, https:\/\/www.diario5.com.ar\/wp-content\/uploads\/2022\/06\/co_heraldo20220610.jpg 764w\" sizes=\"(max-width: 524px) 100vw, 524px\" \/><\/p>\n<p><img decoding=\"async\" loading=\"lazy\" class=\"alignnone size-large wp-image-652749\" title=\"Malvinas I: Reafirmaci\u00f3n de Derechos\" src=\"https:\/\/www.diario5.com.ar\/wp-content\/uploads\/2022\/06\/co_elpais20220610-557x1024.jpg\" alt=\"Malvinas I: Reafirmaci\u00f3n de Derechos\" width=\"557\" height=\"1024\" srcset=\"https:\/\/www.diario5.com.ar\/wp-content\/uploads\/2022\/06\/co_elpais20220610-557x1024.jpg 557w, https:\/\/www.diario5.com.ar\/wp-content\/uploads\/2022\/06\/co_elpais20220610-163x300.jpg 163w, https:\/\/www.diario5.com.ar\/wp-content\/uploads\/2022\/06\/co_elpais20220610.jpg 764w\" sizes=\"(max-width: 557px) 100vw, 557px\" \/><\/p>\n<p><img decoding=\"async\" loading=\"lazy\" class=\"alignnone size-large wp-image-652763\" src=\"https:\/\/www.diario5.com.ar\/wp-content\/uploads\/2022\/06\/co_universal20220610-770x1024.jpg\" width=\"770\" height=\"1024\" alt=\"Malvinas I: Reafirmaci\u00f3n de Derechos\" title=\"Malvinas I: Reafirmaci\u00f3n de Derechos\" srcset=\"https:\/\/www.diario5.com.ar\/wp-content\/uploads\/2022\/06\/co_universal20220610-770x1024.jpg 770w, https:\/\/www.diario5.com.ar\/wp-content\/uploads\/2022\/06\/co_universal20220610-226x300.jpg 226w, https:\/\/www.diario5.com.ar\/wp-content\/uploads\/2022\/06\/co_universal20220610-768x1021.jpg 768w, https:\/\/www.diario5.com.ar\/wp-content\/uploads\/2022\/06\/co_universal20220610.jpg 960w\" sizes=\"(max-width: 770px) 100vw, 770px\" \/><\/p>\n<p><img decoding=\"async\" loading=\"lazy\" class=\"alignnone size-large wp-image-652765\" src=\"https:\/\/www.diario5.com.ar\/wp-content\/uploads\/2022\/06\/co_elcolombiano20220610-695x1024.jpg\" width=\"695\" height=\"1024\" alt=\"Malvinas I: Reafirmaci\u00f3n de Derechos\" title=\"Malvinas I: Reafirmaci\u00f3n de Derechos\" srcset=\"https:\/\/www.diario5.com.ar\/wp-content\/uploads\/2022\/06\/co_elcolombiano20220610-695x1024.jpg 695w, https:\/\/www.diario5.com.ar\/wp-content\/uploads\/2022\/06\/co_elcolombiano20220610-204x300.jpg 204w, https:\/\/www.diario5.com.ar\/wp-content\/uploads\/2022\/06\/co_elcolombiano20220610.jpg 764w\" sizes=\"(max-width: 695px) 100vw, 695px\" \/><\/p>\n<p>PERU<\/p>\n<p>&nbsp;<\/p>\n<p><img decoding=\"async\" loading=\"lazy\" class=\"alignnone size-large wp-image-652766\" src=\"https:\/\/www.diario5.com.ar\/wp-content\/uploads\/2022\/06\/pe_correo20220610-1024x1018.jpg\" width=\"1024\" height=\"1018\" alt=\"Malvinas I: Reafirmaci\u00f3n de Derechos\" title=\"Malvinas I: Reafirmaci\u00f3n de Derechos\" srcset=\"https:\/\/www.diario5.com.ar\/wp-content\/uploads\/2022\/06\/pe_correo20220610-1024x1018.jpg 1024w, https:\/\/www.diario5.com.ar\/wp-content\/uploads\/2022\/06\/pe_correo20220610-300x298.jpg 300w, https:\/\/www.diario5.com.ar\/wp-content\/uploads\/2022\/06\/pe_correo20220610-150x150.jpg 150w, https:\/\/www.diario5.com.ar\/wp-content\/uploads\/2022\/06\/pe_correo20220610-768x763.jpg 768w, https:\/\/www.diario5.com.ar\/wp-content\/uploads\/2022\/06\/pe_correo20220610.jpg 1190w\" sizes=\"(max-width: 1024px) 100vw, 1024px\" \/><\/p>\n<p><img decoding=\"async\" loading=\"lazy\" class=\"alignnone size-full wp-image-652750\" title=\"Malvinas I: Reafirmaci\u00f3n de Derechos\" src=\"https:\/\/www.diario5.com.ar\/wp-content\/uploads\/2022\/06\/pe_expreso20220610.jpg\" alt=\"Malvinas I: Reafirmaci\u00f3n de Derechos\" width=\"764\" height=\"920\" srcset=\"https:\/\/www.diario5.com.ar\/wp-content\/uploads\/2022\/06\/pe_expreso20220610.jpg 764w, https:\/\/www.diario5.com.ar\/wp-content\/uploads\/2022\/06\/pe_expreso20220610-249x300.jpg 249w\" sizes=\"(max-width: 764px) 100vw, 764px\" \/><\/p>\n<p>&nbsp;<\/p>\n<p><img decoding=\"async\" loading=\"lazy\" class=\"alignnone size-full wp-image-652751\" title=\"Malvinas I: Reafirmaci\u00f3n de Derechos\" src=\"https:\/\/www.diario5.com.ar\/wp-content\/uploads\/2022\/06\/pe_gestion20220610.jpg\" alt=\"Malvinas I: Reafirmaci\u00f3n de Derechos\" width=\"764\" height=\"799\" srcset=\"https:\/\/www.diario5.com.ar\/wp-content\/uploads\/2022\/06\/pe_gestion20220610.jpg 764w, https:\/\/www.diario5.com.ar\/wp-content\/uploads\/2022\/06\/pe_gestion20220610-287x300.jpg 287w\" sizes=\"(max-width: 764px) 100vw, 764px\" \/><\/p>","protected":false},"excerpt":{"rendered":"<p>Desiertas hasta su descubrimiento por los europeos en el siglo XVI , las Islas Malvinas fueron colonizadas en 1764 bajo el liderazgo del franc\u00e9s Louis-Antoine de Bougainville , pero quedaron en 1767 bajo soberan\u00eda espa\u00f1ola. Fueron entonces objeto de reclamaciones territoriales por parte de Espa\u00f1a y el Reino Unido, lo que condujo a una crisis [&hellip;]<\/p>","protected":false},"author":2,"featured_media":652449,"comment_status":"open","ping_status":"open","sticky":false,"template":"","format":"standard","meta":[],"categories":[44,52,56],"tags":[],"series":[],"_links":{"self":[{"href":"https:\/\/www.diario5.com.ar\/es\/wp-json\/wp\/v2\/posts\/636271"}],"collection":[{"href":"https:\/\/www.diario5.com.ar\/es\/wp-json\/wp\/v2\/posts"}],"about":[{"href":"https:\/\/www.diario5.com.ar\/es\/wp-json\/wp\/v2\/types\/post"}],"author":[{"embeddable":true,"href":"https:\/\/www.diario5.com.ar\/es\/wp-json\/wp\/v2\/users\/2"}],"replies":[{"embeddable":true,"href":"https:\/\/www.diario5.com.ar\/es\/wp-json\/wp\/v2\/comments?post=636271"}],"version-history":[{"count":3,"href":"https:\/\/www.diario5.com.ar\/es\/wp-json\/wp\/v2\/posts\/636271\/revisions"}],"predecessor-version":[{"id":652767,"href":"https:\/\/www.diario5.com.ar\/es\/wp-json\/wp\/v2\/posts\/636271\/revisions\/652767"}],"wp:featuredmedia":[{"embeddable":true,"href":"https:\/\/www.diario5.com.ar\/es\/wp-json\/wp\/v2\/media\/652449"}],"wp:attachment":[{"href":"https:\/\/www.diario5.com.ar\/es\/wp-json\/wp\/v2\/media?parent=636271"}],"wp:term":[{"taxonomy":"category","embeddable":true,"href":"https:\/\/www.diario5.com.ar\/es\/wp-json\/wp\/v2\/categories?post=636271"},{"taxonomy":"post_tag","embeddable":true,"href":"https:\/\/www.diario5.com.ar\/es\/wp-json\/wp\/v2\/tags?post=636271"},{"taxonomy":"series","embeddable":true,"href":"https:\/\/www.diario5.com.ar\/es\/wp-json\/wp\/v2\/series?post=636271"}],"curies":[{"name":"wp","href":"https:\/\/api.w.org\/{rel}","templated":true}]}}