{"id":636267,"date":"2022-06-06T06:50:00","date_gmt":"2022-06-06T09:50:00","guid":{"rendered":"http:\/\/diario5.com.ar\/?p=636267"},"modified":"2022-07-06T01:41:48","modified_gmt":"2022-07-06T04:41:48","slug":"636267","status":"publish","type":"post","link":"https:\/\/www.diario5.com.ar\/es\/636267\/","title":{"rendered":"Convocatoria para la Semana del Arte 2022"},"content":{"rendered":"<h2 class=\"sub-title-primary\"><\/h2> <p><img class=\"alignnone size-full wp-image-652197\" alt=\"\" \/><\/p>\n<p><img decoding=\"async\" loading=\"lazy\" class=\"alignnone size-full wp-image-654203\" src=\"https:\/\/www.diario5.com.ar\/wp-content\/uploads\/2022\/06\/casa_de_la_cultura1.png\" alt=\"\" width=\"700\" height=\"466\" srcset=\"https:\/\/www.diario5.com.ar\/wp-content\/uploads\/2022\/06\/casa_de_la_cultura1.png 700w, https:\/\/www.diario5.com.ar\/wp-content\/uploads\/2022\/06\/casa_de_la_cultura1-300x200.png 300w\" sizes=\"(max-width: 700px) 100vw, 700px\" \/><\/p>\n<p>La convocatoria a una nueva edici\u00f3n de Semana del Arte, que se har\u00e1 entre el 27 de septiembre y el 4 de octubre promete una creciente agenda de artes visuales contempor\u00e1neas durante siete d\u00edas-<\/p>\n<p>Se destacar\u00e1n trabajos artistas que realcen aspectos de la Ciudad de Buenos Aires. El evento est\u00e1 vinculado con las ferias de arte BA PHOTO y ARTEBA.<\/p>\n<p>&nbsp;<\/p>\n<p><!--googleoff: index--><\/p>\n<p>Bajo la premisa de crear una convivencia de espacios, expresiones art\u00edsticas y p\u00fablicos, se propone una programaci\u00f3n interdisciplinar y gratuita como un gran museo a cielo abierto.<\/p>\n<p>Para esta segunda edici\u00f3n, ya qued\u00f3 abierta la convocatoria, dirigida a artistas y\/o colectivos de artistas, para que presenten obras de arte ya producidas (sean in\u00e9ditas o no) que no requieran costos de producci\u00f3n a trav\u00e9s de <a href=\"https:\/\/tad.buenosaires.gob.ar\/tramitesadistancia\/\">Tramitaci\u00f3n a Distancia (TAD)<\/a>. Las piezas ganadoras recibir\u00e1n un reconocimiento econ\u00f3mico de trescientos cincuenta mil pesos ( $ 350.000). Las obras ser\u00e1n emplazadas en diferentes barrios de la Ciudad, formando as\u00ed una exhibici\u00f3n p\u00fablica de arte contempor\u00e1neo que acompa\u00f1ar\u00e1 a una agenda de actividades de distintas instituciones culturales participantes.<\/p>\n<h3>Sobre Semana del Arte<\/h3>\n<p>Semana del Arte es una plataforma del Ministerio de Cultura que busca difundir a los artistas contempor\u00e1neos locales y fomentar el arte p\u00fablico como una manera de redescubrir la Ciudad con el objetivo tambi\u00e9n de amplificar la programaci\u00f3n de las instituciones contempor\u00e1neas del sector de las artes visuales.<\/p>\n<blockquote><p>Para m\u00e1s informaci\u00f3n ingresar <a href=\"http:\/\/www.buenosaires.gob.ar\/cultura\/semana-del-arte\">aqu\u00ed<\/a><\/p><\/blockquote>\n<p>&nbsp;<\/p>\n<h3>Acerca de la convocatoria<\/h3>\n<p>En esta nueva edici\u00f3n de Semana del Arte se invita a artistas y\/o colectivos de artistas a postular obras de arte ya realizadas que no requieran costos adicionales de producci\u00f3n. Puede ser una obra producida hace varios a\u00f1os, o una obra reciente, haber estado exhibida o no, pero se debe encontrar terminada y en la Ciudad Aut\u00f3noma de Buenos Aires. Aquellas personas interesadas deber\u00e1n postularse a trav\u00e9s de TAD. Solamente podr\u00e1n participar argentinos y extranjeros mayores de 18 a\u00f1os que desarrollen su actividad cultural en la Ciudad.<\/p>\n<p>Se espera la postulaci\u00f3n de obras de arte y proyectos art\u00edsticos de todo tipo: escult\u00f3ricos, instalativos, perform\u00e1ticos, pict\u00f3ricos, sonoros, etc. Los seleccionados recibir\u00e1n un reconocimiento econ\u00f3mico de trescientos cincuenta mil pesos ($350.000) por cada obra. De las postulaciones recibidas, el Comit\u00e9 Evaluador seleccionar\u00e1 hasta un m\u00e1ximo de 10 (diez) obras de arte.<\/p>\n<blockquote><p><a href=\"https:\/\/www.buenosaires.gob.ar\/sites\/gcaba\/files\/bases_y_condiciones_.pdf\">Bases y condiciones<\/a><\/p><\/blockquote>\n<p>&nbsp;<\/p>\n<p>Este a\u00f1o, el Comit\u00e9 estar\u00e1 conformado por los siguientes especialistas: <strong>Carla Barbero<\/strong>, curadora y actualmente Jefa del Departamento de Curadur\u00eda del Museo de Arte Moderno de Buenos Aires; <strong>Luis Ter\u00e1n<\/strong>, artista visual ganador de Semana del Arte 2021; <strong>Juan Pablo Vacas<\/strong>, arquitecto y Subsecretario de Paisaje Urbano.<\/p>\n<p>Los proyectos ganadores tendr\u00e1n una articulaci\u00f3n crucial con los entornos comunitarios de cada locaci\u00f3n con el fin de profundizar su rol en el espacio p\u00fablico y, junto con las instituciones asociadas a Semana del Arte, crear\u00e1n una gran programaci\u00f3n de arte contempor\u00e1neo en m\u00e1s de diez barrios de la Ciudad.<\/p>\n<p>Se podr\u00e1 presentar una obra a trav\u00e9s de <a href=\"https:\/\/tad.buenosaires.gob.ar\/tramitesadistancia\/\">Tramitaci\u00f3n a Distancia (TAD)<\/a> . TAD es el sistema online que permite realizar tr\u00e1mites a distancia desde cualquier dispositivo con internet. Mediante el uso de esta plataforma se podr\u00e1 aplicar a \u00abConvocatoria Semana del Arte 2022\u00bb y adem\u00e1s, consultar el estado actual de la postulaci\u00f3n en todo momento. Para acceder al sistema TAD es necesario contar con Clave Ciudad. Se puede ingresar a TAD de dos maneras: desde su p\u00e1gina web o desde la web del Gobierno de la Ciudad, en la seccio\u0301n Tra\u0301mites.<\/p>\n<p><strong>Por consultas, dirigirse a: <a href=\"http:\/\/www.buenosaires.gob.ar\/artesvisuales%40buenosaires.gob.ar\">artesvisuales@buenosaires.gob.ar<\/a>. Ser\u00e1n respondidas a la brevedad.<\/strong><\/p>\n<p>&nbsp;<\/p>\n<p><img decoding=\"async\" loading=\"lazy\" class=\"alignnone size-full wp-image-652522\" title=\"Convocatoria para la Semana del Arte 2022\" src=\"https:\/\/www.diario5.com.ar\/wp-content\/uploads\/2022\/06\/voz_chaco20220606.jpg\" alt=\"Convocatoria para la Semana del Arte 2022\" width=\"816\" height=\"944\" srcset=\"https:\/\/www.diario5.com.ar\/wp-content\/uploads\/2022\/06\/voz_chaco20220606.jpg 816w, https:\/\/www.diario5.com.ar\/wp-content\/uploads\/2022\/06\/voz_chaco20220606-259x300.jpg 259w, https:\/\/www.diario5.com.ar\/wp-content\/uploads\/2022\/06\/voz_chaco20220606-768x888.jpg 768w\" sizes=\"(max-width: 816px) 100vw, 816px\" \/><\/p>\n<p><img decoding=\"async\" loading=\"lazy\" class=\"alignnone size-large wp-image-652523\" title=\"Convocatoria para la Semana del Arte 2022\" src=\"https:\/\/www.diario5.com.ar\/wp-content\/uploads\/2022\/06\/ar_diario_madryn20220606-757x1024.jpg\" alt=\"Convocatoria para la Semana del Arte 2022\" width=\"757\" height=\"1024\" srcset=\"https:\/\/www.diario5.com.ar\/wp-content\/uploads\/2022\/06\/ar_diario_madryn20220606-757x1024.jpg 757w, https:\/\/www.diario5.com.ar\/wp-content\/uploads\/2022\/06\/ar_diario_madryn20220606-222x300.jpg 222w, https:\/\/www.diario5.com.ar\/wp-content\/uploads\/2022\/06\/ar_diario_madryn20220606.jpg 764w\" sizes=\"(max-width: 757px) 100vw, 757px\" \/><\/p>\n<p>&nbsp;<\/p>\n<p><img decoding=\"async\" loading=\"lazy\" class=\"alignnone size-full wp-image-652524\" title=\"Convocatoria para la Semana del Arte 2022\" src=\"https:\/\/www.diario5.com.ar\/wp-content\/uploads\/2022\/06\/ar_cronista20220606.jpg\" alt=\"Convocatoria para la Semana del Arte 2022\" width=\"764\" height=\"958\" srcset=\"https:\/\/www.diario5.com.ar\/wp-content\/uploads\/2022\/06\/ar_cronista20220606.jpg 764w, https:\/\/www.diario5.com.ar\/wp-content\/uploads\/2022\/06\/ar_cronista20220606-239x300.jpg 239w\" sizes=\"(max-width: 764px) 100vw, 764px\" \/><\/p>\n<p>&nbsp;<\/p>\n<p><img decoding=\"async\" loading=\"lazy\" class=\"alignnone size-large wp-image-652525\" title=\"Convocatoria para la Semana del Arte 2022\" src=\"https:\/\/www.diario5.com.ar\/wp-content\/uploads\/2022\/06\/ar_eldia20220606-683x1024.jpg\" alt=\"Convocatoria para la Semana del Arte 2022\" width=\"683\" height=\"1024\" srcset=\"https:\/\/www.diario5.com.ar\/wp-content\/uploads\/2022\/06\/ar_eldia20220606-683x1024.jpg 683w, https:\/\/www.diario5.com.ar\/wp-content\/uploads\/2022\/06\/ar_eldia20220606-200x300.jpg 200w, https:\/\/www.diario5.com.ar\/wp-content\/uploads\/2022\/06\/ar_eldia20220606-768x1152.jpg 768w, https:\/\/www.diario5.com.ar\/wp-content\/uploads\/2022\/06\/ar_eldia20220606-1024x1536.jpg 1024w, https:\/\/www.diario5.com.ar\/wp-content\/uploads\/2022\/06\/ar_eldia20220606-1365x2048.jpg 1365w, https:\/\/www.diario5.com.ar\/wp-content\/uploads\/2022\/06\/ar_eldia20220606.jpg 1600w\" sizes=\"(max-width: 683px) 100vw, 683px\" \/><\/p>\n<p><img decoding=\"async\" loading=\"lazy\" class=\"alignnone size-large wp-image-652526\" title=\"Convocatoria para la Semana del Arte 2022\" src=\"https:\/\/www.diario5.com.ar\/wp-content\/uploads\/2022\/06\/ar_hoy20220606-791x1024.jpg\" alt=\"Convocatoria para la Semana del Arte 2022\" width=\"791\" height=\"1024\" srcset=\"https:\/\/www.diario5.com.ar\/wp-content\/uploads\/2022\/06\/ar_hoy20220606-791x1024.jpg 791w, https:\/\/www.diario5.com.ar\/wp-content\/uploads\/2022\/06\/ar_hoy20220606-232x300.jpg 232w, https:\/\/www.diario5.com.ar\/wp-content\/uploads\/2022\/06\/ar_hoy20220606-768x994.jpg 768w, https:\/\/www.diario5.com.ar\/wp-content\/uploads\/2022\/06\/ar_hoy20220606.jpg 960w\" sizes=\"(max-width: 791px) 100vw, 791px\" \/><\/p>\n<p>&nbsp;<\/p>\n<p><img decoding=\"async\" loading=\"lazy\" class=\"alignnone size-large wp-image-652527\" title=\"Convocatoria para la Semana del Arte 2022\" src=\"https:\/\/www.diario5.com.ar\/wp-content\/uploads\/2022\/06\/ar_litoral20220606-766x1024.jpg\" alt=\"Convocatoria para la Semana del Arte 2022\" width=\"766\" height=\"1024\" srcset=\"https:\/\/www.diario5.com.ar\/wp-content\/uploads\/2022\/06\/ar_litoral20220606-766x1024.jpg 766w, https:\/\/www.diario5.com.ar\/wp-content\/uploads\/2022\/06\/ar_litoral20220606-224x300.jpg 224w, https:\/\/www.diario5.com.ar\/wp-content\/uploads\/2022\/06\/ar_litoral20220606-768x1027.jpg 768w, https:\/\/www.diario5.com.ar\/wp-content\/uploads\/2022\/06\/ar_litoral20220606.jpg 1126w\" sizes=\"(max-width: 766px) 100vw, 766px\" \/><\/p>\n<p><img decoding=\"async\" loading=\"lazy\" class=\"alignnone size-large wp-image-652570\" title=\"Convocatoria para la Semana del Arte 2022\" src=\"https:\/\/www.diario5.com.ar\/wp-content\/uploads\/2022\/06\/ar_heraldo20220606-1-611x1024.jpg\" alt=\"Convocatoria para la Semana del Arte 2022\" width=\"611\" height=\"1024\" srcset=\"https:\/\/www.diario5.com.ar\/wp-content\/uploads\/2022\/06\/ar_heraldo20220606-1-611x1024.jpg 611w, https:\/\/www.diario5.com.ar\/wp-content\/uploads\/2022\/06\/ar_heraldo20220606-1-179x300.jpg 179w, https:\/\/www.diario5.com.ar\/wp-content\/uploads\/2022\/06\/ar_heraldo20220606-1.jpg 764w\" sizes=\"(max-width: 611px) 100vw, 611px\" \/><\/p>\n<p>&nbsp;<\/p>\n<p><img decoding=\"async\" loading=\"lazy\" class=\"alignnone size-large wp-image-652528\" title=\"Convocatoria para la Semana del Arte 2022\" src=\"https:\/\/www.diario5.com.ar\/wp-content\/uploads\/2022\/06\/ar_pagina1220220606-814x1024.jpg\" alt=\"Convocatoria para la Semana del Arte 2022\" width=\"814\" height=\"1024\" srcset=\"https:\/\/www.diario5.com.ar\/wp-content\/uploads\/2022\/06\/ar_pagina1220220606-814x1024.jpg 814w, https:\/\/www.diario5.com.ar\/wp-content\/uploads\/2022\/06\/ar_pagina1220220606-239x300.jpg 239w, https:\/\/www.diario5.com.ar\/wp-content\/uploads\/2022\/06\/ar_pagina1220220606-768x966.jpg 768w, https:\/\/www.diario5.com.ar\/wp-content\/uploads\/2022\/06\/ar_pagina1220220606-1221x1536.jpg 1221w, https:\/\/www.diario5.com.ar\/wp-content\/uploads\/2022\/06\/ar_pagina1220220606.jpg 1526w\" sizes=\"(max-width: 814px) 100vw, 814px\" \/><\/p>\n<p>&nbsp;<\/p>\n<p><img decoding=\"async\" loading=\"lazy\" class=\"alignnone size-full wp-image-652529\" title=\"Convocatoria para la Semana del Arte 2022\" src=\"https:\/\/www.diario5.com.ar\/wp-content\/uploads\/2022\/06\/independiente20220606.jpg\" alt=\"Convocatoria para la Semana del Arte 2022\" width=\"814\" height=\"1021\" srcset=\"https:\/\/www.diario5.com.ar\/wp-content\/uploads\/2022\/06\/independiente20220606.jpg 814w, https:\/\/www.diario5.com.ar\/wp-content\/uploads\/2022\/06\/independiente20220606-239x300.jpg 239w, https:\/\/www.diario5.com.ar\/wp-content\/uploads\/2022\/06\/independiente20220606-768x963.jpg 768w\" sizes=\"(max-width: 814px) 100vw, 814px\" \/><\/p>\n<p><img decoding=\"async\" loading=\"lazy\" class=\"alignnone size-full wp-image-652530\" title=\"Convocatoria para la Semana del Arte 2022\" src=\"https:\/\/www.diario5.com.ar\/wp-content\/uploads\/2022\/06\/nueva_rioja20220606.jpg\" alt=\"Convocatoria para la Semana del Arte 2022\" width=\"764\" height=\"965\" srcset=\"https:\/\/www.diario5.com.ar\/wp-content\/uploads\/2022\/06\/nueva_rioja20220606.jpg 764w, https:\/\/www.diario5.com.ar\/wp-content\/uploads\/2022\/06\/nueva_rioja20220606-238x300.jpg 238w\" sizes=\"(max-width: 764px) 100vw, 764px\" \/><\/p>\n<p><img decoding=\"async\" loading=\"lazy\" class=\"alignnone size-large wp-image-652571\" title=\"Convocatoria para la Semana del Arte 2022\" src=\"https:\/\/www.diario5.com.ar\/wp-content\/uploads\/2022\/06\/ar_losandes20220606-1-743x1024.jpg\" alt=\"Convocatoria para la Semana del Arte 2022\" width=\"743\" height=\"1024\" srcset=\"https:\/\/www.diario5.com.ar\/wp-content\/uploads\/2022\/06\/ar_losandes20220606-1-743x1024.jpg 743w, https:\/\/www.diario5.com.ar\/wp-content\/uploads\/2022\/06\/ar_losandes20220606-1-218x300.jpg 218w, https:\/\/www.diario5.com.ar\/wp-content\/uploads\/2022\/06\/ar_losandes20220606-1.jpg 764w\" sizes=\"(max-width: 743px) 100vw, 743px\" \/><\/p>\n<p><img decoding=\"async\" loading=\"lazy\" class=\"alignnone size-full wp-image-652531\" title=\"Convocatoria para la Semana del Arte 2022\" src=\"https:\/\/www.diario5.com.ar\/wp-content\/uploads\/2022\/06\/ar_tribuno20220606.jpg\" alt=\"Convocatoria para la Semana del Arte 2022\" width=\"768\" height=\"1025\" srcset=\"https:\/\/www.diario5.com.ar\/wp-content\/uploads\/2022\/06\/ar_tribuno20220606.jpg 768w, https:\/\/www.diario5.com.ar\/wp-content\/uploads\/2022\/06\/ar_tribuno20220606-225x300.jpg 225w\" sizes=\"(max-width: 768px) 100vw, 768px\" \/><\/p>\n<p>&nbsp;<\/p>\n<p><img decoding=\"async\" loading=\"lazy\" class=\"alignnone size-large wp-image-652532\" title=\"Convocatoria para la Semana del Arte 2022\" src=\"https:\/\/www.diario5.com.ar\/wp-content\/uploads\/2022\/06\/ar_rio_negro20220606-686x1024.jpg\" alt=\"Convocatoria para la Semana del Arte 2022\" width=\"686\" height=\"1024\" srcset=\"https:\/\/www.diario5.com.ar\/wp-content\/uploads\/2022\/06\/ar_rio_negro20220606-686x1024.jpg 686w, https:\/\/www.diario5.com.ar\/wp-content\/uploads\/2022\/06\/ar_rio_negro20220606-201x300.jpg 201w, https:\/\/www.diario5.com.ar\/wp-content\/uploads\/2022\/06\/ar_rio_negro20220606-768x1147.jpg 768w, https:\/\/www.diario5.com.ar\/wp-content\/uploads\/2022\/06\/ar_rio_negro20220606-1029x1536.jpg 1029w, https:\/\/www.diario5.com.ar\/wp-content\/uploads\/2022\/06\/ar_rio_negro20220606.jpg 1214w\" sizes=\"(max-width: 686px) 100vw, 686px\" \/><\/p>\n<p><img decoding=\"async\" loading=\"lazy\" class=\"alignnone size-large wp-image-652572\" title=\"Convocatoria para la Semana del Arte 2022\" src=\"https:\/\/www.diario5.com.ar\/wp-content\/uploads\/2022\/06\/ar_diario_cuyo20220606-1-684x1024.jpg\" alt=\"Convocatoria para la Semana del Arte 2022\" width=\"684\" height=\"1024\" srcset=\"https:\/\/www.diario5.com.ar\/wp-content\/uploads\/2022\/06\/ar_diario_cuyo20220606-1-684x1024.jpg 684w, https:\/\/www.diario5.com.ar\/wp-content\/uploads\/2022\/06\/ar_diario_cuyo20220606-1-200x300.jpg 200w, https:\/\/www.diario5.com.ar\/wp-content\/uploads\/2022\/06\/ar_diario_cuyo20220606-1.jpg 764w\" sizes=\"(max-width: 684px) 100vw, 684px\" \/><\/p>\n<p><img decoding=\"async\" loading=\"lazy\" class=\"alignnone size-full wp-image-652573\" title=\"Convocatoria para la Semana del Arte 2022\" src=\"https:\/\/www.diario5.com.ar\/wp-content\/uploads\/2022\/06\/huarpe20220606-1.jpg\" alt=\"Convocatoria para la Semana del Arte 2022\" width=\"764\" height=\"1004\" srcset=\"https:\/\/www.diario5.com.ar\/wp-content\/uploads\/2022\/06\/huarpe20220606-1.jpg 764w, https:\/\/www.diario5.com.ar\/wp-content\/uploads\/2022\/06\/huarpe20220606-1-228x300.jpg 228w\" sizes=\"(max-width: 764px) 100vw, 764px\" \/><\/p>\n<p>&nbsp;<\/p>\n<p>&nbsp;<\/p>\n<p><img decoding=\"async\" loading=\"lazy\" class=\"alignnone size-large wp-image-652533\" title=\"Convocatoria para la Semana del Arte 2022\" src=\"https:\/\/www.diario5.com.ar\/wp-content\/uploads\/2022\/06\/ciudadano20220606-765x1024.jpg\" alt=\"Convocatoria para la Semana del Arte 2022\" width=\"765\" height=\"1024\" srcset=\"https:\/\/www.diario5.com.ar\/wp-content\/uploads\/2022\/06\/ciudadano20220606-765x1024.jpg 765w, https:\/\/www.diario5.com.ar\/wp-content\/uploads\/2022\/06\/ciudadano20220606-224x300.jpg 224w, https:\/\/www.diario5.com.ar\/wp-content\/uploads\/2022\/06\/ciudadano20220606-768x1028.jpg 768w, https:\/\/www.diario5.com.ar\/wp-content\/uploads\/2022\/06\/ciudadano20220606.jpg 896w\" sizes=\"(max-width: 765px) 100vw, 765px\" \/><\/p>\n<p>&nbsp;<\/p>\n<p><img decoding=\"async\" loading=\"lazy\" class=\"alignnone size-large wp-image-652534\" title=\"Convocatoria para la Semana del Arte 2022\" src=\"https:\/\/www.diario5.com.ar\/wp-content\/uploads\/2022\/06\/ar_gaceta20220606-617x1024.jpg\" alt=\"Convocatoria para la Semana del Arte 2022\" width=\"617\" height=\"1024\" srcset=\"https:\/\/www.diario5.com.ar\/wp-content\/uploads\/2022\/06\/ar_gaceta20220606-617x1024.jpg 617w, https:\/\/www.diario5.com.ar\/wp-content\/uploads\/2022\/06\/ar_gaceta20220606-181x300.jpg 181w, https:\/\/www.diario5.com.ar\/wp-content\/uploads\/2022\/06\/ar_gaceta20220606-768x1275.jpg 768w, https:\/\/www.diario5.com.ar\/wp-content\/uploads\/2022\/06\/ar_gaceta20220606-925x1536.jpg 925w, https:\/\/www.diario5.com.ar\/wp-content\/uploads\/2022\/06\/ar_gaceta20220606-1234x2048.jpg 1234w, https:\/\/www.diario5.com.ar\/wp-content\/uploads\/2022\/06\/ar_gaceta20220606.jpg 1446w\" sizes=\"(max-width: 617px) 100vw, 617px\" \/><\/p>\n<p><img decoding=\"async\" loading=\"lazy\" class=\"alignnone size-large wp-image-652535\" title=\"Convocatoria para la Semana del Arte 2022\" src=\"https:\/\/www.diario5.com.ar\/wp-content\/uploads\/2022\/06\/ar_cronica20220606-874x1024.jpg\" alt=\"Convocatoria para la Semana del Arte 2022\" width=\"874\" height=\"1024\" srcset=\"https:\/\/www.diario5.com.ar\/wp-content\/uploads\/2022\/06\/ar_cronica20220606-874x1024.jpg 874w, https:\/\/www.diario5.com.ar\/wp-content\/uploads\/2022\/06\/ar_cronica20220606-256x300.jpg 256w, https:\/\/www.diario5.com.ar\/wp-content\/uploads\/2022\/06\/ar_cronica20220606-768x900.jpg 768w, https:\/\/www.diario5.com.ar\/wp-content\/uploads\/2022\/06\/ar_cronica20220606-1311x1536.jpg 1311w, https:\/\/www.diario5.com.ar\/wp-content\/uploads\/2022\/06\/ar_cronica20220606.jpg 1598w\" sizes=\"(max-width: 874px) 100vw, 874px\" \/><\/p>\n<p><img decoding=\"async\" loading=\"lazy\" class=\"alignnone size-large wp-image-652536\" title=\"Convocatoria para la Semana del Arte 2022\" src=\"https:\/\/www.diario5.com.ar\/wp-content\/uploads\/2022\/06\/ar_clarin20220606-745x1024.jpg\" alt=\"Convocatoria para la Semana del Arte 2022\" width=\"745\" height=\"1024\" srcset=\"https:\/\/www.diario5.com.ar\/wp-content\/uploads\/2022\/06\/ar_clarin20220606-745x1024.jpg 745w, https:\/\/www.diario5.com.ar\/wp-content\/uploads\/2022\/06\/ar_clarin20220606-218x300.jpg 218w, https:\/\/www.diario5.com.ar\/wp-content\/uploads\/2022\/06\/ar_clarin20220606-768x1055.jpg 768w, https:\/\/www.diario5.com.ar\/wp-content\/uploads\/2022\/06\/ar_clarin20220606-1118x1536.jpg 1118w, https:\/\/www.diario5.com.ar\/wp-content\/uploads\/2022\/06\/ar_clarin20220606.jpg 1478w\" sizes=\"(max-width: 745px) 100vw, 745px\" \/><\/p>\n<p><img decoding=\"async\" loading=\"lazy\" class=\"alignnone size-large wp-image-652537\" title=\"Convocatoria para la Semana del Arte 2022\" src=\"https:\/\/www.diario5.com.ar\/wp-content\/uploads\/2022\/06\/nacion20220606-675x1024.jpg\" alt=\"Convocatoria para la Semana del Arte 2022\" width=\"675\" height=\"1024\" srcset=\"https:\/\/www.diario5.com.ar\/wp-content\/uploads\/2022\/06\/nacion20220606-675x1024.jpg 675w, https:\/\/www.diario5.com.ar\/wp-content\/uploads\/2022\/06\/nacion20220606-198x300.jpg 198w, https:\/\/www.diario5.com.ar\/wp-content\/uploads\/2022\/06\/nacion20220606.jpg 764w\" sizes=\"(max-width: 675px) 100vw, 675px\" \/><\/p>\n<p>&nbsp;<\/p>\n<p><img decoding=\"async\" loading=\"lazy\" class=\"alignnone size-large wp-image-652538\" title=\"Convocatoria para la Semana del Arte 2022\" src=\"https:\/\/www.diario5.com.ar\/wp-content\/uploads\/2022\/06\/nuevo_diario20220606-742x1024.jpg\" alt=\"Convocatoria para la Semana del Arte 2022\" width=\"742\" height=\"1024\" srcset=\"https:\/\/www.diario5.com.ar\/wp-content\/uploads\/2022\/06\/nuevo_diario20220606-742x1024.jpg 742w, https:\/\/www.diario5.com.ar\/wp-content\/uploads\/2022\/06\/nuevo_diario20220606-217x300.jpg 217w, https:\/\/www.diario5.com.ar\/wp-content\/uploads\/2022\/06\/nuevo_diario20220606.jpg 764w\" sizes=\"(max-width: 742px) 100vw, 742px\" \/><\/p>\n<p><img decoding=\"async\" loading=\"lazy\" class=\"alignnone size-large wp-image-652539\" title=\"Convocatoria para la Semana del Arte 2022\" src=\"https:\/\/www.diario5.com.ar\/wp-content\/uploads\/2022\/06\/ar_sureno20220606-778x1024.jpg\" alt=\"Convocatoria para la Semana del Arte 2022\" width=\"778\" height=\"1024\" srcset=\"https:\/\/www.diario5.com.ar\/wp-content\/uploads\/2022\/06\/ar_sureno20220606-778x1024.jpg 778w, https:\/\/www.diario5.com.ar\/wp-content\/uploads\/2022\/06\/ar_sureno20220606-228x300.jpg 228w, https:\/\/www.diario5.com.ar\/wp-content\/uploads\/2022\/06\/ar_sureno20220606-768x1011.jpg 768w, https:\/\/www.diario5.com.ar\/wp-content\/uploads\/2022\/06\/ar_sureno20220606.jpg 1038w\" sizes=\"(max-width: 778px) 100vw, 778px\" \/><\/p>\n<p>URUGUAY<\/p>\n<p><img decoding=\"async\" loading=\"lazy\" class=\"alignnone size-full wp-image-652540\" title=\"Convocatoria para la Semana del Arte 2022\" src=\"https:\/\/www.diario5.com.ar\/wp-content\/uploads\/2022\/06\/uy_ladiaria20220606.jpg\" alt=\"Convocatoria para la Semana del Arte 2022\" width=\"764\" height=\"944\" srcset=\"https:\/\/www.diario5.com.ar\/wp-content\/uploads\/2022\/06\/uy_ladiaria20220606.jpg 764w, https:\/\/www.diario5.com.ar\/wp-content\/uploads\/2022\/06\/uy_ladiaria20220606-243x300.jpg 243w\" sizes=\"(max-width: 764px) 100vw, 764px\" \/><\/p>\n<p><img decoding=\"async\" loading=\"lazy\" class=\"alignnone size-large wp-image-652541\" title=\"Convocatoria para la Semana del Arte 2022\" src=\"https:\/\/www.diario5.com.ar\/wp-content\/uploads\/2022\/06\/uy_observador20220606-726x1024.jpg\" alt=\"Convocatoria para la Semana del Arte 2022\" width=\"726\" height=\"1024\" srcset=\"https:\/\/www.diario5.com.ar\/wp-content\/uploads\/2022\/06\/uy_observador20220606-726x1024.jpg 726w, https:\/\/www.diario5.com.ar\/wp-content\/uploads\/2022\/06\/uy_observador20220606-213x300.jpg 213w, https:\/\/www.diario5.com.ar\/wp-content\/uploads\/2022\/06\/uy_observador20220606.jpg 764w\" sizes=\"(max-width: 726px) 100vw, 726px\" \/><\/p>\n<p>BRASIL<br \/>\n<img decoding=\"async\" loading=\"lazy\" class=\"alignnone size-large wp-image-652542\" title=\"Convocatoria para la Semana del Arte 2022\" src=\"https:\/\/www.diario5.com.ar\/wp-content\/uploads\/2022\/06\/br_folha_spaulo20220606-588x1024.jpg\" alt=\"Convocatoria para la Semana del Arte 2022\" width=\"588\" height=\"1024\" srcset=\"https:\/\/www.diario5.com.ar\/wp-content\/uploads\/2022\/06\/br_folha_spaulo20220606-588x1024.jpg 588w, https:\/\/www.diario5.com.ar\/wp-content\/uploads\/2022\/06\/br_folha_spaulo20220606-172x300.jpg 172w, https:\/\/www.diario5.com.ar\/wp-content\/uploads\/2022\/06\/br_folha_spaulo20220606.jpg 764w\" sizes=\"(max-width: 588px) 100vw, 588px\" \/><\/p>\n<p><img decoding=\"async\" loading=\"lazy\" class=\"alignnone size-large wp-image-652543\" title=\"Convocatoria para la Semana del Arte 2022\" src=\"https:\/\/www.diario5.com.ar\/wp-content\/uploads\/2022\/06\/br_estado_spaulo20220606-657x1024.jpg\" alt=\"Convocatoria para la Semana del Arte 2022\" width=\"657\" height=\"1024\" srcset=\"https:\/\/www.diario5.com.ar\/wp-content\/uploads\/2022\/06\/br_estado_spaulo20220606-657x1024.jpg 657w, https:\/\/www.diario5.com.ar\/wp-content\/uploads\/2022\/06\/br_estado_spaulo20220606-193x300.jpg 193w, https:\/\/www.diario5.com.ar\/wp-content\/uploads\/2022\/06\/br_estado_spaulo20220606.jpg 764w\" sizes=\"(max-width: 657px) 100vw, 657px\" \/><\/p>\n<p>&nbsp;<\/p>\n<p><img decoding=\"async\" loading=\"lazy\" class=\"alignnone size-large wp-image-652544\" title=\"Convocatoria para la Semana del Arte 2022\" src=\"https:\/\/www.diario5.com.ar\/wp-content\/uploads\/2022\/06\/br_oglobo20220606-589x1024.jpg\" alt=\"Convocatoria para la Semana del Arte 2022\" width=\"589\" height=\"1024\" srcset=\"https:\/\/www.diario5.com.ar\/wp-content\/uploads\/2022\/06\/br_oglobo20220606-589x1024.jpg 589w, https:\/\/www.diario5.com.ar\/wp-content\/uploads\/2022\/06\/br_oglobo20220606-172x300.jpg 172w, https:\/\/www.diario5.com.ar\/wp-content\/uploads\/2022\/06\/br_oglobo20220606-768x1336.jpg 768w, https:\/\/www.diario5.com.ar\/wp-content\/uploads\/2022\/06\/br_oglobo20220606.jpg 814w\" sizes=\"(max-width: 589px) 100vw, 589px\" \/><\/p>\n<p>&nbsp;<\/p>\n<p><img decoding=\"async\" src=\"https:\/\/img.kiosko.net\/2022\/06\/06\/br\/br_tribuna_bahia.jpg\" \/><\/p>\n<p><img decoding=\"async\" loading=\"lazy\" class=\"alignnone size-large wp-image-652545\" title=\"Convocatoria para la Semana del Arte 2022\" src=\"https:\/\/www.diario5.com.ar\/wp-content\/uploads\/2022\/06\/br_extra20220606-578x1024.jpg\" alt=\"Convocatoria para la Semana del Arte 2022\" width=\"578\" height=\"1024\" srcset=\"https:\/\/www.diario5.com.ar\/wp-content\/uploads\/2022\/06\/br_extra20220606-578x1024.jpg 578w, https:\/\/www.diario5.com.ar\/wp-content\/uploads\/2022\/06\/br_extra20220606-169x300.jpg 169w, https:\/\/www.diario5.com.ar\/wp-content\/uploads\/2022\/06\/br_extra20220606.jpg 764w\" sizes=\"(max-width: 578px) 100vw, 578px\" \/><\/p>\n<p>PARAGUAY<br \/>\n<img decoding=\"async\" loading=\"lazy\" class=\"alignnone size-large wp-image-652574\" title=\"Convocatoria para la Semana del Arte 2022\" src=\"https:\/\/www.diario5.com.ar\/wp-content\/uploads\/2022\/06\/abccolor20220606-1-747x1024.jpg\" alt=\"Convocatoria para la Semana del Arte 2022\" width=\"747\" height=\"1024\" srcset=\"https:\/\/www.diario5.com.ar\/wp-content\/uploads\/2022\/06\/abccolor20220606-1-747x1024.jpg 747w, https:\/\/www.diario5.com.ar\/wp-content\/uploads\/2022\/06\/abccolor20220606-1-219x300.jpg 219w, https:\/\/www.diario5.com.ar\/wp-content\/uploads\/2022\/06\/abccolor20220606-1.jpg 764w\" sizes=\"(max-width: 747px) 100vw, 747px\" \/><\/p>\n<p><img decoding=\"async\" loading=\"lazy\" class=\"alignnone size-large wp-image-652546\" title=\"Convocatoria para la Semana del Arte 2022\" src=\"https:\/\/www.diario5.com.ar\/wp-content\/uploads\/2022\/06\/nacion20220606-1-797x1024.jpg\" alt=\"Convocatoria para la Semana del Arte 2022\" width=\"797\" height=\"1024\" srcset=\"https:\/\/www.diario5.com.ar\/wp-content\/uploads\/2022\/06\/nacion20220606-1-797x1024.jpg 797w, https:\/\/www.diario5.com.ar\/wp-content\/uploads\/2022\/06\/nacion20220606-1-234x300.jpg 234w, https:\/\/www.diario5.com.ar\/wp-content\/uploads\/2022\/06\/nacion20220606-1-768x986.jpg 768w, https:\/\/www.diario5.com.ar\/wp-content\/uploads\/2022\/06\/nacion20220606-1-1196x1536.jpg 1196w, https:\/\/www.diario5.com.ar\/wp-content\/uploads\/2022\/06\/nacion20220606-1.jpg 1575w\" sizes=\"(max-width: 797px) 100vw, 797px\" \/><\/p>\n<p>&nbsp;<\/p>\n<p><img decoding=\"async\" loading=\"lazy\" class=\"alignnone size-large wp-image-652575\" title=\"Convocatoria para la Semana del Arte 2022\" src=\"https:\/\/www.diario5.com.ar\/wp-content\/uploads\/2022\/06\/py_5dias20220606-1-772x1024.jpg\" alt=\"Convocatoria para la Semana del Arte 2022\" width=\"772\" height=\"1024\" srcset=\"https:\/\/www.diario5.com.ar\/wp-content\/uploads\/2022\/06\/py_5dias20220606-1-772x1024.jpg 772w, https:\/\/www.diario5.com.ar\/wp-content\/uploads\/2022\/06\/py_5dias20220606-1-226x300.jpg 226w, https:\/\/www.diario5.com.ar\/wp-content\/uploads\/2022\/06\/py_5dias20220606-1-768x1019.jpg 768w, https:\/\/www.diario5.com.ar\/wp-content\/uploads\/2022\/06\/py_5dias20220606-1.jpg 927w\" sizes=\"(max-width: 772px) 100vw, 772px\" \/><\/p>\n<p>&nbsp;<\/p>\n<p>CHILE<br \/>\n<img decoding=\"async\" loading=\"lazy\" class=\"alignnone size-large wp-image-652547\" title=\"Convocatoria para la Semana del Arte 2022\" src=\"https:\/\/www.diario5.com.ar\/wp-content\/uploads\/2022\/06\/cl_mercurio20220606-564x1024.jpg\" alt=\"Convocatoria para la Semana del Arte 2022\" width=\"564\" height=\"1024\" srcset=\"https:\/\/www.diario5.com.ar\/wp-content\/uploads\/2022\/06\/cl_mercurio20220606-564x1024.jpg 564w, https:\/\/www.diario5.com.ar\/wp-content\/uploads\/2022\/06\/cl_mercurio20220606-165x300.jpg 165w, https:\/\/www.diario5.com.ar\/wp-content\/uploads\/2022\/06\/cl_mercurio20220606.jpg 764w\" sizes=\"(max-width: 564px) 100vw, 564px\" \/><\/p>\n<p><img decoding=\"async\" loading=\"lazy\" class=\"alignnone size-full wp-image-652548\" title=\"Convocatoria para la Semana del Arte 2022\" src=\"https:\/\/www.diario5.com.ar\/wp-content\/uploads\/2022\/06\/cl_ultimas_noticias20220606.jpg\" alt=\"Convocatoria para la Semana del Arte 2022\" width=\"792\" height=\"981\" srcset=\"https:\/\/www.diario5.com.ar\/wp-content\/uploads\/2022\/06\/cl_ultimas_noticias20220606.jpg 792w, https:\/\/www.diario5.com.ar\/wp-content\/uploads\/2022\/06\/cl_ultimas_noticias20220606-242x300.jpg 242w, https:\/\/www.diario5.com.ar\/wp-content\/uploads\/2022\/06\/cl_ultimas_noticias20220606-768x951.jpg 768w\" sizes=\"(max-width: 792px) 100vw, 792px\" \/><\/p>\n<p><img decoding=\"async\" loading=\"lazy\" class=\"alignnone size-full wp-image-652549\" title=\"Convocatoria para la Semana del Arte 2022\" src=\"https:\/\/www.diario5.com.ar\/wp-content\/uploads\/2022\/06\/cl_diario_financiero20220606.jpg\" alt=\"Convocatoria para la Semana del Arte 2022\" width=\"764\" height=\"981\" srcset=\"https:\/\/www.diario5.com.ar\/wp-content\/uploads\/2022\/06\/cl_diario_financiero20220606.jpg 764w, https:\/\/www.diario5.com.ar\/wp-content\/uploads\/2022\/06\/cl_diario_financiero20220606-234x300.jpg 234w\" sizes=\"(max-width: 764px) 100vw, 764px\" \/><\/p>\n<p><img decoding=\"async\" loading=\"lazy\" class=\"alignnone size-large wp-image-652550\" title=\"Convocatoria para la Semana del Arte 2022\" src=\"https:\/\/www.diario5.com.ar\/wp-content\/uploads\/2022\/06\/estrella_iquique20220606-814x1024.jpg\" alt=\"Convocatoria para la Semana del Arte 2022\" width=\"814\" height=\"1024\" srcset=\"https:\/\/www.diario5.com.ar\/wp-content\/uploads\/2022\/06\/estrella_iquique20220606-814x1024.jpg 814w, https:\/\/www.diario5.com.ar\/wp-content\/uploads\/2022\/06\/estrella_iquique20220606-238x300.jpg 238w, https:\/\/www.diario5.com.ar\/wp-content\/uploads\/2022\/06\/estrella_iquique20220606-768x966.jpg 768w, https:\/\/www.diario5.com.ar\/wp-content\/uploads\/2022\/06\/estrella_iquique20220606-1221x1536.jpg 1221w, https:\/\/www.diario5.com.ar\/wp-content\/uploads\/2022\/06\/estrella_iquique20220606.jpg 1328w\" sizes=\"(max-width: 814px) 100vw, 814px\" \/><\/p>\n<p><img decoding=\"async\" loading=\"lazy\" class=\"alignnone size-large wp-image-652551\" title=\"Convocatoria para la Semana del Arte 2022\" src=\"https:\/\/www.diario5.com.ar\/wp-content\/uploads\/2022\/06\/mercurio_antofagasta20220606-726x1024.jpg\" alt=\"Convocatoria para la Semana del Arte 2022\" width=\"726\" height=\"1024\" srcset=\"https:\/\/www.diario5.com.ar\/wp-content\/uploads\/2022\/06\/mercurio_antofagasta20220606-726x1024.jpg 726w, https:\/\/www.diario5.com.ar\/wp-content\/uploads\/2022\/06\/mercurio_antofagasta20220606-213x300.jpg 213w, https:\/\/www.diario5.com.ar\/wp-content\/uploads\/2022\/06\/mercurio_antofagasta20220606-768x1084.jpg 768w, https:\/\/www.diario5.com.ar\/wp-content\/uploads\/2022\/06\/mercurio_antofagasta20220606-1088x1536.jpg 1088w, https:\/\/www.diario5.com.ar\/wp-content\/uploads\/2022\/06\/mercurio_antofagasta20220606.jpg 1391w\" sizes=\"(max-width: 726px) 100vw, 726px\" \/><\/p>\n<p>&nbsp;<\/p>\n<p><img decoding=\"async\" loading=\"lazy\" class=\"alignnone size-large wp-image-652552\" title=\"Convocatoria para la Semana del Arte 2022\" src=\"https:\/\/www.diario5.com.ar\/wp-content\/uploads\/2022\/06\/mercurio_valpo20220606-730x1024.jpg\" alt=\"Convocatoria para la Semana del Arte 2022\" width=\"730\" height=\"1024\" srcset=\"https:\/\/www.diario5.com.ar\/wp-content\/uploads\/2022\/06\/mercurio_valpo20220606-730x1024.jpg 730w, https:\/\/www.diario5.com.ar\/wp-content\/uploads\/2022\/06\/mercurio_valpo20220606-214x300.jpg 214w, https:\/\/www.diario5.com.ar\/wp-content\/uploads\/2022\/06\/mercurio_valpo20220606-768x1078.jpg 768w, https:\/\/www.diario5.com.ar\/wp-content\/uploads\/2022\/06\/mercurio_valpo20220606-1095x1536.jpg 1095w, https:\/\/www.diario5.com.ar\/wp-content\/uploads\/2022\/06\/mercurio_valpo20220606.jpg 1391w\" sizes=\"(max-width: 730px) 100vw, 730px\" \/><\/p>\n<p><img decoding=\"async\" loading=\"lazy\" class=\"alignnone size-large wp-image-652576\" title=\"Convocatoria para la Semana del Arte 2022\" src=\"https:\/\/www.diario5.com.ar\/wp-content\/uploads\/2022\/06\/estrella_valpo20220606-1-799x1024.jpg\" alt=\"Convocatoria para la Semana del Arte 2022\" width=\"799\" height=\"1024\" srcset=\"https:\/\/www.diario5.com.ar\/wp-content\/uploads\/2022\/06\/estrella_valpo20220606-1-799x1024.jpg 799w, https:\/\/www.diario5.com.ar\/wp-content\/uploads\/2022\/06\/estrella_valpo20220606-1-234x300.jpg 234w, https:\/\/www.diario5.com.ar\/wp-content\/uploads\/2022\/06\/estrella_valpo20220606-1-768x985.jpg 768w, https:\/\/www.diario5.com.ar\/wp-content\/uploads\/2022\/06\/estrella_valpo20220606-1-1198x1536.jpg 1198w, https:\/\/www.diario5.com.ar\/wp-content\/uploads\/2022\/06\/estrella_valpo20220606-1.jpg 1328w\" sizes=\"(max-width: 799px) 100vw, 799px\" \/><\/p>\n<p><img decoding=\"async\" loading=\"lazy\" class=\"alignnone size-large wp-image-652553\" title=\"Convocatoria para la Semana del Arte 2022\" src=\"https:\/\/www.diario5.com.ar\/wp-content\/uploads\/2022\/06\/diario_concepcion20220606-792x1024.jpg\" alt=\"Convocatoria para la Semana del Arte 2022\" width=\"792\" height=\"1024\" srcset=\"https:\/\/www.diario5.com.ar\/wp-content\/uploads\/2022\/06\/diario_concepcion20220606-792x1024.jpg 792w, https:\/\/www.diario5.com.ar\/wp-content\/uploads\/2022\/06\/diario_concepcion20220606-232x300.jpg 232w, https:\/\/www.diario5.com.ar\/wp-content\/uploads\/2022\/06\/diario_concepcion20220606-768x993.jpg 768w, https:\/\/www.diario5.com.ar\/wp-content\/uploads\/2022\/06\/diario_concepcion20220606-1188x1536.jpg 1188w, https:\/\/www.diario5.com.ar\/wp-content\/uploads\/2022\/06\/diario_concepcion20220606.jpg 1254w\" sizes=\"(max-width: 792px) 100vw, 792px\" \/><\/p>\n<p>&nbsp;<\/p>\n<p><img decoding=\"async\" loading=\"lazy\" class=\"alignnone size-large wp-image-652554\" title=\"Convocatoria para la Semana del Arte 2022\" src=\"https:\/\/www.diario5.com.ar\/wp-content\/uploads\/2022\/06\/estrella_arica20220606-808x1024.jpg\" alt=\"Convocatoria para la Semana del Arte 2022\" width=\"808\" height=\"1024\" srcset=\"https:\/\/www.diario5.com.ar\/wp-content\/uploads\/2022\/06\/estrella_arica20220606-808x1024.jpg 808w, https:\/\/www.diario5.com.ar\/wp-content\/uploads\/2022\/06\/estrella_arica20220606-237x300.jpg 237w, https:\/\/www.diario5.com.ar\/wp-content\/uploads\/2022\/06\/estrella_arica20220606-768x973.jpg 768w, https:\/\/www.diario5.com.ar\/wp-content\/uploads\/2022\/06\/estrella_arica20220606-1212x1536.jpg 1212w, https:\/\/www.diario5.com.ar\/wp-content\/uploads\/2022\/06\/estrella_arica20220606.jpg 1328w\" sizes=\"(max-width: 808px) 100vw, 808px\" \/><\/p>\n<p>COLOMBIA<br \/>\n<img decoding=\"async\" loading=\"lazy\" class=\"alignnone size-large wp-image-652555\" title=\"Convocatoria para la Semana del Arte 2022\" src=\"https:\/\/www.diario5.com.ar\/wp-content\/uploads\/2022\/06\/co_heraldo20220606-524x1024.jpg\" alt=\"Convocatoria para la Semana del Arte 2022\" width=\"524\" height=\"1024\" srcset=\"https:\/\/www.diario5.com.ar\/wp-content\/uploads\/2022\/06\/co_heraldo20220606-524x1024.jpg 524w, https:\/\/www.diario5.com.ar\/wp-content\/uploads\/2022\/06\/co_heraldo20220606-153x300.jpg 153w, https:\/\/www.diario5.com.ar\/wp-content\/uploads\/2022\/06\/co_heraldo20220606.jpg 764w\" sizes=\"(max-width: 524px) 100vw, 524px\" \/><\/p>\n<p><img decoding=\"async\" loading=\"lazy\" class=\"alignnone size-large wp-image-652556\" title=\"Convocatoria para la Semana del Arte 2022\" src=\"https:\/\/www.diario5.com.ar\/wp-content\/uploads\/2022\/06\/co_elpais20220606-557x1024.jpg\" alt=\"Convocatoria para la Semana del Arte 2022\" width=\"557\" height=\"1024\" srcset=\"https:\/\/www.diario5.com.ar\/wp-content\/uploads\/2022\/06\/co_elpais20220606-557x1024.jpg 557w, https:\/\/www.diario5.com.ar\/wp-content\/uploads\/2022\/06\/co_elpais20220606-163x300.jpg 163w, https:\/\/www.diario5.com.ar\/wp-content\/uploads\/2022\/06\/co_elpais20220606.jpg 764w\" sizes=\"(max-width: 557px) 100vw, 557px\" \/><\/p>\n<p><img decoding=\"async\" loading=\"lazy\" class=\"alignnone size-large wp-image-652557\" title=\"Convocatoria para la Semana del Arte 2022\" src=\"https:\/\/www.diario5.com.ar\/wp-content\/uploads\/2022\/06\/co_universal20220606-772x1024.jpg\" alt=\"Convocatoria para la Semana del Arte 2022\" width=\"772\" height=\"1024\" srcset=\"https:\/\/www.diario5.com.ar\/wp-content\/uploads\/2022\/06\/co_universal20220606-772x1024.jpg 772w, https:\/\/www.diario5.com.ar\/wp-content\/uploads\/2022\/06\/co_universal20220606-226x300.jpg 226w, https:\/\/www.diario5.com.ar\/wp-content\/uploads\/2022\/06\/co_universal20220606-768x1019.jpg 768w, https:\/\/www.diario5.com.ar\/wp-content\/uploads\/2022\/06\/co_universal20220606.jpg 960w\" sizes=\"(max-width: 772px) 100vw, 772px\" \/><\/p>\n<p><img decoding=\"async\" loading=\"lazy\" class=\"alignnone size-large wp-image-652577\" title=\"Convocatoria para la Semana del Arte 2022\" src=\"https:\/\/www.diario5.com.ar\/wp-content\/uploads\/2022\/06\/co_elcolombiano20220606-1-702x1024.jpg\" alt=\"Convocatoria para la Semana del Arte 2022\" width=\"702\" height=\"1024\" srcset=\"https:\/\/www.diario5.com.ar\/wp-content\/uploads\/2022\/06\/co_elcolombiano20220606-1-702x1024.jpg 702w, https:\/\/www.diario5.com.ar\/wp-content\/uploads\/2022\/06\/co_elcolombiano20220606-1-206x300.jpg 206w, https:\/\/www.diario5.com.ar\/wp-content\/uploads\/2022\/06\/co_elcolombiano20220606-1.jpg 764w\" sizes=\"(max-width: 702px) 100vw, 702px\" \/><\/p>\n<p>PERU<br \/>\n<img decoding=\"async\" loading=\"lazy\" class=\"alignnone size-large wp-image-652558\" title=\"Convocatoria para la Semana del Arte 2022\" src=\"https:\/\/www.diario5.com.ar\/wp-content\/uploads\/2022\/06\/pe_comercio20220606-686x1024.jpg\" alt=\"Convocatoria para la Semana del Arte 2022\" width=\"686\" height=\"1024\" srcset=\"https:\/\/www.diario5.com.ar\/wp-content\/uploads\/2022\/06\/pe_comercio20220606-686x1024.jpg 686w, https:\/\/www.diario5.com.ar\/wp-content\/uploads\/2022\/06\/pe_comercio20220606-201x300.jpg 201w, https:\/\/www.diario5.com.ar\/wp-content\/uploads\/2022\/06\/pe_comercio20220606.jpg 764w\" sizes=\"(max-width: 686px) 100vw, 686px\" \/><\/p>\n<p><img decoding=\"async\" loading=\"lazy\" class=\"alignnone size-full wp-image-652559\" title=\"Convocatoria para la Semana del Arte 2022\" src=\"https:\/\/www.diario5.com.ar\/wp-content\/uploads\/2022\/06\/pe_gestion20220606.jpg\" alt=\"Convocatoria para la Semana del Arte 2022\" width=\"764\" height=\"799\" srcset=\"https:\/\/www.diario5.com.ar\/wp-content\/uploads\/2022\/06\/pe_gestion20220606.jpg 764w, https:\/\/www.diario5.com.ar\/wp-content\/uploads\/2022\/06\/pe_gestion20220606-287x300.jpg 287w\" sizes=\"(max-width: 764px) 100vw, 764px\" \/><\/p>","protected":false},"excerpt":{"rendered":"<p>La convocatoria a una nueva edici\u00f3n de Semana del Arte, que se har\u00e1 entre el 27 de septiembre y el 4 de octubre promete una creciente agenda de artes visuales contempor\u00e1neas durante siete d\u00edas- Se destacar\u00e1n trabajos artistas que realcen aspectos de la Ciudad de Buenos Aires. El evento est\u00e1 vinculado con las ferias de [&hellip;]<\/p>","protected":false},"author":5,"featured_media":654203,"comment_status":"open","ping_status":"open","sticky":false,"template":"","format":"standard","meta":[],"categories":[5,56],"tags":[],"series":[],"_links":{"self":[{"href":"https:\/\/www.diario5.com.ar\/es\/wp-json\/wp\/v2\/posts\/636267"}],"collection":[{"href":"https:\/\/www.diario5.com.ar\/es\/wp-json\/wp\/v2\/posts"}],"about":[{"href":"https:\/\/www.diario5.com.ar\/es\/wp-json\/wp\/v2\/types\/post"}],"author":[{"embeddable":true,"href":"https:\/\/www.diario5.com.ar\/es\/wp-json\/wp\/v2\/users\/5"}],"replies":[{"embeddable":true,"href":"https:\/\/www.diario5.com.ar\/es\/wp-json\/wp\/v2\/comments?post=636267"}],"version-history":[{"count":6,"href":"https:\/\/www.diario5.com.ar\/es\/wp-json\/wp\/v2\/posts\/636267\/revisions"}],"predecessor-version":[{"id":654204,"href":"https:\/\/www.diario5.com.ar\/es\/wp-json\/wp\/v2\/posts\/636267\/revisions\/654204"}],"wp:featuredmedia":[{"embeddable":true,"href":"https:\/\/www.diario5.com.ar\/es\/wp-json\/wp\/v2\/media\/654203"}],"wp:attachment":[{"href":"https:\/\/www.diario5.com.ar\/es\/wp-json\/wp\/v2\/media?parent=636267"}],"wp:term":[{"taxonomy":"category","embeddable":true,"href":"https:\/\/www.diario5.com.ar\/es\/wp-json\/wp\/v2\/categories?post=636267"},{"taxonomy":"post_tag","embeddable":true,"href":"https:\/\/www.diario5.com.ar\/es\/wp-json\/wp\/v2\/tags?post=636267"},{"taxonomy":"series","embeddable":true,"href":"https:\/\/www.diario5.com.ar\/es\/wp-json\/wp\/v2\/series?post=636267"}],"curies":[{"name":"wp","href":"https:\/\/api.w.org\/{rel}","templated":true}]}}