{"id":636241,"date":"2022-05-11T06:50:00","date_gmt":"2022-05-11T09:50:00","guid":{"rendered":"http:\/\/diario5.com.ar\/?p=636241"},"modified":"2023-07-06T00:43:27","modified_gmt":"2023-07-06T03:43:27","slug":"636241","status":"publish","type":"post","link":"https:\/\/www.diario5.com.ar\/es\/636241\/","title":{"rendered":"Beneficios financieros en la Feria del Libro"},"content":{"rendered":"<h2 class=\"sub-title-primary\"><\/h2> <p><img decoding=\"async\" loading=\"lazy\" class=\"aligncenter size-full wp-image-678628\" src=\"https:\/\/www.diario5.com.ar\/wp-content\/uploads\/2023\/07\/524274ff328fdf1a08bc1794a31a31ad_950x51820230706.jpg\" width=\"700\" height=\"381\" alt=\"Feria del Libro: Beneficios exclusivos para clientes del BNA\" srcset=\"https:\/\/www.diario5.com.ar\/wp-content\/uploads\/2023\/07\/524274ff328fdf1a08bc1794a31a31ad_950x51820230706.jpg 700w, https:\/\/www.diario5.com.ar\/wp-content\/uploads\/2023\/07\/524274ff328fdf1a08bc1794a31a31ad_950x51820230706-300x163.jpg 300w\" sizes=\"(max-width: 700px) 100vw, 700px\" \/><\/p>\n<p>Anuncian oportunidades especiales con descuentos y pago en cuotas a trav\u00e9s de las tarjetas de cr\u00e9dito emitidas por el Banco Naci\u00f3n ofrece para compras en la Feria del Libro. Incluye las operaciones con el sistema digital Modo y la app BNA+. La feria contin\u00faa activa hasta el domingo 16 de mayo.<\/p>\n<p><img decoding=\"async\" loading=\"lazy\" class=\"alignnone size-full wp-image-650822\" src=\"https:\/\/www.diario5.com.ar\/wp-content\/uploads\/2022\/05\/bna_ferialibro4.jpg\" alt=\"\" width=\"1012\" height=\"1014\" srcset=\"https:\/\/www.diario5.com.ar\/wp-content\/uploads\/2022\/05\/bna_ferialibro4.jpg 1012w, https:\/\/www.diario5.com.ar\/wp-content\/uploads\/2022\/05\/bna_ferialibro4-300x300.jpg 300w, https:\/\/www.diario5.com.ar\/wp-content\/uploads\/2022\/05\/bna_ferialibro4-150x150.jpg 150w, https:\/\/www.diario5.com.ar\/wp-content\/uploads\/2022\/05\/bna_ferialibro4-768x770.jpg 768w\" sizes=\"(max-width: 1012px) 100vw, 1012px\" \/><br \/>\n<!--googleoff: index--><br \/>\n<!--googleon: index--><br \/>\n<img decoding=\"async\" loading=\"lazy\" class=\"alignnone size-large wp-image-650928\" title=\"Beneficios financieros en la Feria del Libro\" src=\"https:\/\/www.diario5.com.ar\/wp-content\/uploads\/2022\/05\/la_capital20220511.jpg\" alt=\"Beneficios financieros en la Feria del Libro\" width=\"760\" height=\"1024\" srcset=\"https:\/\/www.diario5.com.ar\/wp-content\/uploads\/2022\/05\/la_capital20220511.jpg 1567w, https:\/\/www.diario5.com.ar\/wp-content\/uploads\/2022\/05\/la_capital20220511-223x300.jpg 223w, https:\/\/www.diario5.com.ar\/wp-content\/uploads\/2022\/05\/la_capital20220511-760x1024.jpg 760w, https:\/\/www.diario5.com.ar\/wp-content\/uploads\/2022\/05\/la_capital20220511-768x1034.jpg 768w, https:\/\/www.diario5.com.ar\/wp-content\/uploads\/2022\/05\/la_capital20220511-1141x1536.jpg 1141w, https:\/\/www.diario5.com.ar\/wp-content\/uploads\/2022\/05\/la_capital20220511-1521x2048.jpg 1521w\" sizes=\"(max-width: 760px) 100vw, 760px\" \/><\/p>\n<p>&nbsp;<\/p>\n<p><img decoding=\"async\" loading=\"lazy\" class=\"alignnone size-full wp-image-650887\" title=\"Beneficios financieros en la Feria del Libro\" src=\"https:\/\/www.diario5.com.ar\/wp-content\/uploads\/2022\/05\/voz_chaco20220511.jpg\" alt=\"Beneficios financieros en la Feria del Libro\" width=\"864\" height=\"1006\" srcset=\"https:\/\/www.diario5.com.ar\/wp-content\/uploads\/2022\/05\/voz_chaco20220511.jpg 864w, https:\/\/www.diario5.com.ar\/wp-content\/uploads\/2022\/05\/voz_chaco20220511-258x300.jpg 258w, https:\/\/www.diario5.com.ar\/wp-content\/uploads\/2022\/05\/voz_chaco20220511-768x894.jpg 768w\" sizes=\"(max-width: 864px) 100vw, 864px\" \/><\/p>\n<p><img decoding=\"async\" loading=\"lazy\" class=\"alignnone size-large wp-image-650888\" title=\"Beneficios financieros en la Feria del Libro\" src=\"https:\/\/www.diario5.com.ar\/wp-content\/uploads\/2022\/05\/ar_diario_madryn20220511.jpg\" alt=\"Beneficios financieros en la Feria del Libro\" width=\"724\" height=\"1024\" srcset=\"https:\/\/www.diario5.com.ar\/wp-content\/uploads\/2022\/05\/ar_diario_madryn20220511.jpg 764w, https:\/\/www.diario5.com.ar\/wp-content\/uploads\/2022\/05\/ar_diario_madryn20220511-212x300.jpg 212w, https:\/\/www.diario5.com.ar\/wp-content\/uploads\/2022\/05\/ar_diario_madryn20220511-724x1024.jpg 724w\" sizes=\"(max-width: 724px) 100vw, 724px\" \/><\/p>\n<p>&nbsp;<\/p>\n<p><img decoding=\"async\" loading=\"lazy\" class=\"alignnone size-full wp-image-650929\" title=\"Beneficios financieros en la Feria del Libro\" src=\"https:\/\/www.diario5.com.ar\/wp-content\/uploads\/2022\/05\/ar_cronista20220511.jpg\" alt=\"Beneficios financieros en la Feria del Libro\" width=\"764\" height=\"964\" srcset=\"https:\/\/www.diario5.com.ar\/wp-content\/uploads\/2022\/05\/ar_cronista20220511.jpg 764w, https:\/\/www.diario5.com.ar\/wp-content\/uploads\/2022\/05\/ar_cronista20220511-238x300.jpg 238w\" sizes=\"(max-width: 764px) 100vw, 764px\" \/><\/p>\n<p><img decoding=\"async\" loading=\"lazy\" class=\"alignnone size-large wp-image-650889\" title=\"Beneficios financieros en la Feria del Libro\" src=\"https:\/\/www.diario5.com.ar\/wp-content\/uploads\/2022\/05\/buenosaires_economico20220511.jpg\" alt=\"Beneficios financieros en la Feria del Libro\" width=\"866\" height=\"1024\" srcset=\"https:\/\/www.diario5.com.ar\/wp-content\/uploads\/2022\/05\/buenosaires_economico20220511.jpg 1582w, https:\/\/www.diario5.com.ar\/wp-content\/uploads\/2022\/05\/buenosaires_economico20220511-254x300.jpg 254w, https:\/\/www.diario5.com.ar\/wp-content\/uploads\/2022\/05\/buenosaires_economico20220511-866x1024.jpg 866w, https:\/\/www.diario5.com.ar\/wp-content\/uploads\/2022\/05\/buenosaires_economico20220511-768x908.jpg 768w, https:\/\/www.diario5.com.ar\/wp-content\/uploads\/2022\/05\/buenosaires_economico20220511-1299x1536.jpg 1299w\" sizes=\"(max-width: 866px) 100vw, 866px\" \/><\/p>\n<p>&nbsp;<\/p>\n<p><img decoding=\"async\" loading=\"lazy\" class=\"alignnone size-large wp-image-650890\" title=\"Beneficios financieros en la Feria del Libro\" src=\"https:\/\/www.diario5.com.ar\/wp-content\/uploads\/2022\/05\/ar_eldia20220511.jpg\" alt=\"Beneficios financieros en la Feria del Libro\" width=\"685\" height=\"1024\" srcset=\"https:\/\/www.diario5.com.ar\/wp-content\/uploads\/2022\/05\/ar_eldia20220511.jpg 1407w, https:\/\/www.diario5.com.ar\/wp-content\/uploads\/2022\/05\/ar_eldia20220511-201x300.jpg 201w, https:\/\/www.diario5.com.ar\/wp-content\/uploads\/2022\/05\/ar_eldia20220511-685x1024.jpg 685w, https:\/\/www.diario5.com.ar\/wp-content\/uploads\/2022\/05\/ar_eldia20220511-768x1147.jpg 768w, https:\/\/www.diario5.com.ar\/wp-content\/uploads\/2022\/05\/ar_eldia20220511-1028x1536.jpg 1028w, https:\/\/www.diario5.com.ar\/wp-content\/uploads\/2022\/05\/ar_eldia20220511-1371x2048.jpg 1371w\" sizes=\"(max-width: 685px) 100vw, 685px\" \/><\/p>\n<p><img decoding=\"async\" loading=\"lazy\" class=\"alignnone size-large wp-image-650891\" title=\"Beneficios financieros en la Feria del Libro\" src=\"https:\/\/www.diario5.com.ar\/wp-content\/uploads\/2022\/05\/ar_hoy20220511.jpg\" alt=\"Beneficios financieros en la Feria del Libro\" width=\"787\" height=\"1024\" srcset=\"https:\/\/www.diario5.com.ar\/wp-content\/uploads\/2022\/05\/ar_hoy20220511.jpg 960w, https:\/\/www.diario5.com.ar\/wp-content\/uploads\/2022\/05\/ar_hoy20220511-231x300.jpg 231w, https:\/\/www.diario5.com.ar\/wp-content\/uploads\/2022\/05\/ar_hoy20220511-787x1024.jpg 787w, https:\/\/www.diario5.com.ar\/wp-content\/uploads\/2022\/05\/ar_hoy20220511-768x999.jpg 768w\" sizes=\"(max-width: 787px) 100vw, 787px\" \/><\/p>\n<p>&nbsp;<\/p>\n<p><img decoding=\"async\" loading=\"lazy\" class=\"alignnone size-large wp-image-650892\" title=\"Beneficios financieros en la Feria del Libro\" src=\"https:\/\/www.diario5.com.ar\/wp-content\/uploads\/2022\/05\/ar_litoral20220511.jpg\" alt=\"Beneficios financieros en la Feria del Libro\" width=\"764\" height=\"1024\" srcset=\"https:\/\/www.diario5.com.ar\/wp-content\/uploads\/2022\/05\/ar_litoral20220511.jpg 1126w, https:\/\/www.diario5.com.ar\/wp-content\/uploads\/2022\/05\/ar_litoral20220511-224x300.jpg 224w, https:\/\/www.diario5.com.ar\/wp-content\/uploads\/2022\/05\/ar_litoral20220511-764x1024.jpg 764w, https:\/\/www.diario5.com.ar\/wp-content\/uploads\/2022\/05\/ar_litoral20220511-768x1030.jpg 768w\" sizes=\"(max-width: 764px) 100vw, 764px\" \/><\/p>\n<p><img decoding=\"async\" loading=\"lazy\" class=\"alignnone size-large wp-image-650930\" title=\"Beneficios financieros en la Feria del Libro\" src=\"https:\/\/www.diario5.com.ar\/wp-content\/uploads\/2022\/05\/ar_heraldo20220511.jpg\" alt=\"Beneficios financieros en la Feria del Libro\" width=\"611\" height=\"1024\" srcset=\"https:\/\/www.diario5.com.ar\/wp-content\/uploads\/2022\/05\/ar_heraldo20220511.jpg 764w, https:\/\/www.diario5.com.ar\/wp-content\/uploads\/2022\/05\/ar_heraldo20220511-179x300.jpg 179w, https:\/\/www.diario5.com.ar\/wp-content\/uploads\/2022\/05\/ar_heraldo20220511-611x1024.jpg 611w\" sizes=\"(max-width: 611px) 100vw, 611px\" \/><\/p>\n<p>&nbsp;<\/p>\n<p><img decoding=\"async\" loading=\"lazy\" class=\"alignnone size-large wp-image-650893\" title=\"Beneficios financieros en la Feria del Libro\" src=\"https:\/\/www.diario5.com.ar\/wp-content\/uploads\/2022\/05\/ar_pagina1220220511.jpg\" alt=\"Beneficios financieros en la Feria del Libro\" width=\"814\" height=\"1024\" srcset=\"https:\/\/www.diario5.com.ar\/wp-content\/uploads\/2022\/05\/ar_pagina1220220511.jpg 1526w, https:\/\/www.diario5.com.ar\/wp-content\/uploads\/2022\/05\/ar_pagina1220220511-238x300.jpg 238w, https:\/\/www.diario5.com.ar\/wp-content\/uploads\/2022\/05\/ar_pagina1220220511-814x1024.jpg 814w, https:\/\/www.diario5.com.ar\/wp-content\/uploads\/2022\/05\/ar_pagina1220220511-768x966.jpg 768w, https:\/\/www.diario5.com.ar\/wp-content\/uploads\/2022\/05\/ar_pagina1220220511-1221x1536.jpg 1221w\" sizes=\"(max-width: 814px) 100vw, 814px\" \/><\/p>\n<p>&nbsp;<\/p>\n<p><img decoding=\"async\" loading=\"lazy\" class=\"alignnone size-large wp-image-650894\" title=\"Beneficios financieros en la Feria del Libro\" src=\"https:\/\/www.diario5.com.ar\/wp-content\/uploads\/2022\/05\/independiente20220511.jpg\" alt=\"Beneficios financieros en la Feria del Libro\" width=\"731\" height=\"1024\" srcset=\"https:\/\/www.diario5.com.ar\/wp-content\/uploads\/2022\/05\/independiente20220511.jpg 794w, https:\/\/www.diario5.com.ar\/wp-content\/uploads\/2022\/05\/independiente20220511-214x300.jpg 214w, https:\/\/www.diario5.com.ar\/wp-content\/uploads\/2022\/05\/independiente20220511-731x1024.jpg 731w, https:\/\/www.diario5.com.ar\/wp-content\/uploads\/2022\/05\/independiente20220511-768x1077.jpg 768w\" sizes=\"(max-width: 731px) 100vw, 731px\" \/><\/p>\n<p><img decoding=\"async\" loading=\"lazy\" class=\"alignnone size-large wp-image-650895\" title=\"Beneficios financieros en la Feria del Libro\" src=\"https:\/\/www.diario5.com.ar\/wp-content\/uploads\/2022\/05\/nueva_rioja20220511.jpg\" alt=\"Beneficios financieros en la Feria del Libro\" width=\"724\" height=\"1024\" srcset=\"https:\/\/www.diario5.com.ar\/wp-content\/uploads\/2022\/05\/nueva_rioja20220511.jpg 764w, https:\/\/www.diario5.com.ar\/wp-content\/uploads\/2022\/05\/nueva_rioja20220511-212x300.jpg 212w, https:\/\/www.diario5.com.ar\/wp-content\/uploads\/2022\/05\/nueva_rioja20220511-724x1024.jpg 724w\" sizes=\"(max-width: 724px) 100vw, 724px\" \/><\/p>\n<p><img decoding=\"async\" loading=\"lazy\" class=\"alignnone size-large wp-image-650896\" title=\"Beneficios financieros en la Feria del Libro\" src=\"https:\/\/www.diario5.com.ar\/wp-content\/uploads\/2022\/05\/ar_losandes20220511.jpg\" alt=\"Beneficios financieros en la Feria del Libro\" width=\"744\" height=\"1024\" srcset=\"https:\/\/www.diario5.com.ar\/wp-content\/uploads\/2022\/05\/ar_losandes20220511.jpg 764w, https:\/\/www.diario5.com.ar\/wp-content\/uploads\/2022\/05\/ar_losandes20220511-218x300.jpg 218w, https:\/\/www.diario5.com.ar\/wp-content\/uploads\/2022\/05\/ar_losandes20220511-744x1024.jpg 744w\" sizes=\"(max-width: 744px) 100vw, 744px\" \/><\/p>\n<p>&nbsp;<\/p>\n<p><img decoding=\"async\" loading=\"lazy\" class=\"alignnone size-large wp-image-650897\" title=\"Beneficios financieros en la Feria del Libro\" src=\"https:\/\/www.diario5.com.ar\/wp-content\/uploads\/2022\/05\/ar_rio_negro20220511.jpg\" alt=\"Beneficios financieros en la Feria del Libro\" width=\"674\" height=\"1024\" srcset=\"https:\/\/www.diario5.com.ar\/wp-content\/uploads\/2022\/05\/ar_rio_negro20220511.jpg 1152w, https:\/\/www.diario5.com.ar\/wp-content\/uploads\/2022\/05\/ar_rio_negro20220511-197x300.jpg 197w, https:\/\/www.diario5.com.ar\/wp-content\/uploads\/2022\/05\/ar_rio_negro20220511-674x1024.jpg 674w, https:\/\/www.diario5.com.ar\/wp-content\/uploads\/2022\/05\/ar_rio_negro20220511-768x1167.jpg 768w, https:\/\/www.diario5.com.ar\/wp-content\/uploads\/2022\/05\/ar_rio_negro20220511-1011x1536.jpg 1011w\" sizes=\"(max-width: 674px) 100vw, 674px\" \/><\/p>\n<p><img decoding=\"async\" loading=\"lazy\" class=\"alignnone size-large wp-image-650931\" title=\"Beneficios financieros en la Feria del Libro\" src=\"https:\/\/www.diario5.com.ar\/wp-content\/uploads\/2022\/05\/ar_diario_cuyo20220511.jpg\" alt=\"Beneficios financieros en la Feria del Libro\" width=\"681\" height=\"1024\" srcset=\"https:\/\/www.diario5.com.ar\/wp-content\/uploads\/2022\/05\/ar_diario_cuyo20220511.jpg 764w, https:\/\/www.diario5.com.ar\/wp-content\/uploads\/2022\/05\/ar_diario_cuyo20220511-200x300.jpg 200w, https:\/\/www.diario5.com.ar\/wp-content\/uploads\/2022\/05\/ar_diario_cuyo20220511-681x1024.jpg 681w\" sizes=\"(max-width: 681px) 100vw, 681px\" \/><\/p>\n<p><img decoding=\"async\" loading=\"lazy\" class=\"alignnone size-full wp-image-650898\" title=\"Beneficios financieros en la Feria del Libro\" src=\"https:\/\/www.diario5.com.ar\/wp-content\/uploads\/2022\/05\/huarpe20220511.jpg\" alt=\"Beneficios financieros en la Feria del Libro\" width=\"764\" height=\"1004\" srcset=\"https:\/\/www.diario5.com.ar\/wp-content\/uploads\/2022\/05\/huarpe20220511.jpg 764w, https:\/\/www.diario5.com.ar\/wp-content\/uploads\/2022\/05\/huarpe20220511-228x300.jpg 228w\" sizes=\"(max-width: 764px) 100vw, 764px\" \/><\/p>\n<p><img decoding=\"async\" loading=\"lazy\" class=\"alignnone size-large wp-image-650932\" title=\"Beneficios financieros en la Feria del Libro\" src=\"https:\/\/www.diario5.com.ar\/wp-content\/uploads\/2022\/05\/ar_diario_republica20220511.jpg\" alt=\"Beneficios financieros en la Feria del Libro\" width=\"731\" height=\"1024\" srcset=\"https:\/\/www.diario5.com.ar\/wp-content\/uploads\/2022\/05\/ar_diario_republica20220511.jpg 1040w, https:\/\/www.diario5.com.ar\/wp-content\/uploads\/2022\/05\/ar_diario_republica20220511-214x300.jpg 214w, https:\/\/www.diario5.com.ar\/wp-content\/uploads\/2022\/05\/ar_diario_republica20220511-731x1024.jpg 731w, https:\/\/www.diario5.com.ar\/wp-content\/uploads\/2022\/05\/ar_diario_republica20220511-768x1075.jpg 768w\" sizes=\"(max-width: 731px) 100vw, 731px\" \/><\/p>\n<p>&nbsp;<\/p>\n<p><img decoding=\"async\" loading=\"lazy\" class=\"alignnone size-large wp-image-650899\" title=\"Beneficios financieros en la Feria del Libro\" src=\"https:\/\/www.diario5.com.ar\/wp-content\/uploads\/2022\/05\/ciudadano20220511.jpg\" alt=\"Beneficios financieros en la Feria del Libro\" width=\"766\" height=\"1024\" srcset=\"https:\/\/www.diario5.com.ar\/wp-content\/uploads\/2022\/05\/ciudadano20220511.jpg 896w, https:\/\/www.diario5.com.ar\/wp-content\/uploads\/2022\/05\/ciudadano20220511-224x300.jpg 224w, https:\/\/www.diario5.com.ar\/wp-content\/uploads\/2022\/05\/ciudadano20220511-766x1024.jpg 766w, https:\/\/www.diario5.com.ar\/wp-content\/uploads\/2022\/05\/ciudadano20220511-768x1027.jpg 768w\" sizes=\"(max-width: 766px) 100vw, 766px\" \/><\/p>\n<p>&nbsp;<\/p>\n<p><img decoding=\"async\" loading=\"lazy\" class=\"alignnone size-large wp-image-650900\" title=\"Beneficios financieros en la Feria del Libro\" src=\"https:\/\/www.diario5.com.ar\/wp-content\/uploads\/2022\/05\/ar_gaceta20220511.jpg\" alt=\"Beneficios financieros en la Feria del Libro\" width=\"617\" height=\"1024\" srcset=\"https:\/\/www.diario5.com.ar\/wp-content\/uploads\/2022\/05\/ar_gaceta20220511.jpg 1447w, https:\/\/www.diario5.com.ar\/wp-content\/uploads\/2022\/05\/ar_gaceta20220511-181x300.jpg 181w, https:\/\/www.diario5.com.ar\/wp-content\/uploads\/2022\/05\/ar_gaceta20220511-617x1024.jpg 617w, https:\/\/www.diario5.com.ar\/wp-content\/uploads\/2022\/05\/ar_gaceta20220511-768x1274.jpg 768w, https:\/\/www.diario5.com.ar\/wp-content\/uploads\/2022\/05\/ar_gaceta20220511-926x1536.jpg 926w, https:\/\/www.diario5.com.ar\/wp-content\/uploads\/2022\/05\/ar_gaceta20220511-1235x2048.jpg 1235w\" sizes=\"(max-width: 617px) 100vw, 617px\" \/><\/p>\n<p><img decoding=\"async\" loading=\"lazy\" class=\"alignnone size-large wp-image-650901\" title=\"Beneficios financieros en la Feria del Libro\" src=\"https:\/\/www.diario5.com.ar\/wp-content\/uploads\/2022\/05\/ar_cronica20220511.jpg\" alt=\"Beneficios financieros en la Feria del Libro\" width=\"875\" height=\"1024\" srcset=\"https:\/\/www.diario5.com.ar\/wp-content\/uploads\/2022\/05\/ar_cronica20220511.jpg 1600w, https:\/\/www.diario5.com.ar\/wp-content\/uploads\/2022\/05\/ar_cronica20220511-256x300.jpg 256w, https:\/\/www.diario5.com.ar\/wp-content\/uploads\/2022\/05\/ar_cronica20220511-875x1024.jpg 875w, https:\/\/www.diario5.com.ar\/wp-content\/uploads\/2022\/05\/ar_cronica20220511-768x899.jpg 768w, https:\/\/www.diario5.com.ar\/wp-content\/uploads\/2022\/05\/ar_cronica20220511-1313x1536.jpg 1313w\" sizes=\"(max-width: 875px) 100vw, 875px\" \/><\/p>\n<p><img decoding=\"async\" loading=\"lazy\" class=\"alignnone size-large wp-image-650902\" title=\"Beneficios financieros en la Feria del Libro\" src=\"https:\/\/www.diario5.com.ar\/wp-content\/uploads\/2022\/05\/ar_clarin20220511.jpg\" alt=\"Beneficios financieros en la Feria del Libro\" width=\"742\" height=\"1024\" srcset=\"https:\/\/www.diario5.com.ar\/wp-content\/uploads\/2022\/05\/ar_clarin20220511.jpg 1472w, https:\/\/www.diario5.com.ar\/wp-content\/uploads\/2022\/05\/ar_clarin20220511-217x300.jpg 217w, https:\/\/www.diario5.com.ar\/wp-content\/uploads\/2022\/05\/ar_clarin20220511-742x1024.jpg 742w, https:\/\/www.diario5.com.ar\/wp-content\/uploads\/2022\/05\/ar_clarin20220511-768x1060.jpg 768w, https:\/\/www.diario5.com.ar\/wp-content\/uploads\/2022\/05\/ar_clarin20220511-1113x1536.jpg 1113w\" sizes=\"(max-width: 742px) 100vw, 742px\" \/><\/p>\n<p><img decoding=\"async\" loading=\"lazy\" class=\"alignnone size-large wp-image-650903\" title=\"Beneficios financieros en la Feria del Libro\" src=\"https:\/\/www.diario5.com.ar\/wp-content\/uploads\/2022\/05\/nacion20220511.jpg\" alt=\"Beneficios financieros en la Feria del Libro\" width=\"681\" height=\"1024\" srcset=\"https:\/\/www.diario5.com.ar\/wp-content\/uploads\/2022\/05\/nacion20220511.jpg 764w, https:\/\/www.diario5.com.ar\/wp-content\/uploads\/2022\/05\/nacion20220511-199x300.jpg 199w, https:\/\/www.diario5.com.ar\/wp-content\/uploads\/2022\/05\/nacion20220511-681x1024.jpg 681w\" sizes=\"(max-width: 681px) 100vw, 681px\" \/><\/p>\n<p>&nbsp;<\/p>\n<p><img decoding=\"async\" loading=\"lazy\" class=\"alignnone size-large wp-image-650904\" title=\"Beneficios financieros en la Feria del Libro\" src=\"https:\/\/www.diario5.com.ar\/wp-content\/uploads\/2022\/05\/nuevo_diario20220511.jpg\" alt=\"Beneficios financieros en la Feria del Libro\" width=\"741\" height=\"1024\" srcset=\"https:\/\/www.diario5.com.ar\/wp-content\/uploads\/2022\/05\/nuevo_diario20220511.jpg 764w, https:\/\/www.diario5.com.ar\/wp-content\/uploads\/2022\/05\/nuevo_diario20220511-217x300.jpg 217w, https:\/\/www.diario5.com.ar\/wp-content\/uploads\/2022\/05\/nuevo_diario20220511-741x1024.jpg 741w\" sizes=\"(max-width: 741px) 100vw, 741px\" \/><\/p>\n<p><img decoding=\"async\" loading=\"lazy\" class=\"alignnone size-large wp-image-650905\" title=\"Beneficios financieros en la Feria del Libro\" src=\"https:\/\/www.diario5.com.ar\/wp-content\/uploads\/2022\/05\/ar_sureno20220511.jpg\" alt=\"Beneficios financieros en la Feria del Libro\" width=\"781\" height=\"1024\" srcset=\"https:\/\/www.diario5.com.ar\/wp-content\/uploads\/2022\/05\/ar_sureno20220511.jpg 1038w, https:\/\/www.diario5.com.ar\/wp-content\/uploads\/2022\/05\/ar_sureno20220511-229x300.jpg 229w, https:\/\/www.diario5.com.ar\/wp-content\/uploads\/2022\/05\/ar_sureno20220511-781x1024.jpg 781w, https:\/\/www.diario5.com.ar\/wp-content\/uploads\/2022\/05\/ar_sureno20220511-768x1007.jpg 768w\" sizes=\"(max-width: 781px) 100vw, 781px\" \/><\/p>","protected":false},"excerpt":{"rendered":"<p>Anuncian oportunidades especiales con descuentos y pago en cuotas a trav\u00e9s de las tarjetas de cr\u00e9dito emitidas por el Banco Naci\u00f3n ofrece para compras en la Feria del Libro. Incluye las operaciones con el sistema digital Modo y la app BNA+. La feria contin\u00faa activa hasta el domingo 16 de mayo. &nbsp; &nbsp; &nbsp; &nbsp; [&hellip;]<\/p>","protected":false},"author":13,"featured_media":678628,"comment_status":"open","ping_status":"open","sticky":false,"template":"","format":"standard","meta":[],"categories":[5,81,56],"tags":[],"series":[],"_links":{"self":[{"href":"https:\/\/www.diario5.com.ar\/es\/wp-json\/wp\/v2\/posts\/636241"}],"collection":[{"href":"https:\/\/www.diario5.com.ar\/es\/wp-json\/wp\/v2\/posts"}],"about":[{"href":"https:\/\/www.diario5.com.ar\/es\/wp-json\/wp\/v2\/types\/post"}],"author":[{"embeddable":true,"href":"https:\/\/www.diario5.com.ar\/es\/wp-json\/wp\/v2\/users\/13"}],"replies":[{"embeddable":true,"href":"https:\/\/www.diario5.com.ar\/es\/wp-json\/wp\/v2\/comments?post=636241"}],"version-history":[{"count":6,"href":"https:\/\/www.diario5.com.ar\/es\/wp-json\/wp\/v2\/posts\/636241\/revisions"}],"predecessor-version":[{"id":678629,"href":"https:\/\/www.diario5.com.ar\/es\/wp-json\/wp\/v2\/posts\/636241\/revisions\/678629"}],"wp:featuredmedia":[{"embeddable":true,"href":"https:\/\/www.diario5.com.ar\/es\/wp-json\/wp\/v2\/media\/678628"}],"wp:attachment":[{"href":"https:\/\/www.diario5.com.ar\/es\/wp-json\/wp\/v2\/media?parent=636241"}],"wp:term":[{"taxonomy":"category","embeddable":true,"href":"https:\/\/www.diario5.com.ar\/es\/wp-json\/wp\/v2\/categories?post=636241"},{"taxonomy":"post_tag","embeddable":true,"href":"https:\/\/www.diario5.com.ar\/es\/wp-json\/wp\/v2\/tags?post=636241"},{"taxonomy":"series","embeddable":true,"href":"https:\/\/www.diario5.com.ar\/es\/wp-json\/wp\/v2\/series?post=636241"}],"curies":[{"name":"wp","href":"https:\/\/api.w.org\/{rel}","templated":true}]}}