{"id":636238,"date":"2022-05-08T06:50:00","date_gmt":"2022-05-08T09:50:00","guid":{"rendered":"http:\/\/diario5.com.ar\/?p=636238"},"modified":"2022-05-08T11:18:54","modified_gmt":"2022-05-08T14:18:54","slug":"636238","status":"publish","type":"post","link":"https:\/\/www.diario5.com.ar\/es\/636238\/","title":{"rendered":"Adopci\u00f3n de Mascotas, en Parque Chacabuco"},"content":{"rendered":"<h2 class=\"sub-title-primary\"><\/h2> <p><em><img decoding=\"async\" loading=\"lazy\" class=\"alignnone size-full wp-image-650656\" src=\"https:\/\/www.diario5.com.ar\/wp-content\/uploads\/2022\/05\/poldy_hall.jpg\" alt=\"\" width=\"635\" height=\"369\" srcset=\"https:\/\/www.diario5.com.ar\/wp-content\/uploads\/2022\/05\/poldy_hall.jpg 635w, https:\/\/www.diario5.com.ar\/wp-content\/uploads\/2022\/05\/poldy_hall-300x174.jpg 300w\" sizes=\"(max-width: 635px) 100vw, 635px\" \/><\/em><\/p>\n<p><em>El pr\u00f3ximo s\u00e1bado, 14 de mayo, vamos a tener en Parque Chacabuco una fiesta. Bueno, para m\u00ed es un d\u00eda de mucha felicidad. Dura todo el d\u00eda. Va a estar buen\u00edsimo. Vengan!<\/em><\/p>\n<p><em>Viva! Muchos amiguitos van a tener una familia con la que van a vivir. Guaaaaaaaaauuuuuuuuuuuu!<\/em><\/p>\n<p><em>Estoy muy contenta. Les dejo la noticia y me voy a celebrar con un huesitoooooo!<\/em><\/p>\n<p>&nbsp;<\/p>\n<p><strong>Jornada de Adopci\u00f3n de Mascotas<\/strong><\/p>\n<p>Se trata de un evento de intermediaci\u00f3n, con la cobertura del Estado, a trav\u00e9s del Gobierno de la Ciudad y la participaci\u00f3n de profesionales (veterinarios, empresas de alimentaci\u00f3n y cuidado de mascotas, etc) que estar\u00e1n presentes para asesorar en todo momento a los asistentes y a los animales ese d\u00eda.<\/p>\n<p>Todos los presentes van a poder colaborar con las organizaciones que rescatan y cuidan mascotas. El plan es generar fechas m\u00e1s frecuentes para estos encuentros de manera que perros y gatos puedan encontrar hogar y que quienes se dedican a la crianza temprana de estos animalitos, puedan darse a conocer personalmente frente a los interesados<\/p>\n<p>Al tratarse de una actividad a la intemperie, en caso de lluvia se suspender\u00e1 y reprogramar\u00e1.<\/p>\n<p>El encuentro cuenta con el auspicio institucional de la filial argentina de Naciones Unidas.<\/p>\n<p><img decoding=\"async\" loading=\"lazy\" class=\"alignnone size-large wp-image-650736\" src=\"https:\/\/www.diario5.com.ar\/wp-content\/uploads\/2022\/05\/la_capital20220508-757x1024.jpg\" width=\"757\" height=\"1024\" alt=\"Adopci\u00f3n de Mascotas, en Parque Chacabuco\" title=\"Adopci\u00f3n de Mascotas, en Parque Chacabuco\" srcset=\"https:\/\/www.diario5.com.ar\/wp-content\/uploads\/2022\/05\/la_capital20220508-757x1024.jpg 757w, https:\/\/www.diario5.com.ar\/wp-content\/uploads\/2022\/05\/la_capital20220508-222x300.jpg 222w, https:\/\/www.diario5.com.ar\/wp-content\/uploads\/2022\/05\/la_capital20220508-768x1039.jpg 768w, https:\/\/www.diario5.com.ar\/wp-content\/uploads\/2022\/05\/la_capital20220508-1135x1536.jpg 1135w, https:\/\/www.diario5.com.ar\/wp-content\/uploads\/2022\/05\/la_capital20220508-1514x2048.jpg 1514w, https:\/\/www.diario5.com.ar\/wp-content\/uploads\/2022\/05\/la_capital20220508.jpg 1774w\" sizes=\"(max-width: 757px) 100vw, 757px\" \/><\/p>\n<p><img decoding=\"async\" loading=\"lazy\" class=\"alignnone size-large wp-image-650737\" src=\"https:\/\/www.diario5.com.ar\/wp-content\/uploads\/2022\/05\/ar_nueva_provincia20220508-740x1024.jpg\" width=\"740\" height=\"1024\" alt=\"Adopci\u00f3n de Mascotas, en Parque Chacabuco\" title=\"Adopci\u00f3n de Mascotas, en Parque Chacabuco\" srcset=\"https:\/\/www.diario5.com.ar\/wp-content\/uploads\/2022\/05\/ar_nueva_provincia20220508-740x1024.jpg 740w, https:\/\/www.diario5.com.ar\/wp-content\/uploads\/2022\/05\/ar_nueva_provincia20220508-217x300.jpg 217w, https:\/\/www.diario5.com.ar\/wp-content\/uploads\/2022\/05\/ar_nueva_provincia20220508-768x1062.jpg 768w, https:\/\/www.diario5.com.ar\/wp-content\/uploads\/2022\/05\/ar_nueva_provincia20220508.jpg 960w\" sizes=\"(max-width: 740px) 100vw, 740px\" \/><\/p>\n<p>&nbsp;<\/p>\n<p><img decoding=\"async\" loading=\"lazy\" class=\"alignnone size-full wp-image-650704\" title=\"Adopci\u00f3n de Mascotas, en Parque Chacabuco\" src=\"https:\/\/www.diario5.com.ar\/wp-content\/uploads\/2022\/05\/voz_chaco20220508.jpg\" alt=\"Adopci\u00f3n de Mascotas, en Parque Chacabuco\" width=\"864\" height=\"1006\" srcset=\"https:\/\/www.diario5.com.ar\/wp-content\/uploads\/2022\/05\/voz_chaco20220508.jpg 864w, https:\/\/www.diario5.com.ar\/wp-content\/uploads\/2022\/05\/voz_chaco20220508-258x300.jpg 258w, https:\/\/www.diario5.com.ar\/wp-content\/uploads\/2022\/05\/voz_chaco20220508-768x894.jpg 768w\" sizes=\"(max-width: 864px) 100vw, 864px\" \/><\/p>\n<p><img decoding=\"async\" loading=\"lazy\" class=\"alignnone size-full wp-image-650705\" title=\"Adopci\u00f3n de Mascotas, en Parque Chacabuco\" src=\"https:\/\/www.diario5.com.ar\/wp-content\/uploads\/2022\/05\/ar_diario_madryn20220508.jpg\" alt=\"Adopci\u00f3n de Mascotas, en Parque Chacabuco\" width=\"764\" height=\"1012\" srcset=\"https:\/\/www.diario5.com.ar\/wp-content\/uploads\/2022\/05\/ar_diario_madryn20220508.jpg 764w, https:\/\/www.diario5.com.ar\/wp-content\/uploads\/2022\/05\/ar_diario_madryn20220508-226x300.jpg 226w\" sizes=\"(max-width: 764px) 100vw, 764px\" \/><\/p>\n<p>&nbsp;<\/p>\n<p>&nbsp;<\/p>\n<p>&nbsp;<\/p>\n<p><img decoding=\"async\" loading=\"lazy\" class=\"alignnone size-large wp-image-650738\" src=\"https:\/\/www.diario5.com.ar\/wp-content\/uploads\/2022\/05\/ar_perfil20220508-739x1024.jpg\" width=\"739\" height=\"1024\" alt=\"Adopci\u00f3n de Mascotas, en Parque Chacabuco\" title=\"Adopci\u00f3n de Mascotas, en Parque Chacabuco\" srcset=\"https:\/\/www.diario5.com.ar\/wp-content\/uploads\/2022\/05\/ar_perfil20220508-739x1024.jpg 739w, https:\/\/www.diario5.com.ar\/wp-content\/uploads\/2022\/05\/ar_perfil20220508-216x300.jpg 216w, https:\/\/www.diario5.com.ar\/wp-content\/uploads\/2022\/05\/ar_perfil20220508.jpg 764w\" sizes=\"(max-width: 739px) 100vw, 739px\" \/><\/p>\n<p><img decoding=\"async\" loading=\"lazy\" class=\"alignnone size-large wp-image-650706\" title=\"Adopci\u00f3n de Mascotas, en Parque Chacabuco\" src=\"https:\/\/www.diario5.com.ar\/wp-content\/uploads\/2022\/05\/ar_eldia20220508-685x1024.jpg\" alt=\"Adopci\u00f3n de Mascotas, en Parque Chacabuco\" width=\"685\" height=\"1024\" srcset=\"https:\/\/www.diario5.com.ar\/wp-content\/uploads\/2022\/05\/ar_eldia20220508-685x1024.jpg 685w, https:\/\/www.diario5.com.ar\/wp-content\/uploads\/2022\/05\/ar_eldia20220508-201x300.jpg 201w, https:\/\/www.diario5.com.ar\/wp-content\/uploads\/2022\/05\/ar_eldia20220508-768x1148.jpg 768w, https:\/\/www.diario5.com.ar\/wp-content\/uploads\/2022\/05\/ar_eldia20220508-1027x1536.jpg 1027w, https:\/\/www.diario5.com.ar\/wp-content\/uploads\/2022\/05\/ar_eldia20220508-1370x2048.jpg 1370w, https:\/\/www.diario5.com.ar\/wp-content\/uploads\/2022\/05\/ar_eldia20220508.jpg 1605w\" sizes=\"(max-width: 685px) 100vw, 685px\" \/><\/p>\n<p><img decoding=\"async\" loading=\"lazy\" class=\"alignnone size-large wp-image-650707\" title=\"Adopci\u00f3n de Mascotas, en Parque Chacabuco\" src=\"https:\/\/www.diario5.com.ar\/wp-content\/uploads\/2022\/05\/ar_hoy20220508-775x1024.jpg\" alt=\"Adopci\u00f3n de Mascotas, en Parque Chacabuco\" width=\"775\" height=\"1024\" srcset=\"https:\/\/www.diario5.com.ar\/wp-content\/uploads\/2022\/05\/ar_hoy20220508-775x1024.jpg 775w, https:\/\/www.diario5.com.ar\/wp-content\/uploads\/2022\/05\/ar_hoy20220508-227x300.jpg 227w, https:\/\/www.diario5.com.ar\/wp-content\/uploads\/2022\/05\/ar_hoy20220508-768x1015.jpg 768w, https:\/\/www.diario5.com.ar\/wp-content\/uploads\/2022\/05\/ar_hoy20220508.jpg 960w\" sizes=\"(max-width: 775px) 100vw, 775px\" \/><\/p>\n<p>&nbsp;<\/p>\n<p>&nbsp;<\/p>\n<p>&nbsp;<\/p>\n<p><img decoding=\"async\" loading=\"lazy\" class=\"alignnone size-large wp-image-650708\" title=\"Adopci\u00f3n de Mascotas, en Parque Chacabuco\" src=\"https:\/\/www.diario5.com.ar\/wp-content\/uploads\/2022\/05\/ar_litoral20220508-767x1024.jpg\" alt=\"Adopci\u00f3n de Mascotas, en Parque Chacabuco\" width=\"767\" height=\"1024\" srcset=\"https:\/\/www.diario5.com.ar\/wp-content\/uploads\/2022\/05\/ar_litoral20220508-767x1024.jpg 767w, https:\/\/www.diario5.com.ar\/wp-content\/uploads\/2022\/05\/ar_litoral20220508-225x300.jpg 225w, https:\/\/www.diario5.com.ar\/wp-content\/uploads\/2022\/05\/ar_litoral20220508-768x1025.jpg 768w, https:\/\/www.diario5.com.ar\/wp-content\/uploads\/2022\/05\/ar_litoral20220508.jpg 1131w\" sizes=\"(max-width: 767px) 100vw, 767px\" \/><\/p>\n<p>&nbsp;<\/p>\n<p>&nbsp;<\/p>\n<p><img decoding=\"async\" loading=\"lazy\" class=\"alignnone size-large wp-image-650709\" title=\"Adopci\u00f3n de Mascotas, en Parque Chacabuco\" src=\"https:\/\/www.diario5.com.ar\/wp-content\/uploads\/2022\/05\/ar_diario_pampa20220508-757x1024.jpg\" alt=\"Adopci\u00f3n de Mascotas, en Parque Chacabuco\" width=\"757\" height=\"1024\" srcset=\"https:\/\/www.diario5.com.ar\/wp-content\/uploads\/2022\/05\/ar_diario_pampa20220508-757x1024.jpg 757w, https:\/\/www.diario5.com.ar\/wp-content\/uploads\/2022\/05\/ar_diario_pampa20220508-222x300.jpg 222w, https:\/\/www.diario5.com.ar\/wp-content\/uploads\/2022\/05\/ar_diario_pampa20220508-768x1038.jpg 768w, https:\/\/www.diario5.com.ar\/wp-content\/uploads\/2022\/05\/ar_diario_pampa20220508.jpg 886w\" sizes=\"(max-width: 757px) 100vw, 757px\" \/><\/p>\n<p>&nbsp;<\/p>\n<p>&nbsp;<\/p>\n<p><img decoding=\"async\" loading=\"lazy\" class=\"alignnone size-large wp-image-650710\" title=\"Adopci\u00f3n de Mascotas, en Parque Chacabuco\" src=\"https:\/\/www.diario5.com.ar\/wp-content\/uploads\/2022\/05\/independiente20220508-727x1024.jpg\" alt=\"Adopci\u00f3n de Mascotas, en Parque Chacabuco\" width=\"727\" height=\"1024\" srcset=\"https:\/\/www.diario5.com.ar\/wp-content\/uploads\/2022\/05\/independiente20220508-727x1024.jpg 727w, https:\/\/www.diario5.com.ar\/wp-content\/uploads\/2022\/05\/independiente20220508-213x300.jpg 213w, https:\/\/www.diario5.com.ar\/wp-content\/uploads\/2022\/05\/independiente20220508-768x1082.jpg 768w, https:\/\/www.diario5.com.ar\/wp-content\/uploads\/2022\/05\/independiente20220508.jpg 784w\" sizes=\"(max-width: 727px) 100vw, 727px\" \/><\/p>\n<p><img decoding=\"async\" loading=\"lazy\" class=\"alignnone size-large wp-image-650711\" title=\"Adopci\u00f3n de Mascotas, en Parque Chacabuco\" src=\"https:\/\/www.diario5.com.ar\/wp-content\/uploads\/2022\/05\/nueva_rioja20220508-724x1024.jpg\" alt=\"Adopci\u00f3n de Mascotas, en Parque Chacabuco\" width=\"724\" height=\"1024\" srcset=\"https:\/\/www.diario5.com.ar\/wp-content\/uploads\/2022\/05\/nueva_rioja20220508-724x1024.jpg 724w, https:\/\/www.diario5.com.ar\/wp-content\/uploads\/2022\/05\/nueva_rioja20220508-212x300.jpg 212w, https:\/\/www.diario5.com.ar\/wp-content\/uploads\/2022\/05\/nueva_rioja20220508.jpg 764w\" sizes=\"(max-width: 724px) 100vw, 724px\" \/><\/p>\n<p><img decoding=\"async\" loading=\"lazy\" class=\"alignnone size-large wp-image-650739\" src=\"https:\/\/www.diario5.com.ar\/wp-content\/uploads\/2022\/05\/ar_losandes20220508-749x1024.jpg\" width=\"749\" height=\"1024\" alt=\"Adopci\u00f3n de Mascotas, en Parque Chacabuco\" title=\"Adopci\u00f3n de Mascotas, en Parque Chacabuco\" srcset=\"https:\/\/www.diario5.com.ar\/wp-content\/uploads\/2022\/05\/ar_losandes20220508-749x1024.jpg 749w, https:\/\/www.diario5.com.ar\/wp-content\/uploads\/2022\/05\/ar_losandes20220508-220x300.jpg 220w, https:\/\/www.diario5.com.ar\/wp-content\/uploads\/2022\/05\/ar_losandes20220508.jpg 764w\" sizes=\"(max-width: 749px) 100vw, 749px\" \/><\/p>\n<p>&nbsp;<\/p>\n<p>&nbsp;<\/p>\n<p><img decoding=\"async\" loading=\"lazy\" class=\"alignnone size-large wp-image-650740\" src=\"https:\/\/www.diario5.com.ar\/wp-content\/uploads\/2022\/05\/ar_rio_negro20220508-676x1024.jpg\" width=\"676\" height=\"1024\" alt=\"Adopci\u00f3n de Mascotas, en Parque Chacabuco\" title=\"Adopci\u00f3n de Mascotas, en Parque Chacabuco\" srcset=\"https:\/\/www.diario5.com.ar\/wp-content\/uploads\/2022\/05\/ar_rio_negro20220508-676x1024.jpg 676w, https:\/\/www.diario5.com.ar\/wp-content\/uploads\/2022\/05\/ar_rio_negro20220508-198x300.jpg 198w, https:\/\/www.diario5.com.ar\/wp-content\/uploads\/2022\/05\/ar_rio_negro20220508-768x1163.jpg 768w, https:\/\/www.diario5.com.ar\/wp-content\/uploads\/2022\/05\/ar_rio_negro20220508-1014x1536.jpg 1014w, https:\/\/www.diario5.com.ar\/wp-content\/uploads\/2022\/05\/ar_rio_negro20220508.jpg 1120w\" sizes=\"(max-width: 676px) 100vw, 676px\" \/><\/p>\n<p>&nbsp;<\/p>\n<p>&nbsp;<\/p>\n<p><img decoding=\"async\" loading=\"lazy\" class=\"alignnone size-large wp-image-650741\" src=\"https:\/\/www.diario5.com.ar\/wp-content\/uploads\/2022\/05\/ar_diario_republica20220508-723x1024.jpg\" width=\"723\" height=\"1024\" alt=\"Adopci\u00f3n de Mascotas, en Parque Chacabuco\" title=\"Adopci\u00f3n de Mascotas, en Parque Chacabuco\" srcset=\"https:\/\/www.diario5.com.ar\/wp-content\/uploads\/2022\/05\/ar_diario_republica20220508-723x1024.jpg 723w, https:\/\/www.diario5.com.ar\/wp-content\/uploads\/2022\/05\/ar_diario_republica20220508-212x300.jpg 212w, https:\/\/www.diario5.com.ar\/wp-content\/uploads\/2022\/05\/ar_diario_republica20220508-768x1087.jpg 768w, https:\/\/www.diario5.com.ar\/wp-content\/uploads\/2022\/05\/ar_diario_republica20220508-1085x1536.jpg 1085w, https:\/\/www.diario5.com.ar\/wp-content\/uploads\/2022\/05\/ar_diario_republica20220508-1446x2048.jpg 1446w, https:\/\/www.diario5.com.ar\/wp-content\/uploads\/2022\/05\/ar_diario_republica20220508.jpg 1695w\" sizes=\"(max-width: 723px) 100vw, 723px\" \/><\/p>\n<p>&nbsp;<\/p>\n<p>&nbsp;<\/p>\n<p>&nbsp;<\/p>\n<p><img decoding=\"async\" loading=\"lazy\" class=\"alignnone size-large wp-image-650712\" title=\"Adopci\u00f3n de Mascotas, en Parque Chacabuco\" src=\"https:\/\/www.diario5.com.ar\/wp-content\/uploads\/2022\/05\/ar_gaceta20220508-617x1024.jpg\" alt=\"Adopci\u00f3n de Mascotas, en Parque Chacabuco\" width=\"617\" height=\"1024\" srcset=\"https:\/\/www.diario5.com.ar\/wp-content\/uploads\/2022\/05\/ar_gaceta20220508-617x1024.jpg 617w, https:\/\/www.diario5.com.ar\/wp-content\/uploads\/2022\/05\/ar_gaceta20220508-181x300.jpg 181w, https:\/\/www.diario5.com.ar\/wp-content\/uploads\/2022\/05\/ar_gaceta20220508-768x1274.jpg 768w, https:\/\/www.diario5.com.ar\/wp-content\/uploads\/2022\/05\/ar_gaceta20220508-926x1536.jpg 926w, https:\/\/www.diario5.com.ar\/wp-content\/uploads\/2022\/05\/ar_gaceta20220508-1235x2048.jpg 1235w, https:\/\/www.diario5.com.ar\/wp-content\/uploads\/2022\/05\/ar_gaceta20220508.jpg 1447w\" sizes=\"(max-width: 617px) 100vw, 617px\" \/><\/p>\n<p><img decoding=\"async\" loading=\"lazy\" class=\"alignnone size-large wp-image-650713\" title=\"Adopci\u00f3n de Mascotas, en Parque Chacabuco\" src=\"https:\/\/www.diario5.com.ar\/wp-content\/uploads\/2022\/05\/ar_cronica20220508-867x1024.jpg\" alt=\"Adopci\u00f3n de Mascotas, en Parque Chacabuco\" width=\"867\" height=\"1024\" srcset=\"https:\/\/www.diario5.com.ar\/wp-content\/uploads\/2022\/05\/ar_cronica20220508-867x1024.jpg 867w, https:\/\/www.diario5.com.ar\/wp-content\/uploads\/2022\/05\/ar_cronica20220508-254x300.jpg 254w, https:\/\/www.diario5.com.ar\/wp-content\/uploads\/2022\/05\/ar_cronica20220508-768x907.jpg 768w, https:\/\/www.diario5.com.ar\/wp-content\/uploads\/2022\/05\/ar_cronica20220508-1301x1536.jpg 1301w, https:\/\/www.diario5.com.ar\/wp-content\/uploads\/2022\/05\/ar_cronica20220508.jpg 1591w\" sizes=\"(max-width: 867px) 100vw, 867px\" \/><\/p>\n<p><img decoding=\"async\" loading=\"lazy\" class=\"alignnone size-large wp-image-650714\" title=\"Adopci\u00f3n de Mascotas, en Parque Chacabuco\" src=\"https:\/\/www.diario5.com.ar\/wp-content\/uploads\/2022\/05\/ar_clarin20220508-749x1024.jpg\" alt=\"Adopci\u00f3n de Mascotas, en Parque Chacabuco\" width=\"749\" height=\"1024\" srcset=\"https:\/\/www.diario5.com.ar\/wp-content\/uploads\/2022\/05\/ar_clarin20220508-749x1024.jpg 749w, https:\/\/www.diario5.com.ar\/wp-content\/uploads\/2022\/05\/ar_clarin20220508-219x300.jpg 219w, https:\/\/www.diario5.com.ar\/wp-content\/uploads\/2022\/05\/ar_clarin20220508-768x1050.jpg 768w, https:\/\/www.diario5.com.ar\/wp-content\/uploads\/2022\/05\/ar_clarin20220508-1124x1536.jpg 1124w, https:\/\/www.diario5.com.ar\/wp-content\/uploads\/2022\/05\/ar_clarin20220508.jpg 1486w\" sizes=\"(max-width: 749px) 100vw, 749px\" \/><\/p>\n<p><img decoding=\"async\" loading=\"lazy\" class=\"alignnone size-large wp-image-650715\" title=\"Adopci\u00f3n de Mascotas, en Parque Chacabuco\" src=\"https:\/\/www.diario5.com.ar\/wp-content\/uploads\/2022\/05\/nacion20220508-681x1024.jpg\" alt=\"Adopci\u00f3n de Mascotas, en Parque Chacabuco\" width=\"681\" height=\"1024\" srcset=\"https:\/\/www.diario5.com.ar\/wp-content\/uploads\/2022\/05\/nacion20220508-681x1024.jpg 681w, https:\/\/www.diario5.com.ar\/wp-content\/uploads\/2022\/05\/nacion20220508-199x300.jpg 199w, https:\/\/www.diario5.com.ar\/wp-content\/uploads\/2022\/05\/nacion20220508.jpg 764w\" sizes=\"(max-width: 681px) 100vw, 681px\" \/><\/p>\n<p>&nbsp;<\/p>\n<p><img decoding=\"async\" loading=\"lazy\" class=\"alignnone size-large wp-image-650716\" title=\"Adopci\u00f3n de Mascotas, en Parque Chacabuco\" src=\"https:\/\/www.diario5.com.ar\/wp-content\/uploads\/2022\/05\/nuevo_diario20220508-736x1024.jpg\" alt=\"Adopci\u00f3n de Mascotas, en Parque Chacabuco\" width=\"736\" height=\"1024\" srcset=\"https:\/\/www.diario5.com.ar\/wp-content\/uploads\/2022\/05\/nuevo_diario20220508-736x1024.jpg 736w, https:\/\/www.diario5.com.ar\/wp-content\/uploads\/2022\/05\/nuevo_diario20220508-216x300.jpg 216w, https:\/\/www.diario5.com.ar\/wp-content\/uploads\/2022\/05\/nuevo_diario20220508.jpg 764w\" sizes=\"(max-width: 736px) 100vw, 736px\" \/><\/p>\n<p><img decoding=\"async\" loading=\"lazy\" class=\"alignnone size-large wp-image-650742\" src=\"https:\/\/www.diario5.com.ar\/wp-content\/uploads\/2022\/05\/ar_sureno20220508-779x1024.jpg\" width=\"779\" height=\"1024\" alt=\"Adopci\u00f3n de Mascotas, en Parque Chacabuco\" title=\"Adopci\u00f3n de Mascotas, en Parque Chacabuco\" srcset=\"https:\/\/www.diario5.com.ar\/wp-content\/uploads\/2022\/05\/ar_sureno20220508-779x1024.jpg 779w, https:\/\/www.diario5.com.ar\/wp-content\/uploads\/2022\/05\/ar_sureno20220508-228x300.jpg 228w, https:\/\/www.diario5.com.ar\/wp-content\/uploads\/2022\/05\/ar_sureno20220508-768x1009.jpg 768w, https:\/\/www.diario5.com.ar\/wp-content\/uploads\/2022\/05\/ar_sureno20220508.jpg 790w\" sizes=\"(max-width: 779px) 100vw, 779px\" \/><\/p>\n<p>URUGUAY<\/p>\n<p>&nbsp;<\/p>\n<p>&nbsp;<\/p>\n<p>BRASIL<br \/>\n<img decoding=\"async\" loading=\"lazy\" class=\"alignnone size-large wp-image-650717\" title=\"Adopci\u00f3n de Mascotas, en Parque Chacabuco\" src=\"https:\/\/www.diario5.com.ar\/wp-content\/uploads\/2022\/05\/br_folha_spaulo20220508-588x1024.jpg\" alt=\"Adopci\u00f3n de Mascotas, en Parque Chacabuco\" width=\"588\" height=\"1024\" srcset=\"https:\/\/www.diario5.com.ar\/wp-content\/uploads\/2022\/05\/br_folha_spaulo20220508-588x1024.jpg 588w, https:\/\/www.diario5.com.ar\/wp-content\/uploads\/2022\/05\/br_folha_spaulo20220508-172x300.jpg 172w, https:\/\/www.diario5.com.ar\/wp-content\/uploads\/2022\/05\/br_folha_spaulo20220508.jpg 764w\" sizes=\"(max-width: 588px) 100vw, 588px\" \/><\/p>\n<p><img decoding=\"async\" loading=\"lazy\" class=\"alignnone size-large wp-image-650718\" title=\"Adopci\u00f3n de Mascotas, en Parque Chacabuco\" src=\"https:\/\/www.diario5.com.ar\/wp-content\/uploads\/2022\/05\/br_estado_spaulo20220508-661x1024.jpg\" alt=\"Adopci\u00f3n de Mascotas, en Parque Chacabuco\" width=\"661\" height=\"1024\" srcset=\"https:\/\/www.diario5.com.ar\/wp-content\/uploads\/2022\/05\/br_estado_spaulo20220508-661x1024.jpg 661w, https:\/\/www.diario5.com.ar\/wp-content\/uploads\/2022\/05\/br_estado_spaulo20220508-194x300.jpg 194w, https:\/\/www.diario5.com.ar\/wp-content\/uploads\/2022\/05\/br_estado_spaulo20220508.jpg 764w\" sizes=\"(max-width: 661px) 100vw, 661px\" \/><\/p>\n<p>&nbsp;<\/p>\n<p><img decoding=\"async\" loading=\"lazy\" class=\"alignnone size-large wp-image-650719\" title=\"Adopci\u00f3n de Mascotas, en Parque Chacabuco\" src=\"https:\/\/www.diario5.com.ar\/wp-content\/uploads\/2022\/05\/br_oglobo20220508-589x1024.jpg\" alt=\"Adopci\u00f3n de Mascotas, en Parque Chacabuco\" width=\"589\" height=\"1024\" srcset=\"https:\/\/www.diario5.com.ar\/wp-content\/uploads\/2022\/05\/br_oglobo20220508-589x1024.jpg 589w, https:\/\/www.diario5.com.ar\/wp-content\/uploads\/2022\/05\/br_oglobo20220508-172x300.jpg 172w, https:\/\/www.diario5.com.ar\/wp-content\/uploads\/2022\/05\/br_oglobo20220508-768x1336.jpg 768w, https:\/\/www.diario5.com.ar\/wp-content\/uploads\/2022\/05\/br_oglobo20220508.jpg 814w\" sizes=\"(max-width: 589px) 100vw, 589px\" \/><\/p>\n<p>&nbsp;<\/p>\n<p>&nbsp;<\/p>\n<p><img decoding=\"async\" loading=\"lazy\" class=\"alignnone size-large wp-image-650720\" title=\"Adopci\u00f3n de Mascotas, en Parque Chacabuco\" src=\"https:\/\/www.diario5.com.ar\/wp-content\/uploads\/2022\/05\/br_extra20220508-580x1024.jpg\" alt=\"Adopci\u00f3n de Mascotas, en Parque Chacabuco\" width=\"580\" height=\"1024\" srcset=\"https:\/\/www.diario5.com.ar\/wp-content\/uploads\/2022\/05\/br_extra20220508-580x1024.jpg 580w, https:\/\/www.diario5.com.ar\/wp-content\/uploads\/2022\/05\/br_extra20220508-170x300.jpg 170w, https:\/\/www.diario5.com.ar\/wp-content\/uploads\/2022\/05\/br_extra20220508.jpg 764w\" sizes=\"(max-width: 580px) 100vw, 580px\" \/><\/p>\n<p>PARAGUAY<br \/>\n<img decoding=\"async\" loading=\"lazy\" class=\"alignnone size-large wp-image-650743\" src=\"https:\/\/www.diario5.com.ar\/wp-content\/uploads\/2022\/05\/abccolor20220508-749x1024.jpg\" width=\"749\" height=\"1024\" alt=\"Adopci\u00f3n de Mascotas, en Parque Chacabuco\" title=\"Adopci\u00f3n de Mascotas, en Parque Chacabuco\" srcset=\"https:\/\/www.diario5.com.ar\/wp-content\/uploads\/2022\/05\/abccolor20220508-749x1024.jpg 749w, https:\/\/www.diario5.com.ar\/wp-content\/uploads\/2022\/05\/abccolor20220508-220x300.jpg 220w, https:\/\/www.diario5.com.ar\/wp-content\/uploads\/2022\/05\/abccolor20220508.jpg 764w\" sizes=\"(max-width: 749px) 100vw, 749px\" \/><\/p>\n<p><img decoding=\"async\" loading=\"lazy\" class=\"alignnone size-large wp-image-650721\" title=\"Adopci\u00f3n de Mascotas, en Parque Chacabuco\" src=\"https:\/\/www.diario5.com.ar\/wp-content\/uploads\/2022\/05\/nacion20220508-1-782x1024.jpg\" alt=\"Adopci\u00f3n de Mascotas, en Parque Chacabuco\" width=\"782\" height=\"1024\" srcset=\"https:\/\/www.diario5.com.ar\/wp-content\/uploads\/2022\/05\/nacion20220508-1-782x1024.jpg 782w, https:\/\/www.diario5.com.ar\/wp-content\/uploads\/2022\/05\/nacion20220508-1-229x300.jpg 229w, https:\/\/www.diario5.com.ar\/wp-content\/uploads\/2022\/05\/nacion20220508-1-768x1005.jpg 768w, https:\/\/www.diario5.com.ar\/wp-content\/uploads\/2022\/05\/nacion20220508-1-1173x1536.jpg 1173w, https:\/\/www.diario5.com.ar\/wp-content\/uploads\/2022\/05\/nacion20220508-1-1564x2048.jpg 1564w, https:\/\/www.diario5.com.ar\/wp-content\/uploads\/2022\/05\/nacion20220508-1.jpg 1575w\" sizes=\"(max-width: 782px) 100vw, 782px\" \/><\/p>\n<p>&nbsp;<\/p>\n<p>&nbsp;<\/p>\n<p>&nbsp;<\/p>\n<p>&nbsp;<\/p>\n<p>CHILE<br \/>\n<img decoding=\"async\" loading=\"lazy\" class=\"alignnone size-large wp-image-650722\" title=\"Adopci\u00f3n de Mascotas, en Parque Chacabuco\" src=\"https:\/\/www.diario5.com.ar\/wp-content\/uploads\/2022\/05\/cl_mercurio20220508-571x1024.jpg\" alt=\"Adopci\u00f3n de Mascotas, en Parque Chacabuco\" width=\"571\" height=\"1024\" srcset=\"https:\/\/www.diario5.com.ar\/wp-content\/uploads\/2022\/05\/cl_mercurio20220508-571x1024.jpg 571w, https:\/\/www.diario5.com.ar\/wp-content\/uploads\/2022\/05\/cl_mercurio20220508-167x300.jpg 167w, https:\/\/www.diario5.com.ar\/wp-content\/uploads\/2022\/05\/cl_mercurio20220508.jpg 764w\" sizes=\"(max-width: 571px) 100vw, 571px\" \/><\/p>\n<p><img decoding=\"async\" loading=\"lazy\" class=\"alignnone size-full wp-image-650723\" title=\"Adopci\u00f3n de Mascotas, en Parque Chacabuco\" src=\"https:\/\/www.diario5.com.ar\/wp-content\/uploads\/2022\/05\/cl_ultimas_noticias20220508.jpg\" alt=\"Adopci\u00f3n de Mascotas, en Parque Chacabuco\" width=\"792\" height=\"981\" srcset=\"https:\/\/www.diario5.com.ar\/wp-content\/uploads\/2022\/05\/cl_ultimas_noticias20220508.jpg 792w, https:\/\/www.diario5.com.ar\/wp-content\/uploads\/2022\/05\/cl_ultimas_noticias20220508-242x300.jpg 242w, https:\/\/www.diario5.com.ar\/wp-content\/uploads\/2022\/05\/cl_ultimas_noticias20220508-768x951.jpg 768w\" sizes=\"(max-width: 792px) 100vw, 792px\" \/><\/p>\n<p>&nbsp;<\/p>\n<p><img decoding=\"async\" loading=\"lazy\" class=\"alignnone size-large wp-image-650724\" title=\"Adopci\u00f3n de Mascotas, en Parque Chacabuco\" src=\"https:\/\/www.diario5.com.ar\/wp-content\/uploads\/2022\/05\/estrella_iquique20220508-814x1024.jpg\" alt=\"Adopci\u00f3n de Mascotas, en Parque Chacabuco\" width=\"814\" height=\"1024\" srcset=\"https:\/\/www.diario5.com.ar\/wp-content\/uploads\/2022\/05\/estrella_iquique20220508-814x1024.jpg 814w, https:\/\/www.diario5.com.ar\/wp-content\/uploads\/2022\/05\/estrella_iquique20220508-238x300.jpg 238w, https:\/\/www.diario5.com.ar\/wp-content\/uploads\/2022\/05\/estrella_iquique20220508-768x966.jpg 768w, https:\/\/www.diario5.com.ar\/wp-content\/uploads\/2022\/05\/estrella_iquique20220508-1221x1536.jpg 1221w, https:\/\/www.diario5.com.ar\/wp-content\/uploads\/2022\/05\/estrella_iquique20220508.jpg 1328w\" sizes=\"(max-width: 814px) 100vw, 814px\" \/><\/p>\n<p>&nbsp;<\/p>\n<p>&nbsp;<\/p>\n<p>&nbsp;<\/p>\n<p>&nbsp;<\/p>\n<p><img decoding=\"async\" loading=\"lazy\" class=\"alignnone size-large wp-image-650725\" title=\"Adopci\u00f3n de Mascotas, en Parque Chacabuco\" src=\"https:\/\/www.diario5.com.ar\/wp-content\/uploads\/2022\/05\/diario_concepcion20220508-783x1024.jpg\" alt=\"Adopci\u00f3n de Mascotas, en Parque Chacabuco\" width=\"783\" height=\"1024\" srcset=\"https:\/\/www.diario5.com.ar\/wp-content\/uploads\/2022\/05\/diario_concepcion20220508-783x1024.jpg 783w, https:\/\/www.diario5.com.ar\/wp-content\/uploads\/2022\/05\/diario_concepcion20220508-229x300.jpg 229w, https:\/\/www.diario5.com.ar\/wp-content\/uploads\/2022\/05\/diario_concepcion20220508-768x1005.jpg 768w, https:\/\/www.diario5.com.ar\/wp-content\/uploads\/2022\/05\/diario_concepcion20220508-1174x1536.jpg 1174w, https:\/\/www.diario5.com.ar\/wp-content\/uploads\/2022\/05\/diario_concepcion20220508.jpg 1558w\" sizes=\"(max-width: 783px) 100vw, 783px\" \/><\/p>\n<p>&nbsp;<\/p>\n<p><img decoding=\"async\" loading=\"lazy\" class=\"alignnone size-large wp-image-650726\" title=\"Adopci\u00f3n de Mascotas, en Parque Chacabuco\" src=\"https:\/\/www.diario5.com.ar\/wp-content\/uploads\/2022\/05\/estrella_arica20220508-809x1024.jpg\" alt=\"Adopci\u00f3n de Mascotas, en Parque Chacabuco\" width=\"809\" height=\"1024\" srcset=\"https:\/\/www.diario5.com.ar\/wp-content\/uploads\/2022\/05\/estrella_arica20220508-809x1024.jpg 809w, https:\/\/www.diario5.com.ar\/wp-content\/uploads\/2022\/05\/estrella_arica20220508-237x300.jpg 237w, https:\/\/www.diario5.com.ar\/wp-content\/uploads\/2022\/05\/estrella_arica20220508-768x972.jpg 768w, https:\/\/www.diario5.com.ar\/wp-content\/uploads\/2022\/05\/estrella_arica20220508-1214x1536.jpg 1214w, https:\/\/www.diario5.com.ar\/wp-content\/uploads\/2022\/05\/estrella_arica20220508.jpg 1328w\" sizes=\"(max-width: 809px) 100vw, 809px\" \/><\/p>\n<p>COLOMBIA<br \/>\n<img decoding=\"async\" loading=\"lazy\" class=\"alignnone size-large wp-image-650727\" title=\"Adopci\u00f3n de Mascotas, en Parque Chacabuco\" src=\"https:\/\/www.diario5.com.ar\/wp-content\/uploads\/2022\/05\/co_espectador20220508-710x1024.jpg\" alt=\"Adopci\u00f3n de Mascotas, en Parque Chacabuco\" width=\"710\" height=\"1024\" srcset=\"https:\/\/www.diario5.com.ar\/wp-content\/uploads\/2022\/05\/co_espectador20220508-710x1024.jpg 710w, https:\/\/www.diario5.com.ar\/wp-content\/uploads\/2022\/05\/co_espectador20220508-208x300.jpg 208w, https:\/\/www.diario5.com.ar\/wp-content\/uploads\/2022\/05\/co_espectador20220508.jpg 764w\" sizes=\"(max-width: 710px) 100vw, 710px\" \/><\/p>\n<p><img decoding=\"async\" loading=\"lazy\" class=\"alignnone size-large wp-image-650728\" title=\"Adopci\u00f3n de Mascotas, en Parque Chacabuco\" src=\"https:\/\/www.diario5.com.ar\/wp-content\/uploads\/2022\/05\/co_heraldo20220508-527x1024.jpg\" alt=\"Adopci\u00f3n de Mascotas, en Parque Chacabuco\" width=\"527\" height=\"1024\" srcset=\"https:\/\/www.diario5.com.ar\/wp-content\/uploads\/2022\/05\/co_heraldo20220508-527x1024.jpg 527w, https:\/\/www.diario5.com.ar\/wp-content\/uploads\/2022\/05\/co_heraldo20220508-154x300.jpg 154w, https:\/\/www.diario5.com.ar\/wp-content\/uploads\/2022\/05\/co_heraldo20220508.jpg 764w\" sizes=\"(max-width: 527px) 100vw, 527px\" \/><\/p>\n<p><img decoding=\"async\" loading=\"lazy\" class=\"alignnone size-large wp-image-650729\" title=\"Adopci\u00f3n de Mascotas, en Parque Chacabuco\" src=\"https:\/\/www.diario5.com.ar\/wp-content\/uploads\/2022\/05\/co_elpais20220508-557x1024.jpg\" alt=\"Adopci\u00f3n de Mascotas, en Parque Chacabuco\" width=\"557\" height=\"1024\" srcset=\"https:\/\/www.diario5.com.ar\/wp-content\/uploads\/2022\/05\/co_elpais20220508-557x1024.jpg 557w, https:\/\/www.diario5.com.ar\/wp-content\/uploads\/2022\/05\/co_elpais20220508-163x300.jpg 163w, https:\/\/www.diario5.com.ar\/wp-content\/uploads\/2022\/05\/co_elpais20220508.jpg 764w\" sizes=\"(max-width: 557px) 100vw, 557px\" \/><\/p>\n<p><img decoding=\"async\" loading=\"lazy\" class=\"alignnone size-large wp-image-650730\" title=\"Adopci\u00f3n de Mascotas, en Parque Chacabuco\" src=\"https:\/\/www.diario5.com.ar\/wp-content\/uploads\/2022\/05\/co_universal20220508-771x1024.jpg\" alt=\"Adopci\u00f3n de Mascotas, en Parque Chacabuco\" width=\"771\" height=\"1024\" srcset=\"https:\/\/www.diario5.com.ar\/wp-content\/uploads\/2022\/05\/co_universal20220508-771x1024.jpg 771w, https:\/\/www.diario5.com.ar\/wp-content\/uploads\/2022\/05\/co_universal20220508-226x300.jpg 226w, https:\/\/www.diario5.com.ar\/wp-content\/uploads\/2022\/05\/co_universal20220508-768x1020.jpg 768w, https:\/\/www.diario5.com.ar\/wp-content\/uploads\/2022\/05\/co_universal20220508.jpg 960w\" sizes=\"(max-width: 771px) 100vw, 771px\" \/><\/p>\n<p>&nbsp;<\/p>\n<p>PERU<br \/>\n<img decoding=\"async\" loading=\"lazy\" class=\"alignnone size-large wp-image-650731\" title=\"Adopci\u00f3n de Mascotas, en Parque Chacabuco\" src=\"https:\/\/www.diario5.com.ar\/wp-content\/uploads\/2022\/05\/pe_comercio20220508-696x1024.jpg\" alt=\"Adopci\u00f3n de Mascotas, en Parque Chacabuco\" width=\"696\" height=\"1024\" srcset=\"https:\/\/www.diario5.com.ar\/wp-content\/uploads\/2022\/05\/pe_comercio20220508-696x1024.jpg 696w, https:\/\/www.diario5.com.ar\/wp-content\/uploads\/2022\/05\/pe_comercio20220508-204x300.jpg 204w, https:\/\/www.diario5.com.ar\/wp-content\/uploads\/2022\/05\/pe_comercio20220508.jpg 764w\" sizes=\"(max-width: 696px) 100vw, 696px\" \/><\/p>\n<p>&nbsp;<\/p>\n<p><img decoding=\"async\" loading=\"lazy\" class=\"alignnone size-large wp-image-650744\" src=\"https:\/\/www.diario5.com.ar\/wp-content\/uploads\/2022\/05\/pe_correo20220508-1016x1024.jpg\" width=\"1016\" height=\"1024\" alt=\"Adopci\u00f3n de Mascotas, en Parque Chacabuco\" title=\"Adopci\u00f3n de Mascotas, en Parque Chacabuco\" srcset=\"https:\/\/www.diario5.com.ar\/wp-content\/uploads\/2022\/05\/pe_correo20220508-1016x1024.jpg 1016w, https:\/\/www.diario5.com.ar\/wp-content\/uploads\/2022\/05\/pe_correo20220508-298x300.jpg 298w, https:\/\/www.diario5.com.ar\/wp-content\/uploads\/2022\/05\/pe_correo20220508-150x150.jpg 150w, https:\/\/www.diario5.com.ar\/wp-content\/uploads\/2022\/05\/pe_correo20220508-768x774.jpg 768w, https:\/\/www.diario5.com.ar\/wp-content\/uploads\/2022\/05\/pe_correo20220508.jpg 1190w\" sizes=\"(max-width: 1016px) 100vw, 1016px\" \/><\/p>\n<p>&nbsp;<\/p>\n<p>&nbsp;<\/p>\n<p><img decoding=\"async\" loading=\"lazy\" class=\"alignnone size-full wp-image-650732\" title=\"Adopci\u00f3n de Mascotas, en Parque Chacabuco\" src=\"https:\/\/www.diario5.com.ar\/wp-content\/uploads\/2022\/05\/pe_gestion20220508.jpg\" alt=\"Adopci\u00f3n de Mascotas, en Parque Chacabuco\" width=\"764\" height=\"799\" srcset=\"https:\/\/www.diario5.com.ar\/wp-content\/uploads\/2022\/05\/pe_gestion20220508.jpg 764w, https:\/\/www.diario5.com.ar\/wp-content\/uploads\/2022\/05\/pe_gestion20220508-287x300.jpg 287w\" sizes=\"(max-width: 764px) 100vw, 764px\" \/><\/p>\n<p>BOLIVIA<\/p>\n<p>&nbsp;<\/p>\n<p>&nbsp;<\/p>","protected":false},"excerpt":{"rendered":"<p>El pr\u00f3ximo s\u00e1bado, 14 de mayo, vamos a tener en Parque Chacabuco una fiesta. Bueno, para m\u00ed es un d\u00eda de mucha felicidad. Dura todo el d\u00eda. Va a estar buen\u00edsimo. Vengan! Viva! Muchos amiguitos van a tener una familia con la que van a vivir. Guaaaaaaaaauuuuuuuuuuuu! Estoy muy contenta. Les dejo la noticia y [&hellip;]<\/p>","protected":false},"author":15,"featured_media":650656,"comment_status":"open","ping_status":"open","sticky":false,"template":"","format":"standard","meta":[],"categories":[3,52,56],"tags":[],"series":[],"_links":{"self":[{"href":"https:\/\/www.diario5.com.ar\/es\/wp-json\/wp\/v2\/posts\/636238"}],"collection":[{"href":"https:\/\/www.diario5.com.ar\/es\/wp-json\/wp\/v2\/posts"}],"about":[{"href":"https:\/\/www.diario5.com.ar\/es\/wp-json\/wp\/v2\/types\/post"}],"author":[{"embeddable":true,"href":"https:\/\/www.diario5.com.ar\/es\/wp-json\/wp\/v2\/users\/15"}],"replies":[{"embeddable":true,"href":"https:\/\/www.diario5.com.ar\/es\/wp-json\/wp\/v2\/comments?post=636238"}],"version-history":[{"count":5,"href":"https:\/\/www.diario5.com.ar\/es\/wp-json\/wp\/v2\/posts\/636238\/revisions"}],"predecessor-version":[{"id":650745,"href":"https:\/\/www.diario5.com.ar\/es\/wp-json\/wp\/v2\/posts\/636238\/revisions\/650745"}],"wp:featuredmedia":[{"embeddable":true,"href":"https:\/\/www.diario5.com.ar\/es\/wp-json\/wp\/v2\/media\/650656"}],"wp:attachment":[{"href":"https:\/\/www.diario5.com.ar\/es\/wp-json\/wp\/v2\/media?parent=636238"}],"wp:term":[{"taxonomy":"category","embeddable":true,"href":"https:\/\/www.diario5.com.ar\/es\/wp-json\/wp\/v2\/categories?post=636238"},{"taxonomy":"post_tag","embeddable":true,"href":"https:\/\/www.diario5.com.ar\/es\/wp-json\/wp\/v2\/tags?post=636238"},{"taxonomy":"series","embeddable":true,"href":"https:\/\/www.diario5.com.ar\/es\/wp-json\/wp\/v2\/series?post=636238"}],"curies":[{"name":"wp","href":"https:\/\/api.w.org\/{rel}","templated":true}]}}