{"id":636226,"date":"2022-04-26T06:50:00","date_gmt":"2022-04-26T09:50:00","guid":{"rendered":"http:\/\/diario5.com.ar\/?p=636226"},"modified":"2022-04-26T07:05:43","modified_gmt":"2022-04-26T10:05:43","slug":"636226","status":"publish","type":"post","link":"https:\/\/www.diario5.com.ar\/es\/636226\/","title":{"rendered":"Nuevos espacios frente al r\u00edo"},"content":{"rendered":"<h2 class=\"sub-title-primary\"><\/h2> <p><img decoding=\"async\" loading=\"lazy\" class=\"alignnone size-full wp-image-649977\" src=\"https:\/\/www.diario5.com.ar\/wp-content\/uploads\/2022\/04\/mg_009120220426.jpg\" width=\"700\" height=\"467\" alt=\"Nuevos espacios frente al r\u00edo\" title=\"Nuevos espacios frente al r\u00edo\" srcset=\"https:\/\/www.diario5.com.ar\/wp-content\/uploads\/2022\/04\/mg_009120220426.jpg 700w, https:\/\/www.diario5.com.ar\/wp-content\/uploads\/2022\/04\/mg_009120220426-300x200.jpg 300w\" sizes=\"(max-width: 700px) 100vw, 700px\" \/><\/p>\n<p>Se recuperar\u00e1n varios accesos al R\u00edo de la Plata que estaban faltando.<\/p>\n<p>Salvo -l\u00f3gicamente- el propio Puerto de la Ciudad de Buenos Aires, todos los puntos que se enfrentan al r\u00edo ser\u00e1n accesibles.<\/p>\n<p>Bien al Norte, los ya recuperados, como los Parques de los Ni\u00f1os y de la Memoria, se integrar\u00e1n con el Parque del Vega. Son 5 hect\u00e1reas frente al r\u00edo.<\/p>\n<p>En la vieja Costanera Norte, se unir\u00e1n Parque del Golf y Parque Salguero (9 ha).<\/p>\n<p>El trazado frente al Aeroparque tendr\u00e1 cambios, pero no es lo m\u00e1s novedoso de este plan. S\u00ed, en cambio lo es, el que el Parque de los ni\u00f1os, donde funciona BA Playa, se integrar\u00e1 con la Reserva Ecol\u00f3gica Norte.<\/p>\n<p>Cerca de all\u00ed estar\u00e1 la Plaza de conmemoraci\u00f3n a las v\u00edctimas del atentado a la AMIA.tendr\u00e1 unos 3.300 m\u00b2.<\/p>\n<p>En algunos casos, los espacios son peque\u00f1os pero el estar a la vera del R\u00edo de la Plata son valiosos.<\/p>\n<p>En el caso de los paseos del \u00e1rea Sur de la Ciudad, desde Retiro a la Boca la integraci\u00f3n a\u00fan no est\u00e1 completa, por lo que se sumar\u00e1 una zona en desuso lindera a la Reserva ecol\u00f3gica, para armar un espacio verde de 50,8 ha con el nombre de Costa Urbana.<\/p>\n<p>Desde 2018, San Isidro, Vicente L\u00f3pez, Avellaneda y Quilmes tambi\u00e9n suman obras para la recuperaci\u00f3n de zonas ribere\u00f1as.<\/p>\n<p><img decoding=\"async\" src=\"https:\/\/img.kiosko.net\/2022\/04\/26\/ar\/ar_capital_rosario.jpg\" \/><\/p>\n<p><img decoding=\"async\" loading=\"lazy\" class=\"alignnone size-large wp-image-649978\" src=\"https:\/\/www.diario5.com.ar\/wp-content\/uploads\/2022\/04\/ar_ambito20220426-749x1024.jpg\" width=\"749\" height=\"1024\" alt=\"Nuevos espacios frente al r\u00edo\" title=\"Nuevos espacios frente al r\u00edo\" srcset=\"https:\/\/www.diario5.com.ar\/wp-content\/uploads\/2022\/04\/ar_ambito20220426-749x1024.jpg 749w, https:\/\/www.diario5.com.ar\/wp-content\/uploads\/2022\/04\/ar_ambito20220426-219x300.jpg 219w, https:\/\/www.diario5.com.ar\/wp-content\/uploads\/2022\/04\/ar_ambito20220426-768x1051.jpg 768w, https:\/\/www.diario5.com.ar\/wp-content\/uploads\/2022\/04\/ar_ambito20220426-1123x1536.jpg 1123w, https:\/\/www.diario5.com.ar\/wp-content\/uploads\/2022\/04\/ar_ambito20220426.jpg 1438w\" sizes=\"(max-width: 749px) 100vw, 749px\" \/><\/p>\n<p><img decoding=\"async\" src=\"https:\/\/img.kiosko.net\/2022\/04\/26\/ar\/ar_ambito.jpg\" \/><\/p>\n<p><img decoding=\"async\" src=\"https:\/\/img.kiosko.net\/2022\/04\/26\/ar\/esquiu.jpg\" \/><\/p>\n<p><img decoding=\"async\" src=\"https:\/\/img.kiosko.net\/2022\/04\/26\/ar\/ar_diario_norte.jpg\" \/>  <img decoding=\"async\" src=\"http:\/\/edicionimpresa.diariocastellanos.net\/diario\/pages\/1.jpg\" \/>  <\/p>\n<p><img decoding=\"async\" loading=\"lazy\" class=\"alignnone size-full wp-image-649979\" src=\"https:\/\/www.diario5.com.ar\/wp-content\/uploads\/2022\/04\/voz_chaco20220426.jpg\" width=\"864\" height=\"1006\" alt=\"Nuevos espacios frente al r\u00edo\" title=\"Nuevos espacios frente al r\u00edo\" srcset=\"https:\/\/www.diario5.com.ar\/wp-content\/uploads\/2022\/04\/voz_chaco20220426.jpg 864w, https:\/\/www.diario5.com.ar\/wp-content\/uploads\/2022\/04\/voz_chaco20220426-258x300.jpg 258w, https:\/\/www.diario5.com.ar\/wp-content\/uploads\/2022\/04\/voz_chaco20220426-768x894.jpg 768w\" sizes=\"(max-width: 864px) 100vw, 864px\" \/><\/p>\n<p><img decoding=\"async\" loading=\"lazy\" class=\"alignnone size-large wp-image-649980\" src=\"https:\/\/www.diario5.com.ar\/wp-content\/uploads\/2022\/04\/ar_diario_madryn20220426-720x1024.jpg\" width=\"720\" height=\"1024\" alt=\"Nuevos espacios frente al r\u00edo\" title=\"Nuevos espacios frente al r\u00edo\" srcset=\"https:\/\/www.diario5.com.ar\/wp-content\/uploads\/2022\/04\/ar_diario_madryn20220426-720x1024.jpg 720w, https:\/\/www.diario5.com.ar\/wp-content\/uploads\/2022\/04\/ar_diario_madryn20220426-211x300.jpg 211w, https:\/\/www.diario5.com.ar\/wp-content\/uploads\/2022\/04\/ar_diario_madryn20220426.jpg 764w\" sizes=\"(max-width: 720px) 100vw, 720px\" \/><\/p>\n<p><img decoding=\"async\" src=\"https:\/\/img.kiosko.net\/2022\/04\/26\/ar\/ar_laprensa.jpg\" \/><\/p>\n<p><img decoding=\"async\" src=\"https:\/\/img.kiosko.net\/2022\/04\/26\/ar\/ar_cronista.jpg\" \/><\/p>\n<p><img decoding=\"async\" loading=\"lazy\" class=\"alignnone size-large wp-image-649981\" src=\"https:\/\/www.diario5.com.ar\/wp-content\/uploads\/2022\/04\/buenosaires_economico20220426-866x1024.jpg\" width=\"866\" height=\"1024\" alt=\"Nuevos espacios frente al r\u00edo\" title=\"Nuevos espacios frente al r\u00edo\" srcset=\"https:\/\/www.diario5.com.ar\/wp-content\/uploads\/2022\/04\/buenosaires_economico20220426-866x1024.jpg 866w, https:\/\/www.diario5.com.ar\/wp-content\/uploads\/2022\/04\/buenosaires_economico20220426-254x300.jpg 254w, https:\/\/www.diario5.com.ar\/wp-content\/uploads\/2022\/04\/buenosaires_economico20220426-768x908.jpg 768w, https:\/\/www.diario5.com.ar\/wp-content\/uploads\/2022\/04\/buenosaires_economico20220426-1299x1536.jpg 1299w, https:\/\/www.diario5.com.ar\/wp-content\/uploads\/2022\/04\/buenosaires_economico20220426.jpg 1582w\" sizes=\"(max-width: 866px) 100vw, 866px\" \/><\/p>\n<p><img decoding=\"async\" src=\"https:\/\/img.kiosko.net\/2022\/04\/26\/ar\/ar_perfil.jpg\" \/><\/p>\n<p><img decoding=\"async\" loading=\"lazy\" class=\"alignnone size-large wp-image-649982\" src=\"https:\/\/www.diario5.com.ar\/wp-content\/uploads\/2022\/04\/ar_eldia20220426-683x1024.jpg\" width=\"683\" height=\"1024\" alt=\"Nuevos espacios frente al r\u00edo\" title=\"Nuevos espacios frente al r\u00edo\" srcset=\"https:\/\/www.diario5.com.ar\/wp-content\/uploads\/2022\/04\/ar_eldia20220426-683x1024.jpg 683w, https:\/\/www.diario5.com.ar\/wp-content\/uploads\/2022\/04\/ar_eldia20220426-200x300.jpg 200w, https:\/\/www.diario5.com.ar\/wp-content\/uploads\/2022\/04\/ar_eldia20220426-768x1152.jpg 768w, https:\/\/www.diario5.com.ar\/wp-content\/uploads\/2022\/04\/ar_eldia20220426-1024x1536.jpg 1024w, https:\/\/www.diario5.com.ar\/wp-content\/uploads\/2022\/04\/ar_eldia20220426-1365x2048.jpg 1365w, https:\/\/www.diario5.com.ar\/wp-content\/uploads\/2022\/04\/ar_eldia20220426.jpg 1600w\" sizes=\"(max-width: 683px) 100vw, 683px\" \/><\/p>\n<p><img decoding=\"async\" loading=\"lazy\" class=\"alignnone size-large wp-image-649983\" src=\"https:\/\/www.diario5.com.ar\/wp-content\/uploads\/2022\/04\/ar_hoy20220426-776x1024.jpg\" width=\"776\" height=\"1024\" alt=\"Nuevos espacios frente al r\u00edo\" title=\"Nuevos espacios frente al r\u00edo\" srcset=\"https:\/\/www.diario5.com.ar\/wp-content\/uploads\/2022\/04\/ar_hoy20220426-776x1024.jpg 776w, https:\/\/www.diario5.com.ar\/wp-content\/uploads\/2022\/04\/ar_hoy20220426-227x300.jpg 227w, https:\/\/www.diario5.com.ar\/wp-content\/uploads\/2022\/04\/ar_hoy20220426-768x1013.jpg 768w, https:\/\/www.diario5.com.ar\/wp-content\/uploads\/2022\/04\/ar_hoy20220426.jpg 960w\" sizes=\"(max-width: 776px) 100vw, 776px\" \/><\/p>\n<p><img decoding=\"async\" src=\"https:\/\/img.kiosko.net\/2022\/04\/26\/ar\/ar_democracia.jpg\" \/><\/p>\n<p><img decoding=\"async\" src=\"https:\/\/img.kiosko.net\/2022\/04\/26\/ar\/ar_chubut.jpg\" \/><\/p>\n<p><img decoding=\"async\" src=\"https:\/\/img.kiosko.net\/2022\/04\/26\/ar\/ar_epoca.jpg\" \/><\/p>\n<p><img decoding=\"async\" loading=\"lazy\" class=\"alignnone size-large wp-image-649984\" src=\"https:\/\/www.diario5.com.ar\/wp-content\/uploads\/2022\/04\/ar_litoral20220426-775x1024.jpg\" width=\"775\" height=\"1024\" alt=\"Nuevos espacios frente al r\u00edo\" title=\"Nuevos espacios frente al r\u00edo\" srcset=\"https:\/\/www.diario5.com.ar\/wp-content\/uploads\/2022\/04\/ar_litoral20220426-775x1024.jpg 775w, https:\/\/www.diario5.com.ar\/wp-content\/uploads\/2022\/04\/ar_litoral20220426-227x300.jpg 227w, https:\/\/www.diario5.com.ar\/wp-content\/uploads\/2022\/04\/ar_litoral20220426-768x1015.jpg 768w, https:\/\/www.diario5.com.ar\/wp-content\/uploads\/2022\/04\/ar_litoral20220426.jpg 1134w\" sizes=\"(max-width: 775px) 100vw, 775px\" \/><\/p>\n<p><img decoding=\"async\" src=\"https:\/\/img.kiosko.net\/2022\/04\/26\/ar\/ar_heraldo.jpg\" \/><\/p>\n<p><img decoding=\"async\" src=\"https:\/\/img.kiosko.net\/2022\/04\/26\/ar\/ar_manana_formosa.jpg\" \/><\/p>\n<p><img decoding=\"async\" loading=\"lazy\" class=\"alignnone size-full wp-image-649985\" src=\"https:\/\/www.diario5.com.ar\/wp-content\/uploads\/2022\/04\/ar_diario_pampa20220426.jpg\" width=\"764\" height=\"1007\" alt=\"Nuevos espacios frente al r\u00edo\" title=\"Nuevos espacios frente al r\u00edo\" srcset=\"https:\/\/www.diario5.com.ar\/wp-content\/uploads\/2022\/04\/ar_diario_pampa20220426.jpg 764w, https:\/\/www.diario5.com.ar\/wp-content\/uploads\/2022\/04\/ar_diario_pampa20220426-228x300.jpg 228w\" sizes=\"(max-width: 764px) 100vw, 764px\" \/><\/p>\n<p><img decoding=\"async\" loading=\"lazy\" class=\"alignnone size-large wp-image-649986\" src=\"https:\/\/www.diario5.com.ar\/wp-content\/uploads\/2022\/04\/ar_pagina1220220426-819x1024.jpg\" width=\"819\" height=\"1024\" alt=\"Nuevos espacios frente al r\u00edo\" title=\"Nuevos espacios frente al r\u00edo\" srcset=\"https:\/\/www.diario5.com.ar\/wp-content\/uploads\/2022\/04\/ar_pagina1220220426-819x1024.jpg 819w, https:\/\/www.diario5.com.ar\/wp-content\/uploads\/2022\/04\/ar_pagina1220220426-240x300.jpg 240w, https:\/\/www.diario5.com.ar\/wp-content\/uploads\/2022\/04\/ar_pagina1220220426-768x961.jpg 768w, https:\/\/www.diario5.com.ar\/wp-content\/uploads\/2022\/04\/ar_pagina1220220426-1228x1536.jpg 1228w, https:\/\/www.diario5.com.ar\/wp-content\/uploads\/2022\/04\/ar_pagina1220220426.jpg 1535w\" sizes=\"(max-width: 819px) 100vw, 819px\" \/><\/p>\n<p><img decoding=\"async\" src=\"https:\/\/img.kiosko.net\/2022\/04\/26\/ar\/ar_arena.jpg\" \/><\/p>\n<p><img decoding=\"async\" loading=\"lazy\" class=\"alignnone size-large wp-image-649987\" src=\"https:\/\/www.diario5.com.ar\/wp-content\/uploads\/2022\/04\/independiente20220426-732x1024.jpg\" width=\"732\" height=\"1024\" alt=\"Nuevos espacios frente al r\u00edo\" title=\"Nuevos espacios frente al r\u00edo\" srcset=\"https:\/\/www.diario5.com.ar\/wp-content\/uploads\/2022\/04\/independiente20220426-732x1024.jpg 732w, https:\/\/www.diario5.com.ar\/wp-content\/uploads\/2022\/04\/independiente20220426-215x300.jpg 215w, https:\/\/www.diario5.com.ar\/wp-content\/uploads\/2022\/04\/independiente20220426-768x1074.jpg 768w, https:\/\/www.diario5.com.ar\/wp-content\/uploads\/2022\/04\/independiente20220426.jpg 794w\" sizes=\"(max-width: 732px) 100vw, 732px\" \/><\/p>\n<p><img decoding=\"async\" loading=\"lazy\" class=\"alignnone size-large wp-image-649988\" src=\"https:\/\/www.diario5.com.ar\/wp-content\/uploads\/2022\/04\/nueva_rioja20220426-724x1024.jpg\" width=\"724\" height=\"1024\" alt=\"Nuevos espacios frente al r\u00edo\" title=\"Nuevos espacios frente al r\u00edo\" srcset=\"https:\/\/www.diario5.com.ar\/wp-content\/uploads\/2022\/04\/nueva_rioja20220426-724x1024.jpg 724w, https:\/\/www.diario5.com.ar\/wp-content\/uploads\/2022\/04\/nueva_rioja20220426-212x300.jpg 212w, https:\/\/www.diario5.com.ar\/wp-content\/uploads\/2022\/04\/nueva_rioja20220426.jpg 764w\" sizes=\"(max-width: 724px) 100vw, 724px\" \/><\/p>\n<p><img decoding=\"async\" loading=\"lazy\" class=\"alignnone size-large wp-image-649989\" src=\"https:\/\/www.diario5.com.ar\/wp-content\/uploads\/2022\/04\/ar_losandes20220426-742x1024.jpg\" width=\"742\" height=\"1024\" alt=\"Nuevos espacios frente al r\u00edo\" title=\"Nuevos espacios frente al r\u00edo\" srcset=\"https:\/\/www.diario5.com.ar\/wp-content\/uploads\/2022\/04\/ar_losandes20220426-742x1024.jpg 742w, https:\/\/www.diario5.com.ar\/wp-content\/uploads\/2022\/04\/ar_losandes20220426-217x300.jpg 217w, https:\/\/www.diario5.com.ar\/wp-content\/uploads\/2022\/04\/ar_losandes20220426.jpg 764w\" sizes=\"(max-width: 742px) 100vw, 742px\" \/><\/p>\n<p><img decoding=\"async\" src=\"https:\/\/img.kiosko.net\/2022\/04\/26\/ar\/ar_tribuno.jpg\" \/><\/p>\n<p><img decoding=\"async\" src=\"https:\/\/img.kiosko.net\/2022\/04\/26\/ar\/lea.jpg\" \/><\/p>\n<p><img decoding=\"async\" loading=\"lazy\" class=\"alignnone size-large wp-image-649990\" src=\"https:\/\/www.diario5.com.ar\/wp-content\/uploads\/2022\/04\/ar_rio_negro20220426-674x1024.jpg\" width=\"674\" height=\"1024\" alt=\"Nuevos espacios frente al r\u00edo\" title=\"Nuevos espacios frente al r\u00edo\" srcset=\"https:\/\/www.diario5.com.ar\/wp-content\/uploads\/2022\/04\/ar_rio_negro20220426-674x1024.jpg 674w, https:\/\/www.diario5.com.ar\/wp-content\/uploads\/2022\/04\/ar_rio_negro20220426-198x300.jpg 198w, https:\/\/www.diario5.com.ar\/wp-content\/uploads\/2022\/04\/ar_rio_negro20220426-768x1166.jpg 768w, https:\/\/www.diario5.com.ar\/wp-content\/uploads\/2022\/04\/ar_rio_negro20220426-1012x1536.jpg 1012w, https:\/\/www.diario5.com.ar\/wp-content\/uploads\/2022\/04\/ar_rio_negro20220426.jpg 1111w\" sizes=\"(max-width: 674px) 100vw, 674px\" \/><\/p>\n<p><img decoding=\"async\" src=\"https:\/\/img.kiosko.net\/2022\/04\/26\/ar\/ar_diario_cuyo.jpg\" \/><\/p>\n<p><img decoding=\"async\" loading=\"lazy\" class=\"alignnone size-large wp-image-649991\" src=\"https:\/\/www.diario5.com.ar\/wp-content\/uploads\/2022\/04\/huarpe20220426-760x1024.jpg\" width=\"760\" height=\"1024\" alt=\"Nuevos espacios frente al r\u00edo\" title=\"Nuevos espacios frente al r\u00edo\" srcset=\"https:\/\/www.diario5.com.ar\/wp-content\/uploads\/2022\/04\/huarpe20220426-760x1024.jpg 760w, https:\/\/www.diario5.com.ar\/wp-content\/uploads\/2022\/04\/huarpe20220426-223x300.jpg 223w, https:\/\/www.diario5.com.ar\/wp-content\/uploads\/2022\/04\/huarpe20220426.jpg 764w\" sizes=\"(max-width: 760px) 100vw, 760px\" \/><\/p>\n<p><img decoding=\"async\" loading=\"lazy\" class=\"alignnone size-large wp-image-649992\" src=\"https:\/\/www.diario5.com.ar\/wp-content\/uploads\/2022\/04\/ar_diario_republica20220426-736x1024.jpg\" width=\"736\" height=\"1024\" alt=\"Nuevos espacios frente al r\u00edo\" title=\"Nuevos espacios frente al r\u00edo\" srcset=\"https:\/\/www.diario5.com.ar\/wp-content\/uploads\/2022\/04\/ar_diario_republica20220426-736x1024.jpg 736w, https:\/\/www.diario5.com.ar\/wp-content\/uploads\/2022\/04\/ar_diario_republica20220426-216x300.jpg 216w, https:\/\/www.diario5.com.ar\/wp-content\/uploads\/2022\/04\/ar_diario_republica20220426-768x1069.jpg 768w, https:\/\/www.diario5.com.ar\/wp-content\/uploads\/2022\/04\/ar_diario_republica20220426.jpg 1040w\" sizes=\"(max-width: 736px) 100vw, 736px\" \/><\/p>\n<p><img decoding=\"async\" src=\"https:\/\/img.kiosko.net\/2022\/04\/26\/ar\/ar_litoral_sfe.jpg\" \/><\/p>\n<p><img decoding=\"async\" loading=\"lazy\" class=\"alignnone size-large wp-image-649993\" src=\"https:\/\/www.diario5.com.ar\/wp-content\/uploads\/2022\/04\/ciudadano20220426-765x1024.jpg\" width=\"765\" height=\"1024\" alt=\"Nuevos espacios frente al r\u00edo\" title=\"Nuevos espacios frente al r\u00edo\" srcset=\"https:\/\/www.diario5.com.ar\/wp-content\/uploads\/2022\/04\/ciudadano20220426-765x1024.jpg 765w, https:\/\/www.diario5.com.ar\/wp-content\/uploads\/2022\/04\/ciudadano20220426-224x300.jpg 224w, https:\/\/www.diario5.com.ar\/wp-content\/uploads\/2022\/04\/ciudadano20220426-768x1029.jpg 768w, https:\/\/www.diario5.com.ar\/wp-content\/uploads\/2022\/04\/ciudadano20220426.jpg 896w\" sizes=\"(max-width: 765px) 100vw, 765px\" \/><\/p>\n<p><img decoding=\"async\" src=\"https:\/\/img.kiosko.net\/2022\/04\/26\/ar\/ar_mirador_provincial.jpg\" \/><\/p>\n<p><img decoding=\"async\" loading=\"lazy\" class=\"alignnone size-large wp-image-649994\" src=\"https:\/\/www.diario5.com.ar\/wp-content\/uploads\/2022\/04\/ar_gaceta20220426-617x1024.jpg\" width=\"617\" height=\"1024\" alt=\"Nuevos espacios frente al r\u00edo\" title=\"Nuevos espacios frente al r\u00edo\" srcset=\"https:\/\/www.diario5.com.ar\/wp-content\/uploads\/2022\/04\/ar_gaceta20220426-617x1024.jpg 617w, https:\/\/www.diario5.com.ar\/wp-content\/uploads\/2022\/04\/ar_gaceta20220426-181x300.jpg 181w, https:\/\/www.diario5.com.ar\/wp-content\/uploads\/2022\/04\/ar_gaceta20220426-768x1274.jpg 768w, https:\/\/www.diario5.com.ar\/wp-content\/uploads\/2022\/04\/ar_gaceta20220426-926x1536.jpg 926w, https:\/\/www.diario5.com.ar\/wp-content\/uploads\/2022\/04\/ar_gaceta20220426-1235x2048.jpg 1235w, https:\/\/www.diario5.com.ar\/wp-content\/uploads\/2022\/04\/ar_gaceta20220426.jpg 1447w\" sizes=\"(max-width: 617px) 100vw, 617px\" \/><\/p>\n<p><img decoding=\"async\" loading=\"lazy\" class=\"alignnone size-large wp-image-649995\" src=\"https:\/\/www.diario5.com.ar\/wp-content\/uploads\/2022\/04\/ar_cronica20220426-867x1024.jpg\" width=\"867\" height=\"1024\" alt=\"Nuevos espacios frente al r\u00edo\" title=\"Nuevos espacios frente al r\u00edo\" srcset=\"https:\/\/www.diario5.com.ar\/wp-content\/uploads\/2022\/04\/ar_cronica20220426-867x1024.jpg 867w, https:\/\/www.diario5.com.ar\/wp-content\/uploads\/2022\/04\/ar_cronica20220426-254x300.jpg 254w, https:\/\/www.diario5.com.ar\/wp-content\/uploads\/2022\/04\/ar_cronica20220426-768x907.jpg 768w, https:\/\/www.diario5.com.ar\/wp-content\/uploads\/2022\/04\/ar_cronica20220426-1301x1536.jpg 1301w, https:\/\/www.diario5.com.ar\/wp-content\/uploads\/2022\/04\/ar_cronica20220426.jpg 1591w\" sizes=\"(max-width: 867px) 100vw, 867px\" \/><\/p>\n<p><img decoding=\"async\" loading=\"lazy\" class=\"alignnone size-large wp-image-649996\" src=\"https:\/\/www.diario5.com.ar\/wp-content\/uploads\/2022\/04\/ar_clarin20220426-742x1024.jpg\" width=\"742\" height=\"1024\" alt=\"Nuevos espacios frente al r\u00edo\" title=\"Nuevos espacios frente al r\u00edo\" srcset=\"https:\/\/www.diario5.com.ar\/wp-content\/uploads\/2022\/04\/ar_clarin20220426-742x1024.jpg 742w, https:\/\/www.diario5.com.ar\/wp-content\/uploads\/2022\/04\/ar_clarin20220426-217x300.jpg 217w, https:\/\/www.diario5.com.ar\/wp-content\/uploads\/2022\/04\/ar_clarin20220426-768x1060.jpg 768w, https:\/\/www.diario5.com.ar\/wp-content\/uploads\/2022\/04\/ar_clarin20220426-1113x1536.jpg 1113w, https:\/\/www.diario5.com.ar\/wp-content\/uploads\/2022\/04\/ar_clarin20220426.jpg 1472w\" sizes=\"(max-width: 742px) 100vw, 742px\" \/><\/p>\n<p><img decoding=\"async\" loading=\"lazy\" class=\"alignnone size-large wp-image-649997\" src=\"https:\/\/www.diario5.com.ar\/wp-content\/uploads\/2022\/04\/nacion20220426-681x1024.jpg\" width=\"681\" height=\"1024\" alt=\"Nuevos espacios frente al r\u00edo\" title=\"Nuevos espacios frente al r\u00edo\" srcset=\"https:\/\/www.diario5.com.ar\/wp-content\/uploads\/2022\/04\/nacion20220426-681x1024.jpg 681w, https:\/\/www.diario5.com.ar\/wp-content\/uploads\/2022\/04\/nacion20220426-199x300.jpg 199w, https:\/\/www.diario5.com.ar\/wp-content\/uploads\/2022\/04\/nacion20220426.jpg 764w\" sizes=\"(max-width: 681px) 100vw, 681px\" \/><\/p>\n<p><img decoding=\"async\" src=\"https:\/\/img.kiosko.net\/2022\/04\/26\/ar\/ar_eco.jpg\" \/><\/p>\n<p><img decoding=\"async\" loading=\"lazy\" class=\"alignnone size-large wp-image-649998\" src=\"https:\/\/www.diario5.com.ar\/wp-content\/uploads\/2022\/04\/nuevo_diario20220426-736x1024.jpg\" width=\"736\" height=\"1024\" alt=\"Nuevos espacios frente al r\u00edo\" title=\"Nuevos espacios frente al r\u00edo\" srcset=\"https:\/\/www.diario5.com.ar\/wp-content\/uploads\/2022\/04\/nuevo_diario20220426-736x1024.jpg 736w, https:\/\/www.diario5.com.ar\/wp-content\/uploads\/2022\/04\/nuevo_diario20220426-216x300.jpg 216w, https:\/\/www.diario5.com.ar\/wp-content\/uploads\/2022\/04\/nuevo_diario20220426.jpg 764w\" sizes=\"(max-width: 736px) 100vw, 736px\" \/><\/p>\n<p><img decoding=\"async\" loading=\"lazy\" class=\"alignnone size-large wp-image-649999\" src=\"https:\/\/www.diario5.com.ar\/wp-content\/uploads\/2022\/04\/ar_sureno20220426-778x1024.jpg\" width=\"778\" height=\"1024\" alt=\"Nuevos espacios frente al r\u00edo\" title=\"Nuevos espacios frente al r\u00edo\" srcset=\"https:\/\/www.diario5.com.ar\/wp-content\/uploads\/2022\/04\/ar_sureno20220426-778x1024.jpg 778w, https:\/\/www.diario5.com.ar\/wp-content\/uploads\/2022\/04\/ar_sureno20220426-228x300.jpg 228w, https:\/\/www.diario5.com.ar\/wp-content\/uploads\/2022\/04\/ar_sureno20220426-768x1011.jpg 768w, https:\/\/www.diario5.com.ar\/wp-content\/uploads\/2022\/04\/ar_sureno20220426.jpg 1038w\" sizes=\"(max-width: 778px) 100vw, 778px\" \/><\/p>\n<p>URUGUAY<br \/>\n<img decoding=\"async\" src=\"https:\/\/img.kiosko.net\/2022\/04\/26\/ar\/ar_duplicado.jpg\" \/><\/p>\n<p><img decoding=\"async\" loading=\"lazy\" class=\"alignnone size-full wp-image-650000\" src=\"https:\/\/www.diario5.com.ar\/wp-content\/uploads\/2022\/04\/uy_ladiaria20220426.jpg\" width=\"764\" height=\"1011\" alt=\"Nuevos espacios frente al r\u00edo\" title=\"Nuevos espacios frente al r\u00edo\" srcset=\"https:\/\/www.diario5.com.ar\/wp-content\/uploads\/2022\/04\/uy_ladiaria20220426.jpg 764w, https:\/\/www.diario5.com.ar\/wp-content\/uploads\/2022\/04\/uy_ladiaria20220426-227x300.jpg 227w\" sizes=\"(max-width: 764px) 100vw, 764px\" \/><\/p>\n<p><img decoding=\"async\" src=\"https:\/\/img.kiosko.net\/2022\/04\/26\/uy\/uy_observador.jpg\" \/><\/p>\n<p>BRASIL<br \/>\n<img decoding=\"async\" loading=\"lazy\" class=\"alignnone size-large wp-image-650001\" src=\"https:\/\/www.diario5.com.ar\/wp-content\/uploads\/2022\/04\/br_folha_spaulo20220426-588x1024.jpg\" width=\"588\" height=\"1024\" alt=\"Nuevos espacios frente al r\u00edo\" title=\"Nuevos espacios frente al r\u00edo\" srcset=\"https:\/\/www.diario5.com.ar\/wp-content\/uploads\/2022\/04\/br_folha_spaulo20220426-588x1024.jpg 588w, https:\/\/www.diario5.com.ar\/wp-content\/uploads\/2022\/04\/br_folha_spaulo20220426-172x300.jpg 172w, https:\/\/www.diario5.com.ar\/wp-content\/uploads\/2022\/04\/br_folha_spaulo20220426.jpg 764w\" sizes=\"(max-width: 588px) 100vw, 588px\" \/><\/p>\n<p><img decoding=\"async\" loading=\"lazy\" class=\"alignnone size-large wp-image-650002\" src=\"https:\/\/www.diario5.com.ar\/wp-content\/uploads\/2022\/04\/br_estado_spaulo20220426-656x1024.jpg\" width=\"656\" height=\"1024\" alt=\"Nuevos espacios frente al r\u00edo\" title=\"Nuevos espacios frente al r\u00edo\" srcset=\"https:\/\/www.diario5.com.ar\/wp-content\/uploads\/2022\/04\/br_estado_spaulo20220426-656x1024.jpg 656w, https:\/\/www.diario5.com.ar\/wp-content\/uploads\/2022\/04\/br_estado_spaulo20220426-192x300.jpg 192w, https:\/\/www.diario5.com.ar\/wp-content\/uploads\/2022\/04\/br_estado_spaulo20220426.jpg 764w\" sizes=\"(max-width: 656px) 100vw, 656px\" \/><\/p>\n<p><img decoding=\"async\" src=\"https:\/\/img.kiosko.net\/2022\/04\/26\/br\/o_dia.jpg\" \/><\/p>\n<p><img decoding=\"async\" loading=\"lazy\" class=\"alignnone size-large wp-image-650003\" src=\"https:\/\/www.diario5.com.ar\/wp-content\/uploads\/2022\/04\/br_oglobo20220426-583x1024.jpg\" width=\"583\" height=\"1024\" alt=\"Nuevos espacios frente al r\u00edo\" title=\"Nuevos espacios frente al r\u00edo\" srcset=\"https:\/\/www.diario5.com.ar\/wp-content\/uploads\/2022\/04\/br_oglobo20220426-583x1024.jpg 583w, https:\/\/www.diario5.com.ar\/wp-content\/uploads\/2022\/04\/br_oglobo20220426-171x300.jpg 171w, https:\/\/www.diario5.com.ar\/wp-content\/uploads\/2022\/04\/br_oglobo20220426-768x1348.jpg 768w, https:\/\/www.diario5.com.ar\/wp-content\/uploads\/2022\/04\/br_oglobo20220426.jpg 814w\" sizes=\"(max-width: 583px) 100vw, 583px\" \/><\/p>\n<p><img decoding=\"async\" src=\"https:\/\/img.kiosko.net\/2022\/04\/26\/br\/br_correio_braziliense.jpg\" \/><\/p>\n<p><img decoding=\"async\" src=\"https:\/\/img.kiosko.net\/2022\/04\/26\/br\/br_tribuna_bahia.jpg\" \/><\/p>\n<p><img decoding=\"async\" loading=\"lazy\" class=\"alignnone size-large wp-image-650004\" src=\"https:\/\/www.diario5.com.ar\/wp-content\/uploads\/2022\/04\/br_extra20220426-600x1024.jpg\" width=\"600\" height=\"1024\" alt=\"Nuevos espacios frente al r\u00edo\" title=\"Nuevos espacios frente al r\u00edo\" srcset=\"https:\/\/www.diario5.com.ar\/wp-content\/uploads\/2022\/04\/br_extra20220426-600x1024.jpg 600w, https:\/\/www.diario5.com.ar\/wp-content\/uploads\/2022\/04\/br_extra20220426-176x300.jpg 176w, https:\/\/www.diario5.com.ar\/wp-content\/uploads\/2022\/04\/br_extra20220426.jpg 764w\" sizes=\"(max-width: 600px) 100vw, 600px\" \/><\/p>\n<p>PARAGUAY<br \/>\n<img decoding=\"async\" src=\"https:\/\/img.kiosko.net\/2022\/04\/26\/py\/abccolor.jpg\" \/><\/p>\n<p><img decoding=\"async\" loading=\"lazy\" class=\"alignnone size-large wp-image-650005\" src=\"https:\/\/www.diario5.com.ar\/wp-content\/uploads\/2022\/04\/nacion20220426-1-782x1024.jpg\" width=\"782\" height=\"1024\" alt=\"Nuevos espacios frente al r\u00edo\" title=\"Nuevos espacios frente al r\u00edo\" srcset=\"https:\/\/www.diario5.com.ar\/wp-content\/uploads\/2022\/04\/nacion20220426-1-782x1024.jpg 782w, https:\/\/www.diario5.com.ar\/wp-content\/uploads\/2022\/04\/nacion20220426-1-229x300.jpg 229w, https:\/\/www.diario5.com.ar\/wp-content\/uploads\/2022\/04\/nacion20220426-1-768x1006.jpg 768w, https:\/\/www.diario5.com.ar\/wp-content\/uploads\/2022\/04\/nacion20220426-1-1173x1536.jpg 1173w, https:\/\/www.diario5.com.ar\/wp-content\/uploads\/2022\/04\/nacion20220426-1-1564x2048.jpg 1564w, https:\/\/www.diario5.com.ar\/wp-content\/uploads\/2022\/04\/nacion20220426-1.jpg 1575w\" sizes=\"(max-width: 782px) 100vw, 782px\" \/><\/p>\n<p><img decoding=\"async\" src=\"https:\/\/img.kiosko.net\/2022\/04\/26\/py\/py_ultimahora.jpg\" \/><\/p>\n<p><img decoding=\"async\" src=\"https:\/\/img.kiosko.net\/2022\/04\/26\/py\/cronica.jpg\" \/><\/p>\n<p><img decoding=\"async\" src=\"https:\/\/img.kiosko.net\/2022\/04\/26\/py\/py_5dias.jpg\" \/><\/p>\n<p><img decoding=\"async\" src=\"https:\/\/img.kiosko.net\/2022\/04\/26\/py\/py_independiente.jpg\" \/><\/p>\n<p>CHILE<br \/>\n<img decoding=\"async\" loading=\"lazy\" class=\"alignnone size-large wp-image-650006\" src=\"https:\/\/www.diario5.com.ar\/wp-content\/uploads\/2022\/04\/cl_mercurio20220426-564x1024.jpg\" width=\"564\" height=\"1024\" alt=\"Nuevos espacios frente al r\u00edo\" title=\"Nuevos espacios frente al r\u00edo\" srcset=\"https:\/\/www.diario5.com.ar\/wp-content\/uploads\/2022\/04\/cl_mercurio20220426-564x1024.jpg 564w, https:\/\/www.diario5.com.ar\/wp-content\/uploads\/2022\/04\/cl_mercurio20220426-165x300.jpg 165w, https:\/\/www.diario5.com.ar\/wp-content\/uploads\/2022\/04\/cl_mercurio20220426.jpg 764w\" sizes=\"(max-width: 564px) 100vw, 564px\" \/><\/p>\n<p><img decoding=\"async\" loading=\"lazy\" class=\"alignnone size-full wp-image-650007\" src=\"https:\/\/www.diario5.com.ar\/wp-content\/uploads\/2022\/04\/cl_ultimas_noticias20220426.jpg\" width=\"792\" height=\"981\" alt=\"Nuevos espacios frente al r\u00edo\" title=\"Nuevos espacios frente al r\u00edo\" srcset=\"https:\/\/www.diario5.com.ar\/wp-content\/uploads\/2022\/04\/cl_ultimas_noticias20220426.jpg 792w, https:\/\/www.diario5.com.ar\/wp-content\/uploads\/2022\/04\/cl_ultimas_noticias20220426-242x300.jpg 242w, https:\/\/www.diario5.com.ar\/wp-content\/uploads\/2022\/04\/cl_ultimas_noticias20220426-768x951.jpg 768w\" sizes=\"(max-width: 792px) 100vw, 792px\" \/><\/p>\n<p><img decoding=\"async\" loading=\"lazy\" class=\"alignnone size-full wp-image-650008\" src=\"https:\/\/www.diario5.com.ar\/wp-content\/uploads\/2022\/04\/cl_diario_financiero20220426.jpg\" width=\"764\" height=\"981\" alt=\"Nuevos espacios frente al r\u00edo\" title=\"Nuevos espacios frente al r\u00edo\" srcset=\"https:\/\/www.diario5.com.ar\/wp-content\/uploads\/2022\/04\/cl_diario_financiero20220426.jpg 764w, https:\/\/www.diario5.com.ar\/wp-content\/uploads\/2022\/04\/cl_diario_financiero20220426-234x300.jpg 234w\" sizes=\"(max-width: 764px) 100vw, 764px\" \/><\/p>\n<p><img decoding=\"async\" loading=\"lazy\" class=\"alignnone size-large wp-image-650009\" src=\"https:\/\/www.diario5.com.ar\/wp-content\/uploads\/2022\/04\/estrella_iquique20220426-814x1024.jpg\" width=\"814\" height=\"1024\" alt=\"Nuevos espacios frente al r\u00edo\" title=\"Nuevos espacios frente al r\u00edo\" srcset=\"https:\/\/www.diario5.com.ar\/wp-content\/uploads\/2022\/04\/estrella_iquique20220426-814x1024.jpg 814w, https:\/\/www.diario5.com.ar\/wp-content\/uploads\/2022\/04\/estrella_iquique20220426-238x300.jpg 238w, https:\/\/www.diario5.com.ar\/wp-content\/uploads\/2022\/04\/estrella_iquique20220426-768x966.jpg 768w, https:\/\/www.diario5.com.ar\/wp-content\/uploads\/2022\/04\/estrella_iquique20220426-1221x1536.jpg 1221w, https:\/\/www.diario5.com.ar\/wp-content\/uploads\/2022\/04\/estrella_iquique20220426.jpg 1328w\" sizes=\"(max-width: 814px) 100vw, 814px\" \/><\/p>\n<p><img decoding=\"async\" loading=\"lazy\" class=\"alignnone size-large wp-image-650010\" src=\"https:\/\/www.diario5.com.ar\/wp-content\/uploads\/2022\/04\/mercurio_antofagasta20220426-691x1024.jpg\" width=\"691\" height=\"1024\" alt=\"Nuevos espacios frente al r\u00edo\" title=\"Nuevos espacios frente al r\u00edo\" srcset=\"https:\/\/www.diario5.com.ar\/wp-content\/uploads\/2022\/04\/mercurio_antofagasta20220426-691x1024.jpg 691w, https:\/\/www.diario5.com.ar\/wp-content\/uploads\/2022\/04\/mercurio_antofagasta20220426-202x300.jpg 202w, https:\/\/www.diario5.com.ar\/wp-content\/uploads\/2022\/04\/mercurio_antofagasta20220426-768x1138.jpg 768w, https:\/\/www.diario5.com.ar\/wp-content\/uploads\/2022\/04\/mercurio_antofagasta20220426-1036x1536.jpg 1036w, https:\/\/www.diario5.com.ar\/wp-content\/uploads\/2022\/04\/mercurio_antofagasta20220426.jpg 1328w\" sizes=\"(max-width: 691px) 100vw, 691px\" \/><\/p>\n<p><img decoding=\"async\" src=\"https:\/\/img.kiosko.net\/2022\/04\/26\/cl\/cl_eldia.jpg\" \/><\/p>\n<p><img decoding=\"async\" loading=\"lazy\" class=\"alignnone size-large wp-image-650011\" src=\"https:\/\/www.diario5.com.ar\/wp-content\/uploads\/2022\/04\/mercurio_valpo20220426-731x1024.jpg\" width=\"731\" height=\"1024\" alt=\"Nuevos espacios frente al r\u00edo\" title=\"Nuevos espacios frente al r\u00edo\" srcset=\"https:\/\/www.diario5.com.ar\/wp-content\/uploads\/2022\/04\/mercurio_valpo20220426-731x1024.jpg 731w, https:\/\/www.diario5.com.ar\/wp-content\/uploads\/2022\/04\/mercurio_valpo20220426-214x300.jpg 214w, https:\/\/www.diario5.com.ar\/wp-content\/uploads\/2022\/04\/mercurio_valpo20220426-768x1076.jpg 768w, https:\/\/www.diario5.com.ar\/wp-content\/uploads\/2022\/04\/mercurio_valpo20220426-1096x1536.jpg 1096w, https:\/\/www.diario5.com.ar\/wp-content\/uploads\/2022\/04\/mercurio_valpo20220426.jpg 1387w\" sizes=\"(max-width: 731px) 100vw, 731px\" \/><\/p>\n<p><img decoding=\"async\" src=\"https:\/\/img.kiosko.net\/2022\/04\/26\/cl\/estrella_valpo.jpg\" \/><\/p>\n<p><img decoding=\"async\" loading=\"lazy\" class=\"alignnone size-large wp-image-650012\" src=\"https:\/\/www.diario5.com.ar\/wp-content\/uploads\/2022\/04\/diario_concepcion20220426-783x1024.jpg\" width=\"783\" height=\"1024\" alt=\"Nuevos espacios frente al r\u00edo\" title=\"Nuevos espacios frente al r\u00edo\" srcset=\"https:\/\/www.diario5.com.ar\/wp-content\/uploads\/2022\/04\/diario_concepcion20220426-783x1024.jpg 783w, https:\/\/www.diario5.com.ar\/wp-content\/uploads\/2022\/04\/diario_concepcion20220426-229x300.jpg 229w, https:\/\/www.diario5.com.ar\/wp-content\/uploads\/2022\/04\/diario_concepcion20220426-768x1005.jpg 768w, https:\/\/www.diario5.com.ar\/wp-content\/uploads\/2022\/04\/diario_concepcion20220426-1174x1536.jpg 1174w, https:\/\/www.diario5.com.ar\/wp-content\/uploads\/2022\/04\/diario_concepcion20220426.jpg 1558w\" sizes=\"(max-width: 783px) 100vw, 783px\" \/><\/p>\n<p><img decoding=\"async\" loading=\"lazy\" class=\"alignnone size-large wp-image-650013\" src=\"https:\/\/www.diario5.com.ar\/wp-content\/uploads\/2022\/04\/austral_temuco20220426-708x1024.jpg\" width=\"708\" height=\"1024\" alt=\"Nuevos espacios frente al r\u00edo\" title=\"Nuevos espacios frente al r\u00edo\" srcset=\"https:\/\/www.diario5.com.ar\/wp-content\/uploads\/2022\/04\/austral_temuco20220426-708x1024.jpg 708w, https:\/\/www.diario5.com.ar\/wp-content\/uploads\/2022\/04\/austral_temuco20220426-207x300.jpg 207w, https:\/\/www.diario5.com.ar\/wp-content\/uploads\/2022\/04\/austral_temuco20220426-768x1111.jpg 768w, https:\/\/www.diario5.com.ar\/wp-content\/uploads\/2022\/04\/austral_temuco20220426-1061x1536.jpg 1061w, https:\/\/www.diario5.com.ar\/wp-content\/uploads\/2022\/04\/austral_temuco20220426.jpg 1360w\" sizes=\"(max-width: 708px) 100vw, 708px\" \/><\/p>\n<p><img decoding=\"async\" loading=\"lazy\" class=\"alignnone size-large wp-image-650014\" src=\"https:\/\/www.diario5.com.ar\/wp-content\/uploads\/2022\/04\/estrella_arica20220426-802x1024.jpg\" width=\"802\" height=\"1024\" alt=\"Nuevos espacios frente al r\u00edo\" title=\"Nuevos espacios frente al r\u00edo\" srcset=\"https:\/\/www.diario5.com.ar\/wp-content\/uploads\/2022\/04\/estrella_arica20220426-802x1024.jpg 802w, https:\/\/www.diario5.com.ar\/wp-content\/uploads\/2022\/04\/estrella_arica20220426-235x300.jpg 235w, https:\/\/www.diario5.com.ar\/wp-content\/uploads\/2022\/04\/estrella_arica20220426-768x981.jpg 768w, https:\/\/www.diario5.com.ar\/wp-content\/uploads\/2022\/04\/estrella_arica20220426-1203x1536.jpg 1203w, https:\/\/www.diario5.com.ar\/wp-content\/uploads\/2022\/04\/estrella_arica20220426.jpg 1328w\" sizes=\"(max-width: 802px) 100vw, 802px\" \/><\/p>\n<p>COLOMBIA<br \/>\n<img decoding=\"async\" loading=\"lazy\" class=\"alignnone size-large wp-image-650015\" src=\"https:\/\/www.diario5.com.ar\/wp-content\/uploads\/2022\/04\/co_espectador20220426-708x1024.jpg\" width=\"708\" height=\"1024\" alt=\"Nuevos espacios frente al r\u00edo\" title=\"Nuevos espacios frente al r\u00edo\" srcset=\"https:\/\/www.diario5.com.ar\/wp-content\/uploads\/2022\/04\/co_espectador20220426-708x1024.jpg 708w, https:\/\/www.diario5.com.ar\/wp-content\/uploads\/2022\/04\/co_espectador20220426-207x300.jpg 207w, https:\/\/www.diario5.com.ar\/wp-content\/uploads\/2022\/04\/co_espectador20220426.jpg 764w\" sizes=\"(max-width: 708px) 100vw, 708px\" \/><\/p>\n<p><img decoding=\"async\" loading=\"lazy\" class=\"alignnone size-large wp-image-650016\" src=\"https:\/\/www.diario5.com.ar\/wp-content\/uploads\/2022\/04\/co_heraldo20220426-517x1024.jpg\" width=\"517\" height=\"1024\" alt=\"Nuevos espacios frente al r\u00edo\" title=\"Nuevos espacios frente al r\u00edo\" srcset=\"https:\/\/www.diario5.com.ar\/wp-content\/uploads\/2022\/04\/co_heraldo20220426-517x1024.jpg 517w, https:\/\/www.diario5.com.ar\/wp-content\/uploads\/2022\/04\/co_heraldo20220426-152x300.jpg 152w, https:\/\/www.diario5.com.ar\/wp-content\/uploads\/2022\/04\/co_heraldo20220426.jpg 764w\" sizes=\"(max-width: 517px) 100vw, 517px\" \/><\/p>\n<p><img decoding=\"async\" loading=\"lazy\" class=\"alignnone size-large wp-image-650017\" src=\"https:\/\/www.diario5.com.ar\/wp-content\/uploads\/2022\/04\/co_elpais20220426-557x1024.jpg\" width=\"557\" height=\"1024\" alt=\"Nuevos espacios frente al r\u00edo\" title=\"Nuevos espacios frente al r\u00edo\" srcset=\"https:\/\/www.diario5.com.ar\/wp-content\/uploads\/2022\/04\/co_elpais20220426-557x1024.jpg 557w, https:\/\/www.diario5.com.ar\/wp-content\/uploads\/2022\/04\/co_elpais20220426-163x300.jpg 163w, https:\/\/www.diario5.com.ar\/wp-content\/uploads\/2022\/04\/co_elpais20220426.jpg 764w\" sizes=\"(max-width: 557px) 100vw, 557px\" \/><\/p>\n<p><img decoding=\"async\" loading=\"lazy\" class=\"alignnone size-large wp-image-650018\" src=\"https:\/\/www.diario5.com.ar\/wp-content\/uploads\/2022\/04\/co_universal20220426-772x1024.jpg\" width=\"772\" height=\"1024\" alt=\"Nuevos espacios frente al r\u00edo\" title=\"Nuevos espacios frente al r\u00edo\" srcset=\"https:\/\/www.diario5.com.ar\/wp-content\/uploads\/2022\/04\/co_universal20220426-772x1024.jpg 772w, https:\/\/www.diario5.com.ar\/wp-content\/uploads\/2022\/04\/co_universal20220426-226x300.jpg 226w, https:\/\/www.diario5.com.ar\/wp-content\/uploads\/2022\/04\/co_universal20220426-768x1018.jpg 768w, https:\/\/www.diario5.com.ar\/wp-content\/uploads\/2022\/04\/co_universal20220426.jpg 960w\" sizes=\"(max-width: 772px) 100vw, 772px\" \/><\/p>\n<p><img decoding=\"async\" loading=\"lazy\" class=\"alignnone size-large wp-image-650019\" src=\"https:\/\/www.diario5.com.ar\/wp-content\/uploads\/2022\/04\/co_elcolombiano20220426-692x1024.jpg\" width=\"692\" height=\"1024\" alt=\"Nuevos espacios frente al r\u00edo\" title=\"Nuevos espacios frente al r\u00edo\" srcset=\"https:\/\/www.diario5.com.ar\/wp-content\/uploads\/2022\/04\/co_elcolombiano20220426-692x1024.jpg 692w, https:\/\/www.diario5.com.ar\/wp-content\/uploads\/2022\/04\/co_elcolombiano20220426-203x300.jpg 203w, https:\/\/www.diario5.com.ar\/wp-content\/uploads\/2022\/04\/co_elcolombiano20220426.jpg 764w\" sizes=\"(max-width: 692px) 100vw, 692px\" \/><\/p>\n<p>PERU<br \/>\n<img decoding=\"async\" loading=\"lazy\" class=\"alignnone size-large wp-image-650020\" src=\"https:\/\/www.diario5.com.ar\/wp-content\/uploads\/2022\/04\/pe_comercio20220426-683x1024.jpg\" width=\"683\" height=\"1024\" alt=\"Nuevos espacios frente al r\u00edo\" title=\"Nuevos espacios frente al r\u00edo\" srcset=\"https:\/\/www.diario5.com.ar\/wp-content\/uploads\/2022\/04\/pe_comercio20220426-683x1024.jpg 683w, https:\/\/www.diario5.com.ar\/wp-content\/uploads\/2022\/04\/pe_comercio20220426-200x300.jpg 200w, https:\/\/www.diario5.com.ar\/wp-content\/uploads\/2022\/04\/pe_comercio20220426.jpg 764w\" sizes=\"(max-width: 683px) 100vw, 683px\" \/><\/p>\n<p><img decoding=\"async\" src=\"https:\/\/img.kiosko.net\/2022\/04\/26\/pe\/pe_peru21.jpg\" \/><\/p>\n<p><img decoding=\"async\" src=\"https:\/\/img.kiosko.net\/2022\/04\/26\/pe\/pe_correo.jpg\" \/><\/p>\n<p><img decoding=\"async\" src=\"https:\/\/img.kiosko.net\/2022\/04\/26\/pe\/pe_expreso.jpg\" \/><\/p>\n<p><img decoding=\"async\" src=\"https:\/\/img.kiosko.net\/2022\/04\/26\/pe\/pe_ojo.jpg\" \/><\/p>\n<p><img decoding=\"async\" loading=\"lazy\" class=\"alignnone size-full wp-image-650021\" src=\"https:\/\/www.diario5.com.ar\/wp-content\/uploads\/2022\/04\/pe_gestion20220426.jpg\" width=\"764\" height=\"798\" alt=\"Nuevos espacios frente al r\u00edo\" title=\"Nuevos espacios frente al r\u00edo\" srcset=\"https:\/\/www.diario5.com.ar\/wp-content\/uploads\/2022\/04\/pe_gestion20220426.jpg 764w, https:\/\/www.diario5.com.ar\/wp-content\/uploads\/2022\/04\/pe_gestion20220426-287x300.jpg 287w\" sizes=\"(max-width: 764px) 100vw, 764px\" \/><\/p>\n<p>BOLIVIA<br \/>\n<img decoding=\"async\" src=\"https:\/\/img.kiosko.net\/2022\/04\/26\/bo\/bo_elmundo.jpg\" \/><\/p>\n<p><img decoding=\"async\" src=\"https:\/\/img.kiosko.net\/2022\/04\/26\/bo\/bo_razon.jpg\" \/><\/p>\n<p>&nbsp;<\/p>","protected":false},"excerpt":{"rendered":"<p>Se recuperar\u00e1n varios accesos al R\u00edo de la Plata que estaban faltando. Salvo -l\u00f3gicamente- el propio Puerto de la Ciudad de Buenos Aires, todos los puntos que se enfrentan al r\u00edo ser\u00e1n accesibles. Bien al Norte, los ya recuperados, como los Parques de los Ni\u00f1os y de la Memoria, se integrar\u00e1n con el Parque del [&hellip;]<\/p>","protected":false},"author":9,"featured_media":649977,"comment_status":"open","ping_status":"open","sticky":false,"template":"","format":"standard","meta":[],"categories":[52,56,6],"tags":[],"series":[],"_links":{"self":[{"href":"https:\/\/www.diario5.com.ar\/es\/wp-json\/wp\/v2\/posts\/636226"}],"collection":[{"href":"https:\/\/www.diario5.com.ar\/es\/wp-json\/wp\/v2\/posts"}],"about":[{"href":"https:\/\/www.diario5.com.ar\/es\/wp-json\/wp\/v2\/types\/post"}],"author":[{"embeddable":true,"href":"https:\/\/www.diario5.com.ar\/es\/wp-json\/wp\/v2\/users\/9"}],"replies":[{"embeddable":true,"href":"https:\/\/www.diario5.com.ar\/es\/wp-json\/wp\/v2\/comments?post=636226"}],"version-history":[{"count":2,"href":"https:\/\/www.diario5.com.ar\/es\/wp-json\/wp\/v2\/posts\/636226\/revisions"}],"predecessor-version":[{"id":649852,"href":"https:\/\/www.diario5.com.ar\/es\/wp-json\/wp\/v2\/posts\/636226\/revisions\/649852"}],"wp:featuredmedia":[{"embeddable":true,"href":"https:\/\/www.diario5.com.ar\/es\/wp-json\/wp\/v2\/media\/649977"}],"wp:attachment":[{"href":"https:\/\/www.diario5.com.ar\/es\/wp-json\/wp\/v2\/media?parent=636226"}],"wp:term":[{"taxonomy":"category","embeddable":true,"href":"https:\/\/www.diario5.com.ar\/es\/wp-json\/wp\/v2\/categories?post=636226"},{"taxonomy":"post_tag","embeddable":true,"href":"https:\/\/www.diario5.com.ar\/es\/wp-json\/wp\/v2\/tags?post=636226"},{"taxonomy":"series","embeddable":true,"href":"https:\/\/www.diario5.com.ar\/es\/wp-json\/wp\/v2\/series?post=636226"}],"curies":[{"name":"wp","href":"https:\/\/api.w.org\/{rel}","templated":true}]}}