{"id":636142,"date":"2022-02-01T06:50:00","date_gmt":"2022-02-01T09:50:00","guid":{"rendered":"http:\/\/diario5.com.ar\/?p=636142"},"modified":"2023-03-26T15:58:02","modified_gmt":"2023-03-26T18:58:02","slug":"636142","status":"publish","type":"post","link":"https:\/\/www.diario5.com.ar\/es\/636142\/","title":{"rendered":"Los dignos piden disculpas. Los otros, las ofrecen"},"content":{"rendered":"<h2 class=\"sub-title-primary\">Pol\u00e9mica: \u00bfOfrecer disculpas o pedirlas?<\/h2> <p><img decoding=\"async\" loading=\"lazy\" class=\"alignnone size-full wp-image-644610\" src=\"https:\/\/www.diario5.com.ar\/wp-content\/uploads\/2022\/02\/alberto_und_joseph.jpg\" alt=\"\" width=\"729\" height=\"501\" srcset=\"https:\/\/www.diario5.com.ar\/wp-content\/uploads\/2022\/02\/alberto_und_joseph.jpg 729w, https:\/\/www.diario5.com.ar\/wp-content\/uploads\/2022\/02\/alberto_und_joseph-300x206.jpg 300w\" sizes=\"(max-width: 729px) 100vw, 729px\" \/><\/p>\n<p>Al aparecer, una noticia que indica que, siendo cardenal, el hoy Papa Em\u00e9rito Benedicto XVI, Joseph Ratzinger, conoci\u00f3 &#8211; mientras era la m\u00e1xima m\u00e1xima autoridad de la Iglesia alemana- el caso de un sacerdote acusado de pedofilia.<\/p>\n<p>Aparece, entonces, en estos d\u00edas una informaci\u00f3n que indica que en un comunicado de la agencia de noticias cat\u00f3lica KNA alemana, Monse\u00f1or Georg Gaenswein, hist\u00f3rico secretario de Benedicto XVI, dijo que el Papa en retiro desea aclarar que \u00e9l -de hecho- estaba en la reuni\u00f3n de enero de 1980 entre funcionarios locales de la Iglesia en que se discuti\u00f3 la transferencia del sacerdote a Munich. Agreg\u00f3 que Benedicto XVI \u00ab<strong>ofrec\u00eda disculpas<\/strong>\u00bb por el error \u00abeditorial\u00bb original.<\/p>\n<p>No estamos aqu\u00ed para analizar la condena social que se le viene encima al ex-vicario de Cristo en la Tierra (suena raro, \u00bfno?)<\/p>\n<p>Estamos para asegurar, a pesar de las mil inconsistencias que se escuchan decir y de las que tambi\u00e9n se ha hecho eco la Real Academia espa\u00f1ola, para ahorrarle papelones a muchos de los amigos de sus directivos e incluso a ellos mismos, que <strong>las disculpas no se ofrecen<\/strong>. <strong>Se piden<\/strong> y luego se espera a conocer el veredicto del ofendido. Y aunque no hubiera quien se encargara de proveer el perd\u00f3n por el da\u00f1o causado, el actuante no debe atribuirse el derecho de \u00abdar vuelta la tortilla\u00bb para evitar un mal momento.<\/p>\n<p>Parece que hay quiene consideran que \u00abofrecer\u00bb una disculpa es presentarse como un valiente que saca pecho ante una adversidad, es jugarla de gran persona, es mostrarse como una dama de principios, es un caballero que cede terreno, es una persona con c\u00f3digos nobles, con \u00e9tica, con dignidad&#8230; bla bla<\/p>\n<p>Las pelotas!<\/p>\n<p>Ofrecer disculpas y no pedirlas es una jugada pol\u00edtica muy hip\u00f3crita, rayana en el cinismo. Se trata de un problema de sencillo corte humano en el que -como pocas veces- no hay mucho espacio para grises: se es o no se es y debemos aceptar que nuestra actitud \u00abse note\u00bb.<\/p>\n<p>Pedir disculpas es ponerse en una situaci\u00f3n muy inc\u00f3moda. Para muchos es una escena de banquillo de los acusados, indiscutiblemente fea desde cualquier posici\u00f3n personal.<\/p>\n<p>Al ofrecer, se controla la situaci\u00f3n. No caben dudas de que las personas que ejercen alg\u00fan poder, por m\u00e1s que se manden una cagada magna, nunca piden disculpas porque, al ofrecerlas, hasta con dudos\u00edsima sinceridad, a\u00fan consiguen convencer.<\/p>\n<p>Por lo tanto, \u00abofrecer\u00bb disculpas, con cierta \u00abmu\u00f1eca\u00bb oratoria o literaria, puede transformar la imagen de un victimario en la de un h\u00e9roe, un modelo o un \u00eddolo.<\/p>\n<p>A la persona que entiende que cometi\u00f3 un hecho condenable no le puede caber la soberbia de una supuesta facultad de manejar disculpas y perdones que deber\u00eda -si cabe- recibir por parte de quienes est\u00e9n dispuestos a brind\u00e1rselos y nunca al rev\u00e9s.<\/p>\n<p>Al presidente Fern\u00e1ndez, cuando se conoci\u00f3 la celebraci\u00f3n de Olivos se le escuch\u00f3 decir \u00ab<strong>me disculpo<\/strong>\u00ab.<\/p>\n<p>\u00bfPerd\u00f3n? \u00bf\u00bb<strong>Me<\/strong>\u00bb disculpo, dijiste? Est\u00e1s conceptualmente equivocado, Alberto. Es exactamente al rev\u00e9s: Si el Pueblo est\u00e1 con onda, \u00abte\u00bb disculpa a vos. Vos, si quer\u00e9s disculparte a vos mismo, es un tema tuyo y no le importa a nadie. Ni a tu perro Dylan. Lo que tiene algo de valor es <strong>pedir<\/strong> las disculpas. Digamos: vos \u00abme\u00bb ped\u00eds disculpas a m\u00ed, que soy la sociedad. Eso es lo correcto. Y el tema cierra ah\u00ed, porque no va a haber nadie que -en nombre del Pueblo argentino- vaya a Olivos a decirte \u00abte perdonamos, presi\u00bb.<\/p>\n<p>Hace falta mucha dignidad para asumir p\u00fablicamente los hechos que nos averg\u00fcenzan. Ratzinger y Fern\u00e1ndez no la tuvieron, pero encontraron una formulita ling\u00fc\u00edstica disponible para que los tipos como ellos puedan amortiguar un poco el sacud\u00f3n que los revela como tramposos y los transforma en indeseables.<\/p>\n<p><img decoding=\"async\" loading=\"lazy\" class=\"alignnone size-large wp-image-645020\" title=\"Los dignos piden disculpas. Los otros, las ofrecen\" src=\"https:\/\/www.diario5.com.ar\/wp-content\/uploads\/2022\/02\/ar_diario_madryn20220201.jpg\" alt=\"Los dignos piden disculpas. Los otros, las ofrecen\" width=\"739\" height=\"1024\" srcset=\"https:\/\/www.diario5.com.ar\/wp-content\/uploads\/2022\/02\/ar_diario_madryn20220201.jpg 764w, https:\/\/www.diario5.com.ar\/wp-content\/uploads\/2022\/02\/ar_diario_madryn20220201-217x300.jpg 217w, https:\/\/www.diario5.com.ar\/wp-content\/uploads\/2022\/02\/ar_diario_madryn20220201-739x1024.jpg 739w\" sizes=\"(max-width: 739px) 100vw, 739px\" \/><\/p>\n<p><img decoding=\"async\" loading=\"lazy\" class=\"alignnone size-large wp-image-645026\" title=\"Los dignos piden disculpas. Los otros, las ofrecen\" src=\"https:\/\/www.diario5.com.ar\/wp-content\/uploads\/2022\/02\/voz_chaco20220201.jpg\" alt=\"Los dignos piden disculpas. Los otros, las ofrecen\" width=\"841\" height=\"1024\" srcset=\"https:\/\/www.diario5.com.ar\/wp-content\/uploads\/2022\/02\/voz_chaco20220201.jpg 1214w, https:\/\/www.diario5.com.ar\/wp-content\/uploads\/2022\/02\/voz_chaco20220201-246x300.jpg 246w, https:\/\/www.diario5.com.ar\/wp-content\/uploads\/2022\/02\/voz_chaco20220201-841x1024.jpg 841w, https:\/\/www.diario5.com.ar\/wp-content\/uploads\/2022\/02\/voz_chaco20220201-768x935.jpg 768w\" sizes=\"(max-width: 841px) 100vw, 841px\" \/><br \/>\n<img decoding=\"async\" loading=\"lazy\" class=\"alignnone size-large wp-image-645027\" title=\"Los dignos piden disculpas. Los otros, las ofrecen\" src=\"https:\/\/www.diario5.com.ar\/wp-content\/uploads\/2022\/02\/ar_hoy20220201.jpg\" alt=\"Los dignos piden disculpas. Los otros, las ofrecen\" width=\"775\" height=\"1024\" srcset=\"https:\/\/www.diario5.com.ar\/wp-content\/uploads\/2022\/02\/ar_hoy20220201.jpg 960w, https:\/\/www.diario5.com.ar\/wp-content\/uploads\/2022\/02\/ar_hoy20220201-227x300.jpg 227w, https:\/\/www.diario5.com.ar\/wp-content\/uploads\/2022\/02\/ar_hoy20220201-775x1024.jpg 775w, https:\/\/www.diario5.com.ar\/wp-content\/uploads\/2022\/02\/ar_hoy20220201-768x1014.jpg 768w\" sizes=\"(max-width: 775px) 100vw, 775px\" \/><\/p>\n<p><img decoding=\"async\" loading=\"lazy\" class=\"alignnone size-large wp-image-645028\" title=\"Los dignos piden disculpas. Los otros, las ofrecen\" src=\"https:\/\/www.diario5.com.ar\/wp-content\/uploads\/2022\/02\/ar_litoral20220201.jpg\" alt=\"Los dignos piden disculpas. Los otros, las ofrecen\" width=\"766\" height=\"1024\" srcset=\"https:\/\/www.diario5.com.ar\/wp-content\/uploads\/2022\/02\/ar_litoral20220201.jpg 1124w, https:\/\/www.diario5.com.ar\/wp-content\/uploads\/2022\/02\/ar_litoral20220201-224x300.jpg 224w, https:\/\/www.diario5.com.ar\/wp-content\/uploads\/2022\/02\/ar_litoral20220201-766x1024.jpg 766w, https:\/\/www.diario5.com.ar\/wp-content\/uploads\/2022\/02\/ar_litoral20220201-768x1027.jpg 768w\" sizes=\"(max-width: 766px) 100vw, 766px\" \/><\/p>\n<p><img decoding=\"async\" loading=\"lazy\" class=\"alignnone size-large wp-image-645029\" title=\"Los dignos piden disculpas. Los otros, las ofrecen\" src=\"https:\/\/www.diario5.com.ar\/wp-content\/uploads\/2022\/02\/ar_heraldo20220201.jpg\" alt=\"Los dignos piden disculpas. Los otros, las ofrecen\" width=\"612\" height=\"1024\" srcset=\"https:\/\/www.diario5.com.ar\/wp-content\/uploads\/2022\/02\/ar_heraldo20220201.jpg 764w, https:\/\/www.diario5.com.ar\/wp-content\/uploads\/2022\/02\/ar_heraldo20220201-179x300.jpg 179w, https:\/\/www.diario5.com.ar\/wp-content\/uploads\/2022\/02\/ar_heraldo20220201-612x1024.jpg 612w\" sizes=\"(max-width: 612px) 100vw, 612px\" \/><\/p>\n<p><img decoding=\"async\" loading=\"lazy\" class=\"alignnone size-large wp-image-645030\" title=\"Los dignos piden disculpas. Los otros, las ofrecen\" src=\"https:\/\/www.diario5.com.ar\/wp-content\/uploads\/2022\/02\/ar_diario_pampa20220201.jpg\" alt=\"Los dignos piden disculpas. Los otros, las ofrecen\" width=\"760\" height=\"1024\" srcset=\"https:\/\/www.diario5.com.ar\/wp-content\/uploads\/2022\/02\/ar_diario_pampa20220201.jpg 764w, https:\/\/www.diario5.com.ar\/wp-content\/uploads\/2022\/02\/ar_diario_pampa20220201-223x300.jpg 223w, https:\/\/www.diario5.com.ar\/wp-content\/uploads\/2022\/02\/ar_diario_pampa20220201-760x1024.jpg 760w\" sizes=\"(max-width: 760px) 100vw, 760px\" \/><\/p>\n<p><img decoding=\"async\" loading=\"lazy\" class=\"alignnone size-full wp-image-645031\" title=\"Los dignos piden disculpas. Los otros, las ofrecen\" src=\"https:\/\/www.diario5.com.ar\/wp-content\/uploads\/2022\/02\/ar_pagina1220220201.jpg\" alt=\"Los dignos piden disculpas. Los otros, las ofrecen\" width=\"764\" height=\"960\" srcset=\"https:\/\/www.diario5.com.ar\/wp-content\/uploads\/2022\/02\/ar_pagina1220220201.jpg 764w, https:\/\/www.diario5.com.ar\/wp-content\/uploads\/2022\/02\/ar_pagina1220220201-239x300.jpg 239w\" sizes=\"(max-width: 764px) 100vw, 764px\" \/><\/p>\n<p><img decoding=\"async\" loading=\"lazy\" class=\"alignnone size-large wp-image-645032\" title=\"Los dignos piden disculpas. Los otros, las ofrecen\" src=\"https:\/\/www.diario5.com.ar\/wp-content\/uploads\/2022\/02\/independiente20220201.jpg\" alt=\"Los dignos piden disculpas. Los otros, las ofrecen\" width=\"744\" height=\"1024\" srcset=\"https:\/\/www.diario5.com.ar\/wp-content\/uploads\/2022\/02\/independiente20220201.jpg 814w, https:\/\/www.diario5.com.ar\/wp-content\/uploads\/2022\/02\/independiente20220201-218x300.jpg 218w, https:\/\/www.diario5.com.ar\/wp-content\/uploads\/2022\/02\/independiente20220201-744x1024.jpg 744w, https:\/\/www.diario5.com.ar\/wp-content\/uploads\/2022\/02\/independiente20220201-768x1057.jpg 768w\" sizes=\"(max-width: 744px) 100vw, 744px\" \/><\/p>\n<p><img decoding=\"async\" loading=\"lazy\" class=\"alignnone size-large wp-image-645033\" title=\"Los dignos piden disculpas. Los otros, las ofrecen\" src=\"https:\/\/www.diario5.com.ar\/wp-content\/uploads\/2022\/02\/nueva_rioja20220201.jpg\" alt=\"Los dignos piden disculpas. Los otros, las ofrecen\" width=\"724\" height=\"1024\" srcset=\"https:\/\/www.diario5.com.ar\/wp-content\/uploads\/2022\/02\/nueva_rioja20220201.jpg 764w, https:\/\/www.diario5.com.ar\/wp-content\/uploads\/2022\/02\/nueva_rioja20220201-212x300.jpg 212w, https:\/\/www.diario5.com.ar\/wp-content\/uploads\/2022\/02\/nueva_rioja20220201-724x1024.jpg 724w\" sizes=\"(max-width: 724px) 100vw, 724px\" \/><\/p>\n<p><img decoding=\"async\" loading=\"lazy\" class=\"alignnone size-large wp-image-645034\" title=\"Los dignos piden disculpas. Los otros, las ofrecen\" src=\"https:\/\/www.diario5.com.ar\/wp-content\/uploads\/2022\/02\/ar_losandes20220201.jpg\" alt=\"Los dignos piden disculpas. Los otros, las ofrecen\" width=\"742\" height=\"1024\" srcset=\"https:\/\/www.diario5.com.ar\/wp-content\/uploads\/2022\/02\/ar_losandes20220201.jpg 764w, https:\/\/www.diario5.com.ar\/wp-content\/uploads\/2022\/02\/ar_losandes20220201-217x300.jpg 217w, https:\/\/www.diario5.com.ar\/wp-content\/uploads\/2022\/02\/ar_losandes20220201-742x1024.jpg 742w\" sizes=\"(max-width: 742px) 100vw, 742px\" \/><\/p>\n<p><img decoding=\"async\" loading=\"lazy\" class=\"alignnone size-large wp-image-645035\" title=\"Los dignos piden disculpas. Los otros, las ofrecen\" src=\"https:\/\/www.diario5.com.ar\/wp-content\/uploads\/2022\/02\/ar_diario_cuyo20220201.jpg\" alt=\"Los dignos piden disculpas. Los otros, las ofrecen\" width=\"678\" height=\"1024\" srcset=\"https:\/\/www.diario5.com.ar\/wp-content\/uploads\/2022\/02\/ar_diario_cuyo20220201.jpg 764w, https:\/\/www.diario5.com.ar\/wp-content\/uploads\/2022\/02\/ar_diario_cuyo20220201-199x300.jpg 199w, https:\/\/www.diario5.com.ar\/wp-content\/uploads\/2022\/02\/ar_diario_cuyo20220201-678x1024.jpg 678w\" sizes=\"(max-width: 678px) 100vw, 678px\" \/><\/p>\n<p><img decoding=\"async\" loading=\"lazy\" class=\"alignnone size-large wp-image-645036\" title=\"Los dignos piden disculpas. Los otros, las ofrecen\" src=\"https:\/\/www.diario5.com.ar\/wp-content\/uploads\/2022\/02\/ar_diario_republica20220201.jpg\" alt=\"Los dignos piden disculpas. Los otros, las ofrecen\" width=\"729\" height=\"1024\" srcset=\"https:\/\/www.diario5.com.ar\/wp-content\/uploads\/2022\/02\/ar_diario_republica20220201.jpg 1708w, https:\/\/www.diario5.com.ar\/wp-content\/uploads\/2022\/02\/ar_diario_republica20220201-214x300.jpg 214w, https:\/\/www.diario5.com.ar\/wp-content\/uploads\/2022\/02\/ar_diario_republica20220201-729x1024.jpg 729w, https:\/\/www.diario5.com.ar\/wp-content\/uploads\/2022\/02\/ar_diario_republica20220201-768x1079.jpg 768w, https:\/\/www.diario5.com.ar\/wp-content\/uploads\/2022\/02\/ar_diario_republica20220201-1093x1536.jpg 1093w, https:\/\/www.diario5.com.ar\/wp-content\/uploads\/2022\/02\/ar_diario_republica20220201-1457x2048.jpg 1457w\" sizes=\"(max-width: 729px) 100vw, 729px\" \/><\/p>\n<p><img decoding=\"async\" loading=\"lazy\" class=\"alignnone size-large wp-image-645037\" title=\"Los dignos piden disculpas. Los otros, las ofrecen\" src=\"https:\/\/www.diario5.com.ar\/wp-content\/uploads\/2022\/02\/ar_litoral_sfe20220201.jpg\" alt=\"Los dignos piden disculpas. Los otros, las ofrecen\" width=\"761\" height=\"1024\" srcset=\"https:\/\/www.diario5.com.ar\/wp-content\/uploads\/2022\/02\/ar_litoral_sfe20220201.jpg 960w, https:\/\/www.diario5.com.ar\/wp-content\/uploads\/2022\/02\/ar_litoral_sfe20220201-223x300.jpg 223w, https:\/\/www.diario5.com.ar\/wp-content\/uploads\/2022\/02\/ar_litoral_sfe20220201-761x1024.jpg 761w, https:\/\/www.diario5.com.ar\/wp-content\/uploads\/2022\/02\/ar_litoral_sfe20220201-768x1034.jpg 768w\" sizes=\"(max-width: 761px) 100vw, 761px\" \/><\/p>\n<p><img decoding=\"async\" loading=\"lazy\" class=\"alignnone size-large wp-image-645038\" title=\"Los dignos piden disculpas. Los otros, las ofrecen\" src=\"https:\/\/www.diario5.com.ar\/wp-content\/uploads\/2022\/02\/ciudadano20220201.jpg\" alt=\"Los dignos piden disculpas. Los otros, las ofrecen\" width=\"765\" height=\"1024\" srcset=\"https:\/\/www.diario5.com.ar\/wp-content\/uploads\/2022\/02\/ciudadano20220201.jpg 896w, https:\/\/www.diario5.com.ar\/wp-content\/uploads\/2022\/02\/ciudadano20220201-224x300.jpg 224w, https:\/\/www.diario5.com.ar\/wp-content\/uploads\/2022\/02\/ciudadano20220201-765x1024.jpg 765w, https:\/\/www.diario5.com.ar\/wp-content\/uploads\/2022\/02\/ciudadano20220201-768x1029.jpg 768w\" sizes=\"(max-width: 765px) 100vw, 765px\" \/><\/p>\n<p><img decoding=\"async\" loading=\"lazy\" class=\"alignnone size-large wp-image-645039\" title=\"Los dignos piden disculpas. Los otros, las ofrecen\" src=\"https:\/\/www.diario5.com.ar\/wp-content\/uploads\/2022\/02\/ar_mirador_provincial20220201.jpg\" alt=\"Los dignos piden disculpas. Los otros, las ofrecen\" width=\"768\" height=\"1024\" srcset=\"https:\/\/www.diario5.com.ar\/wp-content\/uploads\/2022\/02\/ar_mirador_provincial20220201.jpg 1024w, https:\/\/www.diario5.com.ar\/wp-content\/uploads\/2022\/02\/ar_mirador_provincial20220201-225x300.jpg 225w, https:\/\/www.diario5.com.ar\/wp-content\/uploads\/2022\/02\/ar_mirador_provincial20220201-768x1025.jpg 768w\" sizes=\"(max-width: 768px) 100vw, 768px\" \/><\/p>\n<p><img decoding=\"async\" loading=\"lazy\" class=\"alignnone size-large wp-image-645040\" title=\"Los dignos piden disculpas. Los otros, las ofrecen\" src=\"https:\/\/www.diario5.com.ar\/wp-content\/uploads\/2022\/02\/ar_gaceta20220201.jpg\" alt=\"Los dignos piden disculpas. Los otros, las ofrecen\" width=\"617\" height=\"1024\" srcset=\"https:\/\/www.diario5.com.ar\/wp-content\/uploads\/2022\/02\/ar_gaceta20220201.jpg 1447w, https:\/\/www.diario5.com.ar\/wp-content\/uploads\/2022\/02\/ar_gaceta20220201-181x300.jpg 181w, https:\/\/www.diario5.com.ar\/wp-content\/uploads\/2022\/02\/ar_gaceta20220201-617x1024.jpg 617w, https:\/\/www.diario5.com.ar\/wp-content\/uploads\/2022\/02\/ar_gaceta20220201-768x1274.jpg 768w, https:\/\/www.diario5.com.ar\/wp-content\/uploads\/2022\/02\/ar_gaceta20220201-926x1536.jpg 926w, https:\/\/www.diario5.com.ar\/wp-content\/uploads\/2022\/02\/ar_gaceta20220201-1235x2048.jpg 1235w\" sizes=\"(max-width: 617px) 100vw, 617px\" \/><\/p>\n<p><img decoding=\"async\" loading=\"lazy\" class=\"alignnone size-large wp-image-645041\" title=\"Los dignos piden disculpas. Los otros, las ofrecen\" src=\"https:\/\/www.diario5.com.ar\/wp-content\/uploads\/2022\/02\/ar_cronica20220201.jpg\" alt=\"Los dignos piden disculpas. Los otros, las ofrecen\" width=\"828\" height=\"1024\" srcset=\"https:\/\/www.diario5.com.ar\/wp-content\/uploads\/2022\/02\/ar_cronica20220201.jpg 1519w, https:\/\/www.diario5.com.ar\/wp-content\/uploads\/2022\/02\/ar_cronica20220201-243x300.jpg 243w, https:\/\/www.diario5.com.ar\/wp-content\/uploads\/2022\/02\/ar_cronica20220201-828x1024.jpg 828w, https:\/\/www.diario5.com.ar\/wp-content\/uploads\/2022\/02\/ar_cronica20220201-768x950.jpg 768w, https:\/\/www.diario5.com.ar\/wp-content\/uploads\/2022\/02\/ar_cronica20220201-1242x1536.jpg 1242w\" sizes=\"(max-width: 828px) 100vw, 828px\" \/><\/p>\n<p><img decoding=\"async\" loading=\"lazy\" class=\"alignnone size-large wp-image-645043\" title=\"Los dignos piden disculpas. Los otros, las ofrecen\" src=\"https:\/\/www.diario5.com.ar\/wp-content\/uploads\/2022\/02\/nacion20220201.jpg\" alt=\"Los dignos piden disculpas. Los otros, las ofrecen\" width=\"681\" height=\"1024\" srcset=\"https:\/\/www.diario5.com.ar\/wp-content\/uploads\/2022\/02\/nacion20220201.jpg 764w, https:\/\/www.diario5.com.ar\/wp-content\/uploads\/2022\/02\/nacion20220201-199x300.jpg 199w, https:\/\/www.diario5.com.ar\/wp-content\/uploads\/2022\/02\/nacion20220201-681x1024.jpg 681w\" sizes=\"(max-width: 681px) 100vw, 681px\" \/><\/p>\n<p><img decoding=\"async\" loading=\"lazy\" class=\"alignnone size-large wp-image-645044\" title=\"Los dignos piden disculpas. Los otros, las ofrecen\" src=\"https:\/\/www.diario5.com.ar\/wp-content\/uploads\/2022\/02\/nuevo_diario20220201.jpg\" alt=\"Los dignos piden disculpas. Los otros, las ofrecen\" width=\"735\" height=\"1024\" srcset=\"https:\/\/www.diario5.com.ar\/wp-content\/uploads\/2022\/02\/nuevo_diario20220201.jpg 764w, https:\/\/www.diario5.com.ar\/wp-content\/uploads\/2022\/02\/nuevo_diario20220201-215x300.jpg 215w, https:\/\/www.diario5.com.ar\/wp-content\/uploads\/2022\/02\/nuevo_diario20220201-735x1024.jpg 735w\" sizes=\"(max-width: 735px) 100vw, 735px\" \/><\/p>\n<p>&nbsp;<\/p>","protected":false},"excerpt":{"rendered":"<p>Pol\u00e9mica: \u00bfOfrecer disculpas o pedirlas? Al aparecer, una noticia que indica que, siendo cardenal, el hoy Papa Em\u00e9rito Benedicto XVI, Joseph Ratzinger, conoci\u00f3 &#8211; mientras era la m\u00e1xima m\u00e1xima autoridad de la Iglesia alemana- el caso de un sacerdote acusado de pedofilia. Aparece, entonces, en estos d\u00edas una informaci\u00f3n que indica que en un comunicado [&hellip;]<\/p>","protected":false},"author":4,"featured_media":644610,"comment_status":"open","ping_status":"open","sticky":false,"template":"","format":"standard","meta":[],"categories":[75,52,56],"tags":[],"series":[],"_links":{"self":[{"href":"https:\/\/www.diario5.com.ar\/es\/wp-json\/wp\/v2\/posts\/636142"}],"collection":[{"href":"https:\/\/www.diario5.com.ar\/es\/wp-json\/wp\/v2\/posts"}],"about":[{"href":"https:\/\/www.diario5.com.ar\/es\/wp-json\/wp\/v2\/types\/post"}],"author":[{"embeddable":true,"href":"https:\/\/www.diario5.com.ar\/es\/wp-json\/wp\/v2\/users\/4"}],"replies":[{"embeddable":true,"href":"https:\/\/www.diario5.com.ar\/es\/wp-json\/wp\/v2\/comments?post=636142"}],"version-history":[{"count":9,"href":"https:\/\/www.diario5.com.ar\/es\/wp-json\/wp\/v2\/posts\/636142\/revisions"}],"predecessor-version":[{"id":667426,"href":"https:\/\/www.diario5.com.ar\/es\/wp-json\/wp\/v2\/posts\/636142\/revisions\/667426"}],"wp:featuredmedia":[{"embeddable":true,"href":"https:\/\/www.diario5.com.ar\/es\/wp-json\/wp\/v2\/media\/644610"}],"wp:attachment":[{"href":"https:\/\/www.diario5.com.ar\/es\/wp-json\/wp\/v2\/media?parent=636142"}],"wp:term":[{"taxonomy":"category","embeddable":true,"href":"https:\/\/www.diario5.com.ar\/es\/wp-json\/wp\/v2\/categories?post=636142"},{"taxonomy":"post_tag","embeddable":true,"href":"https:\/\/www.diario5.com.ar\/es\/wp-json\/wp\/v2\/tags?post=636142"},{"taxonomy":"series","embeddable":true,"href":"https:\/\/www.diario5.com.ar\/es\/wp-json\/wp\/v2\/series?post=636142"}],"curies":[{"name":"wp","href":"https:\/\/api.w.org\/{rel}","templated":true}]}}