{"id":636135,"date":"2022-01-25T06:50:00","date_gmt":"2022-01-25T09:50:00","guid":{"rendered":"http:\/\/diario5.com.ar\/?p=636135"},"modified":"2022-01-25T15:55:09","modified_gmt":"2022-01-25T18:55:09","slug":"636135","status":"publish","type":"post","link":"https:\/\/www.diario5.com.ar\/es\/636135\/","title":{"rendered":"La c\u00e1mara valiente *"},"content":{"rendered":"<h2 class=\"sub-title-primary\">El paso de 25 a\u00f1os del crimen del reportero gr\u00e1fico asesinado trajo consecuencias m\u00faltiples en el universo de la comunicaci\u00f3n y su v\u00ednculo con el poder en la Argentina.<\/h2> <p><img decoding=\"async\" loading=\"lazy\" class=\"alignnone size-full wp-image-644407\" src=\"https:\/\/www.diario5.com.ar\/wp-content\/uploads\/2022\/01\/Jose_Luis_Cabezas.jpg\" alt=\"\" width=\"1116\" height=\"720\" srcset=\"https:\/\/www.diario5.com.ar\/wp-content\/uploads\/2022\/01\/Jose_Luis_Cabezas.jpg 1116w, https:\/\/www.diario5.com.ar\/wp-content\/uploads\/2022\/01\/Jose_Luis_Cabezas-300x194.jpg 300w, https:\/\/www.diario5.com.ar\/wp-content\/uploads\/2022\/01\/Jose_Luis_Cabezas-1024x661.jpg 1024w, https:\/\/www.diario5.com.ar\/wp-content\/uploads\/2022\/01\/Jose_Luis_Cabezas-768x495.jpg 768w\" sizes=\"(max-width: 1116px) 100vw, 1116px\" \/><\/p>\n<p>Jos\u00e9 Luis Cabezas es, probablemente, el m\u00e1ximo s\u00edmbolo del periodismo que sufre la intolerancia del poder, pagando con su vida en el ejercicio de su actividad profesional: En nombre de eso, hoy es el D\u00eda del reportero Gr\u00e1fico en el pa\u00eds.<\/p>\n<p>El 25 de agosto de 1995, el entonces ministro de Econom\u00eda, Domingo Cavallo, acus\u00f3 al empresario del clearing bancario Alfredo Yabr\u00e1n, de ser el l\u00edder de una \u00abmafia enredada en el poder\u00bb.<\/p>\n<p>En ese momento, no exist\u00edan fotos de Yabr\u00e1n de dominio p\u00fablico.\u00a0Se dec\u00eda que ni siquiera los \u00abservicios\u00bb ten\u00edan una. Durante las entrevistas que concedi\u00f3, no hab\u00eda permitido que nadie le tomara una foto.<\/p>\n<p>Pero el 16 de febrero de 1996 que Cabezas, disfrazado de turista, logr\u00f3 fotografiar a Yabr\u00e1n y su esposa en la playa \u00abMarbella\u00bb de Pinamar. Tres fotos que fueron publicadas en la Revista Noticias el 3 de marzo de 1996 fueron suficientes como para desencadenar una catarata de injustificables demostraciones de poder. Dos d\u00edas despu\u00e9s, el cronista que trabajaba junto a Cabezas, Gabriel Michi, public\u00f3 un informe sobre las actividades comerciales de Yabr\u00e1n. A medida que avanzaba la historia, Cabezas recibi\u00f3 varias amenazas de muerte.<\/p>\n<p>En la temporada de verano siguiente, el 25 de enero de 1997, Cabezas estaba de regreso en Pinamar para cubrir las instancias period\u00edsticas de la acostumbrada celebraci\u00f3n del cumplea\u00f1os del operador postal Oscar Andreani. A la salida de la fiesta fue secuestrado por desconocidos\u00a0 y llevado a una cava en las afueras de Pinamar. All\u00ed lo mataron de dos tiros en la cabeza y el cuerpo fue calcinado en el auto alquilado por Noticias .<\/p>\n<p>La situaci\u00f3n pol\u00edtica de ese momento ubica al asesinato durante la gesti\u00f3n de Carlos Menen en la Naci\u00f3n y de Eduardo Duhalde como Gobernador de la Provincia de Buenos Aires. Con el retorcimiento habitual de algunos analistas, cuya seriedad siempre queda a mitad camino de lo que se espera, el hecho fue considerado una posible se\u00f1al delictiva de la Polic\u00eda de la Provincia de Buenos Aires a la c\u00fapula policial.<\/p>\n<p>Tanto\u00a0 Menem, como Duhalde declararon que les hab\u00edan \u201carrojado un cad\u00e1ver\u201d. El \u00abCal-lo\u00bb prometi\u00f3 resolver el caso. Pero s\u00f3lo entorpeci\u00f3 las investigaciones. Menem demostr\u00f3 que sarase\u00f3 y carete\u00f3 con su postura, dada la naturaleza de la investigaci\u00f3n y sus estrechos contactos con Alfredo Yabr\u00e1n, ya por entonces, el deschavad\u00edsimo sospechoso de instigar el asesinato. A mediados del 1997, el periodismo, la justicia y decenas de empresarios perjudicados por Yabr\u00e1n forzaron al gobierno a reconocer que muchos de los funcionarios ten\u00edan alg\u00fan tipo de v\u00ednculo con Don Afredo. En 2001 explot\u00f3 la denuncia de que Menem se mudaba a una lujosa casa que hab\u00eda sido regalo de Yabr\u00e1n.<\/p>\n<p>Al momento del asesinato, la prensa argentina en general y la revista Noticias en particular, gozaban de buena reputaci\u00f3n por denunciar casos de corrupci\u00f3n . El asesinato de Cabezas ha sido atribuido a personas e instituciones corruptas como un ataque a la libertad de prensa. Medios de comunicaci\u00f3n, asociaciones de periodistas, activistas de derechos humanos y numerosos ciudadanos se manifestaron p\u00fablicamente por un r\u00e1pido esclarecimiento del caso. El lema \u00a1No se olviden de Cabezas! se convirti\u00f3 en un s\u00edmbolo del deseo de justicia y contra la impunidad de los perpetradores<\/p>\n<p>Por diferentes circunstancias, Diario 5 se\u00f1al\u00f3 sin miramientos las flaquezas de dos sectores comercialistas del periodismo, especialmente enrolados en el macrismo y el kirchnerismo -las dos oleadas pol\u00edticas m\u00e1s nocivas que arreciaron en la Argentina y que se mantienen firmes y bastante exitosos en su decisi\u00f3n de convencer a m\u00e1s y m\u00e1s gente de que hay que seguir hasta que de este pa\u00eds no quede nada- que demostraron a pura hipocres\u00eda que se hab\u00edan olvidado de Cabezas, especialmente el d\u00eda en que se quedaron calladitos cuando un petardo le hizo perder un ojo a un periodista chileno en un partido de f\u00fatbol.<\/p>\n<p>&nbsp;<\/p>\n<p>Rumbo al juicio<\/p>\n<p>Las primeras investigaciones en enero de 1997 fueron contra Alfredo Yabr\u00e1n por un lado y por otro contra personal de la polic\u00eda bonaerense y su jefe Pedro Klodzyk, quien en agosto de 1996 critic\u00f3 duramente la nota \u00abLa Maldita Polic\u00eda\u00bb, de la que hab\u00eda participado Cabezas. La nota, obviamente, inclu\u00eda todo tipo de delitos cometidos por canas de todos los rangos<\/p>\n<p>Alfredo Yabr\u00e1n compareci\u00f3 ante un Juzgado Penal en Buenos Aires el 11 de febrero de 1997 y neg\u00f3 ser el instigador del asesinato de Cabezas.<\/p>\n<p>En la mayor\u00eda de las webs que recuerdan el caso se publica una seguidilla de hechos que abarcan todo el a\u00f1o 1997.<\/p>\n<p>La detenci\u00f3n en Mar del Plata de cinco miembros de la banda de Pepita la Pistolera, supuestamente sospechosos, el desfile en tribunales de funcionarios menemistas encumbrados, como Carlos Corach y Alberto Kohan, que informaron al juez de instrucci\u00f3n que el arma utilizada por el \u00abpepita\u00bb Luis Mart\u00ednez Maidana fue el arma utilizada en el asesinato.<\/p>\n<p>En marzo, un ex guardaespaldas de Yabr\u00e1n, Francisco C\u00e1ceres revel\u00f3 que el capomafia estaba perturbado por las fotos tomadas por Cabezas.<br \/>\nAparece la banda de \u00abLos Horneros\u00bb y un miembro admite su participaci\u00f3n en el crimen en una reuni\u00f3n con el gobernador Duhalde, quien informa al juez de instrucci\u00f3n Jos\u00e9 Luis Macchi.<\/p>\n<p>Los horneros Horacio Braga y H\u00e9ctor Retana y el polic\u00eda Gustavo Prellezo fueron detenidos el 9 de abril bajo sospecha de delito.<\/p>\n<p>En abril detienen a otro hornero, Sergio Gonz\u00e1lez, que declar\u00f3 contundente: Prellezo dispar\u00f3 y mat\u00f3 a Cabezas. Paralelamente, Yabr\u00e1n declar\u00f3 ante la Comisi\u00f3n Antimafia del Congreso y arrestaron al oficial de polic\u00eda Sergio Camaratta, tambi\u00e9n sospechoso. Los horneros parecen recibir presiones y fueron vendi\u00e9ndose uno por uno,\u00a0 como Jos\u00e9 Luis Auge, que se entreg\u00f3 en La Plata.<\/p>\n<p>Braga declara que Camaratta estaba siguiendo a Jos\u00e9 Luis y que les avis\u00f3 a los \u00abmano de obra\u00bb del crimen que Cabezas estaba saliendo de la fiesta de Andreani.<\/p>\n<p>La cosa se pone jodida para Yabr\u00e1n cuando saltan las comunicaciones telef\u00f3nicas entre la empresa Bridees y Prellezo. Se repiti\u00f3 el esquema desde otra empresa de Yabr\u00e1n llamada \u00abYabito\u00bb.<\/p>\n<p>El 7 de mayo, Alfredo Yabr\u00e1n y su jefe de custodia, Gregorio R\u00edos, declararon por primera vez ante los investigadores e Dolores. Despu\u00e9s de eso, una fuente cercana al juez Jos\u00e9 Luis Macchi se lament\u00f3 ante un cronista del diario La Naci\u00f3n: \u00abNo sue\u00f1en con ver a Yabr\u00e1n en Dolores a corto plazo, porque Macchi cree que lo que tiene no le alcanza para citarlo nuevamente\u00bb<\/p>\n<p>El caso se pone a rojo cuando la c\u00e1mara de Cabezas fue descubierta en el fondo de un canal y el guardaespaldas de Yabr\u00e1n, Roberto Archuvi, admiti\u00f3 haber llamado a R\u00edos en el momento del crimen.<\/p>\n<p>El d\u00eda en que se cumplieron 5 meses del asesinato de Cabezas, la Casa Rosada le regal\u00f3 el \u00faltimo acto de pleites\u00eda y el gobierno de Carlos I de Anillaco recibi\u00f3 a Yabr\u00e1n. En Plaza de Mayo hab\u00eda manifestantes con pancartas pidiendo justicia por Cabezas.<\/p>\n<p>Pasaron varios meses y -finalmente- el 10 de octubre de 1997, Alfredo Yabr\u00e1n volvi\u00f3 a Dolores a declarar como sospechoso.<\/p>\n<p>La investigaci\u00f3n tuvo una important\u00edsima etapa de trabajo sin demasiada pelotudez medi\u00e1tica. En enredado Santo Biasatti ya hab\u00eda dejado de saludar a p\u00fablico del noticiero \u00abEn S\u00edntesis\u00bb de Canal 13 con la frase \u00abNo se olvide de Jos\u00e9 Luis Cabezas\u00bb, que se le volvi\u00f3 como b\u00famerang, porque no supo canalizarle a la recordaci\u00f3n una continuidad, que m\u00e1s no sea, semanal, ni siquiera mensual.<\/p>\n<p>Arranc\u00f3 1998 y se percib\u00eda en el gobierno un despegue de la figura de Yabr\u00e1n, sobre todo ante la fuerte influencia que sobre una inmensa parte de la Administraci\u00f3n Menem, ejerc\u00eda el ministro de Econom\u00eda, Domingo Cavallo, abiertamente enemistado con Yabr\u00e1n.<\/p>\n<p>Flojita pa&#8217; los secretos del hampa, el 15 de mayo, la esposa de Prellezo, acorralada por las evidencias que surgieron de la investigaci\u00f3n, declar\u00f3 que su esposo le admiti\u00f3 que Yabr\u00e1n estaba detr\u00e1s del crimen. El mismo d\u00eda se emiti\u00f3 una orden de arresto contra Yabr\u00e1n.<\/p>\n<p>Yabr\u00e1n estuvo cinco d\u00edas pr\u00f3fugo y el 20 de mayo, su cuerpo fue descubierto en su finca cerca de Gualeguaych\u00fa, en la provincia de Entre R\u00edos. La autopsia revel\u00f3, naturalmente, que se peg\u00f3 un tiro para evitar el arresto.<\/p>\n<p><!--googleoff: index-->Es com\u00fan ver la imagen de Jos\u00e9 Luis Cabezas en muchos escritorios de la redacci\u00f3n de Editorial Perfil, donde sus compa\u00f1eros le rinden homenaje todos los 25 de enero y al que este medio se suma cada a\u00f1o.<\/p>\n<p>&nbsp;<\/p>\n<p>&nbsp;<\/p>\n<h6 class=\"com-subhead --bajada --m-xs\">* La expresi\u00f3n elegida para el t\u00edtulo la acu\u00f1\u00f3 por primera vez el periodista Bartolom\u00e9 de Vedia para su nota \u00ab<a href=\"https:\/\/www.lanacion.com.ar\/politica\/la-historia-apenas-empieza-nid97329\/\" target=\"_blank\" rel=\"noopener\">La Historia apenas empieza<\/a>\u00ab, publicada en el diario La Naci\u00f3n, el 21 de mayo de 1998.<\/h6>\n<p>&nbsp;<\/p>\n<p><img decoding=\"async\" loading=\"lazy\" class=\"alignnone size-large wp-image-644674\" title=\"La c\u00e1mara valiente\" src=\"https:\/\/www.diario5.com.ar\/wp-content\/uploads\/2022\/01\/la_capital20220125-1-757x1024.jpg\" alt=\"La c\u00e1mara valiente\" width=\"757\" height=\"1024\" srcset=\"https:\/\/www.diario5.com.ar\/wp-content\/uploads\/2022\/01\/la_capital20220125-1-757x1024.jpg 757w, https:\/\/www.diario5.com.ar\/wp-content\/uploads\/2022\/01\/la_capital20220125-1-222x300.jpg 222w, https:\/\/www.diario5.com.ar\/wp-content\/uploads\/2022\/01\/la_capital20220125-1-768x1039.jpg 768w, https:\/\/www.diario5.com.ar\/wp-content\/uploads\/2022\/01\/la_capital20220125-1-1135x1536.jpg 1135w, https:\/\/www.diario5.com.ar\/wp-content\/uploads\/2022\/01\/la_capital20220125-1-1514x2048.jpg 1514w, https:\/\/www.diario5.com.ar\/wp-content\/uploads\/2022\/01\/la_capital20220125-1.jpg 1774w\" sizes=\"(max-width: 757px) 100vw, 757px\" \/><\/p>\n<p><img decoding=\"async\" loading=\"lazy\" class=\"alignnone size-large wp-image-644615\" title=\"La c\u00e1mara valiente\" src=\"https:\/\/www.diario5.com.ar\/wp-content\/uploads\/2022\/01\/ar_ambito20220125-744x1024.jpg\" alt=\"La c\u00e1mara valiente\" width=\"744\" height=\"1024\" srcset=\"https:\/\/www.diario5.com.ar\/wp-content\/uploads\/2022\/01\/ar_ambito20220125-744x1024.jpg 744w, https:\/\/www.diario5.com.ar\/wp-content\/uploads\/2022\/01\/ar_ambito20220125-218x300.jpg 218w, https:\/\/www.diario5.com.ar\/wp-content\/uploads\/2022\/01\/ar_ambito20220125-768x1057.jpg 768w, https:\/\/www.diario5.com.ar\/wp-content\/uploads\/2022\/01\/ar_ambito20220125-1116x1536.jpg 1116w, https:\/\/www.diario5.com.ar\/wp-content\/uploads\/2022\/01\/ar_ambito20220125.jpg 1422w\" sizes=\"(max-width: 744px) 100vw, 744px\" \/><\/p>\n<p>&nbsp;<\/p>\n<p><img decoding=\"async\" loading=\"lazy\" class=\"alignnone size-large wp-image-644616\" title=\"La c\u00e1mara valiente\" src=\"https:\/\/www.diario5.com.ar\/wp-content\/uploads\/2022\/01\/voz_chaco20220125-841x1024.jpg\" alt=\"La c\u00e1mara valiente\" width=\"841\" height=\"1024\" srcset=\"https:\/\/www.diario5.com.ar\/wp-content\/uploads\/2022\/01\/voz_chaco20220125-841x1024.jpg 841w, https:\/\/www.diario5.com.ar\/wp-content\/uploads\/2022\/01\/voz_chaco20220125-246x300.jpg 246w, https:\/\/www.diario5.com.ar\/wp-content\/uploads\/2022\/01\/voz_chaco20220125-768x935.jpg 768w, https:\/\/www.diario5.com.ar\/wp-content\/uploads\/2022\/01\/voz_chaco20220125.jpg 1214w\" sizes=\"(max-width: 841px) 100vw, 841px\" \/><\/p>\n<p><img decoding=\"async\" loading=\"lazy\" class=\"alignnone size-large wp-image-644617\" title=\"La c\u00e1mara valiente\" src=\"https:\/\/www.diario5.com.ar\/wp-content\/uploads\/2022\/01\/ar_diario_madryn20220125-747x1024.jpg\" alt=\"La c\u00e1mara valiente\" width=\"747\" height=\"1024\" srcset=\"https:\/\/www.diario5.com.ar\/wp-content\/uploads\/2022\/01\/ar_diario_madryn20220125-747x1024.jpg 747w, https:\/\/www.diario5.com.ar\/wp-content\/uploads\/2022\/01\/ar_diario_madryn20220125-219x300.jpg 219w, https:\/\/www.diario5.com.ar\/wp-content\/uploads\/2022\/01\/ar_diario_madryn20220125.jpg 764w\" sizes=\"(max-width: 747px) 100vw, 747px\" \/><\/p>\n<p>&nbsp;<\/p>\n<p><img decoding=\"async\" loading=\"lazy\" class=\"alignnone size-large wp-image-644675\" title=\"La c\u00e1mara valiente\" src=\"https:\/\/www.diario5.com.ar\/wp-content\/uploads\/2022\/01\/ar_cronista20220125-1-718x1024.jpg\" alt=\"La c\u00e1mara valiente\" width=\"718\" height=\"1024\" srcset=\"https:\/\/www.diario5.com.ar\/wp-content\/uploads\/2022\/01\/ar_cronista20220125-1-718x1024.jpg 718w, https:\/\/www.diario5.com.ar\/wp-content\/uploads\/2022\/01\/ar_cronista20220125-1-210x300.jpg 210w, https:\/\/www.diario5.com.ar\/wp-content\/uploads\/2022\/01\/ar_cronista20220125-1.jpg 764w\" sizes=\"(max-width: 718px) 100vw, 718px\" \/><\/p>\n<p><img decoding=\"async\" loading=\"lazy\" class=\"alignnone size-large wp-image-644618\" title=\"La c\u00e1mara valiente\" src=\"https:\/\/www.diario5.com.ar\/wp-content\/uploads\/2022\/01\/buenosaires_economico20220125-861x1024.jpg\" alt=\"La c\u00e1mara valiente\" width=\"861\" height=\"1024\" srcset=\"https:\/\/www.diario5.com.ar\/wp-content\/uploads\/2022\/01\/buenosaires_economico20220125-861x1024.jpg 861w, https:\/\/www.diario5.com.ar\/wp-content\/uploads\/2022\/01\/buenosaires_economico20220125-252x300.jpg 252w, https:\/\/www.diario5.com.ar\/wp-content\/uploads\/2022\/01\/buenosaires_economico20220125-768x913.jpg 768w, https:\/\/www.diario5.com.ar\/wp-content\/uploads\/2022\/01\/buenosaires_economico20220125-1292x1536.jpg 1292w, https:\/\/www.diario5.com.ar\/wp-content\/uploads\/2022\/01\/buenosaires_economico20220125-1722x2048.jpg 1722w, https:\/\/www.diario5.com.ar\/wp-content\/uploads\/2022\/01\/buenosaires_economico20220125.jpg 2018w\" sizes=\"(max-width: 861px) 100vw, 861px\" \/><\/p>\n<p>&nbsp;<\/p>\n<p><img decoding=\"async\" loading=\"lazy\" class=\"alignnone size-large wp-image-644619\" title=\"La c\u00e1mara valiente\" src=\"https:\/\/www.diario5.com.ar\/wp-content\/uploads\/2022\/01\/ar_eldia20220125-683x1024.jpg\" alt=\"La c\u00e1mara valiente\" width=\"683\" height=\"1024\" srcset=\"https:\/\/www.diario5.com.ar\/wp-content\/uploads\/2022\/01\/ar_eldia20220125-683x1024.jpg 683w, https:\/\/www.diario5.com.ar\/wp-content\/uploads\/2022\/01\/ar_eldia20220125-200x300.jpg 200w, https:\/\/www.diario5.com.ar\/wp-content\/uploads\/2022\/01\/ar_eldia20220125-768x1152.jpg 768w, https:\/\/www.diario5.com.ar\/wp-content\/uploads\/2022\/01\/ar_eldia20220125-1024x1536.jpg 1024w, https:\/\/www.diario5.com.ar\/wp-content\/uploads\/2022\/01\/ar_eldia20220125-1365x2048.jpg 1365w, https:\/\/www.diario5.com.ar\/wp-content\/uploads\/2022\/01\/ar_eldia20220125.jpg 1600w\" sizes=\"(max-width: 683px) 100vw, 683px\" \/><\/p>\n<p><img decoding=\"async\" loading=\"lazy\" class=\"alignnone size-large wp-image-644620\" title=\"La c\u00e1mara valiente\" src=\"https:\/\/www.diario5.com.ar\/wp-content\/uploads\/2022\/01\/ar_hoy20220125-775x1024.jpg\" alt=\"La c\u00e1mara valiente\" width=\"775\" height=\"1024\" srcset=\"https:\/\/www.diario5.com.ar\/wp-content\/uploads\/2022\/01\/ar_hoy20220125-775x1024.jpg 775w, https:\/\/www.diario5.com.ar\/wp-content\/uploads\/2022\/01\/ar_hoy20220125-227x300.jpg 227w, https:\/\/www.diario5.com.ar\/wp-content\/uploads\/2022\/01\/ar_hoy20220125-768x1015.jpg 768w, https:\/\/www.diario5.com.ar\/wp-content\/uploads\/2022\/01\/ar_hoy20220125.jpg 960w\" sizes=\"(max-width: 775px) 100vw, 775px\" \/><\/p>\n<p>&nbsp;<\/p>\n<p>&nbsp;<\/p>\n<p>&nbsp;<\/p>\n<p><img decoding=\"async\" loading=\"lazy\" class=\"alignnone size-large wp-image-644621\" title=\"La c\u00e1mara valiente\" src=\"https:\/\/www.diario5.com.ar\/wp-content\/uploads\/2022\/01\/ar_litoral20220125-773x1024.jpg\" alt=\"La c\u00e1mara valiente\" width=\"773\" height=\"1024\" srcset=\"https:\/\/www.diario5.com.ar\/wp-content\/uploads\/2022\/01\/ar_litoral20220125-773x1024.jpg 773w, https:\/\/www.diario5.com.ar\/wp-content\/uploads\/2022\/01\/ar_litoral20220125-227x300.jpg 227w, https:\/\/www.diario5.com.ar\/wp-content\/uploads\/2022\/01\/ar_litoral20220125-768x1017.jpg 768w, https:\/\/www.diario5.com.ar\/wp-content\/uploads\/2022\/01\/ar_litoral20220125.jpg 1135w\" sizes=\"(max-width: 773px) 100vw, 773px\" \/><\/p>\n<p><img decoding=\"async\" loading=\"lazy\" class=\"alignnone size-large wp-image-644676\" title=\"La c\u00e1mara valiente\" src=\"https:\/\/www.diario5.com.ar\/wp-content\/uploads\/2022\/01\/ar_heraldo20220125-1-612x1024.jpg\" alt=\"La c\u00e1mara valiente\" width=\"612\" height=\"1024\" srcset=\"https:\/\/www.diario5.com.ar\/wp-content\/uploads\/2022\/01\/ar_heraldo20220125-1-612x1024.jpg 612w, https:\/\/www.diario5.com.ar\/wp-content\/uploads\/2022\/01\/ar_heraldo20220125-1-179x300.jpg 179w, https:\/\/www.diario5.com.ar\/wp-content\/uploads\/2022\/01\/ar_heraldo20220125-1.jpg 764w\" sizes=\"(max-width: 612px) 100vw, 612px\" \/><\/p>\n<p>&nbsp;<\/p>\n<p><img decoding=\"async\" loading=\"lazy\" class=\"alignnone size-full wp-image-644622\" title=\"La c\u00e1mara valiente\" src=\"https:\/\/www.diario5.com.ar\/wp-content\/uploads\/2022\/01\/ar_diario_pampa20220125.jpg\" alt=\"La c\u00e1mara valiente\" width=\"764\" height=\"1019\" srcset=\"https:\/\/www.diario5.com.ar\/wp-content\/uploads\/2022\/01\/ar_diario_pampa20220125.jpg 764w, https:\/\/www.diario5.com.ar\/wp-content\/uploads\/2022\/01\/ar_diario_pampa20220125-225x300.jpg 225w\" sizes=\"(max-width: 764px) 100vw, 764px\" \/><\/p>\n<p><img decoding=\"async\" loading=\"lazy\" class=\"alignnone size-large wp-image-644623\" title=\"La c\u00e1mara valiente\" src=\"https:\/\/www.diario5.com.ar\/wp-content\/uploads\/2022\/01\/ar_pagina1220220125-814x1024.jpg\" alt=\"La c\u00e1mara valiente\" width=\"814\" height=\"1024\" srcset=\"https:\/\/www.diario5.com.ar\/wp-content\/uploads\/2022\/01\/ar_pagina1220220125-814x1024.jpg 814w, https:\/\/www.diario5.com.ar\/wp-content\/uploads\/2022\/01\/ar_pagina1220220125-239x300.jpg 239w, https:\/\/www.diario5.com.ar\/wp-content\/uploads\/2022\/01\/ar_pagina1220220125-768x966.jpg 768w, https:\/\/www.diario5.com.ar\/wp-content\/uploads\/2022\/01\/ar_pagina1220220125-1222x1536.jpg 1222w, https:\/\/www.diario5.com.ar\/wp-content\/uploads\/2022\/01\/ar_pagina1220220125.jpg 1527w\" sizes=\"(max-width: 814px) 100vw, 814px\" \/><\/p>\n<p>&nbsp;<\/p>\n<p><img decoding=\"async\" loading=\"lazy\" class=\"alignnone size-large wp-image-644624\" title=\"La c\u00e1mara valiente\" src=\"https:\/\/www.diario5.com.ar\/wp-content\/uploads\/2022\/01\/independiente20220125-744x1024.jpg\" alt=\"La c\u00e1mara valiente\" width=\"744\" height=\"1024\" srcset=\"https:\/\/www.diario5.com.ar\/wp-content\/uploads\/2022\/01\/independiente20220125-744x1024.jpg 744w, https:\/\/www.diario5.com.ar\/wp-content\/uploads\/2022\/01\/independiente20220125-218x300.jpg 218w, https:\/\/www.diario5.com.ar\/wp-content\/uploads\/2022\/01\/independiente20220125-768x1057.jpg 768w, https:\/\/www.diario5.com.ar\/wp-content\/uploads\/2022\/01\/independiente20220125.jpg 814w\" sizes=\"(max-width: 744px) 100vw, 744px\" \/><\/p>\n<p><img decoding=\"async\" loading=\"lazy\" class=\"alignnone size-large wp-image-644625\" title=\"La c\u00e1mara valiente\" src=\"https:\/\/www.diario5.com.ar\/wp-content\/uploads\/2022\/01\/nueva_rioja20220125-724x1024.jpg\" alt=\"La c\u00e1mara valiente\" width=\"724\" height=\"1024\" srcset=\"https:\/\/www.diario5.com.ar\/wp-content\/uploads\/2022\/01\/nueva_rioja20220125-724x1024.jpg 724w, https:\/\/www.diario5.com.ar\/wp-content\/uploads\/2022\/01\/nueva_rioja20220125-212x300.jpg 212w, https:\/\/www.diario5.com.ar\/wp-content\/uploads\/2022\/01\/nueva_rioja20220125.jpg 764w\" sizes=\"(max-width: 724px) 100vw, 724px\" \/><\/p>\n<p><img decoding=\"async\" loading=\"lazy\" class=\"alignnone size-large wp-image-644626\" title=\"La c\u00e1mara valiente\" src=\"https:\/\/www.diario5.com.ar\/wp-content\/uploads\/2022\/01\/ar_losandes20220125-742x1024.jpg\" alt=\"La c\u00e1mara valiente\" width=\"742\" height=\"1024\" srcset=\"https:\/\/www.diario5.com.ar\/wp-content\/uploads\/2022\/01\/ar_losandes20220125-742x1024.jpg 742w, https:\/\/www.diario5.com.ar\/wp-content\/uploads\/2022\/01\/ar_losandes20220125-217x300.jpg 217w, https:\/\/www.diario5.com.ar\/wp-content\/uploads\/2022\/01\/ar_losandes20220125.jpg 764w\" sizes=\"(max-width: 742px) 100vw, 742px\" \/><\/p>\n<p>&nbsp;<\/p>\n<p>&nbsp;<\/p>\n<p>&nbsp;<\/p>\n<p><img decoding=\"async\" loading=\"lazy\" class=\"alignnone size-large wp-image-644677\" title=\"La c\u00e1mara valiente\" src=\"https:\/\/www.diario5.com.ar\/wp-content\/uploads\/2022\/01\/ar_diario_cuyo20220125-1-680x1024.jpg\" alt=\"La c\u00e1mara valiente\" width=\"680\" height=\"1024\" srcset=\"https:\/\/www.diario5.com.ar\/wp-content\/uploads\/2022\/01\/ar_diario_cuyo20220125-1-680x1024.jpg 680w, https:\/\/www.diario5.com.ar\/wp-content\/uploads\/2022\/01\/ar_diario_cuyo20220125-1-199x300.jpg 199w, https:\/\/www.diario5.com.ar\/wp-content\/uploads\/2022\/01\/ar_diario_cuyo20220125-1.jpg 764w\" sizes=\"(max-width: 680px) 100vw, 680px\" \/><\/p>\n<p><img decoding=\"async\" loading=\"lazy\" class=\"alignnone size-full wp-image-644678\" title=\"La c\u00e1mara valiente\" src=\"https:\/\/www.diario5.com.ar\/wp-content\/uploads\/2022\/01\/huarpe20220125-1.jpg\" alt=\"La c\u00e1mara valiente\" width=\"764\" height=\"985\" srcset=\"https:\/\/www.diario5.com.ar\/wp-content\/uploads\/2022\/01\/huarpe20220125-1.jpg 764w, https:\/\/www.diario5.com.ar\/wp-content\/uploads\/2022\/01\/huarpe20220125-1-233x300.jpg 233w\" sizes=\"(max-width: 764px) 100vw, 764px\" \/><\/p>\n<p><img decoding=\"async\" loading=\"lazy\" class=\"alignnone size-large wp-image-644679\" title=\"La c\u00e1mara valiente\" src=\"https:\/\/www.diario5.com.ar\/wp-content\/uploads\/2022\/01\/ar_diario_republica20220125-1-733x1024.jpg\" alt=\"La c\u00e1mara valiente\" width=\"733\" height=\"1024\" srcset=\"https:\/\/www.diario5.com.ar\/wp-content\/uploads\/2022\/01\/ar_diario_republica20220125-1-733x1024.jpg 733w, https:\/\/www.diario5.com.ar\/wp-content\/uploads\/2022\/01\/ar_diario_republica20220125-1-215x300.jpg 215w, https:\/\/www.diario5.com.ar\/wp-content\/uploads\/2022\/01\/ar_diario_republica20220125-1-768x1073.jpg 768w, https:\/\/www.diario5.com.ar\/wp-content\/uploads\/2022\/01\/ar_diario_republica20220125-1-1100x1536.jpg 1100w, https:\/\/www.diario5.com.ar\/wp-content\/uploads\/2022\/01\/ar_diario_republica20220125-1-1466x2048.jpg 1466w, https:\/\/www.diario5.com.ar\/wp-content\/uploads\/2022\/01\/ar_diario_republica20220125-1.jpg 1718w\" sizes=\"(max-width: 733px) 100vw, 733px\" \/><\/p>\n<p><img decoding=\"async\" loading=\"lazy\" class=\"alignnone size-large wp-image-644680\" title=\"La c\u00e1mara valiente\" src=\"https:\/\/www.diario5.com.ar\/wp-content\/uploads\/2022\/01\/ar_litoral_sfe20220125-1-764x1024.jpg\" alt=\"La c\u00e1mara valiente\" width=\"764\" height=\"1024\" srcset=\"https:\/\/www.diario5.com.ar\/wp-content\/uploads\/2022\/01\/ar_litoral_sfe20220125-1-764x1024.jpg 764w, https:\/\/www.diario5.com.ar\/wp-content\/uploads\/2022\/01\/ar_litoral_sfe20220125-1-224x300.jpg 224w, https:\/\/www.diario5.com.ar\/wp-content\/uploads\/2022\/01\/ar_litoral_sfe20220125-1-768x1030.jpg 768w, https:\/\/www.diario5.com.ar\/wp-content\/uploads\/2022\/01\/ar_litoral_sfe20220125-1.jpg 960w\" sizes=\"(max-width: 764px) 100vw, 764px\" \/><\/p>\n<p><img decoding=\"async\" loading=\"lazy\" class=\"alignnone size-large wp-image-644627\" title=\"La c\u00e1mara valiente\" src=\"https:\/\/www.diario5.com.ar\/wp-content\/uploads\/2022\/01\/ciudadano20220125-770x1024.jpg\" alt=\"La c\u00e1mara valiente\" width=\"770\" height=\"1024\" srcset=\"https:\/\/www.diario5.com.ar\/wp-content\/uploads\/2022\/01\/ciudadano20220125-770x1024.jpg 770w, https:\/\/www.diario5.com.ar\/wp-content\/uploads\/2022\/01\/ciudadano20220125-226x300.jpg 226w, https:\/\/www.diario5.com.ar\/wp-content\/uploads\/2022\/01\/ciudadano20220125-768x1021.jpg 768w, https:\/\/www.diario5.com.ar\/wp-content\/uploads\/2022\/01\/ciudadano20220125.jpg 927w\" sizes=\"(max-width: 770px) 100vw, 770px\" \/><\/p>\n<p><img decoding=\"async\" loading=\"lazy\" class=\"alignnone size-large wp-image-644681\" title=\"La c\u00e1mara valiente\" src=\"https:\/\/www.diario5.com.ar\/wp-content\/uploads\/2022\/01\/ar_mirador_provincial20220125-1-768x1024.jpg\" alt=\"La c\u00e1mara valiente\" width=\"768\" height=\"1024\" srcset=\"https:\/\/www.diario5.com.ar\/wp-content\/uploads\/2022\/01\/ar_mirador_provincial20220125-1-768x1025.jpg 768w, https:\/\/www.diario5.com.ar\/wp-content\/uploads\/2022\/01\/ar_mirador_provincial20220125-1-225x300.jpg 225w, https:\/\/www.diario5.com.ar\/wp-content\/uploads\/2022\/01\/ar_mirador_provincial20220125-1.jpg 1024w\" sizes=\"(max-width: 768px) 100vw, 768px\" \/><\/p>\n<p><img decoding=\"async\" loading=\"lazy\" class=\"alignnone size-large wp-image-644628\" title=\"La c\u00e1mara valiente\" src=\"https:\/\/www.diario5.com.ar\/wp-content\/uploads\/2022\/01\/ar_gaceta20220125-625x1024.jpg\" alt=\"La c\u00e1mara valiente\" width=\"625\" height=\"1024\" srcset=\"https:\/\/www.diario5.com.ar\/wp-content\/uploads\/2022\/01\/ar_gaceta20220125-625x1024.jpg 625w, https:\/\/www.diario5.com.ar\/wp-content\/uploads\/2022\/01\/ar_gaceta20220125-183x300.jpg 183w, https:\/\/www.diario5.com.ar\/wp-content\/uploads\/2022\/01\/ar_gaceta20220125-768x1258.jpg 768w, https:\/\/www.diario5.com.ar\/wp-content\/uploads\/2022\/01\/ar_gaceta20220125-938x1536.jpg 938w, https:\/\/www.diario5.com.ar\/wp-content\/uploads\/2022\/01\/ar_gaceta20220125-1250x2048.jpg 1250w, https:\/\/www.diario5.com.ar\/wp-content\/uploads\/2022\/01\/ar_gaceta20220125.jpg 1465w\" sizes=\"(max-width: 625px) 100vw, 625px\" \/><\/p>\n<p><img decoding=\"async\" loading=\"lazy\" class=\"alignnone size-large wp-image-644629\" title=\"La c\u00e1mara valiente\" src=\"https:\/\/www.diario5.com.ar\/wp-content\/uploads\/2022\/01\/ar_cronica20220125-863x1024.jpg\" alt=\"La c\u00e1mara valiente\" width=\"863\" height=\"1024\" srcset=\"https:\/\/www.diario5.com.ar\/wp-content\/uploads\/2022\/01\/ar_cronica20220125-863x1024.jpg 863w, https:\/\/www.diario5.com.ar\/wp-content\/uploads\/2022\/01\/ar_cronica20220125-253x300.jpg 253w, https:\/\/www.diario5.com.ar\/wp-content\/uploads\/2022\/01\/ar_cronica20220125-768x911.jpg 768w, https:\/\/www.diario5.com.ar\/wp-content\/uploads\/2022\/01\/ar_cronica20220125-1294x1536.jpg 1294w, https:\/\/www.diario5.com.ar\/wp-content\/uploads\/2022\/01\/ar_cronica20220125.jpg 1591w\" sizes=\"(max-width: 863px) 100vw, 863px\" \/><\/p>\n<p><img decoding=\"async\" loading=\"lazy\" class=\"alignnone size-large wp-image-644630\" title=\"La c\u00e1mara valiente\" src=\"https:\/\/www.diario5.com.ar\/wp-content\/uploads\/2022\/01\/ar_clarin20220125-742x1024.jpg\" alt=\"La c\u00e1mara valiente\" width=\"742\" height=\"1024\" srcset=\"https:\/\/www.diario5.com.ar\/wp-content\/uploads\/2022\/01\/ar_clarin20220125-742x1024.jpg 742w, https:\/\/www.diario5.com.ar\/wp-content\/uploads\/2022\/01\/ar_clarin20220125-217x300.jpg 217w, https:\/\/www.diario5.com.ar\/wp-content\/uploads\/2022\/01\/ar_clarin20220125-768x1060.jpg 768w, https:\/\/www.diario5.com.ar\/wp-content\/uploads\/2022\/01\/ar_clarin20220125-1112x1536.jpg 1112w, https:\/\/www.diario5.com.ar\/wp-content\/uploads\/2022\/01\/ar_clarin20220125.jpg 1471w\" sizes=\"(max-width: 742px) 100vw, 742px\" \/><\/p>\n<p><img decoding=\"async\" loading=\"lazy\" class=\"alignnone size-large wp-image-644631\" title=\"La c\u00e1mara valiente\" src=\"https:\/\/www.diario5.com.ar\/wp-content\/uploads\/2022\/01\/nacion20220125-681x1024.jpg\" alt=\"La c\u00e1mara valiente\" width=\"681\" height=\"1024\" srcset=\"https:\/\/www.diario5.com.ar\/wp-content\/uploads\/2022\/01\/nacion20220125-681x1024.jpg 681w, https:\/\/www.diario5.com.ar\/wp-content\/uploads\/2022\/01\/nacion20220125-199x300.jpg 199w, https:\/\/www.diario5.com.ar\/wp-content\/uploads\/2022\/01\/nacion20220125.jpg 764w\" sizes=\"(max-width: 681px) 100vw, 681px\" \/><\/p>\n<p>&nbsp;<\/p>\n<p><img decoding=\"async\" loading=\"lazy\" class=\"alignnone size-large wp-image-644632\" title=\"La c\u00e1mara valiente\" src=\"https:\/\/www.diario5.com.ar\/wp-content\/uploads\/2022\/01\/nuevo_diario20220125-742x1024.jpg\" alt=\"La c\u00e1mara valiente\" width=\"742\" height=\"1024\" srcset=\"https:\/\/www.diario5.com.ar\/wp-content\/uploads\/2022\/01\/nuevo_diario20220125-742x1024.jpg 742w, https:\/\/www.diario5.com.ar\/wp-content\/uploads\/2022\/01\/nuevo_diario20220125-217x300.jpg 217w, https:\/\/www.diario5.com.ar\/wp-content\/uploads\/2022\/01\/nuevo_diario20220125.jpg 764w\" sizes=\"(max-width: 742px) 100vw, 742px\" \/><\/p>\n<p>&nbsp;<\/p>\n<p>URUGUAY<\/p>\n<p><img decoding=\"async\" loading=\"lazy\" class=\"alignnone size-full wp-image-644633\" title=\"La c\u00e1mara valiente\" src=\"https:\/\/www.diario5.com.ar\/wp-content\/uploads\/2022\/01\/uy_ladiaria20220125.jpg\" alt=\"La c\u00e1mara valiente\" width=\"764\" height=\"896\" srcset=\"https:\/\/www.diario5.com.ar\/wp-content\/uploads\/2022\/01\/uy_ladiaria20220125.jpg 764w, https:\/\/www.diario5.com.ar\/wp-content\/uploads\/2022\/01\/uy_ladiaria20220125-256x300.jpg 256w\" sizes=\"(max-width: 764px) 100vw, 764px\" \/><\/p>\n<p><img decoding=\"async\" loading=\"lazy\" class=\"alignnone size-large wp-image-644634\" title=\"La c\u00e1mara valiente\" src=\"https:\/\/www.diario5.com.ar\/wp-content\/uploads\/2022\/01\/uy_observador20220125-740x1024.jpg\" alt=\"La c\u00e1mara valiente\" width=\"740\" height=\"1024\" srcset=\"https:\/\/www.diario5.com.ar\/wp-content\/uploads\/2022\/01\/uy_observador20220125-740x1024.jpg 740w, https:\/\/www.diario5.com.ar\/wp-content\/uploads\/2022\/01\/uy_observador20220125-217x300.jpg 217w, https:\/\/www.diario5.com.ar\/wp-content\/uploads\/2022\/01\/uy_observador20220125.jpg 764w\" sizes=\"(max-width: 740px) 100vw, 740px\" \/><\/p>\n<p>BRASIL<br \/>\n<img decoding=\"async\" loading=\"lazy\" class=\"alignnone size-large wp-image-644635\" title=\"La c\u00e1mara valiente\" src=\"https:\/\/www.diario5.com.ar\/wp-content\/uploads\/2022\/01\/br_folha_spaulo20220125-584x1024.jpg\" alt=\"La c\u00e1mara valiente\" width=\"584\" height=\"1024\" srcset=\"https:\/\/www.diario5.com.ar\/wp-content\/uploads\/2022\/01\/br_folha_spaulo20220125-584x1024.jpg 584w, https:\/\/www.diario5.com.ar\/wp-content\/uploads\/2022\/01\/br_folha_spaulo20220125-171x300.jpg 171w, https:\/\/www.diario5.com.ar\/wp-content\/uploads\/2022\/01\/br_folha_spaulo20220125-768x1346.jpg 768w, https:\/\/www.diario5.com.ar\/wp-content\/uploads\/2022\/01\/br_folha_spaulo20220125.jpg 814w\" sizes=\"(max-width: 584px) 100vw, 584px\" \/><\/p>\n<p><img decoding=\"async\" loading=\"lazy\" class=\"alignnone size-large wp-image-644636\" title=\"La c\u00e1mara valiente\" src=\"https:\/\/www.diario5.com.ar\/wp-content\/uploads\/2022\/01\/br_estado_spaulo20220125-657x1024.jpg\" alt=\"La c\u00e1mara valiente\" width=\"657\" height=\"1024\" srcset=\"https:\/\/www.diario5.com.ar\/wp-content\/uploads\/2022\/01\/br_estado_spaulo20220125-657x1024.jpg 657w, https:\/\/www.diario5.com.ar\/wp-content\/uploads\/2022\/01\/br_estado_spaulo20220125-193x300.jpg 193w, https:\/\/www.diario5.com.ar\/wp-content\/uploads\/2022\/01\/br_estado_spaulo20220125.jpg 764w\" sizes=\"(max-width: 657px) 100vw, 657px\" \/><\/p>\n<p>&nbsp;<\/p>\n<p><img decoding=\"async\" loading=\"lazy\" class=\"alignnone size-large wp-image-644637\" title=\"La c\u00e1mara valiente\" src=\"https:\/\/www.diario5.com.ar\/wp-content\/uploads\/2022\/01\/br_oglobo20220125-592x1024.jpg\" alt=\"La c\u00e1mara valiente\" width=\"592\" height=\"1024\" srcset=\"https:\/\/www.diario5.com.ar\/wp-content\/uploads\/2022\/01\/br_oglobo20220125-592x1024.jpg 592w, https:\/\/www.diario5.com.ar\/wp-content\/uploads\/2022\/01\/br_oglobo20220125-174x300.jpg 174w, https:\/\/www.diario5.com.ar\/wp-content\/uploads\/2022\/01\/br_oglobo20220125-768x1327.jpg 768w, https:\/\/www.diario5.com.ar\/wp-content\/uploads\/2022\/01\/br_oglobo20220125.jpg 814w\" sizes=\"(max-width: 592px) 100vw, 592px\" \/><\/p>\n<p>&nbsp;<\/p>\n<p><img decoding=\"async\" loading=\"lazy\" class=\"alignnone size-large wp-image-644638\" title=\"La c\u00e1mara valiente\" src=\"https:\/\/www.diario5.com.ar\/wp-content\/uploads\/2022\/01\/br_tribuna_bahia20220125-571x1024.jpg\" alt=\"La c\u00e1mara valiente\" width=\"571\" height=\"1024\" srcset=\"https:\/\/www.diario5.com.ar\/wp-content\/uploads\/2022\/01\/br_tribuna_bahia20220125-571x1024.jpg 571w, https:\/\/www.diario5.com.ar\/wp-content\/uploads\/2022\/01\/br_tribuna_bahia20220125-167x300.jpg 167w, https:\/\/www.diario5.com.ar\/wp-content\/uploads\/2022\/01\/br_tribuna_bahia20220125-768x1378.jpg 768w, https:\/\/www.diario5.com.ar\/wp-content\/uploads\/2022\/01\/br_tribuna_bahia20220125-856x1536.jpg 856w, https:\/\/www.diario5.com.ar\/wp-content\/uploads\/2022\/01\/br_tribuna_bahia20220125-1142x2048.jpg 1142w, https:\/\/www.diario5.com.ar\/wp-content\/uploads\/2022\/01\/br_tribuna_bahia20220125.jpg 1338w\" sizes=\"(max-width: 571px) 100vw, 571px\" \/><\/p>\n<p><img decoding=\"async\" loading=\"lazy\" class=\"alignnone size-large wp-image-644639\" title=\"La c\u00e1mara valiente\" src=\"https:\/\/www.diario5.com.ar\/wp-content\/uploads\/2022\/01\/br_extra20220125-585x1024.jpg\" alt=\"La c\u00e1mara valiente\" width=\"585\" height=\"1024\" srcset=\"https:\/\/www.diario5.com.ar\/wp-content\/uploads\/2022\/01\/br_extra20220125-585x1024.jpg 585w, https:\/\/www.diario5.com.ar\/wp-content\/uploads\/2022\/01\/br_extra20220125-171x300.jpg 171w, https:\/\/www.diario5.com.ar\/wp-content\/uploads\/2022\/01\/br_extra20220125.jpg 764w\" sizes=\"(max-width: 585px) 100vw, 585px\" \/><\/p>\n<p>PARAGUAY<br \/>\n<img decoding=\"async\" loading=\"lazy\" class=\"alignnone size-large wp-image-644682\" title=\"La c\u00e1mara valiente\" src=\"https:\/\/www.diario5.com.ar\/wp-content\/uploads\/2022\/01\/abccolor20220125-1-751x1024.jpg\" alt=\"La c\u00e1mara valiente\" width=\"751\" height=\"1024\" srcset=\"https:\/\/www.diario5.com.ar\/wp-content\/uploads\/2022\/01\/abccolor20220125-1-751x1024.jpg 751w, https:\/\/www.diario5.com.ar\/wp-content\/uploads\/2022\/01\/abccolor20220125-1-220x300.jpg 220w, https:\/\/www.diario5.com.ar\/wp-content\/uploads\/2022\/01\/abccolor20220125-1.jpg 764w\" sizes=\"(max-width: 751px) 100vw, 751px\" \/><\/p>\n<p><img decoding=\"async\" loading=\"lazy\" class=\"alignnone size-large wp-image-644640\" title=\"La c\u00e1mara valiente\" src=\"https:\/\/www.diario5.com.ar\/wp-content\/uploads\/2022\/01\/nacion20220125-1-768x1024.jpg\" alt=\"La c\u00e1mara valiente\" width=\"768\" height=\"1024\" srcset=\"https:\/\/www.diario5.com.ar\/wp-content\/uploads\/2022\/01\/nacion20220125-1-768x1024.jpg 768w, https:\/\/www.diario5.com.ar\/wp-content\/uploads\/2022\/01\/nacion20220125-1-225x300.jpg 225w, https:\/\/www.diario5.com.ar\/wp-content\/uploads\/2022\/01\/nacion20220125-1-1151x1536.jpg 1151w, https:\/\/www.diario5.com.ar\/wp-content\/uploads\/2022\/01\/nacion20220125-1-1535x2048.jpg 1535w, https:\/\/www.diario5.com.ar\/wp-content\/uploads\/2022\/01\/nacion20220125-1.jpg 1575w\" sizes=\"(max-width: 768px) 100vw, 768px\" \/><\/p>\n<p>&nbsp;<\/p>\n<p>&nbsp;<\/p>\n<p><img decoding=\"async\" loading=\"lazy\" class=\"alignnone size-large wp-image-644683\" title=\"La c\u00e1mara valiente\" src=\"https:\/\/www.diario5.com.ar\/wp-content\/uploads\/2022\/01\/py_5dias20220125-1-762x1024.jpg\" alt=\"La c\u00e1mara valiente\" width=\"762\" height=\"1024\" srcset=\"https:\/\/www.diario5.com.ar\/wp-content\/uploads\/2022\/01\/py_5dias20220125-1-762x1024.jpg 762w, https:\/\/www.diario5.com.ar\/wp-content\/uploads\/2022\/01\/py_5dias20220125-1-223x300.jpg 223w, https:\/\/www.diario5.com.ar\/wp-content\/uploads\/2022\/01\/py_5dias20220125-1-768x1032.jpg 768w, https:\/\/www.diario5.com.ar\/wp-content\/uploads\/2022\/01\/py_5dias20220125-1.jpg 928w\" sizes=\"(max-width: 762px) 100vw, 762px\" \/><\/p>\n<p>&nbsp;<\/p>\n<p>CHILE<br \/>\n<img decoding=\"async\" loading=\"lazy\" class=\"alignnone size-large wp-image-644641\" title=\"La c\u00e1mara valiente\" src=\"https:\/\/www.diario5.com.ar\/wp-content\/uploads\/2022\/01\/cl_mercurio20220125-564x1024.jpg\" alt=\"La c\u00e1mara valiente\" width=\"564\" height=\"1024\" srcset=\"https:\/\/www.diario5.com.ar\/wp-content\/uploads\/2022\/01\/cl_mercurio20220125-564x1024.jpg 564w, https:\/\/www.diario5.com.ar\/wp-content\/uploads\/2022\/01\/cl_mercurio20220125-165x300.jpg 165w, https:\/\/www.diario5.com.ar\/wp-content\/uploads\/2022\/01\/cl_mercurio20220125.jpg 764w\" sizes=\"(max-width: 564px) 100vw, 564px\" \/><\/p>\n<p><img decoding=\"async\" loading=\"lazy\" class=\"alignnone size-full wp-image-644642\" title=\"La c\u00e1mara valiente\" src=\"https:\/\/www.diario5.com.ar\/wp-content\/uploads\/2022\/01\/cl_ultimas_noticias20220125.jpg\" alt=\"La c\u00e1mara valiente\" width=\"792\" height=\"981\" srcset=\"https:\/\/www.diario5.com.ar\/wp-content\/uploads\/2022\/01\/cl_ultimas_noticias20220125.jpg 792w, https:\/\/www.diario5.com.ar\/wp-content\/uploads\/2022\/01\/cl_ultimas_noticias20220125-242x300.jpg 242w, https:\/\/www.diario5.com.ar\/wp-content\/uploads\/2022\/01\/cl_ultimas_noticias20220125-768x951.jpg 768w\" sizes=\"(max-width: 792px) 100vw, 792px\" \/><\/p>\n<p><img decoding=\"async\" loading=\"lazy\" class=\"alignnone size-full wp-image-644643\" title=\"La c\u00e1mara valiente\" src=\"https:\/\/www.diario5.com.ar\/wp-content\/uploads\/2022\/01\/cl_diario_financiero20220125.jpg\" alt=\"La c\u00e1mara valiente\" width=\"764\" height=\"981\" srcset=\"https:\/\/www.diario5.com.ar\/wp-content\/uploads\/2022\/01\/cl_diario_financiero20220125.jpg 764w, https:\/\/www.diario5.com.ar\/wp-content\/uploads\/2022\/01\/cl_diario_financiero20220125-234x300.jpg 234w\" sizes=\"(max-width: 764px) 100vw, 764px\" \/><\/p>\n<p><img decoding=\"async\" loading=\"lazy\" class=\"alignnone size-large wp-image-644684\" title=\"La c\u00e1mara valiente\" src=\"https:\/\/www.diario5.com.ar\/wp-content\/uploads\/2022\/01\/estrella_iquique20220125-1-814x1024.jpg\" alt=\"La c\u00e1mara valiente\" width=\"814\" height=\"1024\" srcset=\"https:\/\/www.diario5.com.ar\/wp-content\/uploads\/2022\/01\/estrella_iquique20220125-1-814x1024.jpg 814w, https:\/\/www.diario5.com.ar\/wp-content\/uploads\/2022\/01\/estrella_iquique20220125-1-238x300.jpg 238w, https:\/\/www.diario5.com.ar\/wp-content\/uploads\/2022\/01\/estrella_iquique20220125-1-768x966.jpg 768w, https:\/\/www.diario5.com.ar\/wp-content\/uploads\/2022\/01\/estrella_iquique20220125-1-1221x1536.jpg 1221w, https:\/\/www.diario5.com.ar\/wp-content\/uploads\/2022\/01\/estrella_iquique20220125-1.jpg 1328w\" sizes=\"(max-width: 814px) 100vw, 814px\" \/><\/p>\n<p><img decoding=\"async\" loading=\"lazy\" class=\"alignnone size-large wp-image-644685\" title=\"La c\u00e1mara valiente\" src=\"https:\/\/www.diario5.com.ar\/wp-content\/uploads\/2022\/01\/mercurio_antofagasta20220125-1-689x1024.jpg\" alt=\"La c\u00e1mara valiente\" width=\"689\" height=\"1024\" srcset=\"https:\/\/www.diario5.com.ar\/wp-content\/uploads\/2022\/01\/mercurio_antofagasta20220125-1-689x1024.jpg 689w, https:\/\/www.diario5.com.ar\/wp-content\/uploads\/2022\/01\/mercurio_antofagasta20220125-1-202x300.jpg 202w, https:\/\/www.diario5.com.ar\/wp-content\/uploads\/2022\/01\/mercurio_antofagasta20220125-1-768x1142.jpg 768w, https:\/\/www.diario5.com.ar\/wp-content\/uploads\/2022\/01\/mercurio_antofagasta20220125-1-1033x1536.jpg 1033w, https:\/\/www.diario5.com.ar\/wp-content\/uploads\/2022\/01\/mercurio_antofagasta20220125-1.jpg 1328w\" sizes=\"(max-width: 689px) 100vw, 689px\" \/><\/p>\n<p><img decoding=\"async\" loading=\"lazy\" class=\"alignnone size-large wp-image-644644\" title=\"La c\u00e1mara valiente\" src=\"https:\/\/www.diario5.com.ar\/wp-content\/uploads\/2022\/01\/cl_eldia20220125-743x1024.jpg\" alt=\"La c\u00e1mara valiente\" width=\"743\" height=\"1024\" srcset=\"https:\/\/www.diario5.com.ar\/wp-content\/uploads\/2022\/01\/cl_eldia20220125-743x1024.jpg 743w, https:\/\/www.diario5.com.ar\/wp-content\/uploads\/2022\/01\/cl_eldia20220125-218x300.jpg 218w, https:\/\/www.diario5.com.ar\/wp-content\/uploads\/2022\/01\/cl_eldia20220125-768x1059.jpg 768w, https:\/\/www.diario5.com.ar\/wp-content\/uploads\/2022\/01\/cl_eldia20220125.jpg 1014w\" sizes=\"(max-width: 743px) 100vw, 743px\" \/><\/p>\n<p><img decoding=\"async\" loading=\"lazy\" class=\"alignnone size-large wp-image-644645\" title=\"La c\u00e1mara valiente\" src=\"https:\/\/www.diario5.com.ar\/wp-content\/uploads\/2022\/01\/mercurio_valpo20220125-730x1024.jpg\" alt=\"La c\u00e1mara valiente\" width=\"730\" height=\"1024\" srcset=\"https:\/\/www.diario5.com.ar\/wp-content\/uploads\/2022\/01\/mercurio_valpo20220125-730x1024.jpg 730w, https:\/\/www.diario5.com.ar\/wp-content\/uploads\/2022\/01\/mercurio_valpo20220125-214x300.jpg 214w, https:\/\/www.diario5.com.ar\/wp-content\/uploads\/2022\/01\/mercurio_valpo20220125-768x1078.jpg 768w, https:\/\/www.diario5.com.ar\/wp-content\/uploads\/2022\/01\/mercurio_valpo20220125-1095x1536.jpg 1095w, https:\/\/www.diario5.com.ar\/wp-content\/uploads\/2022\/01\/mercurio_valpo20220125.jpg 1391w\" sizes=\"(max-width: 730px) 100vw, 730px\" \/><\/p>\n<p><img decoding=\"async\" loading=\"lazy\" class=\"alignnone size-large wp-image-644646\" title=\"La c\u00e1mara valiente\" src=\"https:\/\/www.diario5.com.ar\/wp-content\/uploads\/2022\/01\/estrella_valpo20220125-803x1024.jpg\" alt=\"La c\u00e1mara valiente\" width=\"803\" height=\"1024\" srcset=\"https:\/\/www.diario5.com.ar\/wp-content\/uploads\/2022\/01\/estrella_valpo20220125-803x1024.jpg 803w, https:\/\/www.diario5.com.ar\/wp-content\/uploads\/2022\/01\/estrella_valpo20220125-235x300.jpg 235w, https:\/\/www.diario5.com.ar\/wp-content\/uploads\/2022\/01\/estrella_valpo20220125-768x980.jpg 768w, https:\/\/www.diario5.com.ar\/wp-content\/uploads\/2022\/01\/estrella_valpo20220125-1204x1536.jpg 1204w, https:\/\/www.diario5.com.ar\/wp-content\/uploads\/2022\/01\/estrella_valpo20220125.jpg 1328w\" sizes=\"(max-width: 803px) 100vw, 803px\" \/><\/p>\n<p>&nbsp;<\/p>\n<p><img decoding=\"async\" loading=\"lazy\" class=\"alignnone size-large wp-image-644647\" title=\"La c\u00e1mara valiente\" src=\"https:\/\/www.diario5.com.ar\/wp-content\/uploads\/2022\/01\/austral_temuco20220125-724x1024.jpg\" alt=\"La c\u00e1mara valiente\" width=\"724\" height=\"1024\" srcset=\"https:\/\/www.diario5.com.ar\/wp-content\/uploads\/2022\/01\/austral_temuco20220125-724x1024.jpg 724w, https:\/\/www.diario5.com.ar\/wp-content\/uploads\/2022\/01\/austral_temuco20220125-212x300.jpg 212w, https:\/\/www.diario5.com.ar\/wp-content\/uploads\/2022\/01\/austral_temuco20220125-768x1087.jpg 768w, https:\/\/www.diario5.com.ar\/wp-content\/uploads\/2022\/01\/austral_temuco20220125-1086x1536.jpg 1086w, https:\/\/www.diario5.com.ar\/wp-content\/uploads\/2022\/01\/austral_temuco20220125.jpg 1391w\" sizes=\"(max-width: 724px) 100vw, 724px\" \/><\/p>\n<p><img decoding=\"async\" loading=\"lazy\" class=\"alignnone size-large wp-image-644686\" title=\"La c\u00e1mara valiente\" src=\"https:\/\/www.diario5.com.ar\/wp-content\/uploads\/2022\/01\/estrella_arica20220125-1-808x1024.jpg\" alt=\"La c\u00e1mara valiente\" width=\"808\" height=\"1024\" srcset=\"https:\/\/www.diario5.com.ar\/wp-content\/uploads\/2022\/01\/estrella_arica20220125-1-808x1024.jpg 808w, https:\/\/www.diario5.com.ar\/wp-content\/uploads\/2022\/01\/estrella_arica20220125-1-237x300.jpg 237w, https:\/\/www.diario5.com.ar\/wp-content\/uploads\/2022\/01\/estrella_arica20220125-1-768x973.jpg 768w, https:\/\/www.diario5.com.ar\/wp-content\/uploads\/2022\/01\/estrella_arica20220125-1-1212x1536.jpg 1212w, https:\/\/www.diario5.com.ar\/wp-content\/uploads\/2022\/01\/estrella_arica20220125-1.jpg 1328w\" sizes=\"(max-width: 808px) 100vw, 808px\" \/><\/p>\n<p>COLOMBIA<br \/>\n<img decoding=\"async\" loading=\"lazy\" class=\"alignnone size-large wp-image-644648\" title=\"La c\u00e1mara valiente\" src=\"https:\/\/www.diario5.com.ar\/wp-content\/uploads\/2022\/01\/co_espectador20220125-708x1024.jpg\" alt=\"La c\u00e1mara valiente\" width=\"708\" height=\"1024\" srcset=\"https:\/\/www.diario5.com.ar\/wp-content\/uploads\/2022\/01\/co_espectador20220125-708x1024.jpg 708w, https:\/\/www.diario5.com.ar\/wp-content\/uploads\/2022\/01\/co_espectador20220125-207x300.jpg 207w, https:\/\/www.diario5.com.ar\/wp-content\/uploads\/2022\/01\/co_espectador20220125.jpg 764w\" sizes=\"(max-width: 708px) 100vw, 708px\" \/><\/p>\n<p><img decoding=\"async\" loading=\"lazy\" class=\"alignnone size-large wp-image-644649\" title=\"La c\u00e1mara valiente\" src=\"https:\/\/www.diario5.com.ar\/wp-content\/uploads\/2022\/01\/co_heraldo20220125-523x1024.jpg\" alt=\"La c\u00e1mara valiente\" width=\"523\" height=\"1024\" srcset=\"https:\/\/www.diario5.com.ar\/wp-content\/uploads\/2022\/01\/co_heraldo20220125-523x1024.jpg 523w, https:\/\/www.diario5.com.ar\/wp-content\/uploads\/2022\/01\/co_heraldo20220125-153x300.jpg 153w, https:\/\/www.diario5.com.ar\/wp-content\/uploads\/2022\/01\/co_heraldo20220125.jpg 764w\" sizes=\"(max-width: 523px) 100vw, 523px\" \/><\/p>\n<p><img decoding=\"async\" loading=\"lazy\" class=\"alignnone size-large wp-image-644650\" title=\"La c\u00e1mara valiente\" src=\"https:\/\/www.diario5.com.ar\/wp-content\/uploads\/2022\/01\/co_elpais20220125-557x1024.jpg\" alt=\"La c\u00e1mara valiente\" width=\"557\" height=\"1024\" srcset=\"https:\/\/www.diario5.com.ar\/wp-content\/uploads\/2022\/01\/co_elpais20220125-557x1024.jpg 557w, https:\/\/www.diario5.com.ar\/wp-content\/uploads\/2022\/01\/co_elpais20220125-163x300.jpg 163w, https:\/\/www.diario5.com.ar\/wp-content\/uploads\/2022\/01\/co_elpais20220125.jpg 764w\" sizes=\"(max-width: 557px) 100vw, 557px\" \/><\/p>\n<p><img decoding=\"async\" loading=\"lazy\" class=\"alignnone size-large wp-image-644651\" title=\"La c\u00e1mara valiente\" src=\"https:\/\/www.diario5.com.ar\/wp-content\/uploads\/2022\/01\/co_universal20220125-772x1024.jpg\" alt=\"La c\u00e1mara valiente\" width=\"772\" height=\"1024\" srcset=\"https:\/\/www.diario5.com.ar\/wp-content\/uploads\/2022\/01\/co_universal20220125-772x1024.jpg 772w, https:\/\/www.diario5.com.ar\/wp-content\/uploads\/2022\/01\/co_universal20220125-226x300.jpg 226w, https:\/\/www.diario5.com.ar\/wp-content\/uploads\/2022\/01\/co_universal20220125-768x1019.jpg 768w, https:\/\/www.diario5.com.ar\/wp-content\/uploads\/2022\/01\/co_universal20220125.jpg 960w\" sizes=\"(max-width: 772px) 100vw, 772px\" \/><\/p>\n<p><img decoding=\"async\" loading=\"lazy\" class=\"alignnone size-large wp-image-644687\" title=\"La c\u00e1mara valiente\" src=\"https:\/\/www.diario5.com.ar\/wp-content\/uploads\/2022\/01\/co_elcolombiano20220125-1-694x1024.jpg\" alt=\"La c\u00e1mara valiente\" width=\"694\" height=\"1024\" srcset=\"https:\/\/www.diario5.com.ar\/wp-content\/uploads\/2022\/01\/co_elcolombiano20220125-1-694x1024.jpg 694w, https:\/\/www.diario5.com.ar\/wp-content\/uploads\/2022\/01\/co_elcolombiano20220125-1-203x300.jpg 203w, https:\/\/www.diario5.com.ar\/wp-content\/uploads\/2022\/01\/co_elcolombiano20220125-1.jpg 764w\" sizes=\"(max-width: 694px) 100vw, 694px\" \/><\/p>\n<p>PERU<br \/>\n<img decoding=\"async\" loading=\"lazy\" class=\"alignnone size-large wp-image-644652\" title=\"La c\u00e1mara valiente\" src=\"https:\/\/www.diario5.com.ar\/wp-content\/uploads\/2022\/01\/pe_comercio20220125-680x1024.jpg\" alt=\"La c\u00e1mara valiente\" width=\"680\" height=\"1024\" srcset=\"https:\/\/www.diario5.com.ar\/wp-content\/uploads\/2022\/01\/pe_comercio20220125-680x1024.jpg 680w, https:\/\/www.diario5.com.ar\/wp-content\/uploads\/2022\/01\/pe_comercio20220125-199x300.jpg 199w, https:\/\/www.diario5.com.ar\/wp-content\/uploads\/2022\/01\/pe_comercio20220125.jpg 764w\" sizes=\"(max-width: 680px) 100vw, 680px\" \/><\/p>\n<p><img decoding=\"async\" loading=\"lazy\" class=\"alignnone size-full wp-image-644688\" title=\"La c\u00e1mara valiente\" src=\"https:\/\/www.diario5.com.ar\/wp-content\/uploads\/2022\/01\/pe_peru2120220125-1.jpg\" alt=\"La c\u00e1mara valiente\" width=\"764\" height=\"798\" srcset=\"https:\/\/www.diario5.com.ar\/wp-content\/uploads\/2022\/01\/pe_peru2120220125-1.jpg 764w, https:\/\/www.diario5.com.ar\/wp-content\/uploads\/2022\/01\/pe_peru2120220125-1-287x300.jpg 287w\" sizes=\"(max-width: 764px) 100vw, 764px\" \/><\/p>\n<p><img decoding=\"async\" loading=\"lazy\" class=\"alignnone size-large wp-image-644689\" title=\"La c\u00e1mara valiente\" src=\"https:\/\/www.diario5.com.ar\/wp-content\/uploads\/2022\/01\/pe_correo20220125-1-1018x1024.jpg\" alt=\"La c\u00e1mara valiente\" width=\"1018\" height=\"1024\" srcset=\"https:\/\/www.diario5.com.ar\/wp-content\/uploads\/2022\/01\/pe_correo20220125-1-1018x1024.jpg 1018w, https:\/\/www.diario5.com.ar\/wp-content\/uploads\/2022\/01\/pe_correo20220125-1-298x300.jpg 298w, https:\/\/www.diario5.com.ar\/wp-content\/uploads\/2022\/01\/pe_correo20220125-1-150x150.jpg 150w, https:\/\/www.diario5.com.ar\/wp-content\/uploads\/2022\/01\/pe_correo20220125-1-768x773.jpg 768w, https:\/\/www.diario5.com.ar\/wp-content\/uploads\/2022\/01\/pe_correo20220125-1.jpg 1183w\" sizes=\"(max-width: 1018px) 100vw, 1018px\" \/><\/p>\n<p>&nbsp;<\/p>\n<p>&nbsp;<\/p>\n<p><img decoding=\"async\" loading=\"lazy\" class=\"alignnone size-full wp-image-644653\" title=\"La c\u00e1mara valiente\" src=\"https:\/\/www.diario5.com.ar\/wp-content\/uploads\/2022\/01\/pe_gestion20220125.jpg\" alt=\"La c\u00e1mara valiente\" width=\"764\" height=\"793\" srcset=\"https:\/\/www.diario5.com.ar\/wp-content\/uploads\/2022\/01\/pe_gestion20220125.jpg 764w, https:\/\/www.diario5.com.ar\/wp-content\/uploads\/2022\/01\/pe_gestion20220125-289x300.jpg 289w\" sizes=\"(max-width: 764px) 100vw, 764px\" \/><\/p>\n<p>&nbsp;<\/p>","protected":false},"excerpt":{"rendered":"<p>El paso de 25 a\u00f1os del crimen del reportero gr\u00e1fico asesinado trajo consecuencias m\u00faltiples en el universo de la comunicaci\u00f3n y su v\u00ednculo con el poder en la Argentina. Jos\u00e9 Luis Cabezas es, probablemente, el m\u00e1ximo s\u00edmbolo del periodismo que sufre la intolerancia del poder, pagando con su vida en el ejercicio de su actividad [&hellip;]<\/p>","protected":false},"author":4,"featured_media":644407,"comment_status":"open","ping_status":"open","sticky":false,"template":"","format":"standard","meta":[],"categories":[44,75,56],"tags":[150,146,143,148,147,144,145,149],"series":[],"_links":{"self":[{"href":"https:\/\/www.diario5.com.ar\/es\/wp-json\/wp\/v2\/posts\/636135"}],"collection":[{"href":"https:\/\/www.diario5.com.ar\/es\/wp-json\/wp\/v2\/posts"}],"about":[{"href":"https:\/\/www.diario5.com.ar\/es\/wp-json\/wp\/v2\/types\/post"}],"author":[{"embeddable":true,"href":"https:\/\/www.diario5.com.ar\/es\/wp-json\/wp\/v2\/users\/4"}],"replies":[{"embeddable":true,"href":"https:\/\/www.diario5.com.ar\/es\/wp-json\/wp\/v2\/comments?post=636135"}],"version-history":[{"count":8,"href":"https:\/\/www.diario5.com.ar\/es\/wp-json\/wp\/v2\/posts\/636135\/revisions"}],"predecessor-version":[{"id":644691,"href":"https:\/\/www.diario5.com.ar\/es\/wp-json\/wp\/v2\/posts\/636135\/revisions\/644691"}],"wp:featuredmedia":[{"embeddable":true,"href":"https:\/\/www.diario5.com.ar\/es\/wp-json\/wp\/v2\/media\/644407"}],"wp:attachment":[{"href":"https:\/\/www.diario5.com.ar\/es\/wp-json\/wp\/v2\/media?parent=636135"}],"wp:term":[{"taxonomy":"category","embeddable":true,"href":"https:\/\/www.diario5.com.ar\/es\/wp-json\/wp\/v2\/categories?post=636135"},{"taxonomy":"post_tag","embeddable":true,"href":"https:\/\/www.diario5.com.ar\/es\/wp-json\/wp\/v2\/tags?post=636135"},{"taxonomy":"series","embeddable":true,"href":"https:\/\/www.diario5.com.ar\/es\/wp-json\/wp\/v2\/series?post=636135"}],"curies":[{"name":"wp","href":"https:\/\/api.w.org\/{rel}","templated":true}]}}