{"id":636124,"date":"2022-01-14T06:50:00","date_gmt":"2022-01-14T09:50:00","guid":{"rendered":"http:\/\/diario5.com.ar\/?p=636124"},"modified":"2022-01-14T07:35:01","modified_gmt":"2022-01-14T10:35:01","slug":"636124","status":"publish","type":"post","link":"https:\/\/www.diario5.com.ar\/es\/636124\/","title":{"rendered":"\u00bfPodr\u00eda el aumento de Omicron acelerar la transici\u00f3n de pandemia a endemia?"},"content":{"rendered":"<h2 class=\"sub-title-primary\"><\/h2> <p>El r\u00e9cord de casos de COVID-19 que se observa en todo el mundo, plantea dudas sobre si la mayor transmisibilidad de la variante Omicron acelerar\u00e1 la transici\u00f3n de una pandemia a una enfermedad end\u00e9mica.<\/p>\n<p>Adem\u00e1s, el fuerte aumento en el n\u00famero de personas que dieron positivo por SARS-CoV-2 \u00bfsignifica que finalmente podr\u00eda lograrse un nivel significativo de &#8216;inmunidad colectiva&#8217;?<\/p>\n<p>Expertos en enfermedades infecciosas de los Estados Unidos opinan sobre estas posibilidades.<\/p>\n<p>Respecto de una eventualidad end\u00e9mica<br \/>\nSin embargo, si el aumento actual significar\u00e1 que el cambio previsto a la endemia de COVID-19 llegar\u00e1 antes, \u00abes muy dif\u00edcil de predecir\u00bb, dijo<\/p>\n<p>\u00abEs una pregunta abierta\u00bb, dijo, \u00absi surgir\u00e1 otra variante altamente transmisible\u00bb.<\/p>\n<p>En una nota positiva, \u00aben este punto, muchas m\u00e1s personas han recibido sus vacunas o han sido infectadas. Y con el tiempo, las infecciones repetidas han llevado a s\u00edntomas m\u00e1s leves\u00bb, agreg\u00f3 Lin, epidemi\u00f3loga del hospital Rush Medical College en Chicago, Illinois.<\/p>\n<p>\u00abPodr\u00eda terminar siendo una variante estacional\u00bb, dijo.<\/p>\n<p>La endemia de COVID-19 es \u00abuna posibilidad real, pero desafortunadamente&#8230; no parece necesariamente que vayamos a tener el mismo patr\u00f3n predecible que tenemos con la gripe\u00bb, dijo Eleftherios Mylonakis, MD, PhD, jefe de enfermedades infecciosas. para Lifespan y sus afiliados en Rhode Island Hospital y Miriam Hospital en Providence.<\/p>\n<p>\u00abTenemos una serie de otros virus que no siguen el mismo patr\u00f3n anual\u00bb, dijo.<\/p>\n<p>Las inc\u00f3gnitas incluyen cu\u00e1nto tiempo durar\u00e1n las respuestas inmunitarias de las personas, incluidas las defensas de las c\u00e9lulas T, en el futuro.<\/p>\n<p>Una transici\u00f3n de pandemia a end\u00e9mica \u00abno es un interruptor de luz y no hay m\u00e9tricas asociadas con lo que end\u00e9mica significa para COVID-19\u00bb, dijo Syra Madad, DHSc., MSc, MCP, epidemi\u00f3loga de enfermedades infecciosas en el Centro Belfer de Ciencias y Ciencias de Harvard. Asuntos Internacionales, Boston, Massachusetts.<\/p>\n<p>\u00abEn cambio, deber\u00edamos continuar enfoc\u00e1ndonos en disminuir las tasas de transmisi\u00f3n y evitar que nuestros hospitales se sobrecarguen\u00bb, dijo.<\/p>\n<p>\u00bfAcelerar la inmunidad de reba\u00f1o?<br \/>\n\u00abLa respuesta corta es s\u00ed\u00bb, dijo Lin cuando se le pregunt\u00f3 si el aumento de la transmisibilidad y el aumento de los casos vinculados al aumento de Omicron podr\u00edan acercar a EE. UU. a la inmunidad colectiva.<\/p>\n<p>\u00abEl giro en toda esta historia\u00bb, dijo, \u00abes que el virus mut\u00f3 lo suficiente como para escapar de las defensas inmunitarias de primera l\u00ednea, espec\u00edficamente los anticuerpos. Es por eso que estamos viendo avances en las infecciones, incluso en poblaciones altamente vacunadas\u00bb.<\/p>\n<p>Mylonakis se mostr\u00f3 m\u00e1s esc\u00e9ptico con respecto a la inmunidad colectiva.<\/p>\n<p>\u00abEl concepto de inmunidad colectiva con un virus que evoluciona r\u00e1pidamente es muy dif\u00edcil\u00bb de abordar, dijo.<\/p>\n<p>Una de las razones es la cantidad de factores desconocidos, dijo Mylonakis. He predicho que surgir\u00e1 una imagen m\u00e1s clara despu\u00e9s de que disminuya la oleada de Omicrons. Adem\u00e1s, con tantas personas infectadas por la variante Omicron, la protecci\u00f3n inmunol\u00f3gica deber\u00eda alcanzar su punto m\u00e1ximo.<\/p>\n<p>\u00abLas personas habr\u00e1n aumentado su inmunidad. Desafortunadamente, no todos, porque hay personas que realmente no pueden montar [una respuesta inmunitaria completa] debido a la edad, a la inmunosupresi\u00f3n, etc.\u00bb, dijo Mylonakis, quien tambi\u00e9n es profesor de enfermedades infecciosas en Brown. Universidad.<\/p>\n<p>\u201cPero la mayor\u00eda de la poblaci\u00f3n estar\u00e1 expuesta y tendr\u00e1 cierto grado de inmunidad\u201d.<\/p>\n<p>Madad estuvo de acuerdo. \u00abLa variante de omicron agregar\u00e1 mucha m\u00e1s inmunidad a nuestra poblaci\u00f3n tanto por la v\u00eda preferida, que es a trav\u00e9s de la vacunaci\u00f3n, como a trav\u00e9s de aquellos que no est\u00e1n vacunados y se infectan con omicron\u00bb, dijo.<\/p>\n<p>\u00abLa v\u00eda para obtener inmunidad a partir de la vacunaci\u00f3n es la opci\u00f3n m\u00e1s segura y ya se est\u00e1n utilizando m\u00e1s de 1 mill\u00f3n de dosis de la vacuna contra el COVID-19 por d\u00eda; esto incluye la primera, la segunda y dosis adicionales como refuerzos\u00bb, agreg\u00f3 Madad, quien es tambi\u00e9n director s\u00e9nior del Programa de Pat\u00f3genos Especiales para todo el Sistema en el Departamento de Salud y Hospitales de la Ciudad de Nueva York.<\/p>\n<p>\u00bfUna oleada m\u00e1s corta e intensa?<br \/>\nLa experiencia del Reino Unido con el COVID-19 a menudo ha servido como indicador de lo que probablemente suceder\u00e1 en los EE. UU. Si ese es el caso con el aumento de Omicron, el pico deber\u00eda durar unas 4 semanas, dijo Mylonakis.<\/p>\n<p>En otras palabras, la propagaci\u00f3n acelerada de Omicron podr\u00eda significar que esta oleada pasa m\u00e1s r\u00e1pido que Delta.<\/p>\n<p>Adem\u00e1s, alguna evidencia sugiere que los anticuerpos neutralizantes producidos por la infecci\u00f3n con Omicron siguen siendo efectivos contra la variante Delta, lo que reduce el riesgo de reinfecciones de Delta con el tiempo.<\/p>\n<p>La capacidad de neutralizar la variante Delta aument\u00f3 m\u00e1s de cuatro veces despu\u00e9s de una mediana de 14 d\u00edas, seg\u00fan los datos de un estudio preliminar publicado el 27 de diciembre en MedRxiv.<\/p>\n<p>Al mismo tiempo, neutraliza<\/p>\n<p><img decoding=\"async\" loading=\"lazy\" class=\"alignnone size-full wp-image-644043\" src=\"https:\/\/www.diario5.com.ar\/wp-content\/uploads\/2022\/01\/shutterstock_162951208320220114.jpg\" width=\"640\" height=\"400\" alt=\"\u00bfPodr\u00eda el aumento de Omicron acelerar la transici\u00f3n de pandemia a endemia?\" title=\"\u00bfPodr\u00eda el aumento de Omicron acelerar la transici\u00f3n de pandemia a endemia?\" srcset=\"https:\/\/www.diario5.com.ar\/wp-content\/uploads\/2022\/01\/shutterstock_162951208320220114.jpg 640w, https:\/\/www.diario5.com.ar\/wp-content\/uploads\/2022\/01\/shutterstock_162951208320220114-300x188.jpg 300w\" sizes=\"(max-width: 640px) 100vw, 640px\" \/><\/p>\n<p><2022><\/p>\n<p><2022><\/p>\n<p><2022><\/p>\n<p><2022><\/p>\n<p><2022>  <img decoding=\"async\" src=\"http:\/\/edicionimpresa.diariocastellanos.net\/diario\/pages\/1.jpg\" \/>  <\/p>\n<p><img decoding=\"async\" loading=\"lazy\" class=\"alignnone size-large wp-image-644044\" src=\"https:\/\/www.diario5.com.ar\/wp-content\/uploads\/2022\/01\/voz_chaco20220114-841x1024.jpg\" width=\"841\" height=\"1024\" alt=\"\u00bfPodr\u00eda el aumento de Omicron acelerar la transici\u00f3n de pandemia a endemia?\" title=\"\u00bfPodr\u00eda el aumento de Omicron acelerar la transici\u00f3n de pandemia a endemia?\" srcset=\"https:\/\/www.diario5.com.ar\/wp-content\/uploads\/2022\/01\/voz_chaco20220114-841x1024.jpg 841w, https:\/\/www.diario5.com.ar\/wp-content\/uploads\/2022\/01\/voz_chaco20220114-246x300.jpg 246w, https:\/\/www.diario5.com.ar\/wp-content\/uploads\/2022\/01\/voz_chaco20220114-768x935.jpg 768w, https:\/\/www.diario5.com.ar\/wp-content\/uploads\/2022\/01\/voz_chaco20220114.jpg 1214w\" sizes=\"(max-width: 841px) 100vw, 841px\" \/><\/p>\n<p><2022><\/p>\n<p><2022><\/p>\n<p><img decoding=\"async\" loading=\"lazy\" class=\"alignnone size-large wp-image-644045\" src=\"https:\/\/www.diario5.com.ar\/wp-content\/uploads\/2022\/01\/ar_cronista20220114-722x1024.jpg\" width=\"722\" height=\"1024\" alt=\"\u00bfPodr\u00eda el aumento de Omicron acelerar la transici\u00f3n de pandemia a endemia?\" title=\"\u00bfPodr\u00eda el aumento de Omicron acelerar la transici\u00f3n de pandemia a endemia?\" srcset=\"https:\/\/www.diario5.com.ar\/wp-content\/uploads\/2022\/01\/ar_cronista20220114-722x1024.jpg 722w, https:\/\/www.diario5.com.ar\/wp-content\/uploads\/2022\/01\/ar_cronista20220114-212x300.jpg 212w, https:\/\/www.diario5.com.ar\/wp-content\/uploads\/2022\/01\/ar_cronista20220114.jpg 764w\" sizes=\"(max-width: 722px) 100vw, 722px\" \/><\/p>\n<p><img decoding=\"async\" loading=\"lazy\" class=\"alignnone size-large wp-image-644046\" src=\"https:\/\/www.diario5.com.ar\/wp-content\/uploads\/2022\/01\/buenosaires_economico20220114-859x1024.jpg\" width=\"859\" height=\"1024\" alt=\"\u00bfPodr\u00eda el aumento de Omicron acelerar la transici\u00f3n de pandemia a endemia?\" title=\"\u00bfPodr\u00eda el aumento de Omicron acelerar la transici\u00f3n de pandemia a endemia?\" srcset=\"https:\/\/www.diario5.com.ar\/wp-content\/uploads\/2022\/01\/buenosaires_economico20220114-859x1024.jpg 859w, https:\/\/www.diario5.com.ar\/wp-content\/uploads\/2022\/01\/buenosaires_economico20220114-252x300.jpg 252w, https:\/\/www.diario5.com.ar\/wp-content\/uploads\/2022\/01\/buenosaires_economico20220114-768x916.jpg 768w, https:\/\/www.diario5.com.ar\/wp-content\/uploads\/2022\/01\/buenosaires_economico20220114-1288x1536.jpg 1288w, https:\/\/www.diario5.com.ar\/wp-content\/uploads\/2022\/01\/buenosaires_economico20220114.jpg 1582w\" sizes=\"(max-width: 859px) 100vw, 859px\" \/><\/p>\n<p><2022><\/p>\n<p><img decoding=\"async\" loading=\"lazy\" class=\"alignnone size-large wp-image-644047\" src=\"https:\/\/www.diario5.com.ar\/wp-content\/uploads\/2022\/01\/ar_eldia20220114-683x1024.jpg\" width=\"683\" height=\"1024\" alt=\"\u00bfPodr\u00eda el aumento de Omicron acelerar la transici\u00f3n de pandemia a endemia?\" title=\"\u00bfPodr\u00eda el aumento de Omicron acelerar la transici\u00f3n de pandemia a endemia?\" srcset=\"https:\/\/www.diario5.com.ar\/wp-content\/uploads\/2022\/01\/ar_eldia20220114-683x1024.jpg 683w, https:\/\/www.diario5.com.ar\/wp-content\/uploads\/2022\/01\/ar_eldia20220114-200x300.jpg 200w, https:\/\/www.diario5.com.ar\/wp-content\/uploads\/2022\/01\/ar_eldia20220114-768x1152.jpg 768w, https:\/\/www.diario5.com.ar\/wp-content\/uploads\/2022\/01\/ar_eldia20220114-1024x1536.jpg 1024w, https:\/\/www.diario5.com.ar\/wp-content\/uploads\/2022\/01\/ar_eldia20220114-1365x2048.jpg 1365w, https:\/\/www.diario5.com.ar\/wp-content\/uploads\/2022\/01\/ar_eldia20220114.jpg 1600w\" sizes=\"(max-width: 683px) 100vw, 683px\" \/><\/p>\n<p><img decoding=\"async\" loading=\"lazy\" class=\"alignnone size-large wp-image-644048\" src=\"https:\/\/www.diario5.com.ar\/wp-content\/uploads\/2022\/01\/ar_hoy20220114-773x1024.jpg\" width=\"773\" height=\"1024\" alt=\"\u00bfPodr\u00eda el aumento de Omicron acelerar la transici\u00f3n de pandemia a endemia?\" title=\"\u00bfPodr\u00eda el aumento de Omicron acelerar la transici\u00f3n de pandemia a endemia?\" srcset=\"https:\/\/www.diario5.com.ar\/wp-content\/uploads\/2022\/01\/ar_hoy20220114-773x1024.jpg 773w, https:\/\/www.diario5.com.ar\/wp-content\/uploads\/2022\/01\/ar_hoy20220114-227x300.jpg 227w, https:\/\/www.diario5.com.ar\/wp-content\/uploads\/2022\/01\/ar_hoy20220114-768x1017.jpg 768w, https:\/\/www.diario5.com.ar\/wp-content\/uploads\/2022\/01\/ar_hoy20220114.jpg 960w\" sizes=\"(max-width: 773px) 100vw, 773px\" \/><\/p>\n<p><2022><\/p>\n<p><2022><\/p>\n<p><2022><\/p>\n<p><img decoding=\"async\" loading=\"lazy\" class=\"alignnone size-large wp-image-644049\" src=\"https:\/\/www.diario5.com.ar\/wp-content\/uploads\/2022\/01\/ar_litoral20220114-783x1024.jpg\" width=\"783\" height=\"1024\" alt=\"\u00bfPodr\u00eda el aumento de Omicron acelerar la transici\u00f3n de pandemia a endemia?\" title=\"\u00bfPodr\u00eda el aumento de Omicron acelerar la transici\u00f3n de pandemia a endemia?\" srcset=\"https:\/\/www.diario5.com.ar\/wp-content\/uploads\/2022\/01\/ar_litoral20220114-783x1024.jpg 783w, https:\/\/www.diario5.com.ar\/wp-content\/uploads\/2022\/01\/ar_litoral20220114-229x300.jpg 229w, https:\/\/www.diario5.com.ar\/wp-content\/uploads\/2022\/01\/ar_litoral20220114-768x1004.jpg 768w, https:\/\/www.diario5.com.ar\/wp-content\/uploads\/2022\/01\/ar_litoral20220114.jpg 1126w\" sizes=\"(max-width: 783px) 100vw, 783px\" \/><\/p>\n<p><2022><\/p>\n<p><2022><\/p>\n<p><img decoding=\"async\" loading=\"lazy\" class=\"alignnone size-full wp-image-644050\" src=\"https:\/\/www.diario5.com.ar\/wp-content\/uploads\/2022\/01\/ar_diario_pampa20220114.jpg\" width=\"764\" height=\"1007\" alt=\"\u00bfPodr\u00eda el aumento de Omicron acelerar la transici\u00f3n de pandemia a endemia?\" title=\"\u00bfPodr\u00eda el aumento de Omicron acelerar la transici\u00f3n de pandemia a endemia?\" srcset=\"https:\/\/www.diario5.com.ar\/wp-content\/uploads\/2022\/01\/ar_diario_pampa20220114.jpg 764w, https:\/\/www.diario5.com.ar\/wp-content\/uploads\/2022\/01\/ar_diario_pampa20220114-228x300.jpg 228w\" sizes=\"(max-width: 764px) 100vw, 764px\" \/><\/p>\n<p><2022><\/p>\n<p><2022><\/p>\n<p><img decoding=\"async\" loading=\"lazy\" class=\"alignnone size-large wp-image-644051\" src=\"https:\/\/www.diario5.com.ar\/wp-content\/uploads\/2022\/01\/independiente20220114-740x1024.jpg\" width=\"740\" height=\"1024\" alt=\"\u00bfPodr\u00eda el aumento de Omicron acelerar la transici\u00f3n de pandemia a endemia?\" title=\"\u00bfPodr\u00eda el aumento de Omicron acelerar la transici\u00f3n de pandemia a endemia?\" srcset=\"https:\/\/www.diario5.com.ar\/wp-content\/uploads\/2022\/01\/independiente20220114-740x1024.jpg 740w, https:\/\/www.diario5.com.ar\/wp-content\/uploads\/2022\/01\/independiente20220114-217x300.jpg 217w, https:\/\/www.diario5.com.ar\/wp-content\/uploads\/2022\/01\/independiente20220114-768x1063.jpg 768w, https:\/\/www.diario5.com.ar\/wp-content\/uploads\/2022\/01\/independiente20220114.jpg 814w\" sizes=\"(max-width: 740px) 100vw, 740px\" \/><\/p>\n<p><img decoding=\"async\" loading=\"lazy\" class=\"alignnone size-large wp-image-644052\" src=\"https:\/\/www.diario5.com.ar\/wp-content\/uploads\/2022\/01\/nueva_rioja20220114-724x1024.jpg\" width=\"724\" height=\"1024\" alt=\"\u00bfPodr\u00eda el aumento de Omicron acelerar la transici\u00f3n de pandemia a endemia?\" title=\"\u00bfPodr\u00eda el aumento de Omicron acelerar la transici\u00f3n de pandemia a endemia?\" srcset=\"https:\/\/www.diario5.com.ar\/wp-content\/uploads\/2022\/01\/nueva_rioja20220114-724x1024.jpg 724w, https:\/\/www.diario5.com.ar\/wp-content\/uploads\/2022\/01\/nueva_rioja20220114-212x300.jpg 212w, https:\/\/www.diario5.com.ar\/wp-content\/uploads\/2022\/01\/nueva_rioja20220114.jpg 764w\" sizes=\"(max-width: 724px) 100vw, 724px\" \/><\/p>\n<p><img decoding=\"async\" loading=\"lazy\" class=\"alignnone size-large wp-image-644053\" src=\"https:\/\/www.diario5.com.ar\/wp-content\/uploads\/2022\/01\/ar_losandes20220114-744x1024.jpg\" width=\"744\" height=\"1024\" alt=\"\u00bfPodr\u00eda el aumento de Omicron acelerar la transici\u00f3n de pandemia a endemia?\" title=\"\u00bfPodr\u00eda el aumento de Omicron acelerar la transici\u00f3n de pandemia a endemia?\" srcset=\"https:\/\/www.diario5.com.ar\/wp-content\/uploads\/2022\/01\/ar_losandes20220114-744x1024.jpg 744w, https:\/\/www.diario5.com.ar\/wp-content\/uploads\/2022\/01\/ar_losandes20220114-218x300.jpg 218w, https:\/\/www.diario5.com.ar\/wp-content\/uploads\/2022\/01\/ar_losandes20220114.jpg 764w\" sizes=\"(max-width: 744px) 100vw, 744px\" \/><\/p>\n<p><img decoding=\"async\" loading=\"lazy\" class=\"alignnone size-large wp-image-644054\" src=\"https:\/\/www.diario5.com.ar\/wp-content\/uploads\/2022\/01\/ar_tribuno20220114-760x1024.jpg\" width=\"760\" height=\"1024\" alt=\"\u00bfPodr\u00eda el aumento de Omicron acelerar la transici\u00f3n de pandemia a endemia?\" title=\"\u00bfPodr\u00eda el aumento de Omicron acelerar la transici\u00f3n de pandemia a endemia?\" srcset=\"https:\/\/www.diario5.com.ar\/wp-content\/uploads\/2022\/01\/ar_tribuno20220114-760x1024.jpg 760w, https:\/\/www.diario5.com.ar\/wp-content\/uploads\/2022\/01\/ar_tribuno20220114-223x300.jpg 223w, https:\/\/www.diario5.com.ar\/wp-content\/uploads\/2022\/01\/ar_tribuno20220114.jpg 768w\" sizes=\"(max-width: 760px) 100vw, 760px\" \/><\/p>\n<p><2022><\/p>\n<p><2022><\/p>\n<p><2022><\/p>\n<p><img decoding=\"async\" loading=\"lazy\" class=\"alignnone size-full wp-image-644055\" src=\"https:\/\/www.diario5.com.ar\/wp-content\/uploads\/2022\/01\/huarpe20220114.jpg\" width=\"764\" height=\"973\" alt=\"\u00bfPodr\u00eda el aumento de Omicron acelerar la transici\u00f3n de pandemia a endemia?\" title=\"\u00bfPodr\u00eda el aumento de Omicron acelerar la transici\u00f3n de pandemia a endemia?\" srcset=\"https:\/\/www.diario5.com.ar\/wp-content\/uploads\/2022\/01\/huarpe20220114.jpg 764w, https:\/\/www.diario5.com.ar\/wp-content\/uploads\/2022\/01\/huarpe20220114-236x300.jpg 236w\" sizes=\"(max-width: 764px) 100vw, 764px\" \/><\/p>\n<p><2022><\/p>\n<p><2022><\/p>\n<p><img decoding=\"async\" loading=\"lazy\" class=\"alignnone size-large wp-image-644056\" src=\"https:\/\/www.diario5.com.ar\/wp-content\/uploads\/2022\/01\/ciudadano20220114-761x1024.jpg\" width=\"761\" height=\"1024\" alt=\"\u00bfPodr\u00eda el aumento de Omicron acelerar la transici\u00f3n de pandemia a endemia?\" title=\"\u00bfPodr\u00eda el aumento de Omicron acelerar la transici\u00f3n de pandemia a endemia?\" srcset=\"https:\/\/www.diario5.com.ar\/wp-content\/uploads\/2022\/01\/ciudadano20220114-761x1024.jpg 761w, https:\/\/www.diario5.com.ar\/wp-content\/uploads\/2022\/01\/ciudadano20220114-223x300.jpg 223w, https:\/\/www.diario5.com.ar\/wp-content\/uploads\/2022\/01\/ciudadano20220114-768x1034.jpg 768w, https:\/\/www.diario5.com.ar\/wp-content\/uploads\/2022\/01\/ciudadano20220114.jpg 896w\" sizes=\"(max-width: 761px) 100vw, 761px\" \/><\/p>\n<p><2022><\/p>\n<p><2022><\/p>\n<p><img decoding=\"async\" loading=\"lazy\" class=\"alignnone size-large wp-image-644057\" src=\"https:\/\/www.diario5.com.ar\/wp-content\/uploads\/2022\/01\/ar_cronica20220114-838x1024.jpg\" width=\"838\" height=\"1024\" alt=\"\u00bfPodr\u00eda el aumento de Omicron acelerar la transici\u00f3n de pandemia a endemia?\" title=\"\u00bfPodr\u00eda el aumento de Omicron acelerar la transici\u00f3n de pandemia a endemia?\" srcset=\"https:\/\/www.diario5.com.ar\/wp-content\/uploads\/2022\/01\/ar_cronica20220114-838x1024.jpg 838w, https:\/\/www.diario5.com.ar\/wp-content\/uploads\/2022\/01\/ar_cronica20220114-245x300.jpg 245w, https:\/\/www.diario5.com.ar\/wp-content\/uploads\/2022\/01\/ar_cronica20220114-768x939.jpg 768w, https:\/\/www.diario5.com.ar\/wp-content\/uploads\/2022\/01\/ar_cronica20220114-1256x1536.jpg 1256w, https:\/\/www.diario5.com.ar\/wp-content\/uploads\/2022\/01\/ar_cronica20220114.jpg 1536w\" sizes=\"(max-width: 838px) 100vw, 838px\" \/><\/p>\n<p><img decoding=\"async\" loading=\"lazy\" class=\"alignnone size-large wp-image-644058\" src=\"https:\/\/www.diario5.com.ar\/wp-content\/uploads\/2022\/01\/ar_clarin20220114-742x1024.jpg\" width=\"742\" height=\"1024\" alt=\"\u00bfPodr\u00eda el aumento de Omicron acelerar la transici\u00f3n de pandemia a endemia?\" title=\"\u00bfPodr\u00eda el aumento de Omicron acelerar la transici\u00f3n de pandemia a endemia?\" srcset=\"https:\/\/www.diario5.com.ar\/wp-content\/uploads\/2022\/01\/ar_clarin20220114-742x1024.jpg 742w, https:\/\/www.diario5.com.ar\/wp-content\/uploads\/2022\/01\/ar_clarin20220114-217x300.jpg 217w, https:\/\/www.diario5.com.ar\/wp-content\/uploads\/2022\/01\/ar_clarin20220114-768x1060.jpg 768w, https:\/\/www.diario5.com.ar\/wp-content\/uploads\/2022\/01\/ar_clarin20220114-1112x1536.jpg 1112w, https:\/\/www.diario5.com.ar\/wp-content\/uploads\/2022\/01\/ar_clarin20220114.jpg 1471w\" sizes=\"(max-width: 742px) 100vw, 742px\" \/><\/p>\n<p><img decoding=\"async\" loading=\"lazy\" class=\"alignnone size-large wp-image-644059\" src=\"https:\/\/www.diario5.com.ar\/wp-content\/uploads\/2022\/01\/nacion20220114-675x1024.jpg\" width=\"675\" height=\"1024\" alt=\"\u00bfPodr\u00eda el aumento de Omicron acelerar la transici\u00f3n de pandemia a endemia?\" title=\"\u00bfPodr\u00eda el aumento de Omicron acelerar la transici\u00f3n de pandemia a endemia?\" srcset=\"https:\/\/www.diario5.com.ar\/wp-content\/uploads\/2022\/01\/nacion20220114-675x1024.jpg 675w, https:\/\/www.diario5.com.ar\/wp-content\/uploads\/2022\/01\/nacion20220114-198x300.jpg 198w, https:\/\/www.diario5.com.ar\/wp-content\/uploads\/2022\/01\/nacion20220114.jpg 764w\" sizes=\"(max-width: 675px) 100vw, 675px\" \/><\/p>\n<p><2022><\/p>\n<p><img decoding=\"async\" loading=\"lazy\" class=\"alignnone size-large wp-image-644060\" src=\"https:\/\/www.diario5.com.ar\/wp-content\/uploads\/2022\/01\/nuevo_diario20220114-744x1024.jpg\" width=\"744\" height=\"1024\" alt=\"\u00bfPodr\u00eda el aumento de Omicron acelerar la transici\u00f3n de pandemia a endemia?\" title=\"\u00bfPodr\u00eda el aumento de Omicron acelerar la transici\u00f3n de pandemia a endemia?\" srcset=\"https:\/\/www.diario5.com.ar\/wp-content\/uploads\/2022\/01\/nuevo_diario20220114-744x1024.jpg 744w, https:\/\/www.diario5.com.ar\/wp-content\/uploads\/2022\/01\/nuevo_diario20220114-218x300.jpg 218w, https:\/\/www.diario5.com.ar\/wp-content\/uploads\/2022\/01\/nuevo_diario20220114.jpg 764w\" sizes=\"(max-width: 744px) 100vw, 744px\" \/><\/p>\n<p><2022><\/p>\n<p>URUGUAY<br \/>\n<2022><\/p>\n<p><img decoding=\"async\" loading=\"lazy\" class=\"alignnone size-full wp-image-644061\" src=\"https:\/\/www.diario5.com.ar\/wp-content\/uploads\/2022\/01\/uy_ladiaria20220114.jpg\" width=\"764\" height=\"889\" alt=\"\u00bfPodr\u00eda el aumento de Omicron acelerar la transici\u00f3n de pandemia a endemia?\" title=\"\u00bfPodr\u00eda el aumento de Omicron acelerar la transici\u00f3n de pandemia a endemia?\" srcset=\"https:\/\/www.diario5.com.ar\/wp-content\/uploads\/2022\/01\/uy_ladiaria20220114.jpg 764w, https:\/\/www.diario5.com.ar\/wp-content\/uploads\/2022\/01\/uy_ladiaria20220114-258x300.jpg 258w\" sizes=\"(max-width: 764px) 100vw, 764px\" \/><\/p>\n<p><img decoding=\"async\" loading=\"lazy\" class=\"alignnone size-large wp-image-644062\" src=\"https:\/\/www.diario5.com.ar\/wp-content\/uploads\/2022\/01\/uy_observador20220114-718x1024.jpg\" width=\"718\" height=\"1024\" alt=\"\u00bfPodr\u00eda el aumento de Omicron acelerar la transici\u00f3n de pandemia a endemia?\" title=\"\u00bfPodr\u00eda el aumento de Omicron acelerar la transici\u00f3n de pandemia a endemia?\" srcset=\"https:\/\/www.diario5.com.ar\/wp-content\/uploads\/2022\/01\/uy_observador20220114-718x1024.jpg 718w, https:\/\/www.diario5.com.ar\/wp-content\/uploads\/2022\/01\/uy_observador20220114-210x300.jpg 210w, https:\/\/www.diario5.com.ar\/wp-content\/uploads\/2022\/01\/uy_observador20220114.jpg 764w\" sizes=\"(max-width: 718px) 100vw, 718px\" \/><\/p>\n<p>BRASIL<br \/>\n<img decoding=\"async\" loading=\"lazy\" class=\"alignnone size-large wp-image-644063\" src=\"https:\/\/www.diario5.com.ar\/wp-content\/uploads\/2022\/01\/br_folha_spaulo20220114-580x1024.jpg\" width=\"580\" height=\"1024\" alt=\"\u00bfPodr\u00eda el aumento de Omicron acelerar la transici\u00f3n de pandemia a endemia?\" title=\"\u00bfPodr\u00eda el aumento de Omicron acelerar la transici\u00f3n de pandemia a endemia?\" srcset=\"https:\/\/www.diario5.com.ar\/wp-content\/uploads\/2022\/01\/br_folha_spaulo20220114-580x1024.jpg 580w, https:\/\/www.diario5.com.ar\/wp-content\/uploads\/2022\/01\/br_folha_spaulo20220114-170x300.jpg 170w, https:\/\/www.diario5.com.ar\/wp-content\/uploads\/2022\/01\/br_folha_spaulo20220114-768x1356.jpg 768w, https:\/\/www.diario5.com.ar\/wp-content\/uploads\/2022\/01\/br_folha_spaulo20220114.jpg 814w\" sizes=\"(max-width: 580px) 100vw, 580px\" \/><\/p>\n<p><img decoding=\"async\" loading=\"lazy\" class=\"alignnone size-large wp-image-644064\" src=\"https:\/\/www.diario5.com.ar\/wp-content\/uploads\/2022\/01\/br_estado_spaulo20220114-657x1024.jpg\" width=\"657\" height=\"1024\" alt=\"\u00bfPodr\u00eda el aumento de Omicron acelerar la transici\u00f3n de pandemia a endemia?\" title=\"\u00bfPodr\u00eda el aumento de Omicron acelerar la transici\u00f3n de pandemia a endemia?\" srcset=\"https:\/\/www.diario5.com.ar\/wp-content\/uploads\/2022\/01\/br_estado_spaulo20220114-657x1024.jpg 657w, https:\/\/www.diario5.com.ar\/wp-content\/uploads\/2022\/01\/br_estado_spaulo20220114-193x300.jpg 193w, https:\/\/www.diario5.com.ar\/wp-content\/uploads\/2022\/01\/br_estado_spaulo20220114.jpg 764w\" sizes=\"(max-width: 657px) 100vw, 657px\" \/><\/p>\n<p><2022><\/p>\n<p><img decoding=\"async\" loading=\"lazy\" class=\"alignnone size-large wp-image-644065\" src=\"https:\/\/www.diario5.com.ar\/wp-content\/uploads\/2022\/01\/br_oglobo20220114-592x1024.jpg\" width=\"592\" height=\"1024\" alt=\"\u00bfPodr\u00eda el aumento de Omicron acelerar la transici\u00f3n de pandemia a endemia?\" title=\"\u00bfPodr\u00eda el aumento de Omicron acelerar la transici\u00f3n de pandemia a endemia?\" srcset=\"https:\/\/www.diario5.com.ar\/wp-content\/uploads\/2022\/01\/br_oglobo20220114-592x1024.jpg 592w, https:\/\/www.diario5.com.ar\/wp-content\/uploads\/2022\/01\/br_oglobo20220114-173x300.jpg 173w, https:\/\/www.diario5.com.ar\/wp-content\/uploads\/2022\/01\/br_oglobo20220114-768x1329.jpg 768w, https:\/\/www.diario5.com.ar\/wp-content\/uploads\/2022\/01\/br_oglobo20220114.jpg 814w\" sizes=\"(max-width: 592px) 100vw, 592px\" \/><\/p>\n<p><2022><\/p>\n<p><img decoding=\"async\" loading=\"lazy\" class=\"alignnone size-large wp-image-644066\" src=\"https:\/\/www.diario5.com.ar\/wp-content\/uploads\/2022\/01\/br_tribuna_bahia20220114-553x1024.jpg\" width=\"553\" height=\"1024\" alt=\"\u00bfPodr\u00eda el aumento de Omicron acelerar la transici\u00f3n de pandemia a endemia?\" title=\"\u00bfPodr\u00eda el aumento de Omicron acelerar la transici\u00f3n de pandemia a endemia?\" srcset=\"https:\/\/www.diario5.com.ar\/wp-content\/uploads\/2022\/01\/br_tribuna_bahia20220114-553x1024.jpg 553w, https:\/\/www.diario5.com.ar\/wp-content\/uploads\/2022\/01\/br_tribuna_bahia20220114-162x300.jpg 162w, https:\/\/www.diario5.com.ar\/wp-content\/uploads\/2022\/01\/br_tribuna_bahia20220114-768x1423.jpg 768w, https:\/\/www.diario5.com.ar\/wp-content\/uploads\/2022\/01\/br_tribuna_bahia20220114-829x1536.jpg 829w, https:\/\/www.diario5.com.ar\/wp-content\/uploads\/2022\/01\/br_tribuna_bahia20220114-1105x2048.jpg 1105w, https:\/\/www.diario5.com.ar\/wp-content\/uploads\/2022\/01\/br_tribuna_bahia20220114.jpg 1295w\" sizes=\"(max-width: 553px) 100vw, 553px\" \/><\/p>\n<p><img decoding=\"async\" loading=\"lazy\" class=\"alignnone size-large wp-image-644067\" src=\"https:\/\/www.diario5.com.ar\/wp-content\/uploads\/2022\/01\/br_extra20220114-591x1024.jpg\" width=\"591\" height=\"1024\" alt=\"\u00bfPodr\u00eda el aumento de Omicron acelerar la transici\u00f3n de pandemia a endemia?\" title=\"\u00bfPodr\u00eda el aumento de Omicron acelerar la transici\u00f3n de pandemia a endemia?\" srcset=\"https:\/\/www.diario5.com.ar\/wp-content\/uploads\/2022\/01\/br_extra20220114-591x1024.jpg 591w, https:\/\/www.diario5.com.ar\/wp-content\/uploads\/2022\/01\/br_extra20220114-173x300.jpg 173w, https:\/\/www.diario5.com.ar\/wp-content\/uploads\/2022\/01\/br_extra20220114.jpg 764w\" sizes=\"(max-width: 591px) 100vw, 591px\" \/><\/p>\n<p>PARAGUAY<br \/>\n<2022><\/p>\n<p><img decoding=\"async\" loading=\"lazy\" class=\"alignnone size-large wp-image-644068\" src=\"https:\/\/www.diario5.com.ar\/wp-content\/uploads\/2022\/01\/nacion20220114-1-764x1024.jpg\" width=\"764\" height=\"1024\" alt=\"\u00bfPodr\u00eda el aumento de Omicron acelerar la transici\u00f3n de pandemia a endemia?\" title=\"\u00bfPodr\u00eda el aumento de Omicron acelerar la transici\u00f3n de pandemia a endemia?\" srcset=\"https:\/\/www.diario5.com.ar\/wp-content\/uploads\/2022\/01\/nacion20220114-1-764x1024.jpg 764w, https:\/\/www.diario5.com.ar\/wp-content\/uploads\/2022\/01\/nacion20220114-1-224x300.jpg 224w, https:\/\/www.diario5.com.ar\/wp-content\/uploads\/2022\/01\/nacion20220114-1-768x1029.jpg 768w, https:\/\/www.diario5.com.ar\/wp-content\/uploads\/2022\/01\/nacion20220114-1-1146x1536.jpg 1146w, https:\/\/www.diario5.com.ar\/wp-content\/uploads\/2022\/01\/nacion20220114-1-1528x2048.jpg 1528w, https:\/\/www.diario5.com.ar\/wp-content\/uploads\/2022\/01\/nacion20220114-1.jpg 1575w\" sizes=\"(max-width: 764px) 100vw, 764px\" \/><\/p>\n<p><2022><\/p>\n<p><2022><\/p>\n<p><2022><\/p>\n<p><2022><\/p>\n<p>CHILE<br \/>\n<img decoding=\"async\" loading=\"lazy\" class=\"alignnone size-large wp-image-644069\" src=\"https:\/\/www.diario5.com.ar\/wp-content\/uploads\/2022\/01\/cl_mercurio20220114-564x1024.jpg\" width=\"564\" height=\"1024\" alt=\"\u00bfPodr\u00eda el aumento de Omicron acelerar la transici\u00f3n de pandemia a endemia?\" title=\"\u00bfPodr\u00eda el aumento de Omicron acelerar la transici\u00f3n de pandemia a endemia?\" srcset=\"https:\/\/www.diario5.com.ar\/wp-content\/uploads\/2022\/01\/cl_mercurio20220114-564x1024.jpg 564w, https:\/\/www.diario5.com.ar\/wp-content\/uploads\/2022\/01\/cl_mercurio20220114-165x300.jpg 165w, https:\/\/www.diario5.com.ar\/wp-content\/uploads\/2022\/01\/cl_mercurio20220114.jpg 764w\" sizes=\"(max-width: 564px) 100vw, 564px\" \/><\/p>\n<p><img decoding=\"async\" loading=\"lazy\" class=\"alignnone size-full wp-image-644070\" src=\"https:\/\/www.diario5.com.ar\/wp-content\/uploads\/2022\/01\/cl_ultimas_noticias20220114.jpg\" width=\"792\" height=\"981\" alt=\"\u00bfPodr\u00eda el aumento de Omicron acelerar la transici\u00f3n de pandemia a endemia?\" title=\"\u00bfPodr\u00eda el aumento de Omicron acelerar la transici\u00f3n de pandemia a endemia?\" srcset=\"https:\/\/www.diario5.com.ar\/wp-content\/uploads\/2022\/01\/cl_ultimas_noticias20220114.jpg 792w, https:\/\/www.diario5.com.ar\/wp-content\/uploads\/2022\/01\/cl_ultimas_noticias20220114-242x300.jpg 242w, https:\/\/www.diario5.com.ar\/wp-content\/uploads\/2022\/01\/cl_ultimas_noticias20220114-768x951.jpg 768w\" sizes=\"(max-width: 792px) 100vw, 792px\" \/><\/p>\n<p><img decoding=\"async\" loading=\"lazy\" class=\"alignnone size-full wp-image-644071\" src=\"https:\/\/www.diario5.com.ar\/wp-content\/uploads\/2022\/01\/cl_diario_financiero20220114.jpg\" width=\"764\" height=\"981\" alt=\"\u00bfPodr\u00eda el aumento de Omicron acelerar la transici\u00f3n de pandemia a endemia?\" title=\"\u00bfPodr\u00eda el aumento de Omicron acelerar la transici\u00f3n de pandemia a endemia?\" srcset=\"https:\/\/www.diario5.com.ar\/wp-content\/uploads\/2022\/01\/cl_diario_financiero20220114.jpg 764w, https:\/\/www.diario5.com.ar\/wp-content\/uploads\/2022\/01\/cl_diario_financiero20220114-234x300.jpg 234w\" sizes=\"(max-width: 764px) 100vw, 764px\" \/><\/p>\n<p><img decoding=\"async\" loading=\"lazy\" class=\"alignnone size-large wp-image-644072\" src=\"https:\/\/www.diario5.com.ar\/wp-content\/uploads\/2022\/01\/estrella_iquique20220114-814x1024.jpg\" width=\"814\" height=\"1024\" alt=\"\u00bfPodr\u00eda el aumento de Omicron acelerar la transici\u00f3n de pandemia a endemia?\" title=\"\u00bfPodr\u00eda el aumento de Omicron acelerar la transici\u00f3n de pandemia a endemia?\" srcset=\"https:\/\/www.diario5.com.ar\/wp-content\/uploads\/2022\/01\/estrella_iquique20220114-814x1024.jpg 814w, https:\/\/www.diario5.com.ar\/wp-content\/uploads\/2022\/01\/estrella_iquique20220114-238x300.jpg 238w, https:\/\/www.diario5.com.ar\/wp-content\/uploads\/2022\/01\/estrella_iquique20220114-768x966.jpg 768w, https:\/\/www.diario5.com.ar\/wp-content\/uploads\/2022\/01\/estrella_iquique20220114-1221x1536.jpg 1221w, https:\/\/www.diario5.com.ar\/wp-content\/uploads\/2022\/01\/estrella_iquique20220114.jpg 1328w\" sizes=\"(max-width: 814px) 100vw, 814px\" \/><\/p>\n<p><img decoding=\"async\" loading=\"lazy\" class=\"alignnone size-large wp-image-644073\" src=\"https:\/\/www.diario5.com.ar\/wp-content\/uploads\/2022\/01\/mercurio_antofagasta20220114-689x1024.jpg\" width=\"689\" height=\"1024\" alt=\"\u00bfPodr\u00eda el aumento de Omicron acelerar la transici\u00f3n de pandemia a endemia?\" title=\"\u00bfPodr\u00eda el aumento de Omicron acelerar la transici\u00f3n de pandemia a endemia?\" srcset=\"https:\/\/www.diario5.com.ar\/wp-content\/uploads\/2022\/01\/mercurio_antofagasta20220114-689x1024.jpg 689w, https:\/\/www.diario5.com.ar\/wp-content\/uploads\/2022\/01\/mercurio_antofagasta20220114-202x300.jpg 202w, https:\/\/www.diario5.com.ar\/wp-content\/uploads\/2022\/01\/mercurio_antofagasta20220114-768x1142.jpg 768w, https:\/\/www.diario5.com.ar\/wp-content\/uploads\/2022\/01\/mercurio_antofagasta20220114-1033x1536.jpg 1033w, https:\/\/www.diario5.com.ar\/wp-content\/uploads\/2022\/01\/mercurio_antofagasta20220114.jpg 1328w\" sizes=\"(max-width: 689px) 100vw, 689px\" \/><\/p>\n<p><img decoding=\"async\" loading=\"lazy\" class=\"alignnone size-large wp-image-644074\" src=\"https:\/\/www.diario5.com.ar\/wp-content\/uploads\/2022\/01\/cl_eldia20220114-743x1024.jpg\" width=\"743\" height=\"1024\" alt=\"\u00bfPodr\u00eda el aumento de Omicron acelerar la transici\u00f3n de pandemia a endemia?\" title=\"\u00bfPodr\u00eda el aumento de Omicron acelerar la transici\u00f3n de pandemia a endemia?\" srcset=\"https:\/\/www.diario5.com.ar\/wp-content\/uploads\/2022\/01\/cl_eldia20220114-743x1024.jpg 743w, https:\/\/www.diario5.com.ar\/wp-content\/uploads\/2022\/01\/cl_eldia20220114-218x300.jpg 218w, https:\/\/www.diario5.com.ar\/wp-content\/uploads\/2022\/01\/cl_eldia20220114-768x1059.jpg 768w, https:\/\/www.diario5.com.ar\/wp-content\/uploads\/2022\/01\/cl_eldia20220114.jpg 1014w\" sizes=\"(max-width: 743px) 100vw, 743px\" \/><\/p>\n<p><img decoding=\"async\" loading=\"lazy\" class=\"alignnone size-large wp-image-644075\" src=\"https:\/\/www.diario5.com.ar\/wp-content\/uploads\/2022\/01\/mercurio_valpo20220114-724x1024.jpg\" width=\"724\" height=\"1024\" alt=\"\u00bfPodr\u00eda el aumento de Omicron acelerar la transici\u00f3n de pandemia a endemia?\" title=\"\u00bfPodr\u00eda el aumento de Omicron acelerar la transici\u00f3n de pandemia a endemia?\" srcset=\"https:\/\/www.diario5.com.ar\/wp-content\/uploads\/2022\/01\/mercurio_valpo20220114-724x1024.jpg 724w, https:\/\/www.diario5.com.ar\/wp-content\/uploads\/2022\/01\/mercurio_valpo20220114-212x300.jpg 212w, https:\/\/www.diario5.com.ar\/wp-content\/uploads\/2022\/01\/mercurio_valpo20220114-768x1087.jpg 768w, https:\/\/www.diario5.com.ar\/wp-content\/uploads\/2022\/01\/mercurio_valpo20220114-1086x1536.jpg 1086w, https:\/\/www.diario5.com.ar\/wp-content\/uploads\/2022\/01\/mercurio_valpo20220114.jpg 1391w\" sizes=\"(max-width: 724px) 100vw, 724px\" \/><\/p>\n<p><img decoding=\"async\" loading=\"lazy\" class=\"alignnone size-large wp-image-644076\" src=\"https:\/\/www.diario5.com.ar\/wp-content\/uploads\/2022\/01\/estrella_valpo20220114-799x1024.jpg\" width=\"799\" height=\"1024\" alt=\"\u00bfPodr\u00eda el aumento de Omicron acelerar la transici\u00f3n de pandemia a endemia?\" title=\"\u00bfPodr\u00eda el aumento de Omicron acelerar la transici\u00f3n de pandemia a endemia?\" srcset=\"https:\/\/www.diario5.com.ar\/wp-content\/uploads\/2022\/01\/estrella_valpo20220114-799x1024.jpg 799w, https:\/\/www.diario5.com.ar\/wp-content\/uploads\/2022\/01\/estrella_valpo20220114-234x300.jpg 234w, https:\/\/www.diario5.com.ar\/wp-content\/uploads\/2022\/01\/estrella_valpo20220114-768x985.jpg 768w, https:\/\/www.diario5.com.ar\/wp-content\/uploads\/2022\/01\/estrella_valpo20220114-1198x1536.jpg 1198w, https:\/\/www.diario5.com.ar\/wp-content\/uploads\/2022\/01\/estrella_valpo20220114.jpg 1328w\" sizes=\"(max-width: 799px) 100vw, 799px\" \/><\/p>\n<p><img decoding=\"async\" loading=\"lazy\" class=\"alignnone size-large wp-image-644077\" src=\"https:\/\/www.diario5.com.ar\/wp-content\/uploads\/2022\/01\/diario_concepcion20220114-783x1024.jpg\" width=\"783\" height=\"1024\" alt=\"\u00bfPodr\u00eda el aumento de Omicron acelerar la transici\u00f3n de pandemia a endemia?\" title=\"\u00bfPodr\u00eda el aumento de Omicron acelerar la transici\u00f3n de pandemia a endemia?\" srcset=\"https:\/\/www.diario5.com.ar\/wp-content\/uploads\/2022\/01\/diario_concepcion20220114-783x1024.jpg 783w, https:\/\/www.diario5.com.ar\/wp-content\/uploads\/2022\/01\/diario_concepcion20220114-229x300.jpg 229w, https:\/\/www.diario5.com.ar\/wp-content\/uploads\/2022\/01\/diario_concepcion20220114-768x1005.jpg 768w, https:\/\/www.diario5.com.ar\/wp-content\/uploads\/2022\/01\/diario_concepcion20220114-1174x1536.jpg 1174w, https:\/\/www.diario5.com.ar\/wp-content\/uploads\/2022\/01\/diario_concepcion20220114.jpg 1558w\" sizes=\"(max-width: 783px) 100vw, 783px\" \/><\/p>\n<p><img decoding=\"async\" loading=\"lazy\" class=\"alignnone size-large wp-image-644078\" src=\"https:\/\/www.diario5.com.ar\/wp-content\/uploads\/2022\/01\/austral_temuco20220114-716x1024.jpg\" width=\"716\" height=\"1024\" alt=\"\u00bfPodr\u00eda el aumento de Omicron acelerar la transici\u00f3n de pandemia a endemia?\" title=\"\u00bfPodr\u00eda el aumento de Omicron acelerar la transici\u00f3n de pandemia a endemia?\" srcset=\"https:\/\/www.diario5.com.ar\/wp-content\/uploads\/2022\/01\/austral_temuco20220114-716x1024.jpg 716w, https:\/\/www.diario5.com.ar\/wp-content\/uploads\/2022\/01\/austral_temuco20220114-210x300.jpg 210w, https:\/\/www.diario5.com.ar\/wp-content\/uploads\/2022\/01\/austral_temuco20220114-768x1098.jpg 768w, https:\/\/www.diario5.com.ar\/wp-content\/uploads\/2022\/01\/austral_temuco20220114-1074x1536.jpg 1074w, https:\/\/www.diario5.com.ar\/wp-content\/uploads\/2022\/01\/austral_temuco20220114.jpg 1376w\" sizes=\"(max-width: 716px) 100vw, 716px\" \/><\/p>\n<p><img decoding=\"async\" loading=\"lazy\" class=\"alignnone size-large wp-image-644079\" src=\"https:\/\/www.diario5.com.ar\/wp-content\/uploads\/2022\/01\/estrella_arica20220114-808x1024.jpg\" width=\"808\" height=\"1024\" alt=\"\u00bfPodr\u00eda el aumento de Omicron acelerar la transici\u00f3n de pandemia a endemia?\" title=\"\u00bfPodr\u00eda el aumento de Omicron acelerar la transici\u00f3n de pandemia a endemia?\" srcset=\"https:\/\/www.diario5.com.ar\/wp-content\/uploads\/2022\/01\/estrella_arica20220114-808x1024.jpg 808w, https:\/\/www.diario5.com.ar\/wp-content\/uploads\/2022\/01\/estrella_arica20220114-237x300.jpg 237w, https:\/\/www.diario5.com.ar\/wp-content\/uploads\/2022\/01\/estrella_arica20220114-768x973.jpg 768w, https:\/\/www.diario5.com.ar\/wp-content\/uploads\/2022\/01\/estrella_arica20220114-1212x1536.jpg 1212w, https:\/\/www.diario5.com.ar\/wp-content\/uploads\/2022\/01\/estrella_arica20220114.jpg 1328w\" sizes=\"(max-width: 808px) 100vw, 808px\" \/><\/p>\n<p>COLOMBIA<br \/>\n<img decoding=\"async\" loading=\"lazy\" class=\"alignnone size-large wp-image-644080\" src=\"https:\/\/www.diario5.com.ar\/wp-content\/uploads\/2022\/01\/co_espectador20220114-719x1024.jpg\" width=\"719\" height=\"1024\" alt=\"\u00bfPodr\u00eda el aumento de Omicron acelerar la transici\u00f3n de pandemia a endemia?\" title=\"\u00bfPodr\u00eda el aumento de Omicron acelerar la transici\u00f3n de pandemia a endemia?\" srcset=\"https:\/\/www.diario5.com.ar\/wp-content\/uploads\/2022\/01\/co_espectador20220114-719x1024.jpg 719w, https:\/\/www.diario5.com.ar\/wp-content\/uploads\/2022\/01\/co_espectador20220114-211x300.jpg 211w, https:\/\/www.diario5.com.ar\/wp-content\/uploads\/2022\/01\/co_espectador20220114.jpg 764w\" sizes=\"(max-width: 719px) 100vw, 719px\" \/><\/p>\n<p><img decoding=\"async\" loading=\"lazy\" class=\"alignnone size-large wp-image-644081\" src=\"https:\/\/www.diario5.com.ar\/wp-content\/uploads\/2022\/01\/co_heraldo20220114-517x1024.jpg\" width=\"517\" height=\"1024\" alt=\"\u00bfPodr\u00eda el aumento de Omicron acelerar la transici\u00f3n de pandemia a endemia?\" title=\"\u00bfPodr\u00eda el aumento de Omicron acelerar la transici\u00f3n de pandemia a endemia?\" srcset=\"https:\/\/www.diario5.com.ar\/wp-content\/uploads\/2022\/01\/co_heraldo20220114-517x1024.jpg 517w, https:\/\/www.diario5.com.ar\/wp-content\/uploads\/2022\/01\/co_heraldo20220114-152x300.jpg 152w, https:\/\/www.diario5.com.ar\/wp-content\/uploads\/2022\/01\/co_heraldo20220114.jpg 764w\" sizes=\"(max-width: 517px) 100vw, 517px\" \/><\/p>\n<p><img decoding=\"async\" loading=\"lazy\" class=\"alignnone size-large wp-image-644082\" src=\"https:\/\/www.diario5.com.ar\/wp-content\/uploads\/2022\/01\/co_elpais20220114-552x1024.jpg\" width=\"552\" height=\"1024\" alt=\"\u00bfPodr\u00eda el aumento de Omicron acelerar la transici\u00f3n de pandemia a endemia?\" title=\"\u00bfPodr\u00eda el aumento de Omicron acelerar la transici\u00f3n de pandemia a endemia?\" srcset=\"https:\/\/www.diario5.com.ar\/wp-content\/uploads\/2022\/01\/co_elpais20220114-552x1024.jpg 552w, https:\/\/www.diario5.com.ar\/wp-content\/uploads\/2022\/01\/co_elpais20220114-162x300.jpg 162w, https:\/\/www.diario5.com.ar\/wp-content\/uploads\/2022\/01\/co_elpais20220114.jpg 764w\" sizes=\"(max-width: 552px) 100vw, 552px\" \/><\/p>\n<p><2022><\/p>\n<p><2022><\/p>\n<p>PERU<br \/>\n<img decoding=\"async\" loading=\"lazy\" class=\"alignnone size-large wp-image-644083\" src=\"https:\/\/www.diario5.com.ar\/wp-content\/uploads\/2022\/01\/pe_comercio20220114-674x1024.jpg\" width=\"674\" height=\"1024\" alt=\"\u00bfPodr\u00eda el aumento de Omicron acelerar la transici\u00f3n de pandemia a endemia?\" title=\"\u00bfPodr\u00eda el aumento de Omicron acelerar la transici\u00f3n de pandemia a endemia?\" srcset=\"https:\/\/www.diario5.com.ar\/wp-content\/uploads\/2022\/01\/pe_comercio20220114-674x1024.jpg 674w, https:\/\/www.diario5.com.ar\/wp-content\/uploads\/2022\/01\/pe_comercio20220114-198x300.jpg 198w, https:\/\/www.diario5.com.ar\/wp-content\/uploads\/2022\/01\/pe_comercio20220114.jpg 764w\" sizes=\"(max-width: 674px) 100vw, 674px\" \/><\/p>\n<p><2022><\/p>\n<p><2022><\/p>\n<p><2022><\/p>\n<p><2022><\/p>\n<p><img decoding=\"async\" loading=\"lazy\" class=\"alignnone size-full wp-image-644084\" src=\"https:\/\/www.diario5.com.ar\/wp-content\/uploads\/2022\/01\/pe_gestion20220114.jpg\" width=\"764\" height=\"792\" alt=\"\u00bfPodr\u00eda el aumento de Omicron acelerar la transici\u00f3n de pandemia a endemia?\" title=\"\u00bfPodr\u00eda el aumento de Omicron acelerar la transici\u00f3n de pandemia a endemia?\" srcset=\"https:\/\/www.diario5.com.ar\/wp-content\/uploads\/2022\/01\/pe_gestion20220114.jpg 764w, https:\/\/www.diario5.com.ar\/wp-content\/uploads\/2022\/01\/pe_gestion20220114-289x300.jpg 289w\" sizes=\"(max-width: 764px) 100vw, 764px\" \/><\/p>\n<p>BOLIVIA<br \/>\n<2022><\/p>\n<p><2022><\/p>\n<p><a href=\"https:\/\/www.medscape.com\/viewarticle\/966112\" target=\"_blank\" rel=\"noopener\"><span style=\"font-size: xx-small\">Fuente<\/span><\/a><\/p>","protected":false},"excerpt":{"rendered":"<p>El r\u00e9cord de casos de COVID-19 que se observa en todo el mundo, plantea dudas sobre si la mayor transmisibilidad de la variante Omicron acelerar\u00e1 la transici\u00f3n de una pandemia a una enfermedad end\u00e9mica. Adem\u00e1s, el fuerte aumento en el n\u00famero de personas que dieron positivo por SARS-CoV-2 \u00bfsignifica que finalmente podr\u00eda lograrse un nivel [&hellip;]<\/p>","protected":false},"author":19,"featured_media":644043,"comment_status":"open","ping_status":"open","sticky":false,"template":"","format":"standard","meta":[],"categories":[57,22,56],"tags":[],"series":[],"_links":{"self":[{"href":"https:\/\/www.diario5.com.ar\/es\/wp-json\/wp\/v2\/posts\/636124"}],"collection":[{"href":"https:\/\/www.diario5.com.ar\/es\/wp-json\/wp\/v2\/posts"}],"about":[{"href":"https:\/\/www.diario5.com.ar\/es\/wp-json\/wp\/v2\/types\/post"}],"author":[{"embeddable":true,"href":"https:\/\/www.diario5.com.ar\/es\/wp-json\/wp\/v2\/users\/19"}],"replies":[{"embeddable":true,"href":"https:\/\/www.diario5.com.ar\/es\/wp-json\/wp\/v2\/comments?post=636124"}],"version-history":[{"count":2,"href":"https:\/\/www.diario5.com.ar\/es\/wp-json\/wp\/v2\/posts\/636124\/revisions"}],"predecessor-version":[{"id":643916,"href":"https:\/\/www.diario5.com.ar\/es\/wp-json\/wp\/v2\/posts\/636124\/revisions\/643916"}],"wp:featuredmedia":[{"embeddable":true,"href":"https:\/\/www.diario5.com.ar\/es\/wp-json\/wp\/v2\/media\/644043"}],"wp:attachment":[{"href":"https:\/\/www.diario5.com.ar\/es\/wp-json\/wp\/v2\/media?parent=636124"}],"wp:term":[{"taxonomy":"category","embeddable":true,"href":"https:\/\/www.diario5.com.ar\/es\/wp-json\/wp\/v2\/categories?post=636124"},{"taxonomy":"post_tag","embeddable":true,"href":"https:\/\/www.diario5.com.ar\/es\/wp-json\/wp\/v2\/tags?post=636124"},{"taxonomy":"series","embeddable":true,"href":"https:\/\/www.diario5.com.ar\/es\/wp-json\/wp\/v2\/series?post=636124"}],"curies":[{"name":"wp","href":"https:\/\/api.w.org\/{rel}","templated":true}]}}