{"id":636109,"date":"2021-12-30T06:50:00","date_gmt":"2021-12-30T09:50:00","guid":{"rendered":"http:\/\/diario5.com.ar\/?p=636109"},"modified":"2021-12-30T11:25:46","modified_gmt":"2021-12-30T14:25:46","slug":"636109","status":"publish","type":"post","link":"https:\/\/www.diario5.com.ar\/es\/636109\/","title":{"rendered":"El d\u00eda en que Buenos Aires cambi\u00f3 para siempre"},"content":{"rendered":"<h2 class=\"sub-title-primary\"><\/h2> <p>Fue hace exactamente 17 a\u00f1os. La tragedia de rep\u00fablica Cromagnon es considerada la noche mas luctuosa no s\u00f3lo  de la historia de la m\u00fasica sino de todo espect\u00e1culo p\u00fablico en el mundo. Todo jug\u00f3 en contra: ignorancias, impericias, cobard\u00edas, cegueras, soberbias y desidias. El c\u00f3ctel no pudo ser peor: casi 200 muertos.<\/p>\n<p>El recuerdo de nuestro compa\u00f1ero Roberto C. Neira y su inconmensurable visi\u00f3n de nuestra conducta como sociedad.<\/p>\n<p><img decoding=\"async\" loading=\"lazy\" class=\"alignnone wp-image-643118 size-full\" src=\"https:\/\/www.diario5.com.ar\/wp-content\/uploads\/2021\/12\/CromagnonxNeira0.jpg\" alt=\"\" width=\"807\" height=\"337\" srcset=\"https:\/\/www.diario5.com.ar\/wp-content\/uploads\/2021\/12\/CromagnonxNeira0.jpg 807w, https:\/\/www.diario5.com.ar\/wp-content\/uploads\/2021\/12\/CromagnonxNeira0-300x125.jpg 300w, https:\/\/www.diario5.com.ar\/wp-content\/uploads\/2021\/12\/CromagnonxNeira0-768x321.jpg 768w\" sizes=\"(max-width: 807px) 100vw, 807px\" \/><\/p>\n<p><img decoding=\"async\" loading=\"lazy\" class=\"alignnone wp-image-643115 size-full\" src=\"https:\/\/www.diario5.com.ar\/wp-content\/uploads\/2021\/12\/CromagnonxNeira1.jpg\" alt=\"\" width=\"823\" height=\"865\" srcset=\"https:\/\/www.diario5.com.ar\/wp-content\/uploads\/2021\/12\/CromagnonxNeira1.jpg 823w, https:\/\/www.diario5.com.ar\/wp-content\/uploads\/2021\/12\/CromagnonxNeira1-285x300.jpg 285w, https:\/\/www.diario5.com.ar\/wp-content\/uploads\/2021\/12\/CromagnonxNeira1-768x807.jpg 768w\" sizes=\"(max-width: 823px) 100vw, 823px\" \/><\/p>\n<p><img decoding=\"async\" loading=\"lazy\" class=\"alignnone wp-image-643116 size-full\" src=\"https:\/\/www.diario5.com.ar\/wp-content\/uploads\/2021\/12\/CromagnonxNeira2.jpg\" alt=\"\" width=\"824\" height=\"837\" srcset=\"https:\/\/www.diario5.com.ar\/wp-content\/uploads\/2021\/12\/CromagnonxNeira2.jpg 824w, https:\/\/www.diario5.com.ar\/wp-content\/uploads\/2021\/12\/CromagnonxNeira2-295x300.jpg 295w, https:\/\/www.diario5.com.ar\/wp-content\/uploads\/2021\/12\/CromagnonxNeira2-768x780.jpg 768w\" sizes=\"(max-width: 824px) 100vw, 824px\" \/><\/p>\n<p><img decoding=\"async\" loading=\"lazy\" class=\"alignnone size-full wp-image-643117\" src=\"https:\/\/www.diario5.com.ar\/wp-content\/uploads\/2021\/12\/CromagnonxNeira3.jpg\" alt=\"\" width=\"822\" height=\"396\" srcset=\"https:\/\/www.diario5.com.ar\/wp-content\/uploads\/2021\/12\/CromagnonxNeira3.jpg 822w, https:\/\/www.diario5.com.ar\/wp-content\/uploads\/2021\/12\/CromagnonxNeira3-300x145.jpg 300w, https:\/\/www.diario5.com.ar\/wp-content\/uploads\/2021\/12\/CromagnonxNeira3-768x370.jpg 768w\" sizes=\"(max-width: 822px) 100vw, 822px\" \/><\/p>\n<p><img decoding=\"async\" loading=\"lazy\" class=\"alignnone size-large wp-image-643286\" src=\"https:\/\/www.diario5.com.ar\/wp-content\/uploads\/2021\/12\/la_capital20211230-2-760x1024.jpg\" width=\"760\" height=\"1024\" alt=\"El d\u00eda en que Buenos Aires cambi\u00f3 para siempre\" title=\"El d\u00eda en que Buenos Aires cambi\u00f3 para siempre\" srcset=\"https:\/\/www.diario5.com.ar\/wp-content\/uploads\/2021\/12\/la_capital20211230-2-760x1024.jpg 760w, https:\/\/www.diario5.com.ar\/wp-content\/uploads\/2021\/12\/la_capital20211230-2-223x300.jpg 223w, https:\/\/www.diario5.com.ar\/wp-content\/uploads\/2021\/12\/la_capital20211230-2-768x1034.jpg 768w, https:\/\/www.diario5.com.ar\/wp-content\/uploads\/2021\/12\/la_capital20211230-2-1141x1536.jpg 1141w, https:\/\/www.diario5.com.ar\/wp-content\/uploads\/2021\/12\/la_capital20211230-2-1521x2048.jpg 1521w, https:\/\/www.diario5.com.ar\/wp-content\/uploads\/2021\/12\/la_capital20211230-2.jpg 1567w\" sizes=\"(max-width: 760px) 100vw, 760px\" \/><\/p>\n<p><img decoding=\"async\" loading=\"lazy\" class=\"alignnone size-large wp-image-643223\" title=\"El d\u00eda en que Buenos Aires cambi\u00f3 para siempre\" src=\"https:\/\/www.diario5.com.ar\/wp-content\/uploads\/2021\/12\/voz_chaco20211230-841x1024.jpg\" alt=\"El d\u00eda en que Buenos Aires cambi\u00f3 para siempre\" width=\"841\" height=\"1024\" srcset=\"https:\/\/www.diario5.com.ar\/wp-content\/uploads\/2021\/12\/voz_chaco20211230-841x1024.jpg 841w, https:\/\/www.diario5.com.ar\/wp-content\/uploads\/2021\/12\/voz_chaco20211230-246x300.jpg 246w, https:\/\/www.diario5.com.ar\/wp-content\/uploads\/2021\/12\/voz_chaco20211230-768x935.jpg 768w, https:\/\/www.diario5.com.ar\/wp-content\/uploads\/2021\/12\/voz_chaco20211230.jpg 1214w\" sizes=\"(max-width: 841px) 100vw, 841px\" \/><\/p>\n<p><img decoding=\"async\" loading=\"lazy\" class=\"alignnone size-large wp-image-643224\" title=\"El d\u00eda en que Buenos Aires cambi\u00f3 para siempre\" src=\"https:\/\/www.diario5.com.ar\/wp-content\/uploads\/2021\/12\/ar_diario_madryn20211230-753x1024.jpg\" alt=\"El d\u00eda en que Buenos Aires cambi\u00f3 para siempre\" width=\"753\" height=\"1024\" srcset=\"https:\/\/www.diario5.com.ar\/wp-content\/uploads\/2021\/12\/ar_diario_madryn20211230-753x1024.jpg 753w, https:\/\/www.diario5.com.ar\/wp-content\/uploads\/2021\/12\/ar_diario_madryn20211230-221x300.jpg 221w, https:\/\/www.diario5.com.ar\/wp-content\/uploads\/2021\/12\/ar_diario_madryn20211230.jpg 764w\" sizes=\"(max-width: 753px) 100vw, 753px\" \/><\/p>\n<p>&nbsp;<\/p>\n<p><img decoding=\"async\" loading=\"lazy\" class=\"alignnone size-large wp-image-643225\" title=\"El d\u00eda en que Buenos Aires cambi\u00f3 para siempre\" src=\"https:\/\/www.diario5.com.ar\/wp-content\/uploads\/2021\/12\/ar_cronista20211230-722x1024.jpg\" alt=\"El d\u00eda en que Buenos Aires cambi\u00f3 para siempre\" width=\"722\" height=\"1024\" srcset=\"https:\/\/www.diario5.com.ar\/wp-content\/uploads\/2021\/12\/ar_cronista20211230-722x1024.jpg 722w, https:\/\/www.diario5.com.ar\/wp-content\/uploads\/2021\/12\/ar_cronista20211230-211x300.jpg 211w, https:\/\/www.diario5.com.ar\/wp-content\/uploads\/2021\/12\/ar_cronista20211230.jpg 764w\" sizes=\"(max-width: 722px) 100vw, 722px\" \/><\/p>\n<p><img decoding=\"async\" loading=\"lazy\" class=\"alignnone size-large wp-image-643226\" title=\"El d\u00eda en que Buenos Aires cambi\u00f3 para siempre\" src=\"https:\/\/www.diario5.com.ar\/wp-content\/uploads\/2021\/12\/buenosaires_economico20211230-859x1024.jpg\" alt=\"El d\u00eda en que Buenos Aires cambi\u00f3 para siempre\" width=\"859\" height=\"1024\" srcset=\"https:\/\/www.diario5.com.ar\/wp-content\/uploads\/2021\/12\/buenosaires_economico20211230-859x1024.jpg 859w, https:\/\/www.diario5.com.ar\/wp-content\/uploads\/2021\/12\/buenosaires_economico20211230-252x300.jpg 252w, https:\/\/www.diario5.com.ar\/wp-content\/uploads\/2021\/12\/buenosaires_economico20211230-768x916.jpg 768w, https:\/\/www.diario5.com.ar\/wp-content\/uploads\/2021\/12\/buenosaires_economico20211230-1288x1536.jpg 1288w, https:\/\/www.diario5.com.ar\/wp-content\/uploads\/2021\/12\/buenosaires_economico20211230.jpg 1582w\" sizes=\"(max-width: 859px) 100vw, 859px\" \/><\/p>\n<p><img decoding=\"async\" loading=\"lazy\" class=\"alignnone size-large wp-image-643227\" title=\"El d\u00eda en que Buenos Aires cambi\u00f3 para siempre\" src=\"https:\/\/www.diario5.com.ar\/wp-content\/uploads\/2021\/12\/ar_eldia20211230-689x1024.jpg\" alt=\"El d\u00eda en que Buenos Aires cambi\u00f3 para siempre\" width=\"689\" height=\"1024\" srcset=\"https:\/\/www.diario5.com.ar\/wp-content\/uploads\/2021\/12\/ar_eldia20211230-689x1024.jpg 689w, https:\/\/www.diario5.com.ar\/wp-content\/uploads\/2021\/12\/ar_eldia20211230-202x300.jpg 202w, https:\/\/www.diario5.com.ar\/wp-content\/uploads\/2021\/12\/ar_eldia20211230-768x1141.jpg 768w, https:\/\/www.diario5.com.ar\/wp-content\/uploads\/2021\/12\/ar_eldia20211230-1034x1536.jpg 1034w, https:\/\/www.diario5.com.ar\/wp-content\/uploads\/2021\/12\/ar_eldia20211230-1378x2048.jpg 1378w, https:\/\/www.diario5.com.ar\/wp-content\/uploads\/2021\/12\/ar_eldia20211230.jpg 1615w\" sizes=\"(max-width: 689px) 100vw, 689px\" \/><\/p>\n<p><img decoding=\"async\" loading=\"lazy\" class=\"alignnone size-large wp-image-643228\" title=\"El d\u00eda en que Buenos Aires cambi\u00f3 para siempre\" src=\"https:\/\/www.diario5.com.ar\/wp-content\/uploads\/2021\/12\/ar_hoy20211230-780x1024.jpg\" alt=\"El d\u00eda en que Buenos Aires cambi\u00f3 para siempre\" width=\"780\" height=\"1024\" srcset=\"https:\/\/www.diario5.com.ar\/wp-content\/uploads\/2021\/12\/ar_hoy20211230-780x1024.jpg 780w, https:\/\/www.diario5.com.ar\/wp-content\/uploads\/2021\/12\/ar_hoy20211230-229x300.jpg 229w, https:\/\/www.diario5.com.ar\/wp-content\/uploads\/2021\/12\/ar_hoy20211230-768x1008.jpg 768w, https:\/\/www.diario5.com.ar\/wp-content\/uploads\/2021\/12\/ar_hoy20211230.jpg 960w\" sizes=\"(max-width: 780px) 100vw, 780px\" \/><\/p>\n<p>&nbsp;<\/p>\n<p><img decoding=\"async\" loading=\"lazy\" class=\"alignnone size-large wp-image-643229\" title=\"El d\u00eda en que Buenos Aires cambi\u00f3 para siempre\" src=\"https:\/\/www.diario5.com.ar\/wp-content\/uploads\/2021\/12\/ar_litoral20211230-785x1024.jpg\" alt=\"El d\u00eda en que Buenos Aires cambi\u00f3 para siempre\" width=\"785\" height=\"1024\" srcset=\"https:\/\/www.diario5.com.ar\/wp-content\/uploads\/2021\/12\/ar_litoral20211230-785x1024.jpg 785w, https:\/\/www.diario5.com.ar\/wp-content\/uploads\/2021\/12\/ar_litoral20211230-230x300.jpg 230w, https:\/\/www.diario5.com.ar\/wp-content\/uploads\/2021\/12\/ar_litoral20211230-768x1002.jpg 768w, https:\/\/www.diario5.com.ar\/wp-content\/uploads\/2021\/12\/ar_litoral20211230.jpg 1140w\" sizes=\"(max-width: 785px) 100vw, 785px\" \/><\/p>\n<p>&nbsp;<\/p>\n<p><img decoding=\"async\" loading=\"lazy\" class=\"alignnone size-large wp-image-643230\" title=\"El d\u00eda en que Buenos Aires cambi\u00f3 para siempre\" src=\"https:\/\/www.diario5.com.ar\/wp-content\/uploads\/2021\/12\/ar_diario_pampa20211230-757x1024.jpg\" alt=\"El d\u00eda en que Buenos Aires cambi\u00f3 para siempre\" width=\"757\" height=\"1024\" srcset=\"https:\/\/www.diario5.com.ar\/wp-content\/uploads\/2021\/12\/ar_diario_pampa20211230-757x1024.jpg 757w, https:\/\/www.diario5.com.ar\/wp-content\/uploads\/2021\/12\/ar_diario_pampa20211230-222x300.jpg 222w, https:\/\/www.diario5.com.ar\/wp-content\/uploads\/2021\/12\/ar_diario_pampa20211230-768x1038.jpg 768w, https:\/\/www.diario5.com.ar\/wp-content\/uploads\/2021\/12\/ar_diario_pampa20211230.jpg 886w\" sizes=\"(max-width: 757px) 100vw, 757px\" \/><\/p>\n<p>&nbsp;<\/p>\n<p><img decoding=\"async\" loading=\"lazy\" class=\"alignnone size-large wp-image-643231\" title=\"El d\u00eda en que Buenos Aires cambi\u00f3 para siempre\" src=\"https:\/\/www.diario5.com.ar\/wp-content\/uploads\/2021\/12\/independiente20211230-744x1024.jpg\" alt=\"El d\u00eda en que Buenos Aires cambi\u00f3 para siempre\" width=\"744\" height=\"1024\" srcset=\"https:\/\/www.diario5.com.ar\/wp-content\/uploads\/2021\/12\/independiente20211230-744x1024.jpg 744w, https:\/\/www.diario5.com.ar\/wp-content\/uploads\/2021\/12\/independiente20211230-218x300.jpg 218w, https:\/\/www.diario5.com.ar\/wp-content\/uploads\/2021\/12\/independiente20211230-768x1057.jpg 768w, https:\/\/www.diario5.com.ar\/wp-content\/uploads\/2021\/12\/independiente20211230.jpg 814w\" sizes=\"(max-width: 744px) 100vw, 744px\" \/><\/p>\n<p><img decoding=\"async\" loading=\"lazy\" class=\"alignnone size-large wp-image-643232\" title=\"El d\u00eda en que Buenos Aires cambi\u00f3 para siempre\" src=\"https:\/\/www.diario5.com.ar\/wp-content\/uploads\/2021\/12\/nueva_rioja20211230-724x1024.jpg\" alt=\"El d\u00eda en que Buenos Aires cambi\u00f3 para siempre\" width=\"724\" height=\"1024\" srcset=\"https:\/\/www.diario5.com.ar\/wp-content\/uploads\/2021\/12\/nueva_rioja20211230-724x1024.jpg 724w, https:\/\/www.diario5.com.ar\/wp-content\/uploads\/2021\/12\/nueva_rioja20211230-212x300.jpg 212w, https:\/\/www.diario5.com.ar\/wp-content\/uploads\/2021\/12\/nueva_rioja20211230.jpg 764w\" sizes=\"(max-width: 724px) 100vw, 724px\" \/><\/p>\n<p><img decoding=\"async\" loading=\"lazy\" class=\"alignnone size-large wp-image-643233\" title=\"El d\u00eda en que Buenos Aires cambi\u00f3 para siempre\" src=\"https:\/\/www.diario5.com.ar\/wp-content\/uploads\/2021\/12\/ar_losandes20211230-742x1024.jpg\" alt=\"El d\u00eda en que Buenos Aires cambi\u00f3 para siempre\" width=\"742\" height=\"1024\" srcset=\"https:\/\/www.diario5.com.ar\/wp-content\/uploads\/2021\/12\/ar_losandes20211230-742x1024.jpg 742w, https:\/\/www.diario5.com.ar\/wp-content\/uploads\/2021\/12\/ar_losandes20211230-217x300.jpg 217w, https:\/\/www.diario5.com.ar\/wp-content\/uploads\/2021\/12\/ar_losandes20211230.jpg 764w\" sizes=\"(max-width: 742px) 100vw, 742px\" \/><\/p>\n<p><img decoding=\"async\" loading=\"lazy\" class=\"alignnone size-large wp-image-643234\" title=\"El d\u00eda en que Buenos Aires cambi\u00f3 para siempre\" src=\"https:\/\/www.diario5.com.ar\/wp-content\/uploads\/2021\/12\/ar_tribuno20211230-760x1024.jpg\" alt=\"El d\u00eda en que Buenos Aires cambi\u00f3 para siempre\" width=\"760\" height=\"1024\" srcset=\"https:\/\/www.diario5.com.ar\/wp-content\/uploads\/2021\/12\/ar_tribuno20211230-760x1024.jpg 760w, https:\/\/www.diario5.com.ar\/wp-content\/uploads\/2021\/12\/ar_tribuno20211230-223x300.jpg 223w, https:\/\/www.diario5.com.ar\/wp-content\/uploads\/2021\/12\/ar_tribuno20211230.jpg 764w\" sizes=\"(max-width: 760px) 100vw, 760px\" \/><\/p>\n<p><img decoding=\"async\" loading=\"lazy\" class=\"alignnone size-large wp-image-643287\" src=\"https:\/\/www.diario5.com.ar\/wp-content\/uploads\/2021\/12\/lea20211230-2-796x1024.jpg\" width=\"796\" height=\"1024\" alt=\"El d\u00eda en que Buenos Aires cambi\u00f3 para siempre\" title=\"El d\u00eda en que Buenos Aires cambi\u00f3 para siempre\" srcset=\"https:\/\/www.diario5.com.ar\/wp-content\/uploads\/2021\/12\/lea20211230-2-796x1024.jpg 796w, https:\/\/www.diario5.com.ar\/wp-content\/uploads\/2021\/12\/lea20211230-2-233x300.jpg 233w, https:\/\/www.diario5.com.ar\/wp-content\/uploads\/2021\/12\/lea20211230-2-768x988.jpg 768w, https:\/\/www.diario5.com.ar\/wp-content\/uploads\/2021\/12\/lea20211230-2-1194x1536.jpg 1194w, https:\/\/www.diario5.com.ar\/wp-content\/uploads\/2021\/12\/lea20211230-2-1591x2048.jpg 1591w, https:\/\/www.diario5.com.ar\/wp-content\/uploads\/2021\/12\/lea20211230-2.jpg 1865w\" sizes=\"(max-width: 796px) 100vw, 796px\" \/><\/p>\n<p>&nbsp;<\/p>\n<p><img decoding=\"async\" loading=\"lazy\" class=\"alignnone size-large wp-image-643235\" title=\"El d\u00eda en que Buenos Aires cambi\u00f3 para siempre\" src=\"https:\/\/www.diario5.com.ar\/wp-content\/uploads\/2021\/12\/huarpe20211230-760x1024.jpg\" alt=\"El d\u00eda en que Buenos Aires cambi\u00f3 para siempre\" width=\"760\" height=\"1024\" srcset=\"https:\/\/www.diario5.com.ar\/wp-content\/uploads\/2021\/12\/huarpe20211230-760x1024.jpg 760w, https:\/\/www.diario5.com.ar\/wp-content\/uploads\/2021\/12\/huarpe20211230-223x300.jpg 223w, https:\/\/www.diario5.com.ar\/wp-content\/uploads\/2021\/12\/huarpe20211230.jpg 764w\" sizes=\"(max-width: 760px) 100vw, 760px\" \/><\/p>\n<p><img decoding=\"async\" loading=\"lazy\" class=\"alignnone size-large wp-image-643288\" src=\"https:\/\/www.diario5.com.ar\/wp-content\/uploads\/2021\/12\/ar_diario_republica20211230-2-727x1024.jpg\" width=\"727\" height=\"1024\" alt=\"El d\u00eda en que Buenos Aires cambi\u00f3 para siempre\" title=\"El d\u00eda en que Buenos Aires cambi\u00f3 para siempre\" srcset=\"https:\/\/www.diario5.com.ar\/wp-content\/uploads\/2021\/12\/ar_diario_republica20211230-2-727x1024.jpg 727w, https:\/\/www.diario5.com.ar\/wp-content\/uploads\/2021\/12\/ar_diario_republica20211230-2-213x300.jpg 213w, https:\/\/www.diario5.com.ar\/wp-content\/uploads\/2021\/12\/ar_diario_republica20211230-2-768x1082.jpg 768w, https:\/\/www.diario5.com.ar\/wp-content\/uploads\/2021\/12\/ar_diario_republica20211230-2-1091x1536.jpg 1091w, https:\/\/www.diario5.com.ar\/wp-content\/uploads\/2021\/12\/ar_diario_republica20211230-2-1454x2048.jpg 1454w, https:\/\/www.diario5.com.ar\/wp-content\/uploads\/2021\/12\/ar_diario_republica20211230-2.jpg 1704w\" sizes=\"(max-width: 727px) 100vw, 727px\" \/><\/p>\n<p>&nbsp;<\/p>\n<p><img decoding=\"async\" loading=\"lazy\" class=\"alignnone size-large wp-image-643236\" title=\"El d\u00eda en que Buenos Aires cambi\u00f3 para siempre\" src=\"https:\/\/www.diario5.com.ar\/wp-content\/uploads\/2021\/12\/ciudadano20211230-765x1024.jpg\" alt=\"El d\u00eda en que Buenos Aires cambi\u00f3 para siempre\" width=\"765\" height=\"1024\" srcset=\"https:\/\/www.diario5.com.ar\/wp-content\/uploads\/2021\/12\/ciudadano20211230-765x1024.jpg 765w, https:\/\/www.diario5.com.ar\/wp-content\/uploads\/2021\/12\/ciudadano20211230-224x300.jpg 224w, https:\/\/www.diario5.com.ar\/wp-content\/uploads\/2021\/12\/ciudadano20211230-768x1028.jpg 768w, https:\/\/www.diario5.com.ar\/wp-content\/uploads\/2021\/12\/ciudadano20211230.jpg 896w\" sizes=\"(max-width: 765px) 100vw, 765px\" \/><\/p>\n<p>&nbsp;<\/p>\n<p><img decoding=\"async\" loading=\"lazy\" class=\"alignnone size-large wp-image-643237\" title=\"El d\u00eda en que Buenos Aires cambi\u00f3 para siempre\" src=\"https:\/\/www.diario5.com.ar\/wp-content\/uploads\/2021\/12\/ar_gaceta20211230-616x1024.jpg\" alt=\"El d\u00eda en que Buenos Aires cambi\u00f3 para siempre\" width=\"616\" height=\"1024\" srcset=\"https:\/\/www.diario5.com.ar\/wp-content\/uploads\/2021\/12\/ar_gaceta20211230-616x1024.jpg 616w, https:\/\/www.diario5.com.ar\/wp-content\/uploads\/2021\/12\/ar_gaceta20211230-181x300.jpg 181w, https:\/\/www.diario5.com.ar\/wp-content\/uploads\/2021\/12\/ar_gaceta20211230-768x1276.jpg 768w, https:\/\/www.diario5.com.ar\/wp-content\/uploads\/2021\/12\/ar_gaceta20211230-924x1536.jpg 924w, https:\/\/www.diario5.com.ar\/wp-content\/uploads\/2021\/12\/ar_gaceta20211230-1232x2048.jpg 1232w, https:\/\/www.diario5.com.ar\/wp-content\/uploads\/2021\/12\/ar_gaceta20211230.jpg 1444w\" sizes=\"(max-width: 616px) 100vw, 616px\" \/><\/p>\n<p><img decoding=\"async\" loading=\"lazy\" class=\"alignnone size-large wp-image-643238\" title=\"El d\u00eda en que Buenos Aires cambi\u00f3 para siempre\" src=\"https:\/\/www.diario5.com.ar\/wp-content\/uploads\/2021\/12\/ar_cronica20211230-865x1024.jpg\" alt=\"El d\u00eda en que Buenos Aires cambi\u00f3 para siempre\" width=\"865\" height=\"1024\" srcset=\"https:\/\/www.diario5.com.ar\/wp-content\/uploads\/2021\/12\/ar_cronica20211230-865x1024.jpg 865w, https:\/\/www.diario5.com.ar\/wp-content\/uploads\/2021\/12\/ar_cronica20211230-253x300.jpg 253w, https:\/\/www.diario5.com.ar\/wp-content\/uploads\/2021\/12\/ar_cronica20211230-768x909.jpg 768w, https:\/\/www.diario5.com.ar\/wp-content\/uploads\/2021\/12\/ar_cronica20211230-1297x1536.jpg 1297w, https:\/\/www.diario5.com.ar\/wp-content\/uploads\/2021\/12\/ar_cronica20211230.jpg 1648w\" sizes=\"(max-width: 865px) 100vw, 865px\" \/><\/p>\n<p><img decoding=\"async\" loading=\"lazy\" class=\"alignnone size-large wp-image-643239\" title=\"El d\u00eda en que Buenos Aires cambi\u00f3 para siempre\" src=\"https:\/\/www.diario5.com.ar\/wp-content\/uploads\/2021\/12\/ar_clarin20211230-742x1024.jpg\" alt=\"El d\u00eda en que Buenos Aires cambi\u00f3 para siempre\" width=\"742\" height=\"1024\" srcset=\"https:\/\/www.diario5.com.ar\/wp-content\/uploads\/2021\/12\/ar_clarin20211230-742x1024.jpg 742w, https:\/\/www.diario5.com.ar\/wp-content\/uploads\/2021\/12\/ar_clarin20211230-217x300.jpg 217w, https:\/\/www.diario5.com.ar\/wp-content\/uploads\/2021\/12\/ar_clarin20211230-768x1060.jpg 768w, https:\/\/www.diario5.com.ar\/wp-content\/uploads\/2021\/12\/ar_clarin20211230-1112x1536.jpg 1112w, https:\/\/www.diario5.com.ar\/wp-content\/uploads\/2021\/12\/ar_clarin20211230.jpg 1471w\" sizes=\"(max-width: 742px) 100vw, 742px\" \/><\/p>\n<p><img decoding=\"async\" loading=\"lazy\" class=\"alignnone size-large wp-image-643240\" title=\"El d\u00eda en que Buenos Aires cambi\u00f3 para siempre\" src=\"https:\/\/www.diario5.com.ar\/wp-content\/uploads\/2021\/12\/nacion20211230-674x1024.jpg\" alt=\"El d\u00eda en que Buenos Aires cambi\u00f3 para siempre\" width=\"674\" height=\"1024\" srcset=\"https:\/\/www.diario5.com.ar\/wp-content\/uploads\/2021\/12\/nacion20211230-674x1024.jpg 674w, https:\/\/www.diario5.com.ar\/wp-content\/uploads\/2021\/12\/nacion20211230-197x300.jpg 197w, https:\/\/www.diario5.com.ar\/wp-content\/uploads\/2021\/12\/nacion20211230.jpg 764w\" sizes=\"(max-width: 674px) 100vw, 674px\" \/><\/p>\n<p>&nbsp;<\/p>\n<p><img decoding=\"async\" loading=\"lazy\" class=\"alignnone size-full wp-image-643241\" title=\"El d\u00eda en que Buenos Aires cambi\u00f3 para siempre\" src=\"https:\/\/www.diario5.com.ar\/wp-content\/uploads\/2021\/12\/nuevo_diario20211230.jpg\" alt=\"El d\u00eda en que Buenos Aires cambi\u00f3 para siempre\" width=\"764\" height=\"1015\" srcset=\"https:\/\/www.diario5.com.ar\/wp-content\/uploads\/2021\/12\/nuevo_diario20211230.jpg 764w, https:\/\/www.diario5.com.ar\/wp-content\/uploads\/2021\/12\/nuevo_diario20211230-226x300.jpg 226w\" sizes=\"(max-width: 764px) 100vw, 764px\" \/><\/p>\n<p>&nbsp;<\/p>\n<p>URUGUAY<\/p>\n<p><img decoding=\"async\" loading=\"lazy\" class=\"alignnone size-full wp-image-643242\" title=\"El d\u00eda en que Buenos Aires cambi\u00f3 para siempre\" src=\"https:\/\/www.diario5.com.ar\/wp-content\/uploads\/2021\/12\/uy_ladiaria20211230.jpg\" alt=\"El d\u00eda en que Buenos Aires cambi\u00f3 para siempre\" width=\"764\" height=\"951\" srcset=\"https:\/\/www.diario5.com.ar\/wp-content\/uploads\/2021\/12\/uy_ladiaria20211230.jpg 764w, https:\/\/www.diario5.com.ar\/wp-content\/uploads\/2021\/12\/uy_ladiaria20211230-241x300.jpg 241w\" sizes=\"(max-width: 764px) 100vw, 764px\" \/><\/p>\n<p><img decoding=\"async\" loading=\"lazy\" class=\"alignnone size-large wp-image-643289\" src=\"https:\/\/www.diario5.com.ar\/wp-content\/uploads\/2021\/12\/uy_observador20211230-2-735x1024.jpg\" width=\"735\" height=\"1024\" alt=\"El d\u00eda en que Buenos Aires cambi\u00f3 para siempre\" title=\"El d\u00eda en que Buenos Aires cambi\u00f3 para siempre\" srcset=\"https:\/\/www.diario5.com.ar\/wp-content\/uploads\/2021\/12\/uy_observador20211230-2-735x1024.jpg 735w, https:\/\/www.diario5.com.ar\/wp-content\/uploads\/2021\/12\/uy_observador20211230-2-215x300.jpg 215w, https:\/\/www.diario5.com.ar\/wp-content\/uploads\/2021\/12\/uy_observador20211230-2.jpg 764w\" sizes=\"(max-width: 735px) 100vw, 735px\" \/><\/p>\n<p>BRASIL<br \/>\n<img decoding=\"async\" loading=\"lazy\" class=\"alignnone size-large wp-image-643243\" title=\"El d\u00eda en que Buenos Aires cambi\u00f3 para siempre\" src=\"https:\/\/www.diario5.com.ar\/wp-content\/uploads\/2021\/12\/br_folha_spaulo20211230-580x1024.jpg\" alt=\"El d\u00eda en que Buenos Aires cambi\u00f3 para siempre\" width=\"580\" height=\"1024\" srcset=\"https:\/\/www.diario5.com.ar\/wp-content\/uploads\/2021\/12\/br_folha_spaulo20211230-580x1024.jpg 580w, https:\/\/www.diario5.com.ar\/wp-content\/uploads\/2021\/12\/br_folha_spaulo20211230-170x300.jpg 170w, https:\/\/www.diario5.com.ar\/wp-content\/uploads\/2021\/12\/br_folha_spaulo20211230-768x1356.jpg 768w, https:\/\/www.diario5.com.ar\/wp-content\/uploads\/2021\/12\/br_folha_spaulo20211230.jpg 814w\" sizes=\"(max-width: 580px) 100vw, 580px\" \/><\/p>\n<p><img decoding=\"async\" loading=\"lazy\" class=\"alignnone size-large wp-image-643244\" title=\"El d\u00eda en que Buenos Aires cambi\u00f3 para siempre\" src=\"https:\/\/www.diario5.com.ar\/wp-content\/uploads\/2021\/12\/br_estado_spaulo20211230-657x1024.jpg\" alt=\"El d\u00eda en que Buenos Aires cambi\u00f3 para siempre\" width=\"657\" height=\"1024\" srcset=\"https:\/\/www.diario5.com.ar\/wp-content\/uploads\/2021\/12\/br_estado_spaulo20211230-657x1024.jpg 657w, https:\/\/www.diario5.com.ar\/wp-content\/uploads\/2021\/12\/br_estado_spaulo20211230-193x300.jpg 193w, https:\/\/www.diario5.com.ar\/wp-content\/uploads\/2021\/12\/br_estado_spaulo20211230.jpg 764w\" sizes=\"(max-width: 657px) 100vw, 657px\" \/><\/p>\n<p>&nbsp;<\/p>\n<p><img decoding=\"async\" loading=\"lazy\" class=\"alignnone size-large wp-image-643245\" title=\"El d\u00eda en que Buenos Aires cambi\u00f3 para siempre\" src=\"https:\/\/www.diario5.com.ar\/wp-content\/uploads\/2021\/12\/br_tribuna_bahia20211230-549x1024.jpg\" alt=\"El d\u00eda en que Buenos Aires cambi\u00f3 para siempre\" width=\"549\" height=\"1024\" srcset=\"https:\/\/www.diario5.com.ar\/wp-content\/uploads\/2021\/12\/br_tribuna_bahia20211230-549x1024.jpg 549w, https:\/\/www.diario5.com.ar\/wp-content\/uploads\/2021\/12\/br_tribuna_bahia20211230-161x300.jpg 161w, https:\/\/www.diario5.com.ar\/wp-content\/uploads\/2021\/12\/br_tribuna_bahia20211230-768x1432.jpg 768w, https:\/\/www.diario5.com.ar\/wp-content\/uploads\/2021\/12\/br_tribuna_bahia20211230-824x1536.jpg 824w, https:\/\/www.diario5.com.ar\/wp-content\/uploads\/2021\/12\/br_tribuna_bahia20211230-1098x2048.jpg 1098w, https:\/\/www.diario5.com.ar\/wp-content\/uploads\/2021\/12\/br_tribuna_bahia20211230.jpg 1287w\" sizes=\"(max-width: 549px) 100vw, 549px\" \/><\/p>\n<p><img decoding=\"async\" loading=\"lazy\" class=\"alignnone size-large wp-image-643246\" title=\"El d\u00eda en que Buenos Aires cambi\u00f3 para siempre\" src=\"https:\/\/www.diario5.com.ar\/wp-content\/uploads\/2021\/12\/br_extra20211230-591x1024.jpg\" alt=\"El d\u00eda en que Buenos Aires cambi\u00f3 para siempre\" width=\"591\" height=\"1024\" srcset=\"https:\/\/www.diario5.com.ar\/wp-content\/uploads\/2021\/12\/br_extra20211230-591x1024.jpg 591w, https:\/\/www.diario5.com.ar\/wp-content\/uploads\/2021\/12\/br_extra20211230-173x300.jpg 173w, https:\/\/www.diario5.com.ar\/wp-content\/uploads\/2021\/12\/br_extra20211230.jpg 764w\" sizes=\"(max-width: 591px) 100vw, 591px\" \/><\/p>\n<p>PARAGUAY<br \/>\n<img decoding=\"async\" loading=\"lazy\" class=\"alignnone size-large wp-image-643290\" src=\"https:\/\/www.diario5.com.ar\/wp-content\/uploads\/2021\/12\/abccolor20211230-2-749x1024.jpg\" width=\"749\" height=\"1024\" alt=\"El d\u00eda en que Buenos Aires cambi\u00f3 para siempre\" title=\"El d\u00eda en que Buenos Aires cambi\u00f3 para siempre\" srcset=\"https:\/\/www.diario5.com.ar\/wp-content\/uploads\/2021\/12\/abccolor20211230-2-749x1024.jpg 749w, https:\/\/www.diario5.com.ar\/wp-content\/uploads\/2021\/12\/abccolor20211230-2-220x300.jpg 220w, https:\/\/www.diario5.com.ar\/wp-content\/uploads\/2021\/12\/abccolor20211230-2.jpg 764w\" sizes=\"(max-width: 749px) 100vw, 749px\" \/><\/p>\n<p><img decoding=\"async\" loading=\"lazy\" class=\"alignnone size-large wp-image-643247\" title=\"El d\u00eda en que Buenos Aires cambi\u00f3 para siempre\" src=\"https:\/\/www.diario5.com.ar\/wp-content\/uploads\/2021\/12\/nacion20211230-1-764x1024.jpg\" alt=\"El d\u00eda en que Buenos Aires cambi\u00f3 para siempre\" width=\"764\" height=\"1024\" srcset=\"https:\/\/www.diario5.com.ar\/wp-content\/uploads\/2021\/12\/nacion20211230-1-764x1024.jpg 764w, https:\/\/www.diario5.com.ar\/wp-content\/uploads\/2021\/12\/nacion20211230-1-224x300.jpg 224w, https:\/\/www.diario5.com.ar\/wp-content\/uploads\/2021\/12\/nacion20211230-1-768x1030.jpg 768w, https:\/\/www.diario5.com.ar\/wp-content\/uploads\/2021\/12\/nacion20211230-1-1145x1536.jpg 1145w, https:\/\/www.diario5.com.ar\/wp-content\/uploads\/2021\/12\/nacion20211230-1-1527x2048.jpg 1527w, https:\/\/www.diario5.com.ar\/wp-content\/uploads\/2021\/12\/nacion20211230-1.jpg 1575w\" sizes=\"(max-width: 764px) 100vw, 764px\" \/><\/p>\n<p>&nbsp;<\/p>\n<p><img decoding=\"async\" loading=\"lazy\" class=\"alignnone size-large wp-image-643291\" src=\"https:\/\/www.diario5.com.ar\/wp-content\/uploads\/2021\/12\/py_5dias20211230-2-771x1024.jpg\" width=\"771\" height=\"1024\" alt=\"El d\u00eda en que Buenos Aires cambi\u00f3 para siempre\" title=\"El d\u00eda en que Buenos Aires cambi\u00f3 para siempre\" srcset=\"https:\/\/www.diario5.com.ar\/wp-content\/uploads\/2021\/12\/py_5dias20211230-2-771x1024.jpg 771w, https:\/\/www.diario5.com.ar\/wp-content\/uploads\/2021\/12\/py_5dias20211230-2-226x300.jpg 226w, https:\/\/www.diario5.com.ar\/wp-content\/uploads\/2021\/12\/py_5dias20211230-2-768x1020.jpg 768w, https:\/\/www.diario5.com.ar\/wp-content\/uploads\/2021\/12\/py_5dias20211230-2.jpg 928w\" sizes=\"(max-width: 771px) 100vw, 771px\" \/><\/p>\n<p>&nbsp;<\/p>\n<p>CHILE<br \/>\n<img decoding=\"async\" loading=\"lazy\" class=\"alignnone size-large wp-image-643248\" title=\"El d\u00eda en que Buenos Aires cambi\u00f3 para siempre\" src=\"https:\/\/www.diario5.com.ar\/wp-content\/uploads\/2021\/12\/cl_mercurio20211230-564x1024.jpg\" alt=\"El d\u00eda en que Buenos Aires cambi\u00f3 para siempre\" width=\"564\" height=\"1024\" srcset=\"https:\/\/www.diario5.com.ar\/wp-content\/uploads\/2021\/12\/cl_mercurio20211230-564x1024.jpg 564w, https:\/\/www.diario5.com.ar\/wp-content\/uploads\/2021\/12\/cl_mercurio20211230-165x300.jpg 165w, https:\/\/www.diario5.com.ar\/wp-content\/uploads\/2021\/12\/cl_mercurio20211230.jpg 764w\" sizes=\"(max-width: 564px) 100vw, 564px\" \/><\/p>\n<p><img decoding=\"async\" loading=\"lazy\" class=\"alignnone size-full wp-image-643249\" title=\"El d\u00eda en que Buenos Aires cambi\u00f3 para siempre\" src=\"https:\/\/www.diario5.com.ar\/wp-content\/uploads\/2021\/12\/cl_ultimas_noticias20211230.jpg\" alt=\"El d\u00eda en que Buenos Aires cambi\u00f3 para siempre\" width=\"792\" height=\"981\" srcset=\"https:\/\/www.diario5.com.ar\/wp-content\/uploads\/2021\/12\/cl_ultimas_noticias20211230.jpg 792w, https:\/\/www.diario5.com.ar\/wp-content\/uploads\/2021\/12\/cl_ultimas_noticias20211230-242x300.jpg 242w, https:\/\/www.diario5.com.ar\/wp-content\/uploads\/2021\/12\/cl_ultimas_noticias20211230-768x951.jpg 768w\" sizes=\"(max-width: 792px) 100vw, 792px\" \/><\/p>\n<p><img decoding=\"async\" loading=\"lazy\" class=\"alignnone size-full wp-image-643250\" title=\"El d\u00eda en que Buenos Aires cambi\u00f3 para siempre\" src=\"https:\/\/www.diario5.com.ar\/wp-content\/uploads\/2021\/12\/cl_diario_financiero20211230.jpg\" alt=\"El d\u00eda en que Buenos Aires cambi\u00f3 para siempre\" width=\"764\" height=\"981\" srcset=\"https:\/\/www.diario5.com.ar\/wp-content\/uploads\/2021\/12\/cl_diario_financiero20211230.jpg 764w, https:\/\/www.diario5.com.ar\/wp-content\/uploads\/2021\/12\/cl_diario_financiero20211230-234x300.jpg 234w\" sizes=\"(max-width: 764px) 100vw, 764px\" \/><\/p>\n<p><img decoding=\"async\" loading=\"lazy\" class=\"alignnone size-large wp-image-643251\" title=\"El d\u00eda en que Buenos Aires cambi\u00f3 para siempre\" src=\"https:\/\/www.diario5.com.ar\/wp-content\/uploads\/2021\/12\/estrella_iquique20211230-814x1024.jpg\" alt=\"El d\u00eda en que Buenos Aires cambi\u00f3 para siempre\" width=\"814\" height=\"1024\" srcset=\"https:\/\/www.diario5.com.ar\/wp-content\/uploads\/2021\/12\/estrella_iquique20211230-814x1024.jpg 814w, https:\/\/www.diario5.com.ar\/wp-content\/uploads\/2021\/12\/estrella_iquique20211230-238x300.jpg 238w, https:\/\/www.diario5.com.ar\/wp-content\/uploads\/2021\/12\/estrella_iquique20211230-768x966.jpg 768w, https:\/\/www.diario5.com.ar\/wp-content\/uploads\/2021\/12\/estrella_iquique20211230-1221x1536.jpg 1221w, https:\/\/www.diario5.com.ar\/wp-content\/uploads\/2021\/12\/estrella_iquique20211230.jpg 1328w\" sizes=\"(max-width: 814px) 100vw, 814px\" \/><\/p>\n<p><img decoding=\"async\" loading=\"lazy\" class=\"alignnone size-large wp-image-643252\" title=\"El d\u00eda en que Buenos Aires cambi\u00f3 para siempre\" src=\"https:\/\/www.diario5.com.ar\/wp-content\/uploads\/2021\/12\/mercurio_antofagasta20211230-691x1024.jpg\" alt=\"El d\u00eda en que Buenos Aires cambi\u00f3 para siempre\" width=\"691\" height=\"1024\" srcset=\"https:\/\/www.diario5.com.ar\/wp-content\/uploads\/2021\/12\/mercurio_antofagasta20211230-691x1024.jpg 691w, https:\/\/www.diario5.com.ar\/wp-content\/uploads\/2021\/12\/mercurio_antofagasta20211230-202x300.jpg 202w, https:\/\/www.diario5.com.ar\/wp-content\/uploads\/2021\/12\/mercurio_antofagasta20211230-768x1138.jpg 768w, https:\/\/www.diario5.com.ar\/wp-content\/uploads\/2021\/12\/mercurio_antofagasta20211230-1036x1536.jpg 1036w, https:\/\/www.diario5.com.ar\/wp-content\/uploads\/2021\/12\/mercurio_antofagasta20211230.jpg 1328w\" sizes=\"(max-width: 691px) 100vw, 691px\" \/><\/p>\n<p><img decoding=\"async\" loading=\"lazy\" class=\"alignnone size-large wp-image-643253\" title=\"El d\u00eda en que Buenos Aires cambi\u00f3 para siempre\" src=\"https:\/\/www.diario5.com.ar\/wp-content\/uploads\/2021\/12\/cl_eldia20211230-743x1024.jpg\" alt=\"El d\u00eda en que Buenos Aires cambi\u00f3 para siempre\" width=\"743\" height=\"1024\" srcset=\"https:\/\/www.diario5.com.ar\/wp-content\/uploads\/2021\/12\/cl_eldia20211230-743x1024.jpg 743w, https:\/\/www.diario5.com.ar\/wp-content\/uploads\/2021\/12\/cl_eldia20211230-218x300.jpg 218w, https:\/\/www.diario5.com.ar\/wp-content\/uploads\/2021\/12\/cl_eldia20211230-768x1059.jpg 768w, https:\/\/www.diario5.com.ar\/wp-content\/uploads\/2021\/12\/cl_eldia20211230.jpg 1014w\" sizes=\"(max-width: 743px) 100vw, 743px\" \/><\/p>\n<p><img decoding=\"async\" loading=\"lazy\" class=\"alignnone size-large wp-image-643254\" title=\"El d\u00eda en que Buenos Aires cambi\u00f3 para siempre\" src=\"https:\/\/www.diario5.com.ar\/wp-content\/uploads\/2021\/12\/mercurio_valpo20211230-725x1024.jpg\" alt=\"El d\u00eda en que Buenos Aires cambi\u00f3 para siempre\" width=\"725\" height=\"1024\" srcset=\"https:\/\/www.diario5.com.ar\/wp-content\/uploads\/2021\/12\/mercurio_valpo20211230-725x1024.jpg 725w, https:\/\/www.diario5.com.ar\/wp-content\/uploads\/2021\/12\/mercurio_valpo20211230-212x300.jpg 212w, https:\/\/www.diario5.com.ar\/wp-content\/uploads\/2021\/12\/mercurio_valpo20211230-768x1084.jpg 768w, https:\/\/www.diario5.com.ar\/wp-content\/uploads\/2021\/12\/mercurio_valpo20211230-1088x1536.jpg 1088w, https:\/\/www.diario5.com.ar\/wp-content\/uploads\/2021\/12\/mercurio_valpo20211230.jpg 1376w\" sizes=\"(max-width: 725px) 100vw, 725px\" \/><\/p>\n<p>&nbsp;<\/p>\n<p><img decoding=\"async\" loading=\"lazy\" class=\"alignnone size-large wp-image-643255\" title=\"El d\u00eda en que Buenos Aires cambi\u00f3 para siempre\" src=\"https:\/\/www.diario5.com.ar\/wp-content\/uploads\/2021\/12\/diario_concepcion20211230-788x1024.jpg\" alt=\"El d\u00eda en que Buenos Aires cambi\u00f3 para siempre\" width=\"788\" height=\"1024\" srcset=\"https:\/\/www.diario5.com.ar\/wp-content\/uploads\/2021\/12\/diario_concepcion20211230-788x1024.jpg 788w, https:\/\/www.diario5.com.ar\/wp-content\/uploads\/2021\/12\/diario_concepcion20211230-231x300.jpg 231w, https:\/\/www.diario5.com.ar\/wp-content\/uploads\/2021\/12\/diario_concepcion20211230-768x998.jpg 768w, https:\/\/www.diario5.com.ar\/wp-content\/uploads\/2021\/12\/diario_concepcion20211230-1182x1536.jpg 1182w, https:\/\/www.diario5.com.ar\/wp-content\/uploads\/2021\/12\/diario_concepcion20211230.jpg 1254w\" sizes=\"(max-width: 788px) 100vw, 788px\" \/><\/p>\n<p><img decoding=\"async\" loading=\"lazy\" class=\"alignnone size-large wp-image-643256\" title=\"El d\u00eda en que Buenos Aires cambi\u00f3 para siempre\" src=\"https:\/\/www.diario5.com.ar\/wp-content\/uploads\/2021\/12\/austral_temuco20211230-716x1024.jpg\" alt=\"El d\u00eda en que Buenos Aires cambi\u00f3 para siempre\" width=\"716\" height=\"1024\" srcset=\"https:\/\/www.diario5.com.ar\/wp-content\/uploads\/2021\/12\/austral_temuco20211230-716x1024.jpg 716w, https:\/\/www.diario5.com.ar\/wp-content\/uploads\/2021\/12\/austral_temuco20211230-210x300.jpg 210w, https:\/\/www.diario5.com.ar\/wp-content\/uploads\/2021\/12\/austral_temuco20211230-768x1098.jpg 768w, https:\/\/www.diario5.com.ar\/wp-content\/uploads\/2021\/12\/austral_temuco20211230-1074x1536.jpg 1074w, https:\/\/www.diario5.com.ar\/wp-content\/uploads\/2021\/12\/austral_temuco20211230.jpg 1376w\" sizes=\"(max-width: 716px) 100vw, 716px\" \/><\/p>\n<p><img decoding=\"async\" loading=\"lazy\" class=\"alignnone size-large wp-image-643257\" title=\"El d\u00eda en que Buenos Aires cambi\u00f3 para siempre\" src=\"https:\/\/www.diario5.com.ar\/wp-content\/uploads\/2021\/12\/estrella_arica20211230-808x1024.jpg\" alt=\"El d\u00eda en que Buenos Aires cambi\u00f3 para siempre\" width=\"808\" height=\"1024\" srcset=\"https:\/\/www.diario5.com.ar\/wp-content\/uploads\/2021\/12\/estrella_arica20211230-808x1024.jpg 808w, https:\/\/www.diario5.com.ar\/wp-content\/uploads\/2021\/12\/estrella_arica20211230-237x300.jpg 237w, https:\/\/www.diario5.com.ar\/wp-content\/uploads\/2021\/12\/estrella_arica20211230-768x973.jpg 768w, https:\/\/www.diario5.com.ar\/wp-content\/uploads\/2021\/12\/estrella_arica20211230-1212x1536.jpg 1212w, https:\/\/www.diario5.com.ar\/wp-content\/uploads\/2021\/12\/estrella_arica20211230.jpg 1328w\" sizes=\"(max-width: 808px) 100vw, 808px\" \/><\/p>\n<p>COLOMBIA<br \/>\n<img decoding=\"async\" loading=\"lazy\" class=\"alignnone size-large wp-image-643258\" title=\"El d\u00eda en que Buenos Aires cambi\u00f3 para siempre\" src=\"https:\/\/www.diario5.com.ar\/wp-content\/uploads\/2021\/12\/co_espectador20211230-714x1024.jpg\" alt=\"El d\u00eda en que Buenos Aires cambi\u00f3 para siempre\" width=\"714\" height=\"1024\" srcset=\"https:\/\/www.diario5.com.ar\/wp-content\/uploads\/2021\/12\/co_espectador20211230-714x1024.jpg 714w, https:\/\/www.diario5.com.ar\/wp-content\/uploads\/2021\/12\/co_espectador20211230-209x300.jpg 209w, https:\/\/www.diario5.com.ar\/wp-content\/uploads\/2021\/12\/co_espectador20211230.jpg 764w\" sizes=\"(max-width: 714px) 100vw, 714px\" \/><\/p>\n<p><img decoding=\"async\" loading=\"lazy\" class=\"alignnone size-large wp-image-643259\" title=\"El d\u00eda en que Buenos Aires cambi\u00f3 para siempre\" src=\"https:\/\/www.diario5.com.ar\/wp-content\/uploads\/2021\/12\/co_heraldo20211230-531x1024.jpg\" alt=\"El d\u00eda en que Buenos Aires cambi\u00f3 para siempre\" width=\"531\" height=\"1024\" srcset=\"https:\/\/www.diario5.com.ar\/wp-content\/uploads\/2021\/12\/co_heraldo20211230-531x1024.jpg 531w, https:\/\/www.diario5.com.ar\/wp-content\/uploads\/2021\/12\/co_heraldo20211230-156x300.jpg 156w, https:\/\/www.diario5.com.ar\/wp-content\/uploads\/2021\/12\/co_heraldo20211230.jpg 764w\" sizes=\"(max-width: 531px) 100vw, 531px\" \/><\/p>\n<p><img decoding=\"async\" loading=\"lazy\" class=\"alignnone size-large wp-image-643260\" title=\"El d\u00eda en que Buenos Aires cambi\u00f3 para siempre\" src=\"https:\/\/www.diario5.com.ar\/wp-content\/uploads\/2021\/12\/co_elpais20211230-552x1024.jpg\" alt=\"El d\u00eda en que Buenos Aires cambi\u00f3 para siempre\" width=\"552\" height=\"1024\" srcset=\"https:\/\/www.diario5.com.ar\/wp-content\/uploads\/2021\/12\/co_elpais20211230-552x1024.jpg 552w, https:\/\/www.diario5.com.ar\/wp-content\/uploads\/2021\/12\/co_elpais20211230-162x300.jpg 162w, https:\/\/www.diario5.com.ar\/wp-content\/uploads\/2021\/12\/co_elpais20211230.jpg 764w\" sizes=\"(max-width: 552px) 100vw, 552px\" \/><\/p>\n<p><img decoding=\"async\" loading=\"lazy\" class=\"alignnone size-large wp-image-643261\" title=\"El d\u00eda en que Buenos Aires cambi\u00f3 para siempre\" src=\"https:\/\/www.diario5.com.ar\/wp-content\/uploads\/2021\/12\/co_universal20211230-770x1024.jpg\" alt=\"El d\u00eda en que Buenos Aires cambi\u00f3 para siempre\" width=\"770\" height=\"1024\" srcset=\"https:\/\/www.diario5.com.ar\/wp-content\/uploads\/2021\/12\/co_universal20211230-770x1024.jpg 770w, https:\/\/www.diario5.com.ar\/wp-content\/uploads\/2021\/12\/co_universal20211230-226x300.jpg 226w, https:\/\/www.diario5.com.ar\/wp-content\/uploads\/2021\/12\/co_universal20211230-768x1021.jpg 768w, https:\/\/www.diario5.com.ar\/wp-content\/uploads\/2021\/12\/co_universal20211230.jpg 960w\" sizes=\"(max-width: 770px) 100vw, 770px\" \/><\/p>\n<p><img decoding=\"async\" loading=\"lazy\" class=\"alignnone size-large wp-image-643292\" src=\"https:\/\/www.diario5.com.ar\/wp-content\/uploads\/2021\/12\/co_elcolombiano20211230-2-694x1024.jpg\" width=\"694\" height=\"1024\" alt=\"El d\u00eda en que Buenos Aires cambi\u00f3 para siempre\" title=\"El d\u00eda en que Buenos Aires cambi\u00f3 para siempre\" srcset=\"https:\/\/www.diario5.com.ar\/wp-content\/uploads\/2021\/12\/co_elcolombiano20211230-2-694x1024.jpg 694w, https:\/\/www.diario5.com.ar\/wp-content\/uploads\/2021\/12\/co_elcolombiano20211230-2-203x300.jpg 203w, https:\/\/www.diario5.com.ar\/wp-content\/uploads\/2021\/12\/co_elcolombiano20211230-2.jpg 764w\" sizes=\"(max-width: 694px) 100vw, 694px\" \/><\/p>\n<p>PERU<br \/>\n<img decoding=\"async\" loading=\"lazy\" class=\"alignnone size-large wp-image-643262\" title=\"El d\u00eda en que Buenos Aires cambi\u00f3 para siempre\" src=\"https:\/\/www.diario5.com.ar\/wp-content\/uploads\/2021\/12\/pe_comercio20211230-681x1024.jpg\" alt=\"El d\u00eda en que Buenos Aires cambi\u00f3 para siempre\" width=\"681\" height=\"1024\" srcset=\"https:\/\/www.diario5.com.ar\/wp-content\/uploads\/2021\/12\/pe_comercio20211230-681x1024.jpg 681w, https:\/\/www.diario5.com.ar\/wp-content\/uploads\/2021\/12\/pe_comercio20211230-199x300.jpg 199w, https:\/\/www.diario5.com.ar\/wp-content\/uploads\/2021\/12\/pe_comercio20211230.jpg 764w\" sizes=\"(max-width: 681px) 100vw, 681px\" \/><\/p>\n<p><img decoding=\"async\" loading=\"lazy\" class=\"alignnone size-large wp-image-643293\" src=\"https:\/\/www.diario5.com.ar\/wp-content\/uploads\/2021\/12\/pe_peru2120211230-2-978x1024.jpg\" width=\"978\" height=\"1024\" alt=\"El d\u00eda en que Buenos Aires cambi\u00f3 para siempre\" title=\"El d\u00eda en que Buenos Aires cambi\u00f3 para siempre\" srcset=\"https:\/\/www.diario5.com.ar\/wp-content\/uploads\/2021\/12\/pe_peru2120211230-2-978x1024.jpg 978w, https:\/\/www.diario5.com.ar\/wp-content\/uploads\/2021\/12\/pe_peru2120211230-2-287x300.jpg 287w, https:\/\/www.diario5.com.ar\/wp-content\/uploads\/2021\/12\/pe_peru2120211230-2-768x804.jpg 768w, https:\/\/www.diario5.com.ar\/wp-content\/uploads\/2021\/12\/pe_peru2120211230-2.jpg 1023w\" sizes=\"(max-width: 978px) 100vw, 978px\" \/><\/p>\n<p><img decoding=\"async\" loading=\"lazy\" class=\"alignnone size-large wp-image-643294\" src=\"https:\/\/www.diario5.com.ar\/wp-content\/uploads\/2021\/12\/pe_correo20211230-2-1024x1024.jpg\" width=\"1024\" height=\"1024\" alt=\"El d\u00eda en que Buenos Aires cambi\u00f3 para siempre\" title=\"El d\u00eda en que Buenos Aires cambi\u00f3 para siempre\" srcset=\"https:\/\/www.diario5.com.ar\/wp-content\/uploads\/2021\/12\/pe_correo20211230-2-1024x1024.jpg 1024w, https:\/\/www.diario5.com.ar\/wp-content\/uploads\/2021\/12\/pe_correo20211230-2-300x300.jpg 300w, https:\/\/www.diario5.com.ar\/wp-content\/uploads\/2021\/12\/pe_correo20211230-2-150x150.jpg 150w, https:\/\/www.diario5.com.ar\/wp-content\/uploads\/2021\/12\/pe_correo20211230-2-768x767.jpg 768w, https:\/\/www.diario5.com.ar\/wp-content\/uploads\/2021\/12\/pe_correo20211230-2.jpg 1183w\" sizes=\"(max-width: 1024px) 100vw, 1024px\" \/><\/p>\n<p>&nbsp;<\/p>\n<p><img decoding=\"async\" loading=\"lazy\" class=\"alignnone size-full wp-image-643263\" title=\"El d\u00eda en que Buenos Aires cambi\u00f3 para siempre\" src=\"https:\/\/www.diario5.com.ar\/wp-content\/uploads\/2021\/12\/pe_gestion20211230.jpg\" alt=\"El d\u00eda en que Buenos Aires cambi\u00f3 para siempre\" width=\"865\" height=\"901\" srcset=\"https:\/\/www.diario5.com.ar\/wp-content\/uploads\/2021\/12\/pe_gestion20211230.jpg 865w, https:\/\/www.diario5.com.ar\/wp-content\/uploads\/2021\/12\/pe_gestion20211230-288x300.jpg 288w, https:\/\/www.diario5.com.ar\/wp-content\/uploads\/2021\/12\/pe_gestion20211230-768x800.jpg 768w\" sizes=\"(max-width: 865px) 100vw, 865px\" \/><\/p>\n<p>&nbsp;<\/p>\n<p>&nbsp;<\/p>","protected":false},"excerpt":{"rendered":"<p>Fue hace exactamente 17 a\u00f1os. La tragedia de rep\u00fablica Cromagnon es considerada la noche mas luctuosa no s\u00f3lo de la historia de la m\u00fasica sino de todo espect\u00e1culo p\u00fablico en el mundo. Todo jug\u00f3 en contra: ignorancias, impericias, cobard\u00edas, cegueras, soberbias y desidias. El c\u00f3ctel no pudo ser peor: casi 200 muertos. El recuerdo de [&hellip;]<\/p>","protected":false},"author":1,"featured_media":643267,"comment_status":"open","ping_status":"open","sticky":false,"template":"","format":"standard","meta":[],"categories":[44,52,56],"tags":[],"series":[],"_links":{"self":[{"href":"https:\/\/www.diario5.com.ar\/es\/wp-json\/wp\/v2\/posts\/636109"}],"collection":[{"href":"https:\/\/www.diario5.com.ar\/es\/wp-json\/wp\/v2\/posts"}],"about":[{"href":"https:\/\/www.diario5.com.ar\/es\/wp-json\/wp\/v2\/types\/post"}],"author":[{"embeddable":true,"href":"https:\/\/www.diario5.com.ar\/es\/wp-json\/wp\/v2\/users\/1"}],"replies":[{"embeddable":true,"href":"https:\/\/www.diario5.com.ar\/es\/wp-json\/wp\/v2\/comments?post=636109"}],"version-history":[{"count":8,"href":"https:\/\/www.diario5.com.ar\/es\/wp-json\/wp\/v2\/posts\/636109\/revisions"}],"predecessor-version":[{"id":643295,"href":"https:\/\/www.diario5.com.ar\/es\/wp-json\/wp\/v2\/posts\/636109\/revisions\/643295"}],"wp:featuredmedia":[{"embeddable":true,"href":"https:\/\/www.diario5.com.ar\/es\/wp-json\/wp\/v2\/media\/643267"}],"wp:attachment":[{"href":"https:\/\/www.diario5.com.ar\/es\/wp-json\/wp\/v2\/media?parent=636109"}],"wp:term":[{"taxonomy":"category","embeddable":true,"href":"https:\/\/www.diario5.com.ar\/es\/wp-json\/wp\/v2\/categories?post=636109"},{"taxonomy":"post_tag","embeddable":true,"href":"https:\/\/www.diario5.com.ar\/es\/wp-json\/wp\/v2\/tags?post=636109"},{"taxonomy":"series","embeddable":true,"href":"https:\/\/www.diario5.com.ar\/es\/wp-json\/wp\/v2\/series?post=636109"}],"curies":[{"name":"wp","href":"https:\/\/api.w.org\/{rel}","templated":true}]}}