{"id":636025,"date":"2021-10-07T06:50:00","date_gmt":"2021-10-07T09:50:00","guid":{"rendered":"http:\/\/diario5.com.ar\/?p=636025"},"modified":"2021-10-07T14:18:11","modified_gmt":"2021-10-07T17:18:11","slug":"636025","status":"publish","type":"post","link":"https:\/\/www.diario5.com.ar\/es\/636025\/","title":{"rendered":"El valor del Trabajo"},"content":{"rendered":"<h2 class=\"sub-title-primary\"><\/h2> <p>Hoy ingresar\u00e1 a Diputados un proyecto de ley para convertir los planes sociales \u00aben trabajo genuino\u00bb. Lo anunci\u00f3 Sergio Massa, hoy presidente de la C\u00e1mara de Diputados e hist\u00f3rico propulsor de una medida que derivara en la posibilidad de lo que podr\u00eda comenzar a plasmarse con este proyecto.<\/p>\n<p>\u00abMa\u00f1ana ingresaremos (el proyecto de) ley que convierte los planes sociales en trabajo genuino. Con metas, capacitaciones y herramientas de promoci\u00f3n para salir de la emergencia del plan y construir un puente hacia el trabajo para casi un mill\u00f3n de argentinos y argentinas\u00bb, fue el Twit de Massa.<\/p>\n<p>Ya Alberto Fern\u00e1ndez hab\u00eda hablado de una puesta en marcha similar. Es un trabajo cicl\u00f3peo y si no se lo toma con la seriedad que requiere podr\u00eda no prosperar, notici que nadie se quiere imaginar, salvo un cierto sector pol\u00edtico que considera que semejante movida \u00abno es para estos tiempos\u00bb.<\/p>\n<p>Si se trata de una condici\u00f3n genuina en un 100% del trabajo que realizar\u00e1 como contraprestaci\u00f3n del dinero que se obtiene por planes sociales, la \u00fanica manera de implementarlo es generando facilidades reales para los empleadores.<\/p>\n<p>A su vez, cuando todo est\u00e9 en marcha (podr\u00eda tardarse un par de a\u00f1os en darle fluidez al mecanismo) ser\u00e1 menester de organismos especializados de al IGJ, del Ministerio de Econom\u00eda y de otros organismos de control, velar porque no haya empresas que se aprovechen de la situaci\u00f3n de tener empleados cuyos sueldos, en su proporci\u00f3n mayor, son pagados por el Estado.<\/p>\n<p>Es muy importante que se tate de trabajos cuyos perfiles generales est\u00e9n englobados en un andamiaje productivo. Sea a nivel nacional o barrial. Este es un punto delicado, dada la dicotom\u00eda de que, por un lado, la oferta bien podr\u00eda incluir actividades de servicios de mantenimiento y limpieza, pero que -a su vez- no se trate pura y exclusivamente de actividades enroladas en quehaceres dom\u00e9sticos, sino que  pueda satisfacer la oferta laboral que atraviesa la enorme gama de las personas sin empleo y preparadas para realizar trabajos calificados.<\/p>","protected":false},"excerpt":{"rendered":"<p>Hoy ingresar\u00e1 a Diputados un proyecto de ley para convertir los planes sociales \u00aben trabajo genuino\u00bb. Lo anunci\u00f3 Sergio Massa, hoy presidente de la C\u00e1mara de Diputados e hist\u00f3rico propulsor de una medida que derivara en la posibilidad de lo que podr\u00eda comenzar a plasmarse con este proyecto. \u00abMa\u00f1ana ingresaremos (el proyecto de) ley que [&hellip;]<\/p>","protected":false},"author":2,"featured_media":637968,"comment_status":"open","ping_status":"open","sticky":false,"template":"","format":"standard","meta":[],"categories":[75,45],"tags":[],"series":[],"_links":{"self":[{"href":"https:\/\/www.diario5.com.ar\/es\/wp-json\/wp\/v2\/posts\/636025"}],"collection":[{"href":"https:\/\/www.diario5.com.ar\/es\/wp-json\/wp\/v2\/posts"}],"about":[{"href":"https:\/\/www.diario5.com.ar\/es\/wp-json\/wp\/v2\/types\/post"}],"author":[{"embeddable":true,"href":"https:\/\/www.diario5.com.ar\/es\/wp-json\/wp\/v2\/users\/2"}],"replies":[{"embeddable":true,"href":"https:\/\/www.diario5.com.ar\/es\/wp-json\/wp\/v2\/comments?post=636025"}],"version-history":[{"count":3,"href":"https:\/\/www.diario5.com.ar\/es\/wp-json\/wp\/v2\/posts\/636025\/revisions"}],"predecessor-version":[{"id":637969,"href":"https:\/\/www.diario5.com.ar\/es\/wp-json\/wp\/v2\/posts\/636025\/revisions\/637969"}],"wp:featuredmedia":[{"embeddable":true,"href":"https:\/\/www.diario5.com.ar\/es\/wp-json\/wp\/v2\/media\/637968"}],"wp:attachment":[{"href":"https:\/\/www.diario5.com.ar\/es\/wp-json\/wp\/v2\/media?parent=636025"}],"wp:term":[{"taxonomy":"category","embeddable":true,"href":"https:\/\/www.diario5.com.ar\/es\/wp-json\/wp\/v2\/categories?post=636025"},{"taxonomy":"post_tag","embeddable":true,"href":"https:\/\/www.diario5.com.ar\/es\/wp-json\/wp\/v2\/tags?post=636025"},{"taxonomy":"series","embeddable":true,"href":"https:\/\/www.diario5.com.ar\/es\/wp-json\/wp\/v2\/series?post=636025"}],"curies":[{"name":"wp","href":"https:\/\/api.w.org\/{rel}","templated":true}]}}