{"id":636023,"date":"2021-10-05T06:49:00","date_gmt":"2021-10-05T09:49:00","guid":{"rendered":"http:\/\/diario5.com.ar\/?p=636023"},"modified":"2023-07-06T01:52:59","modified_gmt":"2023-07-06T04:52:59","slug":"636023","status":"publish","type":"post","link":"https:\/\/www.diario5.com.ar\/es\/636023\/","title":{"rendered":"Normalizaci\u00f3n del Subte"},"content":{"rendered":"<h2 class=\"sub-title-primary\">Ayer regres\u00f3 al horario en el que oper\u00f3 hasta 2019<\/h2> <p>Diario 5 \/ 2021\/10\/05<br \/>\n<!--googleoff: index--><br \/>\nVolvi\u00f3 a funcionar con el horario de cierre habitual, es decir, de lunes a viernes hasta las 23:30, los s\u00e1bados hasta las 0 y los domingos hasta las 22. El horario de inicio se mantiene a las 6 de lunes a s\u00e1bados y a las 8 los domingos y feriados. De manera que extendi\u00f3 su servicio y volvi\u00f3 a funcionar con el horario de cierre habitual, previo a la pandemia, en el marco del plan para retomar de manera gradual y progresiva la normalidad.<\/p>\n<p>As\u00ed, de lunes a viernes operar\u00e1 hasta las 23:30, los s\u00e1bados hasta la medianoche y los domingos hasta las 22. El horario de inicio se mantendr\u00e1 a las 6 de lunes a s\u00e1bados y a las 8 los domingos y feriados. La medida responde, adem\u00e1s, al incremento de la cantidad de usuarias y usuarios que se verific\u00f3 en el \u00faltimo tiempo. Actualmente viaja casi un 40% del total prepandemia y de esta manera se podr\u00e1 acompa\u00f1ar la demanda derivada de la flexibilizaci\u00f3n de actividades.<\/p>\n<p>Desde el comienzo de la pandemia, el subte funcion\u00f3 con un esquema especial para cuidar a los trabajadores. Asimismo, se fueron analizando las variaciones de la demanda y en base a eso se definieron, junto a las autoridades del Ministerio de Salud, las medidas necesarias para brindar un mejor servicio. As\u00ed, se fueron abriendo estaciones y ajustando la oferta de trenes.<\/p>\n<p>Al mismo tiempo, siguen vigentes todos los protocolos para combatir la propagaci\u00f3n del Covid-19 y cuidar a los usuarios, trabajadores y contratistas de la red. Se contin\u00faa con el refuerzo en la limpieza y desinfecci\u00f3n de estaciones, formaciones y superficies de alto contacto; se colocaron dispensadores de alcohol en gel en todas las estaciones; se sum\u00f3 se\u00f1alizaci\u00f3n para cumplir con las medidas de distanciamiento entre usuarios; y se mantiene el el aforo de todas las personas sentadas adem\u00e1s de 40 paradas por coche.<\/p>\n<p>Por otra parte, se contin\u00faa implementando el control de aforo, con foco en aquellas estaciones de mayor tr\u00e1nsito, con un equipo destinado a controlar el ingreso de pasajeros y evitar concentraciones en andenes y formaciones.<br \/>\n<!--googleon: index--><\/p>","protected":false},"excerpt":{"rendered":"<p>Ayer regres\u00f3 al horario en el que oper\u00f3 hasta 2019 Diario 5 \/ 2021\/10\/05 Volvi\u00f3 a funcionar con el horario de cierre habitual, es decir, de lunes a viernes hasta las 23:30, los s\u00e1bados hasta las 0 y los domingos hasta las 22. El horario de inicio se mantiene a las 6 de lunes a [&hellip;]<\/p>","protected":false},"author":8,"featured_media":15055,"comment_status":"open","ping_status":"open","sticky":false,"template":"","format":"standard","meta":[],"categories":[3,25],"tags":[],"series":[],"_links":{"self":[{"href":"https:\/\/www.diario5.com.ar\/es\/wp-json\/wp\/v2\/posts\/636023"}],"collection":[{"href":"https:\/\/www.diario5.com.ar\/es\/wp-json\/wp\/v2\/posts"}],"about":[{"href":"https:\/\/www.diario5.com.ar\/es\/wp-json\/wp\/v2\/types\/post"}],"author":[{"embeddable":true,"href":"https:\/\/www.diario5.com.ar\/es\/wp-json\/wp\/v2\/users\/8"}],"replies":[{"embeddable":true,"href":"https:\/\/www.diario5.com.ar\/es\/wp-json\/wp\/v2\/comments?post=636023"}],"version-history":[{"count":2,"href":"https:\/\/www.diario5.com.ar\/es\/wp-json\/wp\/v2\/posts\/636023\/revisions"}],"predecessor-version":[{"id":637973,"href":"https:\/\/www.diario5.com.ar\/es\/wp-json\/wp\/v2\/posts\/636023\/revisions\/637973"}],"wp:featuredmedia":[{"embeddable":true,"href":"https:\/\/www.diario5.com.ar\/es\/wp-json\/wp\/v2\/media\/15055"}],"wp:attachment":[{"href":"https:\/\/www.diario5.com.ar\/es\/wp-json\/wp\/v2\/media?parent=636023"}],"wp:term":[{"taxonomy":"category","embeddable":true,"href":"https:\/\/www.diario5.com.ar\/es\/wp-json\/wp\/v2\/categories?post=636023"},{"taxonomy":"post_tag","embeddable":true,"href":"https:\/\/www.diario5.com.ar\/es\/wp-json\/wp\/v2\/tags?post=636023"},{"taxonomy":"series","embeddable":true,"href":"https:\/\/www.diario5.com.ar\/es\/wp-json\/wp\/v2\/series?post=636023"}],"curies":[{"name":"wp","href":"https:\/\/api.w.org\/{rel}","templated":true}]}}