{"id":636016,"date":"2021-09-28T06:50:00","date_gmt":"2021-09-28T09:50:00","guid":{"rendered":"http:\/\/diario5.com.ar\/?p=636016"},"modified":"2023-07-06T01:08:57","modified_gmt":"2023-07-06T04:08:57","slug":"636016","status":"publish","type":"post","link":"https:\/\/www.diario5.com.ar\/es\/636016\/","title":{"rendered":"El Banco Naci\u00f3n lanza l\u00edneas de cr\u00e9ditos para PyMEs del agro"},"content":{"rendered":"<h2 class=\"sub-title-primary\"><\/h2> <p>El Consejo Consultivo PyME del Banco Naci\u00f3n, se reuni\u00f3 para establecer una l\u00ednea de cr\u00e9dito destinada a reforzar la pol\u00edtica de apoyo a las Peque\u00f1as y Medianas Empresas<\/p>\n<p>El plan abarcar\u00e1 a las \u00e1reas del sector industrial y del agro. El banco informa sobre la necesidad de los empresarios de obtener soluciones a las demandas espec\u00edficas y apuntalar proyectos productivos<\/p>\n<p>El encuentro puso alrededor de una misma mesa para volcar detalles referidos al plan que facilite nuevas opciones de financiamiento para esos segmentos de la producci\u00f3n, al el presidente de la entidad, Eduardo Hecker, al Coordinador del Consejo Consultivo PyME y director del Banco Naci\u00f3n, Claudio Lozano y representantes de Coninagro.<\/p>\n<p>Los productores agradecieron los encuentros con el Banco Naci\u00f3n y remarcaron \u201cel esfuerzo que hace la Instituci\u00f3n para fortalecer y brindar soluciones accesibles al agro\u201d.<\/p>\n<p>Las autoridades de banco ratificaron que existe una meta que consiste en reorientar la asistencia financiera para las PyMEs para que puedan superarse en su capacidad productiva, ya que son las \u00abprincipales generadoras\u00bb de empleo.<\/p>\n<p><img decoding=\"async\" loading=\"lazy\" class=\"alignnone size-full wp-image-637505\" title=\"El Banco Naci\u00f3n lanza l\u00edneas de cr\u00e9ditos para PyMEs del agro\" src=\"https:\/\/www.diario5.com.ar\/wp-content\/uploads\/2021\/09\/74A5006-960x64520210928-2.jpg\" alt=\"El Banco Naci\u00f3n lanza l\u00edneas de cr\u00e9ditos para PyMEs del agro\" width=\"960\" height=\"645\" srcset=\"https:\/\/www.diario5.com.ar\/wp-content\/uploads\/2021\/09\/74A5006-960x64520210928-2.jpg 960w, https:\/\/www.diario5.com.ar\/wp-content\/uploads\/2021\/09\/74A5006-960x64520210928-2-300x202.jpg 300w, https:\/\/www.diario5.com.ar\/wp-content\/uploads\/2021\/09\/74A5006-960x64520210928-2-768x516.jpg 768w\" sizes=\"(max-width: 960px) 100vw, 960px\" \/><\/p>","protected":false},"excerpt":{"rendered":"<p>El Consejo Consultivo PyME del Banco Naci\u00f3n, se reuni\u00f3 para establecer una l\u00ednea de cr\u00e9dito destinada a reforzar la pol\u00edtica de apoyo a las Peque\u00f1as y Medianas Empresas El plan abarcar\u00e1 a las \u00e1reas del sector industrial y del agro. El banco informa sobre la necesidad de los empresarios de obtener soluciones a las demandas [&hellip;]<\/p>","protected":false},"author":13,"featured_media":637501,"comment_status":"open","ping_status":"open","sticky":false,"template":"","format":"standard","meta":[],"categories":[81,56],"tags":[],"series":[],"_links":{"self":[{"href":"https:\/\/www.diario5.com.ar\/es\/wp-json\/wp\/v2\/posts\/636016"}],"collection":[{"href":"https:\/\/www.diario5.com.ar\/es\/wp-json\/wp\/v2\/posts"}],"about":[{"href":"https:\/\/www.diario5.com.ar\/es\/wp-json\/wp\/v2\/types\/post"}],"author":[{"embeddable":true,"href":"https:\/\/www.diario5.com.ar\/es\/wp-json\/wp\/v2\/users\/13"}],"replies":[{"embeddable":true,"href":"https:\/\/www.diario5.com.ar\/es\/wp-json\/wp\/v2\/comments?post=636016"}],"version-history":[{"count":4,"href":"https:\/\/www.diario5.com.ar\/es\/wp-json\/wp\/v2\/posts\/636016\/revisions"}],"predecessor-version":[{"id":678639,"href":"https:\/\/www.diario5.com.ar\/es\/wp-json\/wp\/v2\/posts\/636016\/revisions\/678639"}],"wp:featuredmedia":[{"embeddable":true,"href":"https:\/\/www.diario5.com.ar\/es\/wp-json\/wp\/v2\/media\/637501"}],"wp:attachment":[{"href":"https:\/\/www.diario5.com.ar\/es\/wp-json\/wp\/v2\/media?parent=636016"}],"wp:term":[{"taxonomy":"category","embeddable":true,"href":"https:\/\/www.diario5.com.ar\/es\/wp-json\/wp\/v2\/categories?post=636016"},{"taxonomy":"post_tag","embeddable":true,"href":"https:\/\/www.diario5.com.ar\/es\/wp-json\/wp\/v2\/tags?post=636016"},{"taxonomy":"series","embeddable":true,"href":"https:\/\/www.diario5.com.ar\/es\/wp-json\/wp\/v2\/series?post=636016"}],"curies":[{"name":"wp","href":"https:\/\/api.w.org\/{rel}","templated":true}]}}