{"id":636015,"date":"2021-09-27T06:50:00","date_gmt":"2021-09-27T09:50:00","guid":{"rendered":"http:\/\/diario5.com.ar\/?p=636015"},"modified":"2021-09-27T09:53:07","modified_gmt":"2021-09-27T12:53:07","slug":"636015","status":"publish","type":"post","link":"https:\/\/www.diario5.com.ar\/es\/636015\/","title":{"rendered":"Ganadores de Tango BA"},"content":{"rendered":"<h2 class=\"sub-title-primary\"><\/h2> <div>La gala se transmiti\u00f3 en vivo por Youtube y pudo ser seguida desde todo el mundo.<\/div>\n<div>Agust\u00edn Agnez y B\u00e1rbara Ferreyra fueron los triunfadores en la categor\u00eda <b>Tango<\/b> de Pista.<\/div>\n<div>Emmanuel Casal y Yanina Muzyka lo hicieron en <b>Tango<\/b> Escenario.<\/div>\n<div><\/div>\n<div>Aparte de la caracter\u00edstica de que Emmanuel se present\u00f3 con el pelo te\u00f1ido de verde, la pareja realiz\u00f3 un peque\u00f1o y emotivo acting previo para cuando se mostraron bailando en la interpretaci\u00f3n del Sexteto Mayor del tango \u00abA Orlando Go\u00f1i\u00bb, de Alfredo Gobbi. El di\u00e1logo se produce a puro movimiento, donde Emmanuel y y Yanina hacen referencia a los tiempos de sus propias vidas. Ella lo va grabando en video y \u00e9l arranca frente a c\u00e1mara con un \u00abquiero decirme a m\u00ed mismo cuando sea viejo\u00bb. El resto del di\u00e1logo y -por supuesto- el baile en el que cierran la fiesta del mundial de Tango cuando ya est\u00e1n consagrados, se pueden ver aqu\u00ed mismo en el v\u00eddeo que qued\u00f3 registrado.<\/div>\n<div><\/div>\n<div>M\u00e1s de 4.000 personas estuvieron presentes en los alrededores del escenario montado junto Obelisco porte\u00f1o. Los conductores fueron Carlos Lin y Fernando Bravo. El resultado especial que dej\u00f3 esta edici\u00f3n de Tango BA, llevada a cabo -esperanzadamente- en las postrimer\u00edas de la pandemia por Coronavirus, fue que elegir un escenario abierto con el m\u00e1ximo s\u00edmbolo de la Ciudad como edec\u00e1n, super\u00f3 notablemente\u00a0 las mejores sensaciones producidas en las ediciones anteriores, cuando el evento se realizaba en el Luna Park<\/div>\n<div><\/div>\n<div><\/div>\n<div><\/div>","protected":false},"excerpt":{"rendered":"<p>La gala se transmiti\u00f3 en vivo por Youtube y pudo ser seguida desde todo el mundo. Agust\u00edn Agnez y B\u00e1rbara Ferreyra fueron los triunfadores en la categor\u00eda Tango de Pista. Emmanuel Casal y Yanina Muzyka lo hicieron en Tango Escenario. Aparte de la caracter\u00edstica de que Emmanuel se present\u00f3 con el pelo te\u00f1ido de verde, [&hellip;]<\/p>","protected":false},"author":1,"featured_media":637446,"comment_status":"open","ping_status":"open","sticky":false,"template":"","format":"standard","meta":[],"categories":[5,16],"tags":[],"series":[],"_links":{"self":[{"href":"https:\/\/www.diario5.com.ar\/es\/wp-json\/wp\/v2\/posts\/636015"}],"collection":[{"href":"https:\/\/www.diario5.com.ar\/es\/wp-json\/wp\/v2\/posts"}],"about":[{"href":"https:\/\/www.diario5.com.ar\/es\/wp-json\/wp\/v2\/types\/post"}],"author":[{"embeddable":true,"href":"https:\/\/www.diario5.com.ar\/es\/wp-json\/wp\/v2\/users\/1"}],"replies":[{"embeddable":true,"href":"https:\/\/www.diario5.com.ar\/es\/wp-json\/wp\/v2\/comments?post=636015"}],"version-history":[{"count":4,"href":"https:\/\/www.diario5.com.ar\/es\/wp-json\/wp\/v2\/posts\/636015\/revisions"}],"predecessor-version":[{"id":637456,"href":"https:\/\/www.diario5.com.ar\/es\/wp-json\/wp\/v2\/posts\/636015\/revisions\/637456"}],"wp:featuredmedia":[{"embeddable":true,"href":"https:\/\/www.diario5.com.ar\/es\/wp-json\/wp\/v2\/media\/637446"}],"wp:attachment":[{"href":"https:\/\/www.diario5.com.ar\/es\/wp-json\/wp\/v2\/media?parent=636015"}],"wp:term":[{"taxonomy":"category","embeddable":true,"href":"https:\/\/www.diario5.com.ar\/es\/wp-json\/wp\/v2\/categories?post=636015"},{"taxonomy":"post_tag","embeddable":true,"href":"https:\/\/www.diario5.com.ar\/es\/wp-json\/wp\/v2\/tags?post=636015"},{"taxonomy":"series","embeddable":true,"href":"https:\/\/www.diario5.com.ar\/es\/wp-json\/wp\/v2\/series?post=636015"}],"curies":[{"name":"wp","href":"https:\/\/api.w.org\/{rel}","templated":true}]}}