{"id":634137,"date":"2021-09-07T10:02:47","date_gmt":"2021-09-07T13:02:47","guid":{"rendered":"https:\/\/www.diario5.com.ar\/espacios-seleccionados-para-la-convocatoria-abasto-vivo\/"},"modified":"2021-09-08T23:29:29","modified_gmt":"2021-09-09T02:29:29","slug":"espacios-seleccionados-para-la-convocatoria-abasto-vivo","status":"publish","type":"post","link":"https:\/\/www.diario5.com.ar\/es\/espacios-seleccionados-para-la-convocatoria-abasto-vivo\/","title":{"rendered":"D\u00f3nde funcionar\u00e1 Abasto Vivo"},"content":{"rendered":"<h2 class=\"sub-title-primary\"><\/h2> <p>Abasto VIvo funcionar\u00e1 en 25 lugares del barrio nexo m\u00e1s poderoso entre el presente y la historia porte\u00f1os. La convocatoria es para espacios culturales del Barrio Abasto. Recibir\u00e1n $150.000 para producir un proyecto art\u00edstico en soporte audiovisual que formar\u00e1 parte de la programaci\u00f3n de <a href=\"https:\/\/vivamoscultura.buenosaires.gob.ar\/\">Vivamos Cultura<\/a>.<\/p>\n<p><a href=\"https:\/\/instagram.com\/1040polocultural?utm_medium=copy_link\">1040 Polo Cultural @1040polocultural<br \/>\n<a href=\"https:\/\/instagram.com\/amarama.patio.cultural?utm_medium=copy_link\">Amarama Patio Cultural @amarama.patio.cultural<br \/>\n<a href=\"https:\/\/instagram.com\/romadelabasto?utm_medium=copy_link\">Bar Roma @romadelabasto<br \/>\n<a href=\"https:\/\/instagram.com\/culturalbatacazo?utm_medium=copy_link\">Batacazo Cultural @culturalbatacazo<br \/>\n<a href=\"https:\/\/instagram.com\/clubatleticofernandezfierro?utm_medium=copy_link\">Caff @clubatleticofernandezfierro<br \/>\n<a href=\"https:\/\/instagram.com\/casa.dasein?utm_medium=copy_link\">Casa Dasein @casa.dasein<br \/>\n<a href=\"https:\/\/instagram.com\/humahuaca.casona.cultural?utm_medium=copy_link\">Casona Cultural Humahuaca @humahuaca.casona.cultural<br \/>\n<a href=\"https:\/\/instagram.com\/conventilloculturalabasto?utm_medium=copy_link\">Conventillo Cultural Abasto @conventilloculturalabasto<br \/>\n<a href=\"https:\/\/instagram.com\/archibrazo?utm_medium=copy_link\">El Archibrazo @archibrazo<br \/>\nEl Gallo<br \/>\n<a href=\"https:\/\/instagram.com\/teatrodelpueblo.arg?utm_medium=copy_link\">El Portal Teatro @el.portal.teatro<br \/>\n<a href=\"https:\/\/instagram.com\/elemergente?utm_medium=copy_link\">Emergente Almagro @elemergente<br \/>\nEmergente Club Almabasto<br \/>\n<a href=\"https:\/\/instagram.com\/espacio_callejon?utm_medium=copy_link\">Espacio Callej\u00f3n @espacio_callejon<br \/>\n<a href=\"https:\/\/instagram.com\/espaciomoebius?utm_medium=copy_link\">Espacio Moebius @espaciomoebius<br \/>\n<a href=\"https:\/\/instagram.com\/jjcircuitocultural?utm_medium=copy_link\">JJ Circuito Cultural @jjcircuitocultural<br \/>\n<a href=\"https:\/\/instagram.com\/lacarpinteriateatro?utm_medium=copy_link\">La Carpinter\u00eda Teatro @lacarpinteriateatro<br \/>\n<a href=\"https:\/\/instagram.com\/laviejaguarida?utm_medium=copy_link\">La Vieja Guarida @laviejaguarida<br \/>\n<a href=\"https:\/\/instagram.com\/ladransanchook?utm_medium=copy_link\">Ladran Sancho Espacio De Arte @ladransanchook<br \/>\n<a href=\"https:\/\/instagram.com\/pandarojocultural?utm_medium=copy_link\">Panda Rojo Espacio Cultural @pandarojocultural<br \/>\n<a href=\"https:\/\/instagram.com\/rosetiespacio?utm_medium=copy_link\">Roseti @rosetiespacio<br \/>\n<a href=\"https:\/\/instagram.com\/sanata.crespi?utm_medium=copy_link\">Sanata Crespi @sanata.crespi<br \/>\nTeatro Asterion @asterionteatro \/ Cultural Soma @culturalsoma<br \/>\n<a href=\"https:\/\/instagram.com\/teatrodelpueblo.arg?utm_medium=copy_link\">Teatro Del Pueblo @teatrodelpueblo.arg<br \/>\n<a href=\"https:\/\/instagram.com\/teatroelextranjero?utm_medium=copy_link\">Teatro El Extranjero @teatroelextranjero<\/p>\n<p>El objetivo de la convocatoria es apoyar el trabajo de los artistas y creadores culturales del Barrio Abasto en el marco de la crisis sanitaria ocasionada por el Covid- 19.<\/p>\n<p>Los espacios debieron presentar un proyecto que incluyera una <strong>propuesta art\u00edstica y una acci\u00f3n en entorno virtual<\/strong>. La <strong>propuesta art\u00edstica<\/strong> consiste en la presentaci\u00f3n de un producto audiovisual relacionado con las diversas disciplinas art\u00edsticas (teatro, m\u00fasica, danza, literatura, performance, artes visuales, poes\u00eda, entre otras). La <strong>acci\u00f3n en entorno virtual<\/strong>, por su parte, consiste en el dise\u00f1o de una actividad que se desarrolle en plataformas de reuni\u00f3n digital (zoom, google meet, jitsi, etc), o un intercambio en redes sociales (conversatorios por instagram \u00f3 facebook, vivos, entre otros).<\/p>\n<p>La convocatoria Abasto Vivo se present\u00f3 en el marco de <strong>Abasto Barrio Cultural<\/strong>, un proyecto de construcci\u00f3n colectiva y participaci\u00f3n ciudadana que nace a partir del reconocimiento del \u201cBarrio Abasto\u201d como un ecosistema cultural co-gestionado entre los Espacios Culturales del barrio y el Ministerio de Cultura del Gobierno de la Ciudad.<\/p>\n<\/div><\/a>","protected":false},"excerpt":{"rendered":"<p>Abasto VIvo funcionar\u00e1 en 25 lugares del barrio nexo m\u00e1s poderoso entre el presente y la historia porte\u00f1os. La convocatoria es para espacios culturales del Barrio Abasto. Recibir\u00e1n $150.000 para producir un proyecto art\u00edstico en soporte audiovisual que formar\u00e1 parte de la programaci\u00f3n de Vivamos Cultura. 1040 Polo Cultural @1040polocultural Amarama Patio Cultural @amarama.patio.cultural Bar [&hellip;]<\/p>","protected":false},"author":8,"featured_media":634271,"comment_status":"open","ping_status":"closed","sticky":false,"template":"","format":"standard","meta":[],"categories":[5],"tags":[],"series":[],"_links":{"self":[{"href":"https:\/\/www.diario5.com.ar\/es\/wp-json\/wp\/v2\/posts\/634137"}],"collection":[{"href":"https:\/\/www.diario5.com.ar\/es\/wp-json\/wp\/v2\/posts"}],"about":[{"href":"https:\/\/www.diario5.com.ar\/es\/wp-json\/wp\/v2\/types\/post"}],"author":[{"embeddable":true,"href":"https:\/\/www.diario5.com.ar\/es\/wp-json\/wp\/v2\/users\/8"}],"replies":[{"embeddable":true,"href":"https:\/\/www.diario5.com.ar\/es\/wp-json\/wp\/v2\/comments?post=634137"}],"version-history":[{"count":2,"href":"https:\/\/www.diario5.com.ar\/es\/wp-json\/wp\/v2\/posts\/634137\/revisions"}],"predecessor-version":[{"id":634273,"href":"https:\/\/www.diario5.com.ar\/es\/wp-json\/wp\/v2\/posts\/634137\/revisions\/634273"}],"wp:featuredmedia":[{"embeddable":true,"href":"https:\/\/www.diario5.com.ar\/es\/wp-json\/wp\/v2\/media\/634271"}],"wp:attachment":[{"href":"https:\/\/www.diario5.com.ar\/es\/wp-json\/wp\/v2\/media?parent=634137"}],"wp:term":[{"taxonomy":"category","embeddable":true,"href":"https:\/\/www.diario5.com.ar\/es\/wp-json\/wp\/v2\/categories?post=634137"},{"taxonomy":"post_tag","embeddable":true,"href":"https:\/\/www.diario5.com.ar\/es\/wp-json\/wp\/v2\/tags?post=634137"},{"taxonomy":"series","embeddable":true,"href":"https:\/\/www.diario5.com.ar\/es\/wp-json\/wp\/v2\/series?post=634137"}],"curies":[{"name":"wp","href":"https:\/\/api.w.org\/{rel}","templated":true}]}}