{"id":632583,"date":"2021-08-12T11:31:29","date_gmt":"2021-08-12T14:31:29","guid":{"rendered":"https:\/\/www.diario5.com.ar\/?p=632583"},"modified":"2021-08-12T14:25:24","modified_gmt":"2021-08-12T17:25:24","slug":"vinilos-forzada-recordacion","status":"publish","type":"post","link":"https:\/\/www.diario5.com.ar\/es\/vinilos-forzada-recordacion\/","title":{"rendered":"Vinilos: Forzada recordaci\u00f3n"},"content":{"rendered":"<h2 class=\"sub-title-primary\"><\/h2> <p>Son esos d\u00edas raros, establecidos como propios de algo o alguien, sin que pueda ser abarcado m\u00e1s que para \u00abdar presencia\u00bb o s\u00f3lo nombrar p\u00fablicamente,en medios de comunicaci\u00f3n y redes a una persona, una instituci\u00f3n, un objeto o una situaci\u00f3n, en nombre -quiz\u00e1s- de que lo merece, es popular, es importante o -no ser\u00eda raro- en virtud de que si no se lo recuerda con fecha propia, podr\u00eda pasar al olvido.<\/p>\n<p>Desconocemos si eso es lo que le ocurre a los viejos simples y LP pero hoy es el D\u00eda Internacional del Disco de Vinilo, que -por lo visto- se celebra cada 12 de agosto para recordar la invenci\u00f3n del fon\u00f3grafo en 1877, por Thomas Alva Edison.<\/p>\n<p>En 2002, en California, lo decidieron en un concierto. Qu\u00e9 duda podr\u00eda caber de que tiene un objetivo comercial, cuando de verdad, el d\u00eda deb\u00eda haberse identificado como \u00abdel Tocadiscos\u00bb?<\/p>\n<p>En fin, lo de siempre.<\/p>\n<p><img decoding=\"async\" loading=\"lazy\" class=\"alignnone size-full wp-image-632584\" src=\"https:\/\/www.diario5.com.ar\/wp-content\/uploads\/2021\/08\/617cbAMutJL._AC_SX679_20210812.jpg\" width=\"679\" height=\"638\" srcset=\"https:\/\/www.diario5.com.ar\/wp-content\/uploads\/2021\/08\/617cbAMutJL._AC_SX679_20210812.jpg 679w, https:\/\/www.diario5.com.ar\/wp-content\/uploads\/2021\/08\/617cbAMutJL._AC_SX679_20210812-300x282.jpg 300w\" sizes=\"(max-width: 679px) 100vw, 679px\" \/><\/p>\n<p><img decoding=\"async\" loading=\"lazy\" class=\"alignnone size-large wp-image-632585\" src=\"https:\/\/www.diario5.com.ar\/wp-content\/uploads\/2021\/08\/ar_diario_republica20210812.jpg\" width=\"730\" height=\"1024\" \/><\/p>","protected":false},"excerpt":{"rendered":"<p>Son esos d\u00edas raros, establecidos como propios de algo o alguien, sin que pueda ser abarcado m\u00e1s que para \u00abdar presencia\u00bb o s\u00f3lo nombrar p\u00fablicamente,en medios de comunicaci\u00f3n y redes a una persona, una instituci\u00f3n, un objeto o una situaci\u00f3n, en nombre -quiz\u00e1s- de que lo merece, es popular, es importante o -no ser\u00eda raro- [&hellip;]<\/p>","protected":false},"author":2,"featured_media":632584,"comment_status":"open","ping_status":"open","sticky":false,"template":"","format":"standard","meta":[],"categories":[1],"tags":[],"series":[],"_links":{"self":[{"href":"https:\/\/www.diario5.com.ar\/es\/wp-json\/wp\/v2\/posts\/632583"}],"collection":[{"href":"https:\/\/www.diario5.com.ar\/es\/wp-json\/wp\/v2\/posts"}],"about":[{"href":"https:\/\/www.diario5.com.ar\/es\/wp-json\/wp\/v2\/types\/post"}],"author":[{"embeddable":true,"href":"https:\/\/www.diario5.com.ar\/es\/wp-json\/wp\/v2\/users\/2"}],"replies":[{"embeddable":true,"href":"https:\/\/www.diario5.com.ar\/es\/wp-json\/wp\/v2\/comments?post=632583"}],"version-history":[{"count":4,"href":"https:\/\/www.diario5.com.ar\/es\/wp-json\/wp\/v2\/posts\/632583\/revisions"}],"predecessor-version":[{"id":632589,"href":"https:\/\/www.diario5.com.ar\/es\/wp-json\/wp\/v2\/posts\/632583\/revisions\/632589"}],"wp:featuredmedia":[{"embeddable":true,"href":"https:\/\/www.diario5.com.ar\/es\/wp-json\/wp\/v2\/media\/632584"}],"wp:attachment":[{"href":"https:\/\/www.diario5.com.ar\/es\/wp-json\/wp\/v2\/media?parent=632583"}],"wp:term":[{"taxonomy":"category","embeddable":true,"href":"https:\/\/www.diario5.com.ar\/es\/wp-json\/wp\/v2\/categories?post=632583"},{"taxonomy":"post_tag","embeddable":true,"href":"https:\/\/www.diario5.com.ar\/es\/wp-json\/wp\/v2\/tags?post=632583"},{"taxonomy":"series","embeddable":true,"href":"https:\/\/www.diario5.com.ar\/es\/wp-json\/wp\/v2\/series?post=632583"}],"curies":[{"name":"wp","href":"https:\/\/api.w.org\/{rel}","templated":true}]}}