{"id":630632,"date":"2021-07-11T11:28:48","date_gmt":"2021-07-11T14:28:48","guid":{"rendered":"https:\/\/www.diario5.com.ar\/?p=630632"},"modified":"2021-07-14T20:56:20","modified_gmt":"2021-07-14T23:56:20","slug":"todo-a-favor-todos-a-favor","status":"publish","type":"post","link":"https:\/\/www.diario5.com.ar\/es\/todo-a-favor-todos-a-favor\/","title":{"rendered":"Todo a favor,  todos a favor"},"content":{"rendered":"<h2 class=\"sub-title-primary\"><\/h2> <p>Argentina le gan\u00f3 la final a Brasil y las pocas voces que se alzaron contra los gestos antideportivos de Emiliano Mart\u00ednez en la serie de penales de la semifinal frente a Colombia, a\u00fan est\u00e1n en alto.<\/p>\n<p>Si bien la alegr\u00eda es leg\u00edtima y la condici\u00f3n extraordinaria del arquero no cambia, habr\u00eda sido una oportunidad inmejorable para que &#8211; con llamado de atenci\u00f3n desde los grandes medios, quedara la marquita de conciencia de que todo se puede lograr sin joder al resto.<\/p>\n<p>Destacamos a Edi Zunino, de Perfil, quien cumpli\u00f3 con esta premisa de dividir la paja del trigo, necesidad inmensa de la sociedad argentina. <a href=\"https:\/\/radio.perfil.com\/noticias\/podcasts\/messi-martinez-dos-puntas-de-la-ilusion-y-del-pais-real.phtml\" target=\"_blank\" rel=\"noopener\">Zunino trat\u00f3 el tema con la observaci\u00f3n l\u00f3gica sobre el arquero<\/a>.<\/p>\n<p>Para nosotros, en un tiempo como \u00e9ste, un gesto con una mano en el coraz\u00f3n acompa\u00f1ado de una sonrisa como reconocimiento al equipo, resulta celebraci\u00f3n suficiente.<\/p>\n<p>Una cosa es una cosa. Y otra, otra.<\/p>\n<p><img decoding=\"async\" loading=\"lazy\" class=\"alignnone size-full wp-image-630633\" title=\"Todo a favor, todos a favor\" src=\"https:\/\/www.diario5.com.ar\/wp-content\/uploads\/2021\/07\/ar_perfil20210711.jpg\" alt=\"Todo a favor, todos a favor\" width=\"764\" height=\"1010\" srcset=\"https:\/\/www.diario5.com.ar\/wp-content\/uploads\/2021\/07\/ar_perfil20210711.jpg 764w, https:\/\/www.diario5.com.ar\/wp-content\/uploads\/2021\/07\/ar_perfil20210711-227x300.jpg 227w\" sizes=\"(max-width: 764px) 100vw, 764px\" \/><\/p>\n<p><img decoding=\"async\" loading=\"lazy\" class=\"alignnone size-large wp-image-630634\" title=\"Todo a favor, todos a favor\" src=\"https:\/\/www.diario5.com.ar\/wp-content\/uploads\/2021\/07\/nacion20210711-675x1024.jpg\" alt=\"Todo a favor, todos a favor\" width=\"675\" height=\"1024\" srcset=\"https:\/\/www.diario5.com.ar\/wp-content\/uploads\/2021\/07\/nacion20210711-675x1024.jpg 675w, https:\/\/www.diario5.com.ar\/wp-content\/uploads\/2021\/07\/nacion20210711-198x300.jpg 198w, https:\/\/www.diario5.com.ar\/wp-content\/uploads\/2021\/07\/nacion20210711.jpg 764w\" sizes=\"(max-width: 675px) 100vw, 675px\" \/><\/p>\n<p><img decoding=\"async\" loading=\"lazy\" class=\"alignnone size-full wp-image-630635\" title=\"Todo a favor, todos a favor\" src=\"https:\/\/www.diario5.com.ar\/wp-content\/uploads\/2021\/07\/pe_correo20210711.jpg\" alt=\"Todo a favor, todos a favor\" width=\"850\" height=\"850\" srcset=\"https:\/\/www.diario5.com.ar\/wp-content\/uploads\/2021\/07\/pe_correo20210711.jpg 850w, https:\/\/www.diario5.com.ar\/wp-content\/uploads\/2021\/07\/pe_correo20210711-300x300.jpg 300w, https:\/\/www.diario5.com.ar\/wp-content\/uploads\/2021\/07\/pe_correo20210711-150x150.jpg 150w, https:\/\/www.diario5.com.ar\/wp-content\/uploads\/2021\/07\/pe_correo20210711-768x768.jpg 768w\" sizes=\"(max-width: 850px) 100vw, 850px\" \/><\/p>","protected":false},"excerpt":{"rendered":"<p>Argentina le gan\u00f3 la final a Brasil y las pocas voces que se alzaron contra los gestos antideportivos de Emiliano Mart\u00ednez en la serie de penales de la semifinal frente a Colombia, a\u00fan est\u00e1n en alto. Si bien la alegr\u00eda es leg\u00edtima y la condici\u00f3n extraordinaria del arquero no cambia, habr\u00eda sido una oportunidad inmejorable [&hellip;]<\/p>","protected":false},"author":23,"featured_media":630634,"comment_status":"open","ping_status":"open","sticky":false,"template":"","format":"standard","meta":[],"categories":[1],"tags":[],"series":[],"_links":{"self":[{"href":"https:\/\/www.diario5.com.ar\/es\/wp-json\/wp\/v2\/posts\/630632"}],"collection":[{"href":"https:\/\/www.diario5.com.ar\/es\/wp-json\/wp\/v2\/posts"}],"about":[{"href":"https:\/\/www.diario5.com.ar\/es\/wp-json\/wp\/v2\/types\/post"}],"author":[{"embeddable":true,"href":"https:\/\/www.diario5.com.ar\/es\/wp-json\/wp\/v2\/users\/23"}],"replies":[{"embeddable":true,"href":"https:\/\/www.diario5.com.ar\/es\/wp-json\/wp\/v2\/comments?post=630632"}],"version-history":[{"count":4,"href":"https:\/\/www.diario5.com.ar\/es\/wp-json\/wp\/v2\/posts\/630632\/revisions"}],"predecessor-version":[{"id":630805,"href":"https:\/\/www.diario5.com.ar\/es\/wp-json\/wp\/v2\/posts\/630632\/revisions\/630805"}],"wp:featuredmedia":[{"embeddable":true,"href":"https:\/\/www.diario5.com.ar\/es\/wp-json\/wp\/v2\/media\/630634"}],"wp:attachment":[{"href":"https:\/\/www.diario5.com.ar\/es\/wp-json\/wp\/v2\/media?parent=630632"}],"wp:term":[{"taxonomy":"category","embeddable":true,"href":"https:\/\/www.diario5.com.ar\/es\/wp-json\/wp\/v2\/categories?post=630632"},{"taxonomy":"post_tag","embeddable":true,"href":"https:\/\/www.diario5.com.ar\/es\/wp-json\/wp\/v2\/tags?post=630632"},{"taxonomy":"series","embeddable":true,"href":"https:\/\/www.diario5.com.ar\/es\/wp-json\/wp\/v2\/series?post=630632"}],"curies":[{"name":"wp","href":"https:\/\/api.w.org\/{rel}","templated":true}]}}