{"id":630308,"date":"2021-07-06T18:51:21","date_gmt":"2021-07-06T21:51:21","guid":{"rendered":"https:\/\/www.diario5.com.ar\/?p=630308"},"modified":"2021-07-10T17:48:52","modified_gmt":"2021-07-10T20:48:52","slug":"630308-2","status":"publish","type":"post","link":"https:\/\/www.diario5.com.ar\/es\/630308-2\/","title":{"rendered":"Cierra la edici\u00f3n 20 de \u00abLa Noche de la Pizza y la Empanada\u00bb"},"content":{"rendered":"<h2 class=\"sub-title-primary\"><\/h2> <p>Lo organizaron APPYCE y BA Capital Gastron\u00f3mica. Se trata de la versi\u00f3n invierno e incluy\u00f3 un evento digital con chefs invitados y promociones especiales en locales de todo el pa\u00eds.<\/span><\/p>\n<p>Esta noche se celebrar\u00e1 la edici\u00f3n Invierno de \u00abLa Noche de la Pizza y La Empanada\u00bb en todo el territorio argentino, un evento \u00fanico que tiene como objetivo <strong>dar impulso al consumo en el sector<\/strong>, con importantes descuentos en take away y delivery de los comercios adheridos y una propuesta digital con cocineros invitados. El evento es organizado por la Asociaci\u00f3n Propietarios de Pizzer\u00edas y Casas de Empanadas de la Argentina (APPYCE), su Escuela Profesional y\u00a0<a href=\"https:\/\/www.buenosaires.gob.ar\/desarrolloeconomico\/gastronomia\">BA Capital Gastron\u00f3mica<\/a>.<\/div>\n<p>Para poder celebrar desde los hogares de todo el pa\u00eds, APPYCE junto a BA Capital Gastron\u00f3mica, desarrollaron\u00a0<a href=\"https:\/\/lanochedelapizzaylaempanada.com.ar\/\"><strong>un mapa interactivo con m\u00e1s de 600 pizzer\u00edas y casas de empanadas<\/strong><\/a>\u00a0en las 23 provincias y la Ciudad de Buenos Aires con modalidad take away y los que adem\u00e1s cuentan con delivery.<\/p>\n<figure><img decoding=\"async\" loading=\"lazy\" class=\"alignnone size-full wp-image-630569\" src=\"https:\/\/www.diario5.com.ar\/wp-content\/uploads\/2021\/07\/noche_de_la_pizza_y_la_empanada20210710.jpg\" width=\"850\" height=\"566\" srcset=\"https:\/\/www.diario5.com.ar\/wp-content\/uploads\/2021\/07\/noche_de_la_pizza_y_la_empanada20210710.jpg 850w, https:\/\/www.diario5.com.ar\/wp-content\/uploads\/2021\/07\/noche_de_la_pizza_y_la_empanada20210710-300x200.jpg 300w, https:\/\/www.diario5.com.ar\/wp-content\/uploads\/2021\/07\/noche_de_la_pizza_y_la_empanada20210710-768x511.jpg 768w\" sizes=\"(max-width: 850px) 100vw, 850px\" \/><figcaption>Foto Desarrollo Gastron\u00f3mico del GCBA<\/figcaption><\/figure>\n<p>En el mapa interactivo de\u00a0<a href=\"https:\/\/lanochedelapizzaylaempanada.com.ar\/\">https:\/\/lanochedelapizzaylaempanada.com.ar\/<\/a>\u00a0hay promociones del 10%, 20%, 30%, 40% y 50%, as\u00ed como tambi\u00e9n algunas con 2&#215;1 en docenas de empanadas o una pizza grande al precio de una chica.<\/p>\n<p>Desde el viernes 2 se han presentado videos, muestras en vivo y trivias en las cuentas Instagram de APPYCE, BA Capital Gastron\u00f3mica y BA Saludable.<\/p>\n<p>Por otro lado, en el <a href=\"https:\/\/www.instagram.com\/bacapitalgastronomica\/?hl=es-la\">Instagram de BA Capital Gastron\u00f3mica<\/a> hoy a las 19h habr\u00e1 un vivo con Pietro Sorba, Roberto Petersen, Jimena Monteverde y Danilo Ferraz para conocer t\u00e9cnicas de pizzas y empanadas con todos los detalles.<\/p>\n<p>BA Capital Gastron\u00f3mica es un programa de la Subsecretar\u00eda de Bienestar Ciudadano que busca posicionar a la Ciudad de Buenos Aires como capital gastron\u00f3mica de Am\u00e9rica Latina.<\/p>\n<p>Su objetivo es potenciar la actividad econ\u00f3mica a trav\u00e9s del desarrollo gastron\u00f3mico porte\u00f1o desde la generaci\u00f3n de empleo y la promoci\u00f3n de pol\u00edticas alimentarias sostenibles.\u00a0<a href=\"https:\/\/www.buenosaires.gob.ar\/desarrolloeconomico\/gastronomia\">BA Capital Gastron\u00f3mica<\/a>\u00a0es parte de la Subsecretar\u00eda de Bienestar Ciudadano que pertenece al Ministerio de Desarrollo Econ\u00f3mico y Producci\u00f3n del Gobierno de la Ciudad de Buenos Aires.<\/p>\n<p>Una de las fuentes de informaci\u00f3n m\u00e1s enriquecidas en esta tem\u00e1tica es Proyecto Fuego Vivo, registrado en el programa Mecenazgo Cultural de la Ciudad de Buenos Aires y dirigido por Manuel Corral Vide.<\/p>\n<p><a href=\"https:\/\/fuegovivo.com.ar\" target=\"_blank\" rel=\"noopener\">FUEGO VIVO<\/a><\/p>\n<p><img decoding=\"async\" loading=\"lazy\" class=\"alignnone size-large wp-image-630309\" src=\"https:\/\/www.diario5.com.ar\/wp-content\/uploads\/2021\/07\/la_capital20210706-758x1024.jpg\" width=\"758\" height=\"1024\" srcset=\"https:\/\/www.diario5.com.ar\/wp-content\/uploads\/2021\/07\/la_capital20210706-758x1024.jpg 758w, https:\/\/www.diario5.com.ar\/wp-content\/uploads\/2021\/07\/la_capital20210706-222x300.jpg 222w, https:\/\/www.diario5.com.ar\/wp-content\/uploads\/2021\/07\/la_capital20210706-768x1038.jpg 768w, https:\/\/www.diario5.com.ar\/wp-content\/uploads\/2021\/07\/la_capital20210706.jpg 850w\" sizes=\"(max-width: 758px) 100vw, 758px\" \/><\/p>\n<p><img decoding=\"async\" loading=\"lazy\" class=\"alignnone size-large wp-image-630310\" src=\"https:\/\/www.diario5.com.ar\/wp-content\/uploads\/2021\/07\/estrella_valpo20210706-799x1024.jpg\" width=\"799\" height=\"1024\" srcset=\"https:\/\/www.diario5.com.ar\/wp-content\/uploads\/2021\/07\/estrella_valpo20210706-799x1024.jpg 799w, https:\/\/www.diario5.com.ar\/wp-content\/uploads\/2021\/07\/estrella_valpo20210706-234x300.jpg 234w, https:\/\/www.diario5.com.ar\/wp-content\/uploads\/2021\/07\/estrella_valpo20210706-768x985.jpg 768w, https:\/\/www.diario5.com.ar\/wp-content\/uploads\/2021\/07\/estrella_valpo20210706.jpg 850w\" sizes=\"(max-width: 799px) 100vw, 799px\" \/><\/p>\n<p><img decoding=\"async\" loading=\"lazy\" class=\"alignnone size-large wp-image-630311\" src=\"https:\/\/www.diario5.com.ar\/wp-content\/uploads\/2021\/07\/lea20210706-799x1024.jpg\" width=\"799\" height=\"1024\" srcset=\"https:\/\/www.diario5.com.ar\/wp-content\/uploads\/2021\/07\/lea20210706-799x1024.jpg 799w, https:\/\/www.diario5.com.ar\/wp-content\/uploads\/2021\/07\/lea20210706-234x300.jpg 234w, https:\/\/www.diario5.com.ar\/wp-content\/uploads\/2021\/07\/lea20210706-768x985.jpg 768w, https:\/\/www.diario5.com.ar\/wp-content\/uploads\/2021\/07\/lea20210706.jpg 850w\" sizes=\"(max-width: 799px) 100vw, 799px\" \/><\/p>\n<p>&nbsp;<\/p>\n<p><img decoding=\"async\" loading=\"lazy\" class=\"alignnone size-large wp-image-630312\" src=\"https:\/\/www.diario5.com.ar\/wp-content\/uploads\/2021\/07\/ar_heraldo20210706-611x1024.jpg\" width=\"611\" height=\"1024\" srcset=\"https:\/\/www.diario5.com.ar\/wp-content\/uploads\/2021\/07\/ar_heraldo20210706-611x1024.jpg 611w, https:\/\/www.diario5.com.ar\/wp-content\/uploads\/2021\/07\/ar_heraldo20210706-179x300.jpg 179w, https:\/\/www.diario5.com.ar\/wp-content\/uploads\/2021\/07\/ar_heraldo20210706.jpg 764w\" sizes=\"(max-width: 611px) 100vw, 611px\" \/><\/p>\n<p><img decoding=\"async\" loading=\"lazy\" class=\"alignnone size-large wp-image-630313\" src=\"https:\/\/www.diario5.com.ar\/wp-content\/uploads\/2021\/07\/ar_diario_cuyo20210706-680x1024.jpg\" width=\"680\" height=\"1024\" srcset=\"https:\/\/www.diario5.com.ar\/wp-content\/uploads\/2021\/07\/ar_diario_cuyo20210706-680x1024.jpg 680w, https:\/\/www.diario5.com.ar\/wp-content\/uploads\/2021\/07\/ar_diario_cuyo20210706-199x300.jpg 199w, https:\/\/www.diario5.com.ar\/wp-content\/uploads\/2021\/07\/ar_diario_cuyo20210706.jpg 764w\" sizes=\"(max-width: 680px) 100vw, 680px\" \/><\/p>\n<p><img decoding=\"async\" loading=\"lazy\" class=\"alignnone size-full wp-image-630314\" src=\"https:\/\/www.diario5.com.ar\/wp-content\/uploads\/2021\/07\/huarpe20210706.jpg\" width=\"764\" height=\"1011\" srcset=\"https:\/\/www.diario5.com.ar\/wp-content\/uploads\/2021\/07\/huarpe20210706.jpg 764w, https:\/\/www.diario5.com.ar\/wp-content\/uploads\/2021\/07\/huarpe20210706-227x300.jpg 227w\" sizes=\"(max-width: 764px) 100vw, 764px\" \/><\/p>\n<p>&nbsp;<\/p>","protected":false},"excerpt":{"rendered":"<p>Lo organizaron APPYCE y BA Capital Gastron\u00f3mica. Se trata de la versi\u00f3n invierno e incluy\u00f3 un evento digital con chefs invitados y promociones especiales en locales de todo el pa\u00eds. Esta noche se celebrar\u00e1 la edici\u00f3n Invierno de \u00abLa Noche de la Pizza y La Empanada\u00bb en todo el territorio argentino, un evento \u00fanico que [&hellip;]<\/p>","protected":false},"author":1,"featured_media":630569,"comment_status":"open","ping_status":"open","sticky":false,"template":"","format":"standard","meta":[],"categories":[1],"tags":[],"series":[],"_links":{"self":[{"href":"https:\/\/www.diario5.com.ar\/es\/wp-json\/wp\/v2\/posts\/630308"}],"collection":[{"href":"https:\/\/www.diario5.com.ar\/es\/wp-json\/wp\/v2\/posts"}],"about":[{"href":"https:\/\/www.diario5.com.ar\/es\/wp-json\/wp\/v2\/types\/post"}],"author":[{"embeddable":true,"href":"https:\/\/www.diario5.com.ar\/es\/wp-json\/wp\/v2\/users\/1"}],"replies":[{"embeddable":true,"href":"https:\/\/www.diario5.com.ar\/es\/wp-json\/wp\/v2\/comments?post=630308"}],"version-history":[{"count":4,"href":"https:\/\/www.diario5.com.ar\/es\/wp-json\/wp\/v2\/posts\/630308\/revisions"}],"predecessor-version":[{"id":630571,"href":"https:\/\/www.diario5.com.ar\/es\/wp-json\/wp\/v2\/posts\/630308\/revisions\/630571"}],"wp:featuredmedia":[{"embeddable":true,"href":"https:\/\/www.diario5.com.ar\/es\/wp-json\/wp\/v2\/media\/630569"}],"wp:attachment":[{"href":"https:\/\/www.diario5.com.ar\/es\/wp-json\/wp\/v2\/media?parent=630308"}],"wp:term":[{"taxonomy":"category","embeddable":true,"href":"https:\/\/www.diario5.com.ar\/es\/wp-json\/wp\/v2\/categories?post=630308"},{"taxonomy":"post_tag","embeddable":true,"href":"https:\/\/www.diario5.com.ar\/es\/wp-json\/wp\/v2\/tags?post=630308"},{"taxonomy":"series","embeddable":true,"href":"https:\/\/www.diario5.com.ar\/es\/wp-json\/wp\/v2\/series?post=630308"}],"curies":[{"name":"wp","href":"https:\/\/api.w.org\/{rel}","templated":true}]}}