{"id":630301,"date":"2021-07-06T10:05:19","date_gmt":"2021-07-06T13:05:19","guid":{"rendered":"https:\/\/www.diario5.com.ar\/el-teatro-colon-realizo-el-mantenimiento-de-su-historica-arana\/"},"modified":"2021-07-06T10:05:19","modified_gmt":"2021-07-06T13:05:19","slug":"el-teatro-colon-realizo-el-mantenimiento-de-su-historica-arana","status":"publish","type":"post","link":"https:\/\/www.diario5.com.ar\/es\/el-teatro-colon-realizo-el-mantenimiento-de-su-historica-arana\/","title":{"rendered":"El Teatro Col\u00f3n realiz\u00f3 el mantenimiento de su hist\u00f3rica ara\u00f1a"},"content":{"rendered":"<h2 class=\"sub-title-primary\"><\/h2> <div><iframe loading=\"lazy\" width=\"740\" height=\"416\" src=\"https:\/\/www.youtube.com\/embed\/wSFhmqAUDiA\" title=\"YouTube video player\" frameborder=\"0\" allow=\"accelerometer; autoplay; clipboard-write; encrypted-media; gyroscope; picture-in-picture\" allowfullscreen><\/iframe><\/p>\n<p>El <strong>Teatro Col\u00f3n<\/strong> llev\u00f3 a cabo la limpieza y el mantenimiento de la ara\u00f1a del primer coliseo para brillar con todo su esplendor en el inicio de la temporada 2021 que comenz\u00f3 el viernes 2 de julio  con un concierto de la Orquesta Filarm\u00f3nica de Buenos Aires bajo la batuta del maestro Enrique Arturo Diemecke.<\/p>\n<p>Durante el operativo, que tuvo el trabajo de <strong>m\u00e1s de 25 personas<\/strong> y bajo la atenta mirada de Mar\u00eda Victoria Alcaraz, Directora General del coliseo porte\u00f1o, la ara\u00f1a descendi\u00f3 treinta metros hasta el nivel de la platea para lograr su limpieza, mantenimiento y esencialmente el recambio de las 552 l\u00e1mparas que posee repartidas en sus doce tulipas.<\/p>\n<p>El proceso incluy\u00f3 tambi\u00e9n el retiro de todas las l\u00e1mparas, la delicada <strong>limpieza de las tulipas y de las partes met\u00e1licas<\/strong> con la utilizaci\u00f3n de pa\u00f1os especiales, la colocaci\u00f3n de todas l\u00e1mparas nuevas y las reparaciones que resulten pertinentes.<\/p>\n<blockquote>\n<p>Durante el operativo de limpieza y mantenimiento trabajaron m\u00e1s de 25 personas,<\/p>\n<\/blockquote>\n<p>El Ministro de Cultura de la Ciudad de Buenos Aires, <strong>Enrique Avogadro<\/strong>, expres\u00f3: \u201cContinuamos con la puesta en marcha de la cultura en la Ciudad. La vuelta del Teatro Col\u00f3n es uno de los regresos m\u00e1s esperados. El sector cultural viene demostrando un gran compromiso con los protocolos y cuidados sanitarios necesarios para cuidarnos mientras seguimos transitando esta pandemia. Con una programaci\u00f3n art\u00edstica de calidad, como nos tiene acostumbrado el Col\u00f3n, volvemos a vivir cultura en la Ciudad. Quiero resaltar el trabajo y esfuerzo, de todos los trabajadores de la cultura que son quienes la impulsan y posicionan a nuestra querida Ciudad como un faro cultural a nivel mundial.\u201d<\/p>\n<p>La ara\u00f1a del Teatro Col\u00f3n es original del momento de su inauguraci\u00f3n; fue construida en Europa a fines del siglo XIX por los hermanos <strong>Esteban y Luis Azaretto<\/strong>. Pesa 1300 kilos y tiene dos partes: una fija -amurada al techo- de siete metros y medio de di\u00e1metro y otra desplazable, de cinco metros y medio de di\u00e1metro y casi cuatro de alto, que constituye su plaf\u00f3n central.<\/p>\n<blockquote>\n<p>\u00abLa vuelta del Teatro Col\u00f3n es uno de los regresos m\u00e1s esperados\u00bb. <strong>(Enrique Avogadro, Ministro de Cultura de la Ciudad de Buenos Aires)<\/strong><\/p>\n<\/blockquote>\n<p><img decoding=\"async\" loading=\"lazy\" src=\"https:\/\/www.diario5.com.ar\/wp-content\/uploads\/2021\/07\/la_directora_general_del_teatro_colon__maria_victoria_alcaraz_junto_al_ministro_de_cultura_de_la_ciudad_de_buenos_aires_enrique_avogadro_c_juan_jose_bruzza.jpg\" width=\"3072\" height=\"2048\" alt=\"En el inicio de la temporada, el Teatro Col\u00f3n realiz\u00f3 el mantenimiento de su hist\u00f3rica ara\u00f1a\" title=\"Foto Prensa del Teatro Col\u00f3n\"><\/p>\n<p><strong>Mar\u00eda Victoria Alcaraz<\/strong>, agreg\u00f3: \u201cEs algo muy valioso y muy significativo para el Teatro Col\u00f3n, para la Ciudad y para todo el pa\u00eds tener esta joya que es la sala misma y esta parte tan caracter\u00edstica que es la ara\u00f1a. Hoy para nosotros es un d\u00eda de celebraci\u00f3n porque tambi\u00e9n estamos preparando el teatro y la sala para la segunda reapertura con conciertos, \u00f3pera y ballet que durante el mes de julio vamos a realizar con los cuerpos estables. Vamos a estar brindando lo mejor que tiene esta casa que es la magia del arte que se realiza sobre el escenario, cumpliendo con todos los protocolos y tomando todos los cuidados para que el teatro sea un lugar seguro para el p\u00fablico, para los artistas y para los trabajadores. Trabajamos codo a codo con el Ministerio de Salud, minuto a minuto, cuidando todos los detalles para que podamos venir a trabajar o a disfrutar del arte y la cultura con la mayor de las seguridades.\u201d<\/p>\n<p>Desde la restauraci\u00f3n del teatro, concluida en el a\u00f1o 2010, se moderniz\u00f3 el sistema de descenso e izado de la ara\u00f1a y se repusieron faltantes con nuevas piezas reconstruidas artesanalmente por <strong>Juan Carlos Pallarols<\/strong>. Tambi\u00e9n se mantuvo uno de los secretos m\u00e1s preciados que alberga este espacio: el corredor sobre la c\u00fapula que permite ubicar all\u00ed a coreutas y m\u00fasicos y generar voces y sonidos celestiales en las representaciones que busquen este efecto especial.<\/p>\n<p>Al finalizar la jornada, con un total de <strong>m\u00e1s de 6 horas<\/strong>, se realiz\u00f3 la prueba de encendido, apagado, enfriado y vuelta a encender, para verificar que todo est\u00e9 en orden antes del ascenso final que lleva una duraci\u00f3n aproximada de 40 minutos.<\/p>\n<p>Rodeada de las excelsas pinturas de <strong>Ra\u00fal Soldi<\/strong>, la ara\u00f1a del Teatro Col\u00f3n -\u00edcono del coliseo porte\u00f1o- ya est\u00e1 en todo su esplendor para deslumbrar al p\u00fablico.<\/p>\n<blockquote>\n<p><a href=\"http:\/\/www.buenosaires.gob.ar\/cultura\/noticias\/el-teatro-colon-reprograma-sus-funciones-presenciales-partir-del-mes-de-julio\">El Teatro Col\u00f3n reprograma sus funciones presenciales a partir de julio<\/a><\/p>\n<\/blockquote>\n<p><img decoding=\"async\" loading=\"lazy\" src=\"https:\/\/www.diario5.com.ar\/wp-content\/uploads\/2021\/07\/limpieza_y_mantenimiento_de_la_arana_de_la_sala_principal_del_teatro_colon_-_foto_5_c_juan_jose_bruzza.jpg\" width=\"3072\" height=\"2048\" alt=\"En el inicio de la temporada, el Teatro Col\u00f3n realiz\u00f3 el mantenimiento de su hist\u00f3rica ara\u00f1a\" title=\"Foto Prensa del Teatro Col\u00f3n\"><\/p>\n<\/div>","protected":false},"excerpt":{"rendered":"<p>El Teatro Col\u00f3n llev\u00f3 a cabo la limpieza y el mantenimiento de la ara\u00f1a del primer coliseo para brillar con todo su esplendor en el inicio de la temporada 2021 que comenz\u00f3 el viernes 2 de julio con un concierto de la Orquesta Filarm\u00f3nica de Buenos Aires bajo la batuta del maestro Enrique Arturo Diemecke. [&hellip;]<\/p>","protected":false},"author":8,"featured_media":630302,"comment_status":"open","ping_status":"closed","sticky":false,"template":"","format":"standard","meta":[],"categories":[5],"tags":[],"series":[],"_links":{"self":[{"href":"https:\/\/www.diario5.com.ar\/es\/wp-json\/wp\/v2\/posts\/630301"}],"collection":[{"href":"https:\/\/www.diario5.com.ar\/es\/wp-json\/wp\/v2\/posts"}],"about":[{"href":"https:\/\/www.diario5.com.ar\/es\/wp-json\/wp\/v2\/types\/post"}],"author":[{"embeddable":true,"href":"https:\/\/www.diario5.com.ar\/es\/wp-json\/wp\/v2\/users\/8"}],"replies":[{"embeddable":true,"href":"https:\/\/www.diario5.com.ar\/es\/wp-json\/wp\/v2\/comments?post=630301"}],"version-history":[{"count":0,"href":"https:\/\/www.diario5.com.ar\/es\/wp-json\/wp\/v2\/posts\/630301\/revisions"}],"wp:featuredmedia":[{"embeddable":true,"href":"https:\/\/www.diario5.com.ar\/es\/wp-json\/wp\/v2\/media\/630302"}],"wp:attachment":[{"href":"https:\/\/www.diario5.com.ar\/es\/wp-json\/wp\/v2\/media?parent=630301"}],"wp:term":[{"taxonomy":"category","embeddable":true,"href":"https:\/\/www.diario5.com.ar\/es\/wp-json\/wp\/v2\/categories?post=630301"},{"taxonomy":"post_tag","embeddable":true,"href":"https:\/\/www.diario5.com.ar\/es\/wp-json\/wp\/v2\/tags?post=630301"},{"taxonomy":"series","embeddable":true,"href":"https:\/\/www.diario5.com.ar\/es\/wp-json\/wp\/v2\/series?post=630301"}],"curies":[{"name":"wp","href":"https:\/\/api.w.org\/{rel}","templated":true}]}}