{"id":630203,"date":"2021-07-01T17:23:08","date_gmt":"2021-07-01T20:23:08","guid":{"rendered":"https:\/\/www.diario5.com.ar\/?p=630203"},"modified":"2023-07-06T01:16:47","modified_gmt":"2023-07-06T04:16:47","slug":"banco-nacion-nueva-herrramienta-financiera-para-la-cultura","status":"publish","type":"post","link":"https:\/\/www.diario5.com.ar\/es\/banco-nacion-nueva-herrramienta-financiera-para-la-cultura\/","title":{"rendered":"Banco Naci\u00f3n: Nueva herramienta financiera para la Cultura"},"content":{"rendered":"<h2 class=\"sub-title-primary\"><\/h2> <p>El Banco Naci\u00f3n, el Ministerio de Cultura y toda la comunidad art\u00edstica, literaria y de entretenimientos del pa\u00eds, lanzaron el Primer Consejo Consultivo de las Industrias culturales<\/p>\n<p>El Banco Naci\u00f3n el Ministerio de Cultura ponen a funcionar el Primer Consejo Consultivo de las industrias culturales del pa\u00eds, con el objetivo de estimular la actividad cultural y profundizar el desarrollo en la sociedad<\/p>\n<p>El lanzamiemto anuncia que se permitir\u00e1 generar una plataforma de crecimiento econ\u00f3mico de las PyMEs, fomentar nuevos instrumentos para acceder al financiamiento y promover la creaci\u00f3n de empleo en ese sector.<\/p>\n<p>El Consejo Consultivo, que cuenta tambi\u00e9n con la participaci\u00f3n del Ministerio de Desarrollo Productivo,apunta a consolidar el v\u00ednculo entre el Banco Naci\u00f3n y las PyMEs y apuntalar el trabajo conjunto con las c\u00e1maras empresarias, federaciones y empresas, para analizar diferentes propuestas y soluciones t\u00e9cnicas y financieras que estimulen la actividad cultural y la creaci\u00f3n de empleo en el sector.<\/p>\n<p>Eduardo Hecker, presidente del banco, expres\u00f3 que el Consejo Consultivo de las industrias culturales ser\u00e1 una herramienta de trabajo conjunto, m\u00e1s amplio, permanente, sustentable, de desarrollo humano y de mayor reflexi\u00f3n social\u201d.<\/p>\n<p>En un firme concepto, Hecker record\u00f3 que el Banco Naci\u00f3n \u00abes de todos los argentinos, es un lugar de ideas, federal y que llega donde nadie llega. Asumimos el compromiso y la responsabilidad de contribuir, desde nuestro rol, al crecimiento de la Argentina, de superar los desaf\u00edos que surgieron con la pandemia, de generar esperanza y de apostar hacia el futuro\u201d,<\/p>\n<p>El ministro de Cultura, Trist\u00e1n Bauer, entendiendo que la pandemia complic\u00f3 m\u00e1s de lo esperado a la industria cultural, hizo foco en que \u201cvamos a salir de esto\u00bb aclarando que \u00abla salida es en conjunto\u201d. Bauer\u00a0observ\u00f3 que es central el funcionamiento del Consejo Consultivo ya que implica tener \u201cun espacio de reflexi\u00f3n y de respuestas r\u00e1pidas\u201d para afrontar los problemas del sector.<\/p>\n<p>La premisa del ministro de Cultura toma es que el trabajo mancomunado que se realiza entre el sistema de salud, las universidades y los ministerios es fundamental. Trist\u00e1n Bauer consider\u00f3 primordial al primer encuentro del Consejo Consultivo Cultural\u00a0 y\u00a0 estimula a\u00a0 seguir avanzando y fortaleciendo el proyecto, porque \u00abtrabajando en equipo\u00bb se logra el objetivo.<\/p>\n<p><!--googleoff: index--><\/p>\n<p>Guillermo Merediz, Secretario de PyMEs de la Naci\u00f3n, dijo que pusierons en marcha una l\u00ednea de cr\u00e9ditos que ya asign\u00f3 $875 millones a 216 beneficiarios. Asegur\u00f3 que con ella que logramos ampliar el acceso al financiamiento del sector cultural de manera federal.<\/p>\n<p>Nuestro objetivo es que las empresarias y empresarios pyme tengan, en \u00e9sta l\u00ednea, una herramienta para apalancarse y pensar en una agenda de salida de esta situaci\u00f3n cr\u00edtica, con crecimiento del valor agregado, desarrollo de capacidad de exportaci\u00f3n que permita generar esa balanza positiva que este sector supo tener y tambi\u00e9n con m\u00e1s empleo.\u201d<\/p>\n<p>En la oportunidad, se firm\u00f3 tambi\u00e9n un acuerdo de cooperaci\u00f3n y colaboraci\u00f3n entre la Adri\u00e1n Lebendiker, presidente de la Fundaci\u00f3n Empretec y el ministro Bauer, convenio que promueve la ejecuci\u00f3n conjunta y coordinada de pol\u00edticas y proyectos de desarrollo de iniciativas, investigaci\u00f3n y capacitaci\u00f3n, generaci\u00f3n de redes asociativas y otras formas de extensi\u00f3n en \u00e1reas de mutuo inter\u00e9s.<\/p>\n<p>&nbsp;<\/p>\n<p>\u201cPara nosotros es una gran satisfacci\u00f3n trabajar complementariamente junto al Ministerio de Cultura y el Banco Naci\u00f3n en el acompa\u00f1amiento y formaci\u00f3n de emprendedores y PyMEs de las industrias culturales apuntando y focalizando en capacitaciones y formaciones para fortalecer sus herramientas en sus distintas unidades de negocios\u201d, precis\u00f3 Lebendiker.<\/p>\n<p>&nbsp;<\/p>\n<p>Durante el acto se ofrecieron detalles de los resultados de la l\u00ednea de cr\u00e9dito para las PyMEs de las industrias culturales, a tasa bonificada en su totalidad por el FONDEP durante el primer a\u00f1o y con una bonificaci\u00f3n de 6 puntos porcentuales durante el segundo a\u00f1o. Desde su lanzamiento, en septiembre de 2020, se otorgaron 222 cr\u00e9ditos por un monto total de $919 millones con destino a editoriales, artes esc\u00e9nicas, cine y audiovisual y dise\u00f1o.<\/p>\n<p>&nbsp;<\/p>\n<p>Tambi\u00e9n particip\u00f3 del encuentro Claudio Lozano, Director del BNA y coordinador del Consejo Consultivo de PyMEs; Lucrecia Cardoso, secretaria de Desarrollo Cultural del Ministerio, Luis Sanjurjo director Nacional de Industrias Culturales; Mar\u00eda Barros, Gerenta General del Banco Naci\u00f3n;y Carlos Rottemberg presidente de la Asociaci\u00f3nArgentina de Empresarios Teatrales y Musicales.<\/p>\n<p>&nbsp;<\/p>\n<p>Adem\u00e1s, estuvieron Carmen Piscicelli, representante de Circuitos de Cine Argentino, Mart\u00edn Gremmespacher, presidente de la C\u00e1mara Argentina del Libro, Mariano Obei, presidente de la Asociaci\u00f3n de Desarrolladores de Videojuegos de Argentina y Ricardo Taier, vicepresidente de la C\u00e1mara de la Industria del Espect\u00e1culo y Afines, entre otros.<br \/>\n<!--googleon: index--><\/p>\n<p><img decoding=\"async\" class=\"aligncenter\" src=\"https:\/\/www.diario5.com.ar\/wp-content\/uploads\/2021\/07\/Banco-Nacion-Ministerio-Cultura20210704.jpg\" \/><\/p>","protected":false},"excerpt":{"rendered":"<p>El Banco Naci\u00f3n, el Ministerio de Cultura y toda la comunidad art\u00edstica, literaria y de entretenimientos del pa\u00eds, lanzaron el Primer Consejo Consultivo de las Industrias culturales El Banco Naci\u00f3n el Ministerio de Cultura ponen a funcionar el Primer Consejo Consultivo de las industrias culturales del pa\u00eds, con el objetivo de estimular la actividad cultural [&hellip;]<\/p>","protected":false},"author":13,"featured_media":633376,"comment_status":"open","ping_status":"open","sticky":false,"template":"","format":"standard","meta":[],"categories":[1],"tags":[],"series":[],"_links":{"self":[{"href":"https:\/\/www.diario5.com.ar\/es\/wp-json\/wp\/v2\/posts\/630203"}],"collection":[{"href":"https:\/\/www.diario5.com.ar\/es\/wp-json\/wp\/v2\/posts"}],"about":[{"href":"https:\/\/www.diario5.com.ar\/es\/wp-json\/wp\/v2\/types\/post"}],"author":[{"embeddable":true,"href":"https:\/\/www.diario5.com.ar\/es\/wp-json\/wp\/v2\/users\/13"}],"replies":[{"embeddable":true,"href":"https:\/\/www.diario5.com.ar\/es\/wp-json\/wp\/v2\/comments?post=630203"}],"version-history":[{"count":4,"href":"https:\/\/www.diario5.com.ar\/es\/wp-json\/wp\/v2\/posts\/630203\/revisions"}],"predecessor-version":[{"id":633375,"href":"https:\/\/www.diario5.com.ar\/es\/wp-json\/wp\/v2\/posts\/630203\/revisions\/633375"}],"wp:featuredmedia":[{"embeddable":true,"href":"https:\/\/www.diario5.com.ar\/es\/wp-json\/wp\/v2\/media\/633376"}],"wp:attachment":[{"href":"https:\/\/www.diario5.com.ar\/es\/wp-json\/wp\/v2\/media?parent=630203"}],"wp:term":[{"taxonomy":"category","embeddable":true,"href":"https:\/\/www.diario5.com.ar\/es\/wp-json\/wp\/v2\/categories?post=630203"},{"taxonomy":"post_tag","embeddable":true,"href":"https:\/\/www.diario5.com.ar\/es\/wp-json\/wp\/v2\/tags?post=630203"},{"taxonomy":"series","embeddable":true,"href":"https:\/\/www.diario5.com.ar\/es\/wp-json\/wp\/v2\/series?post=630203"}],"curies":[{"name":"wp","href":"https:\/\/api.w.org\/{rel}","templated":true}]}}