{"id":630021,"date":"2021-06-22T08:47:00","date_gmt":"2021-06-22T11:47:00","guid":{"rendered":"https:\/\/www.diario5.com.ar\/francisco-pidio-tener-en-cuenta-a-los-adultos-mayores-para-construir-el-mundo-de-manana\/"},"modified":"2022-08-05T23:54:39","modified_gmt":"2022-08-06T02:54:39","slug":"francisco-pidio-tener-en-cuenta-a-los-adultos-mayores-para-construir-el-mundo-de-manana","status":"publish","type":"post","link":"https:\/\/www.diario5.com.ar\/es\/francisco-pidio-tener-en-cuenta-a-los-adultos-mayores-para-construir-el-mundo-de-manana\/","title":{"rendered":"Francisco pidi\u00f3 tener en cuenta a los adultos mayores para \u00abconstruir el mundo de ma\u00f1ana\u00bb"},"content":{"rendered":"<h2 class=\"sub-title-primary\"><\/h2> <p><!--googleoff: index--><\/p>\n<div>En el mensaje que lleva por t\u00edtulo \u00abYo estoy contigo todos los d\u00edas\u00bb, el Papa llam\u00f3 a considerar a los m\u00e1s grandes de cara a la Jornada Mundial de los Abuelos y de los Mayores, que la Iglesia celebrar\u00e1 este a\u00f1o por primera vez el 25 de julio.<\/div>\n<p><!--googleon: index--><\/p>","protected":false},"excerpt":{"rendered":"<p>En el mensaje que lleva por t\u00edtulo \u00abYo estoy contigo todos los d\u00edas\u00bb, el Papa llam\u00f3 a considerar a los m\u00e1s grandes de cara a la Jornada Mundial de los Abuelos y de los Mayores, que la Iglesia celebrar\u00e1 este a\u00f1o por primera vez el 25 de julio.<\/p>","protected":false},"author":8,"featured_media":0,"comment_status":"closed","ping_status":"closed","sticky":false,"template":"","format":"standard","meta":[],"categories":[7],"tags":[],"series":[],"_links":{"self":[{"href":"https:\/\/www.diario5.com.ar\/es\/wp-json\/wp\/v2\/posts\/630021"}],"collection":[{"href":"https:\/\/www.diario5.com.ar\/es\/wp-json\/wp\/v2\/posts"}],"about":[{"href":"https:\/\/www.diario5.com.ar\/es\/wp-json\/wp\/v2\/types\/post"}],"author":[{"embeddable":true,"href":"https:\/\/www.diario5.com.ar\/es\/wp-json\/wp\/v2\/users\/8"}],"replies":[{"embeddable":true,"href":"https:\/\/www.diario5.com.ar\/es\/wp-json\/wp\/v2\/comments?post=630021"}],"version-history":[{"count":1,"href":"https:\/\/www.diario5.com.ar\/es\/wp-json\/wp\/v2\/posts\/630021\/revisions"}],"predecessor-version":[{"id":656178,"href":"https:\/\/www.diario5.com.ar\/es\/wp-json\/wp\/v2\/posts\/630021\/revisions\/656178"}],"wp:attachment":[{"href":"https:\/\/www.diario5.com.ar\/es\/wp-json\/wp\/v2\/media?parent=630021"}],"wp:term":[{"taxonomy":"category","embeddable":true,"href":"https:\/\/www.diario5.com.ar\/es\/wp-json\/wp\/v2\/categories?post=630021"},{"taxonomy":"post_tag","embeddable":true,"href":"https:\/\/www.diario5.com.ar\/es\/wp-json\/wp\/v2\/tags?post=630021"},{"taxonomy":"series","embeddable":true,"href":"https:\/\/www.diario5.com.ar\/es\/wp-json\/wp\/v2\/series?post=630021"}],"curies":[{"name":"wp","href":"https:\/\/api.w.org\/{rel}","templated":true}]}}