{"id":629954,"date":"2021-06-30T10:01:06","date_gmt":"2021-06-30T13:01:06","guid":{"rendered":"https:\/\/www.diario5.com.ar\/complejo-teatral-todos-los-espectaculos-con-localidades-agotadas\/"},"modified":"2021-06-30T10:01:06","modified_gmt":"2021-06-30T13:01:06","slug":"complejo-teatral-todos-los-espectaculos-con-localidades-agotadas","status":"publish","type":"post","link":"https:\/\/www.diario5.com.ar\/es\/complejo-teatral-todos-los-espectaculos-con-localidades-agotadas\/","title":{"rendered":"Complejo Teatral: todos los espect\u00e1culos con localidades agotadas"},"content":{"rendered":"<h2 class=\"sub-title-primary\"><\/h2> <div>\n<p>Los espect\u00e1culos programados en el <strong>Complejo Teatral de Buenos Aires<\/strong> -dependiente del Ministerio de Cultura de la Ciudad-, agotaron sus localidades durante el pasado fin de semana, en el esperado regreso de las funciones con p\u00fablico presencial.<\/p>\n<blockquote>\n<p>Durante el primer fin de semana con funciones presenciales se agotaron las localidades<\/p>\n<\/blockquote>\n<p>El pr\u00f3ximas funciones ser\u00e1n las siguientes: <strong>Tu amor ser\u00e1 refugio<\/strong>, con direcci\u00f3n de Cristian Drut en la Sala Cunill Cabanellas del Teatro San Mart\u00edn (s\u00e1bados y domingos a las 19 horas, Av. Corrientes 1530) y <strong>\u00a1Recital Ol\u00edmpico!<\/strong>, proyecto de Camila Fabbri y Eugenia P\u00e9rez Tomas, que se ofrece en el Teatro Sarmiento (viernes 2 y s\u00e1bado 3 de julio a las 19, Av. Sarmiento 2715).<\/p>\n<\/p>\n<p>Asimismo, en <strong>julio<\/strong> se estrenar\u00e1 finalmente la m\u00e1s reciente producci\u00f3n del <strong>Ballet Contempor\u00e1neo del Teatro San Mart\u00edn: Piazzolla<\/strong>, un homenaje al gran m\u00fasico argentino en el centenario de su nacimiento, con coreograf\u00edas de Mauricio Wainrot y Ana Itelman en las que la danza se une a la m\u00fasica de este compositor que redefini\u00f3 las fronteras del tango rioplatense con sus ritmos y armon\u00edas. Y que ampli\u00f3 sus alcances, transform\u00e1ndolo en un lenguaje universal.<\/p>\n<blockquote>\n<p><a href=\"http:\/\/complejoteatral.gob.ar\/\" target=\"_blank\" rel=\"noopener\">M\u00e1s informaci\u00f3n y venta de entradas online<\/a><\/p>\n<\/blockquote>\n<p>Cabe aclarar que todos los espect\u00e1culos se realizan con el <strong>aforo vigente del 30%<\/strong> y todas las medidas de seguridad para la prevenci\u00f3n del Covid-19 previstas por el protocolo para el desarrollo de actividades esc\u00e9nicas del Gobierno de la Ciudad de Buenos Aires. <\/p>\n<p><img decoding=\"async\" loading=\"lazy\" src=\"https:\/\/www.diario5.com.ar\/wp-content\/uploads\/2021\/06\/copia_de_foto_1_tu_amor_sera_refugio_yanina_c_celular_abi_alejo_-_credito_foto_maria_horton.jpg\" width=\"5947\" height=\"3965\" alt=\"Foto de Mar\u00eda Horton\/Complejo Teatral.\" title=\"Foto de Mar\u00eda Horton\/Complejo Teatral.\"><\/p>\n<p><img decoding=\"async\" loading=\"lazy\" src=\"https:\/\/www.diario5.com.ar\/wp-content\/uploads\/2021\/06\/copia_de_recital_olimpico-camila_fabbri-pereztomas-ctba2020-foto_carlos_furman016.jpg\" width=\"3000\" height=\"2000\" alt=\"Foto de Carlos Furman\/Complejo Teatral\" title=\"Foto de Carlos Furman\/Complejo Teatral\"><\/p>\n<p><img decoding=\"async\" loading=\"lazy\" src=\"https:\/\/www.diario5.com.ar\/wp-content\/uploads\/2021\/06\/copia_de_foto_2_tu_amor_sera_refugio_grupal_-_credito_foto_maria_horton.jpg\" width=\"5521\" height=\"4104\" alt=\"Foto de Mar\u00eda Horton\/Complejo Teatral.\" title=\"Foto de Mar\u00eda Horton\/Complejo Teatral.\"><\/p>\n<\/div>","protected":false},"excerpt":{"rendered":"<p>Los espect\u00e1culos programados en el Complejo Teatral de Buenos Aires -dependiente del Ministerio de Cultura de la Ciudad-, agotaron sus localidades durante el pasado fin de semana, en el esperado regreso de las funciones con p\u00fablico presencial. Durante el primer fin de semana con funciones presenciales se agotaron las localidades El pr\u00f3ximas funciones ser\u00e1n las [&hellip;]<\/p>","protected":false},"author":8,"featured_media":629955,"comment_status":"open","ping_status":"closed","sticky":false,"template":"","format":"standard","meta":[],"categories":[5],"tags":[],"series":[],"_links":{"self":[{"href":"https:\/\/www.diario5.com.ar\/es\/wp-json\/wp\/v2\/posts\/629954"}],"collection":[{"href":"https:\/\/www.diario5.com.ar\/es\/wp-json\/wp\/v2\/posts"}],"about":[{"href":"https:\/\/www.diario5.com.ar\/es\/wp-json\/wp\/v2\/types\/post"}],"author":[{"embeddable":true,"href":"https:\/\/www.diario5.com.ar\/es\/wp-json\/wp\/v2\/users\/8"}],"replies":[{"embeddable":true,"href":"https:\/\/www.diario5.com.ar\/es\/wp-json\/wp\/v2\/comments?post=629954"}],"version-history":[{"count":0,"href":"https:\/\/www.diario5.com.ar\/es\/wp-json\/wp\/v2\/posts\/629954\/revisions"}],"wp:featuredmedia":[{"embeddable":true,"href":"https:\/\/www.diario5.com.ar\/es\/wp-json\/wp\/v2\/media\/629955"}],"wp:attachment":[{"href":"https:\/\/www.diario5.com.ar\/es\/wp-json\/wp\/v2\/media?parent=629954"}],"wp:term":[{"taxonomy":"category","embeddable":true,"href":"https:\/\/www.diario5.com.ar\/es\/wp-json\/wp\/v2\/categories?post=629954"},{"taxonomy":"post_tag","embeddable":true,"href":"https:\/\/www.diario5.com.ar\/es\/wp-json\/wp\/v2\/tags?post=629954"},{"taxonomy":"series","embeddable":true,"href":"https:\/\/www.diario5.com.ar\/es\/wp-json\/wp\/v2\/series?post=629954"}],"curies":[{"name":"wp","href":"https:\/\/api.w.org\/{rel}","templated":true}]}}