{"id":629745,"date":"2021-06-26T10:04:35","date_gmt":"2021-06-26T13:04:35","guid":{"rendered":"https:\/\/www.diario5.com.ar\/continuan-las-funciones-con-publico-en-el-complejo-teatral\/"},"modified":"2021-06-26T10:04:35","modified_gmt":"2021-06-26T13:04:35","slug":"continuan-las-funciones-con-publico-en-el-complejo-teatral","status":"publish","type":"post","link":"https:\/\/www.diario5.com.ar\/es\/continuan-las-funciones-con-publico-en-el-complejo-teatral\/","title":{"rendered":"Contin\u00faan las funciones con p\u00fablico en el Complejo Teatral"},"content":{"rendered":"<h2 class=\"sub-title-primary\"><\/h2> <div>\n<p>La Ciudad sigue acompa\u00f1ando la reactivaci\u00f3n del sector cultural en funci\u00f3n de la situaci\u00f3n sanitaria. Y es, a ra\u00edz de la consolidaci\u00f3n de la tendencia a la baja en los contagios de coronavirus que, a trav\u00e9s de distintos protocolos trabajados desde el Ministerio de Cultura porte\u00f1o, <strong>los espacios culturales volvieron a abrir sus puertas al p\u00fablico<\/strong> de forma segura tanto para los trabajadores como para los espectadores.<\/p>\n<p><strong>Teatros, cines, galer\u00edas de arte, museos y bibliotecas<\/strong> abrieron sus espacios con un tope del 30 por ciento en su aforo y cumpliendo los protocolos correspondientes. Asimismo, volvieron a activarse las actividades de formaci\u00f3n, talleres, streaming y los autoshows. Todas las actividades y espacios pueden funcionar hasta las 23 horas.<\/p>\n<blockquote>\n<p><a href=\"http:\/\/www.buenosaires.gob.ar\/cultura\/protocolos\/\" target=\"_blank\" rel=\"noopener\">C\u00f3mo son los protocolos para las actividades culturales<\/a><\/p>\n<\/blockquote>\n<p>Asimismo, el Ministerio de Cultura porte\u00f1o, en conjunto con el Ministerio de Salud de la Ciudad, sigue realizando <strong>testeos a la comunidad art\u00edstica en el Teatro Col\u00f3n<\/strong> de los cuales s\u00f3lo el 0.9% dio positivo. Desde el inicio del funcionamiento de este centro de testeos, el 12 de enero al 11 de junio de 2021, del total de los 5739 realizados s\u00f3lo 55 dieron positivo. Lo que significa un porcentaje del <strong>0.9% positivo<\/strong>, lo que demuestra que <strong>los protocolos y la concientizaci\u00f3n funcionan y que la actividad cultural es segura<\/strong>.<\/p>\n<blockquote>\n<p><a href=\"http:\/\/www.buenosaires.gob.ar\/jefedegobierno\/noticias\/rodriguez-larreta-anuncio-la-reapertura-de-los-teatros-partir-de-este\/\" target=\"_blank\" rel=\"noopener\">\u201cLa cultura es el alma de la Ciudad\u201d (<strong>Horacio Rodr\u00edguez Larreta<\/strong>)<\/a><\/p>\n<\/blockquote>\n<p>La iniciativa tiene por objetivo mantener la seguridad de todos los trabajadores de la cultura, desde productores, t\u00e9cnicos, vestuaristas hasta artistas, para que puedan seguir desarrollando sus actividades con el protocolo correspondiente.<\/p>\n<p><img decoding=\"async\" loading=\"lazy\" src=\"https:\/\/www.diario5.com.ar\/wp-content\/uploads\/2021\/06\/2021-_12_-03_-_recital_olimpico_en_el_ctba__-_steven_sierra-73-3.jpg\" width=\"4898\" height=\"3265\" alt=\"\"><\/p>\n<hr>\n<h2>La programaci\u00f3n del Complejo Teatral<\/h2>\n<p>Volvieron las funciones con p\u00fablico presencial a las salas del Complejo Teatral de Buenos Aires. Las mismas se realizan con el aforo vigente y todas las <strong>medidas de seguridad para la prevenci\u00f3n del Covid-19<\/strong> previstas por el protocolo para el desarrollo de actividades esc\u00e9nicas del Gobierno de la Ciudad de Buenos Aires.<\/p>\n<p>El s\u00e1bado 19 subi\u00f3 a escena en la Sala Mart\u00edn Coronado del Teatro San Mart\u00edn (Avda. Corrientes 1530) <strong>El gran circo<\/strong>, el cl\u00e1sico imbatible del Grupo de Titiriteros que hace cuatro d\u00e9cadas imagin\u00f3 el recordado Ariel Bufano y que, desde entonces, ha emocionado y sorprendido a varias generaciones de espectadores. Las localidades para esta funci\u00f3n pueden ser adquiridas en la web del Complejo <a href=\"https:\/\/complejoteatral.gob.ar\/\" target=\"_blank\" rel=\"noopener\">www.complejoteatral.gob.ar<\/a>. El gran circo ofrecer\u00e1 nuevas funciones el <strong>s\u00e1bado 26 y el domingo 27 de junio siempre a las 17 horas<\/strong>.<\/p>\n<p><img decoding=\"async\" loading=\"lazy\" src=\"https:\/\/www.diario5.com.ar\/wp-content\/uploads\/2021\/06\/el_gran_circo-3.jpg\" width=\"1772\" height=\"1476\" alt=\"\"><\/p>\n<p>En la sala Cunill Cabanellas se presentar\u00e1, desde el <strong>s\u00e1bado 26, Tu amor ser\u00e1 refugio<\/strong>, una obra de Juan Ignacio Fern\u00e1ndez con direcci\u00f3n de Cristian Drut atravesada por los sue\u00f1os, las crisis y las preguntas sobre el amor. Sin imaginarlo nunca su autor, la situaci\u00f3n actual de pandemia provoc\u00f3 que la obra adquiera nuevas resonancias por la imposibilidad de un acercamiento concreto y la lejan\u00eda que se interpone ante los cuerpos familiares. Luciano Ricio, Yanina Gruden, Matilde Campilongo, Aldana Ill\u00e1n, Ignacio Henr\u00edquez y Alejo Sulleiro integran el elenco de este espect\u00e1culo que subir\u00e1 a escena los <strong>s\u00e1bados y domingos a las 19<\/strong>.<\/p>\n<p><\/p>\n<p><img decoding=\"async\" loading=\"lazy\" src=\"https:\/\/www.diario5.com.ar\/wp-content\/uploads\/2021\/06\/foto_2_tu_amor_sera_refugio_grupal_-_credito_foto_mar_a_horton_0-3.jpg\" width=\"5593\" height=\"4184\" alt=\"Foto Mara Horton\/Complejo Teatral\" title=\"Foto Mara Horton\/Complejo Teatral\"><\/p>\n<p><strong>\u00a1Recital Ol\u00edmpico!<\/strong>, el proyecto en colaboraci\u00f3n de Camila Fabbri y Eugenia P\u00e9rez Tomas, vuelve al escenario del Teatro Sarmiento (Avda. Sarmiento 2715) para presentarse en cinco \u00fanicas funciones: <strong>viernes 25, s\u00e1bado 26 y domingo 27 de junio y viernes 2 y s\u00e1bado 3 de julio, a las 19 horas<\/strong>. En esta experiencia singular, las autoras y directoras contin\u00faan con su indagaci\u00f3n en biograf\u00edas como plataforma para la ficci\u00f3n. En este caso, con las figuras de Nika Turbina -poeta ucraniana- y de Nadia Comaneci -atleta rumana- para generar un cruce po\u00e9tico entre pasado y presente, un mundo on\u00edrico que borronea el tiempo y extra\u00f1a la realidad.<\/p>\n<p><img decoding=\"async\" loading=\"lazy\" src=\"https:\/\/www.diario5.com.ar\/wp-content\/uploads\/2021\/06\/img_6096-3.jpg\" width=\"4032\" height=\"3024\" alt=\"\"><\/p>\n<p>Finalmente, en julio se estrenar\u00e1 la m\u00e1s reciente producci\u00f3n del Ballet Contempor\u00e1neo del Teatro San Mart\u00edn: <strong>Piazzolla<\/strong>, un homenaje al gran m\u00fasico argentino en el centenario de su nacimiento, con coreograf\u00edas de Mauricio Wainrot y Ana Itelman en las que la danza se une a la m\u00fasica de este compositor que redefini\u00f3 las fronteras del tango rioplatense con sus ritmos y armon\u00edas. Y que ampli\u00f3 sus alcances, transform\u00e1ndolo en un lenguaje universal.<\/p>\n<blockquote>\n<p><a href=\"https:\/\/complejoteatral.gob.ar\/\" target=\"_blank\" rel=\"noopener\">M\u00e1s informaci\u00f3n sobre los espect\u00e1culos del Complejo Teatral<\/a><\/p>\n<\/blockquote>\n<h2>Cine en el CC25 de Mayo<\/h2>\n<p>Por otra parte, a partir del lunes 21 de junio volvi\u00f3 el cine a la sala principal del CC25 de Mayo (Av. Triunvirato 4444) con <strong>Implosi\u00f3n<\/strong>. Con dos funciones semanales por la tarde, los vecinos de Villa Urquiza podr\u00e1n ver Implosi\u00f3n  de Javier Van De Couter. Entradas a precios populares y a la venta por Alternativa Teatral.<\/p>\n<\/p>\n<p><img decoding=\"async\" loading=\"lazy\" src=\"https:\/\/www.diario5.com.ar\/wp-content\/uploads\/2021\/06\/2021-_12_-03_-_recital_olimpico_en_el_ctba__-_steven_sierra-62-3.jpg\" width=\"4898\" height=\"3265\" alt=\"\"><\/p>\n<\/div>","protected":false},"excerpt":{"rendered":"<p>La Ciudad sigue acompa\u00f1ando la reactivaci\u00f3n del sector cultural en funci\u00f3n de la situaci\u00f3n sanitaria. Y es, a ra\u00edz de la consolidaci\u00f3n de la tendencia a la baja en los contagios de coronavirus que, a trav\u00e9s de distintos protocolos trabajados desde el Ministerio de Cultura porte\u00f1o, los espacios culturales volvieron a abrir sus puertas al [&hellip;]<\/p>","protected":false},"author":8,"featured_media":629746,"comment_status":"open","ping_status":"closed","sticky":false,"template":"","format":"standard","meta":[],"categories":[5],"tags":[],"series":[],"_links":{"self":[{"href":"https:\/\/www.diario5.com.ar\/es\/wp-json\/wp\/v2\/posts\/629745"}],"collection":[{"href":"https:\/\/www.diario5.com.ar\/es\/wp-json\/wp\/v2\/posts"}],"about":[{"href":"https:\/\/www.diario5.com.ar\/es\/wp-json\/wp\/v2\/types\/post"}],"author":[{"embeddable":true,"href":"https:\/\/www.diario5.com.ar\/es\/wp-json\/wp\/v2\/users\/8"}],"replies":[{"embeddable":true,"href":"https:\/\/www.diario5.com.ar\/es\/wp-json\/wp\/v2\/comments?post=629745"}],"version-history":[{"count":0,"href":"https:\/\/www.diario5.com.ar\/es\/wp-json\/wp\/v2\/posts\/629745\/revisions"}],"wp:featuredmedia":[{"embeddable":true,"href":"https:\/\/www.diario5.com.ar\/es\/wp-json\/wp\/v2\/media\/629746"}],"wp:attachment":[{"href":"https:\/\/www.diario5.com.ar\/es\/wp-json\/wp\/v2\/media?parent=629745"}],"wp:term":[{"taxonomy":"category","embeddable":true,"href":"https:\/\/www.diario5.com.ar\/es\/wp-json\/wp\/v2\/categories?post=629745"},{"taxonomy":"post_tag","embeddable":true,"href":"https:\/\/www.diario5.com.ar\/es\/wp-json\/wp\/v2\/tags?post=629745"},{"taxonomy":"series","embeddable":true,"href":"https:\/\/www.diario5.com.ar\/es\/wp-json\/wp\/v2\/series?post=629745"}],"curies":[{"name":"wp","href":"https:\/\/api.w.org\/{rel}","templated":true}]}}