{"id":628895,"date":"2021-06-05T10:03:10","date_gmt":"2021-06-05T13:03:10","guid":{"rendered":"https:\/\/www.diario5.com.ar\/teatros-cines-centros-culturales-y-academias-de-danza-contaran-con-la-condonacion-del-abl-por-tres-meses\/"},"modified":"2021-06-05T10:03:10","modified_gmt":"2021-06-05T13:03:10","slug":"teatros-cines-centros-culturales-y-academias-de-danza-contaran-con-la-condonacion-del-abl-por-tres-meses","status":"publish","type":"post","link":"https:\/\/www.diario5.com.ar\/es\/teatros-cines-centros-culturales-y-academias-de-danza-contaran-con-la-condonacion-del-abl-por-tres-meses\/","title":{"rendered":"Teatros, cines, centros culturales y academias de danza contar\u00e1n con la condonaci\u00f3n del ABL por tres meses"},"content":{"rendered":"<h2 class=\"sub-title-primary\"><\/h2> <div>\n<p>Como parte de las medidas de alivio fiscal que impulsa el Gobierno de la Ciudad, <strong>teatros, cines, locales de baile, centros culturales y academias de danza<\/strong> contar\u00e1n con la condonaci\u00f3n del ABL por los meses de junio, julio y agosto.<\/p>\n<\/p>\n<p>La Legislatura porte\u00f1a trat\u00f3 una serie de proyectos, entre los cuales esta medida trabajada desde el Gobierno de la Ciudad, fue aprobada con 56 votos afirmativos. La misma beneficiar\u00e1 directamente a <strong>m\u00e1s de 700 espacios culturales<\/strong> que podr\u00e1n pedir la condonaci\u00f3n del ABL a trav\u00e9s de la web de la AGIP.<\/p>\n<p>Por su parte el ministro de cultura de la Ciudad Enrique Avogador afirm\u00f3: <em>\u201cGeneramos esta nueva exenci\u00f3n del ABL con el objetivo de tratar de aliviar la situaci\u00f3n fiscal de la industria cultural que tanto viene sufriendo hace ya m\u00e1s de un a\u00f1o. Teatros, cines, centros culturales y academias de danza podr\u00e1n acceder a esta iniciativa que se suma al paquete de medidas que venimos implementando desde el 2020 para seguir acompa\u00f1ando al sector y sostener el trabajo de espacios, artistas y gestores culturales en estos momentos tan dif\u00edciles\u201d<\/em>.<\/p>\n<p>La <strong>tramitaci\u00f3n<\/strong> del beneficio de la eximici\u00f3n del pago debe ser realizado a trav\u00e9s de [la web] de la Administraci\u00f3n Gubernamental de Ingresos P\u00fablicos . Quienes ya hayan abonado las cuotas correspondientes, tendr\u00e1n reconocimiento de un cr\u00e9dito fiscal equivalente al importe ingresado en dicho concepto.<\/p>\n<h3>Medidas de apoyo durante el a\u00f1o 2020<\/h3>\n<p>Con el fin de ayudar a los sectores afectados por las restricciones, la Ciudad implement\u00f3 distintas medidas de alivio fiscal y econ\u00f3mico, algunas de las cuales actualmente se encuentran en ejecuci\u00f3n.<br \/>\nEn abril del 2020, se impuls\u00f3 un primer paquete de medidas que inclu\u00eda la condonaci\u00f3n del ABL durante junio y julio de ese a\u00f1o y el lanzamiento de cr\u00e9ditos blandos por parte del Banco Ciudad con una tasa subsidiada del 12% y de hasta $500.000 con 6 meses de per\u00edodo de gracia. Este beneficio liberatorio alcanz\u00f3 a librer\u00edas, cines, espacios de exhibici\u00f3n, galer\u00edas de arte, bares notables, disquer\u00edas, teatros comerciales y locales de baile.<\/p>\n<p>Adem\u00e1s, se apoy\u00f3 al sector independiente a trav\u00e9s del <strong>Plan de Ayuda Econ\u00f3mica<\/strong> que implic\u00f3 un fondo extraordinario de alrededor del 40% para las l\u00edneas de fomento de Impulso Cultural. A trav\u00e9s de este plan se lleg\u00f3 a 4000 artistas y 366 espacios culturales. Asimismo se realiz\u00f3 una importante ampliaci\u00f3n de beneficiarios, incluyendo en estas l\u00edneas a las galer\u00edas de arte, bares notables, artistas callejeros y circenses, marionetistas y artesanos.<\/p>\n<p>Adem\u00e1s, <strong>Mecenazgo &#8211; Participaci\u00f3n Cultural<\/strong> cont\u00f3 en 2020, con la participaci\u00f3n de 4.036 proyectos, de los cuales fueron seleccionados 1.438 por un total de $962,164,682.00. Pese a la pandemia 200 proyectos ya recibieron sus aportes y podr\u00e1n hacerse realidad. Cabe mencionar que una vez que el proyecto fue seleccionado tiene dos a\u00f1os para encontrar mecenas, realizar el proyecto y rendir cuentas. Tambi\u00e9n se llevaron adelante convocatorias mediante los diversos espacios pertenecientes al Ministerio (El Centro Cultural Recoleta, El CTBA, La Usina del Arte y Festivales), becas y convocatorias de hasta $80.000 especialmente dirigidas para que los hacedores culturales puedan seguir desarroll\u00e1ndose.<\/p>\n<p>Actualmente se encuentra <strong>abierta<\/strong> la convocatoria a Mecenazgo &#8211; Participaci\u00f3n Cultural, la cual implica una inyecci\u00f3n de m\u00e1s de mil millones de pesos al sector a trav\u00e9s de 14 disciplinas: \u201cDanza\u201d; \u201cArtes visuales\u201d; \u201cArtes audiovisuales y arte digital\u201d; \u201cTeatro\u201d, \u201cCirco, m\u00edmica y afines\u201d; \u201cLiteratura\u201d; \u201cArtesan\u00edas y arte popular\u201d; \u201cDise\u00f1o\u201d; \u201cM\u00fasica popular\u201d; \u201cM\u00fasica acad\u00e9mica\u201d; \u201cPatrimonio Cultural\u201d; \u201cPublicaciones, radio, televisi\u00f3n y sitios de internet con contenido art\u00edstico y cultural\u201d; \u201cInfraestructura\u201d y \u201cNuevas Tecnolog\u00edas\u201d.<\/p>\n<\/div>","protected":false},"excerpt":{"rendered":"<p>Como parte de las medidas de alivio fiscal que impulsa el Gobierno de la Ciudad, teatros, cines, locales de baile, centros culturales y academias de danza contar\u00e1n con la condonaci\u00f3n del ABL por los meses de junio, julio y agosto. La Legislatura porte\u00f1a trat\u00f3 una serie de proyectos, entre los cuales esta medida trabajada desde [&hellip;]<\/p>","protected":false},"author":8,"featured_media":628896,"comment_status":"open","ping_status":"closed","sticky":false,"template":"","format":"standard","meta":[],"categories":[5],"tags":[],"series":[],"_links":{"self":[{"href":"https:\/\/www.diario5.com.ar\/es\/wp-json\/wp\/v2\/posts\/628895"}],"collection":[{"href":"https:\/\/www.diario5.com.ar\/es\/wp-json\/wp\/v2\/posts"}],"about":[{"href":"https:\/\/www.diario5.com.ar\/es\/wp-json\/wp\/v2\/types\/post"}],"author":[{"embeddable":true,"href":"https:\/\/www.diario5.com.ar\/es\/wp-json\/wp\/v2\/users\/8"}],"replies":[{"embeddable":true,"href":"https:\/\/www.diario5.com.ar\/es\/wp-json\/wp\/v2\/comments?post=628895"}],"version-history":[{"count":0,"href":"https:\/\/www.diario5.com.ar\/es\/wp-json\/wp\/v2\/posts\/628895\/revisions"}],"wp:featuredmedia":[{"embeddable":true,"href":"https:\/\/www.diario5.com.ar\/es\/wp-json\/wp\/v2\/media\/628896"}],"wp:attachment":[{"href":"https:\/\/www.diario5.com.ar\/es\/wp-json\/wp\/v2\/media?parent=628895"}],"wp:term":[{"taxonomy":"category","embeddable":true,"href":"https:\/\/www.diario5.com.ar\/es\/wp-json\/wp\/v2\/categories?post=628895"},{"taxonomy":"post_tag","embeddable":true,"href":"https:\/\/www.diario5.com.ar\/es\/wp-json\/wp\/v2\/tags?post=628895"},{"taxonomy":"series","embeddable":true,"href":"https:\/\/www.diario5.com.ar\/es\/wp-json\/wp\/v2\/series?post=628895"}],"curies":[{"name":"wp","href":"https:\/\/api.w.org\/{rel}","templated":true}]}}