{"id":627232,"date":"2021-05-03T07:40:50","date_gmt":"2021-05-03T10:40:50","guid":{"rendered":"https:\/\/www.diario5.com.ar\/?p=627232"},"modified":"2021-05-22T15:31:30","modified_gmt":"2021-05-22T18:31:30","slug":"los-vecinos","status":"publish","type":"post","link":"https:\/\/www.diario5.com.ar\/es\/los-vecinos\/","title":{"rendered":"El abril negro uruguayo"},"content":{"rendered":"<h2 class=\"sub-title-primary\">El n\u00famero de fallecidos en un mes duplica el registrado en todo un a\u00f1o. <\/h2> <p>El hist\u00f3rico candombe \u00abAdi\u00f3n Juventud\u00bb reza repetidamente en su cierre \u00ab&#8230;parece mentira las cosas que veo por las calles de Montevideo\u00bb. Y de golpe, esa premisa que naci\u00f3 jugando en la inspiraci\u00f3n de Jaime Roos y energizada por la poderosa murga <em>Falta y Resto<\/em>, apareci\u00f3 clara y n\u00edtida en el panorama sanitario del Uruguay, al segundo a\u00f1o de pandemia.<\/p>\n<p>Abril pa\u00f3 a ser el peor mes Covid para el Uruguay, con el r\u00e9cord mundial de contagios diarios per c\u00e1pita: La suma asciende a 837 casos por mill\u00f3n de habitantes. En el mes hubo 1571 fallecidos y las Terapias Intensivas temblaron. Un informe del GACH (Grupo de asesores cient\u00edficos) indic\u00f3 que el Uruguay pas\u00f3 a una situaci\u00f3n muy grave, previendo que la cantidad de muertos en podr\u00eda repetirse en nayo si los casos no bajan. Ac\u00e1, siete datos sobre coronavirus en Uruguay en el \u00faltimo mes.<\/p>\n<p>En abril se registr\u00f3 que el 50% de los fallecidos eran trabajadores de las \u00e1reas de salud. La comparaci\u00f3n m\u00e1s develadora es que entre el 13 de marzo de 2020 y el 10 de abril de 2021 los fallecido en Salud fueron siete, mientras que en este sector, murieron quinde personas s\u00f3lo en abril de 2021.<\/p>\n<p>URUGUAY<br \/>\n<img decoding=\"async\" loading=\"lazy\" class=\"alignnone size-large wp-image-627278\" src=\"https:\/\/www.diario5.com.ar\/wp-content\/uploads\/2021\/05\/uy_republica20210503-704x1024.jpg\" width=\"704\" height=\"1024\" alt=\"El abril negro uruguayo\" title=\"El abril negro uruguayo\" srcset=\"https:\/\/www.diario5.com.ar\/wp-content\/uploads\/2021\/05\/uy_republica20210503-704x1024.jpg 704w, https:\/\/www.diario5.com.ar\/wp-content\/uploads\/2021\/05\/uy_republica20210503-206x300.jpg 206w, https:\/\/www.diario5.com.ar\/wp-content\/uploads\/2021\/05\/uy_republica20210503-768x1117.jpg 768w, https:\/\/www.diario5.com.ar\/wp-content\/uploads\/2021\/05\/uy_republica20210503.jpg 850w\" sizes=\"(max-width: 704px) 100vw, 704px\" \/><\/p>\n<p>\n<img decoding=\"async\" loading=\"lazy\" class=\"alignnone size-full wp-image-627279\" src=\"https:\/\/www.diario5.com.ar\/wp-content\/uploads\/2021\/05\/uy_ladiaria20210503.jpg\" width=\"764\" height=\"950\" alt=\"El abril negro uruguayo\" title=\"El abril negro uruguayo\" srcset=\"https:\/\/www.diario5.com.ar\/wp-content\/uploads\/2021\/05\/uy_ladiaria20210503.jpg 764w, https:\/\/www.diario5.com.ar\/wp-content\/uploads\/2021\/05\/uy_ladiaria20210503-241x300.jpg 241w\" sizes=\"(max-width: 764px) 100vw, 764px\" \/><\/p>\n<p>\n<img decoding=\"async\" loading=\"lazy\" class=\"alignnone size-large wp-image-627280\" src=\"https:\/\/www.diario5.com.ar\/wp-content\/uploads\/2021\/05\/uy_observador20210503-718x1024.jpg\" width=\"718\" height=\"1024\" alt=\"El abril negro uruguayo\" title=\"El abril negro uruguayo\" srcset=\"https:\/\/www.diario5.com.ar\/wp-content\/uploads\/2021\/05\/uy_observador20210503-718x1024.jpg 718w, https:\/\/www.diario5.com.ar\/wp-content\/uploads\/2021\/05\/uy_observador20210503-210x300.jpg 210w, https:\/\/www.diario5.com.ar\/wp-content\/uploads\/2021\/05\/uy_observador20210503.jpg 764w\" sizes=\"(max-width: 718px) 100vw, 718px\" \/><\/p>\n<p>CHILE<br \/>\n<img decoding=\"async\" src=\"https:\/\/diario5.com.ar\/imgtapas\/05\/03\/cl\/cl_mercurio.jpg\"><\/p>\n<p>\n<img decoding=\"async\" loading=\"lazy\" class=\"alignnone size-full wp-image-627281\" src=\"https:\/\/www.diario5.com.ar\/wp-content\/uploads\/2021\/05\/cl_ultimas_noticias20210503.jpg\" width=\"792\" height=\"981\" alt=\"El abril negro uruguayo\" title=\"El abril negro uruguayo\" srcset=\"https:\/\/www.diario5.com.ar\/wp-content\/uploads\/2021\/05\/cl_ultimas_noticias20210503.jpg 792w, https:\/\/www.diario5.com.ar\/wp-content\/uploads\/2021\/05\/cl_ultimas_noticias20210503-242x300.jpg 242w, https:\/\/www.diario5.com.ar\/wp-content\/uploads\/2021\/05\/cl_ultimas_noticias20210503-768x951.jpg 768w\" sizes=\"(max-width: 792px) 100vw, 792px\" \/><\/p>\n<p>I<br \/>\n<img decoding=\"async\" loading=\"lazy\" class=\"alignnone size-full wp-image-627282\" src=\"https:\/\/www.diario5.com.ar\/wp-content\/uploads\/2021\/05\/cl_diario_financiero20210503.jpg\" width=\"764\" height=\"1000\" alt=\"El abril negro uruguayo\" title=\"El abril negro uruguayo\" srcset=\"https:\/\/www.diario5.com.ar\/wp-content\/uploads\/2021\/05\/cl_diario_financiero20210503.jpg 764w, https:\/\/www.diario5.com.ar\/wp-content\/uploads\/2021\/05\/cl_diario_financiero20210503-229x300.jpg 229w\" sizes=\"(max-width: 764px) 100vw, 764px\" \/><\/p>\n<p>\n<img decoding=\"async\" loading=\"lazy\" class=\"alignnone size-full wp-image-627283\" src=\"https:\/\/www.diario5.com.ar\/wp-content\/uploads\/2021\/05\/cl_publimetro20210503.jpg\" width=\"850\" height=\"938\" alt=\"El abril negro uruguayo\" title=\"El abril negro uruguayo\" srcset=\"https:\/\/www.diario5.com.ar\/wp-content\/uploads\/2021\/05\/cl_publimetro20210503.jpg 850w, https:\/\/www.diario5.com.ar\/wp-content\/uploads\/2021\/05\/cl_publimetro20210503-272x300.jpg 272w, https:\/\/www.diario5.com.ar\/wp-content\/uploads\/2021\/05\/cl_publimetro20210503-768x848.jpg 768w\" sizes=\"(max-width: 850px) 100vw, 850px\" \/><\/p>\n<p>II<br \/>\n<img decoding=\"async\" loading=\"lazy\" class=\"alignnone size-large wp-image-627284\" src=\"https:\/\/www.diario5.com.ar\/wp-content\/uploads\/2021\/05\/estrella_iquique20210503-814x1024.jpg\" width=\"814\" height=\"1024\" alt=\"El abril negro uruguayo\" title=\"El abril negro uruguayo\" srcset=\"https:\/\/www.diario5.com.ar\/wp-content\/uploads\/2021\/05\/estrella_iquique20210503-814x1024.jpg 814w, https:\/\/www.diario5.com.ar\/wp-content\/uploads\/2021\/05\/estrella_iquique20210503-239x300.jpg 239w, https:\/\/www.diario5.com.ar\/wp-content\/uploads\/2021\/05\/estrella_iquique20210503-768x966.jpg 768w, https:\/\/www.diario5.com.ar\/wp-content\/uploads\/2021\/05\/estrella_iquique20210503.jpg 850w\" sizes=\"(max-width: 814px) 100vw, 814px\" \/><\/p>\n<p>\n<img decoding=\"async\" loading=\"lazy\" class=\"alignnone size-large wp-image-627285\" src=\"https:\/\/www.diario5.com.ar\/wp-content\/uploads\/2021\/05\/mercurio_calama20210503-691x1024.jpg\" width=\"691\" height=\"1024\" alt=\"El abril negro uruguayo\" title=\"El abril negro uruguayo\" srcset=\"https:\/\/www.diario5.com.ar\/wp-content\/uploads\/2021\/05\/mercurio_calama20210503-691x1024.jpg 691w, https:\/\/www.diario5.com.ar\/wp-content\/uploads\/2021\/05\/mercurio_calama20210503-203x300.jpg 203w, https:\/\/www.diario5.com.ar\/wp-content\/uploads\/2021\/05\/mercurio_calama20210503-768x1138.jpg 768w, https:\/\/www.diario5.com.ar\/wp-content\/uploads\/2021\/05\/mercurio_calama20210503.jpg 850w\" sizes=\"(max-width: 691px) 100vw, 691px\" \/><\/p>\n<p>\n<img decoding=\"async\" loading=\"lazy\" class=\"alignnone size-full wp-image-627281\" src=\"https:\/\/www.diario5.com.ar\/wp-content\/uploads\/2021\/05\/cl_ultimas_noticias20210503.jpg\" width=\"792\" height=\"981\" alt=\"El abril negro uruguayo\" title=\"El abril negro uruguayo\" srcset=\"https:\/\/www.diario5.com.ar\/wp-content\/uploads\/2021\/05\/cl_ultimas_noticias20210503.jpg 792w, https:\/\/www.diario5.com.ar\/wp-content\/uploads\/2021\/05\/cl_ultimas_noticias20210503-242x300.jpg 242w, https:\/\/www.diario5.com.ar\/wp-content\/uploads\/2021\/05\/cl_ultimas_noticias20210503-768x951.jpg 768w\" sizes=\"(max-width: 792px) 100vw, 792px\" \/><\/p>\n<p>\n<img decoding=\"async\" loading=\"lazy\" class=\"alignnone size-large wp-image-627287\" src=\"https:\/\/www.diario5.com.ar\/wp-content\/uploads\/2021\/05\/mercurio_antofagasta20210503-716x1024.jpg\" width=\"716\" height=\"1024\" alt=\"El abril negro uruguayo\" title=\"El abril negro uruguayo\" srcset=\"https:\/\/www.diario5.com.ar\/wp-content\/uploads\/2021\/05\/mercurio_antofagasta20210503-716x1024.jpg 716w, https:\/\/www.diario5.com.ar\/wp-content\/uploads\/2021\/05\/mercurio_antofagasta20210503-210x300.jpg 210w, https:\/\/www.diario5.com.ar\/wp-content\/uploads\/2021\/05\/mercurio_antofagasta20210503-768x1098.jpg 768w, https:\/\/www.diario5.com.ar\/wp-content\/uploads\/2021\/05\/mercurio_antofagasta20210503.jpg 850w\" sizes=\"(max-width: 716px) 100vw, 716px\" \/><\/p>\n<p>III<br \/>\n<img decoding=\"async\" loading=\"lazy\" class=\"alignnone size-large wp-image-628109\" src=\"https:\/\/www.diario5.com.ar\/wp-content\/uploads\/2021\/05\/estrella_loa20210522-802x1024.jpg\" width=\"802\" height=\"1024\" srcset=\"https:\/\/www.diario5.com.ar\/wp-content\/uploads\/2021\/05\/estrella_loa20210522-802x1024.jpg 802w, https:\/\/www.diario5.com.ar\/wp-content\/uploads\/2021\/05\/estrella_loa20210522-235x300.jpg 235w, https:\/\/www.diario5.com.ar\/wp-content\/uploads\/2021\/05\/estrella_loa20210522-768x981.jpg 768w, https:\/\/www.diario5.com.ar\/wp-content\/uploads\/2021\/05\/estrella_loa20210522.jpg 849w\" sizes=\"(max-width: 802px) 100vw, 802px\" \/><\/p>\n<p>\n<img decoding=\"async\" loading=\"lazy\" class=\"alignnone size-large wp-image-628110\" src=\"https:\/\/www.diario5.com.ar\/wp-content\/uploads\/2021\/05\/estrella_tocopilla20210522-802x1024.jpg\" width=\"802\" height=\"1024\" srcset=\"https:\/\/www.diario5.com.ar\/wp-content\/uploads\/2021\/05\/estrella_tocopilla20210522-802x1024.jpg 802w, https:\/\/www.diario5.com.ar\/wp-content\/uploads\/2021\/05\/estrella_tocopilla20210522-235x300.jpg 235w, https:\/\/www.diario5.com.ar\/wp-content\/uploads\/2021\/05\/estrella_tocopilla20210522-768x981.jpg 768w, https:\/\/www.diario5.com.ar\/wp-content\/uploads\/2021\/05\/estrella_tocopilla20210522.jpg 849w\" sizes=\"(max-width: 802px) 100vw, 802px\" \/><\/p>\n<p>\n<img decoding=\"async\" loading=\"lazy\" class=\"alignnone size-large wp-image-627288\" src=\"https:\/\/www.diario5.com.ar\/wp-content\/uploads\/2021\/05\/estrella_norte20210503-802x1024.jpg\" width=\"802\" height=\"1024\" alt=\"El abril negro uruguayo\" title=\"El abril negro uruguayo\" srcset=\"https:\/\/www.diario5.com.ar\/wp-content\/uploads\/2021\/05\/estrella_norte20210503-802x1024.jpg 802w, https:\/\/www.diario5.com.ar\/wp-content\/uploads\/2021\/05\/estrella_norte20210503-235x300.jpg 235w, https:\/\/www.diario5.com.ar\/wp-content\/uploads\/2021\/05\/estrella_norte20210503-768x980.jpg 768w, https:\/\/www.diario5.com.ar\/wp-content\/uploads\/2021\/05\/estrella_norte20210503.jpg 850w\" sizes=\"(max-width: 802px) 100vw, 802px\" \/><\/p>\n<p>IV<\/p>\n<p><img decoding=\"async\" loading=\"lazy\" class=\"alignnone size-large wp-image-628111\" src=\"https:\/\/www.diario5.com.ar\/wp-content\/uploads\/2021\/05\/cl_chanarcillo20210522-700x1024.jpg\" width=\"700\" height=\"1024\" srcset=\"https:\/\/www.diario5.com.ar\/wp-content\/uploads\/2021\/05\/cl_chanarcillo20210522-700x1024.jpg 700w, https:\/\/www.diario5.com.ar\/wp-content\/uploads\/2021\/05\/cl_chanarcillo20210522-205x300.jpg 205w, https:\/\/www.diario5.com.ar\/wp-content\/uploads\/2021\/05\/cl_chanarcillo20210522-768x1124.jpg 768w, https:\/\/www.diario5.com.ar\/wp-content\/uploads\/2021\/05\/cl_chanarcillo20210522.jpg 850w\" sizes=\"(max-width: 700px) 100vw, 700px\" \/><\/p>\n<p><img decoding=\"async\" loading=\"lazy\" class=\"alignnone size-large wp-image-627289\" src=\"https:\/\/www.diario5.com.ar\/wp-content\/uploads\/2021\/05\/diario_atacama20210503-713x1024.jpg\" width=\"713\" height=\"1024\" alt=\"El abril negro uruguayo\" title=\"El abril negro uruguayo\" srcset=\"https:\/\/www.diario5.com.ar\/wp-content\/uploads\/2021\/05\/diario_atacama20210503-713x1024.jpg 713w, https:\/\/www.diario5.com.ar\/wp-content\/uploads\/2021\/05\/diario_atacama20210503-209x300.jpg 209w, https:\/\/www.diario5.com.ar\/wp-content\/uploads\/2021\/05\/diario_atacama20210503-768x1102.jpg 768w, https:\/\/www.diario5.com.ar\/wp-content\/uploads\/2021\/05\/diario_atacama20210503.jpg 850w\" sizes=\"(max-width: 713px) 100vw, 713px\" \/><\/p>\n<p><img decoding=\"async\" loading=\"lazy\" class=\"alignnone size-large wp-image-627290\" src=\"https:\/\/www.diario5.com.ar\/wp-content\/uploads\/2021\/05\/cl_eldia20210503-747x1024.jpg\" width=\"747\" height=\"1024\" alt=\"El abril negro uruguayo\" title=\"El abril negro uruguayo\" srcset=\"https:\/\/www.diario5.com.ar\/wp-content\/uploads\/2021\/05\/cl_eldia20210503-747x1024.jpg 747w, https:\/\/www.diario5.com.ar\/wp-content\/uploads\/2021\/05\/cl_eldia20210503-219x300.jpg 219w, https:\/\/www.diario5.com.ar\/wp-content\/uploads\/2021\/05\/cl_eldia20210503-768x1053.jpg 768w, https:\/\/www.diario5.com.ar\/wp-content\/uploads\/2021\/05\/cl_eldia20210503.jpg 850w\" sizes=\"(max-width: 747px) 100vw, 747px\" \/><\/p>\n<p><img decoding=\"async\" loading=\"lazy\" class=\"alignnone size-large wp-image-628112\" src=\"https:\/\/www.diario5.com.ar\/wp-content\/uploads\/2021\/05\/lider_san_antonio20210522-803x1024.jpg\" width=\"803\" height=\"1024\" srcset=\"https:\/\/www.diario5.com.ar\/wp-content\/uploads\/2021\/05\/lider_san_antonio20210522-803x1024.jpg 803w, https:\/\/www.diario5.com.ar\/wp-content\/uploads\/2021\/05\/lider_san_antonio20210522-235x300.jpg 235w, https:\/\/www.diario5.com.ar\/wp-content\/uploads\/2021\/05\/lider_san_antonio20210522-768x979.jpg 768w, https:\/\/www.diario5.com.ar\/wp-content\/uploads\/2021\/05\/lider_san_antonio20210522.jpg 850w\" sizes=\"(max-width: 803px) 100vw, 803px\" \/><\/p>\n<p><img decoding=\"async\" loading=\"lazy\" class=\"alignnone size-large wp-image-627291\" src=\"https:\/\/www.diario5.com.ar\/wp-content\/uploads\/2021\/05\/mercurio_valpo20210503-736x1024.jpg\" width=\"736\" height=\"1024\" alt=\"El abril negro uruguayo\" title=\"El abril negro uruguayo\" srcset=\"https:\/\/www.diario5.com.ar\/wp-content\/uploads\/2021\/05\/mercurio_valpo20210503-736x1024.jpg 736w, https:\/\/www.diario5.com.ar\/wp-content\/uploads\/2021\/05\/mercurio_valpo20210503-216x300.jpg 216w, https:\/\/www.diario5.com.ar\/wp-content\/uploads\/2021\/05\/mercurio_valpo20210503-768x1069.jpg 768w, https:\/\/www.diario5.com.ar\/wp-content\/uploads\/2021\/05\/mercurio_valpo20210503.jpg 850w\" sizes=\"(max-width: 736px) 100vw, 736px\" \/><\/p>\n<p><img decoding=\"async\" loading=\"lazy\" class=\"alignnone size-large wp-image-628113\" src=\"https:\/\/www.diario5.com.ar\/wp-content\/uploads\/2021\/05\/estrella_valpo20210522-8-807x1024.jpg\" width=\"807\" height=\"1024\" srcset=\"https:\/\/www.diario5.com.ar\/wp-content\/uploads\/2021\/05\/estrella_valpo20210522-8-807x1024.jpg 807w, https:\/\/www.diario5.com.ar\/wp-content\/uploads\/2021\/05\/estrella_valpo20210522-8-236x300.jpg 236w, https:\/\/www.diario5.com.ar\/wp-content\/uploads\/2021\/05\/estrella_valpo20210522-8-768x975.jpg 768w, https:\/\/www.diario5.com.ar\/wp-content\/uploads\/2021\/05\/estrella_valpo20210522-8.jpg 850w\" sizes=\"(max-width: 807px) 100vw, 807px\" \/><\/p>\n<p><img decoding=\"async\" loading=\"lazy\" class=\"alignnone size-large wp-image-627292\" src=\"https:\/\/www.diario5.com.ar\/wp-content\/uploads\/2021\/05\/cl_diario_vi_region20210503-765x1024.jpg\" width=\"765\" height=\"1024\" alt=\"El abril negro uruguayo\" title=\"El abril negro uruguayo\" srcset=\"https:\/\/www.diario5.com.ar\/wp-content\/uploads\/2021\/05\/cl_diario_vi_region20210503-765x1024.jpg 765w, https:\/\/www.diario5.com.ar\/wp-content\/uploads\/2021\/05\/cl_diario_vi_region20210503-224x300.jpg 224w, https:\/\/www.diario5.com.ar\/wp-content\/uploads\/2021\/05\/cl_diario_vi_region20210503-768x1028.jpg 768w, https:\/\/www.diario5.com.ar\/wp-content\/uploads\/2021\/05\/cl_diario_vi_region20210503.jpg 850w\" sizes=\"(max-width: 765px) 100vw, 765px\" \/><\/p>\n<p>&#8212;<br \/>\n8va<br \/>\n<img decoding=\"async\" loading=\"lazy\" class=\"alignnone size-large wp-image-627293\" src=\"https:\/\/www.diario5.com.ar\/wp-content\/uploads\/2021\/05\/diario_concepcion20210503-792x1024.jpg\" width=\"792\" height=\"1024\" alt=\"El abril negro uruguayo\" title=\"El abril negro uruguayo\" srcset=\"https:\/\/www.diario5.com.ar\/wp-content\/uploads\/2021\/05\/diario_concepcion20210503-792x1024.jpg 792w, https:\/\/www.diario5.com.ar\/wp-content\/uploads\/2021\/05\/diario_concepcion20210503-232x300.jpg 232w, https:\/\/www.diario5.com.ar\/wp-content\/uploads\/2021\/05\/diario_concepcion20210503-768x993.jpg 768w, https:\/\/www.diario5.com.ar\/wp-content\/uploads\/2021\/05\/diario_concepcion20210503.jpg 850w\" sizes=\"(max-width: 792px) 100vw, 792px\" \/><\/p>\n<p><img decoding=\"async\" loading=\"lazy\" class=\"alignnone size-large wp-image-627294\" src=\"https:\/\/www.diario5.com.ar\/wp-content\/uploads\/2021\/05\/sur_concepcion20210503-568x1024.jpg\" width=\"568\" height=\"1024\" alt=\"El abril negro uruguayo\" title=\"El abril negro uruguayo\" srcset=\"https:\/\/www.diario5.com.ar\/wp-content\/uploads\/2021\/05\/sur_concepcion20210503-568x1024.jpg 568w, https:\/\/www.diario5.com.ar\/wp-content\/uploads\/2021\/05\/sur_concepcion20210503-166x300.jpg 166w, https:\/\/www.diario5.com.ar\/wp-content\/uploads\/2021\/05\/sur_concepcion20210503-768x1385.jpg 768w, https:\/\/www.diario5.com.ar\/wp-content\/uploads\/2021\/05\/sur_concepcion20210503.jpg 850w\" sizes=\"(max-width: 568px) 100vw, 568px\" \/><\/p>\n<p><img decoding=\"async\" loading=\"lazy\" class=\"alignnone size-large wp-image-627295\" src=\"https:\/\/www.diario5.com.ar\/wp-content\/uploads\/2021\/05\/estrella_concepcion20210503-799x1024.jpg\" width=\"799\" height=\"1024\" alt=\"El abril negro uruguayo\" title=\"El abril negro uruguayo\" srcset=\"https:\/\/www.diario5.com.ar\/wp-content\/uploads\/2021\/05\/estrella_concepcion20210503-799x1024.jpg 799w, https:\/\/www.diario5.com.ar\/wp-content\/uploads\/2021\/05\/estrella_concepcion20210503-234x300.jpg 234w, https:\/\/www.diario5.com.ar\/wp-content\/uploads\/2021\/05\/estrella_concepcion20210503-768x985.jpg 768w, https:\/\/www.diario5.com.ar\/wp-content\/uploads\/2021\/05\/estrella_concepcion20210503.jpg 850w\" sizes=\"(max-width: 799px) 100vw, 799px\" \/><\/p>\n<p><img decoding=\"async\" loading=\"lazy\" class=\"alignnone size-large wp-image-627296\" src=\"https:\/\/www.diario5.com.ar\/wp-content\/uploads\/2021\/05\/cronica_chillan20210503-724x1024.jpg\" width=\"724\" height=\"1024\" alt=\"El abril negro uruguayo\" title=\"El abril negro uruguayo\" srcset=\"https:\/\/www.diario5.com.ar\/wp-content\/uploads\/2021\/05\/cronica_chillan20210503-724x1024.jpg 724w, https:\/\/www.diario5.com.ar\/wp-content\/uploads\/2021\/05\/cronica_chillan20210503-212x300.jpg 212w, https:\/\/www.diario5.com.ar\/wp-content\/uploads\/2021\/05\/cronica_chillan20210503-768x1086.jpg 768w, https:\/\/www.diario5.com.ar\/wp-content\/uploads\/2021\/05\/cronica_chillan20210503.jpg 850w\" sizes=\"(max-width: 724px) 100vw, 724px\" \/><\/p>\n<p><img decoding=\"async\" src=\"https:\/\/diario5.com.ar\/imgtapas\/05\/03\/cl\/austral_temuco.jpg\"><\/p>\n<p><img decoding=\"async\" src=\"https:\/\/diario5.com.ar\/imgtapas\/05\/03\/cl\/austral_osorno.jpg\"><\/p>\n<p><img decoding=\"async\" src=\"https:\/\/diario5.com.ar\/imgtapas\/05\/03\/cl\/llanquihue.jpg\"><\/p>\n<p><img decoding=\"async\" loading=\"lazy\" class=\"alignnone size-large wp-image-627297\" src=\"https:\/\/www.diario5.com.ar\/wp-content\/uploads\/2021\/05\/cl_divisadero20210503-688x1024.jpg\" width=\"688\" height=\"1024\" alt=\"El abril negro uruguayo\" title=\"El abril negro uruguayo\" srcset=\"https:\/\/www.diario5.com.ar\/wp-content\/uploads\/2021\/05\/cl_divisadero20210503-688x1024.jpg 688w, https:\/\/www.diario5.com.ar\/wp-content\/uploads\/2021\/05\/cl_divisadero20210503-202x300.jpg 202w, https:\/\/www.diario5.com.ar\/wp-content\/uploads\/2021\/05\/cl_divisadero20210503-768x1143.jpg 768w, https:\/\/www.diario5.com.ar\/wp-content\/uploads\/2021\/05\/cl_divisadero20210503.jpg 850w\" sizes=\"(max-width: 688px) 100vw, 688px\" \/><\/p>\n<p><img decoding=\"async\" loading=\"lazy\" class=\"alignnone size-large wp-image-628114\" src=\"https:\/\/www.diario5.com.ar\/wp-content\/uploads\/2021\/05\/cl_prensa_austral20210522-778x1024.jpg\" width=\"778\" height=\"1024\" srcset=\"https:\/\/www.diario5.com.ar\/wp-content\/uploads\/2021\/05\/cl_prensa_austral20210522-778x1024.jpg 778w, https:\/\/www.diario5.com.ar\/wp-content\/uploads\/2021\/05\/cl_prensa_austral20210522-228x300.jpg 228w, https:\/\/www.diario5.com.ar\/wp-content\/uploads\/2021\/05\/cl_prensa_austral20210522-768x1011.jpg 768w, https:\/\/www.diario5.com.ar\/wp-content\/uploads\/2021\/05\/cl_prensa_austral20210522.jpg 814w\" sizes=\"(max-width: 778px) 100vw, 778px\" \/><\/p>\n<p><img decoding=\"async\" loading=\"lazy\" class=\"alignnone size-large wp-image-628115\" src=\"https:\/\/www.diario5.com.ar\/wp-content\/uploads\/2021\/05\/pinguino20210522-763x1024.jpg\" width=\"763\" height=\"1024\" srcset=\"https:\/\/www.diario5.com.ar\/wp-content\/uploads\/2021\/05\/pinguino20210522-763x1024.jpg 763w, https:\/\/www.diario5.com.ar\/wp-content\/uploads\/2021\/05\/pinguino20210522-223x300.jpg 223w, https:\/\/www.diario5.com.ar\/wp-content\/uploads\/2021\/05\/pinguino20210522-768x1031.jpg 768w, https:\/\/www.diario5.com.ar\/wp-content\/uploads\/2021\/05\/pinguino20210522.jpg 850w\" sizes=\"(max-width: 763px) 100vw, 763px\" \/><\/p>\n<p>&#8212;&#8211;<\/p>\n<p><img decoding=\"async\" src=\"https:\/\/diario5.com.ar\/imgtapas\/05\/03\/cl\/austral_valdivia.jpg\"><\/p>\n<p><img decoding=\"async\" loading=\"lazy\" class=\"alignnone size-large wp-image-627298\" src=\"https:\/\/www.diario5.com.ar\/wp-content\/uploads\/2021\/05\/estrella_arica20210503-808x1024.jpg\" width=\"808\" height=\"1024\" alt=\"El abril negro uruguayo\" title=\"El abril negro uruguayo\" srcset=\"https:\/\/www.diario5.com.ar\/wp-content\/uploads\/2021\/05\/estrella_arica20210503-808x1024.jpg 808w, https:\/\/www.diario5.com.ar\/wp-content\/uploads\/2021\/05\/estrella_arica20210503-237x300.jpg 237w, https:\/\/www.diario5.com.ar\/wp-content\/uploads\/2021\/05\/estrella_arica20210503-768x973.jpg 768w, https:\/\/www.diario5.com.ar\/wp-content\/uploads\/2021\/05\/estrella_arica20210503.jpg 850w\" sizes=\"(max-width: 808px) 100vw, 808px\" \/><\/p>\n<p>COLOMBIA<\/p>\n<p><img decoding=\"async\" loading=\"lazy\" class=\"alignnone size-large wp-image-627299\" src=\"https:\/\/www.diario5.com.ar\/wp-content\/uploads\/2021\/05\/co_espectador20210503-707x1024.jpg\" width=\"707\" height=\"1024\" alt=\"El abril negro uruguayo\" title=\"El abril negro uruguayo\" srcset=\"https:\/\/www.diario5.com.ar\/wp-content\/uploads\/2021\/05\/co_espectador20210503-707x1024.jpg 707w, https:\/\/www.diario5.com.ar\/wp-content\/uploads\/2021\/05\/co_espectador20210503-207x300.jpg 207w, https:\/\/www.diario5.com.ar\/wp-content\/uploads\/2021\/05\/co_espectador20210503.jpg 764w\" sizes=\"(max-width: 707px) 100vw, 707px\" \/><\/p>\n<p><img decoding=\"async\" loading=\"lazy\" class=\"alignnone size-full wp-image-628116\" src=\"https:\/\/www.diario5.com.ar\/wp-content\/uploads\/2021\/05\/co_adn_bogota20210522.jpg\" width=\"850\" height=\"1016\" srcset=\"https:\/\/www.diario5.com.ar\/wp-content\/uploads\/2021\/05\/co_adn_bogota20210522.jpg 850w, https:\/\/www.diario5.com.ar\/wp-content\/uploads\/2021\/05\/co_adn_bogota20210522-251x300.jpg 251w, https:\/\/www.diario5.com.ar\/wp-content\/uploads\/2021\/05\/co_adn_bogota20210522-768x918.jpg 768w\" sizes=\"(max-width: 850px) 100vw, 850px\" \/><\/p>\n<p>Barranquilla<br \/>\n<img decoding=\"async\" loading=\"lazy\" class=\"alignnone size-large wp-image-627300\" src=\"https:\/\/www.diario5.com.ar\/wp-content\/uploads\/2021\/05\/co_heraldo20210503-514x1024.jpg\" width=\"514\" height=\"1024\" alt=\"El abril negro uruguayo\" title=\"El abril negro uruguayo\" srcset=\"https:\/\/www.diario5.com.ar\/wp-content\/uploads\/2021\/05\/co_heraldo20210503-514x1024.jpg 514w, https:\/\/www.diario5.com.ar\/wp-content\/uploads\/2021\/05\/co_heraldo20210503-151x300.jpg 151w, https:\/\/www.diario5.com.ar\/wp-content\/uploads\/2021\/05\/co_heraldo20210503.jpg 764w\" sizes=\"(max-width: 514px) 100vw, 514px\" \/><\/p>\n<p>Cali<br \/>\n<img decoding=\"async\" loading=\"lazy\" class=\"alignnone size-large wp-image-627301\" src=\"https:\/\/www.diario5.com.ar\/wp-content\/uploads\/2021\/05\/co_elpais20210503-552x1024.jpg\" width=\"552\" height=\"1024\" alt=\"El abril negro uruguayo\" title=\"El abril negro uruguayo\" srcset=\"https:\/\/www.diario5.com.ar\/wp-content\/uploads\/2021\/05\/co_elpais20210503-552x1024.jpg 552w, https:\/\/www.diario5.com.ar\/wp-content\/uploads\/2021\/05\/co_elpais20210503-162x300.jpg 162w, https:\/\/www.diario5.com.ar\/wp-content\/uploads\/2021\/05\/co_elpais20210503.jpg 764w\" sizes=\"(max-width: 552px) 100vw, 552px\" \/><\/p>\n<p><img decoding=\"async\" src=\"https:\/\/diario5.com.ar\/imgtapas\/05\/03\/co\/co_adn_cali.jpg\u201d\" \/><\/p>\n<p>Cartagena<br \/>\n<img decoding=\"async\" loading=\"lazy\" class=\"alignnone size-large wp-image-627302\" src=\"https:\/\/www.diario5.com.ar\/wp-content\/uploads\/2021\/05\/co_universal20210503-508x1024.jpg\" width=\"508\" height=\"1024\" alt=\"El abril negro uruguayo\" title=\"El abril negro uruguayo\" srcset=\"https:\/\/www.diario5.com.ar\/wp-content\/uploads\/2021\/05\/co_universal20210503-508x1024.jpg 508w, https:\/\/www.diario5.com.ar\/wp-content\/uploads\/2021\/05\/co_universal20210503-149x300.jpg 149w, https:\/\/www.diario5.com.ar\/wp-content\/uploads\/2021\/05\/co_universal20210503-768x1548.jpg 768w, https:\/\/www.diario5.com.ar\/wp-content\/uploads\/2021\/05\/co_universal20210503-762x1536.jpg 762w, https:\/\/www.diario5.com.ar\/wp-content\/uploads\/2021\/05\/co_universal20210503.jpg 850w\" sizes=\"(max-width: 508px) 100vw, 508px\" \/><\/p>\n<p>Manizales<br \/>\n<img decoding=\"async\" loading=\"lazy\" class=\"alignnone size-full wp-image-628117\" src=\"https:\/\/www.diario5.com.ar\/wp-content\/uploads\/2021\/05\/co_patria20210522.jpg\" width=\"764\" height=\"981\" srcset=\"https:\/\/www.diario5.com.ar\/wp-content\/uploads\/2021\/05\/co_patria20210522.jpg 764w, https:\/\/www.diario5.com.ar\/wp-content\/uploads\/2021\/05\/co_patria20210522-234x300.jpg 234w\" sizes=\"(max-width: 764px) 100vw, 764px\" \/><\/p>\n<p>Medell\u00edn<br \/>\n<img decoding=\"async\" loading=\"lazy\" class=\"alignnone size-large wp-image-627303\" src=\"https:\/\/www.diario5.com.ar\/wp-content\/uploads\/2021\/05\/co_elcolombiano20210503-723x1024.jpg\" width=\"723\" height=\"1024\" alt=\"El abril negro uruguayo\" title=\"El abril negro uruguayo\" srcset=\"https:\/\/www.diario5.com.ar\/wp-content\/uploads\/2021\/05\/co_elcolombiano20210503-723x1024.jpg 723w, https:\/\/www.diario5.com.ar\/wp-content\/uploads\/2021\/05\/co_elcolombiano20210503-212x300.jpg 212w, https:\/\/www.diario5.com.ar\/wp-content\/uploads\/2021\/05\/co_elcolombiano20210503.jpg 764w\" sizes=\"(max-width: 723px) 100vw, 723px\" \/><\/p>\n<p><img decoding=\"async\" loading=\"lazy\" class=\"alignnone size-full wp-image-628118\" src=\"https:\/\/www.diario5.com.ar\/wp-content\/uploads\/2021\/05\/co_adn_medellin20210522.jpg\" width=\"850\" height=\"1016\" srcset=\"https:\/\/www.diario5.com.ar\/wp-content\/uploads\/2021\/05\/co_adn_medellin20210522.jpg 850w, https:\/\/www.diario5.com.ar\/wp-content\/uploads\/2021\/05\/co_adn_medellin20210522-251x300.jpg 251w, https:\/\/www.diario5.com.ar\/wp-content\/uploads\/2021\/05\/co_adn_medellin20210522-768x918.jpg 768w\" sizes=\"(max-width: 850px) 100vw, 850px\" \/><\/p>\n<p>Santa Marta<br \/>\n<img decoding=\"async\" loading=\"lazy\" class=\"alignnone size-large wp-image-628119\" src=\"https:\/\/www.diario5.com.ar\/wp-content\/uploads\/2021\/05\/co_diario_magdalena20210522-548x1024.jpg\" width=\"548\" height=\"1024\" srcset=\"https:\/\/www.diario5.com.ar\/wp-content\/uploads\/2021\/05\/co_diario_magdalena20210522-548x1024.jpg 548w, https:\/\/www.diario5.com.ar\/wp-content\/uploads\/2021\/05\/co_diario_magdalena20210522-161x300.jpg 161w, https:\/\/www.diario5.com.ar\/wp-content\/uploads\/2021\/05\/co_diario_magdalena20210522-768x1434.jpg 768w, https:\/\/www.diario5.com.ar\/wp-content\/uploads\/2021\/05\/co_diario_magdalena20210522-823x1536.jpg 823w, https:\/\/www.diario5.com.ar\/wp-content\/uploads\/2021\/05\/co_diario_magdalena20210522.jpg 850w\" sizes=\"(max-width: 548px) 100vw, 548px\" \/><\/p>\n<p>","protected":false},"excerpt":{"rendered":"<p>El n\u00famero de fallecidos en un mes duplica el registrado en todo un a\u00f1o. El hist\u00f3rico candombe \u00abAdi\u00f3n Juventud\u00bb reza repetidamente en su cierre \u00ab&#8230;parece mentira las cosas que veo por las calles de Montevideo\u00bb. Y de golpe, esa premisa que naci\u00f3 jugando en la inspiraci\u00f3n de Jaime Roos y energizada por la poderosa murga [&hellip;]<\/p>","protected":false},"author":1,"featured_media":627278,"comment_status":"open","ping_status":"open","sticky":false,"template":"","format":"standard","meta":[],"categories":[1],"tags":[],"series":[],"_links":{"self":[{"href":"https:\/\/www.diario5.com.ar\/es\/wp-json\/wp\/v2\/posts\/627232"}],"collection":[{"href":"https:\/\/www.diario5.com.ar\/es\/wp-json\/wp\/v2\/posts"}],"about":[{"href":"https:\/\/www.diario5.com.ar\/es\/wp-json\/wp\/v2\/types\/post"}],"author":[{"embeddable":true,"href":"https:\/\/www.diario5.com.ar\/es\/wp-json\/wp\/v2\/users\/1"}],"replies":[{"embeddable":true,"href":"https:\/\/www.diario5.com.ar\/es\/wp-json\/wp\/v2\/comments?post=627232"}],"version-history":[{"count":5,"href":"https:\/\/www.diario5.com.ar\/es\/wp-json\/wp\/v2\/posts\/627232\/revisions"}],"predecessor-version":[{"id":628120,"href":"https:\/\/www.diario5.com.ar\/es\/wp-json\/wp\/v2\/posts\/627232\/revisions\/628120"}],"wp:featuredmedia":[{"embeddable":true,"href":"https:\/\/www.diario5.com.ar\/es\/wp-json\/wp\/v2\/media\/627278"}],"wp:attachment":[{"href":"https:\/\/www.diario5.com.ar\/es\/wp-json\/wp\/v2\/media?parent=627232"}],"wp:term":[{"taxonomy":"category","embeddable":true,"href":"https:\/\/www.diario5.com.ar\/es\/wp-json\/wp\/v2\/categories?post=627232"},{"taxonomy":"post_tag","embeddable":true,"href":"https:\/\/www.diario5.com.ar\/es\/wp-json\/wp\/v2\/tags?post=627232"},{"taxonomy":"series","embeddable":true,"href":"https:\/\/www.diario5.com.ar\/es\/wp-json\/wp\/v2\/series?post=627232"}],"curies":[{"name":"wp","href":"https:\/\/api.w.org\/{rel}","templated":true}]}}