{"id":627195,"date":"2021-04-26T18:42:00","date_gmt":"2021-04-26T21:42:00","guid":{"rendered":"https:\/\/www.diario5.com.ar\/aldosivi-tuvo-su-premio-y-corto-la-mala-racha-con-el-triunfo-ante-platense\/"},"modified":"2021-05-22T15:36:10","modified_gmt":"2021-05-22T18:36:10","slug":"aldosivi-tuvo-su-premio-y-corto-la-mala-racha-con-el-triunfo-ante-platense","status":"publish","type":"post","link":"https:\/\/www.diario5.com.ar\/es\/aldosivi-tuvo-su-premio-y-corto-la-mala-racha-con-el-triunfo-ante-platense\/","title":{"rendered":"Aldosivi tuvo su premio y cort\u00f3 la mala racha con el triunfo ante Platense"},"content":{"rendered":"<h2 class=\"sub-title-primary\"><\/h2> <p><!--googleoff: index--><\/p>\n<div>El cotejo entre el Calamar y el Tibur\u00f3n, correspondiente a la zona A, se jugar\u00e1 desde las 15.45 en el estadio Ciudad de Vicente L\u00f3pez, con arbitraje de Pablo Gim\u00e9nez (debut en Primera Divisi\u00f3n) y transmisi\u00f3n de TNT Sports.<\/div>\n<p><!--googleon: index>\n<\/p>","protected":false},"excerpt":{"rendered":"<p>El cotejo entre el Calamar y el Tibur\u00f3n, correspondiente a la zona A, se jugar\u00e1 desde las 15.45 en el estadio Ciudad de Vicente L\u00f3pez, con arbitraje de Pablo Gim\u00e9nez (debut en Primera Divisi\u00f3n) y transmisi\u00f3n de TNT Sports.<\/p>","protected":false},"author":8,"featured_media":0,"comment_status":"closed","ping_status":"closed","sticky":false,"template":"","format":"standard","meta":[],"categories":[7],"tags":[],"series":[],"_links":{"self":[{"href":"https:\/\/www.diario5.com.ar\/es\/wp-json\/wp\/v2\/posts\/627195"}],"collection":[{"href":"https:\/\/www.diario5.com.ar\/es\/wp-json\/wp\/v2\/posts"}],"about":[{"href":"https:\/\/www.diario5.com.ar\/es\/wp-json\/wp\/v2\/types\/post"}],"author":[{"embeddable":true,"href":"https:\/\/www.diario5.com.ar\/es\/wp-json\/wp\/v2\/users\/8"}],"replies":[{"embeddable":true,"href":"https:\/\/www.diario5.com.ar\/es\/wp-json\/wp\/v2\/comments?post=627195"}],"version-history":[{"count":1,"href":"https:\/\/www.diario5.com.ar\/es\/wp-json\/wp\/v2\/posts\/627195\/revisions"}],"predecessor-version":[{"id":627988,"href":"https:\/\/www.diario5.com.ar\/es\/wp-json\/wp\/v2\/posts\/627195\/revisions\/627988"}],"wp:attachment":[{"href":"https:\/\/www.diario5.com.ar\/es\/wp-json\/wp\/v2\/media?parent=627195"}],"wp:term":[{"taxonomy":"category","embeddable":true,"href":"https:\/\/www.diario5.com.ar\/es\/wp-json\/wp\/v2\/categories?post=627195"},{"taxonomy":"post_tag","embeddable":true,"href":"https:\/\/www.diario5.com.ar\/es\/wp-json\/wp\/v2\/tags?post=627195"},{"taxonomy":"series","embeddable":true,"href":"https:\/\/www.diario5.com.ar\/es\/wp-json\/wp\/v2\/series?post=627195"}],"curies":[{"name":"wp","href":"https:\/\/api.w.org\/{rel}","templated":true}]}}