{"id":627107,"date":"2021-04-28T10:02:48","date_gmt":"2021-04-28T13:02:48","guid":{"rendered":"https:\/\/www.diario5.com.ar\/10-propuestas-para-aprender-desde-casa-y-lanzarse-a-la-aventura-creativa\/"},"modified":"2021-05-22T15:35:36","modified_gmt":"2021-05-22T18:35:36","slug":"10-propuestas-para-aprender-desde-casa-y-lanzarse-a-la-aventura-creativa","status":"publish","type":"post","link":"https:\/\/www.diario5.com.ar\/es\/10-propuestas-para-aprender-desde-casa-y-lanzarse-a-la-aventura-creativa\/","title":{"rendered":"Capacitaci\u00f3n: Valiosos cursos y talleres culturales"},"content":{"rendered":"<h2 class=\"sub-title-primary\"><\/h2> <div>\n<p>La cultura es mucho m\u00e1s que entretenimiento, es una herramienta para la vida que conecta a cada persona con su identidad y permite desarrollar las distintas potencialidades. Por eso, en un contexto tan peculiar como el presente, desempe\u00f1a un papel fundamental. Atento a ello, el Ministerio de Cultura porte\u00f1o, a trav\u00e9s de museos y espacios culturales de la Ciudad, sigue trazando puentes y buscando acercar contenido cultural que se pueda vivir de forma online, gratuita o accesible, con una gran variedad de talleres y capacitaciones culturales, que forman una ventana al aprendizaje, para seguir conectados con las distintas expresiones art\u00edsticas.<\/p>\n<p>Hay un amplio abanico de opciones para todas las edades. Desde historia del arte, literatura, gui\u00f3n y g\u00e9nero, filosof\u00eda, cine, producci\u00f3n de obras musicales, narrativa, escritura de poes\u00eda y canciones, hasta dibujo, pintura, reciclaje de ropa y objetos. Tambi\u00e9n un espacio para pensar la tem\u00e1tica ambiental de forma virtual y capacitaciones para aquellos interesados en el mundo editorial (prensa, organizaci\u00f3n de iniciativas online, c\u00f3mo funciona el mundo del libro en la era digital y pasos seguir para iniciar un proyecto de recomendaci\u00f3n literaria en redes).<\/p>\n<h3>Arte y literatura | Museo Moderno<\/h3>\n<p><strong>Una hermosa amistad: arte y literatura. Estrategias para trabajar en el aula.<\/strong> \u00bfC\u00f3mo se relacionan la literatura, la escritura y el arte en el aula? En este encuentro virtual se trabajar\u00e1 el v\u00ednculo entre las pr\u00e1cticas art\u00edsticas y la literatura a partir una selecci\u00f3n de obras y exhibiciones del Museo de Arte Moderno de Buenos Aires. Una invitaci\u00f3n a reflexionar sobre las categor\u00edas l\u00fadicas para otorgar a las curr\u00edculas escolares un real sentido pedag\u00f3gico y promover en los ni\u00f1os y ni\u00f1as la pr\u00e1ctica de leer, escribir y mirar. Actividad gratuita de modalidad virtual por plataforma Zoom, a cargo de Adriana Fern\u00e1ndez, con inscripci\u00f3n previa en museomoderno.org. Orientada a docentes, educadores, personas interesadas en el arte y en la literatura. D\u00eda y hora: Jueves 29 de abril de 17:00 a 18:00.<\/p>\n<p><strong>Seminario Permanente de Arte Argentino<\/strong>. El Museo de Arte Moderno de Buenos Aires, dependiente del Ministerio de Cultura de la Ciudad, anuncia el lanzamiento del Seminario Permanente de Arte Argentino -ciclo de cursos que exploran la colecci\u00f3n y las exposiciones del museo- que tendr\u00e1 lugar por tercer a\u00f1o consecutivo. La edici\u00f3n 2021 se realizar\u00e1 en siete m\u00f3dulos, entre los meses de mayo y diciembre, con modalidad virtual e inscripci\u00f3n previa y gratuita en <a href=\"https:\/\/www.museomoderno.org\/\">museomoderno.org<\/a>. Es un programa p\u00fablico desarrollado por el equipo educativo del museo, dirigido a todo p\u00fablico, dise\u00f1ado a partir de las tem\u00e1ticas y debates presentes en las exposiciones y el patrimonio de la instituci\u00f3n. Se desarrolla en forma de seminarios dictados por artistas y pensadores referentes de la escena local.<\/p>\n<p><strong>Mayo: M\u00f3dulo 1. Sobre lo nuevo. Escenas del arte en la Argentina de los a\u00f1os sesenta<\/strong>. Por Silvia Dolinko. Mi\u00e9rcoles 12, 19 y 26 de mayo, mi\u00e9rcoles 2 de junio. De 18:00 a 19:30.<br \/>\nSi en el arte del siglo XX existe una \u201ctradici\u00f3n de lo nuevo\u201d, marcada por las b\u00fasquedas de las vanguardias hist\u00f3ricas y la exploraci\u00f3n de po\u00e9ticas, materialidades, tecnolog\u00edas y estrategias de intervenci\u00f3n en lo social en un sentido amplio, el din\u00e1mico escenario de los a\u00f1os sesenta puede considerarse un momento clave de puesta en discusi\u00f3n de paradigmas art\u00edsticos y de cambios vertiginosos en lo que se refiere a la producci\u00f3n, visibilidad y legitimaci\u00f3n de las b\u00fasquedas experimentales. En la Argentina, tuvo lugar una escena expandida en torno a \u201clo nuevo\u201d, vinculada con diversas coyunturas locales y, a la vez, en relaci\u00f3n con una escena nacional e internacional signada por la renovaci\u00f3n y la ruptura de c\u00e1nones. Este curso abordar\u00e1 distintas l\u00edneas de problemas sobre el arte de los a\u00f1os sesenta, considerando las nuevas pr\u00e1cticas, po\u00e9ticas, instituciones, redes y materialidades de aquel entonces a partir del abordaje de algunos episodios desarrollados en Buenos Aires, La Plata, C\u00f3rdoba, Mendoza y Rosario. El curso, a cargo de Silvia Dolinko, contar\u00e1 con la participaci\u00f3n, como docentes invitados, de Agust\u00edn Dom\u00ednguez Pesce, Roxana Jorajuria y Nancy Rojas.<\/p>\n<hr \/>\n<h3>Taller de gui\u00f3n y g\u00e9nero | Centro Cultural Recoleta<\/h3>\n<p>Este taller virtual de gui\u00f3n con perspectiva de g\u00e9nero est\u00e1 orientado a principiantes y a quienes quieran revisar conceptos te\u00f3ricos de escritura audiovisual con una mirada feminista. El objetivo es que lxs participantes aprendan herramientas b\u00e1sicas para escribir un gui\u00f3n audiovisual, haciendo foco en la construcci\u00f3n de personajes y en las estructuras dram\u00e1ticas no estereotipadas. Se analizar\u00e1n fragmentos de pel\u00edculas, cortometrajes y series para identificar patrones sexistas. La meta es que cada participante finalice el taller con un desarrollo de proyecto s\u00f3lido. Docentes: Maitena Minella y Florencia Tundis. D\u00edas y horarios: Mi\u00e9rcoles de 18.30 a 20.30 h. Del 05\/05 al 23\/06. Inscripci\u00f3n previa y m\u00e1s informaci\u00f3n: <a href=\"http:\/\/www.centroculturalrecoleta.org\/talleres\/taller-de-guion-y-genero\">Centro Cultural Recoleta.<\/a><\/p>\n<hr \/>\n<h3>Capacitaciones sobre el mundo editorial | Impulso Digital<\/h3>\n<p>Impulso Digital presenta nuevos m\u00f3dulos virtuales destinados a quienes est\u00e9n interesados en el \u00e1rea editorial. La inscripci\u00f3n es gratuita y est\u00e1 abierta a hacedores de todo el pa\u00eds. La cursada de los m\u00f3dulos tiene una modalidad asincr\u00f3nica y puede realizarse en cualquier momento y lugar, accediendo a la plataforma del programa. \u00bfC\u00f3mo inscribirse? Una vez generado el usuario, se dar\u00e1 acceso a los m\u00f3dulos a trav\u00e9s de un correo electr\u00f3nico. Adem\u00e1s, en la plataforma se encontrar\u00e1n disponibles todos los m\u00f3dulos anteriores de Impulso Digital, el programa transversal sobre proyectos en el entorno digital y aquellos espec\u00edficos del mundo editorial, audiovisual, editorial, las artes esc\u00e9nicas y visuales, junto con una importante secci\u00f3n sobre derechos autorales en la era digital.<\/p>\n<ul>\n<li><strong>Festivales literarios en la era digital (y en contexto de pandemia)<\/strong>. Por qu\u00e9, para qu\u00e9 y para qui\u00e9n mudarse al lenguaje digital al organizar un festival de literatura. Semejanzas y diferencias en los lenguajes y formatos presencial y virtual. C\u00f3mo trabajar con infancias en la era de la virtualidad. Por Amalia Sanz, Larisa Chausovsky, Mar\u00eda Luj\u00e1n Picabea y Victoria Rodr\u00edguez Lacrouts.<\/li>\n<li><strong>Nuevas formas de comunicaci\u00f3n en el mundo del libro. Estrategias para una gesti\u00f3n de prensa inteligente<\/strong>. La importancia de comunicar de forma creativa a trav\u00e9s de tres preguntas b\u00e1sicas: a qui\u00e9n dirigirse, qu\u00e9 decirle y c\u00f3mo. La importancia del armado de una buena base de datos. Recorre distintas herramientas que ayudan a optimizar los tiempos y a mejorar la organizaci\u00f3n. Por Sebasti\u00e1n Lidijover.<\/li>\n<li><strong>C\u00f3mo leer (y entender) el mercado del libro en la era digital<\/strong>. El m\u00f3dulo aborda el mercado del libro en Argentina: \u00bfd\u00f3nde, c\u00f3mo y qu\u00e9 libros se venden? \u00bfC\u00f3mo entender los nichos del mercado y sus jugadores? Concentraci\u00f3n editorial y jugadores \u201cindependientes\u201d. Nuevos formatos digitales y nuevas formas de comercializar. E-books y audiolibros. Por Antonio Santa Ana.<\/li>\n<li><strong>Nuevos canales para la recomendaci\u00f3n de libros. Influencers, bookstagrammers y tiktokeros<\/strong>. Los primeros pasos para arrancar un proyecto de recomendaci\u00f3n, brinda herramientas para la creaci\u00f3n de contenido y analiza tendencias en redes sociales. Por Maru Drozd.<\/li>\n<\/ul>\n<p><a href=\"http:\/\/www.buenosaires.gob.ar\/cultura\/impulso-cultural\/noticias\/celebra-el-dia-del-libro-junto-impulso-digital\">Inscripciones y m\u00e1s informaci\u00f3n<\/a><\/p>\n<hr \/>\n<h3>En el Blanco: El poder de la imagen en el arte hispanoamericano | Museos BA<\/h3>\n<p>El lunes 3 de mayo a las 17, en el marco del ciclo Red Wifi: Aprende con MuseosBA, se realizar\u00e1 el primer encuentro de En el Blanco: El poder de la imagen en el arte hispanoamericano a cargo de Florencia Fullana del Museo de Arte Hispanomericano Isaac Fern\u00e1ndez Blanco. Se trabajar\u00e1 con fuentes de la \u00e9poca y bibliograf\u00eda espec\u00edfica para dialogar en torno al arte hispanoamericano, que si bien estuvo inspirado en fuentes iconogr\u00e1ficas y estilos de origen europeo, hoy es considerado un arte original, con rasgos propios y absolutamente distintivo del continente americano. El curso que consiste en cuatro encuentros todos los lunes a las 17, partir\u00e1 del an\u00e1lisis formal, t\u00e9cnico, iconogr\u00e1fico y sociohist\u00f3rico de algunas de las obras que forman parte del patrimonio del Museo. Inscripci\u00f3n previa a trav\u00e9s de la <a href=\"http:\/\/www.buenosaires.gob.ar\/cultura\/museos\/noticias\/red-wifi-aprendeconmuseosba\">web de Museos BA.<\/a><\/p>\n<hr \/>\n<h3>Taller de reciclaje de ropa y objetos | Centro Cultural Recoleta<\/h3>\n<p>Ideal para aquellos interesados en personalizar sus prendas y objetos de dise\u00f1o olvidados. En las clases se buscar\u00e1 concientizar, a trav\u00e9s de la pr\u00e1ctica de diferentes t\u00e9cnicas art\u00edsticas, sobre la sustentabilidad en moda y objetos de dise\u00f1o. Las clases apuntar\u00e1n a crear conciencia sobre el valor que tiene la restauraci\u00f3n y el reciclaje de prendas y objetos de dise\u00f1o. Se aprender\u00e1 a \u00abcustomizar\u00bb o personalizar prendas y objetos en desuso por medio de diferentes ejercicios y t\u00e9cnicas. Docente: Romina Fabbretti. D\u00edas y horarios: Jueves de 18.30 hs a 20.30 h. Del 22\/04 al 10\/06. Inscripci\u00f3n previa y m\u00e1s informaci\u00f3n: <a href=\"http:\/\/centroculturalrecoleta.org\/talleres\/taller-de-reciclaje-de-ropa-y-objetos\">Centro Cultural Recoleta.<\/a><\/p>\n<hr \/>\n<h3>Apuntes para pensar la mirada | Museos BA<\/h3>\n<p>El viernes 14 de mayo a las 17, se llevar\u00e1 a cabo la charla Apuntes para pensar la mirada a cargo de la profesora Mariana Sapriza Mor\u00e1n del Museo del Cine Pablo C. Ducr\u00f3s Hicken. El encuentro, que forma parte del ciclo Red Wifi: Aprende con MuseosBA, propone presentar distintas reflexiones que permitan detenerse a pensar en el acto de ver. La propuesta es considerar el mirar como una acci\u00f3n condicionada por nuestro contexto, nuestra sensibilidad y nuestras ganas de buscar nuevas imagenes. Se compartir\u00e1n trabajos fotogr\u00e1ficos, cinematogr\u00e1ficos e ideas de distintos pensadores que acompa\u00f1ar\u00e1n nuestro recorrido. Inscripci\u00f3n previa a trav\u00e9s de la <a href=\"http:\/\/www.buenosaires.gob.ar\/cultura\/museos\/noticias\/red-wifi-aprendeconmuseosba\">web de Museos BA.<\/a><\/p>\n<hr \/>\n<h3>Taller de poes\u00eda y canciones | Centro Cultural Recoleta<\/h3>\n<p>Este taller virtual combina poes\u00eda y composici\u00f3n con la intenci\u00f3n de que la lectura de diversxs autores funcione como fuente de inspiraci\u00f3n para la creaci\u00f3n de canciones. El taller ir\u00e1 alternando un encuentro te\u00f3rico y de lectura y otro encuentro pr\u00e1ctico de devoluci\u00f3n y escucha de las canciones compuestas a partir de las consignas que se desprender\u00e1n del acercamiento a po\u00e9ticas de autorxs como N\u00e9stor Perlongher, Marosa di Giorgio y Francisco Madariaga. Docentes: Florencia Mar\u00eda Labougle y Agust\u00edn Flores Mu\u00f1oz. D\u00edas y horarios: S\u00e1bados de 14 a 16 h. Del 08\/05 al 26\/6. Inscripci\u00f3n previa y m\u00e1s informaci\u00f3n: <a href=\"http:\/\/www.centroculturalrecoleta.org\/talleres\/taller-de-poesia-y-canciones\">Centro Cultural Recoleta.<\/a><\/p>\n<hr \/>\n<h3>Desde historia del arte, filosof\u00eda y cine, hasta actuaci\u00f3n, dibujo, canto y comedia musical | Centro Cultural 25 de Mayo<\/h3>\n<p>M\u00e1s de 20 talleres y cursos, para todas las edades, de modalidad anual y online, en la que cada docente decide la plataforma de conexi\u00f3n, para bucear entre el arte y la cultura. Las propuestas del Centro Cultural 25 de Mayo son para todos los gustos e intereses:<\/p>\n<ul>\n<li>Canto y comedia musical<\/li>\n<li>Fotograf\u00eda Digital Creativa<\/li>\n<li>Historia del arte<\/li>\n<li>Filosof\u00eda, Cine y Literatura<\/li>\n<li>Talleres de dibujo, dibujo animado y pintura<\/li>\n<li>Taller de lectura y escritura de narrativa<\/li>\n<li>Talleres de actuaci\u00f3n: teatro para adultos mayores y adolescentes.<\/li>\n<\/ul>\n<p><a href=\"https:\/\/cc25.org\/cursos-on-line\/\">M\u00e1s informaci\u00f3n<\/a><\/p>\n<hr \/>\n<h3>Pensar el ambiente en tiempos de crisis ecol\u00f3gica | Centro Cultural Recoleta<\/h3>\n<p>Este taller virtual es un espacio para reflexionar sobre tem\u00e1tica ambiental a partir de bibliograf\u00eda y material audiovisual seleccionado. La propuesta se basa en una caracterizaci\u00f3n de nuestro presente de colapso ecol\u00f3gico y en una revisi\u00f3n de las narrativas ambientales que intentan hacer frente a la crisis, dejando de lado el paradigma antropoc\u00e9ntrico para poder construir as\u00ed ambientes sanos y sustentables. Adem\u00e1s, se invita a la realizaci\u00f3n de una producci\u00f3n escrita o audiovisual en la que cada participante trabaje sobre las tem\u00e1ticas elaboradas. A cargo de Pablo Cosentino, Profesor de Filosof\u00eda egresado de la Facultad de Filosof\u00eda y Letras de la Universidad de Buenos Aires. No se requiere ning\u00fan conocimiento previo u otro tipo de requisito. D\u00edas y horarios: Viernes de 18:30 a 20:30 h. Del 07\/05 al 25\/06. Inscripci\u00f3n previa y m\u00e1s informaci\u00f3n: <a href=\"http:\/\/www.centroculturalrecoleta.org\/talleres\/pensar-el-ambiente-en-tiempos-de-crisis-ecologica\">Centro Cultural Recoleta.<\/a><\/p>\n<hr \/>\n<h3>Laboratorio Transdisciplinario de Creaci\u00f3n | Direcci\u00f3n General de Ense\u00f1anza Art\u00edstica<\/h3>\n<p>Pensado para estudiantes avanzados y egresados de carreras de artes esc\u00e9nicas y carreras de m\u00fasica, esta propuesta del Centro de Capacitaci\u00f3n Art\u00edstica y Profesional (CeCap) -cuyo fin es el de promover y desarrollar propuestas de formaci\u00f3n y perfeccionamiento art\u00edstico profesional de excelencia-, tiene como objetivo incentivar el cruce de disciplinas y concebir proyectos que pongan en crisis los formatos tradicionales de materializaci\u00f3n de obra. Los que est\u00e9n interesados en participar, podr\u00e1n encontrar la informaci\u00f3n para realizar la <a href=\"http:\/\/www.buenosaires.gob.ar\/cultura\/ensenanza-artistica\/noticias\/laboratorio-transdisciplinario-de-creacion\">inscripci\u00f3n en el siguiente link<\/a>, a trav\u00e9s de la Direcci\u00f3n General de Ense\u00f1anza Art\u00edstica (DGEART).<\/p>\n<\/div>","protected":false},"excerpt":{"rendered":"<p>La cultura es mucho m\u00e1s que entretenimiento, es una herramienta para la vida que conecta a cada persona con su identidad y permite desarrollar las distintas potencialidades. Por eso, en un contexto tan peculiar como el presente, desempe\u00f1a un papel fundamental. Atento a ello, el Ministerio de Cultura porte\u00f1o, a trav\u00e9s de museos y espacios [&hellip;]<\/p>","protected":false},"author":8,"featured_media":6665,"comment_status":"open","ping_status":"closed","sticky":false,"template":"","format":"standard","meta":[],"categories":[5],"tags":[],"series":[],"_links":{"self":[{"href":"https:\/\/www.diario5.com.ar\/es\/wp-json\/wp\/v2\/posts\/627107"}],"collection":[{"href":"https:\/\/www.diario5.com.ar\/es\/wp-json\/wp\/v2\/posts"}],"about":[{"href":"https:\/\/www.diario5.com.ar\/es\/wp-json\/wp\/v2\/types\/post"}],"author":[{"embeddable":true,"href":"https:\/\/www.diario5.com.ar\/es\/wp-json\/wp\/v2\/users\/8"}],"replies":[{"embeddable":true,"href":"https:\/\/www.diario5.com.ar\/es\/wp-json\/wp\/v2\/comments?post=627107"}],"version-history":[{"count":1,"href":"https:\/\/www.diario5.com.ar\/es\/wp-json\/wp\/v2\/posts\/627107\/revisions"}],"predecessor-version":[{"id":627182,"href":"https:\/\/www.diario5.com.ar\/es\/wp-json\/wp\/v2\/posts\/627107\/revisions\/627182"}],"wp:featuredmedia":[{"embeddable":true,"href":"https:\/\/www.diario5.com.ar\/es\/wp-json\/wp\/v2\/media\/6665"}],"wp:attachment":[{"href":"https:\/\/www.diario5.com.ar\/es\/wp-json\/wp\/v2\/media?parent=627107"}],"wp:term":[{"taxonomy":"category","embeddable":true,"href":"https:\/\/www.diario5.com.ar\/es\/wp-json\/wp\/v2\/categories?post=627107"},{"taxonomy":"post_tag","embeddable":true,"href":"https:\/\/www.diario5.com.ar\/es\/wp-json\/wp\/v2\/tags?post=627107"},{"taxonomy":"series","embeddable":true,"href":"https:\/\/www.diario5.com.ar\/es\/wp-json\/wp\/v2\/series?post=627107"}],"curies":[{"name":"wp","href":"https:\/\/api.w.org\/{rel}","templated":true}]}}