{"id":627045,"date":"2021-04-27T07:25:59","date_gmt":"2021-04-27T10:25:59","guid":{"rendered":"https:\/\/www.diario5.com.ar\/?p=627045"},"modified":"2021-05-22T15:36:09","modified_gmt":"2021-05-22T18:36:09","slug":"miradas-desde-la-region","status":"publish","type":"post","link":"https:\/\/www.diario5.com.ar\/es\/miradas-desde-la-region\/","title":{"rendered":"Miradas desde la regi\u00f3n"},"content":{"rendered":"<h2 class=\"sub-title-primary\"><\/h2> <p>Algunas voces que expresan la enorme preocupaci\u00f3n que significa este momento de la pandemia. Hoy, con diarios del Uruguay, de Chile y colombia. El reflejo de una pesadilla que, cuando err\u00f3neamente desde algunos \u00e1mbitos se crey\u00f3 superada, vino por su revancha y est\u00e1 dominando ampliamente el oto\u00f1o del hemisferio Sur.<\/p>\n<p>Uruguay<br \/>\n<img decoding=\"async\" loading=\"lazy\" class=\"alignnone size-large wp-image-627056\" title=\"Miradas desde la regi\u00f3n\" src=\"https:\/\/www.diario5.com.ar\/wp-content\/uploads\/2021\/04\/uy_republica20210427-696x1024.jpg\" alt=\"Miradas desde la regi\u00f3n\" width=\"696\" height=\"1024\" srcset=\"https:\/\/www.diario5.com.ar\/wp-content\/uploads\/2021\/04\/uy_republica20210427-696x1024.jpg 696w, https:\/\/www.diario5.com.ar\/wp-content\/uploads\/2021\/04\/uy_republica20210427-204x300.jpg 204w, https:\/\/www.diario5.com.ar\/wp-content\/uploads\/2021\/04\/uy_republica20210427-768x1129.jpg 768w, https:\/\/www.diario5.com.ar\/wp-content\/uploads\/2021\/04\/uy_republica20210427.jpg 850w\" sizes=\"(max-width: 696px) 100vw, 696px\" \/><\/p>\n<p><img decoding=\"async\" loading=\"lazy\" class=\"alignnone size-full wp-image-627058\" title=\"Miradas desde la regi\u00f3n\" src=\"https:\/\/www.diario5.com.ar\/wp-content\/uploads\/2021\/04\/uy_ladiaria20210427.jpg\" alt=\"Miradas desde la regi\u00f3n\" width=\"764\" height=\"914\" srcset=\"https:\/\/www.diario5.com.ar\/wp-content\/uploads\/2021\/04\/uy_ladiaria20210427.jpg 764w, https:\/\/www.diario5.com.ar\/wp-content\/uploads\/2021\/04\/uy_ladiaria20210427-251x300.jpg 251w\" sizes=\"(max-width: 764px) 100vw, 764px\" \/><\/p>\n<p><img decoding=\"async\" loading=\"lazy\" class=\"alignnone size-large wp-image-627059\" title=\"Miradas desde la regi\u00f3n\" src=\"https:\/\/www.diario5.com.ar\/wp-content\/uploads\/2021\/04\/uy_observador20210427-688x1024.jpg\" alt=\"Miradas desde la regi\u00f3n\" width=\"688\" height=\"1024\" srcset=\"https:\/\/www.diario5.com.ar\/wp-content\/uploads\/2021\/04\/uy_observador20210427-688x1024.jpg 688w, https:\/\/www.diario5.com.ar\/wp-content\/uploads\/2021\/04\/uy_observador20210427-202x300.jpg 202w, https:\/\/www.diario5.com.ar\/wp-content\/uploads\/2021\/04\/uy_observador20210427-768x1143.jpg 768w, https:\/\/www.diario5.com.ar\/wp-content\/uploads\/2021\/04\/uy_observador20210427.jpg 850w\" sizes=\"(max-width: 688px) 100vw, 688px\" \/><\/p>\n<p>Chile<br \/>\n<img decoding=\"async\" loading=\"lazy\" class=\"alignnone size-full wp-image-627060\" title=\"Miradas desde la regi\u00f3n\" src=\"https:\/\/www.diario5.com.ar\/wp-content\/uploads\/2021\/04\/cl_ultimas_noticias20210427.jpg\" alt=\"Miradas desde la regi\u00f3n\" width=\"792\" height=\"976\" srcset=\"https:\/\/www.diario5.com.ar\/wp-content\/uploads\/2021\/04\/cl_ultimas_noticias20210427.jpg 792w, https:\/\/www.diario5.com.ar\/wp-content\/uploads\/2021\/04\/cl_ultimas_noticias20210427-243x300.jpg 243w, https:\/\/www.diario5.com.ar\/wp-content\/uploads\/2021\/04\/cl_ultimas_noticias20210427-768x946.jpg 768w\" sizes=\"(max-width: 792px) 100vw, 792px\" \/><\/p>\n<p>Regiones chilenas<br \/>\nI<br \/>\n<img decoding=\"async\" loading=\"lazy\" class=\"alignnone size-large wp-image-627064\" src=\"https:\/\/www.diario5.com.ar\/wp-content\/uploads\/2021\/04\/estrella_norte20210427-802x1024.jpg\" width=\"802\" height=\"1024\" alt=\"Miradas desde la regi\u00f3n\" title=\"Miradas desde la regi\u00f3n\" srcset=\"https:\/\/www.diario5.com.ar\/wp-content\/uploads\/2021\/04\/estrella_norte20210427-802x1024.jpg 802w, https:\/\/www.diario5.com.ar\/wp-content\/uploads\/2021\/04\/estrella_norte20210427-235x300.jpg 235w, https:\/\/www.diario5.com.ar\/wp-content\/uploads\/2021\/04\/estrella_norte20210427-768x980.jpg 768w, https:\/\/www.diario5.com.ar\/wp-content\/uploads\/2021\/04\/estrella_norte20210427.jpg 850w\" sizes=\"(max-width: 802px) 100vw, 802px\" \/><\/p>","protected":false},"excerpt":{"rendered":"<p>Algunas voces que expresan la enorme preocupaci\u00f3n que significa este momento de la pandemia. Hoy, con diarios del Uruguay, de Chile y colombia. El reflejo de una pesadilla que, cuando err\u00f3neamente desde algunos \u00e1mbitos se crey\u00f3 superada, vino por su revancha y est\u00e1 dominando ampliamente el oto\u00f1o del hemisferio Sur. Uruguay Chile Regiones chilenas I<\/p>","protected":false},"author":1,"featured_media":627056,"comment_status":"open","ping_status":"open","sticky":false,"template":"","format":"standard","meta":[],"categories":[1],"tags":[],"series":[],"_links":{"self":[{"href":"https:\/\/www.diario5.com.ar\/es\/wp-json\/wp\/v2\/posts\/627045"}],"collection":[{"href":"https:\/\/www.diario5.com.ar\/es\/wp-json\/wp\/v2\/posts"}],"about":[{"href":"https:\/\/www.diario5.com.ar\/es\/wp-json\/wp\/v2\/types\/post"}],"author":[{"embeddable":true,"href":"https:\/\/www.diario5.com.ar\/es\/wp-json\/wp\/v2\/users\/1"}],"replies":[{"embeddable":true,"href":"https:\/\/www.diario5.com.ar\/es\/wp-json\/wp\/v2\/comments?post=627045"}],"version-history":[{"count":8,"href":"https:\/\/www.diario5.com.ar\/es\/wp-json\/wp\/v2\/posts\/627045\/revisions"}],"predecessor-version":[{"id":627054,"href":"https:\/\/www.diario5.com.ar\/es\/wp-json\/wp\/v2\/posts\/627045\/revisions\/627054"}],"wp:featuredmedia":[{"embeddable":true,"href":"https:\/\/www.diario5.com.ar\/es\/wp-json\/wp\/v2\/media\/627056"}],"wp:attachment":[{"href":"https:\/\/www.diario5.com.ar\/es\/wp-json\/wp\/v2\/media?parent=627045"}],"wp:term":[{"taxonomy":"category","embeddable":true,"href":"https:\/\/www.diario5.com.ar\/es\/wp-json\/wp\/v2\/categories?post=627045"},{"taxonomy":"post_tag","embeddable":true,"href":"https:\/\/www.diario5.com.ar\/es\/wp-json\/wp\/v2\/tags?post=627045"},{"taxonomy":"series","embeddable":true,"href":"https:\/\/www.diario5.com.ar\/es\/wp-json\/wp\/v2\/series?post=627045"}],"curies":[{"name":"wp","href":"https:\/\/api.w.org\/{rel}","templated":true}]}}