{"id":626966,"date":"2021-04-24T10:37:40","date_gmt":"2021-04-24T13:37:40","guid":{"rendered":"https:\/\/www.diario5.com.ar\/?p=626966"},"modified":"2021-05-22T15:36:36","modified_gmt":"2021-05-22T18:36:36","slug":"ciudad-80-de-ocupacion-de-camas","status":"publish","type":"post","link":"https:\/\/www.diario5.com.ar\/es\/ciudad-80-de-ocupacion-de-camas\/","title":{"rendered":"Ciudad: 80% de ocupaci\u00f3n de camas"},"content":{"rendered":"<h2 class=\"sub-title-primary\">Un momento para mantener los dientes apretados. Todos los n\u00fameros malos crecen y los esperables siguen en espera.<\/h2> <p>Al d\u00eda de hoy, un total de 2.869 nuevos casos de coronavirus y 43 fallecidos fueron reportados en las \u00faltimas 24 horas en la ciudad de Buenos Aires, lo que elev\u00f3 a 320.712 el n\u00famero de contagiados y a 7.803 el de fallecidos en el distrito desde la llegada de la pandemia.<\/p>\n<p>En tanto, la ocupaci\u00f3n de camas de terapia intensiva en el sector p\u00fablico era este s\u00e1bado del 79,7%, inform\u00f3 el Ministerio de Salud porte\u00f1o en el parte diario de la situaci\u00f3n sanitaria.<\/p>\n<p>Adem\u00e1s, precis\u00f3 que en el sistema de salud p\u00fablico est\u00e1n ocupadas actualmente 359 camas con pacientes en estado de gravedad, sobre un total de 450 disponibles para pacientes en esta situaci\u00f3n.<\/p>\n<p><img decoding=\"async\" loading=\"lazy\" class=\"alignnone size-large wp-image-626967\" src=\"https:\/\/www.diario5.com.ar\/wp-content\/uploads\/2021\/04\/ar_eldia20210424-686x1024.jpg\" width=\"686\" height=\"1024\" alt=\"Ciudad: 80% de ocupaci\u00f3n de camas\" title=\"Ciudad: 80% de ocupaci\u00f3n de camas\" srcset=\"https:\/\/www.diario5.com.ar\/wp-content\/uploads\/2021\/04\/ar_eldia20210424-686x1024.jpg 686w, https:\/\/www.diario5.com.ar\/wp-content\/uploads\/2021\/04\/ar_eldia20210424-201x300.jpg 201w, https:\/\/www.diario5.com.ar\/wp-content\/uploads\/2021\/04\/ar_eldia20210424-768x1147.jpg 768w, https:\/\/www.diario5.com.ar\/wp-content\/uploads\/2021\/04\/ar_eldia20210424.jpg 850w\" sizes=\"(max-width: 686px) 100vw, 686px\" \/><br \/>\n<img decoding=\"async\" src=\"https:\/\/diario5.com.ar\/imgtapas\/04\/24\/ar\/ar_democracia.jpg\" \/><br \/>\n<img decoding=\"async\" src=\"https:\/\/diario5.com.ar\/imgtapas\/04\/24\/ar\/ar_epoca.jpg\" \/><br \/>\n<img decoding=\"async\" loading=\"lazy\" class=\"alignnone size-large wp-image-626968\" src=\"https:\/\/www.diario5.com.ar\/wp-content\/uploads\/2021\/04\/la_capital20210424-758x1024.jpg\" width=\"758\" height=\"1024\" alt=\"Ciudad: 80% de ocupaci\u00f3n de camas\" title=\"Ciudad: 80% de ocupaci\u00f3n de camas\" srcset=\"https:\/\/www.diario5.com.ar\/wp-content\/uploads\/2021\/04\/la_capital20210424-758x1024.jpg 758w, https:\/\/www.diario5.com.ar\/wp-content\/uploads\/2021\/04\/la_capital20210424-222x300.jpg 222w, https:\/\/www.diario5.com.ar\/wp-content\/uploads\/2021\/04\/la_capital20210424-768x1037.jpg 768w, https:\/\/www.diario5.com.ar\/wp-content\/uploads\/2021\/04\/la_capital20210424.jpg 850w\" sizes=\"(max-width: 758px) 100vw, 758px\" \/><br \/>\n<img decoding=\"async\" src=\"https:\/\/diario5.com.ar\/imgtapas\/04\/24\/ar\/esquiu.jpg\" \/><br \/>\n<img decoding=\"async\" loading=\"lazy\" class=\"alignnone size-large wp-image-626969\" src=\"https:\/\/www.diario5.com.ar\/wp-content\/uploads\/2021\/04\/ar_losandes20210424-731x1024.jpg\" width=\"731\" height=\"1024\" alt=\"Ciudad: 80% de ocupaci\u00f3n de camas\" title=\"Ciudad: 80% de ocupaci\u00f3n de camas\" srcset=\"https:\/\/www.diario5.com.ar\/wp-content\/uploads\/2021\/04\/ar_losandes20210424-731x1024.jpg 731w, https:\/\/www.diario5.com.ar\/wp-content\/uploads\/2021\/04\/ar_losandes20210424-214x300.jpg 214w, https:\/\/www.diario5.com.ar\/wp-content\/uploads\/2021\/04\/ar_losandes20210424.jpg 764w\" sizes=\"(max-width: 731px) 100vw, 731px\" \/><br \/>\n<img decoding=\"async\" src=\"https:\/\/diario5.com.ar\/imgtapas\/04\/24\/ar\/ar_diario_norte.jpg\" \/>  <img decoding=\"async\" src=\"http:\/\/edicionimpresa.diariocastellanos.net\/diario\/pages\/1.jpg\" \/><br \/>\n<img decoding=\"async\" loading=\"lazy\" class=\"alignnone size-large wp-image-626970\" src=\"https:\/\/www.diario5.com.ar\/wp-content\/uploads\/2021\/04\/ar_heraldo20210424-620x1024.jpg\" width=\"620\" height=\"1024\" alt=\"Ciudad: 80% de ocupaci\u00f3n de camas\" title=\"Ciudad: 80% de ocupaci\u00f3n de camas\" srcset=\"https:\/\/www.diario5.com.ar\/wp-content\/uploads\/2021\/04\/ar_heraldo20210424-620x1024.jpg 620w, https:\/\/www.diario5.com.ar\/wp-content\/uploads\/2021\/04\/ar_heraldo20210424-182x300.jpg 182w, https:\/\/www.diario5.com.ar\/wp-content\/uploads\/2021\/04\/ar_heraldo20210424.jpg 764w\" sizes=\"(max-width: 620px) 100vw, 620px\" \/><br \/>\n<img decoding=\"async\" loading=\"lazy\" class=\"alignnone size-large wp-image-626971\" src=\"https:\/\/www.diario5.com.ar\/wp-content\/uploads\/2021\/04\/ar_gaceta20210424-610x1024.jpg\" width=\"610\" height=\"1024\" alt=\"Ciudad: 80% de ocupaci\u00f3n de camas\" title=\"Ciudad: 80% de ocupaci\u00f3n de camas\" srcset=\"https:\/\/www.diario5.com.ar\/wp-content\/uploads\/2021\/04\/ar_gaceta20210424-610x1024.jpg 610w, https:\/\/www.diario5.com.ar\/wp-content\/uploads\/2021\/04\/ar_gaceta20210424-179x300.jpg 179w, https:\/\/www.diario5.com.ar\/wp-content\/uploads\/2021\/04\/ar_gaceta20210424-768x1288.jpg 768w, https:\/\/www.diario5.com.ar\/wp-content\/uploads\/2021\/04\/ar_gaceta20210424.jpg 850w\" sizes=\"(max-width: 610px) 100vw, 610px\" \/><\/p>","protected":false},"excerpt":{"rendered":"<p>Un momento para mantener los dientes apretados. Todos los n\u00fameros malos crecen y los esperables siguen en espera. Al d\u00eda de hoy, un total de 2.869 nuevos casos de coronavirus y 43 fallecidos fueron reportados en las \u00faltimas 24 horas en la ciudad de Buenos Aires, lo que elev\u00f3 a 320.712 el n\u00famero de contagiados [&hellip;]<\/p>","protected":false},"author":1,"featured_media":626967,"comment_status":"open","ping_status":"open","sticky":false,"template":"","format":"standard","meta":[],"categories":[1],"tags":[],"series":[],"_links":{"self":[{"href":"https:\/\/www.diario5.com.ar\/es\/wp-json\/wp\/v2\/posts\/626966"}],"collection":[{"href":"https:\/\/www.diario5.com.ar\/es\/wp-json\/wp\/v2\/posts"}],"about":[{"href":"https:\/\/www.diario5.com.ar\/es\/wp-json\/wp\/v2\/types\/post"}],"author":[{"embeddable":true,"href":"https:\/\/www.diario5.com.ar\/es\/wp-json\/wp\/v2\/users\/1"}],"replies":[{"embeddable":true,"href":"https:\/\/www.diario5.com.ar\/es\/wp-json\/wp\/v2\/comments?post=626966"}],"version-history":[{"count":2,"href":"https:\/\/www.diario5.com.ar\/es\/wp-json\/wp\/v2\/posts\/626966\/revisions"}],"predecessor-version":[{"id":626973,"href":"https:\/\/www.diario5.com.ar\/es\/wp-json\/wp\/v2\/posts\/626966\/revisions\/626973"}],"wp:featuredmedia":[{"embeddable":true,"href":"https:\/\/www.diario5.com.ar\/es\/wp-json\/wp\/v2\/media\/626967"}],"wp:attachment":[{"href":"https:\/\/www.diario5.com.ar\/es\/wp-json\/wp\/v2\/media?parent=626966"}],"wp:term":[{"taxonomy":"category","embeddable":true,"href":"https:\/\/www.diario5.com.ar\/es\/wp-json\/wp\/v2\/categories?post=626966"},{"taxonomy":"post_tag","embeddable":true,"href":"https:\/\/www.diario5.com.ar\/es\/wp-json\/wp\/v2\/tags?post=626966"},{"taxonomy":"series","embeddable":true,"href":"https:\/\/www.diario5.com.ar\/es\/wp-json\/wp\/v2\/series?post=626966"}],"curies":[{"name":"wp","href":"https:\/\/api.w.org\/{rel}","templated":true}]}}