{"id":625624,"date":"2021-03-16T00:37:59","date_gmt":"2021-03-16T03:37:59","guid":{"rendered":"https:\/\/www.diario5.com.ar\/?p=625624"},"modified":"2021-04-10T00:51:08","modified_gmt":"2021-04-10T03:51:08","slug":"la-afip-reduce-la-presion-tributaria-sobre-los-afectados-por-los-incendios-forestales","status":"publish","type":"post","link":"https:\/\/www.diario5.com.ar\/es\/la-afip-reduce-la-presion-tributaria-sobre-los-afectados-por-los-incendios-forestales\/","title":{"rendered":"La AFIP reduce la presi\u00f3n tributaria sobre los afectados por los incendios forestales"},"content":{"rendered":"<h2 class=\"sub-title-primary\"><\/h2> <div>\n<p><img decoding=\"async\" class=\"attachment-thumbnail size-thumbnail wp-post-image\" src=\"https:\/\/www.diario5.com.ar\/wp-content\/uploads\/2021\/03\/ar_diario_madryn20210316.jpg\" alt=\"La AFIP reduce la presi\u00f3n tributaria sobre los afectados por los incendios forestales\" \/><\/p>\n<h2 class=\"sub-title-primary\">Son medidas que complementan el plan de asistencia econ\u00f3mica anunciado por Fern\u00e1ndez.<\/h2>\n<p>la AFIP estableci\u00f3 medidas que alivianen la presi\u00f3n a contribuyentes afectados por los incendios forestales en la Patagonia. No habr\u00e1 ning\u00fan tipo de condonaci\u00f3n ni bonificaci\u00f3n. S\u00ed pr\u00f3rroga en los vecimientos de IVA, Ganancias y Bienes Personales por 120 d\u00edas, m\u00e1s lap Posibilidad de pagar a trav\u00e9s de un plan de facilidades de hasta 48 cuotas.<\/p>\n<p>Se suspenden las ejecuciones fiscales y embargos por 120 d\u00edas y la caducidad de los reg\u00edmenes de facilidades de pago, cuyo per\u00edodo libre de obligaciones ir\u00e1 desde el 1 de abril hasta el 21 de julio.<\/p>\n<p>Las herramientas impulsadas por la<\/p>\n<p><img decoding=\"async\" loading=\"lazy\" class=\"alignnone size-large wp-image-625606\" title=\"La AFIP reduce la presi\u00f3n tributaria sobre los afectados por los incendios forestales\" src=\"https:\/\/www.diario5.com.ar\/wp-content\/uploads\/2021\/03\/ar_eldia20210316-689x1024-1.jpg\" sizes=\"(max-width: 689px) 100vw, 689px\" srcset=\"https:\/\/www.diario5.com.ar\/wp-content\/uploads\/2021\/03\/ar_eldia20210316-689x1024-1.jpg 689w, https:\/\/www.diario5.com.ar\/wp-content\/uploads\/2021\/03\/ar_eldia20210316-202x300.jpg 202w, https:\/\/www.diario5.com.ar\/wp-content\/uploads\/2021\/03\/ar_eldia20210316-400x594.jpg 400w, https:\/\/www.diario5.com.ar\/wp-content\/uploads\/2021\/03\/ar_eldia20210316-260x386.jpg 260w, https:\/\/www.diario5.com.ar\/wp-content\/uploads\/2021\/03\/ar_eldia20210316-160x238.jpg 160w, https:\/\/www.diario5.com.ar\/wp-content\/uploads\/2021\/03\/ar_eldia20210316.jpg 750w\" alt=\"La AFIP reduce la presi\u00f3n tributaria sobre los afectados por los incendios forestales\" width=\"689\" height=\"1024\" \/><br \/>\n<img decoding=\"async\" loading=\"lazy\" class=\"alignnone size-full wp-image-625607\" title=\"La AFIP reduce la presi\u00f3n tributaria sobre los afectados por los incendios forestales\" src=\"https:\/\/www.diario5.com.ar\/wp-content\/uploads\/2021\/03\/ar_laprensa20210316-1.jpg\" sizes=\"(max-width: 750px) 100vw, 750px\" srcset=\"https:\/\/www.diario5.com.ar\/wp-content\/uploads\/2021\/03\/ar_laprensa20210316-1.jpg 750w, https:\/\/www.diario5.com.ar\/wp-content\/uploads\/2021\/03\/ar_laprensa20210316-231x300.jpg 231w, https:\/\/www.diario5.com.ar\/wp-content\/uploads\/2021\/03\/ar_laprensa20210316-400x518.jpg 400w, https:\/\/www.diario5.com.ar\/wp-content\/uploads\/2021\/03\/ar_laprensa20210316-260x337.jpg 260w, https:\/\/www.diario5.com.ar\/wp-content\/uploads\/2021\/03\/ar_laprensa20210316-160x207.jpg 160w\" alt=\"La AFIP reduce la presi\u00f3n tributaria sobre los afectados por los incendios forestales\" width=\"750\" height=\"972\" \/><br \/>\n<img decoding=\"async\" loading=\"lazy\" class=\"alignnone size-full wp-image-625608\" title=\"La AFIP reduce la presi\u00f3n tributaria sobre los afectados por los incendios forestales\" src=\"https:\/\/www.diario5.com.ar\/wp-content\/uploads\/2021\/03\/ar_cronista20210316-1.jpg\" sizes=\"(max-width: 750px) 100vw, 750px\" srcset=\"https:\/\/www.diario5.com.ar\/wp-content\/uploads\/2021\/03\/ar_cronista20210316-1.jpg 750w, https:\/\/www.diario5.com.ar\/wp-content\/uploads\/2021\/03\/ar_cronista20210316-221x300.jpg 221w, https:\/\/www.diario5.com.ar\/wp-content\/uploads\/2021\/03\/ar_cronista20210316-400x542.jpg 400w, https:\/\/www.diario5.com.ar\/wp-content\/uploads\/2021\/03\/ar_cronista20210316-260x352.jpg 260w, https:\/\/www.diario5.com.ar\/wp-content\/uploads\/2021\/03\/ar_cronista20210316-160x217.jpg 160w\" alt=\"La AFIP reduce la presi\u00f3n tributaria sobre los afectados por los incendios forestales\" width=\"750\" height=\"1016\" \/><br \/>\n<img decoding=\"async\" loading=\"lazy\" class=\"alignnone size-full wp-image-625609\" title=\"La AFIP reduce la presi\u00f3n tributaria sobre los afectados por los incendios forestales\" src=\"https:\/\/www.diario5.com.ar\/wp-content\/uploads\/2021\/03\/buenosaires_economico20210316-1.jpg\" sizes=\"(max-width: 750px) 100vw, 750px\" srcset=\"https:\/\/www.diario5.com.ar\/wp-content\/uploads\/2021\/03\/buenosaires_economico20210316-1.jpg 750w, https:\/\/www.diario5.com.ar\/wp-content\/uploads\/2021\/03\/buenosaires_economico20210316-253x300.jpg 253w, https:\/\/www.diario5.com.ar\/wp-content\/uploads\/2021\/03\/buenosaires_economico20210316-400x474.jpg 400w, https:\/\/www.diario5.com.ar\/wp-content\/uploads\/2021\/03\/buenosaires_economico20210316-260x308.jpg 260w, https:\/\/www.diario5.com.ar\/wp-content\/uploads\/2021\/03\/buenosaires_economico20210316-160x189.jpg 160w\" alt=\"La AFIP reduce la presi\u00f3n tributaria sobre los afectados por los incendios forestales\" width=\"750\" height=\"888\" \/><br \/>\n<img decoding=\"async\" loading=\"lazy\" class=\"alignnone size-full wp-image-625610\" title=\"La AFIP reduce la presi\u00f3n tributaria sobre los afectados por los incendios forestales\" src=\"https:\/\/www.diario5.com.ar\/wp-content\/uploads\/2021\/03\/ar_ancasti20210316-1.jpg\" sizes=\"(max-width: 750px) 100vw, 750px\" srcset=\"https:\/\/www.diario5.com.ar\/wp-content\/uploads\/2021\/03\/ar_ancasti20210316-1.jpg 750w, https:\/\/www.diario5.com.ar\/wp-content\/uploads\/2021\/03\/ar_ancasti20210316-223x300.jpg 223w, https:\/\/www.diario5.com.ar\/wp-content\/uploads\/2021\/03\/ar_ancasti20210316-400x539.jpg 400w, https:\/\/www.diario5.com.ar\/wp-content\/uploads\/2021\/03\/ar_ancasti20210316-260x350.jpg 260w, https:\/\/www.diario5.com.ar\/wp-content\/uploads\/2021\/03\/ar_ancasti20210316-160x215.jpg 160w\" alt=\"La AFIP reduce la presi\u00f3n tributaria sobre los afectados por los incendios forestales\" width=\"750\" height=\"1010\" \/><br \/>\n<img decoding=\"async\" loading=\"lazy\" class=\"alignnone size-full wp-image-625611\" title=\"La AFIP reduce la presi\u00f3n tributaria sobre los afectados por los incendios forestales\" src=\"https:\/\/www.diario5.com.ar\/wp-content\/uploads\/2021\/03\/voz_chaco20210316-1.jpg\" sizes=\"(max-width: 750px) 100vw, 750px\" srcset=\"https:\/\/www.diario5.com.ar\/wp-content\/uploads\/2021\/03\/voz_chaco20210316-1.jpg 750w, https:\/\/www.diario5.com.ar\/wp-content\/uploads\/2021\/03\/voz_chaco20210316-246x300.jpg 246w, https:\/\/www.diario5.com.ar\/wp-content\/uploads\/2021\/03\/voz_chaco20210316-400x487.jpg 400w, https:\/\/www.diario5.com.ar\/wp-content\/uploads\/2021\/03\/voz_chaco20210316-260x317.jpg 260w, https:\/\/www.diario5.com.ar\/wp-content\/uploads\/2021\/03\/voz_chaco20210316-160x195.jpg 160w\" alt=\"La AFIP reduce la presi\u00f3n tributaria sobre los afectados por los incendios forestales\" width=\"750\" height=\"913\" \/><br \/>\n<img decoding=\"async\" loading=\"lazy\" class=\"alignnone size-full wp-image-625612\" title=\"La AFIP reduce la presi\u00f3n tributaria sobre los afectados por los incendios forestales\" src=\"https:\/\/www.diario5.com.ar\/wp-content\/uploads\/2021\/03\/ar_diario_madryn20210316-1.jpg\" sizes=\"(max-width: 750px) 100vw, 750px\" srcset=\"https:\/\/www.diario5.com.ar\/wp-content\/uploads\/2021\/03\/ar_diario_madryn20210316-1.jpg 750w, https:\/\/www.diario5.com.ar\/wp-content\/uploads\/2021\/03\/ar_diario_madryn20210316-224x300.jpg 224w, https:\/\/www.diario5.com.ar\/wp-content\/uploads\/2021\/03\/ar_diario_madryn20210316-400x535.jpg 400w, https:\/\/www.diario5.com.ar\/wp-content\/uploads\/2021\/03\/ar_diario_madryn20210316-260x348.jpg 260w, https:\/\/www.diario5.com.ar\/wp-content\/uploads\/2021\/03\/ar_diario_madryn20210316-160x214.jpg 160w\" alt=\"La AFIP reduce la presi\u00f3n tributaria sobre los afectados por los incendios forestales\" width=\"750\" height=\"1004\" \/><br \/>\n<img decoding=\"async\" loading=\"lazy\" class=\"alignnone size-full wp-image-625613\" title=\"La AFIP reduce la presi\u00f3n tributaria sobre los afectados por los incendios forestales\" src=\"https:\/\/www.diario5.com.ar\/wp-content\/uploads\/2021\/03\/ar_chubut20210316-1.jpg\" sizes=\"(max-width: 750px) 100vw, 750px\" srcset=\"https:\/\/www.diario5.com.ar\/wp-content\/uploads\/2021\/03\/ar_chubut20210316-1.jpg 750w, https:\/\/www.diario5.com.ar\/wp-content\/uploads\/2021\/03\/ar_chubut20210316-234x300.jpg 234w, https:\/\/www.diario5.com.ar\/wp-content\/uploads\/2021\/03\/ar_chubut20210316-400x513.jpg 400w, https:\/\/www.diario5.com.ar\/wp-content\/uploads\/2021\/03\/ar_chubut20210316-260x333.jpg 260w, https:\/\/www.diario5.com.ar\/wp-content\/uploads\/2021\/03\/ar_chubut20210316-160x205.jpg 160w\" alt=\"La AFIP reduce la presi\u00f3n tributaria sobre los afectados por los incendios forestales\" width=\"750\" height=\"961\" \/><br \/>\n<img decoding=\"async\" loading=\"lazy\" class=\"alignnone size-full wp-image-625614\" title=\"La AFIP reduce la presi\u00f3n tributaria sobre los afectados por los incendios forestales\" src=\"https:\/\/www.diario5.com.ar\/wp-content\/uploads\/2021\/03\/ar_epoca20210316-1.jpg\" sizes=\"(max-width: 750px) 100vw, 750px\" srcset=\"https:\/\/www.diario5.com.ar\/wp-content\/uploads\/2021\/03\/ar_epoca20210316-1.jpg 750w, https:\/\/www.diario5.com.ar\/wp-content\/uploads\/2021\/03\/ar_epoca20210316-250x300.jpg 250w, https:\/\/www.diario5.com.ar\/wp-content\/uploads\/2021\/03\/ar_epoca20210316-400x480.jpg 400w, https:\/\/www.diario5.com.ar\/wp-content\/uploads\/2021\/03\/ar_epoca20210316-260x312.jpg 260w, https:\/\/www.diario5.com.ar\/wp-content\/uploads\/2021\/03\/ar_epoca20210316-160x192.jpg 160w\" alt=\"La AFIP reduce la presi\u00f3n tributaria sobre los afectados por los incendios forestales\" width=\"750\" height=\"900\" \/><br \/>\n<img decoding=\"async\" loading=\"lazy\" class=\"alignnone size-full wp-image-625615\" title=\"La AFIP reduce la presi\u00f3n tributaria sobre los afectados por los incendios forestales\" src=\"https:\/\/www.diario5.com.ar\/wp-content\/uploads\/2021\/03\/ar_litoral20210316-1.jpg\" sizes=\"(max-width: 750px) 100vw, 750px\" srcset=\"https:\/\/www.diario5.com.ar\/wp-content\/uploads\/2021\/03\/ar_litoral20210316-1.jpg 750w, https:\/\/www.diario5.com.ar\/wp-content\/uploads\/2021\/03\/ar_litoral20210316-226x300.jpg 226w, https:\/\/www.diario5.com.ar\/wp-content\/uploads\/2021\/03\/ar_litoral20210316-400x531.jpg 400w, https:\/\/www.diario5.com.ar\/wp-content\/uploads\/2021\/03\/ar_litoral20210316-260x345.jpg 260w, https:\/\/www.diario5.com.ar\/wp-content\/uploads\/2021\/03\/ar_litoral20210316-160x212.jpg 160w\" alt=\"La AFIP reduce la presi\u00f3n tributaria sobre los afectados por los incendios forestales\" width=\"750\" height=\"996\" \/><br \/>\n<img decoding=\"async\" loading=\"lazy\" class=\"alignnone size-large wp-image-625616\" title=\"La AFIP reduce la presi\u00f3n tributaria sobre los afectados por los incendios forestales\" src=\"https:\/\/www.diario5.com.ar\/wp-content\/uploads\/2021\/03\/ar_arena20210316-741x1024-1.jpg\" sizes=\"(max-width: 741px) 100vw, 741px\" srcset=\"https:\/\/www.diario5.com.ar\/wp-content\/uploads\/2021\/03\/ar_arena20210316-741x1024-1.jpg 741w, https:\/\/www.diario5.com.ar\/wp-content\/uploads\/2021\/03\/ar_arena20210316-217x300.jpg 217w, https:\/\/www.diario5.com.ar\/wp-content\/uploads\/2021\/03\/ar_arena20210316-400x553.jpg 400w, https:\/\/www.diario5.com.ar\/wp-content\/uploads\/2021\/03\/ar_arena20210316-260x359.jpg 260w, https:\/\/www.diario5.com.ar\/wp-content\/uploads\/2021\/03\/ar_arena20210316-160x221.jpg 160w, https:\/\/www.diario5.com.ar\/wp-content\/uploads\/2021\/03\/ar_arena20210316.jpg 749w\" alt=\"La AFIP reduce la presi\u00f3n tributaria sobre los afectados por los incendios forestales\" width=\"741\" height=\"1024\" \/><br \/>\n<img decoding=\"async\" loading=\"lazy\" class=\"alignnone size-large wp-image-625617\" title=\"La AFIP reduce la presi\u00f3n tributaria sobre los afectados por los incendios forestales\" src=\"https:\/\/www.diario5.com.ar\/wp-content\/uploads\/2021\/03\/ar_losandes20210316-729x1024-1.jpg\" sizes=\"(max-width: 729px) 100vw, 729px\" srcset=\"https:\/\/www.diario5.com.ar\/wp-content\/uploads\/2021\/03\/ar_losandes20210316-729x1024-1.jpg 729w, https:\/\/www.diario5.com.ar\/wp-content\/uploads\/2021\/03\/ar_losandes20210316-214x300.jpg 214w, https:\/\/www.diario5.com.ar\/wp-content\/uploads\/2021\/03\/ar_losandes20210316-400x562.jpg 400w, https:\/\/www.diario5.com.ar\/wp-content\/uploads\/2021\/03\/ar_losandes20210316-260x365.jpg 260w, https:\/\/www.diario5.com.ar\/wp-content\/uploads\/2021\/03\/ar_losandes20210316-160x225.jpg 160w, https:\/\/www.diario5.com.ar\/wp-content\/uploads\/2021\/03\/ar_losandes20210316.jpg 750w\" alt=\"La AFIP reduce la presi\u00f3n tributaria sobre los afectados por los incendios forestales\" width=\"729\" height=\"1024\" \/><br \/>\n<img decoding=\"async\" loading=\"lazy\" class=\"alignnone size-full wp-image-625618\" title=\"La AFIP reduce la presi\u00f3n tributaria sobre los afectados por los incendios forestales\" src=\"https:\/\/www.diario5.com.ar\/wp-content\/uploads\/2021\/03\/ciudadano20210316-1.jpg\" sizes=\"(max-width: 750px) 100vw, 750px\" srcset=\"https:\/\/www.diario5.com.ar\/wp-content\/uploads\/2021\/03\/ciudadano20210316-1.jpg 750w, https:\/\/www.diario5.com.ar\/wp-content\/uploads\/2021\/03\/ciudadano20210316-220x300.jpg 220w, https:\/\/www.diario5.com.ar\/wp-content\/uploads\/2021\/03\/ciudadano20210316-400x545.jpg 400w, https:\/\/www.diario5.com.ar\/wp-content\/uploads\/2021\/03\/ciudadano20210316-260x354.jpg 260w, https:\/\/www.diario5.com.ar\/wp-content\/uploads\/2021\/03\/ciudadano20210316-160x218.jpg 160w\" alt=\"La AFIP reduce la presi\u00f3n tributaria sobre los afectados por los incendios forestales\" width=\"750\" height=\"1021\" \/><br \/>\n<img decoding=\"async\" loading=\"lazy\" class=\"alignnone size-large wp-image-625619\" title=\"La AFIP reduce la presi\u00f3n tributaria sobre los afectados por los incendios forestales\" src=\"https:\/\/www.diario5.com.ar\/wp-content\/uploads\/2021\/03\/ar_gaceta20210316-616x1024-1.jpg\" sizes=\"(max-width: 616px) 100vw, 616px\" srcset=\"https:\/\/www.diario5.com.ar\/wp-content\/uploads\/2021\/03\/ar_gaceta20210316-616x1024-1.jpg 616w, https:\/\/www.diario5.com.ar\/wp-content\/uploads\/2021\/03\/ar_gaceta20210316-181x300.jpg 181w, https:\/\/www.diario5.com.ar\/wp-content\/uploads\/2021\/03\/ar_gaceta20210316-400x665.jpg 400w, https:\/\/www.diario5.com.ar\/wp-content\/uploads\/2021\/03\/ar_gaceta20210316-260x432.jpg 260w, https:\/\/www.diario5.com.ar\/wp-content\/uploads\/2021\/03\/ar_gaceta20210316-160x266.jpg 160w, https:\/\/www.diario5.com.ar\/wp-content\/uploads\/2021\/03\/ar_gaceta20210316.jpg 750w\" alt=\"La AFIP reduce la presi\u00f3n tributaria sobre los afectados por los incendios forestales\" width=\"616\" height=\"1024\" \/><br \/>\n<img decoding=\"async\" loading=\"lazy\" class=\"alignnone size-full wp-image-625620\" title=\"La AFIP reduce la presi\u00f3n tributaria sobre los afectados por los incendios forestales\" src=\"https:\/\/www.diario5.com.ar\/wp-content\/uploads\/2021\/03\/ar_cronica20210316-1.jpg\" sizes=\"(max-width: 750px) 100vw, 750px\" srcset=\"https:\/\/www.diario5.com.ar\/wp-content\/uploads\/2021\/03\/ar_cronica20210316-1.jpg 750w, https:\/\/www.diario5.com.ar\/wp-content\/uploads\/2021\/03\/ar_cronica20210316-253x300.jpg 253w, https:\/\/www.diario5.com.ar\/wp-content\/uploads\/2021\/03\/ar_cronica20210316-400x474.jpg 400w, https:\/\/www.diario5.com.ar\/wp-content\/uploads\/2021\/03\/ar_cronica20210316-260x308.jpg 260w, https:\/\/www.diario5.com.ar\/wp-content\/uploads\/2021\/03\/ar_cronica20210316-160x190.jpg 160w\" alt=\"La AFIP reduce la presi\u00f3n tributaria sobre los afectados por los incendios forestales\" width=\"750\" height=\"889\" \/><br \/>\n<img decoding=\"async\" loading=\"lazy\" class=\"alignnone size-large wp-image-625621\" title=\"La AFIP reduce la presi\u00f3n tributaria sobre los afectados por los incendios forestales\" src=\"https:\/\/www.diario5.com.ar\/wp-content\/uploads\/2021\/03\/ar_clarin20210316-742x1024-1.jpg\" sizes=\"(max-width: 742px) 100vw, 742px\" srcset=\"https:\/\/www.diario5.com.ar\/wp-content\/uploads\/2021\/03\/ar_clarin20210316-742x1024-1.jpg 742w, https:\/\/www.diario5.com.ar\/wp-content\/uploads\/2021\/03\/ar_clarin20210316-217x300.jpg 217w, https:\/\/www.diario5.com.ar\/wp-content\/uploads\/2021\/03\/ar_clarin20210316-400x552.jpg 400w, https:\/\/www.diario5.com.ar\/wp-content\/uploads\/2021\/03\/ar_clarin20210316-260x359.jpg 260w, https:\/\/www.diario5.com.ar\/wp-content\/uploads\/2021\/03\/ar_clarin20210316-160x221.jpg 160w, https:\/\/www.diario5.com.ar\/wp-content\/uploads\/2021\/03\/ar_clarin20210316.jpg 750w\" alt=\"La AFIP reduce la presi\u00f3n tributaria sobre los afectados por los incendios forestales\" width=\"742\" height=\"1024\" \/><br \/>\n<img decoding=\"async\" loading=\"lazy\" class=\"alignnone size-large wp-image-625622\" title=\"La AFIP reduce la presi\u00f3n tributaria sobre los afectados por los incendios forestales\" src=\"https:\/\/www.diario5.com.ar\/wp-content\/uploads\/2021\/03\/nacion20210316-675x1024-1.jpg\" sizes=\"(max-width: 675px) 100vw, 675px\" srcset=\"https:\/\/www.diario5.com.ar\/wp-content\/uploads\/2021\/03\/nacion20210316-675x1024-1.jpg 675w, https:\/\/www.diario5.com.ar\/wp-content\/uploads\/2021\/03\/nacion20210316-198x300.jpg 198w, https:\/\/www.diario5.com.ar\/wp-content\/uploads\/2021\/03\/nacion20210316-400x606.jpg 400w, https:\/\/www.diario5.com.ar\/wp-content\/uploads\/2021\/03\/nacion20210316-260x394.jpg 260w, https:\/\/www.diario5.com.ar\/wp-content\/uploads\/2021\/03\/nacion20210316-160x243.jpg 160w, https:\/\/www.diario5.com.ar\/wp-content\/uploads\/2021\/03\/nacion20210316.jpg 750w\" alt=\"La AFIP reduce la presi\u00f3n tributaria sobre los afectados por los incendios forestales\" width=\"675\" height=\"1024\" \/><\/p>\n<\/div>","protected":false},"excerpt":{"rendered":"<p>Son medidas que complementan el plan de asistencia econ\u00f3mica anunciado por Fern\u00e1ndez. la AFIP estableci\u00f3 medidas que alivianen la presi\u00f3n a contribuyentes afectados por los incendios forestales en la Patagonia. No habr\u00e1 ning\u00fan tipo de condonaci\u00f3n ni bonificaci\u00f3n. S\u00ed pr\u00f3rroga en los vecimientos de IVA, Ganancias y Bienes Personales por 120 d\u00edas, m\u00e1s lap Posibilidad [&hellip;]<\/p>","protected":false},"author":21,"featured_media":0,"comment_status":"closed","ping_status":"closed","sticky":false,"template":"","format":"standard","meta":[],"categories":[56],"tags":[],"series":[],"_links":{"self":[{"href":"https:\/\/www.diario5.com.ar\/es\/wp-json\/wp\/v2\/posts\/625624"}],"collection":[{"href":"https:\/\/www.diario5.com.ar\/es\/wp-json\/wp\/v2\/posts"}],"about":[{"href":"https:\/\/www.diario5.com.ar\/es\/wp-json\/wp\/v2\/types\/post"}],"author":[{"embeddable":true,"href":"https:\/\/www.diario5.com.ar\/es\/wp-json\/wp\/v2\/users\/21"}],"replies":[{"embeddable":true,"href":"https:\/\/www.diario5.com.ar\/es\/wp-json\/wp\/v2\/comments?post=625624"}],"version-history":[{"count":3,"href":"https:\/\/www.diario5.com.ar\/es\/wp-json\/wp\/v2\/posts\/625624\/revisions"}],"predecessor-version":[{"id":626460,"href":"https:\/\/www.diario5.com.ar\/es\/wp-json\/wp\/v2\/posts\/625624\/revisions\/626460"}],"wp:attachment":[{"href":"https:\/\/www.diario5.com.ar\/es\/wp-json\/wp\/v2\/media?parent=625624"}],"wp:term":[{"taxonomy":"category","embeddable":true,"href":"https:\/\/www.diario5.com.ar\/es\/wp-json\/wp\/v2\/categories?post=625624"},{"taxonomy":"post_tag","embeddable":true,"href":"https:\/\/www.diario5.com.ar\/es\/wp-json\/wp\/v2\/tags?post=625624"},{"taxonomy":"series","embeddable":true,"href":"https:\/\/www.diario5.com.ar\/es\/wp-json\/wp\/v2\/series?post=625624"}],"curies":[{"name":"wp","href":"https:\/\/api.w.org\/{rel}","templated":true}]}}