{"id":625585,"date":"2021-04-09T06:58:00","date_gmt":"2021-04-09T09:58:00","guid":{"rendered":"http:\/\/diario5.com.ar\/?p=625585"},"modified":"2021-04-09T07:05:01","modified_gmt":"2021-04-09T10:05:01","slug":"625585","status":"publish","type":"post","link":"https:\/\/www.diario5.com.ar\/es\/625585\/","title":{"rendered":"Va de nuevo"},"content":{"rendered":"<h2 class=\"sub-title-primary\"><\/h2> <p>Restricciones conocidas, aunque no tan repetidas. Presidente enojado por la palabra de alg\u00fan pol\u00edtico opositor y alg\u00fan que otro periodista opositor. A Alberto Fern\u00e1ndez no le vendr\u00eda mal saber que \u00e9l tiene mucha m\u00e1s libertad de acci\u00f3n que la que puede ostentar el grupo de medios de Ensamble 19, no s\u00f3lo  porque su estructura econ\u00f3mica ya viene afectada, sino por que los enemigos de los medios del grupo trabajan d\u00eda y noche para generar un da\u00f1o que supera por lejos el que podr\u00eda sufrir este gobierno si la oposici\u00f3n intentara afectarlos. Lo mismo ocurr\u00eda cuando gobernaban los que hoy se presentan como la principal fuerza de oposici\u00f3n. Bla bla.<\/p>\n<p>El negocio de la divisi\u00f3n les vale el poder en eterna interacci\u00f3n. Mutuamente, el kirchnerismo y el macrismo de acusan para establecer una cortina de humo que tape la verdadera intenci\u00f3n de la casta pol\u00edtica intercambiable de no permitirle a la sociedad pensar en los cambios que verdaderamente podr\u00edan solucionar alguna cosas y dejar\u00edan enterradas para siempre las pretensiones de estos dos grupos de lacras apestosas que gobierna la Argentina desde que echaron a Ra\u00fal Alfons\u00edn con un Golpe de Estado disfrazado de regreso al poder popular. Algunos dirigentes de esa \u00e9poca est\u00e1n vivos y otros no descansan en paz. Mucha gente se cree que porque pertenecieron a gobiernos que vot\u00f3 la sociedad, fueron democr\u00e1ticos. Dependiendo de qu\u00e9 tipo de comentario genere esta nota, daremos nombres y apellidos con roles precisos en la rosca pol\u00edtica, empresaria, sindical y militar de estos canallas, varios de ellos dedicados a chapear con los Derechos Humanos.<\/p>\n<p>La falsedad del peronismo sin Per\u00f3n es burlesca y traicionera. Tras la muerte de Per\u00f3n, jam\u00e1s un solo peronista logr\u00f3 hacer peronismo desde un gobierno. Ni desde el nacional ni desde los provinciales.. Es una superestructura dedicada a mentir, mentir y mentir, refritando de manera pemanente f\u00f3rmulas previamente aplicadas para convencer al electorado de volver a ponerles el voto, ya no con promesas sino con el humo de la mism\u00edsima \u00e9pica y el gritoneo, que dispara a medias cierta catarsis colectiva y que abre la voluntad de renovaci\u00f3n con un \u00abvamos presidente!\u00bb (o presidenta) \u00abvamos contra ellos\u00bb. Nunca se sabe bien qui\u00e9nes son \u00abellos\u00bb, pero no importa, \u00abse supone que alg\u00fan enemigo tendr\u00e1 que haber\u00bb, les remarc\u00f3 un puntero a un grupo de manifestantes en plena Av. 9 de Julio cuando iban hacia el centro en uno de tantos apoyos a vaya saber qu\u00e9 medida que alguna vez los beneficiar\u00eda.<\/p>\n<p>Qu\u00e9vac\u00e9. Mientras tanto, hay que bancarse una nueva forma de cuarentena porque el Covid se puso jodido con tanto pelotudo salidor y descuidado.<\/p>\n<p><img decoding=\"async\" loading=\"lazy\" class=\"alignnone size-large wp-image-626433\" src=\"https:\/\/www.diario5.com.ar\/wp-content\/uploads\/2021\/04\/ar_laprensa20210409-2-759x1024.jpg\" width=\"759\" height=\"1024\" alt=\"Va de nuevo\" title=\"Va de nuevo\" srcset=\"https:\/\/www.diario5.com.ar\/wp-content\/uploads\/2021\/04\/ar_laprensa20210409-2-759x1024.jpg 759w, https:\/\/www.diario5.com.ar\/wp-content\/uploads\/2021\/04\/ar_laprensa20210409-2-222x300.jpg 222w, https:\/\/www.diario5.com.ar\/wp-content\/uploads\/2021\/04\/ar_laprensa20210409-2.jpg 764w\" sizes=\"(max-width: 759px) 100vw, 759px\" \/><\/p>\n<p><img decoding=\"async\" loading=\"lazy\" class=\"alignnone size-full wp-image-626434\" src=\"https:\/\/www.diario5.com.ar\/wp-content\/uploads\/2021\/04\/1593611205_389343_1593612591_noticia_normal_recorte120210409.jpg\" width=\"720\" height=\"405\" alt=\"Va de nuevo\" title=\"Va de nuevo\" srcset=\"https:\/\/www.diario5.com.ar\/wp-content\/uploads\/2021\/04\/1593611205_389343_1593612591_noticia_normal_recorte120210409.jpg 720w, https:\/\/www.diario5.com.ar\/wp-content\/uploads\/2021\/04\/1593611205_389343_1593612591_noticia_normal_recorte120210409-300x169.jpg 300w\" sizes=\"(max-width: 720px) 100vw, 720px\" \/><\/p>\n<p><img decoding=\"async\" loading=\"lazy\" class=\"alignnone size-large wp-image-626435\" src=\"https:\/\/www.diario5.com.ar\/wp-content\/uploads\/2021\/04\/ar_cronista20210409-2-756x1024.jpg\" width=\"756\" height=\"1024\" alt=\"Va de nuevo\" title=\"Va de nuevo\" srcset=\"https:\/\/www.diario5.com.ar\/wp-content\/uploads\/2021\/04\/ar_cronista20210409-2-756x1024.jpg 756w, https:\/\/www.diario5.com.ar\/wp-content\/uploads\/2021\/04\/ar_cronista20210409-2-221x300.jpg 221w, https:\/\/www.diario5.com.ar\/wp-content\/uploads\/2021\/04\/ar_cronista20210409-2.jpg 764w\" sizes=\"(max-width: 756px) 100vw, 756px\" \/><\/p>\n<p><img decoding=\"async\" loading=\"lazy\" class=\"alignnone size-full wp-image-626436\" src=\"https:\/\/www.diario5.com.ar\/wp-content\/uploads\/2021\/04\/buenosaires_economico20210409.jpg\" width=\"850\" height=\"1007\" alt=\"Va de nuevo\" title=\"Va de nuevo\" srcset=\"https:\/\/www.diario5.com.ar\/wp-content\/uploads\/2021\/04\/buenosaires_economico20210409.jpg 850w, https:\/\/www.diario5.com.ar\/wp-content\/uploads\/2021\/04\/buenosaires_economico20210409-253x300.jpg 253w, https:\/\/www.diario5.com.ar\/wp-content\/uploads\/2021\/04\/buenosaires_economico20210409-768x910.jpg 768w\" sizes=\"(max-width: 850px) 100vw, 850px\" \/><\/p>\n<p><img decoding=\"async\" src=\"https:\/\/diario5.com.ar\/imgtapas\/04\/09\/ar\/ar_perfil.jpg\" \/><\/p>\n<p><img decoding=\"async\" loading=\"lazy\" class=\"alignnone size-large wp-image-626437\" src=\"https:\/\/www.diario5.com.ar\/wp-content\/uploads\/2021\/04\/ar_eldia20210409-689x1024.jpg\" width=\"689\" height=\"1024\" alt=\"Va de nuevo\" title=\"Va de nuevo\" srcset=\"https:\/\/www.diario5.com.ar\/wp-content\/uploads\/2021\/04\/ar_eldia20210409-689x1024.jpg 689w, https:\/\/www.diario5.com.ar\/wp-content\/uploads\/2021\/04\/ar_eldia20210409-202x300.jpg 202w, https:\/\/www.diario5.com.ar\/wp-content\/uploads\/2021\/04\/ar_eldia20210409-768x1141.jpg 768w, https:\/\/www.diario5.com.ar\/wp-content\/uploads\/2021\/04\/ar_eldia20210409.jpg 850w\" sizes=\"(max-width: 689px) 100vw, 689px\" \/><\/p>\n<p><img decoding=\"async\" loading=\"lazy\" class=\"alignnone size-large wp-image-626438\" src=\"https:\/\/www.diario5.com.ar\/wp-content\/uploads\/2021\/04\/ar_hoy20210409-786x1024.jpg\" width=\"786\" height=\"1024\" alt=\"Va de nuevo\" title=\"Va de nuevo\" srcset=\"https:\/\/www.diario5.com.ar\/wp-content\/uploads\/2021\/04\/ar_hoy20210409-786x1024.jpg 786w, https:\/\/www.diario5.com.ar\/wp-content\/uploads\/2021\/04\/ar_hoy20210409-230x300.jpg 230w, https:\/\/www.diario5.com.ar\/wp-content\/uploads\/2021\/04\/ar_hoy20210409-768x1001.jpg 768w, https:\/\/www.diario5.com.ar\/wp-content\/uploads\/2021\/04\/ar_hoy20210409.jpg 850w\" sizes=\"(max-width: 786px) 100vw, 786px\" \/><\/p>\n<p><img decoding=\"async\" src=\"https:\/\/diario5.com.ar\/imgtapas\/04\/09\/ar\/ar_democracia.jpg\" \/><\/p>\n<p><img decoding=\"async\" src=\"https:\/\/diario5.com.ar\/imgtapas\/04\/09\/ar\/ar_capital_rosario.jpg\" \/><\/p>\n<p><img decoding=\"async\" src=\"https:\/\/diario5.com.ar\/imgtapas\/04\/09\/ar\/ar_nueva_provincia.jpg\" \/><\/p>\n<p><img decoding=\"async\" loading=\"lazy\" class=\"alignnone size-large wp-image-626439\" src=\"https:\/\/www.diario5.com.ar\/wp-content\/uploads\/2021\/04\/ar_ancasti20210409-760x1024.jpg\" width=\"760\" height=\"1024\" alt=\"Va de nuevo\" title=\"Va de nuevo\" srcset=\"https:\/\/www.diario5.com.ar\/wp-content\/uploads\/2021\/04\/ar_ancasti20210409-760x1024.jpg 760w, https:\/\/www.diario5.com.ar\/wp-content\/uploads\/2021\/04\/ar_ancasti20210409-223x300.jpg 223w, https:\/\/www.diario5.com.ar\/wp-content\/uploads\/2021\/04\/ar_ancasti20210409-768x1035.jpg 768w, https:\/\/www.diario5.com.ar\/wp-content\/uploads\/2021\/04\/ar_ancasti20210409.jpg 850w\" sizes=\"(max-width: 760px) 100vw, 760px\" \/><\/p>\n<p><img decoding=\"async\" src=\"https:\/\/diario5.com.ar\/imgtapas\/04\/09\/ar\/esquiu.jpg\" \/><\/p>\n<p><img decoding=\"async\" src=\"https:\/\/diario5.com.ar\/imgtapas\/04\/09\/ar\/ar_diario_norte.jpg\" \/>  <img decoding=\"async\" src=\"http:\/\/edicionimpresa.diariocastellanos.net\/diario\/pages\/1.jpg\" \/>  <\/p>\n<p><img decoding=\"async\" loading=\"lazy\" class=\"alignnone size-large wp-image-626440\" src=\"https:\/\/www.diario5.com.ar\/wp-content\/uploads\/2021\/04\/voz_chaco20210409-1-842x1024.jpg\" width=\"842\" height=\"1024\" alt=\"Va de nuevo\" title=\"Va de nuevo\" srcset=\"https:\/\/www.diario5.com.ar\/wp-content\/uploads\/2021\/04\/voz_chaco20210409-1-842x1024.jpg 842w, https:\/\/www.diario5.com.ar\/wp-content\/uploads\/2021\/04\/voz_chaco20210409-1-247x300.jpg 247w, https:\/\/www.diario5.com.ar\/wp-content\/uploads\/2021\/04\/voz_chaco20210409-1-768x934.jpg 768w, https:\/\/www.diario5.com.ar\/wp-content\/uploads\/2021\/04\/voz_chaco20210409-1.jpg 850w\" sizes=\"(max-width: 842px) 100vw, 842px\" \/><\/p>\n<p><img decoding=\"async\" loading=\"lazy\" class=\"alignnone size-large wp-image-626441\" src=\"https:\/\/www.diario5.com.ar\/wp-content\/uploads\/2021\/04\/ar_diario_madryn20210409-761x1024.jpg\" width=\"761\" height=\"1024\" alt=\"Va de nuevo\" title=\"Va de nuevo\" srcset=\"https:\/\/www.diario5.com.ar\/wp-content\/uploads\/2021\/04\/ar_diario_madryn20210409-761x1024.jpg 761w, https:\/\/www.diario5.com.ar\/wp-content\/uploads\/2021\/04\/ar_diario_madryn20210409-223x300.jpg 223w, https:\/\/www.diario5.com.ar\/wp-content\/uploads\/2021\/04\/ar_diario_madryn20210409.jpg 764w\" sizes=\"(max-width: 761px) 100vw, 761px\" \/><\/p>\n<p><img decoding=\"async\" loading=\"lazy\" class=\"alignnone size-large wp-image-626442\" src=\"https:\/\/www.diario5.com.ar\/wp-content\/uploads\/2021\/04\/ar_chubut20210409-1-793x1024.jpg\" width=\"793\" height=\"1024\" alt=\"Va de nuevo\" title=\"Va de nuevo\" srcset=\"https:\/\/www.diario5.com.ar\/wp-content\/uploads\/2021\/04\/ar_chubut20210409-1-793x1024.jpg 793w, https:\/\/www.diario5.com.ar\/wp-content\/uploads\/2021\/04\/ar_chubut20210409-1-232x300.jpg 232w, https:\/\/www.diario5.com.ar\/wp-content\/uploads\/2021\/04\/ar_chubut20210409-1-768x991.jpg 768w, https:\/\/www.diario5.com.ar\/wp-content\/uploads\/2021\/04\/ar_chubut20210409-1.jpg 850w\" sizes=\"(max-width: 793px) 100vw, 793px\" \/><\/p>\n<p><img decoding=\"async\" src=\"https:\/\/diario5.com.ar\/imgtapas\/04\/09\/ar\/ar_epoca.jpg\" \/><\/p>\n<p><img decoding=\"async\" loading=\"lazy\" class=\"alignnone size-large wp-image-626443\" src=\"https:\/\/www.diario5.com.ar\/wp-content\/uploads\/2021\/04\/ar_litoral20210409-778x1024.jpg\" width=\"778\" height=\"1024\" alt=\"Va de nuevo\" title=\"Va de nuevo\" srcset=\"https:\/\/www.diario5.com.ar\/wp-content\/uploads\/2021\/04\/ar_litoral20210409-778x1024.jpg 778w, https:\/\/www.diario5.com.ar\/wp-content\/uploads\/2021\/04\/ar_litoral20210409-228x300.jpg 228w, https:\/\/www.diario5.com.ar\/wp-content\/uploads\/2021\/04\/ar_litoral20210409-768x1010.jpg 768w, https:\/\/www.diario5.com.ar\/wp-content\/uploads\/2021\/04\/ar_litoral20210409.jpg 849w\" sizes=\"(max-width: 778px) 100vw, 778px\" \/><\/p>\n<p><img decoding=\"async\" src=\"https:\/\/diario5.com.ar\/imgtapas\/04\/09\/ar\/ar_heraldo.jpg\" \/><\/p>\n<p><img decoding=\"async\" src=\"https:\/\/diario5.com.ar\/imgtapas\/04\/09\/ar\/ar_manana_formosa.jpg\" \/><\/p>\n<p><img decoding=\"async\" loading=\"lazy\" class=\"alignnone size-large wp-image-626444\" src=\"https:\/\/www.diario5.com.ar\/wp-content\/uploads\/2021\/04\/ar_diario_pampa20210409-760x1024.jpg\" width=\"760\" height=\"1024\" alt=\"Va de nuevo\" title=\"Va de nuevo\" srcset=\"https:\/\/www.diario5.com.ar\/wp-content\/uploads\/2021\/04\/ar_diario_pampa20210409-760x1024.jpg 760w, https:\/\/www.diario5.com.ar\/wp-content\/uploads\/2021\/04\/ar_diario_pampa20210409-223x300.jpg 223w, https:\/\/www.diario5.com.ar\/wp-content\/uploads\/2021\/04\/ar_diario_pampa20210409-768x1035.jpg 768w, https:\/\/www.diario5.com.ar\/wp-content\/uploads\/2021\/04\/ar_diario_pampa20210409.jpg 850w\" sizes=\"(max-width: 760px) 100vw, 760px\" \/><\/p>\n<p><img decoding=\"async\" src=\"https:\/\/diario5.com.ar\/imgtapas\/04\/09\/ar\/ar_pagina12.jpg\" \/><\/p>\n<p><img decoding=\"async\" loading=\"lazy\" class=\"alignnone size-large wp-image-626445\" src=\"https:\/\/www.diario5.com.ar\/wp-content\/uploads\/2021\/04\/ar_arena20210409-742x1024.jpg\" width=\"742\" height=\"1024\" alt=\"Va de nuevo\" title=\"Va de nuevo\" srcset=\"https:\/\/www.diario5.com.ar\/wp-content\/uploads\/2021\/04\/ar_arena20210409-742x1024.jpg 742w, https:\/\/www.diario5.com.ar\/wp-content\/uploads\/2021\/04\/ar_arena20210409-217x300.jpg 217w, https:\/\/www.diario5.com.ar\/wp-content\/uploads\/2021\/04\/ar_arena20210409-768x1060.jpg 768w, https:\/\/www.diario5.com.ar\/wp-content\/uploads\/2021\/04\/ar_arena20210409.jpg 850w\" sizes=\"(max-width: 742px) 100vw, 742px\" \/><\/p>\n<p><img decoding=\"async\" loading=\"lazy\" class=\"alignnone size-large wp-image-626446\" src=\"https:\/\/www.diario5.com.ar\/wp-content\/uploads\/2021\/04\/independiente20210409-3-744x1024.jpg\" width=\"744\" height=\"1024\" alt=\"Va de nuevo\" title=\"Va de nuevo\" srcset=\"https:\/\/www.diario5.com.ar\/wp-content\/uploads\/2021\/04\/independiente20210409-3-744x1024.jpg 744w, https:\/\/www.diario5.com.ar\/wp-content\/uploads\/2021\/04\/independiente20210409-3-218x300.jpg 218w, https:\/\/www.diario5.com.ar\/wp-content\/uploads\/2021\/04\/independiente20210409-3-768x1057.jpg 768w, https:\/\/www.diario5.com.ar\/wp-content\/uploads\/2021\/04\/independiente20210409-3.jpg 814w\" sizes=\"(max-width: 744px) 100vw, 744px\" \/><\/p>\n<p><img decoding=\"async\" loading=\"lazy\" class=\"alignnone size-large wp-image-626447\" src=\"https:\/\/www.diario5.com.ar\/wp-content\/uploads\/2021\/04\/ar_losandes20210409-1-731x1024.jpg\" width=\"731\" height=\"1024\" alt=\"Va de nuevo\" title=\"Va de nuevo\" srcset=\"https:\/\/www.diario5.com.ar\/wp-content\/uploads\/2021\/04\/ar_losandes20210409-1-731x1024.jpg 731w, https:\/\/www.diario5.com.ar\/wp-content\/uploads\/2021\/04\/ar_losandes20210409-1-214x300.jpg 214w, https:\/\/www.diario5.com.ar\/wp-content\/uploads\/2021\/04\/ar_losandes20210409-1.jpg 764w\" sizes=\"(max-width: 731px) 100vw, 731px\" \/><\/p>\n<p><img decoding=\"async\" src=\"https:\/\/diario5.com.ar\/imgtapas\/04\/09\/ar\/ar_tribuno.jpg\" \/><\/p>\n<p><img decoding=\"async\" src=\"https:\/\/diario5.com.ar\/imgtapas\/04\/09\/ar\/ar_rio_negro.jpg\" \/><\/p>\n<p><img decoding=\"async\" src=\"https:\/\/diario5.com.ar\/imgtapas\/04\/09\/ar\/ar_diario_cuyo.jpg\" \/><\/p>\n<p><img decoding=\"async\" loading=\"lazy\" class=\"alignnone size-large wp-image-626448\" src=\"https:\/\/www.diario5.com.ar\/wp-content\/uploads\/2021\/04\/ar_litoral_sfe20210409-768x1024.jpg\" width=\"768\" height=\"1024\" alt=\"Va de nuevo\" title=\"Va de nuevo\" srcset=\"https:\/\/www.diario5.com.ar\/wp-content\/uploads\/2021\/04\/ar_litoral_sfe20210409-768x1025.jpg 768w, https:\/\/www.diario5.com.ar\/wp-content\/uploads\/2021\/04\/ar_litoral_sfe20210409-225x300.jpg 225w, https:\/\/www.diario5.com.ar\/wp-content\/uploads\/2021\/04\/ar_litoral_sfe20210409.jpg 850w\" sizes=\"(max-width: 768px) 100vw, 768px\" \/><\/p>\n<p><img decoding=\"async\" src=\"https:\/\/diario5.com.ar\/imgtapas\/04\/09\/ar\/ciudadano.jpg\" \/><\/p>\n<p><img decoding=\"async\" loading=\"lazy\" class=\"alignnone size-large wp-image-626449\" src=\"https:\/\/www.diario5.com.ar\/wp-content\/uploads\/2021\/04\/ar_mirador_provincial20210409-768x1024.jpg\" width=\"768\" height=\"1024\" alt=\"Va de nuevo\" title=\"Va de nuevo\" srcset=\"https:\/\/www.diario5.com.ar\/wp-content\/uploads\/2021\/04\/ar_mirador_provincial20210409-768x1024.jpg 768w, https:\/\/www.diario5.com.ar\/wp-content\/uploads\/2021\/04\/ar_mirador_provincial20210409-225x300.jpg 225w, https:\/\/www.diario5.com.ar\/wp-content\/uploads\/2021\/04\/ar_mirador_provincial20210409.jpg 850w\" sizes=\"(max-width: 768px) 100vw, 768px\" \/><\/p>\n<p><img decoding=\"async\" loading=\"lazy\" class=\"alignnone size-large wp-image-626450\" src=\"https:\/\/www.diario5.com.ar\/wp-content\/uploads\/2021\/04\/ar_gaceta20210409-609x1024.jpg\" width=\"609\" height=\"1024\" alt=\"Va de nuevo\" title=\"Va de nuevo\" srcset=\"https:\/\/www.diario5.com.ar\/wp-content\/uploads\/2021\/04\/ar_gaceta20210409-609x1024.jpg 609w, https:\/\/www.diario5.com.ar\/wp-content\/uploads\/2021\/04\/ar_gaceta20210409-178x300.jpg 178w, https:\/\/www.diario5.com.ar\/wp-content\/uploads\/2021\/04\/ar_gaceta20210409-768x1291.jpg 768w, https:\/\/www.diario5.com.ar\/wp-content\/uploads\/2021\/04\/ar_gaceta20210409.jpg 850w\" sizes=\"(max-width: 609px) 100vw, 609px\" \/><\/p>\n<p><img decoding=\"async\" loading=\"lazy\" class=\"alignnone size-full wp-image-626451\" src=\"https:\/\/www.diario5.com.ar\/wp-content\/uploads\/2021\/04\/ar_cronica20210409.jpg\" width=\"850\" height=\"1013\" alt=\"Va de nuevo\" title=\"Va de nuevo\" srcset=\"https:\/\/www.diario5.com.ar\/wp-content\/uploads\/2021\/04\/ar_cronica20210409.jpg 850w, https:\/\/www.diario5.com.ar\/wp-content\/uploads\/2021\/04\/ar_cronica20210409-252x300.jpg 252w, https:\/\/www.diario5.com.ar\/wp-content\/uploads\/2021\/04\/ar_cronica20210409-768x915.jpg 768w\" sizes=\"(max-width: 850px) 100vw, 850px\" \/><\/p>\n<p><img decoding=\"async\" loading=\"lazy\" class=\"alignnone size-large wp-image-626452\" src=\"https:\/\/www.diario5.com.ar\/wp-content\/uploads\/2021\/04\/nacion20210409-681x1024.jpg\" width=\"681\" height=\"1024\" alt=\"Va de nuevo\" title=\"Va de nuevo\" srcset=\"https:\/\/www.diario5.com.ar\/wp-content\/uploads\/2021\/04\/nacion20210409-681x1024.jpg 681w, https:\/\/www.diario5.com.ar\/wp-content\/uploads\/2021\/04\/nacion20210409-199x300.jpg 199w, https:\/\/www.diario5.com.ar\/wp-content\/uploads\/2021\/04\/nacion20210409.jpg 764w\" sizes=\"(max-width: 681px) 100vw, 681px\" \/><\/p>\n<p><img decoding=\"async\" loading=\"lazy\" class=\"alignnone size-large wp-image-626453\" src=\"https:\/\/www.diario5.com.ar\/wp-content\/uploads\/2021\/04\/ar_clarin20210409-742x1024.jpg\" width=\"742\" height=\"1024\" alt=\"Va de nuevo\" title=\"Va de nuevo\" srcset=\"https:\/\/www.diario5.com.ar\/wp-content\/uploads\/2021\/04\/ar_clarin20210409-742x1024.jpg 742w, https:\/\/www.diario5.com.ar\/wp-content\/uploads\/2021\/04\/ar_clarin20210409-217x300.jpg 217w, https:\/\/www.diario5.com.ar\/wp-content\/uploads\/2021\/04\/ar_clarin20210409-768x1060.jpg 768w, https:\/\/www.diario5.com.ar\/wp-content\/uploads\/2021\/04\/ar_clarin20210409.jpg 850w\" sizes=\"(max-width: 742px) 100vw, 742px\" \/><\/p>\n<p><img decoding=\"async\" loading=\"lazy\" class=\"alignnone size-large wp-image-626454\" src=\"https:\/\/www.diario5.com.ar\/wp-content\/uploads\/2021\/04\/uy_republica20210409-696x1024.jpg\" width=\"696\" height=\"1024\" alt=\"Va de nuevo\" title=\"Va de nuevo\" srcset=\"https:\/\/www.diario5.com.ar\/wp-content\/uploads\/2021\/04\/uy_republica20210409-696x1024.jpg 696w, https:\/\/www.diario5.com.ar\/wp-content\/uploads\/2021\/04\/uy_republica20210409-204x300.jpg 204w, https:\/\/www.diario5.com.ar\/wp-content\/uploads\/2021\/04\/uy_republica20210409-768x1130.jpg 768w, https:\/\/www.diario5.com.ar\/wp-content\/uploads\/2021\/04\/uy_republica20210409.jpg 850w\" sizes=\"(max-width: 696px) 100vw, 696px\" \/><\/p>\n<p><img decoding=\"async\" loading=\"lazy\" class=\"alignnone size-full wp-image-626455\" src=\"https:\/\/www.diario5.com.ar\/wp-content\/uploads\/2021\/04\/uy_ladiaria20210409.jpg\" width=\"764\" height=\"953\" alt=\"Va de nuevo\" title=\"Va de nuevo\" srcset=\"https:\/\/www.diario5.com.ar\/wp-content\/uploads\/2021\/04\/uy_ladiaria20210409.jpg 764w, https:\/\/www.diario5.com.ar\/wp-content\/uploads\/2021\/04\/uy_ladiaria20210409-241x300.jpg 241w\" sizes=\"(max-width: 764px) 100vw, 764px\" \/><\/p>\n<p><img decoding=\"async\" loading=\"lazy\" class=\"alignnone size-large wp-image-626456\" src=\"https:\/\/www.diario5.com.ar\/wp-content\/uploads\/2021\/04\/uy_observador20210409-735x1024.jpg\" width=\"735\" height=\"1024\" alt=\"Va de nuevo\" title=\"Va de nuevo\" srcset=\"https:\/\/www.diario5.com.ar\/wp-content\/uploads\/2021\/04\/uy_observador20210409-735x1024.jpg 735w, https:\/\/www.diario5.com.ar\/wp-content\/uploads\/2021\/04\/uy_observador20210409-215x300.jpg 215w, https:\/\/www.diario5.com.ar\/wp-content\/uploads\/2021\/04\/uy_observador20210409.jpg 764w\" sizes=\"(max-width: 735px) 100vw, 735px\" \/><\/p>\n<p>&#8211; &#8211; &#8211;<\/p>","protected":false},"excerpt":{"rendered":"<p>Restricciones conocidas, aunque no tan repetidas. Presidente enojado por la palabra de alg\u00fan pol\u00edtico opositor y alg\u00fan que otro periodista opositor. A Alberto Fern\u00e1ndez no le vendr\u00eda mal saber que \u00e9l tiene mucha m\u00e1s libertad de acci\u00f3n que la que puede ostentar el grupo de medios de Ensamble 19, no s\u00f3lo porque su estructura econ\u00f3mica [&hellip;]<\/p>","protected":false},"author":23,"featured_media":626433,"comment_status":"open","ping_status":"open","sticky":false,"template":"","format":"standard","meta":[],"categories":[75],"tags":[],"series":[],"_links":{"self":[{"href":"https:\/\/www.diario5.com.ar\/es\/wp-json\/wp\/v2\/posts\/625585"}],"collection":[{"href":"https:\/\/www.diario5.com.ar\/es\/wp-json\/wp\/v2\/posts"}],"about":[{"href":"https:\/\/www.diario5.com.ar\/es\/wp-json\/wp\/v2\/types\/post"}],"author":[{"embeddable":true,"href":"https:\/\/www.diario5.com.ar\/es\/wp-json\/wp\/v2\/users\/23"}],"replies":[{"embeddable":true,"href":"https:\/\/www.diario5.com.ar\/es\/wp-json\/wp\/v2\/comments?post=625585"}],"version-history":[{"count":3,"href":"https:\/\/www.diario5.com.ar\/es\/wp-json\/wp\/v2\/posts\/625585\/revisions"}],"predecessor-version":[{"id":626432,"href":"https:\/\/www.diario5.com.ar\/es\/wp-json\/wp\/v2\/posts\/625585\/revisions\/626432"}],"wp:featuredmedia":[{"embeddable":true,"href":"https:\/\/www.diario5.com.ar\/es\/wp-json\/wp\/v2\/media\/626433"}],"wp:attachment":[{"href":"https:\/\/www.diario5.com.ar\/es\/wp-json\/wp\/v2\/media?parent=625585"}],"wp:term":[{"taxonomy":"category","embeddable":true,"href":"https:\/\/www.diario5.com.ar\/es\/wp-json\/wp\/v2\/categories?post=625585"},{"taxonomy":"post_tag","embeddable":true,"href":"https:\/\/www.diario5.com.ar\/es\/wp-json\/wp\/v2\/tags?post=625585"},{"taxonomy":"series","embeddable":true,"href":"https:\/\/www.diario5.com.ar\/es\/wp-json\/wp\/v2\/series?post=625585"}],"curies":[{"name":"wp","href":"https:\/\/api.w.org\/{rel}","templated":true}]}}