{"id":625573,"date":"2021-03-28T07:02:00","date_gmt":"2021-03-28T10:02:00","guid":{"rendered":"http:\/\/diario5.com.ar\/?p=625573"},"modified":"2021-04-09T00:53:58","modified_gmt":"2021-04-09T03:53:58","slug":"625573","status":"publish","type":"post","link":"https:\/\/www.diario5.com.ar\/es\/625573\/","title":{"rendered":"Chispazos de oto\u00f1o"},"content":{"rendered":"<h2 class=\"sub-title-primary\">El Cierre del BAFICI se destaca en una agenda que quiere volver a abultarse pero va paso a paso.<\/h2> <p>Los espect\u00e1culos y los eventos culturales van buscando hacer pie en los puntos donde lo presencial a\u00fan se presenta cono una rareza. Lentamente, va encamin\u00e1ndose la agenda.<\/p>\n<p><strong>BAFICI<\/strong><br \/>\nCierra hoy, domingo 28 de marzo.<br \/>\n<a href=\"https:\/\/disfrutemosba.buenosaires.gob.ar\/evento\/22-bafici\/1762\" target=\"_blank\" rel=\"noopener\">M\u00e1s informaci\u00f3n<\/a><br \/>\nGrandes y chicxs, podr\u00e1n disfrutar de lo mejor del cine independiente nacional y mundial. BAFICI renace con secciones y competencias nuevas, avivando su tradici\u00f3n cin\u00e9fila, pero adapt\u00e1ndose a la nueva forma de disfrutar el cine.<\/p>\n<p><strong>Happyland<\/strong><br \/>\nHoy, domingo 28 de marzo, 20:30<br \/>\nTeatro San Mart\u00edn<br \/>\nDirecci\u00f3n: Av Corrientes 1530.<br \/>\n<a href=\"https:\/\/complejoteatral.gob.ar\/ver\/happyland\" target=\"_blank\" rel=\"noopener\">M\u00e1s informaci\u00f3n<\/a><br \/>\nDerrocada por los militares, la presidenta Isabelita es recluida en un castillo g\u00f3tico de la Patagonia. Entre noches de espiritismo y confesiones con el Arzobispo que la visita Isabelita a\u00f1ora los d\u00edas felices en un cabaret de Panam\u00e1 m\u00e1s que la presidencia.<\/p>\n<p><strong>Toc Toc<\/strong><br \/>\nHoy, domingo 28 de marzo, 19:30 h.<br \/>\nTeatro Multitabaris Comafi.<br \/>\nAv. Corrientes 831.<br \/>\n<a href=\"https:\/\/www.plateanet.com\/obra\/20697?obra=TOC-TOC\" target=\"_blank\" rel=\"noopener\">M\u00e1s informaci\u00f3n<\/a><br \/>\nLa comedia m\u00e1s obsesiva y divertida de todas, del reconocido y talentoso autor franc\u00e9s Laurent Baffie, bati\u00f3 r\u00e9cords en la historia del teatro argentino siendo la comedia m\u00e1s vista. La exitosa TOC TOC vuelve al Multitabaris Comafi de Buenos Aires.<\/p>\n<p><strong>El cuarto de Veronica<\/strong><br \/>\nViernes 27 y s\u00e1bado 28 de marzo, 21 h.<br \/>\nTeatro La Mueca.<br \/>\nDirecci\u00f3n: Jos\u00e9 Antonio Cabrera 4255.<br \/>\n<a href=\"https:\/\/www.alternativateatral.com\/obra73947-el-cuarto-de-veronica\" target=\"_blank\" rel=\"noopener\">M\u00e1s informaci\u00f3n<\/a><br \/>\nLa acci\u00f3n transcurre en Boston donde Susan, de 20 a\u00f1os, es abordada mientras cena con su novio en un restaurante por una encantadora pareja de ancianos que se muestra impresionada por el parecido de Susan con Ver\u00f3nica, fallecida hace mucho tiempo.<\/p>\n<p><strong>Mal\u00e9fica, una bella en apuros<\/strong><br \/>\nDomingo 28 de marzo, 17 h.<br \/>\nLa Galer\u00eda Encantada.<br \/>\nDirecci\u00f3n: Humboldt 1591.<br \/>\n<a href=\"https:\/\/www.alternativateatral.com\/obra30367-malefica-una-bella-en-apuros\" target=\"_blank\" rel=\"noopener\">M\u00e1s informaci\u00f3n<\/a><br \/>\nMal\u00e9fica no ha sido invitada a la fiesta de 1 a\u00f1o de la hija del Rey. Ella ama las fiestas por lo que est\u00e1 muy enojada y su enojo la lleva a lanzar un fuerte hechizo sobre la Bella Ni\u00f1a.<\/p>\n<p><img decoding=\"async\" src=\"https:\/\/diario5.com.ar\/reemplazos\/2021\/03\/28\/ar\/ar_laprensa.jpg\" \/><\/p>\n<p><img decoding=\"async\" src=\"https:\/\/diario5.com.ar\/reemplazos\/2021\/03\/28\/ar\/ar_cronista.jpg\" \/><\/p>\n<p><img decoding=\"async\" src=\"https:\/\/diario5.com.ar\/reemplazos\/2021\/03\/28\/ar\/buenosaires_economico.jpg\" \/><\/p>\n<p><img decoding=\"async\" src=\"https:\/\/diario5.com.ar\/reemplazos\/2021\/03\/28\/ar\/ar_perfil.jpg\" \/><\/p>\n<p><img decoding=\"async\" src=\"https:\/\/diario5.com.ar\/reemplazos\/2021\/03\/28\/ar\/ar_eldia.jpg\" \/><\/p>\n<p><img decoding=\"async\" loading=\"lazy\" class=\"alignnone size-large wp-image-625951\" src=\"https:\/\/www.diario5.com.ar\/wp-content\/uploads\/2021\/03\/ar_hoy20210328-774x1024.jpg\" width=\"774\" height=\"1024\" alt=\"Chispazos de oto\u00f1o\" title=\"Chispazos de oto\u00f1o\" srcset=\"https:\/\/www.diario5.com.ar\/wp-content\/uploads\/2021\/03\/ar_hoy20210328-774x1024.jpg 774w, https:\/\/www.diario5.com.ar\/wp-content\/uploads\/2021\/03\/ar_hoy20210328-227x300.jpg 227w, https:\/\/www.diario5.com.ar\/wp-content\/uploads\/2021\/03\/ar_hoy20210328-768x1016.jpg 768w, https:\/\/www.diario5.com.ar\/wp-content\/uploads\/2021\/03\/ar_hoy20210328.jpg 850w\" sizes=\"(max-width: 774px) 100vw, 774px\" \/><\/p>\n<p><img decoding=\"async\" src=\"https:\/\/diario5.com.ar\/reemplazos\/2021\/03\/28\/ar\/ar_democracia.jpg\" \/><\/p>\n<p><img decoding=\"async\" src=\"https:\/\/diario5.com.ar\/reemplazos\/2021\/03\/28\/ar\/ar_capital_rosario.jpg\" \/><\/p>\n<p><img decoding=\"async\" src=\"https:\/\/diario5.com.ar\/reemplazos\/2021\/03\/28\/ar\/ar_nueva_provincia.jpg\" \/><\/p>\n<p><img decoding=\"async\" loading=\"lazy\" class=\"alignnone size-large wp-image-625952\" src=\"https:\/\/www.diario5.com.ar\/wp-content\/uploads\/2021\/03\/ar_ancasti20210328-760x1024.jpg\" width=\"760\" height=\"1024\" alt=\"Chispazos de oto\u00f1o\" title=\"Chispazos de oto\u00f1o\" srcset=\"https:\/\/www.diario5.com.ar\/wp-content\/uploads\/2021\/03\/ar_ancasti20210328-760x1024.jpg 760w, https:\/\/www.diario5.com.ar\/wp-content\/uploads\/2021\/03\/ar_ancasti20210328-223x300.jpg 223w, https:\/\/www.diario5.com.ar\/wp-content\/uploads\/2021\/03\/ar_ancasti20210328-768x1035.jpg 768w, https:\/\/www.diario5.com.ar\/wp-content\/uploads\/2021\/03\/ar_ancasti20210328.jpg 850w\" sizes=\"(max-width: 760px) 100vw, 760px\" \/><\/p>\n<p><img decoding=\"async\" src=\"https:\/\/diario5.com.ar\/reemplazos\/2021\/03\/28\/ar\/esquiu.jpg\" \/><\/p>\n<p><img decoding=\"async\" src=\"https:\/\/diario5.com.ar\/reemplazos\/2021\/03\/28\/ar\/ar_diario_norte.jpg\" \/>  <img decoding=\"async\" src=\"http:\/\/edicionimpresa.diariocastellanos.net\/diario\/pages\/1.jpg\" \/>  <\/p>\n<p><img decoding=\"async\" loading=\"lazy\" class=\"alignnone size-large wp-image-625953\" src=\"https:\/\/www.diario5.com.ar\/wp-content\/uploads\/2021\/03\/voz_chaco20210328-842x1024.jpg\" width=\"842\" height=\"1024\" alt=\"Chispazos de oto\u00f1o\" title=\"Chispazos de oto\u00f1o\" srcset=\"https:\/\/www.diario5.com.ar\/wp-content\/uploads\/2021\/03\/voz_chaco20210328-842x1024.jpg 842w, https:\/\/www.diario5.com.ar\/wp-content\/uploads\/2021\/03\/voz_chaco20210328-247x300.jpg 247w, https:\/\/www.diario5.com.ar\/wp-content\/uploads\/2021\/03\/voz_chaco20210328-768x934.jpg 768w, https:\/\/www.diario5.com.ar\/wp-content\/uploads\/2021\/03\/voz_chaco20210328.jpg 850w\" sizes=\"(max-width: 842px) 100vw, 842px\" \/><\/p>\n<p><img decoding=\"async\" loading=\"lazy\" class=\"alignnone size-full wp-image-625954\" src=\"https:\/\/www.diario5.com.ar\/wp-content\/uploads\/2021\/03\/ar_diario_madryn20210328.jpg\" width=\"764\" height=\"1011\" alt=\"Chispazos de oto\u00f1o\" title=\"Chispazos de oto\u00f1o\" srcset=\"https:\/\/www.diario5.com.ar\/wp-content\/uploads\/2021\/03\/ar_diario_madryn20210328.jpg 764w, https:\/\/www.diario5.com.ar\/wp-content\/uploads\/2021\/03\/ar_diario_madryn20210328-227x300.jpg 227w\" sizes=\"(max-width: 764px) 100vw, 764px\" \/><\/p>\n<p><img decoding=\"async\" loading=\"lazy\" class=\"alignnone size-large wp-image-625955\" src=\"https:\/\/www.diario5.com.ar\/wp-content\/uploads\/2021\/03\/ar_chubut20210328-792x1024.jpg\" width=\"792\" height=\"1024\" alt=\"Chispazos de oto\u00f1o\" title=\"Chispazos de oto\u00f1o\" srcset=\"https:\/\/www.diario5.com.ar\/wp-content\/uploads\/2021\/03\/ar_chubut20210328-792x1024.jpg 792w, https:\/\/www.diario5.com.ar\/wp-content\/uploads\/2021\/03\/ar_chubut20210328-232x300.jpg 232w, https:\/\/www.diario5.com.ar\/wp-content\/uploads\/2021\/03\/ar_chubut20210328-768x993.jpg 768w, https:\/\/www.diario5.com.ar\/wp-content\/uploads\/2021\/03\/ar_chubut20210328.jpg 850w\" sizes=\"(max-width: 792px) 100vw, 792px\" \/><\/p>\n<p><img decoding=\"async\" loading=\"lazy\" class=\"alignnone size-large wp-image-625956\" src=\"https:\/\/www.diario5.com.ar\/wp-content\/uploads\/2021\/03\/ar_epoca20210328-836x1024.jpg\" width=\"836\" height=\"1024\" alt=\"Chispazos de oto\u00f1o\" title=\"Chispazos de oto\u00f1o\" srcset=\"https:\/\/www.diario5.com.ar\/wp-content\/uploads\/2021\/03\/ar_epoca20210328-836x1024.jpg 836w, https:\/\/www.diario5.com.ar\/wp-content\/uploads\/2021\/03\/ar_epoca20210328-245x300.jpg 245w, https:\/\/www.diario5.com.ar\/wp-content\/uploads\/2021\/03\/ar_epoca20210328-768x941.jpg 768w, https:\/\/www.diario5.com.ar\/wp-content\/uploads\/2021\/03\/ar_epoca20210328.jpg 849w\" sizes=\"(max-width: 836px) 100vw, 836px\" \/><\/p>\n<p><img decoding=\"async\" loading=\"lazy\" class=\"alignnone size-large wp-image-625957\" src=\"https:\/\/www.diario5.com.ar\/wp-content\/uploads\/2021\/03\/ar_litoral20210328-785x1024.jpg\" width=\"785\" height=\"1024\" alt=\"Chispazos de oto\u00f1o\" title=\"Chispazos de oto\u00f1o\" srcset=\"https:\/\/www.diario5.com.ar\/wp-content\/uploads\/2021\/03\/ar_litoral20210328-785x1024.jpg 785w, https:\/\/www.diario5.com.ar\/wp-content\/uploads\/2021\/03\/ar_litoral20210328-230x300.jpg 230w, https:\/\/www.diario5.com.ar\/wp-content\/uploads\/2021\/03\/ar_litoral20210328-768x1002.jpg 768w, https:\/\/www.diario5.com.ar\/wp-content\/uploads\/2021\/03\/ar_litoral20210328.jpg 850w\" sizes=\"(max-width: 785px) 100vw, 785px\" \/><\/p>\n<p><img decoding=\"async\" src=\"https:\/\/diario5.com.ar\/reemplazos\/2021\/03\/28\/ar\/ar_heraldo.jpg\" \/><\/p>\n<p><img decoding=\"async\" src=\"https:\/\/diario5.com.ar\/reemplazos\/2021\/03\/28\/ar\/ar_manana_formosa.jpg\" \/><\/p>\n<p><img decoding=\"async\" src=\"https:\/\/diario5.com.ar\/reemplazos\/2021\/03\/28\/ar\/ar_diario_pampa.jpg\" \/><\/p>\n<p><img decoding=\"async\" src=\"https:\/\/diario5.com.ar\/reemplazos\/2021\/03\/28\/ar\/ar_pagina12.jpg\" \/><\/p>\n<p><img decoding=\"async\" loading=\"lazy\" class=\"alignnone size-large wp-image-625958\" src=\"https:\/\/www.diario5.com.ar\/wp-content\/uploads\/2021\/03\/ar_arena20210328-745x1024.jpg\" width=\"745\" height=\"1024\" alt=\"Chispazos de oto\u00f1o\" title=\"Chispazos de oto\u00f1o\" srcset=\"https:\/\/www.diario5.com.ar\/wp-content\/uploads\/2021\/03\/ar_arena20210328-745x1024.jpg 745w, https:\/\/www.diario5.com.ar\/wp-content\/uploads\/2021\/03\/ar_arena20210328-218x300.jpg 218w, https:\/\/www.diario5.com.ar\/wp-content\/uploads\/2021\/03\/ar_arena20210328-768x1056.jpg 768w, https:\/\/www.diario5.com.ar\/wp-content\/uploads\/2021\/03\/ar_arena20210328.jpg 850w\" sizes=\"(max-width: 745px) 100vw, 745px\" \/><\/p>\n<p><img decoding=\"async\" src=\"https:\/\/diario5.com.ar\/reemplazos\/2021\/03\/28\/ar\/independiente.jpg\" \/><\/p>\n<p><img decoding=\"async\" src=\"https:\/\/diario5.com.ar\/reemplazos\/2021\/03\/28\/ar\/ar_losandes.jpg\" \/><\/p>\n<p><img decoding=\"async\" src=\"https:\/\/diario5.com.ar\/reemplazos\/2021\/03\/28\/ar\/ar_tribuno.jpg\" \/><\/p>\n<p><img decoding=\"async\" src=\"https:\/\/diario5.com.ar\/reemplazos\/2021\/03\/28\/ar\/ar_rio_negro.jpg\" \/><\/p>\n<p><img decoding=\"async\" src=\"https:\/\/diario5.com.ar\/reemplazos\/2021\/03\/28\/ar\/ar_diario_cuyo.jpg\" \/><\/p>\n<p><img decoding=\"async\" src=\"https:\/\/diario5.com.ar\/reemplazos\/2021\/03\/28\/ar\/ar_litoral_sfe.jpg\" \/><\/p>\n<p><img decoding=\"async\" src=\"https:\/\/diario5.com.ar\/reemplazos\/2021\/03\/28\/ar\/ciudadano.jpg\" \/><\/p>\n<p><img decoding=\"async\" loading=\"lazy\" class=\"alignnone size-large wp-image-625959\" src=\"https:\/\/www.diario5.com.ar\/wp-content\/uploads\/2021\/03\/ar_mirador_provincial20210328-768x1024.jpg\" width=\"768\" height=\"1024\" alt=\"Chispazos de oto\u00f1o\" title=\"Chispazos de oto\u00f1o\" srcset=\"https:\/\/www.diario5.com.ar\/wp-content\/uploads\/2021\/03\/ar_mirador_provincial20210328-768x1024.jpg 768w, https:\/\/www.diario5.com.ar\/wp-content\/uploads\/2021\/03\/ar_mirador_provincial20210328-225x300.jpg 225w, https:\/\/www.diario5.com.ar\/wp-content\/uploads\/2021\/03\/ar_mirador_provincial20210328.jpg 850w\" sizes=\"(max-width: 768px) 100vw, 768px\" \/><\/p>\n<p><img decoding=\"async\" loading=\"lazy\" class=\"alignnone size-large wp-image-625960\" src=\"https:\/\/www.diario5.com.ar\/wp-content\/uploads\/2021\/03\/ar_gaceta20210328-609x1024.jpg\" width=\"609\" height=\"1024\" alt=\"Chispazos de oto\u00f1o\" title=\"Chispazos de oto\u00f1o\" srcset=\"https:\/\/www.diario5.com.ar\/wp-content\/uploads\/2021\/03\/ar_gaceta20210328-609x1024.jpg 609w, https:\/\/www.diario5.com.ar\/wp-content\/uploads\/2021\/03\/ar_gaceta20210328-178x300.jpg 178w, https:\/\/www.diario5.com.ar\/wp-content\/uploads\/2021\/03\/ar_gaceta20210328-768x1291.jpg 768w, https:\/\/www.diario5.com.ar\/wp-content\/uploads\/2021\/03\/ar_gaceta20210328.jpg 850w\" sizes=\"(max-width: 609px) 100vw, 609px\" \/><\/p>\n<p><img decoding=\"async\" src=\"https:\/\/diario5.com.ar\/reemplazos\/2021\/03\/28\/ar\/ar_cronica.jpg\" \/><\/p>\n<p><img decoding=\"async\" src=\"https:\/\/diario5.com.ar\/imgtapas\/\/\/ar\/nacion.jpg\" \/><\/p>\n<p><img decoding=\"async\" loading=\"lazy\" class=\"alignnone size-large wp-image-625961\" src=\"https:\/\/www.diario5.com.ar\/wp-content\/uploads\/2021\/03\/ar_clarin20210328-750x1024.jpg\" width=\"750\" height=\"1024\" alt=\"Chispazos de oto\u00f1o\" title=\"Chispazos de oto\u00f1o\" srcset=\"https:\/\/www.diario5.com.ar\/wp-content\/uploads\/2021\/03\/ar_clarin20210328-750x1024.jpg 750w, https:\/\/www.diario5.com.ar\/wp-content\/uploads\/2021\/03\/ar_clarin20210328-220x300.jpg 220w, https:\/\/www.diario5.com.ar\/wp-content\/uploads\/2021\/03\/ar_clarin20210328-768x1049.jpg 768w, https:\/\/www.diario5.com.ar\/wp-content\/uploads\/2021\/03\/ar_clarin20210328.jpg 850w\" sizes=\"(max-width: 750px) 100vw, 750px\" \/><\/p>\n<p>&#8211; &#8211; &#8211;<\/p>","protected":false},"excerpt":{"rendered":"<p>El Cierre del BAFICI se destaca en una agenda que quiere volver a abultarse pero va paso a paso. Los espect\u00e1culos y los eventos culturales van buscando hacer pie en los puntos donde lo presencial a\u00fan se presenta cono una rareza. Lentamente, va encamin\u00e1ndose la agenda. BAFICI Cierra hoy, domingo 28 de marzo. M\u00e1s informaci\u00f3n [&hellip;]<\/p>","protected":false},"author":1,"featured_media":625951,"comment_status":"open","ping_status":"open","sticky":false,"template":"","format":"standard","meta":[],"categories":[1],"tags":[],"series":[],"_links":{"self":[{"href":"https:\/\/www.diario5.com.ar\/es\/wp-json\/wp\/v2\/posts\/625573"}],"collection":[{"href":"https:\/\/www.diario5.com.ar\/es\/wp-json\/wp\/v2\/posts"}],"about":[{"href":"https:\/\/www.diario5.com.ar\/es\/wp-json\/wp\/v2\/types\/post"}],"author":[{"embeddable":true,"href":"https:\/\/www.diario5.com.ar\/es\/wp-json\/wp\/v2\/users\/1"}],"replies":[{"embeddable":true,"href":"https:\/\/www.diario5.com.ar\/es\/wp-json\/wp\/v2\/comments?post=625573"}],"version-history":[{"count":4,"href":"https:\/\/www.diario5.com.ar\/es\/wp-json\/wp\/v2\/posts\/625573\/revisions"}],"predecessor-version":[{"id":626386,"href":"https:\/\/www.diario5.com.ar\/es\/wp-json\/wp\/v2\/posts\/625573\/revisions\/626386"}],"wp:featuredmedia":[{"embeddable":true,"href":"https:\/\/www.diario5.com.ar\/es\/wp-json\/wp\/v2\/media\/625951"}],"wp:attachment":[{"href":"https:\/\/www.diario5.com.ar\/es\/wp-json\/wp\/v2\/media?parent=625573"}],"wp:term":[{"taxonomy":"category","embeddable":true,"href":"https:\/\/www.diario5.com.ar\/es\/wp-json\/wp\/v2\/categories?post=625573"},{"taxonomy":"post_tag","embeddable":true,"href":"https:\/\/www.diario5.com.ar\/es\/wp-json\/wp\/v2\/tags?post=625573"},{"taxonomy":"series","embeddable":true,"href":"https:\/\/www.diario5.com.ar\/es\/wp-json\/wp\/v2\/series?post=625573"}],"curies":[{"name":"wp","href":"https:\/\/api.w.org\/{rel}","templated":true}]}}