{"id":625481,"date":"2021-09-13T06:51:00","date_gmt":"2021-09-13T09:51:00","guid":{"rendered":"http:\/\/diario5.com.ar\/?p=625481"},"modified":"2023-09-09T10:36:23","modified_gmt":"2023-09-09T13:36:23","slug":"625481","status":"publish","type":"post","link":"https:\/\/www.diario5.com.ar\/es\/625481\/","title":{"rendered":"Bibliotecarios"},"content":{"rendered":"<h2 class=\"sub-title-primary\"><\/h2> <p><img decoding=\"async\" loading=\"lazy\" class=\"aligncenter size-full wp-image-680779\" src=\"https:\/\/www.diario5.com.ar\/wp-content\/uploads\/2023\/09\/google-is-a-librarian_-introducing-non-specialists-to-seo-60dc2b212a908-1280x72020230909-1.png\" width=\"700\" height=\"393\" srcset=\"https:\/\/www.diario5.com.ar\/wp-content\/uploads\/2023\/09\/google-is-a-librarian_-introducing-non-specialists-to-seo-60dc2b212a908-1280x72020230909-1.png 700w, https:\/\/www.diario5.com.ar\/wp-content\/uploads\/2023\/09\/google-is-a-librarian_-introducing-non-specialists-to-seo-60dc2b212a908-1280x72020230909-1-300x168.png 300w\" sizes=\"(max-width: 700px) 100vw, 700px\" \/><\/p>\n<p>El d\u00eda 13 de septiembre fue establecido como \u201cD\u00eda del Bibliotecario\u201d por el Congreso de Bibliotecarios reunidos en Santiago del Estero en el a\u00f1o 1942 y fue instituido como \u201cD\u00eda del Bibliotecario\u201d a nivel nacional, en 1954. Un d\u00eda como hoy se anunciaba la creaci\u00f3n de la Biblioteca P\u00fablica y los nombramientos de los primeros bibliotecarios oficiales.<\/p>\n<p>Este d\u00eda se corresponde con la edici\u00f3n de la \u201cGaceta de Buenos Aires\u201d del 13 de septiembre de 1810, en la que apareci\u00f3 un art\u00edculo titulado Educaci\u00f3n, escrito por Mariano Moreno, en el que informaba sobre la creaci\u00f3n por la Junta de Mayo de la Biblioteca P\u00fablica de Buenos Aires, hoy Biblioteca Nacional y de los nombramientos del Dr. Saturnino Segurola y Fray Cayetano Rodr\u00edguez, quienes fueron los primeros bibliotecarios oficiales de la nueva era de la Independencia de la Rep\u00fablica.<\/p>\n<p>Esta fecha tiene un gran valor hist\u00f3rico y cultural porque la Biblioteca Nacional fue creada a inspiraci\u00f3n del Dr. Mariano Moreno, Secretario de la Primera Junta de Gobierno de la Revoluci\u00f3n de Mayo.<\/p>\n<p>El bibliotecario desarrolla procedimientos para organizar la informaci\u00f3n, ayuda e instruye a los dem\u00e1s para identificar y acceder al conocimiento en sus diferentes formatos<\/p>\n<p>&nbsp;<\/p>\n<p><img decoding=\"async\" loading=\"lazy\" class=\"alignnone size-full wp-image-635012\" title=\"Bibliotecarios\" src=\"https:\/\/www.diario5.com.ar\/wp-content\/uploads\/2021\/09\/ar_diario_pampa20210913.jpg\" alt=\"Bibliotecarios\" width=\"764\" height=\"999\" srcset=\"https:\/\/www.diario5.com.ar\/wp-content\/uploads\/2021\/09\/ar_diario_pampa20210913.jpg 764w, https:\/\/www.diario5.com.ar\/wp-content\/uploads\/2021\/09\/ar_diario_pampa20210913-229x300.jpg 229w\" sizes=\"(max-width: 764px) 100vw, 764px\" \/><\/p>\n<p>&nbsp;<\/p>","protected":false},"excerpt":{"rendered":"<p>El d\u00eda 13 de septiembre fue establecido como \u201cD\u00eda del Bibliotecario\u201d por el Congreso de Bibliotecarios reunidos en Santiago del Estero en el a\u00f1o 1942 y fue instituido como \u201cD\u00eda del Bibliotecario\u201d a nivel nacional, en 1954. Un d\u00eda como hoy se anunciaba la creaci\u00f3n de la Biblioteca P\u00fablica y los nombramientos de los primeros [&hellip;]<\/p>","protected":false},"author":1,"featured_media":680779,"comment_status":"open","ping_status":"open","sticky":false,"template":"","format":"standard","meta":[],"categories":[5,56],"tags":[475,474,27,262],"series":[],"_links":{"self":[{"href":"https:\/\/www.diario5.com.ar\/es\/wp-json\/wp\/v2\/posts\/625481"}],"collection":[{"href":"https:\/\/www.diario5.com.ar\/es\/wp-json\/wp\/v2\/posts"}],"about":[{"href":"https:\/\/www.diario5.com.ar\/es\/wp-json\/wp\/v2\/types\/post"}],"author":[{"embeddable":true,"href":"https:\/\/www.diario5.com.ar\/es\/wp-json\/wp\/v2\/users\/1"}],"replies":[{"embeddable":true,"href":"https:\/\/www.diario5.com.ar\/es\/wp-json\/wp\/v2\/comments?post=625481"}],"version-history":[{"count":6,"href":"https:\/\/www.diario5.com.ar\/es\/wp-json\/wp\/v2\/posts\/625481\/revisions"}],"predecessor-version":[{"id":680780,"href":"https:\/\/www.diario5.com.ar\/es\/wp-json\/wp\/v2\/posts\/625481\/revisions\/680780"}],"wp:featuredmedia":[{"embeddable":true,"href":"https:\/\/www.diario5.com.ar\/es\/wp-json\/wp\/v2\/media\/680779"}],"wp:attachment":[{"href":"https:\/\/www.diario5.com.ar\/es\/wp-json\/wp\/v2\/media?parent=625481"}],"wp:term":[{"taxonomy":"category","embeddable":true,"href":"https:\/\/www.diario5.com.ar\/es\/wp-json\/wp\/v2\/categories?post=625481"},{"taxonomy":"post_tag","embeddable":true,"href":"https:\/\/www.diario5.com.ar\/es\/wp-json\/wp\/v2\/tags?post=625481"},{"taxonomy":"series","embeddable":true,"href":"https:\/\/www.diario5.com.ar\/es\/wp-json\/wp\/v2\/series?post=625481"}],"curies":[{"name":"wp","href":"https:\/\/api.w.org\/{rel}","templated":true}]}}