{"id":625475,"date":"2021-09-07T06:51:00","date_gmt":"2021-09-07T09:51:00","guid":{"rendered":"http:\/\/diario5.com.ar\/?p=625475"},"modified":"2021-09-07T21:15:42","modified_gmt":"2021-09-08T00:15:42","slug":"625475","status":"publish","type":"post","link":"https:\/\/www.diario5.com.ar\/es\/625475\/","title":{"rendered":"Arte a favor de la Fundaci\u00f3n Fern\u00e1ndez"},"content":{"rendered":"<h2 class=\"sub-title-primary\"><\/h2> <p><img decoding=\"async\" loading=\"lazy\" class=\"wp-image-634202 size-full alignright\" src=\"https:\/\/www.diario5.com.ar\/wp-content\/uploads\/2021\/09\/Fund_Fernandez_arte.jpg\" alt=\"\" width=\"767\" height=\"468\" srcset=\"https:\/\/www.diario5.com.ar\/wp-content\/uploads\/2021\/09\/Fund_Fernandez_arte.jpg 767w, https:\/\/www.diario5.com.ar\/wp-content\/uploads\/2021\/09\/Fund_Fernandez_arte-300x183.jpg 300w\" sizes=\"(max-width: 767px) 100vw, 767px\" \/><\/p>\n<p>Un importante grupo de artistas pl\u00e1sticos ser\u00e1 el faro de una cruzada solidaria. Sus obras de arte se exhiben en la web de Fundaci\u00f3n Fern\u00e1ndez.<\/p>\n<p>A partir de la cesi\u00f3n realizada por las tres prestigiosas galer\u00edas y dos de las artistas, queda abierta la posibilidad de adquirirlas de tal modo que se recaude a favor del Hospital.<\/p>\n<p>ODA (Oficina de Arte), Cecilia Caballero Arte Contempor\u00e1neo, LIGA y las artistas Delfina Bourse y Grace Ratto son los responsables de motorizar esta convocatoria a los interesados en la adquisici\u00f3n de valiosas expresiones de m\u00faltiples estilos.<\/p>\n<p>Los autores<\/p>\n<p>Ana Braconi, Andrea Alkalay, Andrea Juan, \u00c1ngela Copello, Azul Caverna, Carlos Ricci, Cecilia Ivanchevich, Delfina Bourse, Enrique Torroja, Eugenia Mendoza, Fabiana Barreda, F\u00e9lix San Mart\u00edn, Fernando Brizuela, Grace Ratto, Gustavo Rios, Ignacio de Lucca, Jessica Trosman, Jos\u00e9 Men\u00e9ndez Hume, Juan Stoppani, Julie Bergad\u00e1, Laura Spivak, Lu Garabello, Lucas Miguens, Lucila Grad\u00edn, Luis Rodr\u00edguez, Magdalena Frexias, Manuel Aja Espil, Mariana Sissia, Mariano Vilela, Martina Quesada, M\u00f3nica Fierro, Natalia Mart\u00ednez, Nushi Muntaabski, Patricio Larrambebere, Ramiro Gonz\u00e1lez Etchague, Sofia Spinnato, Tom\u00e1s Benedit, Tom\u00e1s Espina y Viviana Blanco.<\/p>\n<p>La Fundaci\u00f3n Fern\u00e1ndez tiene habilitado su WhatsApp, +54 11 4099 0408 y su email, info@fundaci\u00f3nfernandez.org, para el caso de quienes deseen conocer detalles para la compra de las unidades en cat\u00e1logo.<\/p>\n<p>La FF, como es habitual, encuentra m\u00faltiples mecanismos para abrir nuevos caminos que desemboquen en nuevas fuentes de ingreso de dinero para equipar de aparatolog\u00eda y accesorios m\u00e9dicos de todo nivel al Hospital Fern\u00e1ndez.<\/p>","protected":false},"excerpt":{"rendered":"<p>Un importante grupo de artistas pl\u00e1sticos ser\u00e1 el faro de una cruzada solidaria. Sus obras de arte se exhiben en la web de Fundaci\u00f3n Fern\u00e1ndez. A partir de la cesi\u00f3n realizada por las tres prestigiosas galer\u00edas y dos de las artistas, queda abierta la posibilidad de adquirirlas de tal modo que se recaude a favor [&hellip;]<\/p>","protected":false},"author":1,"featured_media":634202,"comment_status":"open","ping_status":"open","sticky":false,"template":"","format":"standard","meta":[],"categories":[5,22,52],"tags":[],"series":[],"_links":{"self":[{"href":"https:\/\/www.diario5.com.ar\/es\/wp-json\/wp\/v2\/posts\/625475"}],"collection":[{"href":"https:\/\/www.diario5.com.ar\/es\/wp-json\/wp\/v2\/posts"}],"about":[{"href":"https:\/\/www.diario5.com.ar\/es\/wp-json\/wp\/v2\/types\/post"}],"author":[{"embeddable":true,"href":"https:\/\/www.diario5.com.ar\/es\/wp-json\/wp\/v2\/users\/1"}],"replies":[{"embeddable":true,"href":"https:\/\/www.diario5.com.ar\/es\/wp-json\/wp\/v2\/comments?post=625475"}],"version-history":[{"count":9,"href":"https:\/\/www.diario5.com.ar\/es\/wp-json\/wp\/v2\/posts\/625475\/revisions"}],"predecessor-version":[{"id":634209,"href":"https:\/\/www.diario5.com.ar\/es\/wp-json\/wp\/v2\/posts\/625475\/revisions\/634209"}],"wp:featuredmedia":[{"embeddable":true,"href":"https:\/\/www.diario5.com.ar\/es\/wp-json\/wp\/v2\/media\/634202"}],"wp:attachment":[{"href":"https:\/\/www.diario5.com.ar\/es\/wp-json\/wp\/v2\/media?parent=625475"}],"wp:term":[{"taxonomy":"category","embeddable":true,"href":"https:\/\/www.diario5.com.ar\/es\/wp-json\/wp\/v2\/categories?post=625475"},{"taxonomy":"post_tag","embeddable":true,"href":"https:\/\/www.diario5.com.ar\/es\/wp-json\/wp\/v2\/tags?post=625475"},{"taxonomy":"series","embeddable":true,"href":"https:\/\/www.diario5.com.ar\/es\/wp-json\/wp\/v2\/series?post=625475"}],"curies":[{"name":"wp","href":"https:\/\/api.w.org\/{rel}","templated":true}]}}