{"id":625443,"date":"2021-08-06T11:30:00","date_gmt":"2021-08-06T14:30:00","guid":{"rendered":"http:\/\/diario5.com.ar\/?p=625443"},"modified":"2021-08-06T16:14:03","modified_gmt":"2021-08-06T19:14:03","slug":"625443","status":"publish","type":"post","link":"https:\/\/www.diario5.com.ar\/es\/625443\/","title":{"rendered":"Vigilia en la v\u00edspera de San Cayetano"},"content":{"rendered":"<h2 class=\"sub-title-primary\"><\/h2> <p>Esta noche, como cada a\u00f1o, habr\u00e1 vigilia en cercan\u00edas del Templo de San Cayetano, en el Barrio de Liniers de la Ciudad de Buenos Aires.<br \/>\nSe estima que este a\u00f1o, la demanda popular al Patrono del Trabajo ser\u00e1 mayor a la del mism\u00edsimo 7 de agosto del a\u00f1o pasado, en pleno c\u00edrculo de fuego de la pandemia por coronavirus, cuando todo estaba reci\u00e9n cerrado, vedado y suspendido.<\/p>\n<p>La imagen de Gaetano Thiene va a estar en el atrio de la Iglesia, sobre la calle Cuzco. No se podr\u00e1 ingresar al templo.<\/p>\n<p>Se establecer\u00e1 un circuito para acercarse a la imagen de San Cayetano y un equipo de coordinaci\u00f3n tendr\u00e1 a su cargo la fluida circulaci\u00f3n de los fieles, con distanciamiento y respetando toda un esquema protocolar que ser\u00e1 condici\u00f3n inviolable para estar presente en el patio de acceso y ver la estatua en las escalinatas de acceso al Santuario.<\/p>\n<p>En afiches que se observaron ayer en el centro porte\u00f1o, se prev\u00e9 que organizaciones sociales recorran la Av Rivadavia a trav\u00e9s de los 11 km que separan la Bas\u00edlica de la Plaza de Mayo, con el fin de complementar el habitual pedido de Pan, Paz y Trabajo al santo, con reclamo a las autoridades nacionales para mejorar la condici\u00f3n de los m\u00e1s vulnerables en el momento en que ya hace un buen tiempo que no se escucha hablar de IFE ni de nada parecido, mientras la inflaci\u00f3n galopa al ritmo en que lo hac\u00eda durante el gobierno de Isabel Per\u00f3n.<\/p>\n<p><img decoding=\"async\" loading=\"lazy\" class=\"alignnone size-large wp-image-632191\" src=\"https:\/\/www.diario5.com.ar\/wp-content\/uploads\/2021\/08\/ar_cronista20210806-1-721x1024.jpg\" width=\"721\" height=\"1024\" alt=\"Vigilia en la v\u00edspera de San Cayetano\" title=\"Vigilia en la v\u00edspera de San Cayetano\" srcset=\"https:\/\/www.diario5.com.ar\/wp-content\/uploads\/2021\/08\/ar_cronista20210806-1-721x1024.jpg 721w, https:\/\/www.diario5.com.ar\/wp-content\/uploads\/2021\/08\/ar_cronista20210806-1-211x300.jpg 211w, https:\/\/www.diario5.com.ar\/wp-content\/uploads\/2021\/08\/ar_cronista20210806-1.jpg 764w\" sizes=\"(max-width: 721px) 100vw, 721px\" \/><\/p>\n<p><img decoding=\"async\" loading=\"lazy\" class=\"alignnone size-large wp-image-632192\" src=\"https:\/\/www.diario5.com.ar\/wp-content\/uploads\/2021\/08\/la_capital20210806-1.jpgla_capital20210806-1-759x1024.jpg\" width=\"759\" height=\"1024\" alt=\"Vigilia en la v\u00edspera de San Cayetano\" title=\"Vigilia en la v\u00edspera de San Cayetano\" \/><\/p>\n<p><img decoding=\"async\" loading=\"lazy\" class=\"alignnone size-large wp-image-632193\" src=\"https:\/\/www.diario5.com.ar\/wp-content\/uploads\/2021\/08\/ar_ancasti20210806-1-760x1024.jpg\" width=\"760\" height=\"1024\" alt=\"Vigilia en la v\u00edspera de San Cayetano\" title=\"Vigilia en la v\u00edspera de San Cayetano\" srcset=\"https:\/\/www.diario5.com.ar\/wp-content\/uploads\/2021\/08\/ar_ancasti20210806-1-760x1024.jpg 760w, https:\/\/www.diario5.com.ar\/wp-content\/uploads\/2021\/08\/ar_ancasti20210806-1-223x300.jpg 223w, https:\/\/www.diario5.com.ar\/wp-content\/uploads\/2021\/08\/ar_ancasti20210806-1-768x1035.jpg 768w, https:\/\/www.diario5.com.ar\/wp-content\/uploads\/2021\/08\/ar_ancasti20210806-1.jpg 896w\" sizes=\"(max-width: 760px) 100vw, 760px\" \/><\/p>\n<p><img decoding=\"async\" loading=\"lazy\" class=\"alignnone size-large wp-image-632194\" src=\"https:\/\/www.diario5.com.ar\/wp-content\/uploads\/2021\/08\/voz_chaco20210806-1-828x1024.jpg\" width=\"828\" height=\"1024\" alt=\"Vigilia en la v\u00edspera de San Cayetano\" title=\"Vigilia en la v\u00edspera de San Cayetano\" srcset=\"https:\/\/www.diario5.com.ar\/wp-content\/uploads\/2021\/08\/voz_chaco20210806-1-828x1024.jpg 828w, https:\/\/www.diario5.com.ar\/wp-content\/uploads\/2021\/08\/voz_chaco20210806-1-243x300.jpg 243w, https:\/\/www.diario5.com.ar\/wp-content\/uploads\/2021\/08\/voz_chaco20210806-1-768x949.jpg 768w, https:\/\/www.diario5.com.ar\/wp-content\/uploads\/2021\/08\/voz_chaco20210806-1.jpg 1152w\" sizes=\"(max-width: 828px) 100vw, 828px\" \/><\/p>\n<p><img decoding=\"async\" loading=\"lazy\" class=\"alignnone size-large wp-image-632195\" src=\"https:\/\/www.diario5.com.ar\/wp-content\/uploads\/2021\/08\/ar_epoca20210806-1-864x1024.jpg\" width=\"864\" height=\"1024\" alt=\"Vigilia en la v\u00edspera de San Cayetano\" title=\"Vigilia en la v\u00edspera de San Cayetano\" srcset=\"https:\/\/www.diario5.com.ar\/wp-content\/uploads\/2021\/08\/ar_epoca20210806-1-864x1024.jpg 864w, https:\/\/www.diario5.com.ar\/wp-content\/uploads\/2021\/08\/ar_epoca20210806-1-253x300.jpg 253w, https:\/\/www.diario5.com.ar\/wp-content\/uploads\/2021\/08\/ar_epoca20210806-1-768x910.jpg 768w, https:\/\/www.diario5.com.ar\/wp-content\/uploads\/2021\/08\/ar_epoca20210806-1-1296x1536.jpg 1296w, https:\/\/www.diario5.com.ar\/wp-content\/uploads\/2021\/08\/ar_epoca20210806-1.jpg 1607w\" sizes=\"(max-width: 864px) 100vw, 864px\" \/><\/p>\n<p><img decoding=\"async\" loading=\"lazy\" class=\"alignnone size-large wp-image-632196\" src=\"https:\/\/www.diario5.com.ar\/wp-content\/uploads\/2021\/08\/ar_litoral20210806-1-770x1024.jpg\" width=\"770\" height=\"1024\" alt=\"Vigilia en la v\u00edspera de San Cayetano\" title=\"Vigilia en la v\u00edspera de San Cayetano\" srcset=\"https:\/\/www.diario5.com.ar\/wp-content\/uploads\/2021\/08\/ar_litoral20210806-1-770x1024.jpg 770w, https:\/\/www.diario5.com.ar\/wp-content\/uploads\/2021\/08\/ar_litoral20210806-1-226x300.jpg 226w, https:\/\/www.diario5.com.ar\/wp-content\/uploads\/2021\/08\/ar_litoral20210806-1-768x1021.jpg 768w, https:\/\/www.diario5.com.ar\/wp-content\/uploads\/2021\/08\/ar_litoral20210806-1.jpg 1119w\" sizes=\"(max-width: 770px) 100vw, 770px\" \/><\/p>\n<p><img decoding=\"async\" loading=\"lazy\" class=\"alignnone size-full wp-image-632197\" src=\"https:\/\/www.diario5.com.ar\/wp-content\/uploads\/2021\/08\/ar_diario_pampa20210806-1.jpg\" width=\"764\" height=\"1025\" alt=\"Vigilia en la v\u00edspera de San Cayetano\" title=\"Vigilia en la v\u00edspera de San Cayetano\" srcset=\"https:\/\/www.diario5.com.ar\/wp-content\/uploads\/2021\/08\/ar_diario_pampa20210806-1.jpg 764w, https:\/\/www.diario5.com.ar\/wp-content\/uploads\/2021\/08\/ar_diario_pampa20210806-1-224x300.jpg 224w\" sizes=\"(max-width: 764px) 100vw, 764px\" \/><\/p>\n<p><img decoding=\"async\" loading=\"lazy\" class=\"alignnone size-large wp-image-632198\" src=\"https:\/\/www.diario5.com.ar\/wp-content\/uploads\/2021\/08\/ar_pagina1220210806-820x1024.jpg\" width=\"820\" height=\"1024\" alt=\"Vigilia en la v\u00edspera de San Cayetano\" title=\"Vigilia en la v\u00edspera de San Cayetano\" srcset=\"https:\/\/www.diario5.com.ar\/wp-content\/uploads\/2021\/08\/ar_pagina1220210806-820x1024.jpg 820w, https:\/\/www.diario5.com.ar\/wp-content\/uploads\/2021\/08\/ar_pagina1220210806-240x300.jpg 240w, https:\/\/www.diario5.com.ar\/wp-content\/uploads\/2021\/08\/ar_pagina1220210806-768x959.jpg 768w, https:\/\/www.diario5.com.ar\/wp-content\/uploads\/2021\/08\/ar_pagina1220210806.jpg 1062w\" sizes=\"(max-width: 820px) 100vw, 820px\" \/><\/p>\n<p><img decoding=\"async\" loading=\"lazy\" class=\"alignnone size-large wp-image-632199\" src=\"https:\/\/www.diario5.com.ar\/wp-content\/uploads\/2021\/08\/ar_arena20210806-1-742x1024.jpg\" width=\"742\" height=\"1024\" alt=\"Vigilia en la v\u00edspera de San Cayetano\" title=\"Vigilia en la v\u00edspera de San Cayetano\" srcset=\"https:\/\/www.diario5.com.ar\/wp-content\/uploads\/2021\/08\/ar_arena20210806-1-742x1024.jpg 742w, https:\/\/www.diario5.com.ar\/wp-content\/uploads\/2021\/08\/ar_arena20210806-1-217x300.jpg 217w, https:\/\/www.diario5.com.ar\/wp-content\/uploads\/2021\/08\/ar_arena20210806-1-768x1060.jpg 768w, https:\/\/www.diario5.com.ar\/wp-content\/uploads\/2021\/08\/ar_arena20210806-1-1113x1536.jpg 1113w, https:\/\/www.diario5.com.ar\/wp-content\/uploads\/2021\/08\/ar_arena20210806-1.jpg 1383w\" sizes=\"(max-width: 742px) 100vw, 742px\" \/><\/p>\n<p><img decoding=\"async\" loading=\"lazy\" class=\"alignnone size-large wp-image-632200\" src=\"https:\/\/www.diario5.com.ar\/wp-content\/uploads\/2021\/08\/independiente20210806-744x1024.jpg\" width=\"744\" height=\"1024\" alt=\"Vigilia en la v\u00edspera de San Cayetano\" title=\"Vigilia en la v\u00edspera de San Cayetano\" srcset=\"https:\/\/www.diario5.com.ar\/wp-content\/uploads\/2021\/08\/independiente20210806-744x1024.jpg 744w, https:\/\/www.diario5.com.ar\/wp-content\/uploads\/2021\/08\/independiente20210806-218x300.jpg 218w, https:\/\/www.diario5.com.ar\/wp-content\/uploads\/2021\/08\/independiente20210806-768x1057.jpg 768w, https:\/\/www.diario5.com.ar\/wp-content\/uploads\/2021\/08\/independiente20210806.jpg 814w\" sizes=\"(max-width: 744px) 100vw, 744px\" \/><\/p>\n<p><img decoding=\"async\" loading=\"lazy\" class=\"alignnone size-large wp-image-632201\" src=\"https:\/\/www.diario5.com.ar\/wp-content\/uploads\/2021\/08\/ar_losandes20210806-1-743x1024.jpg\" width=\"743\" height=\"1024\" alt=\"Vigilia en la v\u00edspera de San Cayetano\" title=\"Vigilia en la v\u00edspera de San Cayetano\" srcset=\"https:\/\/www.diario5.com.ar\/wp-content\/uploads\/2021\/08\/ar_losandes20210806-1-743x1024.jpg 743w, https:\/\/www.diario5.com.ar\/wp-content\/uploads\/2021\/08\/ar_losandes20210806-1-218x300.jpg 218w, https:\/\/www.diario5.com.ar\/wp-content\/uploads\/2021\/08\/ar_losandes20210806-1.jpg 764w\" sizes=\"(max-width: 743px) 100vw, 743px\" \/><\/p>\n<p><img decoding=\"async\" loading=\"lazy\" class=\"alignnone size-full wp-image-632202\" src=\"https:\/\/www.diario5.com.ar\/wp-content\/uploads\/2021\/08\/ar_tribuno20210806-1.jpg\" width=\"764\" height=\"1008\" alt=\"Vigilia en la v\u00edspera de San Cayetano\" title=\"Vigilia en la v\u00edspera de San Cayetano\" srcset=\"https:\/\/www.diario5.com.ar\/wp-content\/uploads\/2021\/08\/ar_tribuno20210806-1.jpg 764w, https:\/\/www.diario5.com.ar\/wp-content\/uploads\/2021\/08\/ar_tribuno20210806-1-227x300.jpg 227w\" sizes=\"(max-width: 764px) 100vw, 764px\" \/><\/p>\n<p><img decoding=\"async\" loading=\"lazy\" class=\"alignnone size-large wp-image-632203\" src=\"https:\/\/www.diario5.com.ar\/wp-content\/uploads\/2021\/08\/lea20210806-798x1024.jpg\" width=\"798\" height=\"1024\" alt=\"Vigilia en la v\u00edspera de San Cayetano\" title=\"Vigilia en la v\u00edspera de San Cayetano\" srcset=\"https:\/\/www.diario5.com.ar\/wp-content\/uploads\/2021\/08\/lea20210806-798x1024.jpg 798w, https:\/\/www.diario5.com.ar\/wp-content\/uploads\/2021\/08\/lea20210806-234x300.jpg 234w, https:\/\/www.diario5.com.ar\/wp-content\/uploads\/2021\/08\/lea20210806-768x985.jpg 768w, https:\/\/www.diario5.com.ar\/wp-content\/uploads\/2021\/08\/lea20210806-1198x1536.jpg 1198w, https:\/\/www.diario5.com.ar\/wp-content\/uploads\/2021\/08\/lea20210806-1597x2048.jpg 1597w, https:\/\/www.diario5.com.ar\/wp-content\/uploads\/2021\/08\/lea20210806.jpg 1907w\" sizes=\"(max-width: 798px) 100vw, 798px\" \/><\/p>\n<p><img decoding=\"async\" loading=\"lazy\" class=\"alignnone size-full wp-image-632204\" src=\"https:\/\/www.diario5.com.ar\/wp-content\/uploads\/2021\/08\/huarpe20210806-1.jpg\" width=\"764\" height=\"948\" alt=\"Vigilia en la v\u00edspera de San Cayetano\" title=\"Vigilia en la v\u00edspera de San Cayetano\" srcset=\"https:\/\/www.diario5.com.ar\/wp-content\/uploads\/2021\/08\/huarpe20210806-1.jpg 764w, https:\/\/www.diario5.com.ar\/wp-content\/uploads\/2021\/08\/huarpe20210806-1-242x300.jpg 242w\" sizes=\"(max-width: 764px) 100vw, 764px\" \/><\/p>\n<p><img decoding=\"async\" loading=\"lazy\" class=\"alignnone size-large wp-image-632205\" src=\"https:\/\/www.diario5.com.ar\/wp-content\/uploads\/2021\/08\/ar_litoral_sfe20210806-1-762x1024.jpg\" width=\"762\" height=\"1024\" alt=\"Vigilia en la v\u00edspera de San Cayetano\" title=\"Vigilia en la v\u00edspera de San Cayetano\" srcset=\"https:\/\/www.diario5.com.ar\/wp-content\/uploads\/2021\/08\/ar_litoral_sfe20210806-1-762x1024.jpg 762w, https:\/\/www.diario5.com.ar\/wp-content\/uploads\/2021\/08\/ar_litoral_sfe20210806-1-223x300.jpg 223w, https:\/\/www.diario5.com.ar\/wp-content\/uploads\/2021\/08\/ar_litoral_sfe20210806-1-768x1032.jpg 768w, https:\/\/www.diario5.com.ar\/wp-content\/uploads\/2021\/08\/ar_litoral_sfe20210806-1.jpg 1024w\" sizes=\"(max-width: 762px) 100vw, 762px\" \/><\/p>\n<p><img decoding=\"async\" loading=\"lazy\" class=\"alignnone size-large wp-image-632206\" src=\"https:\/\/www.diario5.com.ar\/wp-content\/uploads\/2021\/08\/ciudadano20210806-1-765x1024.jpg\" width=\"765\" height=\"1024\" alt=\"Vigilia en la v\u00edspera de San Cayetano\" title=\"Vigilia en la v\u00edspera de San Cayetano\" srcset=\"https:\/\/www.diario5.com.ar\/wp-content\/uploads\/2021\/08\/ciudadano20210806-1-765x1024.jpg 765w, https:\/\/www.diario5.com.ar\/wp-content\/uploads\/2021\/08\/ciudadano20210806-1-224x300.jpg 224w, https:\/\/www.diario5.com.ar\/wp-content\/uploads\/2021\/08\/ciudadano20210806-1-768x1029.jpg 768w, https:\/\/www.diario5.com.ar\/wp-content\/uploads\/2021\/08\/ciudadano20210806-1.jpg 896w\" sizes=\"(max-width: 765px) 100vw, 765px\" \/><\/p>\n<p><img decoding=\"async\" loading=\"lazy\" class=\"alignnone size-large wp-image-632207\" src=\"https:\/\/www.diario5.com.ar\/wp-content\/uploads\/2021\/08\/ar_mirador_provincial20210806-1-768x1024.jpg\" width=\"768\" height=\"1024\" alt=\"Vigilia en la v\u00edspera de San Cayetano\" title=\"Vigilia en la v\u00edspera de San Cayetano\" srcset=\"https:\/\/www.diario5.com.ar\/wp-content\/uploads\/2021\/08\/ar_mirador_provincial20210806-1-768x1025.jpg 768w, https:\/\/www.diario5.com.ar\/wp-content\/uploads\/2021\/08\/ar_mirador_provincial20210806-1-225x300.jpg 225w, https:\/\/www.diario5.com.ar\/wp-content\/uploads\/2021\/08\/ar_mirador_provincial20210806-1.jpg 1024w\" sizes=\"(max-width: 768px) 100vw, 768px\" \/><\/p>\n<p><img decoding=\"async\" loading=\"lazy\" class=\"alignnone size-large wp-image-632208\" src=\"https:\/\/www.diario5.com.ar\/wp-content\/uploads\/2021\/08\/ar_gaceta20210806.jpgar_gaceta20210806-618x1024.jpg\" width=\"618\" height=\"1024\" alt=\"Vigilia en la v\u00edspera de San Cayetano\" title=\"Vigilia en la v\u00edspera de San Cayetano\" \/><\/p>\n<p><img decoding=\"async\" loading=\"lazy\" class=\"alignnone size-large wp-image-632209\" src=\"https:\/\/www.diario5.com.ar\/wp-content\/uploads\/2021\/08\/ar_cronica20210806-1-875x1024.jpg\" width=\"875\" height=\"1024\" alt=\"Vigilia en la v\u00edspera de San Cayetano\" title=\"Vigilia en la v\u00edspera de San Cayetano\" srcset=\"https:\/\/www.diario5.com.ar\/wp-content\/uploads\/2021\/08\/ar_cronica20210806-1-875x1024.jpg 875w, https:\/\/www.diario5.com.ar\/wp-content\/uploads\/2021\/08\/ar_cronica20210806-1-256x300.jpg 256w, https:\/\/www.diario5.com.ar\/wp-content\/uploads\/2021\/08\/ar_cronica20210806-1-768x899.jpg 768w, https:\/\/www.diario5.com.ar\/wp-content\/uploads\/2021\/08\/ar_cronica20210806-1-1312x1536.jpg 1312w, https:\/\/www.diario5.com.ar\/wp-content\/uploads\/2021\/08\/ar_cronica20210806-1.jpg 1599w\" sizes=\"(max-width: 875px) 100vw, 875px\" \/><\/p>\n<p><img decoding=\"async\" loading=\"lazy\" class=\"alignnone size-large wp-image-632210\" src=\"https:\/\/www.diario5.com.ar\/wp-content\/uploads\/2021\/08\/ar_clarin20210806-1-746x1024.jpg\" width=\"746\" height=\"1024\" alt=\"Vigilia en la v\u00edspera de San Cayetano\" title=\"Vigilia en la v\u00edspera de San Cayetano\" srcset=\"https:\/\/www.diario5.com.ar\/wp-content\/uploads\/2021\/08\/ar_clarin20210806-1-746x1024.jpg 746w, https:\/\/www.diario5.com.ar\/wp-content\/uploads\/2021\/08\/ar_clarin20210806-1-218x300.jpg 218w, https:\/\/www.diario5.com.ar\/wp-content\/uploads\/2021\/08\/ar_clarin20210806-1-768x1055.jpg 768w, https:\/\/www.diario5.com.ar\/wp-content\/uploads\/2021\/08\/ar_clarin20210806-1-1119x1536.jpg 1119w, https:\/\/www.diario5.com.ar\/wp-content\/uploads\/2021\/08\/ar_clarin20210806-1.jpg 1479w\" sizes=\"(max-width: 746px) 100vw, 746px\" \/><\/p>\n<p><img decoding=\"async\" loading=\"lazy\" class=\"alignnone size-large wp-image-632211\" src=\"https:\/\/www.diario5.com.ar\/wp-content\/uploads\/2021\/08\/nacion20210806-1-675x1024.jpg\" width=\"675\" height=\"1024\" alt=\"Vigilia en la v\u00edspera de San Cayetano\" title=\"Vigilia en la v\u00edspera de San Cayetano\" srcset=\"https:\/\/www.diario5.com.ar\/wp-content\/uploads\/2021\/08\/nacion20210806-1-675x1024.jpg 675w, https:\/\/www.diario5.com.ar\/wp-content\/uploads\/2021\/08\/nacion20210806-1-198x300.jpg 198w, https:\/\/www.diario5.com.ar\/wp-content\/uploads\/2021\/08\/nacion20210806-1.jpg 764w\" sizes=\"(max-width: 675px) 100vw, 675px\" \/><\/p>\n<p><img decoding=\"async\" loading=\"lazy\" class=\"alignnone size-large wp-image-632212\" src=\"https:\/\/www.diario5.com.ar\/wp-content\/uploads\/2021\/08\/nuevo_diario20210806-1-737x1024.jpg\" width=\"737\" height=\"1024\" alt=\"Vigilia en la v\u00edspera de San Cayetano\" title=\"Vigilia en la v\u00edspera de San Cayetano\" srcset=\"https:\/\/www.diario5.com.ar\/wp-content\/uploads\/2021\/08\/nuevo_diario20210806-1-737x1024.jpg 737w, https:\/\/www.diario5.com.ar\/wp-content\/uploads\/2021\/08\/nuevo_diario20210806-1-216x300.jpg 216w, https:\/\/www.diario5.com.ar\/wp-content\/uploads\/2021\/08\/nuevo_diario20210806-1.jpg 764w\" sizes=\"(max-width: 737px) 100vw, 737px\" \/><\/p>\n<p>URUGUAY<br \/>\n<img decoding=\"async\" loading=\"lazy\" class=\"alignnone size-large wp-image-632213\" src=\"https:\/\/www.diario5.com.ar\/wp-content\/uploads\/2021\/08\/uy_republica20210806-1.jpguy_republica20210806-1-698x1024.jpg\" width=\"698\" height=\"1024\" alt=\"Vigilia en la v\u00edspera de San Cayetano\" title=\"Vigilia en la v\u00edspera de San Cayetano\" \/><\/p>\n<p><img decoding=\"async\" loading=\"lazy\" class=\"alignnone size-full wp-image-632214\" src=\"https:\/\/www.diario5.com.ar\/wp-content\/uploads\/2021\/08\/uy_ladiaria20210806-1.jpg\" width=\"764\" height=\"1011\" alt=\"Vigilia en la v\u00edspera de San Cayetano\" title=\"Vigilia en la v\u00edspera de San Cayetano\" srcset=\"https:\/\/www.diario5.com.ar\/wp-content\/uploads\/2021\/08\/uy_ladiaria20210806-1.jpg 764w, https:\/\/www.diario5.com.ar\/wp-content\/uploads\/2021\/08\/uy_ladiaria20210806-1-227x300.jpg 227w\" sizes=\"(max-width: 764px) 100vw, 764px\" \/><\/p>\n<p><img decoding=\"async\" loading=\"lazy\" class=\"alignnone size-full wp-image-632215\" src=\"https:\/\/www.diario5.com.ar\/wp-content\/uploads\/2021\/08\/uy_observador20210806-1.jpg\" width=\"764\" height=\"1004\" alt=\"Vigilia en la v\u00edspera de San Cayetano\" title=\"Vigilia en la v\u00edspera de San Cayetano\" srcset=\"https:\/\/www.diario5.com.ar\/wp-content\/uploads\/2021\/08\/uy_observador20210806-1.jpg 764w, https:\/\/www.diario5.com.ar\/wp-content\/uploads\/2021\/08\/uy_observador20210806-1-228x300.jpg 228w\" sizes=\"(max-width: 764px) 100vw, 764px\" \/><\/p>\n<p>BRASIL<br \/>\n<img decoding=\"async\" loading=\"lazy\" class=\"alignnone size-large wp-image-632216\" src=\"https:\/\/www.diario5.com.ar\/wp-content\/uploads\/2021\/08\/br_folha_spaulo20210806-1-580x1024.jpg\" width=\"580\" height=\"1024\" alt=\"Vigilia en la v\u00edspera de San Cayetano\" title=\"Vigilia en la v\u00edspera de San Cayetano\" srcset=\"https:\/\/www.diario5.com.ar\/wp-content\/uploads\/2021\/08\/br_folha_spaulo20210806-1-580x1024.jpg 580w, https:\/\/www.diario5.com.ar\/wp-content\/uploads\/2021\/08\/br_folha_spaulo20210806-1-170x300.jpg 170w, https:\/\/www.diario5.com.ar\/wp-content\/uploads\/2021\/08\/br_folha_spaulo20210806-1-768x1357.jpg 768w, https:\/\/www.diario5.com.ar\/wp-content\/uploads\/2021\/08\/br_folha_spaulo20210806-1.jpg 813w\" sizes=\"(max-width: 580px) 100vw, 580px\" \/><\/p>\n<p><img decoding=\"async\" loading=\"lazy\" class=\"alignnone size-large wp-image-632217\" src=\"https:\/\/www.diario5.com.ar\/wp-content\/uploads\/2021\/08\/br_estado_spaulo20210806-604x1024.jpg\" width=\"604\" height=\"1024\" alt=\"Vigilia en la v\u00edspera de San Cayetano\" title=\"Vigilia en la v\u00edspera de San Cayetano\" srcset=\"https:\/\/www.diario5.com.ar\/wp-content\/uploads\/2021\/08\/br_estado_spaulo20210806-604x1024.jpg 604w, https:\/\/www.diario5.com.ar\/wp-content\/uploads\/2021\/08\/br_estado_spaulo20210806-177x300.jpg 177w, https:\/\/www.diario5.com.ar\/wp-content\/uploads\/2021\/08\/br_estado_spaulo20210806.jpg 764w\" sizes=\"(max-width: 604px) 100vw, 604px\" \/><\/p>\n<p><img decoding=\"async\" loading=\"lazy\" class=\"alignnone size-large wp-image-632218\" src=\"https:\/\/www.diario5.com.ar\/wp-content\/uploads\/2021\/08\/br_oglobo20210806-577x1024.jpg\" width=\"577\" height=\"1024\" alt=\"Vigilia en la v\u00edspera de San Cayetano\" title=\"Vigilia en la v\u00edspera de San Cayetano\" srcset=\"https:\/\/www.diario5.com.ar\/wp-content\/uploads\/2021\/08\/br_oglobo20210806-577x1024.jpg 577w, https:\/\/www.diario5.com.ar\/wp-content\/uploads\/2021\/08\/br_oglobo20210806-169x300.jpg 169w, https:\/\/www.diario5.com.ar\/wp-content\/uploads\/2021\/08\/br_oglobo20210806-768x1363.jpg 768w, https:\/\/www.diario5.com.ar\/wp-content\/uploads\/2021\/08\/br_oglobo20210806-866x1536.jpg 866w, https:\/\/www.diario5.com.ar\/wp-content\/uploads\/2021\/08\/br_oglobo20210806.jpg 1104w\" sizes=\"(max-width: 577px) 100vw, 577px\" \/><\/p>\n<p><img decoding=\"async\" loading=\"lazy\" class=\"alignnone size-large wp-image-632219\" src=\"https:\/\/www.diario5.com.ar\/wp-content\/uploads\/2021\/08\/br_tribuna_bahia20210806.jpgbr_tribuna_bahia20210806-550x1024.jpg\" width=\"550\" height=\"1024\" alt=\"Vigilia en la v\u00edspera de San Cayetano\" title=\"Vigilia en la v\u00edspera de San Cayetano\" \/><\/p>\n<p><img decoding=\"async\" loading=\"lazy\" class=\"alignnone size-large wp-image-632220\" src=\"https:\/\/www.diario5.com.ar\/wp-content\/uploads\/2021\/08\/br_extra20210806-589x1024.jpg\" width=\"589\" height=\"1024\" alt=\"Vigilia en la v\u00edspera de San Cayetano\" title=\"Vigilia en la v\u00edspera de San Cayetano\" srcset=\"https:\/\/www.diario5.com.ar\/wp-content\/uploads\/2021\/08\/br_extra20210806-589x1024.jpg 589w, https:\/\/www.diario5.com.ar\/wp-content\/uploads\/2021\/08\/br_extra20210806-172x300.jpg 172w, https:\/\/www.diario5.com.ar\/wp-content\/uploads\/2021\/08\/br_extra20210806.jpg 764w\" sizes=\"(max-width: 589px) 100vw, 589px\" \/><\/p>\n<p>PARAGUAY<\/p>\n<p><img decoding=\"async\" loading=\"lazy\" class=\"alignnone size-large wp-image-632221\" src=\"https:\/\/www.diario5.com.ar\/wp-content\/uploads\/2021\/08\/nacion20210806-2-756x1024.jpg\" width=\"756\" height=\"1024\" alt=\"Vigilia en la v\u00edspera de San Cayetano\" title=\"Vigilia en la v\u00edspera de San Cayetano\" srcset=\"https:\/\/www.diario5.com.ar\/wp-content\/uploads\/2021\/08\/nacion20210806-2-756x1024.jpg 756w, https:\/\/www.diario5.com.ar\/wp-content\/uploads\/2021\/08\/nacion20210806-2-222x300.jpg 222w, https:\/\/www.diario5.com.ar\/wp-content\/uploads\/2021\/08\/nacion20210806-2-768x1040.jpg 768w, https:\/\/www.diario5.com.ar\/wp-content\/uploads\/2021\/08\/nacion20210806-2-1134x1536.jpg 1134w, https:\/\/www.diario5.com.ar\/wp-content\/uploads\/2021\/08\/nacion20210806-2-1512x2048.jpg 1512w, https:\/\/www.diario5.com.ar\/wp-content\/uploads\/2021\/08\/nacion20210806-2.jpg 1575w\" sizes=\"(max-width: 756px) 100vw, 756px\" \/><\/p>\n<p><img decoding=\"async\" loading=\"lazy\" class=\"alignnone size-large wp-image-632222\" src=\"https:\/\/www.diario5.com.ar\/wp-content\/uploads\/2021\/08\/py_ultimahora20210806-757x1024.jpg\" width=\"757\" height=\"1024\" alt=\"Vigilia en la v\u00edspera de San Cayetano\" title=\"Vigilia en la v\u00edspera de San Cayetano\" srcset=\"https:\/\/www.diario5.com.ar\/wp-content\/uploads\/2021\/08\/py_ultimahora20210806-757x1024.jpg 757w, https:\/\/www.diario5.com.ar\/wp-content\/uploads\/2021\/08\/py_ultimahora20210806-222x300.jpg 222w, https:\/\/www.diario5.com.ar\/wp-content\/uploads\/2021\/08\/py_ultimahora20210806.jpg 764w\" sizes=\"(max-width: 757px) 100vw, 757px\" \/><\/p>\n<p><img decoding=\"async\" loading=\"lazy\" class=\"alignnone size-large wp-image-632223\" src=\"https:\/\/www.diario5.com.ar\/wp-content\/uploads\/2021\/08\/cronica20210806-768x1024.jpg\" width=\"768\" height=\"1024\" alt=\"Vigilia en la v\u00edspera de San Cayetano\" title=\"Vigilia en la v\u00edspera de San Cayetano\" srcset=\"https:\/\/www.diario5.com.ar\/wp-content\/uploads\/2021\/08\/cronica20210806-768x1025.jpg 768w, https:\/\/www.diario5.com.ar\/wp-content\/uploads\/2021\/08\/cronica20210806-225x300.jpg 225w, https:\/\/www.diario5.com.ar\/wp-content\/uploads\/2021\/08\/cronica20210806.jpg 985w\" sizes=\"(max-width: 768px) 100vw, 768px\" \/><\/p>\n<p><img decoding=\"async\" loading=\"lazy\" class=\"alignnone size-large wp-image-632224\" src=\"https:\/\/www.diario5.com.ar\/wp-content\/uploads\/2021\/08\/py_5dias20210806-762x1024.jpg\" width=\"762\" height=\"1024\" alt=\"Vigilia en la v\u00edspera de San Cayetano\" title=\"Vigilia en la v\u00edspera de San Cayetano\" srcset=\"https:\/\/www.diario5.com.ar\/wp-content\/uploads\/2021\/08\/py_5dias20210806-762x1024.jpg 762w, https:\/\/www.diario5.com.ar\/wp-content\/uploads\/2021\/08\/py_5dias20210806-223x300.jpg 223w, https:\/\/www.diario5.com.ar\/wp-content\/uploads\/2021\/08\/py_5dias20210806-768x1032.jpg 768w, https:\/\/www.diario5.com.ar\/wp-content\/uploads\/2021\/08\/py_5dias20210806.jpg 928w\" sizes=\"(max-width: 762px) 100vw, 762px\" \/><\/p>\n<p>CHILE<br \/>\n<img decoding=\"async\" loading=\"lazy\" class=\"alignnone size-large wp-image-632225\" src=\"https:\/\/www.diario5.com.ar\/wp-content\/uploads\/2021\/08\/cl_mercurio20210806-564x1024.jpg\" width=\"564\" height=\"1024\" alt=\"Vigilia en la v\u00edspera de San Cayetano\" title=\"Vigilia en la v\u00edspera de San Cayetano\" srcset=\"https:\/\/www.diario5.com.ar\/wp-content\/uploads\/2021\/08\/cl_mercurio20210806-564x1024.jpg 564w, https:\/\/www.diario5.com.ar\/wp-content\/uploads\/2021\/08\/cl_mercurio20210806-165x300.jpg 165w, https:\/\/www.diario5.com.ar\/wp-content\/uploads\/2021\/08\/cl_mercurio20210806.jpg 764w\" sizes=\"(max-width: 564px) 100vw, 564px\" \/><\/p>\n<p><img decoding=\"async\" loading=\"lazy\" class=\"alignnone size-full wp-image-632226\" src=\"https:\/\/www.diario5.com.ar\/wp-content\/uploads\/2021\/08\/cl_ultimas_noticias20210806.jpg\" width=\"792\" height=\"976\" alt=\"Vigilia en la v\u00edspera de San Cayetano\" title=\"Vigilia en la v\u00edspera de San Cayetano\" srcset=\"https:\/\/www.diario5.com.ar\/wp-content\/uploads\/2021\/08\/cl_ultimas_noticias20210806.jpg 792w, https:\/\/www.diario5.com.ar\/wp-content\/uploads\/2021\/08\/cl_ultimas_noticias20210806-243x300.jpg 243w, https:\/\/www.diario5.com.ar\/wp-content\/uploads\/2021\/08\/cl_ultimas_noticias20210806-768x946.jpg 768w\" sizes=\"(max-width: 792px) 100vw, 792px\" \/><\/p>\n<p><img decoding=\"async\" loading=\"lazy\" class=\"alignnone size-full wp-image-632227\" src=\"https:\/\/www.diario5.com.ar\/wp-content\/uploads\/2021\/08\/cl_diario_financiero20210806.jpg\" width=\"764\" height=\"981\" alt=\"Vigilia en la v\u00edspera de San Cayetano\" title=\"Vigilia en la v\u00edspera de San Cayetano\" srcset=\"https:\/\/www.diario5.com.ar\/wp-content\/uploads\/2021\/08\/cl_diario_financiero20210806.jpg 764w, https:\/\/www.diario5.com.ar\/wp-content\/uploads\/2021\/08\/cl_diario_financiero20210806-234x300.jpg 234w\" sizes=\"(max-width: 764px) 100vw, 764px\" \/><\/p>\n<p><img decoding=\"async\" loading=\"lazy\" class=\"alignnone size-large wp-image-632228\" src=\"https:\/\/www.diario5.com.ar\/wp-content\/uploads\/2021\/08\/estrella_iquique20210806-814x1024.jpg\" width=\"814\" height=\"1024\" alt=\"Vigilia en la v\u00edspera de San Cayetano\" title=\"Vigilia en la v\u00edspera de San Cayetano\" srcset=\"https:\/\/www.diario5.com.ar\/wp-content\/uploads\/2021\/08\/estrella_iquique20210806-814x1024.jpg 814w, https:\/\/www.diario5.com.ar\/wp-content\/uploads\/2021\/08\/estrella_iquique20210806-238x300.jpg 238w, https:\/\/www.diario5.com.ar\/wp-content\/uploads\/2021\/08\/estrella_iquique20210806-768x966.jpg 768w, https:\/\/www.diario5.com.ar\/wp-content\/uploads\/2021\/08\/estrella_iquique20210806-1221x1536.jpg 1221w, https:\/\/www.diario5.com.ar\/wp-content\/uploads\/2021\/08\/estrella_iquique20210806.jpg 1328w\" sizes=\"(max-width: 814px) 100vw, 814px\" \/><\/p>\n<p><img decoding=\"async\" loading=\"lazy\" class=\"alignnone size-large wp-image-632229\" src=\"https:\/\/www.diario5.com.ar\/wp-content\/uploads\/2021\/08\/mercurio_antofagasta20210806-685x1024.jpg\" width=\"685\" height=\"1024\" alt=\"Vigilia en la v\u00edspera de San Cayetano\" title=\"Vigilia en la v\u00edspera de San Cayetano\" srcset=\"https:\/\/www.diario5.com.ar\/wp-content\/uploads\/2021\/08\/mercurio_antofagasta20210806-685x1024.jpg 685w, https:\/\/www.diario5.com.ar\/wp-content\/uploads\/2021\/08\/mercurio_antofagasta20210806-201x300.jpg 201w, https:\/\/www.diario5.com.ar\/wp-content\/uploads\/2021\/08\/mercurio_antofagasta20210806-768x1147.jpg 768w, https:\/\/www.diario5.com.ar\/wp-content\/uploads\/2021\/08\/mercurio_antofagasta20210806-1028x1536.jpg 1028w, https:\/\/www.diario5.com.ar\/wp-content\/uploads\/2021\/08\/mercurio_antofagasta20210806.jpg 1328w\" sizes=\"(max-width: 685px) 100vw, 685px\" \/><\/p>\n<p><img decoding=\"async\" loading=\"lazy\" class=\"alignnone size-large wp-image-632230\" src=\"https:\/\/www.diario5.com.ar\/wp-content\/uploads\/2021\/08\/cl_eldia20210806-743x1024.jpg\" width=\"743\" height=\"1024\" alt=\"Vigilia en la v\u00edspera de San Cayetano\" title=\"Vigilia en la v\u00edspera de San Cayetano\" srcset=\"https:\/\/www.diario5.com.ar\/wp-content\/uploads\/2021\/08\/cl_eldia20210806-743x1024.jpg 743w, https:\/\/www.diario5.com.ar\/wp-content\/uploads\/2021\/08\/cl_eldia20210806-218x300.jpg 218w, https:\/\/www.diario5.com.ar\/wp-content\/uploads\/2021\/08\/cl_eldia20210806-768x1059.jpg 768w, https:\/\/www.diario5.com.ar\/wp-content\/uploads\/2021\/08\/cl_eldia20210806.jpg 1014w\" sizes=\"(max-width: 743px) 100vw, 743px\" \/><\/p>\n<p><img decoding=\"async\" loading=\"lazy\" class=\"alignnone size-large wp-image-632231\" src=\"https:\/\/www.diario5.com.ar\/wp-content\/uploads\/2021\/08\/mercurio_valpo20210806-724x1024.jpg\" width=\"724\" height=\"1024\" alt=\"Vigilia en la v\u00edspera de San Cayetano\" title=\"Vigilia en la v\u00edspera de San Cayetano\" srcset=\"https:\/\/www.diario5.com.ar\/wp-content\/uploads\/2021\/08\/mercurio_valpo20210806-724x1024.jpg 724w, https:\/\/www.diario5.com.ar\/wp-content\/uploads\/2021\/08\/mercurio_valpo20210806-212x300.jpg 212w, https:\/\/www.diario5.com.ar\/wp-content\/uploads\/2021\/08\/mercurio_valpo20210806-768x1087.jpg 768w, https:\/\/www.diario5.com.ar\/wp-content\/uploads\/2021\/08\/mercurio_valpo20210806-1086x1536.jpg 1086w, https:\/\/www.diario5.com.ar\/wp-content\/uploads\/2021\/08\/mercurio_valpo20210806.jpg 1391w\" sizes=\"(max-width: 724px) 100vw, 724px\" \/><\/p>\n<p><img decoding=\"async\" loading=\"lazy\" class=\"alignnone size-large wp-image-632232\" src=\"https:\/\/www.diario5.com.ar\/wp-content\/uploads\/2021\/08\/estrella_valpo20210806-799x1024.jpg\" width=\"799\" height=\"1024\" alt=\"Vigilia en la v\u00edspera de San Cayetano\" title=\"Vigilia en la v\u00edspera de San Cayetano\" srcset=\"https:\/\/www.diario5.com.ar\/wp-content\/uploads\/2021\/08\/estrella_valpo20210806-799x1024.jpg 799w, https:\/\/www.diario5.com.ar\/wp-content\/uploads\/2021\/08\/estrella_valpo20210806-234x300.jpg 234w, https:\/\/www.diario5.com.ar\/wp-content\/uploads\/2021\/08\/estrella_valpo20210806-768x985.jpg 768w, https:\/\/www.diario5.com.ar\/wp-content\/uploads\/2021\/08\/estrella_valpo20210806-1198x1536.jpg 1198w, https:\/\/www.diario5.com.ar\/wp-content\/uploads\/2021\/08\/estrella_valpo20210806.jpg 1328w\" sizes=\"(max-width: 799px) 100vw, 799px\" \/><\/p>\n<p><img decoding=\"async\" loading=\"lazy\" class=\"alignnone size-large wp-image-632233\" src=\"https:\/\/www.diario5.com.ar\/wp-content\/uploads\/2021\/08\/diario_concepcion20210806-788x1024.jpg\" width=\"788\" height=\"1024\" alt=\"Vigilia en la v\u00edspera de San Cayetano\" title=\"Vigilia en la v\u00edspera de San Cayetano\" srcset=\"https:\/\/www.diario5.com.ar\/wp-content\/uploads\/2021\/08\/diario_concepcion20210806-788x1024.jpg 788w, https:\/\/www.diario5.com.ar\/wp-content\/uploads\/2021\/08\/diario_concepcion20210806-231x300.jpg 231w, https:\/\/www.diario5.com.ar\/wp-content\/uploads\/2021\/08\/diario_concepcion20210806-768x998.jpg 768w, https:\/\/www.diario5.com.ar\/wp-content\/uploads\/2021\/08\/diario_concepcion20210806-1182x1536.jpg 1182w, https:\/\/www.diario5.com.ar\/wp-content\/uploads\/2021\/08\/diario_concepcion20210806.jpg 1254w\" sizes=\"(max-width: 788px) 100vw, 788px\" \/><\/p>\n<p><img decoding=\"async\" loading=\"lazy\" class=\"alignnone size-large wp-image-632234\" src=\"https:\/\/www.diario5.com.ar\/wp-content\/uploads\/2021\/08\/austral_temuco20210806-724x1024.jpg\" width=\"724\" height=\"1024\" alt=\"Vigilia en la v\u00edspera de San Cayetano\" title=\"Vigilia en la v\u00edspera de San Cayetano\" srcset=\"https:\/\/www.diario5.com.ar\/wp-content\/uploads\/2021\/08\/austral_temuco20210806-724x1024.jpg 724w, https:\/\/www.diario5.com.ar\/wp-content\/uploads\/2021\/08\/austral_temuco20210806-212x300.jpg 212w, https:\/\/www.diario5.com.ar\/wp-content\/uploads\/2021\/08\/austral_temuco20210806-768x1087.jpg 768w, https:\/\/www.diario5.com.ar\/wp-content\/uploads\/2021\/08\/austral_temuco20210806-1086x1536.jpg 1086w, https:\/\/www.diario5.com.ar\/wp-content\/uploads\/2021\/08\/austral_temuco20210806.jpg 1391w\" sizes=\"(max-width: 724px) 100vw, 724px\" \/><\/p>\n<p><img decoding=\"async\" loading=\"lazy\" class=\"alignnone size-large wp-image-632235\" src=\"https:\/\/www.diario5.com.ar\/wp-content\/uploads\/2021\/08\/estrella_arica20210806-808x1024.jpg\" width=\"808\" height=\"1024\" alt=\"Vigilia en la v\u00edspera de San Cayetano\" title=\"Vigilia en la v\u00edspera de San Cayetano\" srcset=\"https:\/\/www.diario5.com.ar\/wp-content\/uploads\/2021\/08\/estrella_arica20210806-808x1024.jpg 808w, https:\/\/www.diario5.com.ar\/wp-content\/uploads\/2021\/08\/estrella_arica20210806-237x300.jpg 237w, https:\/\/www.diario5.com.ar\/wp-content\/uploads\/2021\/08\/estrella_arica20210806-768x973.jpg 768w, https:\/\/www.diario5.com.ar\/wp-content\/uploads\/2021\/08\/estrella_arica20210806-1212x1536.jpg 1212w, https:\/\/www.diario5.com.ar\/wp-content\/uploads\/2021\/08\/estrella_arica20210806.jpg 1328w\" sizes=\"(max-width: 808px) 100vw, 808px\" \/><\/p>\n<p>COLOMBIA<br \/>\n<img decoding=\"async\" loading=\"lazy\" class=\"alignnone size-large wp-image-632236\" src=\"https:\/\/www.diario5.com.ar\/wp-content\/uploads\/2021\/08\/co_espectador20210806-719x1024.jpg\" width=\"719\" height=\"1024\" alt=\"Vigilia en la v\u00edspera de San Cayetano\" title=\"Vigilia en la v\u00edspera de San Cayetano\" srcset=\"https:\/\/www.diario5.com.ar\/wp-content\/uploads\/2021\/08\/co_espectador20210806-719x1024.jpg 719w, https:\/\/www.diario5.com.ar\/wp-content\/uploads\/2021\/08\/co_espectador20210806-211x300.jpg 211w, https:\/\/www.diario5.com.ar\/wp-content\/uploads\/2021\/08\/co_espectador20210806.jpg 764w\" sizes=\"(max-width: 719px) 100vw, 719px\" \/><\/p>\n<p><img decoding=\"async\" loading=\"lazy\" class=\"alignnone size-large wp-image-632237\" src=\"https:\/\/www.diario5.com.ar\/wp-content\/uploads\/2021\/08\/co_heraldo20210806-523x1024.jpg\" width=\"523\" height=\"1024\" alt=\"Vigilia en la v\u00edspera de San Cayetano\" title=\"Vigilia en la v\u00edspera de San Cayetano\" srcset=\"https:\/\/www.diario5.com.ar\/wp-content\/uploads\/2021\/08\/co_heraldo20210806-523x1024.jpg 523w, https:\/\/www.diario5.com.ar\/wp-content\/uploads\/2021\/08\/co_heraldo20210806-153x300.jpg 153w, https:\/\/www.diario5.com.ar\/wp-content\/uploads\/2021\/08\/co_heraldo20210806.jpg 764w\" sizes=\"(max-width: 523px) 100vw, 523px\" \/><\/p>\n<p><img decoding=\"async\" loading=\"lazy\" class=\"alignnone size-large wp-image-632238\" src=\"https:\/\/www.diario5.com.ar\/wp-content\/uploads\/2021\/08\/co_elpais20210806-552x1024.jpg\" width=\"552\" height=\"1024\" alt=\"Vigilia en la v\u00edspera de San Cayetano\" title=\"Vigilia en la v\u00edspera de San Cayetano\" srcset=\"https:\/\/www.diario5.com.ar\/wp-content\/uploads\/2021\/08\/co_elpais20210806-552x1024.jpg 552w, https:\/\/www.diario5.com.ar\/wp-content\/uploads\/2021\/08\/co_elpais20210806-162x300.jpg 162w, https:\/\/www.diario5.com.ar\/wp-content\/uploads\/2021\/08\/co_elpais20210806.jpg 764w\" sizes=\"(max-width: 552px) 100vw, 552px\" \/><\/p>\n<p><img decoding=\"async\" loading=\"lazy\" class=\"alignnone size-large wp-image-632239\" src=\"https:\/\/www.diario5.com.ar\/wp-content\/uploads\/2021\/08\/co_elcolombiano20210806-718x1024.jpg\" width=\"718\" height=\"1024\" alt=\"Vigilia en la v\u00edspera de San Cayetano\" title=\"Vigilia en la v\u00edspera de San Cayetano\" srcset=\"https:\/\/www.diario5.com.ar\/wp-content\/uploads\/2021\/08\/co_elcolombiano20210806-718x1024.jpg 718w, https:\/\/www.diario5.com.ar\/wp-content\/uploads\/2021\/08\/co_elcolombiano20210806-210x300.jpg 210w, https:\/\/www.diario5.com.ar\/wp-content\/uploads\/2021\/08\/co_elcolombiano20210806.jpg 764w\" sizes=\"(max-width: 718px) 100vw, 718px\" \/><\/p>\n<p>PERU<br \/>\n<img decoding=\"async\" loading=\"lazy\" class=\"alignnone size-large wp-image-632240\" src=\"https:\/\/www.diario5.com.ar\/wp-content\/uploads\/2021\/08\/pe_comercio20210806-683x1024.jpg\" width=\"683\" height=\"1024\" alt=\"Vigilia en la v\u00edspera de San Cayetano\" title=\"Vigilia en la v\u00edspera de San Cayetano\" srcset=\"https:\/\/www.diario5.com.ar\/wp-content\/uploads\/2021\/08\/pe_comercio20210806-683x1024.jpg 683w, https:\/\/www.diario5.com.ar\/wp-content\/uploads\/2021\/08\/pe_comercio20210806-200x300.jpg 200w, https:\/\/www.diario5.com.ar\/wp-content\/uploads\/2021\/08\/pe_comercio20210806.jpg 764w\" sizes=\"(max-width: 683px) 100vw, 683px\" \/><\/p>\n<p><img decoding=\"async\" loading=\"lazy\" class=\"alignnone size-large wp-image-632241\" src=\"https:\/\/www.diario5.com.ar\/wp-content\/uploads\/2021\/08\/pe_correo20210806-1024x1024.jpg\" width=\"1024\" height=\"1024\" alt=\"Vigilia en la v\u00edspera de San Cayetano\" title=\"Vigilia en la v\u00edspera de San Cayetano\" srcset=\"https:\/\/www.diario5.com.ar\/wp-content\/uploads\/2021\/08\/pe_correo20210806-1024x1024.jpg 1024w, https:\/\/www.diario5.com.ar\/wp-content\/uploads\/2021\/08\/pe_correo20210806-300x300.jpg 300w, https:\/\/www.diario5.com.ar\/wp-content\/uploads\/2021\/08\/pe_correo20210806-150x150.jpg 150w, https:\/\/www.diario5.com.ar\/wp-content\/uploads\/2021\/08\/pe_correo20210806-768x768.jpg 768w, https:\/\/www.diario5.com.ar\/wp-content\/uploads\/2021\/08\/pe_correo20210806.jpg 1190w\" sizes=\"(max-width: 1024px) 100vw, 1024px\" \/><\/p>\n<p><img decoding=\"async\" loading=\"lazy\" class=\"alignnone size-large wp-image-632242\" src=\"https:\/\/www.diario5.com.ar\/wp-content\/uploads\/2021\/08\/pe_expreso20210806-787x1024.jpg\" width=\"787\" height=\"1024\" alt=\"Vigilia en la v\u00edspera de San Cayetano\" title=\"Vigilia en la v\u00edspera de San Cayetano\" srcset=\"https:\/\/www.diario5.com.ar\/wp-content\/uploads\/2021\/08\/pe_expreso20210806-787x1024.jpg 787w, https:\/\/www.diario5.com.ar\/wp-content\/uploads\/2021\/08\/pe_expreso20210806-231x300.jpg 231w, https:\/\/www.diario5.com.ar\/wp-content\/uploads\/2021\/08\/pe_expreso20210806-768x999.jpg 768w, https:\/\/www.diario5.com.ar\/wp-content\/uploads\/2021\/08\/pe_expreso20210806.jpg 798w\" sizes=\"(max-width: 787px) 100vw, 787px\" \/><\/p>\n<p><img decoding=\"async\" loading=\"lazy\" class=\"alignnone size-large wp-image-632243\" src=\"https:\/\/www.diario5.com.ar\/wp-content\/uploads\/2021\/08\/pe_ojo20210806-998x1024.jpg\" width=\"998\" height=\"1024\" alt=\"Vigilia en la v\u00edspera de San Cayetano\" title=\"Vigilia en la v\u00edspera de San Cayetano\" srcset=\"https:\/\/www.diario5.com.ar\/wp-content\/uploads\/2021\/08\/pe_ojo20210806-998x1024.jpg 998w, https:\/\/www.diario5.com.ar\/wp-content\/uploads\/2021\/08\/pe_ojo20210806-292x300.jpg 292w, https:\/\/www.diario5.com.ar\/wp-content\/uploads\/2021\/08\/pe_ojo20210806-768x788.jpg 768w, https:\/\/www.diario5.com.ar\/wp-content\/uploads\/2021\/08\/pe_ojo20210806.jpg 1183w\" sizes=\"(max-width: 998px) 100vw, 998px\" \/><\/p>\n<p><img decoding=\"async\" loading=\"lazy\" class=\"alignnone size-full wp-image-632244\" src=\"https:\/\/www.diario5.com.ar\/wp-content\/uploads\/2021\/08\/pe_gestion20210806.jpg\" width=\"795\" height=\"814\" alt=\"Vigilia en la v\u00edspera de San Cayetano\" title=\"Vigilia en la v\u00edspera de San Cayetano\" srcset=\"https:\/\/www.diario5.com.ar\/wp-content\/uploads\/2021\/08\/pe_gestion20210806.jpg 795w, https:\/\/www.diario5.com.ar\/wp-content\/uploads\/2021\/08\/pe_gestion20210806-293x300.jpg 293w, https:\/\/www.diario5.com.ar\/wp-content\/uploads\/2021\/08\/pe_gestion20210806-768x786.jpg 768w\" sizes=\"(max-width: 795px) 100vw, 795px\" \/><\/p>\n<p>BOLIVIA<br \/>\n<img decoding=\"async\" loading=\"lazy\" class=\"alignnone size-large wp-image-632245\" src=\"https:\/\/www.diario5.com.ar\/wp-content\/uploads\/2021\/08\/bo_elmundo20210806-895x1024.jpg\" width=\"895\" height=\"1024\" alt=\"Vigilia en la v\u00edspera de San Cayetano\" title=\"Vigilia en la v\u00edspera de San Cayetano\" srcset=\"https:\/\/www.diario5.com.ar\/wp-content\/uploads\/2021\/08\/bo_elmundo20210806-895x1024.jpg 895w, https:\/\/www.diario5.com.ar\/wp-content\/uploads\/2021\/08\/bo_elmundo20210806-262x300.jpg 262w, https:\/\/www.diario5.com.ar\/wp-content\/uploads\/2021\/08\/bo_elmundo20210806-768x879.jpg 768w, https:\/\/www.diario5.com.ar\/wp-content\/uploads\/2021\/08\/bo_elmundo20210806-1342x1536.jpg 1342w, https:\/\/www.diario5.com.ar\/wp-content\/uploads\/2021\/08\/bo_elmundo20210806.jpg 1774w\" sizes=\"(max-width: 895px) 100vw, 895px\" \/><\/p>\n<p><img decoding=\"async\" loading=\"lazy\" class=\"alignnone size-large wp-image-632246\" src=\"https:\/\/www.diario5.com.ar\/wp-content\/uploads\/2021\/08\/bo_razon20210806-733x1024.jpg\" width=\"733\" height=\"1024\" alt=\"Vigilia en la v\u00edspera de San Cayetano\" title=\"Vigilia en la v\u00edspera de San Cayetano\" srcset=\"https:\/\/www.diario5.com.ar\/wp-content\/uploads\/2021\/08\/bo_razon20210806-733x1024.jpg 733w, https:\/\/www.diario5.com.ar\/wp-content\/uploads\/2021\/08\/bo_razon20210806-215x300.jpg 215w, https:\/\/www.diario5.com.ar\/wp-content\/uploads\/2021\/08\/bo_razon20210806-768x1072.jpg 768w, https:\/\/www.diario5.com.ar\/wp-content\/uploads\/2021\/08\/bo_razon20210806.jpg 966w\" sizes=\"(max-width: 733px) 100vw, 733px\" \/><\/p>\n<p>&nbsp;<\/p>","protected":false},"excerpt":{"rendered":"<p>Esta noche, como cada a\u00f1o, habr\u00e1 vigilia en cercan\u00edas del Templo de San Cayetano, en el Barrio de Liniers de la Ciudad de Buenos Aires. Se estima que este a\u00f1o, la demanda popular al Patrono del Trabajo ser\u00e1 mayor a la del mism\u00edsimo 7 de agosto del a\u00f1o pasado, en pleno c\u00edrculo de fuego de [&hellip;]<\/p>","protected":false},"author":1,"featured_media":632186,"comment_status":"open","ping_status":"open","sticky":false,"template":"","format":"standard","meta":[],"categories":[1],"tags":[],"series":[],"_links":{"self":[{"href":"https:\/\/www.diario5.com.ar\/es\/wp-json\/wp\/v2\/posts\/625443"}],"collection":[{"href":"https:\/\/www.diario5.com.ar\/es\/wp-json\/wp\/v2\/posts"}],"about":[{"href":"https:\/\/www.diario5.com.ar\/es\/wp-json\/wp\/v2\/types\/post"}],"author":[{"embeddable":true,"href":"https:\/\/www.diario5.com.ar\/es\/wp-json\/wp\/v2\/users\/1"}],"replies":[{"embeddable":true,"href":"https:\/\/www.diario5.com.ar\/es\/wp-json\/wp\/v2\/comments?post=625443"}],"version-history":[{"count":4,"href":"https:\/\/www.diario5.com.ar\/es\/wp-json\/wp\/v2\/posts\/625443\/revisions"}],"predecessor-version":[{"id":632248,"href":"https:\/\/www.diario5.com.ar\/es\/wp-json\/wp\/v2\/posts\/625443\/revisions\/632248"}],"wp:featuredmedia":[{"embeddable":true,"href":"https:\/\/www.diario5.com.ar\/es\/wp-json\/wp\/v2\/media\/632186"}],"wp:attachment":[{"href":"https:\/\/www.diario5.com.ar\/es\/wp-json\/wp\/v2\/media?parent=625443"}],"wp:term":[{"taxonomy":"category","embeddable":true,"href":"https:\/\/www.diario5.com.ar\/es\/wp-json\/wp\/v2\/categories?post=625443"},{"taxonomy":"post_tag","embeddable":true,"href":"https:\/\/www.diario5.com.ar\/es\/wp-json\/wp\/v2\/tags?post=625443"},{"taxonomy":"series","embeddable":true,"href":"https:\/\/www.diario5.com.ar\/es\/wp-json\/wp\/v2\/series?post=625443"}],"curies":[{"name":"wp","href":"https:\/\/api.w.org\/{rel}","templated":true}]}}