{"id":625426,"date":"2021-07-20T06:55:00","date_gmt":"2021-07-20T06:55:00","guid":{"rendered":"http:\/\/diario5.com.ar\/?p=625426"},"modified":"2023-07-19T16:48:00","modified_gmt":"2023-07-19T19:48:00","slug":"625426","status":"publish","type":"post","link":"https:\/\/www.diario5.com.ar\/es\/625426\/","title":{"rendered":"D\u00eda del Amigo: No es como cre\u00edamos"},"content":{"rendered":"<h2 class=\"sub-title-primary\"><\/h2> <p>Cuando -m\u00e1s o menos- una buena parte del pa\u00eds se enter\u00f3 de que el D\u00eda del Amigo fue una idea del odont\u00f3logo argentino Dr. Enrique Febbraro (1924-2008), la jactancia de quienes conoc\u00edan la historia pas\u00f3 a integrar la lista de chauvinismos altamente densos que detentan algunos \u00abintelectroglos\u00bb (mezcla de ignorantes con efecto de fanfarroner\u00eda cultural) acerca de la rid\u00edcula defensa que se suele hacer cuando cualquier cosa que puede tener efecto mundial, proviene de fronteras adentro.<\/p>\n<p>Febbraro envi\u00f3 cartas a todo el mundo y &#8211; por lo que se comprobar\u00e1 en el informe- en Espa\u00f1a, prendi\u00f3 su idea. El \u00abproblema\u00bb (no es grave pero s\u00ed molesto) son los argentinos que salieron a \u00aboficializar\u00bb la fecha, especialmente ciertos periodistas de diversos medios de comunicaci\u00f3n que ten\u00edan intereses en los negocios m\u00faltiples que se disparaban a\u00f1o a a\u00f1o con la alimentaci\u00f3n social de una fecha tan atractiva. En el a\u00f1o 1999, especialmente, cuando se cumpl\u00edan los 30 a a\u00f1os de la llegada del hombre a la Luna -el evento que inspir\u00f3 a nuestro compatriota a crear el d\u00eda del amigo dada la tasa cero de delito registrada en la mayor\u00eda de los pa\u00edses del mundo en esa oportunidad- se escuch\u00f3 no menos de diez veces que la Organizaci\u00f3n de las Naciones Unidas hab\u00eda propuesto globalizar nuestro D\u00eda del Amigo. A partir de esa vez, cada 20 de julio, se escucha un mensaje parecido en los medios poco proclives a chequear la informaci\u00f3n<\/p>\n<p>Obviamente, nos mintieron.<\/p>\n<h6><a href=\"https:\/\/www.diario5.com.ar\/es\/amistades-inmensas\/\">Las amistades m\u00e1s grandes de la historia \/\/\/\/\u00a0 Diario 5 en el D\u00eda del Amigo 2017<\/a><\/h6>\n<p>En 2011, la ONU aprob\u00f3 como \u00abD\u00eda de la Amistad\u00bb el 30 de julio.<\/p>\n<p>Este es el reporte de National Today acerca de la fecha oficial del D\u00eda de la Amistad, que ser\u00e1 dentro de diez d\u00edas:<\/p>\n<p><em>\u00abVivimos en un mundo dif\u00edcil. <\/em><em>Entre la mala comunicaci\u00f3n, el maltrato, la falta de confianza, la discriminaci\u00f3n y la discordia cultural, priorizar la paz aparentemente tiene menos presencia en la sociedad global. Realmente no hay raz\u00f3n para que <\/em><em>no exista<\/em><em>el mundo de alguna forma armoniosa. Tenemos que agradecer a las Naciones Unidas por ayudarnos a recordarnos a todos que hay algo bueno en este mundo. Nos presentaron por primera vez el D\u00eda Internacional de la Amistad en 2011; este d\u00eda especial va m\u00e1s all\u00e1 de conectar personas y tiende puentes entre culturas, pa\u00edses e incluso ideolog\u00edas.<\/em><\/p>\n<p><em>La amistad y las conexiones son sin\u00f3nimos de vinculaci\u00f3n y construir esos lazos comunes va m\u00e1s all\u00e1 de compartir un rasgo, caracter\u00edstica o pasatiempo favorito con otra persona o grupo, sino que tambi\u00e9n incluye promover un compromiso global y la comprensi\u00f3n de la diversidad y la inclusi\u00f3n. Incluso en nuestras diferencias, podemos encontrar puntos en com\u00fan. Las apariencias f\u00edsicas, las diferencias de opiniones, los puntos de vista pol\u00edticos, los gustos, la m\u00fasica y m\u00e1s no son razones para separar a las personas. Las relaciones son m\u00e1s importantes que eso y la ONU trabaja para promover la bondad y la uni\u00f3n cada mes de julio.<\/em><\/p>\n<p><em>Celebrar las amistades a trav\u00e9s de cosas tan simples como una breve nota, un caf\u00e9, ir a un concierto o hacer un viaje al centro comercial son todas formas de encontrar puntos en com\u00fan. Una vez m\u00e1s, tenemos m\u00e1s en com\u00fan de lo que todos creemos. Y cualquier idea que minimice la cantidad de odio y desd\u00e9n que se extienden por todo el mundo es del tipo que queremos que se comparta. Nos gustar\u00eda pensar que es algo que todos tenemos en com\u00fan.<\/em><\/p>\n<p><em>Antes de que la ONU hiciera su designaci\u00f3n, el primer D\u00eda Mundial de la Amistad fue propuesto en 1958 por la Cruzada Mundial de la Amistad, que es una organizaci\u00f3n civil internacional que hace campa\u00f1a para fomentar la cultura pac\u00edfica a trav\u00e9s de la amistad.<\/em><\/p>\n<p>CRONOLOG\u00cdA DEL D\u00cdA INTERNACIONAL DE LA AMISTAD<\/p>\n<p>1919<br \/>\nEstados Unidos participa en un D\u00eda de la Amistad no oficial incluso antes de la designaci\u00f3n oficial de la ONU.<\/p>\n<p>1930<br \/>\nSaludo Hallmark<br \/>\nHallmark cre\u00f3 las tarjetas de felicitaci\u00f3n. Hasta el d\u00eda de hoy, muchos env\u00edan felicitaciones y buenos deseos a sus relaciones especiales en forma de tarjeta o nota.<\/p>\n<p>1958<br \/>\nParaguay fue el primer pa\u00eds en celebrar este d\u00eda a nivel nacional en julio de ese a\u00f1o.<\/p>\n<p>2011<br \/>\nEl principio<br \/>\nLa ONU presenta al mundo el D\u00eda Internacional de la Amistad, animando a las comunidades de todo el mundo a observar y honrar el d\u00eda.<\/p>\n<p>D\u00cdA INTERNACIONAL DE LAS AMISTADES EN EL MUNDO<\/p>\n<div class=\"holiday-content-main\">\n<div class=\"page-content-wrap\">\n<div class=\"holiday-enhanced-content animated\">\n<section class=\"holiday-section related-international-holidays active\">\n<div class=\"entry-content-wrapper\">\n<div class=\"entry-content content-area\">\n<div class=\"entry-content-inner\">\n<div class=\"archive-grid aside-pillar data-table international-day-friendship\">\n<table class=\"table-wrap related-international-holidays-table\">\n<caption id=\"international-day-friendship-related-international-holidays\" class=\"related-international-holidays-caption screen-reader-text\">D\u00eda Internacional de las Amistades en el Mundo<\/caption>\n<thead>\n<tr>\n<th scope=\"col\">Pa\u00eds<\/th>\n<th scope=\"col\">Vacaciones<\/th>\n<th scope=\"col\">Ocasi\u00f3n<\/th>\n<th scope=\"col\">Fecha<\/th>\n<\/tr>\n<\/thead>\n<tbody>\n<tr>\n<td>Espa\u00f1a<\/td>\n<td>Dia de los amigos<\/td>\n<td>Un motivo para una reuni\u00f3n amistosa de amigos actuales y antiguos.<\/td>\n<td>20 de julio<\/td>\n<\/tr>\n<tr>\n<td>India<\/td>\n<td>Dia de la amistad<\/td>\n<td>Los j\u00f3venes celebran intercambiando saludos \/ mensajes de texto y atando bandas de amistad.<\/td>\n<td>Primer domingo de agosto<\/td>\n<\/tr>\n<tr>\n<td>Bolivia<\/td>\n<td>Dia de la amistad<\/td>\n<td>El v\u00ednculo de la amistad se celebra con celo.<\/td>\n<td>23 de julio<\/td>\n<\/tr>\n<tr>\n<td>Finlandia<\/td>\n<td>Yst\u00e4v\u00e4np\u00e4iv\u00e4 (D\u00eda del amigo)<\/td>\n<td>El D\u00eda de San Valent\u00edn se celebra m\u00e1s com\u00fanmente como el D\u00eda del Amigo.<\/td>\n<td>14 de febrero<\/td>\n<\/tr>\n<tr>\n<td>Colombia<\/td>\n<td>Dia de la amistad<\/td>\n<td>Los regalos se dan a amigos cercanos y seres queridos y las celebraciones a menudo se llevan a cabo en bares y clubes nocturnos.<\/td>\n<td>Segundo s\u00e1bado de marzo<\/td>\n<\/tr>\n<\/tbody>\n<\/table>\n<\/div>\n<\/div>\n<\/div>\n<\/div>\n<\/section>\n<section id=\"traditions\" class=\"holiday-section holiday-traditions\">\n<div class=\"entry-content-wrapper\">\n<div class=\"entry-content content-area\">\n<div class=\"entry-content-inner\"><\/div>\n<\/div>\n<\/div>\n<\/section>\n<section class=\"holiday-section\">\n<div class=\"entry-content-wrapper\">\n<div class=\"entry-content content-area\">\n<div id=\"futureHolidaysComponent\" class=\"archive-grid data-table aside-pillar future-holiday-dates\"><\/div>\n<\/div>\n<\/div>\n<\/section>\n<section class=\"holiday-section\">\n<div class=\"entry-content-wrapper\">\n<div class=\"entry-content content-area\">\n<div id=\"related-holidays\" class=\"related-holidays\"><\/div>\n<\/div>\n<\/div>\n<\/section>\n<\/div>\n<\/div>\n<\/div>\n<div class=\"calender-naviagation\">\n<div class=\"widgets-wrapper\">\n<div class=\"widget-container widget-container-calendar\">\n<div class=\"widget widget-calendar\">\n<div class=\"widget-calendar-container\"><img decoding=\"async\" loading=\"lazy\" class=\"aligncenter size-full wp-image-679081\" src=\"https:\/\/www.diario5.com.ar\/wp-content\/uploads\/2023\/07\/amigos120230719.jpg\" width=\"700\" height=\"393\" srcset=\"https:\/\/www.diario5.com.ar\/wp-content\/uploads\/2023\/07\/amigos120230719.jpg 700w, https:\/\/www.diario5.com.ar\/wp-content\/uploads\/2023\/07\/amigos120230719-300x168.jpg 300w\" sizes=\"(max-width: 700px) 100vw, 700px\" \/><\/div>\n<\/div>\n<\/div>\n<\/div>\n<\/div>\n<p>&nbsp;<\/p>\n<p><img decoding=\"async\" loading=\"lazy\" class=\"alignnone size-large wp-image-631047\" title=\"D\u00eda del Amigo: No es como cre\u00edamos\" src=\"https:\/\/www.diario5.com.ar\/wp-content\/uploads\/2021\/07\/ar_laprensa20210720.jpg\" alt=\"D\u00eda del Amigo: No es como cre\u00edamos\" width=\"790\" height=\"1024\" srcset=\"https:\/\/www.diario5.com.ar\/wp-content\/uploads\/2021\/07\/ar_laprensa20210720.jpg 814w, https:\/\/www.diario5.com.ar\/wp-content\/uploads\/2021\/07\/ar_laprensa20210720-231x300.jpg 231w, https:\/\/www.diario5.com.ar\/wp-content\/uploads\/2021\/07\/ar_laprensa20210720-790x1024.jpg 790w, https:\/\/www.diario5.com.ar\/wp-content\/uploads\/2021\/07\/ar_laprensa20210720-768x995.jpg 768w\" sizes=\"(max-width: 790px) 100vw, 790px\" \/><\/p>\n<p><img decoding=\"async\" loading=\"lazy\" class=\"alignnone size-large wp-image-631048\" title=\"D\u00eda del Amigo: No es como cre\u00edamos\" src=\"https:\/\/www.diario5.com.ar\/wp-content\/uploads\/2021\/07\/ar_cronista20210720.jpg\" alt=\"D\u00eda del Amigo: No es como cre\u00edamos\" width=\"721\" height=\"1024\" srcset=\"https:\/\/www.diario5.com.ar\/wp-content\/uploads\/2021\/07\/ar_cronista20210720.jpg 764w, https:\/\/www.diario5.com.ar\/wp-content\/uploads\/2021\/07\/ar_cronista20210720-211x300.jpg 211w, https:\/\/www.diario5.com.ar\/wp-content\/uploads\/2021\/07\/ar_cronista20210720-721x1024.jpg 721w\" sizes=\"(max-width: 721px) 100vw, 721px\" \/><\/p>\n<p><img decoding=\"async\" loading=\"lazy\" class=\"alignnone size-large wp-image-631049\" title=\"D\u00eda del Amigo: No es como cre\u00edamos\" src=\"https:\/\/www.diario5.com.ar\/wp-content\/uploads\/2021\/07\/buenosaires_economico20210720.jpg\" alt=\"D\u00eda del Amigo: No es como cre\u00edamos\" width=\"865\" height=\"1024\" srcset=\"https:\/\/www.diario5.com.ar\/wp-content\/uploads\/2021\/07\/buenosaires_economico20210720.jpg 1593w, https:\/\/www.diario5.com.ar\/wp-content\/uploads\/2021\/07\/buenosaires_economico20210720-253x300.jpg 253w, https:\/\/www.diario5.com.ar\/wp-content\/uploads\/2021\/07\/buenosaires_economico20210720-865x1024.jpg 865w, https:\/\/www.diario5.com.ar\/wp-content\/uploads\/2021\/07\/buenosaires_economico20210720-768x909.jpg 768w, https:\/\/www.diario5.com.ar\/wp-content\/uploads\/2021\/07\/buenosaires_economico20210720-1297x1536.jpg 1297w\" sizes=\"(max-width: 865px) 100vw, 865px\" \/><\/p>\n<p><img decoding=\"async\" loading=\"lazy\" class=\"alignnone size-large wp-image-631050\" title=\"D\u00eda del Amigo: No es como cre\u00edamos\" src=\"https:\/\/www.diario5.com.ar\/wp-content\/uploads\/2021\/07\/ar_eldia20210720-.jpg\" alt=\"D\u00eda del Amigo: No es como cre\u00edamos\" width=\"687\" height=\"1024\" \/><\/p>\n<p><img decoding=\"async\" loading=\"lazy\" class=\"alignnone size-large wp-image-631051\" title=\"D\u00eda del Amigo: No es como cre\u00edamos\" src=\"https:\/\/www.diario5.com.ar\/wp-content\/uploads\/2021\/07\/ar_hoy20210720.jpg\" alt=\"D\u00eda del Amigo: No es como cre\u00edamos\" width=\"776\" height=\"1024\" srcset=\"https:\/\/www.diario5.com.ar\/wp-content\/uploads\/2021\/07\/ar_hoy20210720.jpg 960w, https:\/\/www.diario5.com.ar\/wp-content\/uploads\/2021\/07\/ar_hoy20210720-227x300.jpg 227w, https:\/\/www.diario5.com.ar\/wp-content\/uploads\/2021\/07\/ar_hoy20210720-776x1024.jpg 776w, https:\/\/www.diario5.com.ar\/wp-content\/uploads\/2021\/07\/ar_hoy20210720-768x1013.jpg 768w\" sizes=\"(max-width: 776px) 100vw, 776px\" \/><\/p>\n<p><img decoding=\"async\" loading=\"lazy\" class=\"alignnone size-large wp-image-631052\" title=\"D\u00eda del Amigo: No es como cre\u00edamos\" src=\"https:\/\/www.diario5.com.ar\/wp-content\/uploads\/2021\/07\/ar_ancasti20210720.jpg\" alt=\"D\u00eda del Amigo: No es como cre\u00edamos\" width=\"774\" height=\"1024\" srcset=\"https:\/\/www.diario5.com.ar\/wp-content\/uploads\/2021\/07\/ar_ancasti20210720.jpg 895w, https:\/\/www.diario5.com.ar\/wp-content\/uploads\/2021\/07\/ar_ancasti20210720-227x300.jpg 227w, https:\/\/www.diario5.com.ar\/wp-content\/uploads\/2021\/07\/ar_ancasti20210720-774x1024.jpg 774w, https:\/\/www.diario5.com.ar\/wp-content\/uploads\/2021\/07\/ar_ancasti20210720-768x1016.jpg 768w\" sizes=\"(max-width: 774px) 100vw, 774px\" \/><\/p>\n<p><img decoding=\"async\" loading=\"lazy\" class=\"alignnone size-large wp-image-631053\" title=\"D\u00eda del Amigo: No es como cre\u00edamos\" src=\"https:\/\/www.diario5.com.ar\/wp-content\/uploads\/2021\/07\/voz_chaco20210720.jpg\" alt=\"D\u00eda del Amigo: No es como cre\u00edamos\" width=\"828\" height=\"1024\" srcset=\"https:\/\/www.diario5.com.ar\/wp-content\/uploads\/2021\/07\/voz_chaco20210720.jpg 1152w, https:\/\/www.diario5.com.ar\/wp-content\/uploads\/2021\/07\/voz_chaco20210720-243x300.jpg 243w, https:\/\/www.diario5.com.ar\/wp-content\/uploads\/2021\/07\/voz_chaco20210720-828x1024.jpg 828w, https:\/\/www.diario5.com.ar\/wp-content\/uploads\/2021\/07\/voz_chaco20210720-768x949.jpg 768w\" sizes=\"(max-width: 828px) 100vw, 828px\" \/><\/p>\n<p>&nbsp;<\/p>\n<p><img decoding=\"async\" loading=\"lazy\" class=\"alignnone size-large wp-image-631054\" title=\"D\u00eda del Amigo: No es como cre\u00edamos\" src=\"https:\/\/www.diario5.com.ar\/wp-content\/uploads\/2021\/07\/ar_epoca20210720.jpg\" alt=\"D\u00eda del Amigo: No es como cre\u00edamos\" width=\"869\" height=\"1024\" srcset=\"https:\/\/www.diario5.com.ar\/wp-content\/uploads\/2021\/07\/ar_epoca20210720.jpg 1600w, https:\/\/www.diario5.com.ar\/wp-content\/uploads\/2021\/07\/ar_epoca20210720-255x300.jpg 255w, https:\/\/www.diario5.com.ar\/wp-content\/uploads\/2021\/07\/ar_epoca20210720-869x1024.jpg 869w, https:\/\/www.diario5.com.ar\/wp-content\/uploads\/2021\/07\/ar_epoca20210720-768x905.jpg 768w, https:\/\/www.diario5.com.ar\/wp-content\/uploads\/2021\/07\/ar_epoca20210720-1303x1536.jpg 1303w\" sizes=\"(max-width: 869px) 100vw, 869px\" \/><\/p>\n<p><img decoding=\"async\" loading=\"lazy\" class=\"alignnone size-large wp-image-631055\" title=\"D\u00eda del Amigo: No es como cre\u00edamos\" src=\"https:\/\/www.diario5.com.ar\/wp-content\/uploads\/2021\/07\/ar_litoral20210720.jpg\" alt=\"D\u00eda del Amigo: No es como cre\u00edamos\" width=\"772\" height=\"1024\" srcset=\"https:\/\/www.diario5.com.ar\/wp-content\/uploads\/2021\/07\/ar_litoral20210720.jpg 1141w, https:\/\/www.diario5.com.ar\/wp-content\/uploads\/2021\/07\/ar_litoral20210720-226x300.jpg 226w, https:\/\/www.diario5.com.ar\/wp-content\/uploads\/2021\/07\/ar_litoral20210720-772x1024.jpg 772w, https:\/\/www.diario5.com.ar\/wp-content\/uploads\/2021\/07\/ar_litoral20210720-768x1019.jpg 768w\" sizes=\"(max-width: 772px) 100vw, 772px\" \/><\/p>\n<p>&nbsp;<\/p>\n<p><img decoding=\"async\" loading=\"lazy\" class=\"alignnone size-full wp-image-631056\" title=\"D\u00eda del Amigo: No es como cre\u00edamos\" src=\"https:\/\/www.diario5.com.ar\/wp-content\/uploads\/2021\/07\/ar_diario_pampa20210720.jpg\" alt=\"D\u00eda del Amigo: No es como cre\u00edamos\" width=\"764\" height=\"1020\" srcset=\"https:\/\/www.diario5.com.ar\/wp-content\/uploads\/2021\/07\/ar_diario_pampa20210720.jpg 764w, https:\/\/www.diario5.com.ar\/wp-content\/uploads\/2021\/07\/ar_diario_pampa20210720-225x300.jpg 225w\" sizes=\"(max-width: 764px) 100vw, 764px\" \/><\/p>\n<p><img decoding=\"async\" loading=\"lazy\" class=\"alignnone size-large wp-image-631057\" title=\"D\u00eda del Amigo: No es como cre\u00edamos\" src=\"https:\/\/www.diario5.com.ar\/wp-content\/uploads\/2021\/07\/ar_arena20210720.jpg\" alt=\"D\u00eda del Amigo: No es como cre\u00edamos\" width=\"744\" height=\"1024\" srcset=\"https:\/\/www.diario5.com.ar\/wp-content\/uploads\/2021\/07\/ar_arena20210720.jpg 1383w, https:\/\/www.diario5.com.ar\/wp-content\/uploads\/2021\/07\/ar_arena20210720-218x300.jpg 218w, https:\/\/www.diario5.com.ar\/wp-content\/uploads\/2021\/07\/ar_arena20210720-744x1024.jpg 744w, https:\/\/www.diario5.com.ar\/wp-content\/uploads\/2021\/07\/ar_arena20210720-768x1057.jpg 768w, https:\/\/www.diario5.com.ar\/wp-content\/uploads\/2021\/07\/ar_arena20210720-1116x1536.jpg 1116w\" sizes=\"(max-width: 744px) 100vw, 744px\" \/><\/p>\n<p><img decoding=\"async\" loading=\"lazy\" class=\"alignnone size-large wp-image-631058\" title=\"D\u00eda del Amigo: No es como cre\u00edamos\" src=\"https:\/\/www.diario5.com.ar\/wp-content\/uploads\/2021\/07\/independiente20210720.jpg\" alt=\"D\u00eda del Amigo: No es como cre\u00edamos\" width=\"744\" height=\"1024\" srcset=\"https:\/\/www.diario5.com.ar\/wp-content\/uploads\/2021\/07\/independiente20210720.jpg 814w, https:\/\/www.diario5.com.ar\/wp-content\/uploads\/2021\/07\/independiente20210720-218x300.jpg 218w, https:\/\/www.diario5.com.ar\/wp-content\/uploads\/2021\/07\/independiente20210720-744x1024.jpg 744w, https:\/\/www.diario5.com.ar\/wp-content\/uploads\/2021\/07\/independiente20210720-768x1057.jpg 768w\" sizes=\"(max-width: 744px) 100vw, 744px\" \/><\/p>\n<p><img decoding=\"async\" loading=\"lazy\" class=\"alignnone size-large wp-image-631059\" title=\"D\u00eda del Amigo: No es como cre\u00edamos\" src=\"https:\/\/www.diario5.com.ar\/wp-content\/uploads\/2021\/07\/ar_losandes20210720.jpg\" alt=\"D\u00eda del Amigo: No es como cre\u00edamos\" width=\"742\" height=\"1024\" srcset=\"https:\/\/www.diario5.com.ar\/wp-content\/uploads\/2021\/07\/ar_losandes20210720.jpg 764w, https:\/\/www.diario5.com.ar\/wp-content\/uploads\/2021\/07\/ar_losandes20210720-217x300.jpg 217w, https:\/\/www.diario5.com.ar\/wp-content\/uploads\/2021\/07\/ar_losandes20210720-742x1024.jpg 742w\" sizes=\"(max-width: 742px) 100vw, 742px\" \/><\/p>\n<p><img decoding=\"async\" loading=\"lazy\" class=\"alignnone size-large wp-image-631060\" title=\"D\u00eda del Amigo: No es como cre\u00edamos\" src=\"https:\/\/www.diario5.com.ar\/wp-content\/uploads\/2021\/07\/ar_litoral_sfe20210720.jpg\" alt=\"D\u00eda del Amigo: No es como cre\u00edamos\" width=\"767\" height=\"1024\" srcset=\"https:\/\/www.diario5.com.ar\/wp-content\/uploads\/2021\/07\/ar_litoral_sfe20210720.jpg 1024w, https:\/\/www.diario5.com.ar\/wp-content\/uploads\/2021\/07\/ar_litoral_sfe20210720-225x300.jpg 225w, https:\/\/www.diario5.com.ar\/wp-content\/uploads\/2021\/07\/ar_litoral_sfe20210720-767x1024.jpg 767w, https:\/\/www.diario5.com.ar\/wp-content\/uploads\/2021\/07\/ar_litoral_sfe20210720-768x1025.jpg 768w\" sizes=\"(max-width: 767px) 100vw, 767px\" \/><\/p>\n<p><img decoding=\"async\" loading=\"lazy\" class=\"alignnone size-large wp-image-631061\" title=\"D\u00eda del Amigo: No es como cre\u00edamos\" src=\"https:\/\/www.diario5.com.ar\/wp-content\/uploads\/2021\/07\/ciudadano20210720-768.jpg\" alt=\"D\u00eda del Amigo: No es como cre\u00edamos\" width=\"768\" height=\"1024\" \/><\/p>\n<p><img decoding=\"async\" loading=\"lazy\" class=\"alignnone size-large wp-image-631062\" title=\"D\u00eda del Amigo: No es como cre\u00edamos\" src=\"https:\/\/www.diario5.com.ar\/wp-content\/uploads\/2021\/07\/ar_mirador_provincial20210720.jpg\" alt=\"D\u00eda del Amigo: No es como cre\u00edamos\" width=\"768\" height=\"1024\" srcset=\"https:\/\/www.diario5.com.ar\/wp-content\/uploads\/2021\/07\/ar_mirador_provincial20210720.jpg 1024w, https:\/\/www.diario5.com.ar\/wp-content\/uploads\/2021\/07\/ar_mirador_provincial20210720-225x300.jpg 225w, https:\/\/www.diario5.com.ar\/wp-content\/uploads\/2021\/07\/ar_mirador_provincial20210720-768x1025.jpg 768w\" sizes=\"(max-width: 768px) 100vw, 768px\" \/><\/p>\n<p>&nbsp;<\/p>\n<p><img decoding=\"async\" loading=\"lazy\" class=\"alignnone size-large wp-image-631064\" title=\"D\u00eda del Amigo: No es como cre\u00edamos\" src=\"https:\/\/www.diario5.com.ar\/wp-content\/uploads\/2021\/07\/ar_cronica20210720.jpg\" alt=\"D\u00eda del Amigo: No es como cre\u00edamos\" width=\"866\" height=\"1024\" srcset=\"https:\/\/www.diario5.com.ar\/wp-content\/uploads\/2021\/07\/ar_cronica20210720.jpg 1743w, https:\/\/www.diario5.com.ar\/wp-content\/uploads\/2021\/07\/ar_cronica20210720-254x300.jpg 254w, https:\/\/www.diario5.com.ar\/wp-content\/uploads\/2021\/07\/ar_cronica20210720-866x1024.jpg 866w, https:\/\/www.diario5.com.ar\/wp-content\/uploads\/2021\/07\/ar_cronica20210720-768x909.jpg 768w, https:\/\/www.diario5.com.ar\/wp-content\/uploads\/2021\/07\/ar_cronica20210720-1298x1536.jpg 1298w, https:\/\/www.diario5.com.ar\/wp-content\/uploads\/2021\/07\/ar_cronica20210720-1731x2048.jpg 1731w\" sizes=\"(max-width: 866px) 100vw, 866px\" \/><\/p>\n<p>&nbsp;<\/p>\n<p><img decoding=\"async\" loading=\"lazy\" class=\"alignnone size-large wp-image-631065\" title=\"D\u00eda del Amigo: No es como cre\u00edamos\" src=\"https:\/\/www.diario5.com.ar\/wp-content\/uploads\/2021\/07\/ar_clarin20210720.jpg\" alt=\"D\u00eda del Amigo: No es como cre\u00edamos\" width=\"745\" height=\"1024\" srcset=\"https:\/\/www.diario5.com.ar\/wp-content\/uploads\/2021\/07\/ar_clarin20210720.jpg 1478w, https:\/\/www.diario5.com.ar\/wp-content\/uploads\/2021\/07\/ar_clarin20210720-218x300.jpg 218w, https:\/\/www.diario5.com.ar\/wp-content\/uploads\/2021\/07\/ar_clarin20210720-745x1024.jpg 745w, https:\/\/www.diario5.com.ar\/wp-content\/uploads\/2021\/07\/ar_clarin20210720-768x1055.jpg 768w, https:\/\/www.diario5.com.ar\/wp-content\/uploads\/2021\/07\/ar_clarin20210720-1118x1536.jpg 1118w\" sizes=\"(max-width: 745px) 100vw, 745px\" \/><\/p>\n<p>&#8211; &#8211; &#8211;<\/p>","protected":false},"excerpt":{"rendered":"<p>Cuando -m\u00e1s o menos- una buena parte del pa\u00eds se enter\u00f3 de que el D\u00eda del Amigo fue una idea del odont\u00f3logo argentino Dr. Enrique Febbraro (1924-2008), la jactancia de quienes conoc\u00edan la historia pas\u00f3 a integrar la lista de chauvinismos altamente densos que detentan algunos \u00abintelectroglos\u00bb (mezcla de ignorantes con efecto de fanfarroner\u00eda cultural) [&hellip;]<\/p>","protected":false},"author":2,"featured_media":679081,"comment_status":"open","ping_status":"open","sticky":false,"template":"","format":"standard","meta":[],"categories":[1],"tags":[669,668,665],"series":[],"_links":{"self":[{"href":"https:\/\/www.diario5.com.ar\/es\/wp-json\/wp\/v2\/posts\/625426"}],"collection":[{"href":"https:\/\/www.diario5.com.ar\/es\/wp-json\/wp\/v2\/posts"}],"about":[{"href":"https:\/\/www.diario5.com.ar\/es\/wp-json\/wp\/v2\/types\/post"}],"author":[{"embeddable":true,"href":"https:\/\/www.diario5.com.ar\/es\/wp-json\/wp\/v2\/users\/2"}],"replies":[{"embeddable":true,"href":"https:\/\/www.diario5.com.ar\/es\/wp-json\/wp\/v2\/comments?post=625426"}],"version-history":[{"count":9,"href":"https:\/\/www.diario5.com.ar\/es\/wp-json\/wp\/v2\/posts\/625426\/revisions"}],"predecessor-version":[{"id":679082,"href":"https:\/\/www.diario5.com.ar\/es\/wp-json\/wp\/v2\/posts\/625426\/revisions\/679082"}],"wp:featuredmedia":[{"embeddable":true,"href":"https:\/\/www.diario5.com.ar\/es\/wp-json\/wp\/v2\/media\/679081"}],"wp:attachment":[{"href":"https:\/\/www.diario5.com.ar\/es\/wp-json\/wp\/v2\/media?parent=625426"}],"wp:term":[{"taxonomy":"category","embeddable":true,"href":"https:\/\/www.diario5.com.ar\/es\/wp-json\/wp\/v2\/categories?post=625426"},{"taxonomy":"post_tag","embeddable":true,"href":"https:\/\/www.diario5.com.ar\/es\/wp-json\/wp\/v2\/tags?post=625426"},{"taxonomy":"series","embeddable":true,"href":"https:\/\/www.diario5.com.ar\/es\/wp-json\/wp\/v2\/series?post=625426"}],"curies":[{"name":"wp","href":"https:\/\/api.w.org\/{rel}","templated":true}]}}