{"id":625421,"date":"2021-07-15T06:55:00","date_gmt":"2021-07-15T06:55:00","guid":{"rendered":"http:\/\/diario5.com.ar\/?p=625421"},"modified":"2021-07-15T07:05:19","modified_gmt":"2021-07-15T10:05:19","slug":"625421","status":"publish","type":"post","link":"https:\/\/www.diario5.com.ar\/es\/625421\/","title":{"rendered":"El D\u00eda de la Igualdad debe abarcar m\u00e1s derechos"},"content":{"rendered":"<h2 class=\"sub-title-primary\"><\/h2> <p>La Ley de Identidad de G\u00e9nero, la Fertilizaci\u00f3n Asistida y el Reconocimiento Igualitario para hijos e hijas fue el eje por el que en 2010 se trat\u00f3, aprob\u00f3, sanciono u promulg\u00f3 el Matrimonio Igulitario por Ley<\/p>\n<p>La Argentina fue el primer pa\u00eds en establecer el derecho al matrimonio entre personas del mismo sexo, en Latinoam\u00e9rica. En estos 11 a\u00f1os os matrimonios entre personas del mismo g\u00e9nero supera el numero de 20.000, lo que asegura que la demanda era importante<\/p>\n<p>El 15 de Julio, entonces, se celebra en la Argentina el D\u00eda de la Igualdad, a partir de haber podido satisfacer la necesidad de un sector significativo de la sociedad.<\/p>\n<p>Ser\u00e1 cuesti\u00f3n, entomces, de que la igualdad de oportunidades en las profesiones, la igualdad que se reclaman de los abor\u00edgenes de Formosa por ser tratados como seres humanos y otros tantos necesarios enviones en pos de igualdades varias, se realicen de tal modo, que alg\u00fan 15 de julio el Congreso Nacional apruebe sus derechos.<\/p>\n<p>Hay miles de marginados que est\u00e1n esperando su D\u00eda de la Igualdad. Sigamos trabajando.<\/p>\n<p>DIARIO 5 te invita ahora a informarte con un pantallazo sobre las TAPAS de Diarios de nuestra ciudad y varias ciudades argentinas de pa\u00edses de la regi\u00f3n.<\/p>\n<p><img decoding=\"async\" loading=\"lazy\" class=\"alignnone size-full wp-image-630808\" src=\"https:\/\/www.diario5.com.ar\/wp-content\/uploads\/2021\/07\/orgullo-720x54020210715-1.jpg\" width=\"720\" height=\"540\" alt=\"El D\u00eda de la Igualdad debe abarcar m\u00e1s derechos\" title=\"El D\u00eda de la Igualdad debe abarcar m\u00e1s derechos\" srcset=\"https:\/\/www.diario5.com.ar\/wp-content\/uploads\/2021\/07\/orgullo-720x54020210715-1.jpg 720w, https:\/\/www.diario5.com.ar\/wp-content\/uploads\/2021\/07\/orgullo-720x54020210715-1-300x225.jpg 300w\" sizes=\"(max-width: 720px) 100vw, 720px\" \/><\/p>\n<p><img decoding=\"async\" loading=\"lazy\" class=\"alignnone size-large wp-image-630809\" src=\"https:\/\/www.diario5.com.ar\/wp-content\/uploads\/2021\/07\/ar_laprensa20210715-795x1024.jpg\" width=\"795\" height=\"1024\" alt=\"El D\u00eda de la Igualdad debe abarcar m\u00e1s derechos\" title=\"El D\u00eda de la Igualdad debe abarcar m\u00e1s derechos\" srcset=\"https:\/\/www.diario5.com.ar\/wp-content\/uploads\/2021\/07\/ar_laprensa20210715-795x1024.jpg 795w, https:\/\/www.diario5.com.ar\/wp-content\/uploads\/2021\/07\/ar_laprensa20210715-233x300.jpg 233w, https:\/\/www.diario5.com.ar\/wp-content\/uploads\/2021\/07\/ar_laprensa20210715-768x989.jpg 768w, https:\/\/www.diario5.com.ar\/wp-content\/uploads\/2021\/07\/ar_laprensa20210715.jpg 814w\" sizes=\"(max-width: 795px) 100vw, 795px\" \/><\/p>\n<p><img decoding=\"async\" src=\"https:\/\/diario5.com.ar\/imgtapas\/07\/15\/ar\/ar_cronista.jpg\" \/><\/p>\n<p><img decoding=\"async\" loading=\"lazy\" class=\"alignnone size-full wp-image-630810\" src=\"https:\/\/www.diario5.com.ar\/wp-content\/uploads\/2021\/07\/buenosaires_economico20210715.jpg\" width=\"850\" height=\"1008\" alt=\"El D\u00eda de la Igualdad debe abarcar m\u00e1s derechos\" title=\"El D\u00eda de la Igualdad debe abarcar m\u00e1s derechos\" srcset=\"https:\/\/www.diario5.com.ar\/wp-content\/uploads\/2021\/07\/buenosaires_economico20210715.jpg 850w, https:\/\/www.diario5.com.ar\/wp-content\/uploads\/2021\/07\/buenosaires_economico20210715-253x300.jpg 253w, https:\/\/www.diario5.com.ar\/wp-content\/uploads\/2021\/07\/buenosaires_economico20210715-768x911.jpg 768w\" sizes=\"(max-width: 850px) 100vw, 850px\" \/><\/p>\n<p><img decoding=\"async\" src=\"https:\/\/diario5.com.ar\/imgtapas\/07\/15\/ar\/ar_perfil.jpg\" \/><\/p>\n<p><img decoding=\"async\" loading=\"lazy\" class=\"alignnone size-large wp-image-630811\" src=\"https:\/\/www.diario5.com.ar\/wp-content\/uploads\/2021\/07\/ar_eldia20210715-683x1024.jpg\" width=\"683\" height=\"1024\" alt=\"El D\u00eda de la Igualdad debe abarcar m\u00e1s derechos\" title=\"El D\u00eda de la Igualdad debe abarcar m\u00e1s derechos\" srcset=\"https:\/\/www.diario5.com.ar\/wp-content\/uploads\/2021\/07\/ar_eldia20210715-683x1024.jpg 683w, https:\/\/www.diario5.com.ar\/wp-content\/uploads\/2021\/07\/ar_eldia20210715-200x300.jpg 200w, https:\/\/www.diario5.com.ar\/wp-content\/uploads\/2021\/07\/ar_eldia20210715-768x1151.jpg 768w, https:\/\/www.diario5.com.ar\/wp-content\/uploads\/2021\/07\/ar_eldia20210715.jpg 850w\" sizes=\"(max-width: 683px) 100vw, 683px\" \/><\/p>\n<p><img decoding=\"async\" loading=\"lazy\" class=\"alignnone size-large wp-image-630812\" src=\"https:\/\/www.diario5.com.ar\/wp-content\/uploads\/2021\/07\/ar_hoy20210715-776x1024.jpg\" width=\"776\" height=\"1024\" alt=\"El D\u00eda de la Igualdad debe abarcar m\u00e1s derechos\" title=\"El D\u00eda de la Igualdad debe abarcar m\u00e1s derechos\" srcset=\"https:\/\/www.diario5.com.ar\/wp-content\/uploads\/2021\/07\/ar_hoy20210715-776x1024.jpg 776w, https:\/\/www.diario5.com.ar\/wp-content\/uploads\/2021\/07\/ar_hoy20210715-227x300.jpg 227w, https:\/\/www.diario5.com.ar\/wp-content\/uploads\/2021\/07\/ar_hoy20210715-768x1013.jpg 768w, https:\/\/www.diario5.com.ar\/wp-content\/uploads\/2021\/07\/ar_hoy20210715.jpg 850w\" sizes=\"(max-width: 776px) 100vw, 776px\" \/><\/p>\n<p><img decoding=\"async\" src=\"https:\/\/diario5.com.ar\/imgtapas\/07\/15\/ar\/ar_democracia.jpg\" \/><\/p>\n<p><img decoding=\"async\" src=\"https:\/\/diario5.com.ar\/imgtapas\/07\/15\/ar\/ar_capital_rosario.jpg\" \/><\/p>\n<p><img decoding=\"async\" src=\"https:\/\/diario5.com.ar\/imgtapas\/07\/15\/ar\/ar_nueva_provincia.jpg\" \/><\/p>\n<p><img decoding=\"async\" loading=\"lazy\" class=\"alignnone size-large wp-image-630813\" src=\"https:\/\/www.diario5.com.ar\/wp-content\/uploads\/2021\/07\/ar_ancasti20210715-773x1024.jpg\" width=\"773\" height=\"1024\" alt=\"El D\u00eda de la Igualdad debe abarcar m\u00e1s derechos\" title=\"El D\u00eda de la Igualdad debe abarcar m\u00e1s derechos\" srcset=\"https:\/\/www.diario5.com.ar\/wp-content\/uploads\/2021\/07\/ar_ancasti20210715-773x1024.jpg 773w, https:\/\/www.diario5.com.ar\/wp-content\/uploads\/2021\/07\/ar_ancasti20210715-226x300.jpg 226w, https:\/\/www.diario5.com.ar\/wp-content\/uploads\/2021\/07\/ar_ancasti20210715-768x1017.jpg 768w, https:\/\/www.diario5.com.ar\/wp-content\/uploads\/2021\/07\/ar_ancasti20210715.jpg 850w\" sizes=\"(max-width: 773px) 100vw, 773px\" \/><\/p>\n<p><img decoding=\"async\" src=\"https:\/\/diario5.com.ar\/imgtapas\/07\/15\/ar\/esquiu.jpg\" \/><\/p>\n<p><img decoding=\"async\" src=\"https:\/\/diario5.com.ar\/imgtapas\/07\/15\/ar\/ar_diario_norte.jpg\" \/>  <img decoding=\"async\" src=\"http:\/\/edicionimpresa.diariocastellanos.net\/diario\/pages\/1.jpg\" \/>  <\/p>\n<p><img decoding=\"async\" loading=\"lazy\" class=\"alignnone size-large wp-image-630814\" src=\"https:\/\/www.diario5.com.ar\/wp-content\/uploads\/2021\/07\/voz_chaco20210715-829x1024.jpg\" width=\"829\" height=\"1024\" alt=\"El D\u00eda de la Igualdad debe abarcar m\u00e1s derechos\" title=\"El D\u00eda de la Igualdad debe abarcar m\u00e1s derechos\" srcset=\"https:\/\/www.diario5.com.ar\/wp-content\/uploads\/2021\/07\/voz_chaco20210715-829x1024.jpg 829w, https:\/\/www.diario5.com.ar\/wp-content\/uploads\/2021\/07\/voz_chaco20210715-243x300.jpg 243w, https:\/\/www.diario5.com.ar\/wp-content\/uploads\/2021\/07\/voz_chaco20210715-768x949.jpg 768w, https:\/\/www.diario5.com.ar\/wp-content\/uploads\/2021\/07\/voz_chaco20210715.jpg 850w\" sizes=\"(max-width: 829px) 100vw, 829px\" \/><\/p>\n<p><img decoding=\"async\" loading=\"lazy\" class=\"alignnone size-full wp-image-630815\" src=\"https:\/\/www.diario5.com.ar\/wp-content\/uploads\/2021\/07\/ar_diario_madryn20210715.jpg\" width=\"764\" height=\"1009\" alt=\"El D\u00eda de la Igualdad debe abarcar m\u00e1s derechos\" title=\"El D\u00eda de la Igualdad debe abarcar m\u00e1s derechos\" srcset=\"https:\/\/www.diario5.com.ar\/wp-content\/uploads\/2021\/07\/ar_diario_madryn20210715.jpg 764w, https:\/\/www.diario5.com.ar\/wp-content\/uploads\/2021\/07\/ar_diario_madryn20210715-227x300.jpg 227w\" sizes=\"(max-width: 764px) 100vw, 764px\" \/><\/p>\n<p><img decoding=\"async\" src=\"https:\/\/diario5.com.ar\/imgtapas\/07\/15\/ar\/ar_chubut.jpg\" \/><\/p>\n<p><img decoding=\"async\" loading=\"lazy\" class=\"alignnone size-full wp-image-630816\" src=\"https:\/\/www.diario5.com.ar\/wp-content\/uploads\/2021\/07\/ar_epoca20210715.jpg\" width=\"850\" height=\"996\" alt=\"El D\u00eda de la Igualdad debe abarcar m\u00e1s derechos\" title=\"El D\u00eda de la Igualdad debe abarcar m\u00e1s derechos\" srcset=\"https:\/\/www.diario5.com.ar\/wp-content\/uploads\/2021\/07\/ar_epoca20210715.jpg 850w, https:\/\/www.diario5.com.ar\/wp-content\/uploads\/2021\/07\/ar_epoca20210715-256x300.jpg 256w, https:\/\/www.diario5.com.ar\/wp-content\/uploads\/2021\/07\/ar_epoca20210715-768x900.jpg 768w\" sizes=\"(max-width: 850px) 100vw, 850px\" \/><\/p>\n<p><img decoding=\"async\" loading=\"lazy\" class=\"alignnone size-large wp-image-630817\" src=\"https:\/\/www.diario5.com.ar\/wp-content\/uploads\/2021\/07\/ar_litoral20210715-778x1024.jpg\" width=\"778\" height=\"1024\" alt=\"El D\u00eda de la Igualdad debe abarcar m\u00e1s derechos\" title=\"El D\u00eda de la Igualdad debe abarcar m\u00e1s derechos\" srcset=\"https:\/\/www.diario5.com.ar\/wp-content\/uploads\/2021\/07\/ar_litoral20210715-778x1024.jpg 778w, https:\/\/www.diario5.com.ar\/wp-content\/uploads\/2021\/07\/ar_litoral20210715-228x300.jpg 228w, https:\/\/www.diario5.com.ar\/wp-content\/uploads\/2021\/07\/ar_litoral20210715-768x1011.jpg 768w, https:\/\/www.diario5.com.ar\/wp-content\/uploads\/2021\/07\/ar_litoral20210715.jpg 850w\" sizes=\"(max-width: 778px) 100vw, 778px\" \/><\/p>\n<p><img decoding=\"async\" src=\"https:\/\/diario5.com.ar\/imgtapas\/07\/15\/ar\/ar_heraldo.jpg\" \/><\/p>\n<p><img decoding=\"async\" src=\"https:\/\/diario5.com.ar\/imgtapas\/07\/15\/ar\/ar_manana_formosa.jpg\" \/><\/p>\n<p><img decoding=\"async\" loading=\"lazy\" class=\"alignnone size-large wp-image-630818\" src=\"https:\/\/www.diario5.com.ar\/wp-content\/uploads\/2021\/07\/ar_diario_pampa20210715-756x1024.jpg\" width=\"756\" height=\"1024\" alt=\"El D\u00eda de la Igualdad debe abarcar m\u00e1s derechos\" title=\"El D\u00eda de la Igualdad debe abarcar m\u00e1s derechos\" srcset=\"https:\/\/www.diario5.com.ar\/wp-content\/uploads\/2021\/07\/ar_diario_pampa20210715-756x1024.jpg 756w, https:\/\/www.diario5.com.ar\/wp-content\/uploads\/2021\/07\/ar_diario_pampa20210715-222x300.jpg 222w, https:\/\/www.diario5.com.ar\/wp-content\/uploads\/2021\/07\/ar_diario_pampa20210715-768x1040.jpg 768w, https:\/\/www.diario5.com.ar\/wp-content\/uploads\/2021\/07\/ar_diario_pampa20210715.jpg 850w\" sizes=\"(max-width: 756px) 100vw, 756px\" \/><\/p>\n<p><img decoding=\"async\" src=\"https:\/\/diario5.com.ar\/imgtapas\/07\/15\/ar\/ar_pagina12.jpg\" \/><\/p>\n<p><img decoding=\"async\" src=\"https:\/\/diario5.com.ar\/imgtapas\/07\/15\/ar\/ar_arena.jpg\" \/><\/p>\n<p><img decoding=\"async\" loading=\"lazy\" class=\"alignnone size-large wp-image-630819\" src=\"https:\/\/www.diario5.com.ar\/wp-content\/uploads\/2021\/07\/independiente20210715-744x1024.jpg\" width=\"744\" height=\"1024\" alt=\"El D\u00eda de la Igualdad debe abarcar m\u00e1s derechos\" title=\"El D\u00eda de la Igualdad debe abarcar m\u00e1s derechos\" srcset=\"https:\/\/www.diario5.com.ar\/wp-content\/uploads\/2021\/07\/independiente20210715-744x1024.jpg 744w, https:\/\/www.diario5.com.ar\/wp-content\/uploads\/2021\/07\/independiente20210715-218x300.jpg 218w, https:\/\/www.diario5.com.ar\/wp-content\/uploads\/2021\/07\/independiente20210715-768x1057.jpg 768w, https:\/\/www.diario5.com.ar\/wp-content\/uploads\/2021\/07\/independiente20210715.jpg 814w\" sizes=\"(max-width: 744px) 100vw, 744px\" \/><\/p>\n<p><img decoding=\"async\" loading=\"lazy\" class=\"alignnone size-large wp-image-630820\" src=\"https:\/\/www.diario5.com.ar\/wp-content\/uploads\/2021\/07\/ar_losandes20210715-742x1024.jpg\" width=\"742\" height=\"1024\" alt=\"El D\u00eda de la Igualdad debe abarcar m\u00e1s derechos\" title=\"El D\u00eda de la Igualdad debe abarcar m\u00e1s derechos\" srcset=\"https:\/\/www.diario5.com.ar\/wp-content\/uploads\/2021\/07\/ar_losandes20210715-742x1024.jpg 742w, https:\/\/www.diario5.com.ar\/wp-content\/uploads\/2021\/07\/ar_losandes20210715-217x300.jpg 217w, https:\/\/www.diario5.com.ar\/wp-content\/uploads\/2021\/07\/ar_losandes20210715.jpg 764w\" sizes=\"(max-width: 742px) 100vw, 742px\" \/><\/p>\n<p><img decoding=\"async\" src=\"https:\/\/diario5.com.ar\/imgtapas\/07\/15\/ar\/ar_tribuno.jpg\" \/><\/p>\n<p><img decoding=\"async\" src=\"https:\/\/diario5.com.ar\/imgtapas\/07\/15\/ar\/lea.jpg\" \/><\/p>\n<p><img decoding=\"async\" src=\"https:\/\/diario5.com.ar\/imgtapas\/07\/15\/ar\/ar_rio_negro.jpg\" \/><\/p>\n<p><img decoding=\"async\" src=\"https:\/\/diario5.com.ar\/imgtapas\/07\/15\/ar\/ar_diario_cuyo.jpg\" \/><\/p>\n<p><img decoding=\"async\" loading=\"lazy\" class=\"alignnone size-full wp-image-630821\" src=\"https:\/\/www.diario5.com.ar\/wp-content\/uploads\/2021\/07\/huarpe20210715.jpg\" width=\"764\" height=\"952\" alt=\"El D\u00eda de la Igualdad debe abarcar m\u00e1s derechos\" title=\"El D\u00eda de la Igualdad debe abarcar m\u00e1s derechos\" srcset=\"https:\/\/www.diario5.com.ar\/wp-content\/uploads\/2021\/07\/huarpe20210715.jpg 764w, https:\/\/www.diario5.com.ar\/wp-content\/uploads\/2021\/07\/huarpe20210715-241x300.jpg 241w\" sizes=\"(max-width: 764px) 100vw, 764px\" \/><\/p>\n<p><img decoding=\"async\" src=\"https:\/\/diario5.com.ar\/imgtapas\/07\/15\/ar\/ar_diario_republica.jpg\" \/><\/p>\n<p><img decoding=\"async\" loading=\"lazy\" class=\"alignnone size-large wp-image-630822\" src=\"https:\/\/www.diario5.com.ar\/wp-content\/uploads\/2021\/07\/ar_litoral_sfe20210715-768x1024.jpg\" width=\"768\" height=\"1024\" alt=\"El D\u00eda de la Igualdad debe abarcar m\u00e1s derechos\" title=\"El D\u00eda de la Igualdad debe abarcar m\u00e1s derechos\" srcset=\"https:\/\/www.diario5.com.ar\/wp-content\/uploads\/2021\/07\/ar_litoral_sfe20210715-768x1025.jpg 768w, https:\/\/www.diario5.com.ar\/wp-content\/uploads\/2021\/07\/ar_litoral_sfe20210715-225x300.jpg 225w, https:\/\/www.diario5.com.ar\/wp-content\/uploads\/2021\/07\/ar_litoral_sfe20210715.jpg 850w\" sizes=\"(max-width: 768px) 100vw, 768px\" \/><\/p>\n<p><img decoding=\"async\" loading=\"lazy\" class=\"alignnone size-large wp-image-630823\" src=\"https:\/\/www.diario5.com.ar\/wp-content\/uploads\/2021\/07\/ciudadano20210715-765x1024.jpg\" width=\"765\" height=\"1024\" alt=\"El D\u00eda de la Igualdad debe abarcar m\u00e1s derechos\" title=\"El D\u00eda de la Igualdad debe abarcar m\u00e1s derechos\" srcset=\"https:\/\/www.diario5.com.ar\/wp-content\/uploads\/2021\/07\/ciudadano20210715-765x1024.jpg 765w, https:\/\/www.diario5.com.ar\/wp-content\/uploads\/2021\/07\/ciudadano20210715-224x300.jpg 224w, https:\/\/www.diario5.com.ar\/wp-content\/uploads\/2021\/07\/ciudadano20210715-768x1028.jpg 768w, https:\/\/www.diario5.com.ar\/wp-content\/uploads\/2021\/07\/ciudadano20210715.jpg 850w\" sizes=\"(max-width: 765px) 100vw, 765px\" \/><\/p>\n<p><img decoding=\"async\" loading=\"lazy\" class=\"alignnone size-large wp-image-630824\" src=\"https:\/\/www.diario5.com.ar\/wp-content\/uploads\/2021\/07\/ar_mirador_provincial20210715-768x1024.jpg\" width=\"768\" height=\"1024\" alt=\"El D\u00eda de la Igualdad debe abarcar m\u00e1s derechos\" title=\"El D\u00eda de la Igualdad debe abarcar m\u00e1s derechos\" srcset=\"https:\/\/www.diario5.com.ar\/wp-content\/uploads\/2021\/07\/ar_mirador_provincial20210715-768x1024.jpg 768w, https:\/\/www.diario5.com.ar\/wp-content\/uploads\/2021\/07\/ar_mirador_provincial20210715-225x300.jpg 225w, https:\/\/www.diario5.com.ar\/wp-content\/uploads\/2021\/07\/ar_mirador_provincial20210715.jpg 850w\" sizes=\"(max-width: 768px) 100vw, 768px\" \/><\/p>\n<p><img decoding=\"async\" loading=\"lazy\" class=\"alignnone size-large wp-image-630825\" src=\"https:\/\/www.diario5.com.ar\/wp-content\/uploads\/2021\/07\/ar_gaceta20210715-618x1024.jpg\" width=\"618\" height=\"1024\" alt=\"El D\u00eda de la Igualdad debe abarcar m\u00e1s derechos\" title=\"El D\u00eda de la Igualdad debe abarcar m\u00e1s derechos\" srcset=\"https:\/\/www.diario5.com.ar\/wp-content\/uploads\/2021\/07\/ar_gaceta20210715-618x1024.jpg 618w, https:\/\/www.diario5.com.ar\/wp-content\/uploads\/2021\/07\/ar_gaceta20210715-181x300.jpg 181w, https:\/\/www.diario5.com.ar\/wp-content\/uploads\/2021\/07\/ar_gaceta20210715-768x1273.jpg 768w, https:\/\/www.diario5.com.ar\/wp-content\/uploads\/2021\/07\/ar_gaceta20210715.jpg 850w\" sizes=\"(max-width: 618px) 100vw, 618px\" \/><\/p>\n<p><img decoding=\"async\" loading=\"lazy\" class=\"alignnone size-full wp-image-630826\" src=\"https:\/\/www.diario5.com.ar\/wp-content\/uploads\/2021\/07\/ar_cronica20210715.jpg\" width=\"850\" height=\"1007\" alt=\"El D\u00eda de la Igualdad debe abarcar m\u00e1s derechos\" title=\"El D\u00eda de la Igualdad debe abarcar m\u00e1s derechos\" srcset=\"https:\/\/www.diario5.com.ar\/wp-content\/uploads\/2021\/07\/ar_cronica20210715.jpg 850w, https:\/\/www.diario5.com.ar\/wp-content\/uploads\/2021\/07\/ar_cronica20210715-253x300.jpg 253w, https:\/\/www.diario5.com.ar\/wp-content\/uploads\/2021\/07\/ar_cronica20210715-768x910.jpg 768w\" sizes=\"(max-width: 850px) 100vw, 850px\" \/><\/p>\n<p><img decoding=\"async\" loading=\"lazy\" class=\"alignnone size-large wp-image-630827\" src=\"https:\/\/www.diario5.com.ar\/wp-content\/uploads\/2021\/07\/ar_clarin20210715-735x1024.jpg\" width=\"735\" height=\"1024\" alt=\"El D\u00eda de la Igualdad debe abarcar m\u00e1s derechos\" title=\"El D\u00eda de la Igualdad debe abarcar m\u00e1s derechos\" srcset=\"https:\/\/www.diario5.com.ar\/wp-content\/uploads\/2021\/07\/ar_clarin20210715-735x1024.jpg 735w, https:\/\/www.diario5.com.ar\/wp-content\/uploads\/2021\/07\/ar_clarin20210715-215x300.jpg 215w, https:\/\/www.diario5.com.ar\/wp-content\/uploads\/2021\/07\/ar_clarin20210715-768x1071.jpg 768w, https:\/\/www.diario5.com.ar\/wp-content\/uploads\/2021\/07\/ar_clarin20210715.jpg 850w\" sizes=\"(max-width: 735px) 100vw, 735px\" \/><\/p>\n<p><img decoding=\"async\" loading=\"lazy\" class=\"alignnone size-large wp-image-630828\" src=\"https:\/\/www.diario5.com.ar\/wp-content\/uploads\/2021\/07\/nacion20210715-679x1024.jpg\" width=\"679\" height=\"1024\" alt=\"El D\u00eda de la Igualdad debe abarcar m\u00e1s derechos\" title=\"El D\u00eda de la Igualdad debe abarcar m\u00e1s derechos\" srcset=\"https:\/\/www.diario5.com.ar\/wp-content\/uploads\/2021\/07\/nacion20210715-679x1024.jpg 679w, https:\/\/www.diario5.com.ar\/wp-content\/uploads\/2021\/07\/nacion20210715-199x300.jpg 199w, https:\/\/www.diario5.com.ar\/wp-content\/uploads\/2021\/07\/nacion20210715.jpg 764w\" sizes=\"(max-width: 679px) 100vw, 679px\" \/><\/p>\n<p><img decoding=\"async\" src=\"https:\/\/diario5.com.ar\/imgtapas\/07\/15\/ar\/ar_eco.jpg\" \/><\/p>\n<p><img decoding=\"async\" loading=\"lazy\" class=\"alignnone size-large wp-image-630829\" src=\"https:\/\/www.diario5.com.ar\/wp-content\/uploads\/2021\/07\/nuevo_diario20210715-743x1024.jpg\" width=\"743\" height=\"1024\" alt=\"El D\u00eda de la Igualdad debe abarcar m\u00e1s derechos\" title=\"El D\u00eda de la Igualdad debe abarcar m\u00e1s derechos\" srcset=\"https:\/\/www.diario5.com.ar\/wp-content\/uploads\/2021\/07\/nuevo_diario20210715-743x1024.jpg 743w, https:\/\/www.diario5.com.ar\/wp-content\/uploads\/2021\/07\/nuevo_diario20210715-218x300.jpg 218w, https:\/\/www.diario5.com.ar\/wp-content\/uploads\/2021\/07\/nuevo_diario20210715.jpg 764w\" sizes=\"(max-width: 743px) 100vw, 743px\" \/><\/p>\n<p><img decoding=\"async\" src=\"https:\/\/diario5.com.ar\/imgtapas\/07\/15\/ar\/ar_sureno.jpg\" \/><\/p>\n<p>URUGUAY<br \/>\n<img decoding=\"async\" loading=\"lazy\" class=\"alignnone size-large wp-image-630830\" src=\"https:\/\/www.diario5.com.ar\/wp-content\/uploads\/2021\/07\/uy_republica20210715-700x1024.jpg\" width=\"700\" height=\"1024\" alt=\"El D\u00eda de la Igualdad debe abarcar m\u00e1s derechos\" title=\"El D\u00eda de la Igualdad debe abarcar m\u00e1s derechos\" srcset=\"https:\/\/www.diario5.com.ar\/wp-content\/uploads\/2021\/07\/uy_republica20210715-700x1024.jpg 700w, https:\/\/www.diario5.com.ar\/wp-content\/uploads\/2021\/07\/uy_republica20210715-205x300.jpg 205w, https:\/\/www.diario5.com.ar\/wp-content\/uploads\/2021\/07\/uy_republica20210715-768x1123.jpg 768w, https:\/\/www.diario5.com.ar\/wp-content\/uploads\/2021\/07\/uy_republica20210715.jpg 850w\" sizes=\"(max-width: 700px) 100vw, 700px\" \/><\/p>\n<p><img decoding=\"async\" loading=\"lazy\" class=\"alignnone size-full wp-image-630831\" src=\"https:\/\/www.diario5.com.ar\/wp-content\/uploads\/2021\/07\/uy_ladiaria20210715.jpg\" width=\"764\" height=\"897\" alt=\"El D\u00eda de la Igualdad debe abarcar m\u00e1s derechos\" title=\"El D\u00eda de la Igualdad debe abarcar m\u00e1s derechos\" srcset=\"https:\/\/www.diario5.com.ar\/wp-content\/uploads\/2021\/07\/uy_ladiaria20210715.jpg 764w, https:\/\/www.diario5.com.ar\/wp-content\/uploads\/2021\/07\/uy_ladiaria20210715-256x300.jpg 256w\" sizes=\"(max-width: 764px) 100vw, 764px\" \/><\/p>\n<p><img decoding=\"async\" loading=\"lazy\" class=\"alignnone size-large wp-image-630832\" src=\"https:\/\/www.diario5.com.ar\/wp-content\/uploads\/2021\/07\/uy_observador20210715-726x1024.jpg\" width=\"726\" height=\"1024\" alt=\"El D\u00eda de la Igualdad debe abarcar m\u00e1s derechos\" title=\"El D\u00eda de la Igualdad debe abarcar m\u00e1s derechos\" srcset=\"https:\/\/www.diario5.com.ar\/wp-content\/uploads\/2021\/07\/uy_observador20210715-726x1024.jpg 726w, https:\/\/www.diario5.com.ar\/wp-content\/uploads\/2021\/07\/uy_observador20210715-213x300.jpg 213w, https:\/\/www.diario5.com.ar\/wp-content\/uploads\/2021\/07\/uy_observador20210715.jpg 764w\" sizes=\"(max-width: 726px) 100vw, 726px\" \/><\/p>\n<p>CHILE<br \/>\n<img decoding=\"async\" loading=\"lazy\" class=\"alignnone size-large wp-image-630833\" src=\"https:\/\/www.diario5.com.ar\/wp-content\/uploads\/2021\/07\/cl_mercurio20210715-564x1024.jpg\" width=\"564\" height=\"1024\" alt=\"El D\u00eda de la Igualdad debe abarcar m\u00e1s derechos\" title=\"El D\u00eda de la Igualdad debe abarcar m\u00e1s derechos\" srcset=\"https:\/\/www.diario5.com.ar\/wp-content\/uploads\/2021\/07\/cl_mercurio20210715-564x1024.jpg 564w, https:\/\/www.diario5.com.ar\/wp-content\/uploads\/2021\/07\/cl_mercurio20210715-165x300.jpg 165w, https:\/\/www.diario5.com.ar\/wp-content\/uploads\/2021\/07\/cl_mercurio20210715.jpg 764w\" sizes=\"(max-width: 564px) 100vw, 564px\" \/><\/p>\n<p><img decoding=\"async\" loading=\"lazy\" class=\"alignnone size-full wp-image-630834\" src=\"https:\/\/www.diario5.com.ar\/wp-content\/uploads\/2021\/07\/cl_ultimas_noticias20210715.jpg\" width=\"792\" height=\"981\" alt=\"El D\u00eda de la Igualdad debe abarcar m\u00e1s derechos\" title=\"El D\u00eda de la Igualdad debe abarcar m\u00e1s derechos\" srcset=\"https:\/\/www.diario5.com.ar\/wp-content\/uploads\/2021\/07\/cl_ultimas_noticias20210715.jpg 792w, https:\/\/www.diario5.com.ar\/wp-content\/uploads\/2021\/07\/cl_ultimas_noticias20210715-242x300.jpg 242w, https:\/\/www.diario5.com.ar\/wp-content\/uploads\/2021\/07\/cl_ultimas_noticias20210715-768x951.jpg 768w\" sizes=\"(max-width: 792px) 100vw, 792px\" \/><\/p>\n<p><img decoding=\"async\" loading=\"lazy\" class=\"alignnone size-full wp-image-630835\" src=\"https:\/\/www.diario5.com.ar\/wp-content\/uploads\/2021\/07\/cl_diario_financiero20210715.jpg\" width=\"764\" height=\"981\" alt=\"El D\u00eda de la Igualdad debe abarcar m\u00e1s derechos\" title=\"El D\u00eda de la Igualdad debe abarcar m\u00e1s derechos\" srcset=\"https:\/\/www.diario5.com.ar\/wp-content\/uploads\/2021\/07\/cl_diario_financiero20210715.jpg 764w, https:\/\/www.diario5.com.ar\/wp-content\/uploads\/2021\/07\/cl_diario_financiero20210715-234x300.jpg 234w\" sizes=\"(max-width: 764px) 100vw, 764px\" \/><\/p>\n<p><img decoding=\"async\" loading=\"lazy\" class=\"alignnone size-large wp-image-630836\" src=\"https:\/\/www.diario5.com.ar\/wp-content\/uploads\/2021\/07\/estrella_iquique20210715-813x1024.jpg\" width=\"813\" height=\"1024\" alt=\"El D\u00eda de la Igualdad debe abarcar m\u00e1s derechos\" title=\"El D\u00eda de la Igualdad debe abarcar m\u00e1s derechos\" srcset=\"https:\/\/www.diario5.com.ar\/wp-content\/uploads\/2021\/07\/estrella_iquique20210715-813x1024.jpg 813w, https:\/\/www.diario5.com.ar\/wp-content\/uploads\/2021\/07\/estrella_iquique20210715-238x300.jpg 238w, https:\/\/www.diario5.com.ar\/wp-content\/uploads\/2021\/07\/estrella_iquique20210715-768x968.jpg 768w, https:\/\/www.diario5.com.ar\/wp-content\/uploads\/2021\/07\/estrella_iquique20210715.jpg 850w\" sizes=\"(max-width: 813px) 100vw, 813px\" \/><\/p>\n<p><img decoding=\"async\" loading=\"lazy\" class=\"alignnone size-large wp-image-630837\" src=\"https:\/\/www.diario5.com.ar\/wp-content\/uploads\/2021\/07\/mercurio_antofagasta20210715-700x1024.jpg\" width=\"700\" height=\"1024\" alt=\"El D\u00eda de la Igualdad debe abarcar m\u00e1s derechos\" title=\"El D\u00eda de la Igualdad debe abarcar m\u00e1s derechos\" srcset=\"https:\/\/www.diario5.com.ar\/wp-content\/uploads\/2021\/07\/mercurio_antofagasta20210715-700x1024.jpg 700w, https:\/\/www.diario5.com.ar\/wp-content\/uploads\/2021\/07\/mercurio_antofagasta20210715-205x300.jpg 205w, https:\/\/www.diario5.com.ar\/wp-content\/uploads\/2021\/07\/mercurio_antofagasta20210715-768x1123.jpg 768w, https:\/\/www.diario5.com.ar\/wp-content\/uploads\/2021\/07\/mercurio_antofagasta20210715.jpg 850w\" sizes=\"(max-width: 700px) 100vw, 700px\" \/><\/p>\n<p><img decoding=\"async\" loading=\"lazy\" class=\"alignnone size-large wp-image-630838\" src=\"https:\/\/www.diario5.com.ar\/wp-content\/uploads\/2021\/07\/cl_eldia20210715-743x1024.jpg\" width=\"743\" height=\"1024\" alt=\"El D\u00eda de la Igualdad debe abarcar m\u00e1s derechos\" title=\"El D\u00eda de la Igualdad debe abarcar m\u00e1s derechos\" srcset=\"https:\/\/www.diario5.com.ar\/wp-content\/uploads\/2021\/07\/cl_eldia20210715-743x1024.jpg 743w, https:\/\/www.diario5.com.ar\/wp-content\/uploads\/2021\/07\/cl_eldia20210715-218x300.jpg 218w, https:\/\/www.diario5.com.ar\/wp-content\/uploads\/2021\/07\/cl_eldia20210715-768x1058.jpg 768w, https:\/\/www.diario5.com.ar\/wp-content\/uploads\/2021\/07\/cl_eldia20210715.jpg 850w\" sizes=\"(max-width: 743px) 100vw, 743px\" \/><\/p>\n<p><img decoding=\"async\" loading=\"lazy\" class=\"alignnone size-large wp-image-630839\" src=\"https:\/\/www.diario5.com.ar\/wp-content\/uploads\/2021\/07\/mercurio_valpo20210715-724x1024.jpg\" width=\"724\" height=\"1024\" alt=\"El D\u00eda de la Igualdad debe abarcar m\u00e1s derechos\" title=\"El D\u00eda de la Igualdad debe abarcar m\u00e1s derechos\" srcset=\"https:\/\/www.diario5.com.ar\/wp-content\/uploads\/2021\/07\/mercurio_valpo20210715-724x1024.jpg 724w, https:\/\/www.diario5.com.ar\/wp-content\/uploads\/2021\/07\/mercurio_valpo20210715-212x300.jpg 212w, https:\/\/www.diario5.com.ar\/wp-content\/uploads\/2021\/07\/mercurio_valpo20210715-768x1086.jpg 768w, https:\/\/www.diario5.com.ar\/wp-content\/uploads\/2021\/07\/mercurio_valpo20210715.jpg 850w\" sizes=\"(max-width: 724px) 100vw, 724px\" \/><\/p>\n<p><img decoding=\"async\" src=\"https:\/\/diario5.com.ar\/imgtapas\/07\/15\/cl\/estrella_valpo.jpg\" \/><\/p>\n<p><img decoding=\"async\" loading=\"lazy\" class=\"alignnone size-large wp-image-630840\" src=\"https:\/\/www.diario5.com.ar\/wp-content\/uploads\/2021\/07\/diario_concepcion20210715-788x1024.jpg\" width=\"788\" height=\"1024\" alt=\"El D\u00eda de la Igualdad debe abarcar m\u00e1s derechos\" title=\"El D\u00eda de la Igualdad debe abarcar m\u00e1s derechos\" srcset=\"https:\/\/www.diario5.com.ar\/wp-content\/uploads\/2021\/07\/diario_concepcion20210715-788x1024.jpg 788w, https:\/\/www.diario5.com.ar\/wp-content\/uploads\/2021\/07\/diario_concepcion20210715-231x300.jpg 231w, https:\/\/www.diario5.com.ar\/wp-content\/uploads\/2021\/07\/diario_concepcion20210715-768x998.jpg 768w, https:\/\/www.diario5.com.ar\/wp-content\/uploads\/2021\/07\/diario_concepcion20210715.jpg 850w\" sizes=\"(max-width: 788px) 100vw, 788px\" \/><\/p>\n<p><img decoding=\"async\" loading=\"lazy\" class=\"alignnone size-large wp-image-630841\" src=\"https:\/\/www.diario5.com.ar\/wp-content\/uploads\/2021\/07\/austral_temuco20210715-711x1024.jpg\" width=\"711\" height=\"1024\" alt=\"El D\u00eda de la Igualdad debe abarcar m\u00e1s derechos\" title=\"El D\u00eda de la Igualdad debe abarcar m\u00e1s derechos\" srcset=\"https:\/\/www.diario5.com.ar\/wp-content\/uploads\/2021\/07\/austral_temuco20210715-711x1024.jpg 711w, https:\/\/www.diario5.com.ar\/wp-content\/uploads\/2021\/07\/austral_temuco20210715-208x300.jpg 208w, https:\/\/www.diario5.com.ar\/wp-content\/uploads\/2021\/07\/austral_temuco20210715-768x1107.jpg 768w, https:\/\/www.diario5.com.ar\/wp-content\/uploads\/2021\/07\/austral_temuco20210715.jpg 850w\" sizes=\"(max-width: 711px) 100vw, 711px\" \/><\/p>\n<p><img decoding=\"async\" loading=\"lazy\" class=\"alignnone size-large wp-image-630842\" src=\"https:\/\/www.diario5.com.ar\/wp-content\/uploads\/2021\/07\/estrella_arica20210715-809x1024.jpg\" width=\"809\" height=\"1024\" alt=\"El D\u00eda de la Igualdad debe abarcar m\u00e1s derechos\" title=\"El D\u00eda de la Igualdad debe abarcar m\u00e1s derechos\" srcset=\"https:\/\/www.diario5.com.ar\/wp-content\/uploads\/2021\/07\/estrella_arica20210715-809x1024.jpg 809w, https:\/\/www.diario5.com.ar\/wp-content\/uploads\/2021\/07\/estrella_arica20210715-237x300.jpg 237w, https:\/\/www.diario5.com.ar\/wp-content\/uploads\/2021\/07\/estrella_arica20210715-768x972.jpg 768w, https:\/\/www.diario5.com.ar\/wp-content\/uploads\/2021\/07\/estrella_arica20210715.jpg 849w\" sizes=\"(max-width: 809px) 100vw, 809px\" \/><\/p>\n<p>COLOMBIA<\/p>\n<p><img decoding=\"async\" loading=\"lazy\" class=\"alignnone size-large wp-image-630843\" src=\"https:\/\/www.diario5.com.ar\/wp-content\/uploads\/2021\/07\/co_espectador20210715-718x1024.jpg\" width=\"718\" height=\"1024\" alt=\"El D\u00eda de la Igualdad debe abarcar m\u00e1s derechos\" title=\"El D\u00eda de la Igualdad debe abarcar m\u00e1s derechos\" srcset=\"https:\/\/www.diario5.com.ar\/wp-content\/uploads\/2021\/07\/co_espectador20210715-718x1024.jpg 718w, https:\/\/www.diario5.com.ar\/wp-content\/uploads\/2021\/07\/co_espectador20210715-210x300.jpg 210w, https:\/\/www.diario5.com.ar\/wp-content\/uploads\/2021\/07\/co_espectador20210715.jpg 764w\" sizes=\"(max-width: 718px) 100vw, 718px\" \/><\/p>\n<p><img decoding=\"async\" loading=\"lazy\" class=\"alignnone size-large wp-image-630844\" src=\"https:\/\/www.diario5.com.ar\/wp-content\/uploads\/2021\/07\/co_heraldo20210715-518x1024.jpg\" width=\"518\" height=\"1024\" alt=\"El D\u00eda de la Igualdad debe abarcar m\u00e1s derechos\" title=\"El D\u00eda de la Igualdad debe abarcar m\u00e1s derechos\" srcset=\"https:\/\/www.diario5.com.ar\/wp-content\/uploads\/2021\/07\/co_heraldo20210715-518x1024.jpg 518w, https:\/\/www.diario5.com.ar\/wp-content\/uploads\/2021\/07\/co_heraldo20210715-152x300.jpg 152w, https:\/\/www.diario5.com.ar\/wp-content\/uploads\/2021\/07\/co_heraldo20210715.jpg 764w\" sizes=\"(max-width: 518px) 100vw, 518px\" \/><\/p>\n<p><img decoding=\"async\" loading=\"lazy\" class=\"alignnone size-large wp-image-630845\" src=\"https:\/\/www.diario5.com.ar\/wp-content\/uploads\/2021\/07\/co_elpais20210715-552x1024.jpg\" width=\"552\" height=\"1024\" alt=\"El D\u00eda de la Igualdad debe abarcar m\u00e1s derechos\" title=\"El D\u00eda de la Igualdad debe abarcar m\u00e1s derechos\" srcset=\"https:\/\/www.diario5.com.ar\/wp-content\/uploads\/2021\/07\/co_elpais20210715-552x1024.jpg 552w, https:\/\/www.diario5.com.ar\/wp-content\/uploads\/2021\/07\/co_elpais20210715-162x300.jpg 162w, https:\/\/www.diario5.com.ar\/wp-content\/uploads\/2021\/07\/co_elpais20210715.jpg 764w\" sizes=\"(max-width: 552px) 100vw, 552px\" \/><\/p>\n<p><img decoding=\"async\" src=\"https:\/\/diario5.com.ar\/imgtapas\/07\/15\/co\/co_universal.jpg\" \/><\/p>\n<p><img decoding=\"async\" loading=\"lazy\" class=\"alignnone size-large wp-image-630846\" src=\"https:\/\/www.diario5.com.ar\/wp-content\/uploads\/2021\/07\/co_elcolombiano20210715-727x1024.jpg\" width=\"727\" height=\"1024\" alt=\"El D\u00eda de la Igualdad debe abarcar m\u00e1s derechos\" title=\"El D\u00eda de la Igualdad debe abarcar m\u00e1s derechos\" srcset=\"https:\/\/www.diario5.com.ar\/wp-content\/uploads\/2021\/07\/co_elcolombiano20210715-727x1024.jpg 727w, https:\/\/www.diario5.com.ar\/wp-content\/uploads\/2021\/07\/co_elcolombiano20210715-213x300.jpg 213w, https:\/\/www.diario5.com.ar\/wp-content\/uploads\/2021\/07\/co_elcolombiano20210715.jpg 764w\" sizes=\"(max-width: 727px) 100vw, 727px\" \/><\/p>\n<p>PERU<br \/>\n<img decoding=\"async\" loading=\"lazy\" class=\"alignnone size-large wp-image-630847\" src=\"https:\/\/www.diario5.com.ar\/wp-content\/uploads\/2021\/07\/pe_comercio20210715-690x1024.jpg\" width=\"690\" height=\"1024\" alt=\"El D\u00eda de la Igualdad debe abarcar m\u00e1s derechos\" title=\"El D\u00eda de la Igualdad debe abarcar m\u00e1s derechos\" srcset=\"https:\/\/www.diario5.com.ar\/wp-content\/uploads\/2021\/07\/pe_comercio20210715-690x1024.jpg 690w, https:\/\/www.diario5.com.ar\/wp-content\/uploads\/2021\/07\/pe_comercio20210715-202x300.jpg 202w, https:\/\/www.diario5.com.ar\/wp-content\/uploads\/2021\/07\/pe_comercio20210715.jpg 764w\" sizes=\"(max-width: 690px) 100vw, 690px\" \/><\/p>\n<p><img decoding=\"async\" src=\"https:\/\/diario5.com.ar\/imgtapas\/07\/15\/pe\/pe_peru21.jpg\" \/><\/p>\n<p><img decoding=\"async\" src=\"https:\/\/diario5.com.ar\/imgtapas\/07\/15\/pe\/pe_correo.jpg\" \/><\/p>\n<p><img decoding=\"async\" loading=\"lazy\" class=\"alignnone size-full wp-image-630848\" src=\"https:\/\/www.diario5.com.ar\/wp-content\/uploads\/2021\/07\/pe_expreso20210715.jpg\" width=\"764\" height=\"921\" alt=\"El D\u00eda de la Igualdad debe abarcar m\u00e1s derechos\" title=\"El D\u00eda de la Igualdad debe abarcar m\u00e1s derechos\" srcset=\"https:\/\/www.diario5.com.ar\/wp-content\/uploads\/2021\/07\/pe_expreso20210715.jpg 764w, https:\/\/www.diario5.com.ar\/wp-content\/uploads\/2021\/07\/pe_expreso20210715-249x300.jpg 249w\" sizes=\"(max-width: 764px) 100vw, 764px\" \/><\/p>\n<p><img decoding=\"async\" loading=\"lazy\" class=\"alignnone size-full wp-image-630849\" src=\"https:\/\/www.diario5.com.ar\/wp-content\/uploads\/2021\/07\/pe_ojo20210715.jpg\" width=\"850\" height=\"857\" alt=\"El D\u00eda de la Igualdad debe abarcar m\u00e1s derechos\" title=\"El D\u00eda de la Igualdad debe abarcar m\u00e1s derechos\" srcset=\"https:\/\/www.diario5.com.ar\/wp-content\/uploads\/2021\/07\/pe_ojo20210715.jpg 850w, https:\/\/www.diario5.com.ar\/wp-content\/uploads\/2021\/07\/pe_ojo20210715-298x300.jpg 298w, https:\/\/www.diario5.com.ar\/wp-content\/uploads\/2021\/07\/pe_ojo20210715-150x150.jpg 150w, https:\/\/www.diario5.com.ar\/wp-content\/uploads\/2021\/07\/pe_ojo20210715-768x774.jpg 768w\" sizes=\"(max-width: 850px) 100vw, 850px\" \/><\/p>\n<p><img decoding=\"async\" loading=\"lazy\" class=\"alignnone size-full wp-image-630850\" src=\"https:\/\/www.diario5.com.ar\/wp-content\/uploads\/2021\/07\/pe_gestion20210715.jpg\" width=\"764\" height=\"801\" alt=\"El D\u00eda de la Igualdad debe abarcar m\u00e1s derechos\" title=\"El D\u00eda de la Igualdad debe abarcar m\u00e1s derechos\" srcset=\"https:\/\/www.diario5.com.ar\/wp-content\/uploads\/2021\/07\/pe_gestion20210715.jpg 764w, https:\/\/www.diario5.com.ar\/wp-content\/uploads\/2021\/07\/pe_gestion20210715-286x300.jpg 286w\" sizes=\"(max-width: 764px) 100vw, 764px\" \/><\/p>\n<p>BOLIVIA<br \/>\n<img decoding=\"async\" loading=\"lazy\" class=\"alignnone size-full wp-image-630851\" src=\"https:\/\/www.diario5.com.ar\/wp-content\/uploads\/2021\/07\/bo_elmundo20210715.jpg\" width=\"850\" height=\"975\" alt=\"El D\u00eda de la Igualdad debe abarcar m\u00e1s derechos\" title=\"El D\u00eda de la Igualdad debe abarcar m\u00e1s derechos\" srcset=\"https:\/\/www.diario5.com.ar\/wp-content\/uploads\/2021\/07\/bo_elmundo20210715.jpg 850w, https:\/\/www.diario5.com.ar\/wp-content\/uploads\/2021\/07\/bo_elmundo20210715-262x300.jpg 262w, https:\/\/www.diario5.com.ar\/wp-content\/uploads\/2021\/07\/bo_elmundo20210715-768x881.jpg 768w\" sizes=\"(max-width: 850px) 100vw, 850px\" \/><\/p>\n<p><img decoding=\"async\" loading=\"lazy\" class=\"alignnone size-large wp-image-630852\" src=\"https:\/\/www.diario5.com.ar\/wp-content\/uploads\/2021\/07\/bo_razon20210715-738x1024.jpg\" width=\"738\" height=\"1024\" alt=\"El D\u00eda de la Igualdad debe abarcar m\u00e1s derechos\" title=\"El D\u00eda de la Igualdad debe abarcar m\u00e1s derechos\" srcset=\"https:\/\/www.diario5.com.ar\/wp-content\/uploads\/2021\/07\/bo_razon20210715-738x1024.jpg 738w, https:\/\/www.diario5.com.ar\/wp-content\/uploads\/2021\/07\/bo_razon20210715-216x300.jpg 216w, https:\/\/www.diario5.com.ar\/wp-content\/uploads\/2021\/07\/bo_razon20210715-768x1066.jpg 768w, https:\/\/www.diario5.com.ar\/wp-content\/uploads\/2021\/07\/bo_razon20210715.jpg 850w\" sizes=\"(max-width: 738px) 100vw, 738px\" \/><\/p>\n<p>&nbsp;<\/p>","protected":false},"excerpt":{"rendered":"<p>La Ley de Identidad de G\u00e9nero, la Fertilizaci\u00f3n Asistida y el Reconocimiento Igualitario para hijos e hijas fue el eje por el que en 2010 se trat\u00f3, aprob\u00f3, sanciono u promulg\u00f3 el Matrimonio Igulitario por Ley La Argentina fue el primer pa\u00eds en establecer el derecho al matrimonio entre personas del mismo sexo, en Latinoam\u00e9rica. [&hellip;]<\/p>","protected":false},"author":2,"featured_media":630808,"comment_status":"open","ping_status":"open","sticky":false,"template":"","format":"standard","meta":[],"categories":[1],"tags":[],"series":[],"_links":{"self":[{"href":"https:\/\/www.diario5.com.ar\/es\/wp-json\/wp\/v2\/posts\/625421"}],"collection":[{"href":"https:\/\/www.diario5.com.ar\/es\/wp-json\/wp\/v2\/posts"}],"about":[{"href":"https:\/\/www.diario5.com.ar\/es\/wp-json\/wp\/v2\/types\/post"}],"author":[{"embeddable":true,"href":"https:\/\/www.diario5.com.ar\/es\/wp-json\/wp\/v2\/users\/2"}],"replies":[{"embeddable":true,"href":"https:\/\/www.diario5.com.ar\/es\/wp-json\/wp\/v2\/comments?post=625421"}],"version-history":[{"count":2,"href":"https:\/\/www.diario5.com.ar\/es\/wp-json\/wp\/v2\/posts\/625421\/revisions"}],"predecessor-version":[{"id":630807,"href":"https:\/\/www.diario5.com.ar\/es\/wp-json\/wp\/v2\/posts\/625421\/revisions\/630807"}],"wp:featuredmedia":[{"embeddable":true,"href":"https:\/\/www.diario5.com.ar\/es\/wp-json\/wp\/v2\/media\/630808"}],"wp:attachment":[{"href":"https:\/\/www.diario5.com.ar\/es\/wp-json\/wp\/v2\/media?parent=625421"}],"wp:term":[{"taxonomy":"category","embeddable":true,"href":"https:\/\/www.diario5.com.ar\/es\/wp-json\/wp\/v2\/categories?post=625421"},{"taxonomy":"post_tag","embeddable":true,"href":"https:\/\/www.diario5.com.ar\/es\/wp-json\/wp\/v2\/tags?post=625421"},{"taxonomy":"series","embeddable":true,"href":"https:\/\/www.diario5.com.ar\/es\/wp-json\/wp\/v2\/series?post=625421"}],"curies":[{"name":"wp","href":"https:\/\/api.w.org\/{rel}","templated":true}]}}