{"id":625417,"date":"2021-07-11T06:55:00","date_gmt":"2021-07-11T06:55:00","guid":{"rendered":"http:\/\/diario5.com.ar\/?p=625417"},"modified":"2021-07-11T11:14:05","modified_gmt":"2021-07-11T14:14:05","slug":"625417","status":"publish","type":"post","link":"https:\/\/www.diario5.com.ar\/es\/625417\/","title":{"rendered":"Fiesta y cuidados"},"content":{"rendered":"<h2 class=\"sub-title-primary\"><\/h2> <p>A la hora 00.20 de hoy, comenzaba a llegar m\u00faltiples caravana de autom\u00f3viles al centro porte\u00f1o, provenientes de todos los barrios de la Ciudad y, muy especialmente, de localidades del AMBA.<\/p>\n<p>Era s\u00e1bado a la noche. A celebrar, Argentina Campe\u00f3n.<\/p>\n<p>\u00bfEs una fiesta exclusiva para los que cuentan con veh\u00edculo propio?<\/p>\n<p>Casi.<\/p>\n<p>En realidad, si no somos tantos, podemos estar en las inmediaciones del Obelisco. Pero si para la celebraci\u00f3n hay 40.000, volvemos a estar en problemas como el 26 de noviembre.<\/p>\n<p>El f\u00fatbol convoca. Y los t\u00edtulos del f\u00fatbol, m\u00e1s a\u00fan.<\/p>\n<p>Ya el p\u00fablico amante del f\u00fatbol fue protagonista de una situaci\u00f3n delicada en la tarde del velatorio de Diego Maradona en Casa de Gobierno. Por supuesto que en aquella oportunidad el responsable del problema no fue el pueblo.<\/p>\n<p>Hagamos que esta vez tampoco no lo sea.<\/p>\n<p>Sencillo: barbijo y distancia.<\/p>\n<p>Y decime qu\u00e9 se siente.<\/p>\n<p><img decoding=\"async\" loading=\"lazy\" class=\"alignnone size-large wp-image-630599\" src=\"https:\/\/www.diario5.com.ar\/wp-content\/uploads\/2021\/07\/ar_ancasti20210711-1-760x1024.jpg\" width=\"760\" height=\"1024\" alt=\"Fiesta y responsabilidad, por favor\" title=\"Fiesta y responsabilidad, por favor\" srcset=\"https:\/\/www.diario5.com.ar\/wp-content\/uploads\/2021\/07\/ar_ancasti20210711-1-760x1024.jpg 760w, https:\/\/www.diario5.com.ar\/wp-content\/uploads\/2021\/07\/ar_ancasti20210711-1-223x300.jpg 223w, https:\/\/www.diario5.com.ar\/wp-content\/uploads\/2021\/07\/ar_ancasti20210711-1-768x1035.jpg 768w, https:\/\/www.diario5.com.ar\/wp-content\/uploads\/2021\/07\/ar_ancasti20210711-1.jpg 850w\" sizes=\"(max-width: 760px) 100vw, 760px\" \/><\/p>\n<p><img decoding=\"async\" loading=\"lazy\" class=\"alignnone size-large wp-image-630600\" src=\"https:\/\/www.diario5.com.ar\/wp-content\/uploads\/2021\/07\/voz_chaco20210711-1-825x1024.jpg\" width=\"825\" height=\"1024\" alt=\"Fiesta y responsabilidad, por favor\" title=\"Fiesta y responsabilidad, por favor\" srcset=\"https:\/\/www.diario5.com.ar\/wp-content\/uploads\/2021\/07\/voz_chaco20210711-1-825x1024.jpg 825w, https:\/\/www.diario5.com.ar\/wp-content\/uploads\/2021\/07\/voz_chaco20210711-1-242x300.jpg 242w, https:\/\/www.diario5.com.ar\/wp-content\/uploads\/2021\/07\/voz_chaco20210711-1-768x953.jpg 768w, https:\/\/www.diario5.com.ar\/wp-content\/uploads\/2021\/07\/voz_chaco20210711-1.jpg 850w\" sizes=\"(max-width: 825px) 100vw, 825px\" \/><\/p>\n<p><img decoding=\"async\" loading=\"lazy\" class=\"alignnone size-large wp-image-630601\" src=\"https:\/\/www.diario5.com.ar\/wp-content\/uploads\/2021\/07\/ar_eldia20210711-1-683x1024.jpg\" width=\"683\" height=\"1024\" alt=\"Fiesta y responsabilidad, por favor\" title=\"Fiesta y responsabilidad, por favor\" srcset=\"https:\/\/www.diario5.com.ar\/wp-content\/uploads\/2021\/07\/ar_eldia20210711-1-683x1024.jpg 683w, https:\/\/www.diario5.com.ar\/wp-content\/uploads\/2021\/07\/ar_eldia20210711-1-200x300.jpg 200w, https:\/\/www.diario5.com.ar\/wp-content\/uploads\/2021\/07\/ar_eldia20210711-1-768x1151.jpg 768w, https:\/\/www.diario5.com.ar\/wp-content\/uploads\/2021\/07\/ar_eldia20210711-1.jpg 850w\" sizes=\"(max-width: 683px) 100vw, 683px\" \/><\/p>\n<p><img decoding=\"async\" loading=\"lazy\" class=\"alignnone size-large wp-image-630602\" src=\"https:\/\/www.diario5.com.ar\/wp-content\/uploads\/2021\/07\/ar_hoy20210711-1-797x1024.jpg\" width=\"797\" height=\"1024\" alt=\"Fiesta y responsabilidad, por favor\" title=\"Fiesta y responsabilidad, por favor\" srcset=\"https:\/\/www.diario5.com.ar\/wp-content\/uploads\/2021\/07\/ar_hoy20210711-1-797x1024.jpg 797w, https:\/\/www.diario5.com.ar\/wp-content\/uploads\/2021\/07\/ar_hoy20210711-1-234x300.jpg 234w, https:\/\/www.diario5.com.ar\/wp-content\/uploads\/2021\/07\/ar_hoy20210711-1-768x987.jpg 768w, https:\/\/www.diario5.com.ar\/wp-content\/uploads\/2021\/07\/ar_hoy20210711-1.jpg 850w\" sizes=\"(max-width: 797px) 100vw, 797px\" \/><\/p>\n<p><img decoding=\"async\" loading=\"lazy\" class=\"alignnone size-full wp-image-630603\" src=\"https:\/\/www.diario5.com.ar\/wp-content\/uploads\/2021\/07\/ar_diario_madryn20210711.jpg\" width=\"764\" height=\"995\" alt=\"Fiesta y responsabilidad, por favor\" title=\"Fiesta y responsabilidad, por favor\" srcset=\"https:\/\/www.diario5.com.ar\/wp-content\/uploads\/2021\/07\/ar_diario_madryn20210711.jpg 764w, https:\/\/www.diario5.com.ar\/wp-content\/uploads\/2021\/07\/ar_diario_madryn20210711-230x300.jpg 230w\" sizes=\"(max-width: 764px) 100vw, 764px\" \/><\/p>\n<p><img decoding=\"async\" loading=\"lazy\" class=\"alignnone size-full wp-image-630604\" src=\"https:\/\/www.diario5.com.ar\/wp-content\/uploads\/2021\/07\/ar_epoca20210711-1.jpg\" width=\"850\" height=\"1003\" alt=\"Fiesta y responsabilidad, por favor\" title=\"Fiesta y responsabilidad, por favor\" srcset=\"https:\/\/www.diario5.com.ar\/wp-content\/uploads\/2021\/07\/ar_epoca20210711-1.jpg 850w, https:\/\/www.diario5.com.ar\/wp-content\/uploads\/2021\/07\/ar_epoca20210711-1-254x300.jpg 254w, https:\/\/www.diario5.com.ar\/wp-content\/uploads\/2021\/07\/ar_epoca20210711-1-768x906.jpg 768w\" sizes=\"(max-width: 850px) 100vw, 850px\" \/><\/p>\n<p><img decoding=\"async\" loading=\"lazy\" class=\"alignnone size-large wp-image-630605\" src=\"https:\/\/www.diario5.com.ar\/wp-content\/uploads\/2021\/07\/ar_litoral20210711-1-791x1024.jpg\" width=\"791\" height=\"1024\" alt=\"Fiesta y responsabilidad, por favor\" title=\"Fiesta y responsabilidad, por favor\" srcset=\"https:\/\/www.diario5.com.ar\/wp-content\/uploads\/2021\/07\/ar_litoral20210711-1-791x1024.jpg 791w, https:\/\/www.diario5.com.ar\/wp-content\/uploads\/2021\/07\/ar_litoral20210711-1-232x300.jpg 232w, https:\/\/www.diario5.com.ar\/wp-content\/uploads\/2021\/07\/ar_litoral20210711-1-768x995.jpg 768w, https:\/\/www.diario5.com.ar\/wp-content\/uploads\/2021\/07\/ar_litoral20210711-1.jpg 850w\" sizes=\"(max-width: 791px) 100vw, 791px\" \/><\/p>\n<p><img decoding=\"async\" loading=\"lazy\" class=\"alignnone size-large wp-image-630606\" src=\"https:\/\/www.diario5.com.ar\/wp-content\/uploads\/2021\/07\/ar_diario_pampa20210711-1-758x1024.jpg\" width=\"758\" height=\"1024\" alt=\"Fiesta y responsabilidad, por favor\" title=\"Fiesta y responsabilidad, por favor\" srcset=\"https:\/\/www.diario5.com.ar\/wp-content\/uploads\/2021\/07\/ar_diario_pampa20210711-1-758x1024.jpg 758w, https:\/\/www.diario5.com.ar\/wp-content\/uploads\/2021\/07\/ar_diario_pampa20210711-1-222x300.jpg 222w, https:\/\/www.diario5.com.ar\/wp-content\/uploads\/2021\/07\/ar_diario_pampa20210711-1-768x1037.jpg 768w, https:\/\/www.diario5.com.ar\/wp-content\/uploads\/2021\/07\/ar_diario_pampa20210711-1.jpg 850w\" sizes=\"(max-width: 758px) 100vw, 758px\" \/><\/p>\n<p><img decoding=\"async\" loading=\"lazy\" class=\"alignnone size-large wp-image-630607\" src=\"https:\/\/www.diario5.com.ar\/wp-content\/uploads\/2021\/07\/ar_pagina1220210711-823x1024.jpg\" width=\"823\" height=\"1024\" alt=\"Fiesta y responsabilidad, por favor\" title=\"Fiesta y responsabilidad, por favor\" srcset=\"https:\/\/www.diario5.com.ar\/wp-content\/uploads\/2021\/07\/ar_pagina1220210711-823x1024.jpg 823w, https:\/\/www.diario5.com.ar\/wp-content\/uploads\/2021\/07\/ar_pagina1220210711-241x300.jpg 241w, https:\/\/www.diario5.com.ar\/wp-content\/uploads\/2021\/07\/ar_pagina1220210711-768x956.jpg 768w, https:\/\/www.diario5.com.ar\/wp-content\/uploads\/2021\/07\/ar_pagina1220210711.jpg 850w\" sizes=\"(max-width: 823px) 100vw, 823px\" \/><\/p>\n<p><img decoding=\"async\" loading=\"lazy\" class=\"alignnone size-large wp-image-630608\" src=\"https:\/\/www.diario5.com.ar\/wp-content\/uploads\/2021\/07\/ar_arena20210711-1-745x1024.jpg\" width=\"745\" height=\"1024\" alt=\"Fiesta y responsabilidad, por favor\" title=\"Fiesta y responsabilidad, por favor\" srcset=\"https:\/\/www.diario5.com.ar\/wp-content\/uploads\/2021\/07\/ar_arena20210711-1-745x1024.jpg 745w, https:\/\/www.diario5.com.ar\/wp-content\/uploads\/2021\/07\/ar_arena20210711-1-218x300.jpg 218w, https:\/\/www.diario5.com.ar\/wp-content\/uploads\/2021\/07\/ar_arena20210711-1-768x1056.jpg 768w, https:\/\/www.diario5.com.ar\/wp-content\/uploads\/2021\/07\/ar_arena20210711-1.jpg 850w\" sizes=\"(max-width: 745px) 100vw, 745px\" \/><\/p>\n<p><img decoding=\"async\" loading=\"lazy\" class=\"alignnone size-large wp-image-630609\" src=\"https:\/\/www.diario5.com.ar\/wp-content\/uploads\/2021\/07\/independiente20210711-1-744x1024.jpg\" width=\"744\" height=\"1024\" alt=\"Fiesta y responsabilidad, por favor\" title=\"Fiesta y responsabilidad, por favor\" srcset=\"https:\/\/www.diario5.com.ar\/wp-content\/uploads\/2021\/07\/independiente20210711-1-744x1024.jpg 744w, https:\/\/www.diario5.com.ar\/wp-content\/uploads\/2021\/07\/independiente20210711-1-218x300.jpg 218w, https:\/\/www.diario5.com.ar\/wp-content\/uploads\/2021\/07\/independiente20210711-1-768x1057.jpg 768w, https:\/\/www.diario5.com.ar\/wp-content\/uploads\/2021\/07\/independiente20210711-1.jpg 814w\" sizes=\"(max-width: 744px) 100vw, 744px\" \/><\/p>\n<p><img decoding=\"async\" loading=\"lazy\" class=\"alignnone size-large wp-image-630610\" src=\"https:\/\/www.diario5.com.ar\/wp-content\/uploads\/2021\/07\/ar_losandes20210711-742x1024.jpg\" width=\"742\" height=\"1024\" alt=\"Fiesta y responsabilidad, por favor\" title=\"Fiesta y responsabilidad, por favor\" srcset=\"https:\/\/www.diario5.com.ar\/wp-content\/uploads\/2021\/07\/ar_losandes20210711-742x1024.jpg 742w, https:\/\/www.diario5.com.ar\/wp-content\/uploads\/2021\/07\/ar_losandes20210711-217x300.jpg 217w, https:\/\/www.diario5.com.ar\/wp-content\/uploads\/2021\/07\/ar_losandes20210711.jpg 764w\" sizes=\"(max-width: 742px) 100vw, 742px\" \/><\/p>\n<p><img decoding=\"async\" loading=\"lazy\" class=\"alignnone size-large wp-image-630611\" src=\"https:\/\/www.diario5.com.ar\/wp-content\/uploads\/2021\/07\/ar_litoral_sfe20210711-768x1024.jpg\" width=\"768\" height=\"1024\" alt=\"Fiesta y responsabilidad, por favor\" title=\"Fiesta y responsabilidad, por favor\" srcset=\"https:\/\/www.diario5.com.ar\/wp-content\/uploads\/2021\/07\/ar_litoral_sfe20210711-768x1025.jpg 768w, https:\/\/www.diario5.com.ar\/wp-content\/uploads\/2021\/07\/ar_litoral_sfe20210711-225x300.jpg 225w, https:\/\/www.diario5.com.ar\/wp-content\/uploads\/2021\/07\/ar_litoral_sfe20210711.jpg 850w\" sizes=\"(max-width: 768px) 100vw, 768px\" \/><\/p>\n<p><img decoding=\"async\" loading=\"lazy\" class=\"alignnone size-large wp-image-630612\" src=\"https:\/\/www.diario5.com.ar\/wp-content\/uploads\/2021\/07\/ar_mirador_provincial20210711-768x1024.jpg\" width=\"768\" height=\"1024\" alt=\"Fiesta y responsabilidad, por favor\" title=\"Fiesta y responsabilidad, por favor\" srcset=\"https:\/\/www.diario5.com.ar\/wp-content\/uploads\/2021\/07\/ar_mirador_provincial20210711-768x1025.jpg 768w, https:\/\/www.diario5.com.ar\/wp-content\/uploads\/2021\/07\/ar_mirador_provincial20210711-225x300.jpg 225w, https:\/\/www.diario5.com.ar\/wp-content\/uploads\/2021\/07\/ar_mirador_provincial20210711.jpg 850w\" sizes=\"(max-width: 768px) 100vw, 768px\" \/><\/p>\n<p><img decoding=\"async\" loading=\"lazy\" class=\"alignnone size-large wp-image-630613\" src=\"https:\/\/www.diario5.com.ar\/wp-content\/uploads\/2021\/07\/ar_gaceta20210711-618x1024.jpg\" width=\"618\" height=\"1024\" alt=\"Fiesta y responsabilidad, por favor\" title=\"Fiesta y responsabilidad, por favor\" srcset=\"https:\/\/www.diario5.com.ar\/wp-content\/uploads\/2021\/07\/ar_gaceta20210711-618x1024.jpg 618w, https:\/\/www.diario5.com.ar\/wp-content\/uploads\/2021\/07\/ar_gaceta20210711-181x300.jpg 181w, https:\/\/www.diario5.com.ar\/wp-content\/uploads\/2021\/07\/ar_gaceta20210711-768x1273.jpg 768w, https:\/\/www.diario5.com.ar\/wp-content\/uploads\/2021\/07\/ar_gaceta20210711.jpg 850w\" sizes=\"(max-width: 618px) 100vw, 618px\" \/><\/p>\n<p><img decoding=\"async\" loading=\"lazy\" class=\"alignnone size-full wp-image-630614\" src=\"https:\/\/www.diario5.com.ar\/wp-content\/uploads\/2021\/07\/ar_cronica20210711.jpg\" width=\"850\" height=\"1003\" alt=\"Fiesta y responsabilidad, por favor\" title=\"Fiesta y responsabilidad, por favor\" srcset=\"https:\/\/www.diario5.com.ar\/wp-content\/uploads\/2021\/07\/ar_cronica20210711.jpg 850w, https:\/\/www.diario5.com.ar\/wp-content\/uploads\/2021\/07\/ar_cronica20210711-254x300.jpg 254w, https:\/\/www.diario5.com.ar\/wp-content\/uploads\/2021\/07\/ar_cronica20210711-768x906.jpg 768w\" sizes=\"(max-width: 850px) 100vw, 850px\" \/><\/p>\n<p><img decoding=\"async\" loading=\"lazy\" class=\"alignnone size-large wp-image-630615\" src=\"https:\/\/www.diario5.com.ar\/wp-content\/uploads\/2021\/07\/ar_clarin20210711-1-743x1024.jpg\" width=\"743\" height=\"1024\" alt=\"Fiesta y responsabilidad, por favor\" title=\"Fiesta y responsabilidad, por favor\" srcset=\"https:\/\/www.diario5.com.ar\/wp-content\/uploads\/2021\/07\/ar_clarin20210711-1-743x1024.jpg 743w, https:\/\/www.diario5.com.ar\/wp-content\/uploads\/2021\/07\/ar_clarin20210711-1-218x300.jpg 218w, https:\/\/www.diario5.com.ar\/wp-content\/uploads\/2021\/07\/ar_clarin20210711-1-768x1059.jpg 768w, https:\/\/www.diario5.com.ar\/wp-content\/uploads\/2021\/07\/ar_clarin20210711-1.jpg 850w\" sizes=\"(max-width: 743px) 100vw, 743px\" \/><\/p>\n<p><img decoding=\"async\" loading=\"lazy\" class=\"alignnone size-large wp-image-630616\" src=\"https:\/\/www.diario5.com.ar\/wp-content\/uploads\/2021\/07\/nuevo_diario20210711-1-742x1024.jpg\" width=\"742\" height=\"1024\" alt=\"Fiesta y responsabilidad, por favor\" title=\"Fiesta y responsabilidad, por favor\" srcset=\"https:\/\/www.diario5.com.ar\/wp-content\/uploads\/2021\/07\/nuevo_diario20210711-1-742x1024.jpg 742w, https:\/\/www.diario5.com.ar\/wp-content\/uploads\/2021\/07\/nuevo_diario20210711-1-217x300.jpg 217w, https:\/\/www.diario5.com.ar\/wp-content\/uploads\/2021\/07\/nuevo_diario20210711-1.jpg 764w\" sizes=\"(max-width: 742px) 100vw, 742px\" \/><\/p>\n<p>URUGUAY<br \/>\n<img decoding=\"async\" loading=\"lazy\" class=\"alignnone size-large wp-image-630617\" src=\"https:\/\/www.diario5.com.ar\/wp-content\/uploads\/2021\/07\/uy_republica20210711-700x1024.jpg\" width=\"700\" height=\"1024\" alt=\"Fiesta y responsabilidad, por favor\" title=\"Fiesta y responsabilidad, por favor\" srcset=\"https:\/\/www.diario5.com.ar\/wp-content\/uploads\/2021\/07\/uy_republica20210711-700x1024.jpg 700w, https:\/\/www.diario5.com.ar\/wp-content\/uploads\/2021\/07\/uy_republica20210711-205x300.jpg 205w, https:\/\/www.diario5.com.ar\/wp-content\/uploads\/2021\/07\/uy_republica20210711-768x1123.jpg 768w, https:\/\/www.diario5.com.ar\/wp-content\/uploads\/2021\/07\/uy_republica20210711.jpg 850w\" sizes=\"(max-width: 700px) 100vw, 700px\" \/><\/p>\n<p><img decoding=\"async\" loading=\"lazy\" class=\"alignnone size-large wp-image-630618\" src=\"https:\/\/www.diario5.com.ar\/wp-content\/uploads\/2021\/07\/uy_observador20210711-726x1024.jpg\" width=\"726\" height=\"1024\" alt=\"Fiesta y responsabilidad, por favor\" title=\"Fiesta y responsabilidad, por favor\" srcset=\"https:\/\/www.diario5.com.ar\/wp-content\/uploads\/2021\/07\/uy_observador20210711-726x1024.jpg 726w, https:\/\/www.diario5.com.ar\/wp-content\/uploads\/2021\/07\/uy_observador20210711-213x300.jpg 213w, https:\/\/www.diario5.com.ar\/wp-content\/uploads\/2021\/07\/uy_observador20210711.jpg 764w\" sizes=\"(max-width: 726px) 100vw, 726px\" \/><\/p>\n<p>CHILE<br \/>\n<img decoding=\"async\" loading=\"lazy\" class=\"alignnone size-large wp-image-630619\" src=\"https:\/\/www.diario5.com.ar\/wp-content\/uploads\/2021\/07\/cl_mercurio20210711-564x1024.jpg\" width=\"564\" height=\"1024\" alt=\"Fiesta y responsabilidad, por favor\" title=\"Fiesta y responsabilidad, por favor\" srcset=\"https:\/\/www.diario5.com.ar\/wp-content\/uploads\/2021\/07\/cl_mercurio20210711-564x1024.jpg 564w, https:\/\/www.diario5.com.ar\/wp-content\/uploads\/2021\/07\/cl_mercurio20210711-165x300.jpg 165w, https:\/\/www.diario5.com.ar\/wp-content\/uploads\/2021\/07\/cl_mercurio20210711.jpg 764w\" sizes=\"(max-width: 564px) 100vw, 564px\" \/><\/p>\n<p><img decoding=\"async\" loading=\"lazy\" class=\"alignnone size-full wp-image-630620\" src=\"https:\/\/www.diario5.com.ar\/wp-content\/uploads\/2021\/07\/cl_ultimas_noticias20210711.jpg\" width=\"792\" height=\"981\" alt=\"Fiesta y responsabilidad, por favor\" title=\"Fiesta y responsabilidad, por favor\" srcset=\"https:\/\/www.diario5.com.ar\/wp-content\/uploads\/2021\/07\/cl_ultimas_noticias20210711.jpg 792w, https:\/\/www.diario5.com.ar\/wp-content\/uploads\/2021\/07\/cl_ultimas_noticias20210711-242x300.jpg 242w, https:\/\/www.diario5.com.ar\/wp-content\/uploads\/2021\/07\/cl_ultimas_noticias20210711-768x951.jpg 768w\" sizes=\"(max-width: 792px) 100vw, 792px\" \/><\/p>\n<p><img decoding=\"async\" loading=\"lazy\" class=\"alignnone size-large wp-image-630621\" src=\"https:\/\/www.diario5.com.ar\/wp-content\/uploads\/2021\/07\/estrella_iquique20210711-814x1024.jpg\" width=\"814\" height=\"1024\" alt=\"Fiesta y responsabilidad, por favor\" title=\"Fiesta y responsabilidad, por favor\" srcset=\"https:\/\/www.diario5.com.ar\/wp-content\/uploads\/2021\/07\/estrella_iquique20210711-814x1024.jpg 814w, https:\/\/www.diario5.com.ar\/wp-content\/uploads\/2021\/07\/estrella_iquique20210711-239x300.jpg 239w, https:\/\/www.diario5.com.ar\/wp-content\/uploads\/2021\/07\/estrella_iquique20210711-768x966.jpg 768w, https:\/\/www.diario5.com.ar\/wp-content\/uploads\/2021\/07\/estrella_iquique20210711.jpg 850w\" sizes=\"(max-width: 814px) 100vw, 814px\" \/><\/p>\n<p><img decoding=\"async\" loading=\"lazy\" class=\"alignnone size-large wp-image-630622\" src=\"https:\/\/www.diario5.com.ar\/wp-content\/uploads\/2021\/07\/diario_concepcion20210711-791x1024.jpg\" width=\"791\" height=\"1024\" alt=\"Fiesta y responsabilidad, por favor\" title=\"Fiesta y responsabilidad, por favor\" srcset=\"https:\/\/www.diario5.com.ar\/wp-content\/uploads\/2021\/07\/diario_concepcion20210711-791x1024.jpg 791w, https:\/\/www.diario5.com.ar\/wp-content\/uploads\/2021\/07\/diario_concepcion20210711-232x300.jpg 232w, https:\/\/www.diario5.com.ar\/wp-content\/uploads\/2021\/07\/diario_concepcion20210711-768x995.jpg 768w, https:\/\/www.diario5.com.ar\/wp-content\/uploads\/2021\/07\/diario_concepcion20210711.jpg 850w\" sizes=\"(max-width: 791px) 100vw, 791px\" \/><\/p>\n<p><img decoding=\"async\" loading=\"lazy\" class=\"alignnone size-large wp-image-630623\" src=\"https:\/\/www.diario5.com.ar\/wp-content\/uploads\/2021\/07\/estrella_arica20210711-802x1024.jpg\" width=\"802\" height=\"1024\" alt=\"Fiesta y responsabilidad, por favor\" title=\"Fiesta y responsabilidad, por favor\" srcset=\"https:\/\/www.diario5.com.ar\/wp-content\/uploads\/2021\/07\/estrella_arica20210711-802x1024.jpg 802w, https:\/\/www.diario5.com.ar\/wp-content\/uploads\/2021\/07\/estrella_arica20210711-235x300.jpg 235w, https:\/\/www.diario5.com.ar\/wp-content\/uploads\/2021\/07\/estrella_arica20210711-768x980.jpg 768w, https:\/\/www.diario5.com.ar\/wp-content\/uploads\/2021\/07\/estrella_arica20210711.jpg 850w\" sizes=\"(max-width: 802px) 100vw, 802px\" \/><\/p>\n<p>COLOMBIA<\/p>\n<p><img decoding=\"async\" loading=\"lazy\" class=\"alignnone size-large wp-image-630624\" src=\"https:\/\/www.diario5.com.ar\/wp-content\/uploads\/2021\/07\/co_espectador20210711-714x1024.jpg\" width=\"714\" height=\"1024\" alt=\"Fiesta y responsabilidad, por favor\" title=\"Fiesta y responsabilidad, por favor\" srcset=\"https:\/\/www.diario5.com.ar\/wp-content\/uploads\/2021\/07\/co_espectador20210711-714x1024.jpg 714w, https:\/\/www.diario5.com.ar\/wp-content\/uploads\/2021\/07\/co_espectador20210711-209x300.jpg 209w, https:\/\/www.diario5.com.ar\/wp-content\/uploads\/2021\/07\/co_espectador20210711.jpg 764w\" sizes=\"(max-width: 714px) 100vw, 714px\" \/><\/p>\n<p><img decoding=\"async\" loading=\"lazy\" class=\"alignnone size-large wp-image-630625\" src=\"https:\/\/www.diario5.com.ar\/wp-content\/uploads\/2021\/07\/co_heraldo20210711-517x1024.jpg\" width=\"517\" height=\"1024\" alt=\"Fiesta y responsabilidad, por favor\" title=\"Fiesta y responsabilidad, por favor\" srcset=\"https:\/\/www.diario5.com.ar\/wp-content\/uploads\/2021\/07\/co_heraldo20210711-517x1024.jpg 517w, https:\/\/www.diario5.com.ar\/wp-content\/uploads\/2021\/07\/co_heraldo20210711-152x300.jpg 152w, https:\/\/www.diario5.com.ar\/wp-content\/uploads\/2021\/07\/co_heraldo20210711.jpg 764w\" sizes=\"(max-width: 517px) 100vw, 517px\" \/><\/p>\n<p>PERU<br \/>\n<img decoding=\"async\" loading=\"lazy\" class=\"alignnone size-large wp-image-630626\" src=\"https:\/\/www.diario5.com.ar\/wp-content\/uploads\/2021\/07\/pe_comercio20210711-690x1024.jpg\" width=\"690\" height=\"1024\" alt=\"Fiesta y responsabilidad, por favor\" title=\"Fiesta y responsabilidad, por favor\" srcset=\"https:\/\/www.diario5.com.ar\/wp-content\/uploads\/2021\/07\/pe_comercio20210711-690x1024.jpg 690w, https:\/\/www.diario5.com.ar\/wp-content\/uploads\/2021\/07\/pe_comercio20210711-202x300.jpg 202w, https:\/\/www.diario5.com.ar\/wp-content\/uploads\/2021\/07\/pe_comercio20210711.jpg 764w\" sizes=\"(max-width: 690px) 100vw, 690px\" \/><\/p>\n<p><img decoding=\"async\" loading=\"lazy\" class=\"alignnone size-full wp-image-630627\" src=\"https:\/\/www.diario5.com.ar\/wp-content\/uploads\/2021\/07\/pe_expreso20210711.jpg\" width=\"764\" height=\"921\" alt=\"Fiesta y responsabilidad, por favor\" title=\"Fiesta y responsabilidad, por favor\" srcset=\"https:\/\/www.diario5.com.ar\/wp-content\/uploads\/2021\/07\/pe_expreso20210711.jpg 764w, https:\/\/www.diario5.com.ar\/wp-content\/uploads\/2021\/07\/pe_expreso20210711-249x300.jpg 249w\" sizes=\"(max-width: 764px) 100vw, 764px\" \/><\/p>\n<p><img decoding=\"async\" loading=\"lazy\" class=\"alignnone size-full wp-image-630628\" src=\"https:\/\/www.diario5.com.ar\/wp-content\/uploads\/2021\/07\/pe_ojo20210711.jpg\" width=\"850\" height=\"867\" alt=\"Fiesta y responsabilidad, por favor\" title=\"Fiesta y responsabilidad, por favor\" srcset=\"https:\/\/www.diario5.com.ar\/wp-content\/uploads\/2021\/07\/pe_ojo20210711.jpg 850w, https:\/\/www.diario5.com.ar\/wp-content\/uploads\/2021\/07\/pe_ojo20210711-294x300.jpg 294w, https:\/\/www.diario5.com.ar\/wp-content\/uploads\/2021\/07\/pe_ojo20210711-768x783.jpg 768w\" sizes=\"(max-width: 850px) 100vw, 850px\" \/><\/p>\n<p><img decoding=\"async\" loading=\"lazy\" class=\"alignnone size-full wp-image-630629\" src=\"https:\/\/www.diario5.com.ar\/wp-content\/uploads\/2021\/07\/pe_gestion20210711.jpg\" width=\"764\" height=\"803\" alt=\"Fiesta y responsabilidad, por favor\" title=\"Fiesta y responsabilidad, por favor\" srcset=\"https:\/\/www.diario5.com.ar\/wp-content\/uploads\/2021\/07\/pe_gestion20210711.jpg 764w, https:\/\/www.diario5.com.ar\/wp-content\/uploads\/2021\/07\/pe_gestion20210711-285x300.jpg 285w\" sizes=\"(max-width: 764px) 100vw, 764px\" \/><\/p>\n<p>BOLIVIA<br \/>\n<img decoding=\"async\" loading=\"lazy\" class=\"alignnone size-large wp-image-630630\" src=\"https:\/\/www.diario5.com.ar\/wp-content\/uploads\/2021\/07\/bo_razon20210711-749x1024.jpg\" width=\"749\" height=\"1024\" alt=\"Fiesta y responsabilidad, por favor\" title=\"Fiesta y responsabilidad, por favor\" srcset=\"https:\/\/www.diario5.com.ar\/wp-content\/uploads\/2021\/07\/bo_razon20210711-749x1024.jpg 749w, https:\/\/www.diario5.com.ar\/wp-content\/uploads\/2021\/07\/bo_razon20210711-219x300.jpg 219w, https:\/\/www.diario5.com.ar\/wp-content\/uploads\/2021\/07\/bo_razon20210711-768x1050.jpg 768w, https:\/\/www.diario5.com.ar\/wp-content\/uploads\/2021\/07\/bo_razon20210711.jpg 850w\" sizes=\"(max-width: 749px) 100vw, 749px\" \/><\/p>\n<p>&nbsp;<\/p>","protected":false},"excerpt":{"rendered":"<p>A la hora 00.20 de hoy, comenzaba a llegar m\u00faltiples caravana de autom\u00f3viles al centro porte\u00f1o, provenientes de todos los barrios de la Ciudad y, muy especialmente, de localidades del AMBA. Era s\u00e1bado a la noche. A celebrar, Argentina Campe\u00f3n. \u00bfEs una fiesta exclusiva para los que cuentan con veh\u00edculo propio? Casi. En realidad, si [&hellip;]<\/p>","protected":false},"author":1,"featured_media":630599,"comment_status":"open","ping_status":"open","sticky":false,"template":"","format":"standard","meta":[],"categories":[1],"tags":[],"series":[],"_links":{"self":[{"href":"https:\/\/www.diario5.com.ar\/es\/wp-json\/wp\/v2\/posts\/625417"}],"collection":[{"href":"https:\/\/www.diario5.com.ar\/es\/wp-json\/wp\/v2\/posts"}],"about":[{"href":"https:\/\/www.diario5.com.ar\/es\/wp-json\/wp\/v2\/types\/post"}],"author":[{"embeddable":true,"href":"https:\/\/www.diario5.com.ar\/es\/wp-json\/wp\/v2\/users\/1"}],"replies":[{"embeddable":true,"href":"https:\/\/www.diario5.com.ar\/es\/wp-json\/wp\/v2\/comments?post=625417"}],"version-history":[{"count":4,"href":"https:\/\/www.diario5.com.ar\/es\/wp-json\/wp\/v2\/posts\/625417\/revisions"}],"predecessor-version":[{"id":630631,"href":"https:\/\/www.diario5.com.ar\/es\/wp-json\/wp\/v2\/posts\/625417\/revisions\/630631"}],"wp:featuredmedia":[{"embeddable":true,"href":"https:\/\/www.diario5.com.ar\/es\/wp-json\/wp\/v2\/media\/630599"}],"wp:attachment":[{"href":"https:\/\/www.diario5.com.ar\/es\/wp-json\/wp\/v2\/media?parent=625417"}],"wp:term":[{"taxonomy":"category","embeddable":true,"href":"https:\/\/www.diario5.com.ar\/es\/wp-json\/wp\/v2\/categories?post=625417"},{"taxonomy":"post_tag","embeddable":true,"href":"https:\/\/www.diario5.com.ar\/es\/wp-json\/wp\/v2\/tags?post=625417"},{"taxonomy":"series","embeddable":true,"href":"https:\/\/www.diario5.com.ar\/es\/wp-json\/wp\/v2\/series?post=625417"}],"curies":[{"name":"wp","href":"https:\/\/api.w.org\/{rel}","templated":true}]}}