{"id":625412,"date":"2021-07-06T06:51:00","date_gmt":"2021-07-06T09:51:00","guid":{"rendered":"http:\/\/diario5.com.ar\/?p=625412"},"modified":"2021-07-06T07:02:12","modified_gmt":"2021-07-06T10:02:12","slug":"625412","status":"publish","type":"post","link":"https:\/\/www.diario5.com.ar\/es\/625412\/","title":{"rendered":"La pol\u00edtica gira alrededor de la quiebra de Correo Argentino"},"content":{"rendered":"<h2 class=\"sub-title-primary\"><\/h2> <p>La justicia comercial decret\u00f3 la quiebra del Correo Argentino SA, una empresa del Grupo Macri, tras dar por fracasado el proceso de salvataje, al entender que la oferta realizada por la compa\u00f1\u00eda postal \u00absolo representaba el 100% de la deuda a los ojos de la propia empresa\u00bb, pero \u00abno abarcaba el valor actual de la misma\u00bb.<\/p>\n<p>La jueza en lo Comercial Marta Cirulli tom\u00f3 la decisi\u00f3n luego de que fuera rechazada una nueva propuesta de la empresa postal que no satisfizo el inter\u00e9s del Estado Nacional, acreedor Categor\u00eda A, seg\u00fan surge del fallo de 44 p\u00e1ginas<\/p>\n<p><img decoding=\"async\" loading=\"lazy\" class=\"alignnone size-large wp-image-630261\" src=\"https:\/\/www.diario5.com.ar\/wp-content\/uploads\/2021\/07\/ar_laprensa20210706-793x1024.jpg\" width=\"793\" height=\"1024\" alt=\"La pol\u00edtica gira alrededor de la quiebra de Correo Argentino\" title=\"La pol\u00edtica gira alrededor de la quiebra de Correo Argentino\" srcset=\"https:\/\/www.diario5.com.ar\/wp-content\/uploads\/2021\/07\/ar_laprensa20210706-793x1024.jpg 793w, https:\/\/www.diario5.com.ar\/wp-content\/uploads\/2021\/07\/ar_laprensa20210706-232x300.jpg 232w, https:\/\/www.diario5.com.ar\/wp-content\/uploads\/2021\/07\/ar_laprensa20210706-768x992.jpg 768w, https:\/\/www.diario5.com.ar\/wp-content\/uploads\/2021\/07\/ar_laprensa20210706.jpg 814w\" sizes=\"(max-width: 793px) 100vw, 793px\" \/><\/p>\n<p>\n<img decoding=\"async\" loading=\"lazy\" class=\"alignnone size-large wp-image-630262\" src=\"https:\/\/www.diario5.com.ar\/wp-content\/uploads\/2021\/07\/ar_cronista20210706-724x1024.jpg\" width=\"724\" height=\"1024\" alt=\"La pol\u00edtica gira alrededor de la quiebra de Correo Argentino\" title=\"La pol\u00edtica gira alrededor de la quiebra de Correo Argentino\" srcset=\"https:\/\/www.diario5.com.ar\/wp-content\/uploads\/2021\/07\/ar_cronista20210706-724x1024.jpg 724w, https:\/\/www.diario5.com.ar\/wp-content\/uploads\/2021\/07\/ar_cronista20210706-212x300.jpg 212w, https:\/\/www.diario5.com.ar\/wp-content\/uploads\/2021\/07\/ar_cronista20210706.jpg 764w\" sizes=\"(max-width: 724px) 100vw, 724px\" \/><\/p>\n<p>\n<img decoding=\"async\" loading=\"lazy\" class=\"alignnone size-full wp-image-630263\" src=\"https:\/\/www.diario5.com.ar\/wp-content\/uploads\/2021\/07\/buenosaires_economico20210706.jpg\" width=\"850\" height=\"1004\" alt=\"La pol\u00edtica gira alrededor de la quiebra de Correo Argentino\" title=\"La pol\u00edtica gira alrededor de la quiebra de Correo Argentino\" srcset=\"https:\/\/www.diario5.com.ar\/wp-content\/uploads\/2021\/07\/buenosaires_economico20210706.jpg 850w, https:\/\/www.diario5.com.ar\/wp-content\/uploads\/2021\/07\/buenosaires_economico20210706-254x300.jpg 254w, https:\/\/www.diario5.com.ar\/wp-content\/uploads\/2021\/07\/buenosaires_economico20210706-768x907.jpg 768w\" sizes=\"(max-width: 850px) 100vw, 850px\" \/><\/p>\n<p>\n<img decoding=\"async\" src=\"https:\/\/diario5.com.ar\/imgtapas\/07\/06\/ar\/ar_perfil.jpg\"><\/p>\n<p>\n<img decoding=\"async\" loading=\"lazy\" class=\"alignnone size-large wp-image-630264\" src=\"https:\/\/www.diario5.com.ar\/wp-content\/uploads\/2021\/07\/ar_eldia20210706-686x1024.jpg\" width=\"686\" height=\"1024\" alt=\"La pol\u00edtica gira alrededor de la quiebra de Correo Argentino\" title=\"La pol\u00edtica gira alrededor de la quiebra de Correo Argentino\" srcset=\"https:\/\/www.diario5.com.ar\/wp-content\/uploads\/2021\/07\/ar_eldia20210706-686x1024.jpg 686w, https:\/\/www.diario5.com.ar\/wp-content\/uploads\/2021\/07\/ar_eldia20210706-201x300.jpg 201w, https:\/\/www.diario5.com.ar\/wp-content\/uploads\/2021\/07\/ar_eldia20210706-768x1147.jpg 768w, https:\/\/www.diario5.com.ar\/wp-content\/uploads\/2021\/07\/ar_eldia20210706.jpg 850w\" sizes=\"(max-width: 686px) 100vw, 686px\" \/><\/p>\n<p>\n<img decoding=\"async\" loading=\"lazy\" class=\"alignnone size-large wp-image-630265\" src=\"https:\/\/www.diario5.com.ar\/wp-content\/uploads\/2021\/07\/ar_hoy20210706-776x1024.jpg\" width=\"776\" height=\"1024\" alt=\"La pol\u00edtica gira alrededor de la quiebra de Correo Argentino\" title=\"La pol\u00edtica gira alrededor de la quiebra de Correo Argentino\" srcset=\"https:\/\/www.diario5.com.ar\/wp-content\/uploads\/2021\/07\/ar_hoy20210706-776x1024.jpg 776w, https:\/\/www.diario5.com.ar\/wp-content\/uploads\/2021\/07\/ar_hoy20210706-227x300.jpg 227w, https:\/\/www.diario5.com.ar\/wp-content\/uploads\/2021\/07\/ar_hoy20210706-768x1013.jpg 768w, https:\/\/www.diario5.com.ar\/wp-content\/uploads\/2021\/07\/ar_hoy20210706.jpg 850w\" sizes=\"(max-width: 776px) 100vw, 776px\" \/><\/p>\n<p>\n<img decoding=\"async\" src=\"https:\/\/diario5.com.ar\/imgtapas\/07\/06\/ar\/ar_democracia.jpg\"><\/p>\n<p>\n<img decoding=\"async\" src=\"https:\/\/diario5.com.ar\/imgtapas\/07\/06\/ar\/ar_capital_rosario.jpg\"><\/p>\n<p>\n<img decoding=\"async\" src=\"https:\/\/diario5.com.ar\/imgtapas\/07\/06\/ar\/ar_nueva_provincia.jpg\"><\/p>\n<p>\n<img decoding=\"async\" loading=\"lazy\" class=\"alignnone size-large wp-image-630266\" src=\"https:\/\/www.diario5.com.ar\/wp-content\/uploads\/2021\/07\/ar_ancasti20210706-768x1024.jpg\" width=\"768\" height=\"1024\" alt=\"La pol\u00edtica gira alrededor de la quiebra de Correo Argentino\" title=\"La pol\u00edtica gira alrededor de la quiebra de Correo Argentino\" srcset=\"https:\/\/www.diario5.com.ar\/wp-content\/uploads\/2021\/07\/ar_ancasti20210706-768x1024.jpg 768w, https:\/\/www.diario5.com.ar\/wp-content\/uploads\/2021\/07\/ar_ancasti20210706-225x300.jpg 225w, https:\/\/www.diario5.com.ar\/wp-content\/uploads\/2021\/07\/ar_ancasti20210706.jpg 850w\" sizes=\"(max-width: 768px) 100vw, 768px\" \/><\/p>\n<p>\n<img decoding=\"async\" src=\"https:\/\/diario5.com.ar\/imgtapas\/07\/06\/ar\/esquiu.jpg\"><\/p>\n<p>\n<img decoding=\"async\" src=\"https:\/\/diario5.com.ar\/imgtapas\/07\/06\/ar\/ar_diario_norte.jpg\"><\/p>\n<p>\n<img decoding=\"async\" loading=\"lazy\" class=\"alignnone size-large wp-image-630267\" src=\"https:\/\/www.diario5.com.ar\/wp-content\/uploads\/2021\/07\/voz_chaco20210706-829x1024.jpg\" width=\"829\" height=\"1024\" alt=\"La pol\u00edtica gira alrededor de la quiebra de Correo Argentino\" title=\"La pol\u00edtica gira alrededor de la quiebra de Correo Argentino\" srcset=\"https:\/\/www.diario5.com.ar\/wp-content\/uploads\/2021\/07\/voz_chaco20210706-829x1024.jpg 829w, https:\/\/www.diario5.com.ar\/wp-content\/uploads\/2021\/07\/voz_chaco20210706-243x300.jpg 243w, https:\/\/www.diario5.com.ar\/wp-content\/uploads\/2021\/07\/voz_chaco20210706-768x949.jpg 768w, https:\/\/www.diario5.com.ar\/wp-content\/uploads\/2021\/07\/voz_chaco20210706.jpg 850w\" sizes=\"(max-width: 829px) 100vw, 829px\" \/><\/p>\n<p>\n<img decoding=\"async\" loading=\"lazy\" class=\"alignnone size-large wp-image-630268\" src=\"https:\/\/www.diario5.com.ar\/wp-content\/uploads\/2021\/07\/ar_diario_madryn20210706-761x1024.jpg\" width=\"761\" height=\"1024\" alt=\"La pol\u00edtica gira alrededor de la quiebra de Correo Argentino\" title=\"La pol\u00edtica gira alrededor de la quiebra de Correo Argentino\" srcset=\"https:\/\/www.diario5.com.ar\/wp-content\/uploads\/2021\/07\/ar_diario_madryn20210706-761x1024.jpg 761w, https:\/\/www.diario5.com.ar\/wp-content\/uploads\/2021\/07\/ar_diario_madryn20210706-223x300.jpg 223w, https:\/\/www.diario5.com.ar\/wp-content\/uploads\/2021\/07\/ar_diario_madryn20210706.jpg 764w\" sizes=\"(max-width: 761px) 100vw, 761px\" \/><\/p>\n<p>\n<img decoding=\"async\" src=\"https:\/\/diario5.com.ar\/imgtapas\/07\/06\/ar\/ar_chubut.jpg\"><\/p>\n<p>\n<img decoding=\"async\" loading=\"lazy\" class=\"alignnone size-full wp-image-630269\" src=\"https:\/\/www.diario5.com.ar\/wp-content\/uploads\/2021\/07\/ar_epoca20210706.jpg\" width=\"850\" height=\"1002\" alt=\"La pol\u00edtica gira alrededor de la quiebra de Correo Argentino\" title=\"La pol\u00edtica gira alrededor de la quiebra de Correo Argentino\" srcset=\"https:\/\/www.diario5.com.ar\/wp-content\/uploads\/2021\/07\/ar_epoca20210706.jpg 850w, https:\/\/www.diario5.com.ar\/wp-content\/uploads\/2021\/07\/ar_epoca20210706-254x300.jpg 254w, https:\/\/www.diario5.com.ar\/wp-content\/uploads\/2021\/07\/ar_epoca20210706-768x905.jpg 768w\" sizes=\"(max-width: 850px) 100vw, 850px\" \/><\/p>\n<p>\n<img decoding=\"async\" loading=\"lazy\" class=\"alignnone size-large wp-image-630270\" src=\"https:\/\/www.diario5.com.ar\/wp-content\/uploads\/2021\/07\/ar_litoral20210706-770x1024.jpg\" width=\"770\" height=\"1024\" alt=\"La pol\u00edtica gira alrededor de la quiebra de Correo Argentino\" title=\"La pol\u00edtica gira alrededor de la quiebra de Correo Argentino\" srcset=\"https:\/\/www.diario5.com.ar\/wp-content\/uploads\/2021\/07\/ar_litoral20210706-770x1024.jpg 770w, https:\/\/www.diario5.com.ar\/wp-content\/uploads\/2021\/07\/ar_litoral20210706-225x300.jpg 225w, https:\/\/www.diario5.com.ar\/wp-content\/uploads\/2021\/07\/ar_litoral20210706-768x1022.jpg 768w, https:\/\/www.diario5.com.ar\/wp-content\/uploads\/2021\/07\/ar_litoral20210706.jpg 850w\" sizes=\"(max-width: 770px) 100vw, 770px\" \/><\/p>\n<p>\n<img decoding=\"async\" src=\"https:\/\/diario5.com.ar\/imgtapas\/07\/06\/ar\/ar_heraldo.jpg\"><\/p>\n<p>\n<img decoding=\"async\" src=\"https:\/\/diario5.com.ar\/imgtapas\/07\/06\/ar\/ar_manana_formosa.jpg\"><\/p>\n<p>\n<img decoding=\"async\" loading=\"lazy\" class=\"alignnone size-large wp-image-630271\" src=\"https:\/\/www.diario5.com.ar\/wp-content\/uploads\/2021\/07\/ar_diario_pampa20210706-762x1024.jpg\" width=\"762\" height=\"1024\" alt=\"La pol\u00edtica gira alrededor de la quiebra de Correo Argentino\" title=\"La pol\u00edtica gira alrededor de la quiebra de Correo Argentino\" srcset=\"https:\/\/www.diario5.com.ar\/wp-content\/uploads\/2021\/07\/ar_diario_pampa20210706-762x1024.jpg 762w, https:\/\/www.diario5.com.ar\/wp-content\/uploads\/2021\/07\/ar_diario_pampa20210706-223x300.jpg 223w, https:\/\/www.diario5.com.ar\/wp-content\/uploads\/2021\/07\/ar_diario_pampa20210706-768x1033.jpg 768w, https:\/\/www.diario5.com.ar\/wp-content\/uploads\/2021\/07\/ar_diario_pampa20210706.jpg 850w\" sizes=\"(max-width: 762px) 100vw, 762px\" \/><\/p>\n<p>\n<img decoding=\"async\" src=\"https:\/\/diario5.com.ar\/imgtapas\/07\/06\/ar\/ar_pagina12.jpg\"><\/p>\n<p>\n<img decoding=\"async\" loading=\"lazy\" class=\"alignnone size-large wp-image-630272\" src=\"https:\/\/www.diario5.com.ar\/wp-content\/uploads\/2021\/07\/ar_arena20210706-748x1024.jpg\" width=\"748\" height=\"1024\" alt=\"La pol\u00edtica gira alrededor de la quiebra de Correo Argentino\" title=\"La pol\u00edtica gira alrededor de la quiebra de Correo Argentino\" srcset=\"https:\/\/www.diario5.com.ar\/wp-content\/uploads\/2021\/07\/ar_arena20210706-748x1024.jpg 748w, https:\/\/www.diario5.com.ar\/wp-content\/uploads\/2021\/07\/ar_arena20210706-219x300.jpg 219w, https:\/\/www.diario5.com.ar\/wp-content\/uploads\/2021\/07\/ar_arena20210706-768x1051.jpg 768w, https:\/\/www.diario5.com.ar\/wp-content\/uploads\/2021\/07\/ar_arena20210706.jpg 849w\" sizes=\"(max-width: 748px) 100vw, 748px\" \/><\/p>\n<p>\n<img decoding=\"async\" loading=\"lazy\" class=\"alignnone size-large wp-image-630273\" src=\"https:\/\/www.diario5.com.ar\/wp-content\/uploads\/2021\/07\/independiente20210706-744x1024.jpg\" width=\"744\" height=\"1024\" alt=\"La pol\u00edtica gira alrededor de la quiebra de Correo Argentino\" title=\"La pol\u00edtica gira alrededor de la quiebra de Correo Argentino\" srcset=\"https:\/\/www.diario5.com.ar\/wp-content\/uploads\/2021\/07\/independiente20210706-744x1024.jpg 744w, https:\/\/www.diario5.com.ar\/wp-content\/uploads\/2021\/07\/independiente20210706-218x300.jpg 218w, https:\/\/www.diario5.com.ar\/wp-content\/uploads\/2021\/07\/independiente20210706-768x1057.jpg 768w, https:\/\/www.diario5.com.ar\/wp-content\/uploads\/2021\/07\/independiente20210706.jpg 814w\" sizes=\"(max-width: 744px) 100vw, 744px\" \/><\/p>\n<p>\n<img decoding=\"async\" loading=\"lazy\" class=\"alignnone size-large wp-image-630274\" src=\"https:\/\/www.diario5.com.ar\/wp-content\/uploads\/2021\/07\/ar_losandes20210706-743x1024.jpg\" width=\"743\" height=\"1024\" alt=\"La pol\u00edtica gira alrededor de la quiebra de Correo Argentino\" title=\"La pol\u00edtica gira alrededor de la quiebra de Correo Argentino\" srcset=\"https:\/\/www.diario5.com.ar\/wp-content\/uploads\/2021\/07\/ar_losandes20210706-743x1024.jpg 743w, https:\/\/www.diario5.com.ar\/wp-content\/uploads\/2021\/07\/ar_losandes20210706-218x300.jpg 218w, https:\/\/www.diario5.com.ar\/wp-content\/uploads\/2021\/07\/ar_losandes20210706.jpg 764w\" sizes=\"(max-width: 743px) 100vw, 743px\" \/><\/p>\n<p>\n<img decoding=\"async\" loading=\"lazy\" class=\"alignnone size-large wp-image-630275\" src=\"https:\/\/www.diario5.com.ar\/wp-content\/uploads\/2021\/07\/ar_tribuno20210706-756x1024.jpg\" width=\"756\" height=\"1024\" alt=\"La pol\u00edtica gira alrededor de la quiebra de Correo Argentino\" title=\"La pol\u00edtica gira alrededor de la quiebra de Correo Argentino\" srcset=\"https:\/\/www.diario5.com.ar\/wp-content\/uploads\/2021\/07\/ar_tribuno20210706-756x1024.jpg 756w, https:\/\/www.diario5.com.ar\/wp-content\/uploads\/2021\/07\/ar_tribuno20210706-221x300.jpg 221w, https:\/\/www.diario5.com.ar\/wp-content\/uploads\/2021\/07\/ar_tribuno20210706.jpg 764w\" sizes=\"(max-width: 756px) 100vw, 756px\" \/><\/p>\n<p>\n<img decoding=\"async\" src=\"https:\/\/diario5.com.ar\/imgtapas\/07\/06\/ar\/lea.jpg\"><\/p>\n<p>\n<img decoding=\"async\" src=\"https:\/\/diario5.com.ar\/imgtapas\/07\/06\/ar\/ar_rio_negro.jpg\"><\/p>\n<p>\n<img decoding=\"async\" src=\"https:\/\/diario5.com.ar\/imgtapas\/07\/06\/ar\/ar_diario_cuyo.jpg\"><\/p>\n<p>\n<img decoding=\"async\" src=\"https:\/\/diario5.com.ar\/imgtapas\/07\/06\/ar\/huarpe.jpg\"><\/p>\n<p>\n<img decoding=\"async\" src=\"https:\/\/diario5.com.ar\/imgtapas\/07\/06\/ar\/ar_diario_republica.jpg\"><\/p>\n<p>\n<img decoding=\"async\" loading=\"lazy\" class=\"alignnone size-large wp-image-630276\" src=\"https:\/\/www.diario5.com.ar\/wp-content\/uploads\/2021\/07\/ar_litoral_sfe20210706-768x1024.jpg\" width=\"768\" height=\"1024\" alt=\"La pol\u00edtica gira alrededor de la quiebra de Correo Argentino\" title=\"La pol\u00edtica gira alrededor de la quiebra de Correo Argentino\" srcset=\"https:\/\/www.diario5.com.ar\/wp-content\/uploads\/2021\/07\/ar_litoral_sfe20210706-768x1025.jpg 768w, https:\/\/www.diario5.com.ar\/wp-content\/uploads\/2021\/07\/ar_litoral_sfe20210706-225x300.jpg 225w, https:\/\/www.diario5.com.ar\/wp-content\/uploads\/2021\/07\/ar_litoral_sfe20210706.jpg 850w\" sizes=\"(max-width: 768px) 100vw, 768px\" \/><\/p>\n<p>\n<img decoding=\"async\" loading=\"lazy\" class=\"alignnone size-large wp-image-630277\" src=\"https:\/\/www.diario5.com.ar\/wp-content\/uploads\/2021\/07\/ciudadano20210706-760x1024.jpg\" width=\"760\" height=\"1024\" alt=\"La pol\u00edtica gira alrededor de la quiebra de Correo Argentino\" title=\"La pol\u00edtica gira alrededor de la quiebra de Correo Argentino\" srcset=\"https:\/\/www.diario5.com.ar\/wp-content\/uploads\/2021\/07\/ciudadano20210706-760x1024.jpg 760w, https:\/\/www.diario5.com.ar\/wp-content\/uploads\/2021\/07\/ciudadano20210706-223x300.jpg 223w, https:\/\/www.diario5.com.ar\/wp-content\/uploads\/2021\/07\/ciudadano20210706-768x1035.jpg 768w, https:\/\/www.diario5.com.ar\/wp-content\/uploads\/2021\/07\/ciudadano20210706.jpg 849w\" sizes=\"(max-width: 760px) 100vw, 760px\" \/><\/p>\n<p>\n<img decoding=\"async\" loading=\"lazy\" class=\"alignnone size-large wp-image-630278\" src=\"https:\/\/www.diario5.com.ar\/wp-content\/uploads\/2021\/07\/ar_mirador_provincial20210706-768x1024.jpg\" width=\"768\" height=\"1024\" alt=\"La pol\u00edtica gira alrededor de la quiebra de Correo Argentino\" title=\"La pol\u00edtica gira alrededor de la quiebra de Correo Argentino\" srcset=\"https:\/\/www.diario5.com.ar\/wp-content\/uploads\/2021\/07\/ar_mirador_provincial20210706-768x1024.jpg 768w, https:\/\/www.diario5.com.ar\/wp-content\/uploads\/2021\/07\/ar_mirador_provincial20210706-225x300.jpg 225w, https:\/\/www.diario5.com.ar\/wp-content\/uploads\/2021\/07\/ar_mirador_provincial20210706.jpg 850w\" sizes=\"(max-width: 768px) 100vw, 768px\" \/><\/p>\n<p>\n<img decoding=\"async\" loading=\"lazy\" class=\"alignnone size-large wp-image-630279\" src=\"https:\/\/www.diario5.com.ar\/wp-content\/uploads\/2021\/07\/ar_gaceta20210706-619x1024.jpg\" width=\"619\" height=\"1024\" alt=\"La pol\u00edtica gira alrededor de la quiebra de Correo Argentino\" title=\"La pol\u00edtica gira alrededor de la quiebra de Correo Argentino\" srcset=\"https:\/\/www.diario5.com.ar\/wp-content\/uploads\/2021\/07\/ar_gaceta20210706-619x1024.jpg 619w, https:\/\/www.diario5.com.ar\/wp-content\/uploads\/2021\/07\/ar_gaceta20210706-181x300.jpg 181w, https:\/\/www.diario5.com.ar\/wp-content\/uploads\/2021\/07\/ar_gaceta20210706-768x1271.jpg 768w, https:\/\/www.diario5.com.ar\/wp-content\/uploads\/2021\/07\/ar_gaceta20210706.jpg 850w\" sizes=\"(max-width: 619px) 100vw, 619px\" \/><\/p>\n<p>\n<img decoding=\"async\" loading=\"lazy\" class=\"alignnone size-full wp-image-630280\" src=\"https:\/\/www.diario5.com.ar\/wp-content\/uploads\/2021\/07\/ar_cronica20210706.jpg\" width=\"850\" height=\"1005\" alt=\"La pol\u00edtica gira alrededor de la quiebra de Correo Argentino\" title=\"La pol\u00edtica gira alrededor de la quiebra de Correo Argentino\" srcset=\"https:\/\/www.diario5.com.ar\/wp-content\/uploads\/2021\/07\/ar_cronica20210706.jpg 850w, https:\/\/www.diario5.com.ar\/wp-content\/uploads\/2021\/07\/ar_cronica20210706-254x300.jpg 254w, https:\/\/www.diario5.com.ar\/wp-content\/uploads\/2021\/07\/ar_cronica20210706-768x908.jpg 768w\" sizes=\"(max-width: 850px) 100vw, 850px\" \/><\/p>\n<p>\n<img decoding=\"async\" loading=\"lazy\" class=\"alignnone size-large wp-image-630281\" src=\"https:\/\/www.diario5.com.ar\/wp-content\/uploads\/2021\/07\/ar_clarin20210706-743x1024.jpg\" width=\"743\" height=\"1024\" alt=\"La pol\u00edtica gira alrededor de la quiebra de Correo Argentino\" title=\"La pol\u00edtica gira alrededor de la quiebra de Correo Argentino\" srcset=\"https:\/\/www.diario5.com.ar\/wp-content\/uploads\/2021\/07\/ar_clarin20210706-743x1024.jpg 743w, https:\/\/www.diario5.com.ar\/wp-content\/uploads\/2021\/07\/ar_clarin20210706-218x300.jpg 218w, https:\/\/www.diario5.com.ar\/wp-content\/uploads\/2021\/07\/ar_clarin20210706-768x1059.jpg 768w, https:\/\/www.diario5.com.ar\/wp-content\/uploads\/2021\/07\/ar_clarin20210706.jpg 850w\" sizes=\"(max-width: 743px) 100vw, 743px\" \/><\/p>\n<p>\n<img decoding=\"async\" loading=\"lazy\" class=\"alignnone size-large wp-image-630282\" src=\"https:\/\/www.diario5.com.ar\/wp-content\/uploads\/2021\/07\/nacion20210706-681x1024.jpg\" width=\"681\" height=\"1024\" alt=\"La pol\u00edtica gira alrededor de la quiebra de Correo Argentino\" title=\"La pol\u00edtica gira alrededor de la quiebra de Correo Argentino\" srcset=\"https:\/\/www.diario5.com.ar\/wp-content\/uploads\/2021\/07\/nacion20210706-681x1024.jpg 681w, https:\/\/www.diario5.com.ar\/wp-content\/uploads\/2021\/07\/nacion20210706-199x300.jpg 199w, https:\/\/www.diario5.com.ar\/wp-content\/uploads\/2021\/07\/nacion20210706.jpg 764w\" sizes=\"(max-width: 681px) 100vw, 681px\" \/><\/p>\n<p>\n<img decoding=\"async\" src=\"https:\/\/diario5.com.ar\/imgtapas\/07\/06\/ar\/ar_eco.jpg\"><\/p>\n<p>\n<img decoding=\"async\" loading=\"lazy\" class=\"alignnone size-large wp-image-630283\" src=\"https:\/\/www.diario5.com.ar\/wp-content\/uploads\/2021\/07\/nuevo_diario20210706-735x1024.jpg\" width=\"735\" height=\"1024\" alt=\"La pol\u00edtica gira alrededor de la quiebra de Correo Argentino\" title=\"La pol\u00edtica gira alrededor de la quiebra de Correo Argentino\" srcset=\"https:\/\/www.diario5.com.ar\/wp-content\/uploads\/2021\/07\/nuevo_diario20210706-735x1024.jpg 735w, https:\/\/www.diario5.com.ar\/wp-content\/uploads\/2021\/07\/nuevo_diario20210706-215x300.jpg 215w, https:\/\/www.diario5.com.ar\/wp-content\/uploads\/2021\/07\/nuevo_diario20210706.jpg 764w\" sizes=\"(max-width: 735px) 100vw, 735px\" \/><\/p>\n<p>\n<img decoding=\"async\" src=\"https:\/\/diario5.com.ar\/imgtapas\/07\/06\/ar\/ar_sureno.jpg\"><\/p>\n<p><img decoding=\"async\" src=\"http:\/\/edicionimpresa.diariocastellanos.net\/diario\/pages\/1.jpg\" \/><\/p>\n<p>URUGUAY<br \/>\n<img decoding=\"async\" loading=\"lazy\" class=\"alignnone size-large wp-image-630284\" src=\"https:\/\/www.diario5.com.ar\/wp-content\/uploads\/2021\/07\/uy_republica20210706-702x1024.jpg\" width=\"702\" height=\"1024\" alt=\"La pol\u00edtica gira alrededor de la quiebra de Correo Argentino\" title=\"La pol\u00edtica gira alrededor de la quiebra de Correo Argentino\" srcset=\"https:\/\/www.diario5.com.ar\/wp-content\/uploads\/2021\/07\/uy_republica20210706-702x1024.jpg 702w, https:\/\/www.diario5.com.ar\/wp-content\/uploads\/2021\/07\/uy_republica20210706-206x300.jpg 206w, https:\/\/www.diario5.com.ar\/wp-content\/uploads\/2021\/07\/uy_republica20210706-768x1120.jpg 768w, https:\/\/www.diario5.com.ar\/wp-content\/uploads\/2021\/07\/uy_republica20210706.jpg 850w\" sizes=\"(max-width: 702px) 100vw, 702px\" \/><\/p>\n<p>\n<img decoding=\"async\" loading=\"lazy\" class=\"alignnone size-full wp-image-630285\" src=\"https:\/\/www.diario5.com.ar\/wp-content\/uploads\/2021\/07\/uy_ladiaria20210706.jpg\" width=\"764\" height=\"920\" alt=\"La pol\u00edtica gira alrededor de la quiebra de Correo Argentino\" title=\"La pol\u00edtica gira alrededor de la quiebra de Correo Argentino\" srcset=\"https:\/\/www.diario5.com.ar\/wp-content\/uploads\/2021\/07\/uy_ladiaria20210706.jpg 764w, https:\/\/www.diario5.com.ar\/wp-content\/uploads\/2021\/07\/uy_ladiaria20210706-249x300.jpg 249w\" sizes=\"(max-width: 764px) 100vw, 764px\" \/><\/p>\n<p>\n<img decoding=\"async\" loading=\"lazy\" class=\"alignnone size-large wp-image-630286\" src=\"https:\/\/www.diario5.com.ar\/wp-content\/uploads\/2021\/07\/uy_observador20210706-717x1024.jpg\" width=\"717\" height=\"1024\" alt=\"La pol\u00edtica gira alrededor de la quiebra de Correo Argentino\" title=\"La pol\u00edtica gira alrededor de la quiebra de Correo Argentino\" srcset=\"https:\/\/www.diario5.com.ar\/wp-content\/uploads\/2021\/07\/uy_observador20210706-717x1024.jpg 717w, https:\/\/www.diario5.com.ar\/wp-content\/uploads\/2021\/07\/uy_observador20210706-210x300.jpg 210w, https:\/\/www.diario5.com.ar\/wp-content\/uploads\/2021\/07\/uy_observador20210706-768x1096.jpg 768w, https:\/\/www.diario5.com.ar\/wp-content\/uploads\/2021\/07\/uy_observador20210706.jpg 821w\" sizes=\"(max-width: 717px) 100vw, 717px\" \/><\/p>\n<p>CHILE<br \/>\n<img decoding=\"async\" loading=\"lazy\" class=\"alignnone size-large wp-image-630287\" src=\"https:\/\/www.diario5.com.ar\/wp-content\/uploads\/2021\/07\/cl_mercurio20210706-564x1024.jpg\" width=\"564\" height=\"1024\" alt=\"La pol\u00edtica gira alrededor de la quiebra de Correo Argentino\" title=\"La pol\u00edtica gira alrededor de la quiebra de Correo Argentino\" srcset=\"https:\/\/www.diario5.com.ar\/wp-content\/uploads\/2021\/07\/cl_mercurio20210706-564x1024.jpg 564w, https:\/\/www.diario5.com.ar\/wp-content\/uploads\/2021\/07\/cl_mercurio20210706-165x300.jpg 165w, https:\/\/www.diario5.com.ar\/wp-content\/uploads\/2021\/07\/cl_mercurio20210706.jpg 764w\" sizes=\"(max-width: 564px) 100vw, 564px\" \/><\/p>\n<p>\n<img decoding=\"async\" loading=\"lazy\" class=\"alignnone size-full wp-image-630288\" src=\"https:\/\/www.diario5.com.ar\/wp-content\/uploads\/2021\/07\/cl_ultimas_noticias20210706.jpg\" width=\"792\" height=\"981\" alt=\"La pol\u00edtica gira alrededor de la quiebra de Correo Argentino\" title=\"La pol\u00edtica gira alrededor de la quiebra de Correo Argentino\" srcset=\"https:\/\/www.diario5.com.ar\/wp-content\/uploads\/2021\/07\/cl_ultimas_noticias20210706.jpg 792w, https:\/\/www.diario5.com.ar\/wp-content\/uploads\/2021\/07\/cl_ultimas_noticias20210706-242x300.jpg 242w, https:\/\/www.diario5.com.ar\/wp-content\/uploads\/2021\/07\/cl_ultimas_noticias20210706-768x951.jpg 768w\" sizes=\"(max-width: 792px) 100vw, 792px\" \/><\/p>\n<p>\n<img decoding=\"async\" loading=\"lazy\" class=\"alignnone size-full wp-image-630289\" src=\"https:\/\/www.diario5.com.ar\/wp-content\/uploads\/2021\/07\/cl_diario_financiero20210706.jpg\" width=\"764\" height=\"981\" alt=\"La pol\u00edtica gira alrededor de la quiebra de Correo Argentino\" title=\"La pol\u00edtica gira alrededor de la quiebra de Correo Argentino\" srcset=\"https:\/\/www.diario5.com.ar\/wp-content\/uploads\/2021\/07\/cl_diario_financiero20210706.jpg 764w, https:\/\/www.diario5.com.ar\/wp-content\/uploads\/2021\/07\/cl_diario_financiero20210706-234x300.jpg 234w\" sizes=\"(max-width: 764px) 100vw, 764px\" \/><\/p>\n<p>\n<img decoding=\"async\" loading=\"lazy\" class=\"alignnone size-large wp-image-630290\" src=\"https:\/\/www.diario5.com.ar\/wp-content\/uploads\/2021\/07\/estrella_iquique20210706-814x1024.jpg\" width=\"814\" height=\"1024\" alt=\"La pol\u00edtica gira alrededor de la quiebra de Correo Argentino\" title=\"La pol\u00edtica gira alrededor de la quiebra de Correo Argentino\" srcset=\"https:\/\/www.diario5.com.ar\/wp-content\/uploads\/2021\/07\/estrella_iquique20210706-814x1024.jpg 814w, https:\/\/www.diario5.com.ar\/wp-content\/uploads\/2021\/07\/estrella_iquique20210706-239x300.jpg 239w, https:\/\/www.diario5.com.ar\/wp-content\/uploads\/2021\/07\/estrella_iquique20210706-768x966.jpg 768w, https:\/\/www.diario5.com.ar\/wp-content\/uploads\/2021\/07\/estrella_iquique20210706.jpg 850w\" sizes=\"(max-width: 814px) 100vw, 814px\" \/><\/p>\n<p>\n<img decoding=\"async\" loading=\"lazy\" class=\"alignnone size-large wp-image-630291\" src=\"https:\/\/www.diario5.com.ar\/wp-content\/uploads\/2021\/07\/mercurio_antofagasta20210706-686x1024.jpg\" width=\"686\" height=\"1024\" alt=\"La pol\u00edtica gira alrededor de la quiebra de Correo Argentino\" title=\"La pol\u00edtica gira alrededor de la quiebra de Correo Argentino\" srcset=\"https:\/\/www.diario5.com.ar\/wp-content\/uploads\/2021\/07\/mercurio_antofagasta20210706-686x1024.jpg 686w, https:\/\/www.diario5.com.ar\/wp-content\/uploads\/2021\/07\/mercurio_antofagasta20210706-201x300.jpg 201w, https:\/\/www.diario5.com.ar\/wp-content\/uploads\/2021\/07\/mercurio_antofagasta20210706-768x1147.jpg 768w, https:\/\/www.diario5.com.ar\/wp-content\/uploads\/2021\/07\/mercurio_antofagasta20210706.jpg 850w\" sizes=\"(max-width: 686px) 100vw, 686px\" \/><\/p>\n<p>\n<img decoding=\"async\" loading=\"lazy\" class=\"alignnone size-large wp-image-630292\" src=\"https:\/\/www.diario5.com.ar\/wp-content\/uploads\/2021\/07\/cl_eldia20210706-743x1024.jpg\" width=\"743\" height=\"1024\" alt=\"La pol\u00edtica gira alrededor de la quiebra de Correo Argentino\" title=\"La pol\u00edtica gira alrededor de la quiebra de Correo Argentino\" srcset=\"https:\/\/www.diario5.com.ar\/wp-content\/uploads\/2021\/07\/cl_eldia20210706-743x1024.jpg 743w, https:\/\/www.diario5.com.ar\/wp-content\/uploads\/2021\/07\/cl_eldia20210706-218x300.jpg 218w, https:\/\/www.diario5.com.ar\/wp-content\/uploads\/2021\/07\/cl_eldia20210706-768x1058.jpg 768w, https:\/\/www.diario5.com.ar\/wp-content\/uploads\/2021\/07\/cl_eldia20210706.jpg 850w\" sizes=\"(max-width: 743px) 100vw, 743px\" \/><\/p>\n<p>\n<img decoding=\"async\" loading=\"lazy\" class=\"alignnone size-large wp-image-630293\" src=\"https:\/\/www.diario5.com.ar\/wp-content\/uploads\/2021\/07\/mercurio_valpo20210706-720x1024.jpg\" width=\"720\" height=\"1024\" alt=\"La pol\u00edtica gira alrededor de la quiebra de Correo Argentino\" title=\"La pol\u00edtica gira alrededor de la quiebra de Correo Argentino\" srcset=\"https:\/\/www.diario5.com.ar\/wp-content\/uploads\/2021\/07\/mercurio_valpo20210706-720x1024.jpg 720w, https:\/\/www.diario5.com.ar\/wp-content\/uploads\/2021\/07\/mercurio_valpo20210706-211x300.jpg 211w, https:\/\/www.diario5.com.ar\/wp-content\/uploads\/2021\/07\/mercurio_valpo20210706-768x1092.jpg 768w, https:\/\/www.diario5.com.ar\/wp-content\/uploads\/2021\/07\/mercurio_valpo20210706.jpg 850w\" sizes=\"(max-width: 720px) 100vw, 720px\" \/><\/p>\n<p>\n<img decoding=\"async\" src=\"https:\/\/diario5.com.ar\/imgtapas\/07\/06\/cl\/estrella_valpo.jpg\"><\/p>\n<p>\n<img decoding=\"async\" loading=\"lazy\" class=\"alignnone size-large wp-image-630294\" src=\"https:\/\/www.diario5.com.ar\/wp-content\/uploads\/2021\/07\/diario_concepcion20210706-783x1024.jpg\" width=\"783\" height=\"1024\" alt=\"La pol\u00edtica gira alrededor de la quiebra de Correo Argentino\" title=\"La pol\u00edtica gira alrededor de la quiebra de Correo Argentino\" srcset=\"https:\/\/www.diario5.com.ar\/wp-content\/uploads\/2021\/07\/diario_concepcion20210706-783x1024.jpg 783w, https:\/\/www.diario5.com.ar\/wp-content\/uploads\/2021\/07\/diario_concepcion20210706-229x300.jpg 229w, https:\/\/www.diario5.com.ar\/wp-content\/uploads\/2021\/07\/diario_concepcion20210706-768x1005.jpg 768w, https:\/\/www.diario5.com.ar\/wp-content\/uploads\/2021\/07\/diario_concepcion20210706.jpg 849w\" sizes=\"(max-width: 783px) 100vw, 783px\" \/><\/p>\n<p>\n<img decoding=\"async\" loading=\"lazy\" class=\"alignnone size-large wp-image-630295\" src=\"https:\/\/www.diario5.com.ar\/wp-content\/uploads\/2021\/07\/austral_temuco20210706-727x1024.jpg\" width=\"727\" height=\"1024\" alt=\"La pol\u00edtica gira alrededor de la quiebra de Correo Argentino\" title=\"La pol\u00edtica gira alrededor de la quiebra de Correo Argentino\" srcset=\"https:\/\/www.diario5.com.ar\/wp-content\/uploads\/2021\/07\/austral_temuco20210706-727x1024.jpg 727w, https:\/\/www.diario5.com.ar\/wp-content\/uploads\/2021\/07\/austral_temuco20210706-213x300.jpg 213w, https:\/\/www.diario5.com.ar\/wp-content\/uploads\/2021\/07\/austral_temuco20210706-768x1082.jpg 768w, https:\/\/www.diario5.com.ar\/wp-content\/uploads\/2021\/07\/austral_temuco20210706.jpg 850w\" sizes=\"(max-width: 727px) 100vw, 727px\" \/><\/p>\n<p>\n<img decoding=\"async\" loading=\"lazy\" class=\"alignnone size-large wp-image-630296\" src=\"https:\/\/www.diario5.com.ar\/wp-content\/uploads\/2021\/07\/estrella_arica20210706-802x1024.jpg\" width=\"802\" height=\"1024\" alt=\"La pol\u00edtica gira alrededor de la quiebra de Correo Argentino\" title=\"La pol\u00edtica gira alrededor de la quiebra de Correo Argentino\" srcset=\"https:\/\/www.diario5.com.ar\/wp-content\/uploads\/2021\/07\/estrella_arica20210706-802x1024.jpg 802w, https:\/\/www.diario5.com.ar\/wp-content\/uploads\/2021\/07\/estrella_arica20210706-235x300.jpg 235w, https:\/\/www.diario5.com.ar\/wp-content\/uploads\/2021\/07\/estrella_arica20210706-768x980.jpg 768w, https:\/\/www.diario5.com.ar\/wp-content\/uploads\/2021\/07\/estrella_arica20210706.jpg 850w\" sizes=\"(max-width: 802px) 100vw, 802px\" \/><\/p>\n<p>COLOMBIA<br \/>\nBogot\u00e1<br \/>\n<img decoding=\"async\" loading=\"lazy\" class=\"alignnone size-large wp-image-630297\" src=\"https:\/\/www.diario5.com.ar\/wp-content\/uploads\/2021\/07\/co_espectador20210706-729x1024.jpg\" width=\"729\" height=\"1024\" alt=\"La pol\u00edtica gira alrededor de la quiebra de Correo Argentino\" title=\"La pol\u00edtica gira alrededor de la quiebra de Correo Argentino\" srcset=\"https:\/\/www.diario5.com.ar\/wp-content\/uploads\/2021\/07\/co_espectador20210706-729x1024.jpg 729w, https:\/\/www.diario5.com.ar\/wp-content\/uploads\/2021\/07\/co_espectador20210706-214x300.jpg 214w, https:\/\/www.diario5.com.ar\/wp-content\/uploads\/2021\/07\/co_espectador20210706.jpg 764w\" sizes=\"(max-width: 729px) 100vw, 729px\" \/><\/p>\n<p>\nBarranquilla<br \/>\n<img decoding=\"async\" loading=\"lazy\" class=\"alignnone size-large wp-image-630298\" src=\"https:\/\/www.diario5.com.ar\/wp-content\/uploads\/2021\/07\/co_heraldo20210706-523x1024.jpg\" width=\"523\" height=\"1024\" alt=\"La pol\u00edtica gira alrededor de la quiebra de Correo Argentino\" title=\"La pol\u00edtica gira alrededor de la quiebra de Correo Argentino\" srcset=\"https:\/\/www.diario5.com.ar\/wp-content\/uploads\/2021\/07\/co_heraldo20210706-523x1024.jpg 523w, https:\/\/www.diario5.com.ar\/wp-content\/uploads\/2021\/07\/co_heraldo20210706-153x300.jpg 153w, https:\/\/www.diario5.com.ar\/wp-content\/uploads\/2021\/07\/co_heraldo20210706.jpg 764w\" sizes=\"(max-width: 523px) 100vw, 523px\" \/><\/p>\n<p>\nCali<br \/>\n<img decoding=\"async\" loading=\"lazy\" class=\"alignnone size-large wp-image-630299\" src=\"https:\/\/www.diario5.com.ar\/wp-content\/uploads\/2021\/07\/co_elpais20210706-552x1024.jpg\" width=\"552\" height=\"1024\" alt=\"La pol\u00edtica gira alrededor de la quiebra de Correo Argentino\" title=\"La pol\u00edtica gira alrededor de la quiebra de Correo Argentino\" srcset=\"https:\/\/www.diario5.com.ar\/wp-content\/uploads\/2021\/07\/co_elpais20210706-552x1024.jpg 552w, https:\/\/www.diario5.com.ar\/wp-content\/uploads\/2021\/07\/co_elpais20210706-162x300.jpg 162w, https:\/\/www.diario5.com.ar\/wp-content\/uploads\/2021\/07\/co_elpais20210706.jpg 764w\" sizes=\"(max-width: 552px) 100vw, 552px\" \/><\/p>\n<p>\nCartagena<br \/>\n<img decoding=\"async\" src=\"https:\/\/diario5.com.ar\/imgtapas\/07\/06\/co\/co_universal.jpg\"><\/p>\n<p>\nMedell\u00edn<br \/>\n<img decoding=\"async\" loading=\"lazy\" class=\"alignnone size-large wp-image-630300\" src=\"https:\/\/www.diario5.com.ar\/wp-content\/uploads\/2021\/07\/co_elcolombiano20210706-722x1024.jpg\" width=\"722\" height=\"1024\" alt=\"La pol\u00edtica gira alrededor de la quiebra de Correo Argentino\" title=\"La pol\u00edtica gira alrededor de la quiebra de Correo Argentino\" srcset=\"https:\/\/www.diario5.com.ar\/wp-content\/uploads\/2021\/07\/co_elcolombiano20210706-722x1024.jpg 722w, https:\/\/www.diario5.com.ar\/wp-content\/uploads\/2021\/07\/co_elcolombiano20210706-212x300.jpg 212w, https:\/\/www.diario5.com.ar\/wp-content\/uploads\/2021\/07\/co_elcolombiano20210706.jpg 764w\" sizes=\"(max-width: 722px) 100vw, 722px\" \/><\/p>\n<p>","protected":false},"excerpt":{"rendered":"<p>La justicia comercial decret\u00f3 la quiebra del Correo Argentino SA, una empresa del Grupo Macri, tras dar por fracasado el proceso de salvataje, al entender que la oferta realizada por la compa\u00f1\u00eda postal \u00absolo representaba el 100% de la deuda a los ojos de la propia empresa\u00bb, pero \u00abno abarcaba el valor actual de la [&hellip;]<\/p>","protected":false},"author":1,"featured_media":630261,"comment_status":"open","ping_status":"open","sticky":false,"template":"","format":"standard","meta":[],"categories":[1],"tags":[],"series":[],"_links":{"self":[{"href":"https:\/\/www.diario5.com.ar\/es\/wp-json\/wp\/v2\/posts\/625412"}],"collection":[{"href":"https:\/\/www.diario5.com.ar\/es\/wp-json\/wp\/v2\/posts"}],"about":[{"href":"https:\/\/www.diario5.com.ar\/es\/wp-json\/wp\/v2\/types\/post"}],"author":[{"embeddable":true,"href":"https:\/\/www.diario5.com.ar\/es\/wp-json\/wp\/v2\/users\/1"}],"replies":[{"embeddable":true,"href":"https:\/\/www.diario5.com.ar\/es\/wp-json\/wp\/v2\/comments?post=625412"}],"version-history":[{"count":2,"href":"https:\/\/www.diario5.com.ar\/es\/wp-json\/wp\/v2\/posts\/625412\/revisions"}],"predecessor-version":[{"id":630259,"href":"https:\/\/www.diario5.com.ar\/es\/wp-json\/wp\/v2\/posts\/625412\/revisions\/630259"}],"wp:featuredmedia":[{"embeddable":true,"href":"https:\/\/www.diario5.com.ar\/es\/wp-json\/wp\/v2\/media\/630261"}],"wp:attachment":[{"href":"https:\/\/www.diario5.com.ar\/es\/wp-json\/wp\/v2\/media?parent=625412"}],"wp:term":[{"taxonomy":"category","embeddable":true,"href":"https:\/\/www.diario5.com.ar\/es\/wp-json\/wp\/v2\/categories?post=625412"},{"taxonomy":"post_tag","embeddable":true,"href":"https:\/\/www.diario5.com.ar\/es\/wp-json\/wp\/v2\/tags?post=625412"},{"taxonomy":"series","embeddable":true,"href":"https:\/\/www.diario5.com.ar\/es\/wp-json\/wp\/v2\/series?post=625412"}],"curies":[{"name":"wp","href":"https:\/\/api.w.org\/{rel}","templated":true}]}}