{"id":625405,"date":"2021-06-29T06:53:00","date_gmt":"2021-06-29T09:53:00","guid":{"rendered":"http:\/\/diario5.com.ar\/?p=625405"},"modified":"2021-06-30T00:19:08","modified_gmt":"2021-06-30T03:19:08","slug":"625405","status":"publish","type":"post","link":"https:\/\/www.diario5.com.ar\/es\/625405\/","title":{"rendered":"Recordando a Leonardo Henrichsen"},"content":{"rendered":"<h2 class=\"sub-title-primary\">Era argentino. Su pat\u00e9tica muerte autofilmada, a manos de un militar criminal chileno en 1973, lo convirti\u00f3 en m\u00e1rtir temprano de la tiran\u00eda pinochetista<\/h2> <p>El 29 de junio es, en la Argentina, el d\u00eda Nacional del camar\u00f3grafo o c\u00e1mara. Esta fecha fue establecida por el Congreso de la Naci\u00f3n en la memoria del camar\u00f3grafo Leonardo Henrichsen, quien muri\u00f3 durante la cobertura de una tentativa fallida de un golpe militar en Santiago do Chile en el 29 de junio del 1973.<\/p>\n<p>En nuestro pa\u00eds, Henrichsen trabaj\u00f3 para el legendario noticiero cinematogr\u00e1fico \u00abSucesos Argentinos\u00bb. El 29 de junio del 73 cubr\u00eda la noticia de las andanzas criminales de los militares chilenos, para un canal de televisi\u00f3n sueco en ese momento. Muri\u00f3 con 33 a\u00f1os. Se registra a s\u00ed mismo cayendo por el disparo y registra para siempre a su propio asesino.<\/p>\n<p>El lacra nunca fue preso y se muri\u00f3 en 2007, tiempo despu\u00e9s de un -aunque m\u00e1s no sea- m\u00ednimamente aliviador escrache por parte de una organizaci\u00f3n chilena de Derechos Humanos. El cobarde tereso, incapaz de enfrentarse a un mosquito sin su ro\u00f1osa arna reglamentaria, se llamaba H\u00e9ctor Bustamante G\u00f3mez. Por toda fuente consultada,se conoce que, en su condici\u00f3n de asesino de inconmensurable dimensi\u00f3n, encontr\u00f3 formas pr\u00e1cticas para morirse dejando a una porci\u00f3n del planeta con el deseo de patearle los test\u00edculos<\/p>\n<p>&nbsp;<\/p>\n<p><img decoding=\"async\" loading=\"lazy\" class=\"alignnone size-full wp-image-629859\" title=\"Recordando a Leonardo Henrichsen\" src=\"https:\/\/www.diario5.com.ar\/wp-content\/uploads\/2021\/06\/k2_items_src_84c42b9986b8cecdea81ed6abb66c10820210629.jpg\" alt=\"Recordando a Leonardo Henrichsen\" width=\"350\" height=\"351\" srcset=\"https:\/\/www.diario5.com.ar\/wp-content\/uploads\/2021\/06\/k2_items_src_84c42b9986b8cecdea81ed6abb66c10820210629.jpg 350w, https:\/\/www.diario5.com.ar\/wp-content\/uploads\/2021\/06\/k2_items_src_84c42b9986b8cecdea81ed6abb66c10820210629-300x300.jpg 300w, https:\/\/www.diario5.com.ar\/wp-content\/uploads\/2021\/06\/k2_items_src_84c42b9986b8cecdea81ed6abb66c10820210629-150x150.jpg 150w\" sizes=\"(max-width: 350px) 100vw, 350px\" \/><\/p>\n<p><img decoding=\"async\" src=\"https:\/\/pbs.twimg.com\/media\/COi7GyUWIAAR100.jpg\" \/><\/p>\n<p><img decoding=\"async\" loading=\"lazy\" class=\"alignnone size-large wp-image-629860\" title=\"Recordando a Leonardo Henrichsen\" src=\"https:\/\/www.diario5.com.ar\/wp-content\/uploads\/2021\/06\/ar_eldia20210629-682x1024.jpg\" alt=\"Recordando a Leonardo Henrichsen\" width=\"682\" height=\"1024\" srcset=\"https:\/\/www.diario5.com.ar\/wp-content\/uploads\/2021\/06\/ar_eldia20210629-682x1024.jpg 682w, https:\/\/www.diario5.com.ar\/wp-content\/uploads\/2021\/06\/ar_eldia20210629-200x300.jpg 200w, https:\/\/www.diario5.com.ar\/wp-content\/uploads\/2021\/06\/ar_eldia20210629-768x1152.jpg 768w, https:\/\/www.diario5.com.ar\/wp-content\/uploads\/2021\/06\/ar_eldia20210629.jpg 849w\" sizes=\"(max-width: 682px) 100vw, 682px\" \/><\/p>\n<p><img decoding=\"async\" loading=\"lazy\" class=\"alignnone size-large wp-image-629861\" title=\"Recordando a Leonardo Henrichsen\" src=\"https:\/\/www.diario5.com.ar\/wp-content\/uploads\/2021\/06\/ar_hoy20210629-784x1024.jpg\" alt=\"Recordando a Leonardo Henrichsen\" width=\"784\" height=\"1024\" srcset=\"https:\/\/www.diario5.com.ar\/wp-content\/uploads\/2021\/06\/ar_hoy20210629-784x1024.jpg 784w, https:\/\/www.diario5.com.ar\/wp-content\/uploads\/2021\/06\/ar_hoy20210629-230x300.jpg 230w, https:\/\/www.diario5.com.ar\/wp-content\/uploads\/2021\/06\/ar_hoy20210629-768x1003.jpg 768w, https:\/\/www.diario5.com.ar\/wp-content\/uploads\/2021\/06\/ar_hoy20210629.jpg 850w\" sizes=\"(max-width: 784px) 100vw, 784px\" \/><\/p>\n<p><img decoding=\"async\" loading=\"lazy\" class=\"alignnone size-large wp-image-629862\" title=\"Recordando a Leonardo Henrichsen\" src=\"https:\/\/www.diario5.com.ar\/wp-content\/uploads\/2021\/06\/ar_ancasti20210629-760x1024.jpg\" alt=\"Recordando a Leonardo Henrichsen\" width=\"760\" height=\"1024\" srcset=\"https:\/\/www.diario5.com.ar\/wp-content\/uploads\/2021\/06\/ar_ancasti20210629-760x1024.jpg 760w, https:\/\/www.diario5.com.ar\/wp-content\/uploads\/2021\/06\/ar_ancasti20210629-223x300.jpg 223w, https:\/\/www.diario5.com.ar\/wp-content\/uploads\/2021\/06\/ar_ancasti20210629-768x1035.jpg 768w, https:\/\/www.diario5.com.ar\/wp-content\/uploads\/2021\/06\/ar_ancasti20210629.jpg 850w\" sizes=\"(max-width: 760px) 100vw, 760px\" \/><\/p>\n<p><img decoding=\"async\" loading=\"lazy\" class=\"alignnone size-large wp-image-629863\" title=\"Recordando a Leonardo Henrichsen\" src=\"https:\/\/www.diario5.com.ar\/wp-content\/uploads\/2021\/06\/voz_chaco20210629-829x1024.jpg\" alt=\"Recordando a Leonardo Henrichsen\" width=\"829\" height=\"1024\" srcset=\"https:\/\/www.diario5.com.ar\/wp-content\/uploads\/2021\/06\/voz_chaco20210629-829x1024.jpg 829w, https:\/\/www.diario5.com.ar\/wp-content\/uploads\/2021\/06\/voz_chaco20210629-243x300.jpg 243w, https:\/\/www.diario5.com.ar\/wp-content\/uploads\/2021\/06\/voz_chaco20210629-768x949.jpg 768w, https:\/\/www.diario5.com.ar\/wp-content\/uploads\/2021\/06\/voz_chaco20210629.jpg 850w\" sizes=\"(max-width: 829px) 100vw, 829px\" \/><\/p>\n<p><img decoding=\"async\" loading=\"lazy\" class=\"alignnone size-large wp-image-629864\" title=\"Recordando a Leonardo Henrichsen\" src=\"https:\/\/www.diario5.com.ar\/wp-content\/uploads\/2021\/06\/ar_diario_madryn20210629-761x1024.jpg\" alt=\"Recordando a Leonardo Henrichsen\" width=\"761\" height=\"1024\" srcset=\"https:\/\/www.diario5.com.ar\/wp-content\/uploads\/2021\/06\/ar_diario_madryn20210629-761x1024.jpg 761w, https:\/\/www.diario5.com.ar\/wp-content\/uploads\/2021\/06\/ar_diario_madryn20210629-223x300.jpg 223w, https:\/\/www.diario5.com.ar\/wp-content\/uploads\/2021\/06\/ar_diario_madryn20210629.jpg 764w\" sizes=\"(max-width: 761px) 100vw, 761px\" \/><\/p>\n<p><img decoding=\"async\" loading=\"lazy\" class=\"alignnone size-large wp-image-629865\" title=\"Recordando a Leonardo Henrichsen\" src=\"https:\/\/www.diario5.com.ar\/wp-content\/uploads\/2021\/06\/ar_litoral20210629-770x1024.jpg\" alt=\"Recordando a Leonardo Henrichsen\" width=\"770\" height=\"1024\" srcset=\"https:\/\/www.diario5.com.ar\/wp-content\/uploads\/2021\/06\/ar_litoral20210629-770x1024.jpg 770w, https:\/\/www.diario5.com.ar\/wp-content\/uploads\/2021\/06\/ar_litoral20210629-225x300.jpg 225w, https:\/\/www.diario5.com.ar\/wp-content\/uploads\/2021\/06\/ar_litoral20210629-768x1022.jpg 768w, https:\/\/www.diario5.com.ar\/wp-content\/uploads\/2021\/06\/ar_litoral20210629.jpg 850w\" sizes=\"(max-width: 770px) 100vw, 770px\" \/><\/p>\n<p><img decoding=\"async\" loading=\"lazy\" class=\"alignnone size-full wp-image-629866\" title=\"Recordando a Leonardo Henrichsen\" src=\"https:\/\/www.diario5.com.ar\/wp-content\/uploads\/2021\/06\/ar_diario_pampa20210629.jpg\" alt=\"Recordando a Leonardo Henrichsen\" width=\"764\" height=\"1014\" srcset=\"https:\/\/www.diario5.com.ar\/wp-content\/uploads\/2021\/06\/ar_diario_pampa20210629.jpg 764w, https:\/\/www.diario5.com.ar\/wp-content\/uploads\/2021\/06\/ar_diario_pampa20210629-226x300.jpg 226w\" sizes=\"(max-width: 764px) 100vw, 764px\" \/><\/p>\n<p><img decoding=\"async\" loading=\"lazy\" class=\"alignnone size-full wp-image-629867\" title=\"Recordando a Leonardo Henrichsen\" src=\"https:\/\/www.diario5.com.ar\/wp-content\/uploads\/2021\/06\/ar_pagina1220210629.jpg\" alt=\"Recordando a Leonardo Henrichsen\" width=\"764\" height=\"957\" srcset=\"https:\/\/www.diario5.com.ar\/wp-content\/uploads\/2021\/06\/ar_pagina1220210629.jpg 764w, https:\/\/www.diario5.com.ar\/wp-content\/uploads\/2021\/06\/ar_pagina1220210629-239x300.jpg 239w\" sizes=\"(max-width: 764px) 100vw, 764px\" \/><\/p>\n<p><img decoding=\"async\" loading=\"lazy\" class=\"alignnone size-large wp-image-629868\" title=\"Recordando a Leonardo Henrichsen\" src=\"https:\/\/www.diario5.com.ar\/wp-content\/uploads\/2021\/06\/ar_arena20210629-741x1024.jpg\" alt=\"Recordando a Leonardo Henrichsen\" width=\"741\" height=\"1024\" srcset=\"https:\/\/www.diario5.com.ar\/wp-content\/uploads\/2021\/06\/ar_arena20210629-741x1024.jpg 741w, https:\/\/www.diario5.com.ar\/wp-content\/uploads\/2021\/06\/ar_arena20210629-217x300.jpg 217w, https:\/\/www.diario5.com.ar\/wp-content\/uploads\/2021\/06\/ar_arena20210629-768x1061.jpg 768w, https:\/\/www.diario5.com.ar\/wp-content\/uploads\/2021\/06\/ar_arena20210629.jpg 850w\" sizes=\"(max-width: 741px) 100vw, 741px\" \/><\/p>\n<p><img decoding=\"async\" loading=\"lazy\" class=\"alignnone size-large wp-image-629869\" title=\"Recordando a Leonardo Henrichsen\" src=\"https:\/\/www.diario5.com.ar\/wp-content\/uploads\/2021\/06\/independiente20210629-744x1024.jpg\" alt=\"Recordando a Leonardo Henrichsen\" width=\"744\" height=\"1024\" srcset=\"https:\/\/www.diario5.com.ar\/wp-content\/uploads\/2021\/06\/independiente20210629-744x1024.jpg 744w, https:\/\/www.diario5.com.ar\/wp-content\/uploads\/2021\/06\/independiente20210629-218x300.jpg 218w, https:\/\/www.diario5.com.ar\/wp-content\/uploads\/2021\/06\/independiente20210629-768x1057.jpg 768w, https:\/\/www.diario5.com.ar\/wp-content\/uploads\/2021\/06\/independiente20210629.jpg 814w\" sizes=\"(max-width: 744px) 100vw, 744px\" \/><\/p>\n<p><img decoding=\"async\" loading=\"lazy\" class=\"alignnone size-large wp-image-629870\" title=\"Recordando a Leonardo Henrichsen\" src=\"https:\/\/www.diario5.com.ar\/wp-content\/uploads\/2021\/06\/ar_losandes20210629-742x1024.jpg\" alt=\"Recordando a Leonardo Henrichsen\" width=\"742\" height=\"1024\" srcset=\"https:\/\/www.diario5.com.ar\/wp-content\/uploads\/2021\/06\/ar_losandes20210629-742x1024.jpg 742w, https:\/\/www.diario5.com.ar\/wp-content\/uploads\/2021\/06\/ar_losandes20210629-217x300.jpg 217w, https:\/\/www.diario5.com.ar\/wp-content\/uploads\/2021\/06\/ar_losandes20210629.jpg 764w\" sizes=\"(max-width: 742px) 100vw, 742px\" \/><\/p>\n<p><img decoding=\"async\" loading=\"lazy\" class=\"alignnone size-full wp-image-629871\" title=\"Recordando a Leonardo Henrichsen\" src=\"https:\/\/www.diario5.com.ar\/wp-content\/uploads\/2021\/06\/huarpe20210629.jpg\" alt=\"Recordando a Leonardo Henrichsen\" width=\"764\" height=\"1001\" srcset=\"https:\/\/www.diario5.com.ar\/wp-content\/uploads\/2021\/06\/huarpe20210629.jpg 764w, https:\/\/www.diario5.com.ar\/wp-content\/uploads\/2021\/06\/huarpe20210629-229x300.jpg 229w\" sizes=\"(max-width: 764px) 100vw, 764px\" \/><\/p>\n<p><img decoding=\"async\" loading=\"lazy\" class=\"alignnone size-large wp-image-629872\" title=\"Recordando a Leonardo Henrichsen\" src=\"https:\/\/www.diario5.com.ar\/wp-content\/uploads\/2021\/06\/ciudadano20210629-772x1024.jpg\" alt=\"Recordando a Leonardo Henrichsen\" width=\"772\" height=\"1024\" srcset=\"https:\/\/www.diario5.com.ar\/wp-content\/uploads\/2021\/06\/ciudadano20210629-772x1024.jpg 772w, https:\/\/www.diario5.com.ar\/wp-content\/uploads\/2021\/06\/ciudadano20210629-226x300.jpg 226w, https:\/\/www.diario5.com.ar\/wp-content\/uploads\/2021\/06\/ciudadano20210629-768x1018.jpg 768w, https:\/\/www.diario5.com.ar\/wp-content\/uploads\/2021\/06\/ciudadano20210629.jpg 850w\" sizes=\"(max-width: 772px) 100vw, 772px\" \/><\/p>\n<p><img decoding=\"async\" loading=\"lazy\" class=\"alignnone size-large wp-image-629873\" title=\"Recordando a Leonardo Henrichsen\" src=\"https:\/\/www.diario5.com.ar\/wp-content\/uploads\/2021\/06\/ar_mirador_provincial20210629-768x1024.jpg\" alt=\"Recordando a Leonardo Henrichsen\" width=\"768\" height=\"1024\" srcset=\"https:\/\/www.diario5.com.ar\/wp-content\/uploads\/2021\/06\/ar_mirador_provincial20210629-768x1024.jpg 768w, https:\/\/www.diario5.com.ar\/wp-content\/uploads\/2021\/06\/ar_mirador_provincial20210629-225x300.jpg 225w, https:\/\/www.diario5.com.ar\/wp-content\/uploads\/2021\/06\/ar_mirador_provincial20210629.jpg 850w\" sizes=\"(max-width: 768px) 100vw, 768px\" \/><\/p>\n<p><img decoding=\"async\" loading=\"lazy\" class=\"alignnone size-large wp-image-629874\" title=\"Recordando a Leonardo Henrichsen\" src=\"https:\/\/www.diario5.com.ar\/wp-content\/uploads\/2021\/06\/ar_gaceta20210629-616x1024.jpg\" alt=\"Recordando a Leonardo Henrichsen\" width=\"616\" height=\"1024\" srcset=\"https:\/\/www.diario5.com.ar\/wp-content\/uploads\/2021\/06\/ar_gaceta20210629-616x1024.jpg 616w, https:\/\/www.diario5.com.ar\/wp-content\/uploads\/2021\/06\/ar_gaceta20210629-180x300.jpg 180w, https:\/\/www.diario5.com.ar\/wp-content\/uploads\/2021\/06\/ar_gaceta20210629-768x1277.jpg 768w, https:\/\/www.diario5.com.ar\/wp-content\/uploads\/2021\/06\/ar_gaceta20210629.jpg 850w\" sizes=\"(max-width: 616px) 100vw, 616px\" \/><\/p>\n<p><img decoding=\"async\" loading=\"lazy\" class=\"alignnone size-full wp-image-629875\" title=\"Recordando a Leonardo Henrichsen\" src=\"https:\/\/www.diario5.com.ar\/wp-content\/uploads\/2021\/06\/ar_cronica20210629.jpg\" alt=\"Recordando a Leonardo Henrichsen\" width=\"850\" height=\"1008\" srcset=\"https:\/\/www.diario5.com.ar\/wp-content\/uploads\/2021\/06\/ar_cronica20210629.jpg 850w, https:\/\/www.diario5.com.ar\/wp-content\/uploads\/2021\/06\/ar_cronica20210629-253x300.jpg 253w, https:\/\/www.diario5.com.ar\/wp-content\/uploads\/2021\/06\/ar_cronica20210629-768x911.jpg 768w\" sizes=\"(max-width: 850px) 100vw, 850px\" \/><\/p>\n<p><img decoding=\"async\" loading=\"lazy\" class=\"alignnone size-large wp-image-629876\" title=\"Recordando a Leonardo Henrichsen\" src=\"https:\/\/www.diario5.com.ar\/wp-content\/uploads\/2021\/06\/ar_clarin20210629-742x1024.jpg\" alt=\"Recordando a Leonardo Henrichsen\" width=\"742\" height=\"1024\" srcset=\"https:\/\/www.diario5.com.ar\/wp-content\/uploads\/2021\/06\/ar_clarin20210629-742x1024.jpg 742w, https:\/\/www.diario5.com.ar\/wp-content\/uploads\/2021\/06\/ar_clarin20210629-217x300.jpg 217w, https:\/\/www.diario5.com.ar\/wp-content\/uploads\/2021\/06\/ar_clarin20210629-768x1060.jpg 768w, https:\/\/www.diario5.com.ar\/wp-content\/uploads\/2021\/06\/ar_clarin20210629.jpg 850w\" sizes=\"(max-width: 742px) 100vw, 742px\" \/><\/p>\n<p><img decoding=\"async\" loading=\"lazy\" class=\"alignnone size-large wp-image-629877\" title=\"Recordando a Leonardo Henrichsen\" src=\"https:\/\/www.diario5.com.ar\/wp-content\/uploads\/2021\/06\/nacion20210629-681x1024.jpg\" alt=\"Recordando a Leonardo Henrichsen\" width=\"681\" height=\"1024\" srcset=\"https:\/\/www.diario5.com.ar\/wp-content\/uploads\/2021\/06\/nacion20210629-681x1024.jpg 681w, https:\/\/www.diario5.com.ar\/wp-content\/uploads\/2021\/06\/nacion20210629-199x300.jpg 199w, https:\/\/www.diario5.com.ar\/wp-content\/uploads\/2021\/06\/nacion20210629.jpg 764w\" sizes=\"(max-width: 681px) 100vw, 681px\" \/><\/p>\n<p><img decoding=\"async\" loading=\"lazy\" class=\"alignnone size-large wp-image-629878\" title=\"Recordando a Leonardo Henrichsen\" src=\"https:\/\/www.diario5.com.ar\/wp-content\/uploads\/2021\/06\/nuevo_diario20210629-733x1024.jpg\" alt=\"Recordando a Leonardo Henrichsen\" width=\"733\" height=\"1024\" srcset=\"https:\/\/www.diario5.com.ar\/wp-content\/uploads\/2021\/06\/nuevo_diario20210629-733x1024.jpg 733w, https:\/\/www.diario5.com.ar\/wp-content\/uploads\/2021\/06\/nuevo_diario20210629-215x300.jpg 215w, https:\/\/www.diario5.com.ar\/wp-content\/uploads\/2021\/06\/nuevo_diario20210629.jpg 764w\" sizes=\"(max-width: 733px) 100vw, 733px\" \/><\/p>\n<p><img decoding=\"async\" loading=\"lazy\" class=\"alignnone size-large wp-image-629902\" src=\"https:\/\/www.diario5.com.ar\/wp-content\/uploads\/2021\/06\/ar_laprensa20210629-795x1024.jpg\" width=\"795\" height=\"1024\" alt=\"Borrador autom\u00e1tico\" title=\"Borrador autom\u00e1tico\" srcset=\"https:\/\/www.diario5.com.ar\/wp-content\/uploads\/2021\/06\/ar_laprensa20210629-795x1024.jpg 795w, https:\/\/www.diario5.com.ar\/wp-content\/uploads\/2021\/06\/ar_laprensa20210629-233x300.jpg 233w, https:\/\/www.diario5.com.ar\/wp-content\/uploads\/2021\/06\/ar_laprensa20210629-768x989.jpg 768w, https:\/\/www.diario5.com.ar\/wp-content\/uploads\/2021\/06\/ar_laprensa20210629.jpg 814w\" sizes=\"(max-width: 795px) 100vw, 795px\" \/><br \/>\n<img decoding=\"async\" loading=\"lazy\" class=\"alignnone size-large wp-image-629903\" src=\"https:\/\/www.diario5.com.ar\/wp-content\/uploads\/2021\/06\/ar_cronista20210629-722x1024.jpg\" width=\"722\" height=\"1024\" alt=\"Borrador autom\u00e1tico\" title=\"Borrador autom\u00e1tico\" srcset=\"https:\/\/www.diario5.com.ar\/wp-content\/uploads\/2021\/06\/ar_cronista20210629-722x1024.jpg 722w, https:\/\/www.diario5.com.ar\/wp-content\/uploads\/2021\/06\/ar_cronista20210629-212x300.jpg 212w, https:\/\/www.diario5.com.ar\/wp-content\/uploads\/2021\/06\/ar_cronista20210629.jpg 764w\" sizes=\"(max-width: 722px) 100vw, 722px\" \/><\/p>\n<p><img decoding=\"async\" loading=\"lazy\" class=\"alignnone size-large wp-image-629904\" src=\"https:\/\/www.diario5.com.ar\/wp-content\/uploads\/2021\/06\/la_capital20210629-761x1024.jpg\" width=\"761\" height=\"1024\" alt=\"Borrador autom\u00e1tico\" title=\"Borrador autom\u00e1tico\" srcset=\"https:\/\/www.diario5.com.ar\/wp-content\/uploads\/2021\/06\/la_capital20210629-761x1024.jpg 761w, https:\/\/www.diario5.com.ar\/wp-content\/uploads\/2021\/06\/la_capital20210629-223x300.jpg 223w, https:\/\/www.diario5.com.ar\/wp-content\/uploads\/2021\/06\/la_capital20210629-768x1034.jpg 768w, https:\/\/www.diario5.com.ar\/wp-content\/uploads\/2021\/06\/la_capital20210629.jpg 850w\" sizes=\"(max-width: 761px) 100vw, 761px\" \/><\/p>\n<p><img decoding=\"async\" loading=\"lazy\" class=\"alignnone size-large wp-image-629905\" src=\"https:\/\/www.diario5.com.ar\/wp-content\/uploads\/2021\/06\/ar_heraldo20210629-612x1024.jpg\" width=\"612\" height=\"1024\" alt=\"Borrador autom\u00e1tico\" title=\"Borrador autom\u00e1tico\" srcset=\"https:\/\/www.diario5.com.ar\/wp-content\/uploads\/2021\/06\/ar_heraldo20210629-612x1024.jpg 612w, https:\/\/www.diario5.com.ar\/wp-content\/uploads\/2021\/06\/ar_heraldo20210629-179x300.jpg 179w, https:\/\/www.diario5.com.ar\/wp-content\/uploads\/2021\/06\/ar_heraldo20210629.jpg 764w\" sizes=\"(max-width: 612px) 100vw, 612px\" \/><br \/>\n><br \/>\n<img decoding=\"async\" loading=\"lazy\" class=\"alignnone size-large wp-image-629906\" src=\"https:\/\/www.diario5.com.ar\/wp-content\/uploads\/2021\/06\/lea20210629-799x1024.jpg\" width=\"799\" height=\"1024\" alt=\"Borrador autom\u00e1tico\" title=\"Borrador autom\u00e1tico\" srcset=\"https:\/\/www.diario5.com.ar\/wp-content\/uploads\/2021\/06\/lea20210629-799x1024.jpg 799w, https:\/\/www.diario5.com.ar\/wp-content\/uploads\/2021\/06\/lea20210629-234x300.jpg 234w, https:\/\/www.diario5.com.ar\/wp-content\/uploads\/2021\/06\/lea20210629-768x985.jpg 768w, https:\/\/www.diario5.com.ar\/wp-content\/uploads\/2021\/06\/lea20210629.jpg 850w\" sizes=\"(max-width: 799px) 100vw, 799px\" \/><\/p>\n<p><img decoding=\"async\" loading=\"lazy\" class=\"alignnone size-large wp-image-629907\" src=\"https:\/\/www.diario5.com.ar\/wp-content\/uploads\/2021\/06\/ar_diario_cuyo20210629-681x1024.jpg\" width=\"681\" height=\"1024\" alt=\"Borrador autom\u00e1tico\" title=\"Borrador autom\u00e1tico\" srcset=\"https:\/\/www.diario5.com.ar\/wp-content\/uploads\/2021\/06\/ar_diario_cuyo20210629-681x1024.jpg 681w, https:\/\/www.diario5.com.ar\/wp-content\/uploads\/2021\/06\/ar_diario_cuyo20210629-200x300.jpg 200w, https:\/\/www.diario5.com.ar\/wp-content\/uploads\/2021\/06\/ar_diario_cuyo20210629.jpg 764w\" sizes=\"(max-width: 681px) 100vw, 681px\" \/><br \/>\n<img decoding=\"async\" loading=\"lazy\" class=\"alignnone size-large wp-image-629908\" src=\"https:\/\/www.diario5.com.ar\/wp-content\/uploads\/2021\/06\/ar_diario_republica20210629-733x1024.jpg\" width=\"733\" height=\"1024\" alt=\"Borrador autom\u00e1tico\" title=\"Borrador autom\u00e1tico\" srcset=\"https:\/\/www.diario5.com.ar\/wp-content\/uploads\/2021\/06\/ar_diario_republica20210629-733x1024.jpg 733w, https:\/\/www.diario5.com.ar\/wp-content\/uploads\/2021\/06\/ar_diario_republica20210629-215x300.jpg 215w, https:\/\/www.diario5.com.ar\/wp-content\/uploads\/2021\/06\/ar_diario_republica20210629-768x1073.jpg 768w, https:\/\/www.diario5.com.ar\/wp-content\/uploads\/2021\/06\/ar_diario_republica20210629.jpg 850w\" sizes=\"(max-width: 733px) 100vw, 733px\" \/><br \/>\n<img decoding=\"async\" loading=\"lazy\" class=\"alignnone size-large wp-image-629909\" src=\"https:\/\/www.diario5.com.ar\/wp-content\/uploads\/2021\/06\/ar_litoral_sfe20210629-762x1024.jpg\" width=\"762\" height=\"1024\" alt=\"Borrador autom\u00e1tico\" title=\"Borrador autom\u00e1tico\" srcset=\"https:\/\/www.diario5.com.ar\/wp-content\/uploads\/2021\/06\/ar_litoral_sfe20210629-762x1024.jpg 762w, https:\/\/www.diario5.com.ar\/wp-content\/uploads\/2021\/06\/ar_litoral_sfe20210629-223x300.jpg 223w, https:\/\/www.diario5.com.ar\/wp-content\/uploads\/2021\/06\/ar_litoral_sfe20210629-768x1032.jpg 768w, https:\/\/www.diario5.com.ar\/wp-content\/uploads\/2021\/06\/ar_litoral_sfe20210629.jpg 850w\" sizes=\"(max-width: 762px) 100vw, 762px\" \/><\/p>\n<p><img decoding=\"async\" loading=\"lazy\" class=\"alignnone size-large wp-image-629910\" src=\"https:\/\/www.diario5.com.ar\/wp-content\/uploads\/2021\/06\/estrella_valpo20210629-799x1024.jpg\" width=\"799\" height=\"1024\" alt=\"Borrador autom\u00e1tico\" title=\"Borrador autom\u00e1tico\" srcset=\"https:\/\/www.diario5.com.ar\/wp-content\/uploads\/2021\/06\/estrella_valpo20210629-799x1024.jpg 799w, https:\/\/www.diario5.com.ar\/wp-content\/uploads\/2021\/06\/estrella_valpo20210629-234x300.jpg 234w, https:\/\/www.diario5.com.ar\/wp-content\/uploads\/2021\/06\/estrella_valpo20210629-768x985.jpg 768w, https:\/\/www.diario5.com.ar\/wp-content\/uploads\/2021\/06\/estrella_valpo20210629.jpg 850w\" sizes=\"(max-width: 799px) 100vw, 799px\" \/><\/p>\n<p>URUGUAY<br \/>\n<img decoding=\"async\" loading=\"lazy\" class=\"alignnone size-large wp-image-629879\" title=\"Recordando a Leonardo Henrichsen\" src=\"https:\/\/www.diario5.com.ar\/wp-content\/uploads\/2021\/06\/uy_republica20210629-704x1024.jpg\" alt=\"Recordando a Leonardo Henrichsen\" width=\"704\" height=\"1024\" srcset=\"https:\/\/www.diario5.com.ar\/wp-content\/uploads\/2021\/06\/uy_republica20210629-704x1024.jpg 704w, https:\/\/www.diario5.com.ar\/wp-content\/uploads\/2021\/06\/uy_republica20210629-206x300.jpg 206w, https:\/\/www.diario5.com.ar\/wp-content\/uploads\/2021\/06\/uy_republica20210629-768x1118.jpg 768w, https:\/\/www.diario5.com.ar\/wp-content\/uploads\/2021\/06\/uy_republica20210629.jpg 850w\" sizes=\"(max-width: 704px) 100vw, 704px\" \/><\/p>\n<p><img decoding=\"async\" loading=\"lazy\" class=\"alignnone size-full wp-image-629880\" title=\"Recordando a Leonardo Henrichsen\" src=\"https:\/\/www.diario5.com.ar\/wp-content\/uploads\/2021\/06\/uy_ladiaria20210629.jpg\" alt=\"Recordando a Leonardo Henrichsen\" width=\"764\" height=\"953\" srcset=\"https:\/\/www.diario5.com.ar\/wp-content\/uploads\/2021\/06\/uy_ladiaria20210629.jpg 764w, https:\/\/www.diario5.com.ar\/wp-content\/uploads\/2021\/06\/uy_ladiaria20210629-241x300.jpg 241w\" sizes=\"(max-width: 764px) 100vw, 764px\" \/><\/p>\n<p><img decoding=\"async\" loading=\"lazy\" class=\"alignnone size-large wp-image-629881\" title=\"Recordando a Leonardo Henrichsen\" src=\"https:\/\/www.diario5.com.ar\/wp-content\/uploads\/2021\/06\/uy_observador20210629-718x1024.jpg\" alt=\"Recordando a Leonardo Henrichsen\" width=\"718\" height=\"1024\" srcset=\"https:\/\/www.diario5.com.ar\/wp-content\/uploads\/2021\/06\/uy_observador20210629-718x1024.jpg 718w, https:\/\/www.diario5.com.ar\/wp-content\/uploads\/2021\/06\/uy_observador20210629-210x300.jpg 210w, https:\/\/www.diario5.com.ar\/wp-content\/uploads\/2021\/06\/uy_observador20210629.jpg 764w\" sizes=\"(max-width: 718px) 100vw, 718px\" \/><\/p>\n<p>CHILE<br \/>\n<img decoding=\"async\" loading=\"lazy\" class=\"alignnone size-large wp-image-629882\" title=\"Recordando a Leonardo Henrichsen\" src=\"https:\/\/www.diario5.com.ar\/wp-content\/uploads\/2021\/06\/cl_mercurio20210629-564x1024.jpg\" alt=\"Recordando a Leonardo Henrichsen\" width=\"564\" height=\"1024\" srcset=\"https:\/\/www.diario5.com.ar\/wp-content\/uploads\/2021\/06\/cl_mercurio20210629-564x1024.jpg 564w, https:\/\/www.diario5.com.ar\/wp-content\/uploads\/2021\/06\/cl_mercurio20210629-165x300.jpg 165w, https:\/\/www.diario5.com.ar\/wp-content\/uploads\/2021\/06\/cl_mercurio20210629.jpg 764w\" sizes=\"(max-width: 564px) 100vw, 564px\" \/><\/p>\n<p><img decoding=\"async\" loading=\"lazy\" class=\"alignnone size-full wp-image-629883\" title=\"Recordando a Leonardo Henrichsen\" src=\"https:\/\/www.diario5.com.ar\/wp-content\/uploads\/2021\/06\/cl_ultimas_noticias20210629.jpg\" alt=\"Recordando a Leonardo Henrichsen\" width=\"792\" height=\"981\" srcset=\"https:\/\/www.diario5.com.ar\/wp-content\/uploads\/2021\/06\/cl_ultimas_noticias20210629.jpg 792w, https:\/\/www.diario5.com.ar\/wp-content\/uploads\/2021\/06\/cl_ultimas_noticias20210629-242x300.jpg 242w, https:\/\/www.diario5.com.ar\/wp-content\/uploads\/2021\/06\/cl_ultimas_noticias20210629-768x951.jpg 768w\" sizes=\"(max-width: 792px) 100vw, 792px\" \/><\/p>\n<p><img decoding=\"async\" loading=\"lazy\" class=\"alignnone size-full wp-image-629884\" title=\"Recordando a Leonardo Henrichsen\" src=\"https:\/\/www.diario5.com.ar\/wp-content\/uploads\/2021\/06\/cl_diario_financiero20210629.jpg\" alt=\"Recordando a Leonardo Henrichsen\" width=\"764\" height=\"981\" srcset=\"https:\/\/www.diario5.com.ar\/wp-content\/uploads\/2021\/06\/cl_diario_financiero20210629.jpg 764w, https:\/\/www.diario5.com.ar\/wp-content\/uploads\/2021\/06\/cl_diario_financiero20210629-234x300.jpg 234w\" sizes=\"(max-width: 764px) 100vw, 764px\" \/><\/p>\n<p><img decoding=\"async\" loading=\"lazy\" class=\"alignnone size-large wp-image-629885\" title=\"Recordando a Leonardo Henrichsen\" src=\"https:\/\/www.diario5.com.ar\/wp-content\/uploads\/2021\/06\/estrella_iquique20210629-814x1024.jpg\" alt=\"Recordando a Leonardo Henrichsen\" width=\"814\" height=\"1024\" srcset=\"https:\/\/www.diario5.com.ar\/wp-content\/uploads\/2021\/06\/estrella_iquique20210629-814x1024.jpg 814w, https:\/\/www.diario5.com.ar\/wp-content\/uploads\/2021\/06\/estrella_iquique20210629-239x300.jpg 239w, https:\/\/www.diario5.com.ar\/wp-content\/uploads\/2021\/06\/estrella_iquique20210629-768x966.jpg 768w, https:\/\/www.diario5.com.ar\/wp-content\/uploads\/2021\/06\/estrella_iquique20210629.jpg 850w\" sizes=\"(max-width: 814px) 100vw, 814px\" \/><\/p>\n<p><img decoding=\"async\" loading=\"lazy\" class=\"alignnone size-large wp-image-629886\" title=\"Recordando a Leonardo Henrichsen\" src=\"https:\/\/www.diario5.com.ar\/wp-content\/uploads\/2021\/06\/mercurio_antofagasta20210629-691x1024.jpg\" alt=\"Recordando a Leonardo Henrichsen\" width=\"691\" height=\"1024\" srcset=\"https:\/\/www.diario5.com.ar\/wp-content\/uploads\/2021\/06\/mercurio_antofagasta20210629-691x1024.jpg 691w, https:\/\/www.diario5.com.ar\/wp-content\/uploads\/2021\/06\/mercurio_antofagasta20210629-203x300.jpg 203w, https:\/\/www.diario5.com.ar\/wp-content\/uploads\/2021\/06\/mercurio_antofagasta20210629-768x1138.jpg 768w, https:\/\/www.diario5.com.ar\/wp-content\/uploads\/2021\/06\/mercurio_antofagasta20210629.jpg 850w\" sizes=\"(max-width: 691px) 100vw, 691px\" \/><\/p>\n<p><img decoding=\"async\" loading=\"lazy\" class=\"alignnone size-large wp-image-629887\" title=\"Recordando a Leonardo Henrichsen\" src=\"https:\/\/www.diario5.com.ar\/wp-content\/uploads\/2021\/06\/cl_eldia20210629-743x1024.jpg\" alt=\"Recordando a Leonardo Henrichsen\" width=\"743\" height=\"1024\" srcset=\"https:\/\/www.diario5.com.ar\/wp-content\/uploads\/2021\/06\/cl_eldia20210629-743x1024.jpg 743w, https:\/\/www.diario5.com.ar\/wp-content\/uploads\/2021\/06\/cl_eldia20210629-218x300.jpg 218w, https:\/\/www.diario5.com.ar\/wp-content\/uploads\/2021\/06\/cl_eldia20210629-768x1058.jpg 768w, https:\/\/www.diario5.com.ar\/wp-content\/uploads\/2021\/06\/cl_eldia20210629.jpg 850w\" sizes=\"(max-width: 743px) 100vw, 743px\" \/><\/p>\n<p><img decoding=\"async\" loading=\"lazy\" class=\"alignnone size-large wp-image-629888\" title=\"Recordando a Leonardo Henrichsen\" src=\"https:\/\/www.diario5.com.ar\/wp-content\/uploads\/2021\/06\/mercurio_valpo20210629-697x1024.jpg\" alt=\"Recordando a Leonardo Henrichsen\" width=\"697\" height=\"1024\" srcset=\"https:\/\/www.diario5.com.ar\/wp-content\/uploads\/2021\/06\/mercurio_valpo20210629-697x1024.jpg 697w, https:\/\/www.diario5.com.ar\/wp-content\/uploads\/2021\/06\/mercurio_valpo20210629-204x300.jpg 204w, https:\/\/www.diario5.com.ar\/wp-content\/uploads\/2021\/06\/mercurio_valpo20210629-768x1129.jpg 768w, https:\/\/www.diario5.com.ar\/wp-content\/uploads\/2021\/06\/mercurio_valpo20210629.jpg 850w\" sizes=\"(max-width: 697px) 100vw, 697px\" \/><\/p>\n<p><img decoding=\"async\" loading=\"lazy\" class=\"alignnone size-large wp-image-629889\" title=\"Recordando a Leonardo Henrichsen\" src=\"https:\/\/www.diario5.com.ar\/wp-content\/uploads\/2021\/06\/diario_concepcion20210629-788x1024.jpg\" alt=\"Recordando a Leonardo Henrichsen\" width=\"788\" height=\"1024\" srcset=\"https:\/\/www.diario5.com.ar\/wp-content\/uploads\/2021\/06\/diario_concepcion20210629-788x1024.jpg 788w, https:\/\/www.diario5.com.ar\/wp-content\/uploads\/2021\/06\/diario_concepcion20210629-231x300.jpg 231w, https:\/\/www.diario5.com.ar\/wp-content\/uploads\/2021\/06\/diario_concepcion20210629-768x997.jpg 768w, https:\/\/www.diario5.com.ar\/wp-content\/uploads\/2021\/06\/diario_concepcion20210629.jpg 850w\" sizes=\"(max-width: 788px) 100vw, 788px\" \/><\/p>\n<p><img decoding=\"async\" loading=\"lazy\" class=\"alignnone size-large wp-image-629890\" title=\"Recordando a Leonardo Henrichsen\" src=\"https:\/\/www.diario5.com.ar\/wp-content\/uploads\/2021\/06\/austral_temuco20210629-724x1024.jpg\" alt=\"Recordando a Leonardo Henrichsen\" width=\"724\" height=\"1024\" srcset=\"https:\/\/www.diario5.com.ar\/wp-content\/uploads\/2021\/06\/austral_temuco20210629-724x1024.jpg 724w, https:\/\/www.diario5.com.ar\/wp-content\/uploads\/2021\/06\/austral_temuco20210629-212x300.jpg 212w, https:\/\/www.diario5.com.ar\/wp-content\/uploads\/2021\/06\/austral_temuco20210629-768x1086.jpg 768w, https:\/\/www.diario5.com.ar\/wp-content\/uploads\/2021\/06\/austral_temuco20210629.jpg 850w\" sizes=\"(max-width: 724px) 100vw, 724px\" \/><\/p>\n<p><img decoding=\"async\" loading=\"lazy\" class=\"alignnone size-large wp-image-629891\" title=\"Recordando a Leonardo Henrichsen\" src=\"https:\/\/www.diario5.com.ar\/wp-content\/uploads\/2021\/06\/estrella_arica20210629-808x1024.jpg\" alt=\"Recordando a Leonardo Henrichsen\" width=\"808\" height=\"1024\" srcset=\"https:\/\/www.diario5.com.ar\/wp-content\/uploads\/2021\/06\/estrella_arica20210629-808x1024.jpg 808w, https:\/\/www.diario5.com.ar\/wp-content\/uploads\/2021\/06\/estrella_arica20210629-237x300.jpg 237w, https:\/\/www.diario5.com.ar\/wp-content\/uploads\/2021\/06\/estrella_arica20210629-768x973.jpg 768w, https:\/\/www.diario5.com.ar\/wp-content\/uploads\/2021\/06\/estrella_arica20210629.jpg 850w\" sizes=\"(max-width: 808px) 100vw, 808px\" \/><\/p>\n<p>COLOMBIA<br \/>\nBogot\u00e1<br \/>\n<img decoding=\"async\" loading=\"lazy\" class=\"alignnone size-large wp-image-629892\" title=\"Recordando a Leonardo Henrichsen\" src=\"https:\/\/www.diario5.com.ar\/wp-content\/uploads\/2021\/06\/co_espectador20210629-720x1024.jpg\" alt=\"Recordando a Leonardo Henrichsen\" width=\"720\" height=\"1024\" srcset=\"https:\/\/www.diario5.com.ar\/wp-content\/uploads\/2021\/06\/co_espectador20210629-720x1024.jpg 720w, https:\/\/www.diario5.com.ar\/wp-content\/uploads\/2021\/06\/co_espectador20210629-211x300.jpg 211w, https:\/\/www.diario5.com.ar\/wp-content\/uploads\/2021\/06\/co_espectador20210629.jpg 764w\" sizes=\"(max-width: 720px) 100vw, 720px\" \/><\/p>\n<p>Barranquilla<br \/>\n<img decoding=\"async\" loading=\"lazy\" class=\"alignnone size-large wp-image-629893\" title=\"Recordando a Leonardo Henrichsen\" src=\"https:\/\/www.diario5.com.ar\/wp-content\/uploads\/2021\/06\/co_heraldo20210629-524x1024.jpg\" alt=\"Recordando a Leonardo Henrichsen\" width=\"524\" height=\"1024\" srcset=\"https:\/\/www.diario5.com.ar\/wp-content\/uploads\/2021\/06\/co_heraldo20210629-524x1024.jpg 524w, https:\/\/www.diario5.com.ar\/wp-content\/uploads\/2021\/06\/co_heraldo20210629-153x300.jpg 153w, https:\/\/www.diario5.com.ar\/wp-content\/uploads\/2021\/06\/co_heraldo20210629.jpg 764w\" sizes=\"(max-width: 524px) 100vw, 524px\" \/><\/p>\n<p>Cali<br \/>\n<img decoding=\"async\" loading=\"lazy\" class=\"alignnone size-large wp-image-629894\" title=\"Recordando a Leonardo Henrichsen\" src=\"https:\/\/www.diario5.com.ar\/wp-content\/uploads\/2021\/06\/co_elpais20210629-557x1024.jpg\" alt=\"Recordando a Leonardo Henrichsen\" width=\"557\" height=\"1024\" srcset=\"https:\/\/www.diario5.com.ar\/wp-content\/uploads\/2021\/06\/co_elpais20210629-557x1024.jpg 557w, https:\/\/www.diario5.com.ar\/wp-content\/uploads\/2021\/06\/co_elpais20210629-163x300.jpg 163w, https:\/\/www.diario5.com.ar\/wp-content\/uploads\/2021\/06\/co_elpais20210629.jpg 764w\" sizes=\"(max-width: 557px) 100vw, 557px\" \/><\/p>\n<p>Medell\u00edn<br \/>\n<img decoding=\"async\" loading=\"lazy\" class=\"alignnone size-large wp-image-629895\" title=\"Recordando a Leonardo Henrichsen\" src=\"https:\/\/www.diario5.com.ar\/wp-content\/uploads\/2021\/06\/co_elcolombiano20210629-714x1024.jpg\" alt=\"Recordando a Leonardo Henrichsen\" width=\"714\" height=\"1024\" srcset=\"https:\/\/www.diario5.com.ar\/wp-content\/uploads\/2021\/06\/co_elcolombiano20210629-714x1024.jpg 714w, https:\/\/www.diario5.com.ar\/wp-content\/uploads\/2021\/06\/co_elcolombiano20210629-209x300.jpg 209w, https:\/\/www.diario5.com.ar\/wp-content\/uploads\/2021\/06\/co_elcolombiano20210629.jpg 764w\" sizes=\"(max-width: 714px) 100vw, 714px\" \/><\/p>","protected":false},"excerpt":{"rendered":"<p>Era argentino. Su pat\u00e9tica muerte autofilmada, a manos de un militar criminal chileno en 1973, lo convirti\u00f3 en m\u00e1rtir temprano de la tiran\u00eda pinochetista El 29 de junio es, en la Argentina, el d\u00eda Nacional del camar\u00f3grafo o c\u00e1mara. Esta fecha fue establecida por el Congreso de la Naci\u00f3n en la memoria del camar\u00f3grafo Leonardo [&hellip;]<\/p>","protected":false},"author":1,"featured_media":629859,"comment_status":"open","ping_status":"open","sticky":false,"template":"","format":"standard","meta":[],"categories":[1],"tags":[],"series":[],"_links":{"self":[{"href":"https:\/\/www.diario5.com.ar\/es\/wp-json\/wp\/v2\/posts\/625405"}],"collection":[{"href":"https:\/\/www.diario5.com.ar\/es\/wp-json\/wp\/v2\/posts"}],"about":[{"href":"https:\/\/www.diario5.com.ar\/es\/wp-json\/wp\/v2\/types\/post"}],"author":[{"embeddable":true,"href":"https:\/\/www.diario5.com.ar\/es\/wp-json\/wp\/v2\/users\/1"}],"replies":[{"embeddable":true,"href":"https:\/\/www.diario5.com.ar\/es\/wp-json\/wp\/v2\/comments?post=625405"}],"version-history":[{"count":4,"href":"https:\/\/www.diario5.com.ar\/es\/wp-json\/wp\/v2\/posts\/625405\/revisions"}],"predecessor-version":[{"id":629915,"href":"https:\/\/www.diario5.com.ar\/es\/wp-json\/wp\/v2\/posts\/625405\/revisions\/629915"}],"wp:featuredmedia":[{"embeddable":true,"href":"https:\/\/www.diario5.com.ar\/es\/wp-json\/wp\/v2\/media\/629859"}],"wp:attachment":[{"href":"https:\/\/www.diario5.com.ar\/es\/wp-json\/wp\/v2\/media?parent=625405"}],"wp:term":[{"taxonomy":"category","embeddable":true,"href":"https:\/\/www.diario5.com.ar\/es\/wp-json\/wp\/v2\/categories?post=625405"},{"taxonomy":"post_tag","embeddable":true,"href":"https:\/\/www.diario5.com.ar\/es\/wp-json\/wp\/v2\/tags?post=625405"},{"taxonomy":"series","embeddable":true,"href":"https:\/\/www.diario5.com.ar\/es\/wp-json\/wp\/v2\/series?post=625405"}],"curies":[{"name":"wp","href":"https:\/\/api.w.org\/{rel}","templated":true}]}}