{"id":625404,"date":"2021-06-28T06:51:00","date_gmt":"2021-06-28T09:51:00","guid":{"rendered":"http:\/\/diario5.com.ar\/?p=625404"},"modified":"2021-06-28T07:02:23","modified_gmt":"2021-06-28T10:02:23","slug":"625404","status":"publish","type":"post","link":"https:\/\/www.diario5.com.ar\/es\/625404\/","title":{"rendered":"\u00bfPor qu\u00e9 los 28 de junio se celebra el d\u00eda del Orgullo Gay?"},"content":{"rendered":"<h2 class=\"sub-title-primary\"><\/h2> <p>El D\u00eda del Orgullo conmemora los disturbios de Stonewall , considerado el evento m\u00e1s importante del movimiento de liberaci\u00f3n gay en los Estados Unidos.<\/p>\n<p>Ocurri\u00f3 en el Stonewall Inn, una taberna en Greenwich Village en Manhattan, Nueva York, popular entonces entre la comunidad LGBT. Las manifestaciones comenzaron en la madrugada del 28 de junio de 1962 cuando la polic\u00eda allan\u00f3 el Stonewall Inn.<\/p>\n<p>Las redadas en bares gay eran una ocurrencia regular, pero esta vez los agentes agresivos fueron desafiados por clientes enojados y perdieron el control de la escena. Los clientes y transe\u00fantes comenzaron a congregarse fuera de la taberna y la situaci\u00f3n se convirti\u00f3 en un tumulto total.<\/p>\n<p>Siguieron tres noches de m\u00e1s disturbios.<\/p>\n<p>El Stonewall Inn ahora tiene una piedra conmemorativa, presentada por el presidente Obama.<br \/>\nEl evento se considera un hito en la defensa de la comunidad LGBT en los Estados Unidos, una respuesta colectiva a la frustraci\u00f3n generada por la homofobia de la \u00e9poca, en particular la hostilidad de las fuerzas del orden y la ausencia de leyes para proteger a las personas homosexuales.<\/p>\n<p>En 2016, el ex presidente de Estados Unidos, Barack Obama, estableci\u00f3 el Monumento Nacional Stonewall en la zona.<\/p>\n<p>\u201cEste aniversario es un recordatorio del poder de permanecer unidos desafiando a quienes buscan dividirnos\u201d, explica el grupo de derechos humanos del Reino Unido, Stonewall .<\/p>\n<p>Mark Segal, que ten\u00eda 18 a\u00f1os en el momento del mot\u00edn y lo presenci\u00f3 de primera mano, dijo que el evento fue un punto de inflexi\u00f3n.<\/p>\n<p>\u00abEsa noche, la polic\u00eda empuj\u00f3 y cuando empujaron, nosotros empujamos hacia atr\u00e1s. Ya no era m\u00e1s\u00bb, dijo.<\/p>\n<p>\u00abEl movimiento gay da voz a las personas que est\u00e1n tratando de acabar con la invisibilidad. Y creo que hemos hecho un buen trabajo en los \u00faltimos 50 a\u00f1os\u00bb, dijo.<\/p>\n<p><img decoding=\"async\" loading=\"lazy\" class=\"alignnone size-full wp-image-629816\" src=\"https:\/\/www.diario5.com.ar\/wp-content\/uploads\/2021\/06\/1-lgbt-lesbian-gaytransgender-bisexual-gay-pride-flag-craig-mccausland20210628.jpg\" width=\"850\" height=\"524\" alt=\"\u00bfPor qu\u00e9 los 28 de junio se celebra el d\u00eda del Orgullo Gay?\" title=\"\u00bfPor qu\u00e9 los 28 de junio se celebra el d\u00eda del Orgullo Gay?\" srcset=\"https:\/\/www.diario5.com.ar\/wp-content\/uploads\/2021\/06\/1-lgbt-lesbian-gaytransgender-bisexual-gay-pride-flag-craig-mccausland20210628.jpg 850w, https:\/\/www.diario5.com.ar\/wp-content\/uploads\/2021\/06\/1-lgbt-lesbian-gaytransgender-bisexual-gay-pride-flag-craig-mccausland20210628-300x185.jpg 300w, https:\/\/www.diario5.com.ar\/wp-content\/uploads\/2021\/06\/1-lgbt-lesbian-gaytransgender-bisexual-gay-pride-flag-craig-mccausland20210628-768x473.jpg 768w\" sizes=\"(max-width: 850px) 100vw, 850px\" \/><\/p>\n<p><img decoding=\"async\" loading=\"lazy\" class=\"alignnone size-large wp-image-629817\" src=\"https:\/\/www.diario5.com.ar\/wp-content\/uploads\/2021\/06\/ar_laprensa20210628-791x1024.jpg\" width=\"791\" height=\"1024\" alt=\"\u00bfPor qu\u00e9 los 28 de junio se celebra el d\u00eda del Orgullo Gay?\" title=\"\u00bfPor qu\u00e9 los 28 de junio se celebra el d\u00eda del Orgullo Gay?\" srcset=\"https:\/\/www.diario5.com.ar\/wp-content\/uploads\/2021\/06\/ar_laprensa20210628-791x1024.jpg 791w, https:\/\/www.diario5.com.ar\/wp-content\/uploads\/2021\/06\/ar_laprensa20210628-232x300.jpg 232w, https:\/\/www.diario5.com.ar\/wp-content\/uploads\/2021\/06\/ar_laprensa20210628-768x994.jpg 768w, https:\/\/www.diario5.com.ar\/wp-content\/uploads\/2021\/06\/ar_laprensa20210628.jpg 814w\" sizes=\"(max-width: 791px) 100vw, 791px\" \/><\/p>\n<p><img decoding=\"async\" loading=\"lazy\" class=\"alignnone size-large wp-image-629818\" src=\"https:\/\/www.diario5.com.ar\/wp-content\/uploads\/2021\/06\/ar_cronista20210628-724x1024.jpg\" width=\"724\" height=\"1024\" alt=\"\u00bfPor qu\u00e9 los 28 de junio se celebra el d\u00eda del Orgullo Gay?\" title=\"\u00bfPor qu\u00e9 los 28 de junio se celebra el d\u00eda del Orgullo Gay?\" srcset=\"https:\/\/www.diario5.com.ar\/wp-content\/uploads\/2021\/06\/ar_cronista20210628-724x1024.jpg 724w, https:\/\/www.diario5.com.ar\/wp-content\/uploads\/2021\/06\/ar_cronista20210628-212x300.jpg 212w, https:\/\/www.diario5.com.ar\/wp-content\/uploads\/2021\/06\/ar_cronista20210628.jpg 764w\" sizes=\"(max-width: 724px) 100vw, 724px\" \/><\/p>\n<p><img decoding=\"async\" loading=\"lazy\" class=\"alignnone size-full wp-image-629819\" src=\"https:\/\/www.diario5.com.ar\/wp-content\/uploads\/2021\/06\/buenosaires_economico20210628.jpg\" width=\"850\" height=\"1013\" alt=\"\u00bfPor qu\u00e9 los 28 de junio se celebra el d\u00eda del Orgullo Gay?\" title=\"\u00bfPor qu\u00e9 los 28 de junio se celebra el d\u00eda del Orgullo Gay?\" srcset=\"https:\/\/www.diario5.com.ar\/wp-content\/uploads\/2021\/06\/buenosaires_economico20210628.jpg 850w, https:\/\/www.diario5.com.ar\/wp-content\/uploads\/2021\/06\/buenosaires_economico20210628-252x300.jpg 252w, https:\/\/www.diario5.com.ar\/wp-content\/uploads\/2021\/06\/buenosaires_economico20210628-768x915.jpg 768w\" sizes=\"(max-width: 850px) 100vw, 850px\" \/><\/p>\n<p><img decoding=\"async\" src=\"https:\/\/diario5.com.ar\/imgtapas\/06\/28\/ar\/ar_perfil.jpg\" \/><\/p>\n<p><img decoding=\"async\" loading=\"lazy\" class=\"alignnone size-large wp-image-629820\" src=\"https:\/\/www.diario5.com.ar\/wp-content\/uploads\/2021\/06\/ar_eldia20210628-686x1024.jpg\" width=\"686\" height=\"1024\" alt=\"\u00bfPor qu\u00e9 los 28 de junio se celebra el d\u00eda del Orgullo Gay?\" title=\"\u00bfPor qu\u00e9 los 28 de junio se celebra el d\u00eda del Orgullo Gay?\" srcset=\"https:\/\/www.diario5.com.ar\/wp-content\/uploads\/2021\/06\/ar_eldia20210628-686x1024.jpg 686w, https:\/\/www.diario5.com.ar\/wp-content\/uploads\/2021\/06\/ar_eldia20210628-201x300.jpg 201w, https:\/\/www.diario5.com.ar\/wp-content\/uploads\/2021\/06\/ar_eldia20210628-768x1147.jpg 768w, https:\/\/www.diario5.com.ar\/wp-content\/uploads\/2021\/06\/ar_eldia20210628.jpg 850w\" sizes=\"(max-width: 686px) 100vw, 686px\" \/><\/p>\n<p><img decoding=\"async\" loading=\"lazy\" class=\"alignnone size-large wp-image-629821\" src=\"https:\/\/www.diario5.com.ar\/wp-content\/uploads\/2021\/06\/ar_hoy20210628-777x1024.jpg\" width=\"777\" height=\"1024\" alt=\"\u00bfPor qu\u00e9 los 28 de junio se celebra el d\u00eda del Orgullo Gay?\" title=\"\u00bfPor qu\u00e9 los 28 de junio se celebra el d\u00eda del Orgullo Gay?\" srcset=\"https:\/\/www.diario5.com.ar\/wp-content\/uploads\/2021\/06\/ar_hoy20210628-777x1024.jpg 777w, https:\/\/www.diario5.com.ar\/wp-content\/uploads\/2021\/06\/ar_hoy20210628-228x300.jpg 228w, https:\/\/www.diario5.com.ar\/wp-content\/uploads\/2021\/06\/ar_hoy20210628-768x1012.jpg 768w, https:\/\/www.diario5.com.ar\/wp-content\/uploads\/2021\/06\/ar_hoy20210628.jpg 850w\" sizes=\"(max-width: 777px) 100vw, 777px\" \/><\/p>\n<p><img decoding=\"async\" src=\"https:\/\/diario5.com.ar\/imgtapas\/06\/28\/ar\/ar_democracia.jpg\" \/><\/p>\n<p><img decoding=\"async\" src=\"https:\/\/diario5.com.ar\/imgtapas\/06\/28\/ar\/ar_capital_rosario.jpg\" \/><\/p>\n<p><img decoding=\"async\" src=\"https:\/\/diario5.com.ar\/imgtapas\/06\/28\/ar\/ar_nueva_provincia.jpg\" \/><\/p>\n<p><img decoding=\"async\" loading=\"lazy\" class=\"alignnone size-large wp-image-629822\" src=\"https:\/\/www.diario5.com.ar\/wp-content\/uploads\/2021\/06\/ar_ancasti20210628-780x1024.jpg\" width=\"780\" height=\"1024\" alt=\"\u00bfPor qu\u00e9 los 28 de junio se celebra el d\u00eda del Orgullo Gay?\" title=\"\u00bfPor qu\u00e9 los 28 de junio se celebra el d\u00eda del Orgullo Gay?\" srcset=\"https:\/\/www.diario5.com.ar\/wp-content\/uploads\/2021\/06\/ar_ancasti20210628-780x1024.jpg 780w, https:\/\/www.diario5.com.ar\/wp-content\/uploads\/2021\/06\/ar_ancasti20210628-229x300.jpg 229w, https:\/\/www.diario5.com.ar\/wp-content\/uploads\/2021\/06\/ar_ancasti20210628-768x1008.jpg 768w, https:\/\/www.diario5.com.ar\/wp-content\/uploads\/2021\/06\/ar_ancasti20210628.jpg 849w\" sizes=\"(max-width: 780px) 100vw, 780px\" \/><\/p>\n<p><img decoding=\"async\" src=\"https:\/\/diario5.com.ar\/imgtapas\/06\/28\/ar\/esquiu.jpg\" \/><\/p>\n<p><img decoding=\"async\" src=\"https:\/\/diario5.com.ar\/imgtapas\/06\/28\/ar\/ar_diario_norte.jpg\" \/>  <img decoding=\"async\" src=\"http:\/\/edicionimpresa.diariocastellanos.net\/diario\/pages\/1.jpg\" \/>  <\/p>\n<p><img decoding=\"async\" loading=\"lazy\" class=\"alignnone size-large wp-image-629823\" src=\"https:\/\/www.diario5.com.ar\/wp-content\/uploads\/2021\/06\/voz_chaco20210628-842x1024.jpg\" width=\"842\" height=\"1024\" alt=\"\u00bfPor qu\u00e9 los 28 de junio se celebra el d\u00eda del Orgullo Gay?\" title=\"\u00bfPor qu\u00e9 los 28 de junio se celebra el d\u00eda del Orgullo Gay?\" srcset=\"https:\/\/www.diario5.com.ar\/wp-content\/uploads\/2021\/06\/voz_chaco20210628-842x1024.jpg 842w, https:\/\/www.diario5.com.ar\/wp-content\/uploads\/2021\/06\/voz_chaco20210628-247x300.jpg 247w, https:\/\/www.diario5.com.ar\/wp-content\/uploads\/2021\/06\/voz_chaco20210628-768x934.jpg 768w, https:\/\/www.diario5.com.ar\/wp-content\/uploads\/2021\/06\/voz_chaco20210628.jpg 850w\" sizes=\"(max-width: 842px) 100vw, 842px\" \/><\/p>\n<p><img decoding=\"async\" loading=\"lazy\" class=\"alignnone size-full wp-image-629824\" src=\"https:\/\/www.diario5.com.ar\/wp-content\/uploads\/2021\/06\/ar_diario_madryn20210628.jpg\" width=\"764\" height=\"1002\" alt=\"\u00bfPor qu\u00e9 los 28 de junio se celebra el d\u00eda del Orgullo Gay?\" title=\"\u00bfPor qu\u00e9 los 28 de junio se celebra el d\u00eda del Orgullo Gay?\" srcset=\"https:\/\/www.diario5.com.ar\/wp-content\/uploads\/2021\/06\/ar_diario_madryn20210628.jpg 764w, https:\/\/www.diario5.com.ar\/wp-content\/uploads\/2021\/06\/ar_diario_madryn20210628-229x300.jpg 229w\" sizes=\"(max-width: 764px) 100vw, 764px\" \/><\/p>\n<p><img decoding=\"async\" src=\"https:\/\/diario5.com.ar\/imgtapas\/06\/28\/ar\/ar_chubut.jpg\" \/><\/p>\n<p><img decoding=\"async\" src=\"https:\/\/diario5.com.ar\/imgtapas\/06\/28\/ar\/ar_epoca.jpg\" \/><\/p>\n<p><img decoding=\"async\" loading=\"lazy\" class=\"alignnone size-large wp-image-629825\" src=\"https:\/\/www.diario5.com.ar\/wp-content\/uploads\/2021\/06\/ar_litoral20210628-771x1024.jpg\" width=\"771\" height=\"1024\" alt=\"\u00bfPor qu\u00e9 los 28 de junio se celebra el d\u00eda del Orgullo Gay?\" title=\"\u00bfPor qu\u00e9 los 28 de junio se celebra el d\u00eda del Orgullo Gay?\" srcset=\"https:\/\/www.diario5.com.ar\/wp-content\/uploads\/2021\/06\/ar_litoral20210628-771x1024.jpg 771w, https:\/\/www.diario5.com.ar\/wp-content\/uploads\/2021\/06\/ar_litoral20210628-226x300.jpg 226w, https:\/\/www.diario5.com.ar\/wp-content\/uploads\/2021\/06\/ar_litoral20210628-768x1020.jpg 768w, https:\/\/www.diario5.com.ar\/wp-content\/uploads\/2021\/06\/ar_litoral20210628.jpg 850w\" sizes=\"(max-width: 771px) 100vw, 771px\" \/><\/p>\n<p><img decoding=\"async\" src=\"https:\/\/diario5.com.ar\/imgtapas\/06\/28\/ar\/ar_heraldo.jpg\" \/><\/p>\n<p><img decoding=\"async\" src=\"https:\/\/diario5.com.ar\/imgtapas\/06\/28\/ar\/ar_manana_formosa.jpg\" \/><\/p>\n<p><img decoding=\"async\" loading=\"lazy\" class=\"alignnone size-full wp-image-629826\" src=\"https:\/\/www.diario5.com.ar\/wp-content\/uploads\/2021\/06\/ar_diario_pampa20210628.jpg\" width=\"764\" height=\"1023\" alt=\"\u00bfPor qu\u00e9 los 28 de junio se celebra el d\u00eda del Orgullo Gay?\" title=\"\u00bfPor qu\u00e9 los 28 de junio se celebra el d\u00eda del Orgullo Gay?\" srcset=\"https:\/\/www.diario5.com.ar\/wp-content\/uploads\/2021\/06\/ar_diario_pampa20210628.jpg 764w, https:\/\/www.diario5.com.ar\/wp-content\/uploads\/2021\/06\/ar_diario_pampa20210628-224x300.jpg 224w\" sizes=\"(max-width: 764px) 100vw, 764px\" \/><\/p>\n<p><img decoding=\"async\" loading=\"lazy\" class=\"alignnone size-large wp-image-629827\" src=\"https:\/\/www.diario5.com.ar\/wp-content\/uploads\/2021\/06\/ar_pagina1220210628-815x1024.jpg\" width=\"815\" height=\"1024\" alt=\"\u00bfPor qu\u00e9 los 28 de junio se celebra el d\u00eda del Orgullo Gay?\" title=\"\u00bfPor qu\u00e9 los 28 de junio se celebra el d\u00eda del Orgullo Gay?\" srcset=\"https:\/\/www.diario5.com.ar\/wp-content\/uploads\/2021\/06\/ar_pagina1220210628-815x1024.jpg 815w, https:\/\/www.diario5.com.ar\/wp-content\/uploads\/2021\/06\/ar_pagina1220210628-239x300.jpg 239w, https:\/\/www.diario5.com.ar\/wp-content\/uploads\/2021\/06\/ar_pagina1220210628-768x965.jpg 768w, https:\/\/www.diario5.com.ar\/wp-content\/uploads\/2021\/06\/ar_pagina1220210628.jpg 850w\" sizes=\"(max-width: 815px) 100vw, 815px\" \/><\/p>\n<p><img decoding=\"async\" loading=\"lazy\" class=\"alignnone size-large wp-image-629828\" src=\"https:\/\/www.diario5.com.ar\/wp-content\/uploads\/2021\/06\/ar_arena20210628-742x1024.jpg\" width=\"742\" height=\"1024\" alt=\"\u00bfPor qu\u00e9 los 28 de junio se celebra el d\u00eda del Orgullo Gay?\" title=\"\u00bfPor qu\u00e9 los 28 de junio se celebra el d\u00eda del Orgullo Gay?\" srcset=\"https:\/\/www.diario5.com.ar\/wp-content\/uploads\/2021\/06\/ar_arena20210628-742x1024.jpg 742w, https:\/\/www.diario5.com.ar\/wp-content\/uploads\/2021\/06\/ar_arena20210628-218x300.jpg 218w, https:\/\/www.diario5.com.ar\/wp-content\/uploads\/2021\/06\/ar_arena20210628-768x1059.jpg 768w, https:\/\/www.diario5.com.ar\/wp-content\/uploads\/2021\/06\/ar_arena20210628.jpg 849w\" sizes=\"(max-width: 742px) 100vw, 742px\" \/><\/p>\n<p><img decoding=\"async\" loading=\"lazy\" class=\"alignnone size-large wp-image-629829\" src=\"https:\/\/www.diario5.com.ar\/wp-content\/uploads\/2021\/06\/independiente20210628-744x1024.jpg\" width=\"744\" height=\"1024\" alt=\"\u00bfPor qu\u00e9 los 28 de junio se celebra el d\u00eda del Orgullo Gay?\" title=\"\u00bfPor qu\u00e9 los 28 de junio se celebra el d\u00eda del Orgullo Gay?\" srcset=\"https:\/\/www.diario5.com.ar\/wp-content\/uploads\/2021\/06\/independiente20210628-744x1024.jpg 744w, https:\/\/www.diario5.com.ar\/wp-content\/uploads\/2021\/06\/independiente20210628-218x300.jpg 218w, https:\/\/www.diario5.com.ar\/wp-content\/uploads\/2021\/06\/independiente20210628-768x1057.jpg 768w, https:\/\/www.diario5.com.ar\/wp-content\/uploads\/2021\/06\/independiente20210628.jpg 814w\" sizes=\"(max-width: 744px) 100vw, 744px\" \/><\/p>\n<p><img decoding=\"async\" loading=\"lazy\" class=\"alignnone size-large wp-image-629830\" src=\"https:\/\/www.diario5.com.ar\/wp-content\/uploads\/2021\/06\/ar_losandes20210628-742x1024.jpg\" width=\"742\" height=\"1024\" alt=\"\u00bfPor qu\u00e9 los 28 de junio se celebra el d\u00eda del Orgullo Gay?\" title=\"\u00bfPor qu\u00e9 los 28 de junio se celebra el d\u00eda del Orgullo Gay?\" srcset=\"https:\/\/www.diario5.com.ar\/wp-content\/uploads\/2021\/06\/ar_losandes20210628-742x1024.jpg 742w, https:\/\/www.diario5.com.ar\/wp-content\/uploads\/2021\/06\/ar_losandes20210628-217x300.jpg 217w, https:\/\/www.diario5.com.ar\/wp-content\/uploads\/2021\/06\/ar_losandes20210628.jpg 764w\" sizes=\"(max-width: 742px) 100vw, 742px\" \/><\/p>\n<p><img decoding=\"async\" loading=\"lazy\" class=\"alignnone size-large wp-image-629831\" src=\"https:\/\/www.diario5.com.ar\/wp-content\/uploads\/2021\/06\/ar_tribuno20210628-763x1024.jpg\" width=\"763\" height=\"1024\" alt=\"\u00bfPor qu\u00e9 los 28 de junio se celebra el d\u00eda del Orgullo Gay?\" title=\"\u00bfPor qu\u00e9 los 28 de junio se celebra el d\u00eda del Orgullo Gay?\" srcset=\"https:\/\/www.diario5.com.ar\/wp-content\/uploads\/2021\/06\/ar_tribuno20210628-763x1024.jpg 763w, https:\/\/www.diario5.com.ar\/wp-content\/uploads\/2021\/06\/ar_tribuno20210628-224x300.jpg 224w, https:\/\/www.diario5.com.ar\/wp-content\/uploads\/2021\/06\/ar_tribuno20210628-768x1030.jpg 768w, https:\/\/www.diario5.com.ar\/wp-content\/uploads\/2021\/06\/ar_tribuno20210628.jpg 770w\" sizes=\"(max-width: 763px) 100vw, 763px\" \/><\/p>\n<p><img decoding=\"async\" src=\"https:\/\/diario5.com.ar\/imgtapas\/06\/28\/ar\/lea.jpg\" \/><\/p>\n<p><img decoding=\"async\" src=\"https:\/\/diario5.com.ar\/imgtapas\/06\/28\/ar\/ar_rio_negro.jpg\" \/><\/p>\n<p><img decoding=\"async\" src=\"https:\/\/diario5.com.ar\/imgtapas\/06\/28\/ar\/ar_diario_cuyo.jpg\" \/><\/p>\n<p><img decoding=\"async\" src=\"https:\/\/diario5.com.ar\/imgtapas\/06\/28\/ar\/huarpe.jpg\" \/><\/p>\n<p><img decoding=\"async\" src=\"https:\/\/diario5.com.ar\/imgtapas\/06\/28\/ar\/ar_diario_republica.jpg\" \/><\/p>\n<p><img decoding=\"async\" loading=\"lazy\" class=\"alignnone size-large wp-image-629832\" src=\"https:\/\/www.diario5.com.ar\/wp-content\/uploads\/2021\/06\/ar_litoral_sfe20210628-768x1024.jpg\" width=\"768\" height=\"1024\" alt=\"\u00bfPor qu\u00e9 los 28 de junio se celebra el d\u00eda del Orgullo Gay?\" title=\"\u00bfPor qu\u00e9 los 28 de junio se celebra el d\u00eda del Orgullo Gay?\" srcset=\"https:\/\/www.diario5.com.ar\/wp-content\/uploads\/2021\/06\/ar_litoral_sfe20210628-768x1025.jpg 768w, https:\/\/www.diario5.com.ar\/wp-content\/uploads\/2021\/06\/ar_litoral_sfe20210628-225x300.jpg 225w, https:\/\/www.diario5.com.ar\/wp-content\/uploads\/2021\/06\/ar_litoral_sfe20210628.jpg 850w\" sizes=\"(max-width: 768px) 100vw, 768px\" \/><\/p>\n<p><img decoding=\"async\" loading=\"lazy\" class=\"alignnone size-large wp-image-629833\" src=\"https:\/\/www.diario5.com.ar\/wp-content\/uploads\/2021\/06\/ciudadano20210628-764x1024.jpg\" width=\"764\" height=\"1024\" alt=\"\u00bfPor qu\u00e9 los 28 de junio se celebra el d\u00eda del Orgullo Gay?\" title=\"\u00bfPor qu\u00e9 los 28 de junio se celebra el d\u00eda del Orgullo Gay?\" srcset=\"https:\/\/www.diario5.com.ar\/wp-content\/uploads\/2021\/06\/ciudadano20210628-764x1024.jpg 764w, https:\/\/www.diario5.com.ar\/wp-content\/uploads\/2021\/06\/ciudadano20210628-224x300.jpg 224w, https:\/\/www.diario5.com.ar\/wp-content\/uploads\/2021\/06\/ciudadano20210628-768x1029.jpg 768w, https:\/\/www.diario5.com.ar\/wp-content\/uploads\/2021\/06\/ciudadano20210628.jpg 849w\" sizes=\"(max-width: 764px) 100vw, 764px\" \/><\/p>\n<p><img decoding=\"async\" loading=\"lazy\" class=\"alignnone size-large wp-image-629834\" src=\"https:\/\/www.diario5.com.ar\/wp-content\/uploads\/2021\/06\/ar_mirador_provincial20210628-762x1024.jpg\" width=\"762\" height=\"1024\" alt=\"\u00bfPor qu\u00e9 los 28 de junio se celebra el d\u00eda del Orgullo Gay?\" title=\"\u00bfPor qu\u00e9 los 28 de junio se celebra el d\u00eda del Orgullo Gay?\" srcset=\"https:\/\/www.diario5.com.ar\/wp-content\/uploads\/2021\/06\/ar_mirador_provincial20210628-762x1024.jpg 762w, https:\/\/www.diario5.com.ar\/wp-content\/uploads\/2021\/06\/ar_mirador_provincial20210628-223x300.jpg 223w, https:\/\/www.diario5.com.ar\/wp-content\/uploads\/2021\/06\/ar_mirador_provincial20210628-768x1032.jpg 768w, https:\/\/www.diario5.com.ar\/wp-content\/uploads\/2021\/06\/ar_mirador_provincial20210628.jpg 850w\" sizes=\"(max-width: 762px) 100vw, 762px\" \/><\/p>\n<p><img decoding=\"async\" loading=\"lazy\" class=\"alignnone size-large wp-image-629835\" src=\"https:\/\/www.diario5.com.ar\/wp-content\/uploads\/2021\/06\/ar_gaceta20210628-618x1024.jpg\" width=\"618\" height=\"1024\" alt=\"\u00bfPor qu\u00e9 los 28 de junio se celebra el d\u00eda del Orgullo Gay?\" title=\"\u00bfPor qu\u00e9 los 28 de junio se celebra el d\u00eda del Orgullo Gay?\" srcset=\"https:\/\/www.diario5.com.ar\/wp-content\/uploads\/2021\/06\/ar_gaceta20210628-618x1024.jpg 618w, https:\/\/www.diario5.com.ar\/wp-content\/uploads\/2021\/06\/ar_gaceta20210628-181x300.jpg 181w, https:\/\/www.diario5.com.ar\/wp-content\/uploads\/2021\/06\/ar_gaceta20210628-768x1273.jpg 768w, https:\/\/www.diario5.com.ar\/wp-content\/uploads\/2021\/06\/ar_gaceta20210628.jpg 850w\" sizes=\"(max-width: 618px) 100vw, 618px\" \/><\/p>\n<p><img decoding=\"async\" loading=\"lazy\" class=\"alignnone size-full wp-image-629836\" src=\"https:\/\/www.diario5.com.ar\/wp-content\/uploads\/2021\/06\/ar_cronica20210628.jpg\" width=\"850\" height=\"1006\" alt=\"\u00bfPor qu\u00e9 los 28 de junio se celebra el d\u00eda del Orgullo Gay?\" title=\"\u00bfPor qu\u00e9 los 28 de junio se celebra el d\u00eda del Orgullo Gay?\" srcset=\"https:\/\/www.diario5.com.ar\/wp-content\/uploads\/2021\/06\/ar_cronica20210628.jpg 850w, https:\/\/www.diario5.com.ar\/wp-content\/uploads\/2021\/06\/ar_cronica20210628-253x300.jpg 253w, https:\/\/www.diario5.com.ar\/wp-content\/uploads\/2021\/06\/ar_cronica20210628-768x909.jpg 768w\" sizes=\"(max-width: 850px) 100vw, 850px\" \/><\/p>\n<p><img decoding=\"async\" loading=\"lazy\" class=\"alignnone size-large wp-image-629837\" src=\"https:\/\/www.diario5.com.ar\/wp-content\/uploads\/2021\/06\/ar_clarin20210628-742x1024.jpg\" width=\"742\" height=\"1024\" alt=\"\u00bfPor qu\u00e9 los 28 de junio se celebra el d\u00eda del Orgullo Gay?\" title=\"\u00bfPor qu\u00e9 los 28 de junio se celebra el d\u00eda del Orgullo Gay?\" srcset=\"https:\/\/www.diario5.com.ar\/wp-content\/uploads\/2021\/06\/ar_clarin20210628-742x1024.jpg 742w, https:\/\/www.diario5.com.ar\/wp-content\/uploads\/2021\/06\/ar_clarin20210628-217x300.jpg 217w, https:\/\/www.diario5.com.ar\/wp-content\/uploads\/2021\/06\/ar_clarin20210628-768x1060.jpg 768w, https:\/\/www.diario5.com.ar\/wp-content\/uploads\/2021\/06\/ar_clarin20210628.jpg 850w\" sizes=\"(max-width: 742px) 100vw, 742px\" \/><\/p>\n<p><img decoding=\"async\" loading=\"lazy\" class=\"alignnone size-large wp-image-629838\" src=\"https:\/\/www.diario5.com.ar\/wp-content\/uploads\/2021\/06\/nacion20210628-681x1024.jpg\" width=\"681\" height=\"1024\" alt=\"\u00bfPor qu\u00e9 los 28 de junio se celebra el d\u00eda del Orgullo Gay?\" title=\"\u00bfPor qu\u00e9 los 28 de junio se celebra el d\u00eda del Orgullo Gay?\" srcset=\"https:\/\/www.diario5.com.ar\/wp-content\/uploads\/2021\/06\/nacion20210628-681x1024.jpg 681w, https:\/\/www.diario5.com.ar\/wp-content\/uploads\/2021\/06\/nacion20210628-199x300.jpg 199w, https:\/\/www.diario5.com.ar\/wp-content\/uploads\/2021\/06\/nacion20210628.jpg 764w\" sizes=\"(max-width: 681px) 100vw, 681px\" \/><\/p>\n<p><img decoding=\"async\" src=\"https:\/\/diario5.com.ar\/imgtapas\/06\/28\/ar\/ar_eco.jpg\" \/><\/p>\n<p><img decoding=\"async\" loading=\"lazy\" class=\"alignnone size-large wp-image-629839\" src=\"https:\/\/www.diario5.com.ar\/wp-content\/uploads\/2021\/06\/nuevo_diario20210628-743x1024.jpg\" width=\"743\" height=\"1024\" alt=\"\u00bfPor qu\u00e9 los 28 de junio se celebra el d\u00eda del Orgullo Gay?\" title=\"\u00bfPor qu\u00e9 los 28 de junio se celebra el d\u00eda del Orgullo Gay?\" srcset=\"https:\/\/www.diario5.com.ar\/wp-content\/uploads\/2021\/06\/nuevo_diario20210628-743x1024.jpg 743w, https:\/\/www.diario5.com.ar\/wp-content\/uploads\/2021\/06\/nuevo_diario20210628-218x300.jpg 218w, https:\/\/www.diario5.com.ar\/wp-content\/uploads\/2021\/06\/nuevo_diario20210628.jpg 764w\" sizes=\"(max-width: 743px) 100vw, 743px\" \/><\/p>\n<p><img decoding=\"async\" src=\"https:\/\/diario5.com.ar\/imgtapas\/06\/28\/ar\/ar_sureno.jpg\" \/><\/p>\n<p>URUGUAY<br \/>\n<img decoding=\"async\" loading=\"lazy\" class=\"alignnone size-large wp-image-629840\" src=\"https:\/\/www.diario5.com.ar\/wp-content\/uploads\/2021\/06\/uy_republica20210628-700x1024.jpg\" width=\"700\" height=\"1024\" alt=\"\u00bfPor qu\u00e9 los 28 de junio se celebra el d\u00eda del Orgullo Gay?\" title=\"\u00bfPor qu\u00e9 los 28 de junio se celebra el d\u00eda del Orgullo Gay?\" srcset=\"https:\/\/www.diario5.com.ar\/wp-content\/uploads\/2021\/06\/uy_republica20210628-700x1024.jpg 700w, https:\/\/www.diario5.com.ar\/wp-content\/uploads\/2021\/06\/uy_republica20210628-205x300.jpg 205w, https:\/\/www.diario5.com.ar\/wp-content\/uploads\/2021\/06\/uy_republica20210628-768x1123.jpg 768w, https:\/\/www.diario5.com.ar\/wp-content\/uploads\/2021\/06\/uy_republica20210628.jpg 850w\" sizes=\"(max-width: 700px) 100vw, 700px\" \/><\/p>\n<p><img decoding=\"async\" loading=\"lazy\" class=\"alignnone size-full wp-image-629841\" src=\"https:\/\/www.diario5.com.ar\/wp-content\/uploads\/2021\/06\/uy_ladiaria20210628.jpg\" width=\"764\" height=\"953\" alt=\"\u00bfPor qu\u00e9 los 28 de junio se celebra el d\u00eda del Orgullo Gay?\" title=\"\u00bfPor qu\u00e9 los 28 de junio se celebra el d\u00eda del Orgullo Gay?\" srcset=\"https:\/\/www.diario5.com.ar\/wp-content\/uploads\/2021\/06\/uy_ladiaria20210628.jpg 764w, https:\/\/www.diario5.com.ar\/wp-content\/uploads\/2021\/06\/uy_ladiaria20210628-241x300.jpg 241w\" sizes=\"(max-width: 764px) 100vw, 764px\" \/><\/p>\n<p><img decoding=\"async\" loading=\"lazy\" class=\"alignnone size-large wp-image-629842\" src=\"https:\/\/www.diario5.com.ar\/wp-content\/uploads\/2021\/06\/uy_observador20210628-737x1024.jpg\" width=\"737\" height=\"1024\" alt=\"\u00bfPor qu\u00e9 los 28 de junio se celebra el d\u00eda del Orgullo Gay?\" title=\"\u00bfPor qu\u00e9 los 28 de junio se celebra el d\u00eda del Orgullo Gay?\" srcset=\"https:\/\/www.diario5.com.ar\/wp-content\/uploads\/2021\/06\/uy_observador20210628-737x1024.jpg 737w, https:\/\/www.diario5.com.ar\/wp-content\/uploads\/2021\/06\/uy_observador20210628-216x300.jpg 216w, https:\/\/www.diario5.com.ar\/wp-content\/uploads\/2021\/06\/uy_observador20210628.jpg 764w\" sizes=\"(max-width: 737px) 100vw, 737px\" \/><\/p>\n<p>CHILE<br \/>\n<img decoding=\"async\" loading=\"lazy\" class=\"alignnone size-large wp-image-629843\" src=\"https:\/\/www.diario5.com.ar\/wp-content\/uploads\/2021\/06\/cl_mercurio20210628-564x1024.jpg\" width=\"564\" height=\"1024\" alt=\"\u00bfPor qu\u00e9 los 28 de junio se celebra el d\u00eda del Orgullo Gay?\" title=\"\u00bfPor qu\u00e9 los 28 de junio se celebra el d\u00eda del Orgullo Gay?\" srcset=\"https:\/\/www.diario5.com.ar\/wp-content\/uploads\/2021\/06\/cl_mercurio20210628-564x1024.jpg 564w, https:\/\/www.diario5.com.ar\/wp-content\/uploads\/2021\/06\/cl_mercurio20210628-165x300.jpg 165w, https:\/\/www.diario5.com.ar\/wp-content\/uploads\/2021\/06\/cl_mercurio20210628.jpg 764w\" sizes=\"(max-width: 564px) 100vw, 564px\" \/><\/p>\n<p><img decoding=\"async\" loading=\"lazy\" class=\"alignnone size-full wp-image-629844\" src=\"https:\/\/www.diario5.com.ar\/wp-content\/uploads\/2021\/06\/cl_ultimas_noticias20210628.jpg\" width=\"792\" height=\"981\" alt=\"\u00bfPor qu\u00e9 los 28 de junio se celebra el d\u00eda del Orgullo Gay?\" title=\"\u00bfPor qu\u00e9 los 28 de junio se celebra el d\u00eda del Orgullo Gay?\" srcset=\"https:\/\/www.diario5.com.ar\/wp-content\/uploads\/2021\/06\/cl_ultimas_noticias20210628.jpg 792w, https:\/\/www.diario5.com.ar\/wp-content\/uploads\/2021\/06\/cl_ultimas_noticias20210628-242x300.jpg 242w, https:\/\/www.diario5.com.ar\/wp-content\/uploads\/2021\/06\/cl_ultimas_noticias20210628-768x951.jpg 768w\" sizes=\"(max-width: 792px) 100vw, 792px\" \/><\/p>\n<p><img decoding=\"async\" src=\"https:\/\/diario5.com.ar\/imgtapas\/06\/28\/cl\/cl_diario_financiero.jpg\" \/><\/p>\n<p><img decoding=\"async\" src=\"https:\/\/diario5.com.ar\/imgtapas\/06\/28\/cl\/estrella_iquique.jpg\" \/><\/p>\n<p><img decoding=\"async\" src=\"https:\/\/diario5.com.ar\/imgtapas\/06\/28\/cl\/mercurio_antofagasta.jpg\" \/><\/p>\n<p><img decoding=\"async\" loading=\"lazy\" class=\"alignnone size-large wp-image-629845\" src=\"https:\/\/www.diario5.com.ar\/wp-content\/uploads\/2021\/06\/cl_eldia20210628-743x1024.jpg\" width=\"743\" height=\"1024\" alt=\"\u00bfPor qu\u00e9 los 28 de junio se celebra el d\u00eda del Orgullo Gay?\" title=\"\u00bfPor qu\u00e9 los 28 de junio se celebra el d\u00eda del Orgullo Gay?\" srcset=\"https:\/\/www.diario5.com.ar\/wp-content\/uploads\/2021\/06\/cl_eldia20210628-743x1024.jpg 743w, https:\/\/www.diario5.com.ar\/wp-content\/uploads\/2021\/06\/cl_eldia20210628-218x300.jpg 218w, https:\/\/www.diario5.com.ar\/wp-content\/uploads\/2021\/06\/cl_eldia20210628-768x1058.jpg 768w, https:\/\/www.diario5.com.ar\/wp-content\/uploads\/2021\/06\/cl_eldia20210628.jpg 850w\" sizes=\"(max-width: 743px) 100vw, 743px\" \/><\/p>\n<p><img decoding=\"async\" src=\"https:\/\/diario5.com.ar\/imgtapas\/06\/28\/cl\/mercurio_valpo.jpg\" \/><\/p>\n<p><img decoding=\"async\" src=\"https:\/\/diario5.com.ar\/imgtapas\/06\/28\/cl\/estrella_valpo.jpg\" \/><\/p>\n<p><img decoding=\"async\" loading=\"lazy\" class=\"alignnone size-large wp-image-629846\" src=\"https:\/\/www.diario5.com.ar\/wp-content\/uploads\/2021\/06\/diario_concepcion20210628-787x1024.jpg\" width=\"787\" height=\"1024\" alt=\"\u00bfPor qu\u00e9 los 28 de junio se celebra el d\u00eda del Orgullo Gay?\" title=\"\u00bfPor qu\u00e9 los 28 de junio se celebra el d\u00eda del Orgullo Gay?\" srcset=\"https:\/\/www.diario5.com.ar\/wp-content\/uploads\/2021\/06\/diario_concepcion20210628-787x1024.jpg 787w, https:\/\/www.diario5.com.ar\/wp-content\/uploads\/2021\/06\/diario_concepcion20210628-231x300.jpg 231w, https:\/\/www.diario5.com.ar\/wp-content\/uploads\/2021\/06\/diario_concepcion20210628-768x999.jpg 768w, https:\/\/www.diario5.com.ar\/wp-content\/uploads\/2021\/06\/diario_concepcion20210628.jpg 850w\" sizes=\"(max-width: 787px) 100vw, 787px\" \/><\/p>\n<p><img decoding=\"async\" loading=\"lazy\" class=\"alignnone size-full wp-image-629847\" src=\"https:\/\/www.diario5.com.ar\/wp-content\/uploads\/2021\/06\/austral_temuco20210628.jpg\" width=\"764\" height=\"847\" alt=\"\u00bfPor qu\u00e9 los 28 de junio se celebra el d\u00eda del Orgullo Gay?\" title=\"\u00bfPor qu\u00e9 los 28 de junio se celebra el d\u00eda del Orgullo Gay?\" srcset=\"https:\/\/www.diario5.com.ar\/wp-content\/uploads\/2021\/06\/austral_temuco20210628.jpg 764w, https:\/\/www.diario5.com.ar\/wp-content\/uploads\/2021\/06\/austral_temuco20210628-271x300.jpg 271w\" sizes=\"(max-width: 764px) 100vw, 764px\" \/><\/p>\n<p><img decoding=\"async\" src=\"https:\/\/diario5.com.ar\/imgtapas\/06\/28\/cl\/estrella_arica.jpg\" \/><\/p>\n<p>COLOMBIA<br \/>\nBogot\u00e1<br \/>\n<img decoding=\"async\" src=\"https:\/\/diario5.com.ar\/imgtapas\/06\/28\/co\/co_espectador.jpg\" \/><\/p>\n<p>Barranquilla<br \/>\n<img decoding=\"async\" loading=\"lazy\" class=\"alignnone size-large wp-image-629848\" src=\"https:\/\/www.diario5.com.ar\/wp-content\/uploads\/2021\/06\/co_heraldo20210628-527x1024.jpg\" width=\"527\" height=\"1024\" alt=\"\u00bfPor qu\u00e9 los 28 de junio se celebra el d\u00eda del Orgullo Gay?\" title=\"\u00bfPor qu\u00e9 los 28 de junio se celebra el d\u00eda del Orgullo Gay?\" srcset=\"https:\/\/www.diario5.com.ar\/wp-content\/uploads\/2021\/06\/co_heraldo20210628-527x1024.jpg 527w, https:\/\/www.diario5.com.ar\/wp-content\/uploads\/2021\/06\/co_heraldo20210628-154x300.jpg 154w, https:\/\/www.diario5.com.ar\/wp-content\/uploads\/2021\/06\/co_heraldo20210628.jpg 764w\" sizes=\"(max-width: 527px) 100vw, 527px\" \/><\/p>\n<p>Cali<br \/>\n<img decoding=\"async\" loading=\"lazy\" class=\"alignnone size-large wp-image-629849\" src=\"https:\/\/www.diario5.com.ar\/wp-content\/uploads\/2021\/06\/co_elpais20210628-552x1024.jpg\" width=\"552\" height=\"1024\" alt=\"\u00bfPor qu\u00e9 los 28 de junio se celebra el d\u00eda del Orgullo Gay?\" title=\"\u00bfPor qu\u00e9 los 28 de junio se celebra el d\u00eda del Orgullo Gay?\" srcset=\"https:\/\/www.diario5.com.ar\/wp-content\/uploads\/2021\/06\/co_elpais20210628-552x1024.jpg 552w, https:\/\/www.diario5.com.ar\/wp-content\/uploads\/2021\/06\/co_elpais20210628-162x300.jpg 162w, https:\/\/www.diario5.com.ar\/wp-content\/uploads\/2021\/06\/co_elpais20210628.jpg 764w\" sizes=\"(max-width: 552px) 100vw, 552px\" \/><\/p>\n<p>Cartagena<br \/>\n<img decoding=\"async\" loading=\"lazy\" class=\"alignnone size-large wp-image-629850\" src=\"https:\/\/www.diario5.com.ar\/wp-content\/uploads\/2021\/06\/co_universal20210628-508x1024.jpg\" width=\"508\" height=\"1024\" alt=\"\u00bfPor qu\u00e9 los 28 de junio se celebra el d\u00eda del Orgullo Gay?\" title=\"\u00bfPor qu\u00e9 los 28 de junio se celebra el d\u00eda del Orgullo Gay?\" srcset=\"https:\/\/www.diario5.com.ar\/wp-content\/uploads\/2021\/06\/co_universal20210628-508x1024.jpg 508w, https:\/\/www.diario5.com.ar\/wp-content\/uploads\/2021\/06\/co_universal20210628-149x300.jpg 149w, https:\/\/www.diario5.com.ar\/wp-content\/uploads\/2021\/06\/co_universal20210628-768x1550.jpg 768w, https:\/\/www.diario5.com.ar\/wp-content\/uploads\/2021\/06\/co_universal20210628-761x1536.jpg 761w, https:\/\/www.diario5.com.ar\/wp-content\/uploads\/2021\/06\/co_universal20210628.jpg 850w\" sizes=\"(max-width: 508px) 100vw, 508px\" \/><\/p>\n<p>Medell\u00edn<br \/>\n<img decoding=\"async\" loading=\"lazy\" class=\"alignnone size-large wp-image-629851\" src=\"https:\/\/www.diario5.com.ar\/wp-content\/uploads\/2021\/06\/co_elcolombiano20210628-702x1024.jpg\" width=\"702\" height=\"1024\" alt=\"\u00bfPor qu\u00e9 los 28 de junio se celebra el d\u00eda del Orgullo Gay?\" title=\"\u00bfPor qu\u00e9 los 28 de junio se celebra el d\u00eda del Orgullo Gay?\" srcset=\"https:\/\/www.diario5.com.ar\/wp-content\/uploads\/2021\/06\/co_elcolombiano20210628-702x1024.jpg 702w, https:\/\/www.diario5.com.ar\/wp-content\/uploads\/2021\/06\/co_elcolombiano20210628-206x300.jpg 206w, https:\/\/www.diario5.com.ar\/wp-content\/uploads\/2021\/06\/co_elcolombiano20210628.jpg 764w\" sizes=\"(max-width: 702px) 100vw, 702px\" \/><\/p>\n<p>&nbsp;<\/p>","protected":false},"excerpt":{"rendered":"<p>El D\u00eda del Orgullo conmemora los disturbios de Stonewall , considerado el evento m\u00e1s importante del movimiento de liberaci\u00f3n gay en los Estados Unidos. Ocurri\u00f3 en el Stonewall Inn, una taberna en Greenwich Village en Manhattan, Nueva York, popular entonces entre la comunidad LGBT. Las manifestaciones comenzaron en la madrugada del 28 de junio de [&hellip;]<\/p>","protected":false},"author":1,"featured_media":629816,"comment_status":"open","ping_status":"open","sticky":false,"template":"","format":"standard","meta":[],"categories":[1],"tags":[],"series":[],"_links":{"self":[{"href":"https:\/\/www.diario5.com.ar\/es\/wp-json\/wp\/v2\/posts\/625404"}],"collection":[{"href":"https:\/\/www.diario5.com.ar\/es\/wp-json\/wp\/v2\/posts"}],"about":[{"href":"https:\/\/www.diario5.com.ar\/es\/wp-json\/wp\/v2\/types\/post"}],"author":[{"embeddable":true,"href":"https:\/\/www.diario5.com.ar\/es\/wp-json\/wp\/v2\/users\/1"}],"replies":[{"embeddable":true,"href":"https:\/\/www.diario5.com.ar\/es\/wp-json\/wp\/v2\/comments?post=625404"}],"version-history":[{"count":2,"href":"https:\/\/www.diario5.com.ar\/es\/wp-json\/wp\/v2\/posts\/625404\/revisions"}],"predecessor-version":[{"id":629754,"href":"https:\/\/www.diario5.com.ar\/es\/wp-json\/wp\/v2\/posts\/625404\/revisions\/629754"}],"wp:featuredmedia":[{"embeddable":true,"href":"https:\/\/www.diario5.com.ar\/es\/wp-json\/wp\/v2\/media\/629816"}],"wp:attachment":[{"href":"https:\/\/www.diario5.com.ar\/es\/wp-json\/wp\/v2\/media?parent=625404"}],"wp:term":[{"taxonomy":"category","embeddable":true,"href":"https:\/\/www.diario5.com.ar\/es\/wp-json\/wp\/v2\/categories?post=625404"},{"taxonomy":"post_tag","embeddable":true,"href":"https:\/\/www.diario5.com.ar\/es\/wp-json\/wp\/v2\/tags?post=625404"},{"taxonomy":"series","embeddable":true,"href":"https:\/\/www.diario5.com.ar\/es\/wp-json\/wp\/v2\/series?post=625404"}],"curies":[{"name":"wp","href":"https:\/\/api.w.org\/{rel}","templated":true}]}}