{"id":625394,"date":"2021-06-18T06:51:00","date_gmt":"2021-06-18T09:51:00","guid":{"rendered":"http:\/\/diario5.com.ar\/?p=625394"},"modified":"2021-06-18T13:18:46","modified_gmt":"2021-06-18T16:18:46","slug":"625394","status":"publish","type":"post","link":"https:\/\/www.diario5.com.ar\/es\/625394\/","title":{"rendered":"Ansias por ver nevar"},"content":{"rendered":"<h2 class=\"sub-title-primary\"><\/h2> <p>El 9 de julio de 2007 nev\u00f3 y en Buenos Aires. El mi\u00e9rcoles en C\u00f3rdoba volvi\u00f3 a nevar despu\u00e9s de esos 14 a\u00f1os. En Buenos Aires, no. Si bien las temperaturas de estos d\u00edas son bajas, no es un fr\u00edo suficiente capaz de hacer nevar en el AMBA.<\/p>\n<p>Por ahora, no<\/p>\n<p>Hay muchos porte\u00f1os y residentes en la Ciudad de Buenos Aires y los municipios del AMBA que se han ilusionado con volver a ver la nieve como en aquella fecha patria.<\/p>\n<p>Los meteor\u00f3logos anticipan que nada quita que en el mes de julio se presenten temperaturas bajas con la humedad equilibrada en altura y<br \/>\nen superficie pero esas condiciones, hoy, no est\u00e1n presentes en cercan\u00edas al R\u00edo de la Plata.<\/p>\n<p>Quiz\u00e1s, coinciendo con la \u00faltima vez, para el 9 de julio.<\/p>\n<p>&nbsp;<\/p>\n<p><img decoding=\"async\" loading=\"lazy\" class=\"alignnone size-large wp-image-629363\" title=\"Ansias por ver nevar\" src=\"https:\/\/www.diario5.com.ar\/wp-content\/uploads\/2021\/06\/ar_litoral20210618-779x1024.jpg\" alt=\"Ansias por ver nevar\" width=\"779\" height=\"1024\" srcset=\"https:\/\/www.diario5.com.ar\/wp-content\/uploads\/2021\/06\/ar_litoral20210618-779x1024.jpg 779w, https:\/\/www.diario5.com.ar\/wp-content\/uploads\/2021\/06\/ar_litoral20210618-228x300.jpg 228w, https:\/\/www.diario5.com.ar\/wp-content\/uploads\/2021\/06\/ar_litoral20210618-768x1010.jpg 768w, https:\/\/www.diario5.com.ar\/wp-content\/uploads\/2021\/06\/ar_litoral20210618.jpg 850w\" sizes=\"(max-width: 779px) 100vw, 779px\" \/><\/p>\n<p><img decoding=\"async\" loading=\"lazy\" class=\"alignnone size-full wp-image-629364\" title=\"Ansias por ver nevar\" src=\"https:\/\/www.diario5.com.ar\/wp-content\/uploads\/2021\/06\/ar_diario_pampa20210618.jpg\" alt=\"Ansias por ver nevar\" width=\"764\" height=\"1018\" srcset=\"https:\/\/www.diario5.com.ar\/wp-content\/uploads\/2021\/06\/ar_diario_pampa20210618.jpg 764w, https:\/\/www.diario5.com.ar\/wp-content\/uploads\/2021\/06\/ar_diario_pampa20210618-225x300.jpg 225w\" sizes=\"(max-width: 764px) 100vw, 764px\" \/><\/p>\n<p><img decoding=\"async\" loading=\"lazy\" class=\"alignnone size-large wp-image-629365\" title=\"Ansias por ver nevar\" src=\"https:\/\/www.diario5.com.ar\/wp-content\/uploads\/2021\/06\/ar_arena20210618-746x1024.jpg\" alt=\"Ansias por ver nevar\" width=\"746\" height=\"1024\" srcset=\"https:\/\/www.diario5.com.ar\/wp-content\/uploads\/2021\/06\/ar_arena20210618-746x1024.jpg 746w, https:\/\/www.diario5.com.ar\/wp-content\/uploads\/2021\/06\/ar_arena20210618-219x300.jpg 219w, https:\/\/www.diario5.com.ar\/wp-content\/uploads\/2021\/06\/ar_arena20210618-768x1054.jpg 768w, https:\/\/www.diario5.com.ar\/wp-content\/uploads\/2021\/06\/ar_arena20210618.jpg 850w\" sizes=\"(max-width: 746px) 100vw, 746px\" \/><\/p>\n<p><img decoding=\"async\" loading=\"lazy\" class=\"alignnone size-large wp-image-629366\" title=\"Ansias por ver nevar\" src=\"https:\/\/www.diario5.com.ar\/wp-content\/uploads\/2021\/06\/independiente20210618-744x1024.jpg\" alt=\"Ansias por ver nevar\" width=\"744\" height=\"1024\" srcset=\"https:\/\/www.diario5.com.ar\/wp-content\/uploads\/2021\/06\/independiente20210618-744x1024.jpg 744w, https:\/\/www.diario5.com.ar\/wp-content\/uploads\/2021\/06\/independiente20210618-218x300.jpg 218w, https:\/\/www.diario5.com.ar\/wp-content\/uploads\/2021\/06\/independiente20210618-768x1057.jpg 768w, https:\/\/www.diario5.com.ar\/wp-content\/uploads\/2021\/06\/independiente20210618.jpg 814w\" sizes=\"(max-width: 744px) 100vw, 744px\" \/><\/p>\n<p><img decoding=\"async\" loading=\"lazy\" class=\"alignnone size-large wp-image-629367\" title=\"Ansias por ver nevar\" src=\"https:\/\/www.diario5.com.ar\/wp-content\/uploads\/2021\/06\/huarpe20210618-730x1024.jpg\" alt=\"Ansias por ver nevar\" width=\"730\" height=\"1024\" srcset=\"https:\/\/www.diario5.com.ar\/wp-content\/uploads\/2021\/06\/huarpe20210618-730x1024.jpg 730w, https:\/\/www.diario5.com.ar\/wp-content\/uploads\/2021\/06\/huarpe20210618-214x300.jpg 214w, https:\/\/www.diario5.com.ar\/wp-content\/uploads\/2021\/06\/huarpe20210618.jpg 764w\" sizes=\"(max-width: 730px) 100vw, 730px\" \/><\/p>\n<p><img decoding=\"async\" loading=\"lazy\" class=\"alignnone size-large wp-image-629368\" title=\"Ansias por ver nevar\" src=\"https:\/\/www.diario5.com.ar\/wp-content\/uploads\/2021\/06\/ar_litoral_sfe20210618-768x1024.jpg\" alt=\"Ansias por ver nevar\" width=\"768\" height=\"1024\" srcset=\"https:\/\/www.diario5.com.ar\/wp-content\/uploads\/2021\/06\/ar_litoral_sfe20210618-768x1025.jpg 768w, https:\/\/www.diario5.com.ar\/wp-content\/uploads\/2021\/06\/ar_litoral_sfe20210618-225x300.jpg 225w, https:\/\/www.diario5.com.ar\/wp-content\/uploads\/2021\/06\/ar_litoral_sfe20210618.jpg 850w\" sizes=\"(max-width: 768px) 100vw, 768px\" \/><\/p>\n<p><img decoding=\"async\" loading=\"lazy\" class=\"alignnone size-large wp-image-629369\" title=\"Ansias por ver nevar\" src=\"https:\/\/www.diario5.com.ar\/wp-content\/uploads\/2021\/06\/ciudadano20210618-765x1024.jpg\" alt=\"Ansias por ver nevar\" width=\"765\" height=\"1024\" srcset=\"https:\/\/www.diario5.com.ar\/wp-content\/uploads\/2021\/06\/ciudadano20210618-765x1024.jpg 765w, https:\/\/www.diario5.com.ar\/wp-content\/uploads\/2021\/06\/ciudadano20210618-224x300.jpg 224w, https:\/\/www.diario5.com.ar\/wp-content\/uploads\/2021\/06\/ciudadano20210618-768x1029.jpg 768w, https:\/\/www.diario5.com.ar\/wp-content\/uploads\/2021\/06\/ciudadano20210618.jpg 849w\" sizes=\"(max-width: 765px) 100vw, 765px\" \/><\/p>\n<p><img decoding=\"async\" loading=\"lazy\" class=\"alignnone size-large wp-image-629370\" title=\"Ansias por ver nevar\" src=\"https:\/\/www.diario5.com.ar\/wp-content\/uploads\/2021\/06\/ar_mirador_provincial20210618-768x1024.jpg\" alt=\"Ansias por ver nevar\" width=\"768\" height=\"1024\" srcset=\"https:\/\/www.diario5.com.ar\/wp-content\/uploads\/2021\/06\/ar_mirador_provincial20210618-768x1025.jpg 768w, https:\/\/www.diario5.com.ar\/wp-content\/uploads\/2021\/06\/ar_mirador_provincial20210618-225x300.jpg 225w, https:\/\/www.diario5.com.ar\/wp-content\/uploads\/2021\/06\/ar_mirador_provincial20210618.jpg 850w\" sizes=\"(max-width: 768px) 100vw, 768px\" \/><\/p>\n<p><img decoding=\"async\" loading=\"lazy\" class=\"alignnone size-large wp-image-629371\" title=\"Ansias por ver nevar\" src=\"https:\/\/www.diario5.com.ar\/wp-content\/uploads\/2021\/06\/ar_clarin20210618-742x1024.jpg\" alt=\"Ansias por ver nevar\" width=\"742\" height=\"1024\" srcset=\"https:\/\/www.diario5.com.ar\/wp-content\/uploads\/2021\/06\/ar_clarin20210618-742x1024.jpg 742w, https:\/\/www.diario5.com.ar\/wp-content\/uploads\/2021\/06\/ar_clarin20210618-217x300.jpg 217w, https:\/\/www.diario5.com.ar\/wp-content\/uploads\/2021\/06\/ar_clarin20210618-768x1060.jpg 768w, https:\/\/www.diario5.com.ar\/wp-content\/uploads\/2021\/06\/ar_clarin20210618.jpg 850w\" sizes=\"(max-width: 742px) 100vw, 742px\" \/><\/p>\n<p><img decoding=\"async\" loading=\"lazy\" class=\"alignnone size-large wp-image-629372\" title=\"Ansias por ver nevar\" src=\"https:\/\/www.diario5.com.ar\/wp-content\/uploads\/2021\/06\/nacion20210618-681x1024.jpg\" alt=\"Ansias por ver nevar\" width=\"681\" height=\"1024\" srcset=\"https:\/\/www.diario5.com.ar\/wp-content\/uploads\/2021\/06\/nacion20210618-681x1024.jpg 681w, https:\/\/www.diario5.com.ar\/wp-content\/uploads\/2021\/06\/nacion20210618-199x300.jpg 199w, https:\/\/www.diario5.com.ar\/wp-content\/uploads\/2021\/06\/nacion20210618.jpg 764w\" sizes=\"(max-width: 681px) 100vw, 681px\" \/><\/p>\n<p><img decoding=\"async\" loading=\"lazy\" class=\"alignnone size-large wp-image-629373\" title=\"Ansias por ver nevar\" src=\"https:\/\/www.diario5.com.ar\/wp-content\/uploads\/2021\/06\/ar_laprensa20210618-759x1024.jpg\" alt=\"Ansias por ver nevar\" width=\"759\" height=\"1024\" srcset=\"https:\/\/www.diario5.com.ar\/wp-content\/uploads\/2021\/06\/ar_laprensa20210618-759x1024.jpg 759w, https:\/\/www.diario5.com.ar\/wp-content\/uploads\/2021\/06\/ar_laprensa20210618-222x300.jpg 222w, https:\/\/www.diario5.com.ar\/wp-content\/uploads\/2021\/06\/ar_laprensa20210618.jpg 764w\" sizes=\"(max-width: 759px) 100vw, 759px\" \/><\/p>\n<p><img decoding=\"async\" loading=\"lazy\" class=\"alignnone size-full wp-image-629374\" title=\"Ansias por ver nevar\" src=\"https:\/\/www.diario5.com.ar\/wp-content\/uploads\/2021\/06\/buenosaires_economico20210618.jpg\" alt=\"Ansias por ver nevar\" width=\"850\" height=\"1008\" srcset=\"https:\/\/www.diario5.com.ar\/wp-content\/uploads\/2021\/06\/buenosaires_economico20210618.jpg 850w, https:\/\/www.diario5.com.ar\/wp-content\/uploads\/2021\/06\/buenosaires_economico20210618-253x300.jpg 253w, https:\/\/www.diario5.com.ar\/wp-content\/uploads\/2021\/06\/buenosaires_economico20210618-768x911.jpg 768w\" sizes=\"(max-width: 850px) 100vw, 850px\" \/><\/p>\n<p><img decoding=\"async\" loading=\"lazy\" class=\"alignnone size-large wp-image-629375\" title=\"Ansias por ver nevar\" src=\"https:\/\/www.diario5.com.ar\/wp-content\/uploads\/2021\/06\/ar_eldia20210618-693x1024.jpg\" alt=\"Ansias por ver nevar\" width=\"693\" height=\"1024\" srcset=\"https:\/\/www.diario5.com.ar\/wp-content\/uploads\/2021\/06\/ar_eldia20210618-693x1024.jpg 693w, https:\/\/www.diario5.com.ar\/wp-content\/uploads\/2021\/06\/ar_eldia20210618-203x300.jpg 203w, https:\/\/www.diario5.com.ar\/wp-content\/uploads\/2021\/06\/ar_eldia20210618-768x1135.jpg 768w, https:\/\/www.diario5.com.ar\/wp-content\/uploads\/2021\/06\/ar_eldia20210618.jpg 850w\" sizes=\"(max-width: 693px) 100vw, 693px\" \/><\/p>\n<p><img decoding=\"async\" loading=\"lazy\" class=\"alignnone size-large wp-image-629376\" title=\"Ansias por ver nevar\" src=\"https:\/\/www.diario5.com.ar\/wp-content\/uploads\/2021\/06\/ar_hoy20210618-775x1024.jpg\" alt=\"Ansias por ver nevar\" width=\"775\" height=\"1024\" srcset=\"https:\/\/www.diario5.com.ar\/wp-content\/uploads\/2021\/06\/ar_hoy20210618-775x1024.jpg 775w, https:\/\/www.diario5.com.ar\/wp-content\/uploads\/2021\/06\/ar_hoy20210618-227x300.jpg 227w, https:\/\/www.diario5.com.ar\/wp-content\/uploads\/2021\/06\/ar_hoy20210618-768x1015.jpg 768w, https:\/\/www.diario5.com.ar\/wp-content\/uploads\/2021\/06\/ar_hoy20210618.jpg 850w\" sizes=\"(max-width: 775px) 100vw, 775px\" \/><\/p>\n<p><img decoding=\"async\" loading=\"lazy\" class=\"alignnone size-large wp-image-629377\" title=\"Ansias por ver nevar\" src=\"https:\/\/www.diario5.com.ar\/wp-content\/uploads\/2021\/06\/ar_ancasti20210618-760x1024.jpg\" alt=\"Ansias por ver nevar\" width=\"760\" height=\"1024\" srcset=\"https:\/\/www.diario5.com.ar\/wp-content\/uploads\/2021\/06\/ar_ancasti20210618-760x1024.jpg 760w, https:\/\/www.diario5.com.ar\/wp-content\/uploads\/2021\/06\/ar_ancasti20210618-223x300.jpg 223w, https:\/\/www.diario5.com.ar\/wp-content\/uploads\/2021\/06\/ar_ancasti20210618-768x1035.jpg 768w, https:\/\/www.diario5.com.ar\/wp-content\/uploads\/2021\/06\/ar_ancasti20210618.jpg 850w\" sizes=\"(max-width: 760px) 100vw, 760px\" \/><\/p>\n<p><img decoding=\"async\" loading=\"lazy\" class=\"alignnone size-large wp-image-629378\" title=\"Ansias por ver nevar\" src=\"https:\/\/www.diario5.com.ar\/wp-content\/uploads\/2021\/06\/voz_chaco20210618-829x1024.jpg\" alt=\"Ansias por ver nevar\" width=\"829\" height=\"1024\" srcset=\"https:\/\/www.diario5.com.ar\/wp-content\/uploads\/2021\/06\/voz_chaco20210618-829x1024.jpg 829w, https:\/\/www.diario5.com.ar\/wp-content\/uploads\/2021\/06\/voz_chaco20210618-243x300.jpg 243w, https:\/\/www.diario5.com.ar\/wp-content\/uploads\/2021\/06\/voz_chaco20210618-768x949.jpg 768w, https:\/\/www.diario5.com.ar\/wp-content\/uploads\/2021\/06\/voz_chaco20210618.jpg 850w\" sizes=\"(max-width: 829px) 100vw, 829px\" \/><\/p>\n<p><img decoding=\"async\" loading=\"lazy\" class=\"alignnone size-full wp-image-629379\" title=\"Ansias por ver nevar\" src=\"https:\/\/www.diario5.com.ar\/wp-content\/uploads\/2021\/06\/ar_diario_madryn20210618.jpg\" alt=\"Ansias por ver nevar\" width=\"764\" height=\"1014\" srcset=\"https:\/\/www.diario5.com.ar\/wp-content\/uploads\/2021\/06\/ar_diario_madryn20210618.jpg 764w, https:\/\/www.diario5.com.ar\/wp-content\/uploads\/2021\/06\/ar_diario_madryn20210618-226x300.jpg 226w\" sizes=\"(max-width: 764px) 100vw, 764px\" \/><\/p>\n<p>URUGUAY<br \/>\n<img decoding=\"async\" loading=\"lazy\" class=\"alignnone size-large wp-image-629380\" title=\"Ansias por ver nevar\" src=\"https:\/\/www.diario5.com.ar\/wp-content\/uploads\/2021\/06\/uy_republica20210618-704x1024.jpg\" alt=\"Ansias por ver nevar\" width=\"704\" height=\"1024\" srcset=\"https:\/\/www.diario5.com.ar\/wp-content\/uploads\/2021\/06\/uy_republica20210618-704x1024.jpg 704w, https:\/\/www.diario5.com.ar\/wp-content\/uploads\/2021\/06\/uy_republica20210618-206x300.jpg 206w, https:\/\/www.diario5.com.ar\/wp-content\/uploads\/2021\/06\/uy_republica20210618-768x1118.jpg 768w, https:\/\/www.diario5.com.ar\/wp-content\/uploads\/2021\/06\/uy_republica20210618.jpg 850w\" sizes=\"(max-width: 704px) 100vw, 704px\" \/><\/p>\n<p><img decoding=\"async\" loading=\"lazy\" class=\"alignnone size-full wp-image-629381\" title=\"Ansias por ver nevar\" src=\"https:\/\/www.diario5.com.ar\/wp-content\/uploads\/2021\/06\/uy_ladiaria20210618.jpg\" alt=\"Ansias por ver nevar\" width=\"764\" height=\"996\" srcset=\"https:\/\/www.diario5.com.ar\/wp-content\/uploads\/2021\/06\/uy_ladiaria20210618.jpg 764w, https:\/\/www.diario5.com.ar\/wp-content\/uploads\/2021\/06\/uy_ladiaria20210618-230x300.jpg 230w\" sizes=\"(max-width: 764px) 100vw, 764px\" \/><\/p>\n<p><img decoding=\"async\" loading=\"lazy\" class=\"alignnone size-large wp-image-629382\" title=\"Ansias por ver nevar\" src=\"https:\/\/www.diario5.com.ar\/wp-content\/uploads\/2021\/06\/uy_observador20210618-718x1024.jpg\" alt=\"Ansias por ver nevar\" width=\"718\" height=\"1024\" srcset=\"https:\/\/www.diario5.com.ar\/wp-content\/uploads\/2021\/06\/uy_observador20210618-718x1024.jpg 718w, https:\/\/www.diario5.com.ar\/wp-content\/uploads\/2021\/06\/uy_observador20210618-210x300.jpg 210w, https:\/\/www.diario5.com.ar\/wp-content\/uploads\/2021\/06\/uy_observador20210618.jpg 764w\" sizes=\"(max-width: 718px) 100vw, 718px\" \/><\/p>\n<p>CHILE<br \/>\n<img decoding=\"async\" loading=\"lazy\" class=\"alignnone size-large wp-image-629383\" title=\"Ansias por ver nevar\" src=\"https:\/\/www.diario5.com.ar\/wp-content\/uploads\/2021\/06\/cl_mercurio20210618-564x1024.jpg\" alt=\"Ansias por ver nevar\" width=\"564\" height=\"1024\" srcset=\"https:\/\/www.diario5.com.ar\/wp-content\/uploads\/2021\/06\/cl_mercurio20210618-564x1024.jpg 564w, https:\/\/www.diario5.com.ar\/wp-content\/uploads\/2021\/06\/cl_mercurio20210618-165x300.jpg 165w, https:\/\/www.diario5.com.ar\/wp-content\/uploads\/2021\/06\/cl_mercurio20210618.jpg 764w\" sizes=\"(max-width: 564px) 100vw, 564px\" \/><\/p>\n<p><img decoding=\"async\" loading=\"lazy\" class=\"alignnone size-full wp-image-629384\" title=\"Ansias por ver nevar\" src=\"https:\/\/www.diario5.com.ar\/wp-content\/uploads\/2021\/06\/cl_ultimas_noticias20210618.jpg\" alt=\"Ansias por ver nevar\" width=\"792\" height=\"975\" srcset=\"https:\/\/www.diario5.com.ar\/wp-content\/uploads\/2021\/06\/cl_ultimas_noticias20210618.jpg 792w, https:\/\/www.diario5.com.ar\/wp-content\/uploads\/2021\/06\/cl_ultimas_noticias20210618-244x300.jpg 244w, https:\/\/www.diario5.com.ar\/wp-content\/uploads\/2021\/06\/cl_ultimas_noticias20210618-768x945.jpg 768w\" sizes=\"(max-width: 792px) 100vw, 792px\" \/><\/p>\n<p><img decoding=\"async\" loading=\"lazy\" class=\"alignnone size-full wp-image-629385\" title=\"Ansias por ver nevar\" src=\"https:\/\/www.diario5.com.ar\/wp-content\/uploads\/2021\/06\/cl_diario_financiero20210618.jpg\" alt=\"Ansias por ver nevar\" width=\"764\" height=\"981\" srcset=\"https:\/\/www.diario5.com.ar\/wp-content\/uploads\/2021\/06\/cl_diario_financiero20210618.jpg 764w, https:\/\/www.diario5.com.ar\/wp-content\/uploads\/2021\/06\/cl_diario_financiero20210618-234x300.jpg 234w\" sizes=\"(max-width: 764px) 100vw, 764px\" \/><\/p>\n<p><img decoding=\"async\" loading=\"lazy\" class=\"alignnone size-large wp-image-629386\" title=\"Ansias por ver nevar\" src=\"https:\/\/www.diario5.com.ar\/wp-content\/uploads\/2021\/06\/estrella_iquique20210618-814x1024.jpg\" alt=\"Ansias por ver nevar\" width=\"814\" height=\"1024\" srcset=\"https:\/\/www.diario5.com.ar\/wp-content\/uploads\/2021\/06\/estrella_iquique20210618-814x1024.jpg 814w, https:\/\/www.diario5.com.ar\/wp-content\/uploads\/2021\/06\/estrella_iquique20210618-239x300.jpg 239w, https:\/\/www.diario5.com.ar\/wp-content\/uploads\/2021\/06\/estrella_iquique20210618-768x966.jpg 768w, https:\/\/www.diario5.com.ar\/wp-content\/uploads\/2021\/06\/estrella_iquique20210618.jpg 850w\" sizes=\"(max-width: 814px) 100vw, 814px\" \/><\/p>\n<p><img decoding=\"async\" loading=\"lazy\" class=\"alignnone size-large wp-image-629387\" title=\"Ansias por ver nevar\" src=\"https:\/\/www.diario5.com.ar\/wp-content\/uploads\/2021\/06\/mercurio_antofagasta20210618-691x1024.jpg\" alt=\"Ansias por ver nevar\" width=\"691\" height=\"1024\" srcset=\"https:\/\/www.diario5.com.ar\/wp-content\/uploads\/2021\/06\/mercurio_antofagasta20210618-691x1024.jpg 691w, https:\/\/www.diario5.com.ar\/wp-content\/uploads\/2021\/06\/mercurio_antofagasta20210618-203x300.jpg 203w, https:\/\/www.diario5.com.ar\/wp-content\/uploads\/2021\/06\/mercurio_antofagasta20210618-768x1138.jpg 768w, https:\/\/www.diario5.com.ar\/wp-content\/uploads\/2021\/06\/mercurio_antofagasta20210618.jpg 850w\" sizes=\"(max-width: 691px) 100vw, 691px\" \/><\/p>\n<p><img decoding=\"async\" loading=\"lazy\" class=\"alignnone size-large wp-image-629388\" title=\"Ansias por ver nevar\" src=\"https:\/\/www.diario5.com.ar\/wp-content\/uploads\/2021\/06\/mercurio_valpo20210618-731x1024.jpg\" alt=\"Ansias por ver nevar\" width=\"731\" height=\"1024\" srcset=\"https:\/\/www.diario5.com.ar\/wp-content\/uploads\/2021\/06\/mercurio_valpo20210618-731x1024.jpg 731w, https:\/\/www.diario5.com.ar\/wp-content\/uploads\/2021\/06\/mercurio_valpo20210618-214x300.jpg 214w, https:\/\/www.diario5.com.ar\/wp-content\/uploads\/2021\/06\/mercurio_valpo20210618-768x1075.jpg 768w, https:\/\/www.diario5.com.ar\/wp-content\/uploads\/2021\/06\/mercurio_valpo20210618.jpg 850w\" sizes=\"(max-width: 731px) 100vw, 731px\" \/><\/p>\n<p><img decoding=\"async\" loading=\"lazy\" class=\"alignnone size-large wp-image-629389\" title=\"Ansias por ver nevar\" src=\"https:\/\/www.diario5.com.ar\/wp-content\/uploads\/2021\/06\/diario_concepcion20210618-783x1024.jpg\" alt=\"Ansias por ver nevar\" width=\"783\" height=\"1024\" srcset=\"https:\/\/www.diario5.com.ar\/wp-content\/uploads\/2021\/06\/diario_concepcion20210618-783x1024.jpg 783w, https:\/\/www.diario5.com.ar\/wp-content\/uploads\/2021\/06\/diario_concepcion20210618-229x300.jpg 229w, https:\/\/www.diario5.com.ar\/wp-content\/uploads\/2021\/06\/diario_concepcion20210618-768x1005.jpg 768w, https:\/\/www.diario5.com.ar\/wp-content\/uploads\/2021\/06\/diario_concepcion20210618.jpg 849w\" sizes=\"(max-width: 783px) 100vw, 783px\" \/><\/p>\n<p><img decoding=\"async\" loading=\"lazy\" class=\"alignnone size-large wp-image-629390\" title=\"Ansias por ver nevar\" src=\"https:\/\/www.diario5.com.ar\/wp-content\/uploads\/2021\/06\/austral_temuco20210618-718x1024.jpg\" alt=\"Ansias por ver nevar\" width=\"718\" height=\"1024\" srcset=\"https:\/\/www.diario5.com.ar\/wp-content\/uploads\/2021\/06\/austral_temuco20210618-718x1024.jpg 718w, https:\/\/www.diario5.com.ar\/wp-content\/uploads\/2021\/06\/austral_temuco20210618-210x300.jpg 210w, https:\/\/www.diario5.com.ar\/wp-content\/uploads\/2021\/06\/austral_temuco20210618-768x1095.jpg 768w, https:\/\/www.diario5.com.ar\/wp-content\/uploads\/2021\/06\/austral_temuco20210618.jpg 850w\" sizes=\"(max-width: 718px) 100vw, 718px\" \/><\/p>\n<p><img decoding=\"async\" loading=\"lazy\" class=\"alignnone size-large wp-image-629391\" title=\"Ansias por ver nevar\" src=\"https:\/\/www.diario5.com.ar\/wp-content\/uploads\/2021\/06\/estrella_arica20210618-808x1024.jpg\" alt=\"Ansias por ver nevar\" width=\"808\" height=\"1024\" srcset=\"https:\/\/www.diario5.com.ar\/wp-content\/uploads\/2021\/06\/estrella_arica20210618-808x1024.jpg 808w, https:\/\/www.diario5.com.ar\/wp-content\/uploads\/2021\/06\/estrella_arica20210618-237x300.jpg 237w, https:\/\/www.diario5.com.ar\/wp-content\/uploads\/2021\/06\/estrella_arica20210618-768x973.jpg 768w, https:\/\/www.diario5.com.ar\/wp-content\/uploads\/2021\/06\/estrella_arica20210618.jpg 850w\" sizes=\"(max-width: 808px) 100vw, 808px\" \/><\/p>\n<p>COLOMBIA<br \/>\nBogot\u00e1<br \/>\n<img decoding=\"async\" loading=\"lazy\" class=\"alignnone size-large wp-image-629392\" title=\"Ansias por ver nevar\" src=\"https:\/\/www.diario5.com.ar\/wp-content\/uploads\/2021\/06\/co_espectador20210618-718x1024.jpg\" alt=\"Ansias por ver nevar\" width=\"718\" height=\"1024\" srcset=\"https:\/\/www.diario5.com.ar\/wp-content\/uploads\/2021\/06\/co_espectador20210618-718x1024.jpg 718w, https:\/\/www.diario5.com.ar\/wp-content\/uploads\/2021\/06\/co_espectador20210618-210x300.jpg 210w, https:\/\/www.diario5.com.ar\/wp-content\/uploads\/2021\/06\/co_espectador20210618.jpg 764w\" sizes=\"(max-width: 718px) 100vw, 718px\" \/><\/p>\n<p>Cali<br \/>\n<img decoding=\"async\" loading=\"lazy\" class=\"alignnone size-large wp-image-629393\" title=\"Ansias por ver nevar\" src=\"https:\/\/www.diario5.com.ar\/wp-content\/uploads\/2021\/06\/co_elpais20210618-557x1024.jpg\" alt=\"Ansias por ver nevar\" width=\"557\" height=\"1024\" srcset=\"https:\/\/www.diario5.com.ar\/wp-content\/uploads\/2021\/06\/co_elpais20210618-557x1024.jpg 557w, https:\/\/www.diario5.com.ar\/wp-content\/uploads\/2021\/06\/co_elpais20210618-163x300.jpg 163w, https:\/\/www.diario5.com.ar\/wp-content\/uploads\/2021\/06\/co_elpais20210618.jpg 764w\" sizes=\"(max-width: 557px) 100vw, 557px\" \/><\/p>\n<p>Medell\u00edn<br \/>\n<img decoding=\"async\" loading=\"lazy\" class=\"alignnone size-large wp-image-629394\" title=\"Ansias por ver nevar\" src=\"https:\/\/www.diario5.com.ar\/wp-content\/uploads\/2021\/06\/co_elcolombiano20210618-721x1024.jpg\" alt=\"Ansias por ver nevar\" width=\"721\" height=\"1024\" srcset=\"https:\/\/www.diario5.com.ar\/wp-content\/uploads\/2021\/06\/co_elcolombiano20210618-721x1024.jpg 721w, https:\/\/www.diario5.com.ar\/wp-content\/uploads\/2021\/06\/co_elcolombiano20210618-211x300.jpg 211w, https:\/\/www.diario5.com.ar\/wp-content\/uploads\/2021\/06\/co_elcolombiano20210618.jpg 764w\" sizes=\"(max-width: 721px) 100vw, 721px\" \/><\/p>\n<p>&#8211; &#8211; &#8211;<\/p>","protected":false},"excerpt":{"rendered":"<p>El 9 de julio de 2007 nev\u00f3 y en Buenos Aires. El mi\u00e9rcoles en C\u00f3rdoba volvi\u00f3 a nevar despu\u00e9s de esos 14 a\u00f1os. En Buenos Aires, no. Si bien las temperaturas de estos d\u00edas son bajas, no es un fr\u00edo suficiente capaz de hacer nevar en el AMBA. Por ahora, no Hay muchos porte\u00f1os y [&hellip;]<\/p>","protected":false},"author":1,"featured_media":629396,"comment_status":"open","ping_status":"open","sticky":false,"template":"","format":"standard","meta":[],"categories":[6],"tags":[],"series":[],"_links":{"self":[{"href":"https:\/\/www.diario5.com.ar\/es\/wp-json\/wp\/v2\/posts\/625394"}],"collection":[{"href":"https:\/\/www.diario5.com.ar\/es\/wp-json\/wp\/v2\/posts"}],"about":[{"href":"https:\/\/www.diario5.com.ar\/es\/wp-json\/wp\/v2\/types\/post"}],"author":[{"embeddable":true,"href":"https:\/\/www.diario5.com.ar\/es\/wp-json\/wp\/v2\/users\/1"}],"replies":[{"embeddable":true,"href":"https:\/\/www.diario5.com.ar\/es\/wp-json\/wp\/v2\/comments?post=625394"}],"version-history":[{"count":4,"href":"https:\/\/www.diario5.com.ar\/es\/wp-json\/wp\/v2\/posts\/625394\/revisions"}],"predecessor-version":[{"id":629399,"href":"https:\/\/www.diario5.com.ar\/es\/wp-json\/wp\/v2\/posts\/625394\/revisions\/629399"}],"wp:featuredmedia":[{"embeddable":true,"href":"https:\/\/www.diario5.com.ar\/es\/wp-json\/wp\/v2\/media\/629396"}],"wp:attachment":[{"href":"https:\/\/www.diario5.com.ar\/es\/wp-json\/wp\/v2\/media?parent=625394"}],"wp:term":[{"taxonomy":"category","embeddable":true,"href":"https:\/\/www.diario5.com.ar\/es\/wp-json\/wp\/v2\/categories?post=625394"},{"taxonomy":"post_tag","embeddable":true,"href":"https:\/\/www.diario5.com.ar\/es\/wp-json\/wp\/v2\/tags?post=625394"},{"taxonomy":"series","embeddable":true,"href":"https:\/\/www.diario5.com.ar\/es\/wp-json\/wp\/v2\/series?post=625394"}],"curies":[{"name":"wp","href":"https:\/\/api.w.org\/{rel}","templated":true}]}}