{"id":625347,"date":"2021-05-02T06:51:00","date_gmt":"2021-05-02T09:51:00","guid":{"rendered":"http:\/\/diario5.com.ar\/?p=625347"},"modified":"2021-05-22T15:32:29","modified_gmt":"2021-05-22T18:32:29","slug":"625347","status":"publish","type":"post","link":"https:\/\/www.diario5.com.ar\/es\/625347\/","title":{"rendered":"Desv\u00edos de tr\u00e1nsito por obra hidr\u00e1ulica en el Bajo Flores"},"content":{"rendered":"<h2 class=\"sub-title-primary\"><\/h2> <header class=\"clearfix\">\n<div class=\"panel-pane pane-block pane-gcaba-static-blocks-custom-node-title\">\n<div class=\"pane-content\">\n<p>Estos son los cortes por obra hidr\u00e1ulica en AU. C\u00e1mpora hacia 27 de febrero. Al detalle, los cambios estructurales que comenzaron el lunes 26 de abril. La obra estar\u00e1 activa hasta el 21 de mayo.<\/p>\n<\/div>\n<\/div>\n<\/header>\n<section>\n<div class=\"panel-separator\">Debido al cambio clim\u00e1tico, hay lluvias cada vez m\u00e1s intensas. La Secretar\u00eda de Transporte y Obras P\u00fablicas de la Ciudad, inici\u00f3 por tal motivo, una <strong>obra hidr\u00e1ulica<\/strong> que reduzca el riesgo de inundaci\u00f3n en una zona muy vulnerable del sur de la Ciudad.<\/div>\n<div class=\"panel-separator\"><\/div>\n<div class=\"panel-separator\">El beneficio involucra a unas 120 mil personas.<\/div>\n<div class=\"panel-pane pane-entity-field pane-node-body\">\n<div class=\"pane-content\">\n<div class=\"field field-name-body field-type-text-with-summary field-label-hidden\">\n<div class=\"field-items\">\n<div class=\"field-item even\">\n<p>Actualmente estamos trabajando en el Ramal Mart\u00ed, una obra de ingenier\u00eda de 1 kil\u00f3metro de largo que pasa por debajo de la calle\u00a0<strong>Santiago de Compostela<\/strong>. Este ramal conecta desde la av. Asturias (Arroyo Cilda\u00f1ez) hasta Mariano Acosta (inmediaciones Terminal Dellepiane).<\/p>\n<p><img decoding=\"async\" loading=\"lazy\" class=\"alignnone size-full wp-image-627209\" src=\"https:\/\/www.diario5.com.ar\/wp-content\/uploads\/2021\/05\/29.04.2021_obras_-_av._campora_-_foto_dron__220210502.jpg\" width=\"850\" height=\"566\" alt=\"Desv\u00edos de tr\u00e1nsito por obra hidr\u00e1ulica en el Bajo Flores\" title=\"Desv\u00edos de tr\u00e1nsito por obra hidr\u00e1ulica en el Bajo Flores\" srcset=\"https:\/\/www.diario5.com.ar\/wp-content\/uploads\/2021\/05\/29.04.2021_obras_-_av._campora_-_foto_dron__220210502.jpg 850w, https:\/\/www.diario5.com.ar\/wp-content\/uploads\/2021\/05\/29.04.2021_obras_-_av._campora_-_foto_dron__220210502-300x200.jpg 300w, https:\/\/www.diario5.com.ar\/wp-content\/uploads\/2021\/05\/29.04.2021_obras_-_av._campora_-_foto_dron__220210502-768x511.jpg 768w\" sizes=\"(max-width: 850px) 100vw, 850px\" \/><\/p>\n<p>Por esta raz\u00f3n y para poder avanzar con los trabajos,\u00a0<strong>desde el lunes 26 de abril y hasta el viernes 21 de mayo estimativamente, la AU. C\u00e1mpora, sentido 27 de febrero, entre su conexi\u00f3n con AU. Dellepiane y av. Lacarra y la av. Casta\u00f1ares est\u00e1 cerrada<\/strong>.<\/p>\n<h3>Detalle del corte<\/h3>\n<p><strong>Corte total en Au. C\u00e1mpora<\/strong>\u00a0entre su conexi\u00f3n con Au. Dellepiane, av. Lacarra y av. Casta\u00f1ares.<br \/>\n<em>Per\u00edodo<\/em>: desde el lunes 26 de abril hasta el viernes 21 de mayo, estimativamente.<\/p>\n<p><img decoding=\"async\" loading=\"lazy\" class=\"alignnone size-full wp-image-627210\" src=\"https:\/\/www.diario5.com.ar\/wp-content\/uploads\/2021\/05\/whatsapp_image_2021-04-30_at_12.26.0220210502.jpeg\" width=\"850\" height=\"784\" alt=\"Desv\u00edos de tr\u00e1nsito por obra hidr\u00e1ulica en el Bajo Flores\" title=\"Desv\u00edos de tr\u00e1nsito por obra hidr\u00e1ulica en el Bajo Flores\" srcset=\"https:\/\/www.diario5.com.ar\/wp-content\/uploads\/2021\/05\/whatsapp_image_2021-04-30_at_12.26.0220210502.jpeg 850w, https:\/\/www.diario5.com.ar\/wp-content\/uploads\/2021\/05\/whatsapp_image_2021-04-30_at_12.26.0220210502-300x277.jpeg 300w, https:\/\/www.diario5.com.ar\/wp-content\/uploads\/2021\/05\/whatsapp_image_2021-04-30_at_12.26.0220210502-768x708.jpeg 768w\" sizes=\"(max-width: 850px) 100vw, 850px\" \/><\/p>\n<\/div>\n<\/div>\n<\/div>\n<\/div>\n<\/div>\n<\/section>\n<p><img decoding=\"async\" src=\"https:\/\/diario5.com.ar\/imgtapas\/05\/02\/ar\/ar_laprensa.jpg\" \/><\/p>\n<p><img decoding=\"async\" src=\"https:\/\/diario5.com.ar\/imgtapas\/05\/02\/ar\/ar_cronista.jpg\" \/><\/p>\n<p><img decoding=\"async\" src=\"https:\/\/diario5.com.ar\/imgtapas\/05\/02\/ar\/buenosaires_economico.jpg\" \/><\/p>\n<p><img decoding=\"async\" loading=\"lazy\" class=\"alignnone size-full wp-image-628125\" src=\"https:\/\/www.diario5.com.ar\/wp-content\/uploads\/2021\/05\/ar_perfil20210522-1.jpg\" width=\"764\" height=\"985\" srcset=\"https:\/\/www.diario5.com.ar\/wp-content\/uploads\/2021\/05\/ar_perfil20210522-1.jpg 764w, https:\/\/www.diario5.com.ar\/wp-content\/uploads\/2021\/05\/ar_perfil20210522-1-233x300.jpg 233w\" sizes=\"(max-width: 764px) 100vw, 764px\" \/><\/p>\n<p><img decoding=\"async\" loading=\"lazy\" class=\"alignnone size-large wp-image-627211\" src=\"https:\/\/www.diario5.com.ar\/wp-content\/uploads\/2021\/05\/ar_eldia20210502-692x1024.jpg\" width=\"692\" height=\"1024\" alt=\"Desv\u00edos de tr\u00e1nsito por obra hidr\u00e1ulica en el Bajo Flores\" title=\"Desv\u00edos de tr\u00e1nsito por obra hidr\u00e1ulica en el Bajo Flores\" srcset=\"https:\/\/www.diario5.com.ar\/wp-content\/uploads\/2021\/05\/ar_eldia20210502-692x1024.jpg 692w, https:\/\/www.diario5.com.ar\/wp-content\/uploads\/2021\/05\/ar_eldia20210502-203x300.jpg 203w, https:\/\/www.diario5.com.ar\/wp-content\/uploads\/2021\/05\/ar_eldia20210502-768x1137.jpg 768w, https:\/\/www.diario5.com.ar\/wp-content\/uploads\/2021\/05\/ar_eldia20210502.jpg 850w\" sizes=\"(max-width: 692px) 100vw, 692px\" \/><\/p>\n<p><img decoding=\"async\" loading=\"lazy\" class=\"alignnone size-large wp-image-627212\" src=\"https:\/\/www.diario5.com.ar\/wp-content\/uploads\/2021\/05\/ar_hoy20210502-783x1024.jpg\" width=\"783\" height=\"1024\" alt=\"Desv\u00edos de tr\u00e1nsito por obra hidr\u00e1ulica en el Bajo Flores\" title=\"Desv\u00edos de tr\u00e1nsito por obra hidr\u00e1ulica en el Bajo Flores\" srcset=\"https:\/\/www.diario5.com.ar\/wp-content\/uploads\/2021\/05\/ar_hoy20210502-783x1024.jpg 783w, https:\/\/www.diario5.com.ar\/wp-content\/uploads\/2021\/05\/ar_hoy20210502-229x300.jpg 229w, https:\/\/www.diario5.com.ar\/wp-content\/uploads\/2021\/05\/ar_hoy20210502-768x1005.jpg 768w, https:\/\/www.diario5.com.ar\/wp-content\/uploads\/2021\/05\/ar_hoy20210502.jpg 850w\" sizes=\"(max-width: 783px) 100vw, 783px\" \/><\/p>\n<p><img decoding=\"async\" src=\"https:\/\/diario5.com.ar\/imgtapas\/05\/02\/ar\/ar_democracia.jpg\" \/><\/p>\n<p><img decoding=\"async\" loading=\"lazy\" class=\"alignnone size-large wp-image-628126\" src=\"https:\/\/www.diario5.com.ar\/wp-content\/uploads\/2021\/05\/la_capital20210522-13-758x1024.jpg\" width=\"758\" height=\"1024\" srcset=\"https:\/\/www.diario5.com.ar\/wp-content\/uploads\/2021\/05\/la_capital20210522-13-758x1024.jpg 758w, https:\/\/www.diario5.com.ar\/wp-content\/uploads\/2021\/05\/la_capital20210522-13-222x300.jpg 222w, https:\/\/www.diario5.com.ar\/wp-content\/uploads\/2021\/05\/la_capital20210522-13-768x1038.jpg 768w, https:\/\/www.diario5.com.ar\/wp-content\/uploads\/2021\/05\/la_capital20210522-13.jpg 850w\" sizes=\"(max-width: 758px) 100vw, 758px\" \/><\/p>\n<p><img decoding=\"async\" src=\"https:\/\/diario5.com.ar\/imgtapas\/05\/02\/ar\/ar_nueva_provincia.jpg\" \/><\/p>\n<p><img decoding=\"async\" loading=\"lazy\" class=\"alignnone size-large wp-image-627213\" src=\"https:\/\/www.diario5.com.ar\/wp-content\/uploads\/2021\/05\/ar_ancasti20210502-764x1024.jpg\" width=\"764\" height=\"1024\" alt=\"Desv\u00edos de tr\u00e1nsito por obra hidr\u00e1ulica en el Bajo Flores\" title=\"Desv\u00edos de tr\u00e1nsito por obra hidr\u00e1ulica en el Bajo Flores\" srcset=\"https:\/\/www.diario5.com.ar\/wp-content\/uploads\/2021\/05\/ar_ancasti20210502-764x1024.jpg 764w, https:\/\/www.diario5.com.ar\/wp-content\/uploads\/2021\/05\/ar_ancasti20210502-224x300.jpg 224w, https:\/\/www.diario5.com.ar\/wp-content\/uploads\/2021\/05\/ar_ancasti20210502-768x1030.jpg 768w, https:\/\/www.diario5.com.ar\/wp-content\/uploads\/2021\/05\/ar_ancasti20210502.jpg 850w\" sizes=\"(max-width: 764px) 100vw, 764px\" \/><\/p>\n<p><img decoding=\"async\" src=\"https:\/\/diario5.com.ar\/imgtapas\/05\/02\/ar\/esquiu.jpg\" \/><\/p>\n<p><img decoding=\"async\" src=\"https:\/\/diario5.com.ar\/imgtapas\/05\/02\/ar\/ar_diario_norte.jpg\" \/>  <img decoding=\"async\" src=\"http:\/\/edicionimpresa.diariocastellanos.net\/diario\/pages\/1.jpg\" \/>  <\/p>\n<p><img decoding=\"async\" loading=\"lazy\" class=\"alignnone size-large wp-image-627214\" src=\"https:\/\/www.diario5.com.ar\/wp-content\/uploads\/2021\/05\/voz_chaco20210502-842x1024.jpg\" width=\"842\" height=\"1024\" alt=\"Desv\u00edos de tr\u00e1nsito por obra hidr\u00e1ulica en el Bajo Flores\" title=\"Desv\u00edos de tr\u00e1nsito por obra hidr\u00e1ulica en el Bajo Flores\" srcset=\"https:\/\/www.diario5.com.ar\/wp-content\/uploads\/2021\/05\/voz_chaco20210502-842x1024.jpg 842w, https:\/\/www.diario5.com.ar\/wp-content\/uploads\/2021\/05\/voz_chaco20210502-247x300.jpg 247w, https:\/\/www.diario5.com.ar\/wp-content\/uploads\/2021\/05\/voz_chaco20210502-768x934.jpg 768w, https:\/\/www.diario5.com.ar\/wp-content\/uploads\/2021\/05\/voz_chaco20210502.jpg 850w\" sizes=\"(max-width: 842px) 100vw, 842px\" \/><\/p>\n<p><img decoding=\"async\" loading=\"lazy\" class=\"alignnone size-full wp-image-627215\" src=\"https:\/\/www.diario5.com.ar\/wp-content\/uploads\/2021\/05\/ar_diario_madryn20210502.jpg\" width=\"764\" height=\"1021\" alt=\"Desv\u00edos de tr\u00e1nsito por obra hidr\u00e1ulica en el Bajo Flores\" title=\"Desv\u00edos de tr\u00e1nsito por obra hidr\u00e1ulica en el Bajo Flores\" srcset=\"https:\/\/www.diario5.com.ar\/wp-content\/uploads\/2021\/05\/ar_diario_madryn20210502.jpg 764w, https:\/\/www.diario5.com.ar\/wp-content\/uploads\/2021\/05\/ar_diario_madryn20210502-224x300.jpg 224w\" sizes=\"(max-width: 764px) 100vw, 764px\" \/><\/p>\n<p><img decoding=\"async\" loading=\"lazy\" class=\"alignnone size-large wp-image-627216\" src=\"https:\/\/www.diario5.com.ar\/wp-content\/uploads\/2021\/05\/ar_chubut20210502-793x1024.jpg\" width=\"793\" height=\"1024\" alt=\"Desv\u00edos de tr\u00e1nsito por obra hidr\u00e1ulica en el Bajo Flores\" title=\"Desv\u00edos de tr\u00e1nsito por obra hidr\u00e1ulica en el Bajo Flores\" srcset=\"https:\/\/www.diario5.com.ar\/wp-content\/uploads\/2021\/05\/ar_chubut20210502-793x1024.jpg 793w, https:\/\/www.diario5.com.ar\/wp-content\/uploads\/2021\/05\/ar_chubut20210502-232x300.jpg 232w, https:\/\/www.diario5.com.ar\/wp-content\/uploads\/2021\/05\/ar_chubut20210502-768x992.jpg 768w, https:\/\/www.diario5.com.ar\/wp-content\/uploads\/2021\/05\/ar_chubut20210502.jpg 850w\" sizes=\"(max-width: 793px) 100vw, 793px\" \/><\/p>\n<p><img decoding=\"async\" loading=\"lazy\" class=\"alignnone size-large wp-image-627217\" src=\"https:\/\/www.diario5.com.ar\/wp-content\/uploads\/2021\/05\/ar_epoca20210502-829x1024.jpg\" width=\"829\" height=\"1024\" alt=\"Desv\u00edos de tr\u00e1nsito por obra hidr\u00e1ulica en el Bajo Flores\" title=\"Desv\u00edos de tr\u00e1nsito por obra hidr\u00e1ulica en el Bajo Flores\" srcset=\"https:\/\/www.diario5.com.ar\/wp-content\/uploads\/2021\/05\/ar_epoca20210502-829x1024.jpg 829w, https:\/\/www.diario5.com.ar\/wp-content\/uploads\/2021\/05\/ar_epoca20210502-243x300.jpg 243w, https:\/\/www.diario5.com.ar\/wp-content\/uploads\/2021\/05\/ar_epoca20210502-768x949.jpg 768w, https:\/\/www.diario5.com.ar\/wp-content\/uploads\/2021\/05\/ar_epoca20210502.jpg 850w\" sizes=\"(max-width: 829px) 100vw, 829px\" \/><\/p>\n<p><img decoding=\"async\" loading=\"lazy\" class=\"alignnone size-large wp-image-627218\" src=\"https:\/\/www.diario5.com.ar\/wp-content\/uploads\/2021\/05\/ar_litoral20210502-787x1024.jpg\" width=\"787\" height=\"1024\" alt=\"Desv\u00edos de tr\u00e1nsito por obra hidr\u00e1ulica en el Bajo Flores\" title=\"Desv\u00edos de tr\u00e1nsito por obra hidr\u00e1ulica en el Bajo Flores\" srcset=\"https:\/\/www.diario5.com.ar\/wp-content\/uploads\/2021\/05\/ar_litoral20210502-787x1024.jpg 787w, https:\/\/www.diario5.com.ar\/wp-content\/uploads\/2021\/05\/ar_litoral20210502-231x300.jpg 231w, https:\/\/www.diario5.com.ar\/wp-content\/uploads\/2021\/05\/ar_litoral20210502-768x999.jpg 768w, https:\/\/www.diario5.com.ar\/wp-content\/uploads\/2021\/05\/ar_litoral20210502.jpg 849w\" sizes=\"(max-width: 787px) 100vw, 787px\" \/><\/p>\n<p><img decoding=\"async\" src=\"https:\/\/diario5.com.ar\/imgtapas\/05\/02\/ar\/ar_heraldo.jpg\" \/><\/p>\n<p><img decoding=\"async\" src=\"https:\/\/diario5.com.ar\/imgtapas\/05\/02\/ar\/ar_manana_formosa.jpg\" \/><\/p>\n<p><img decoding=\"async\" src=\"https:\/\/diario5.com.ar\/imgtapas\/05\/02\/ar\/ar_diario_pampa.jpg\" \/><\/p>\n<p><img decoding=\"async\" src=\"https:\/\/diario5.com.ar\/imgtapas\/05\/02\/ar\/ar_pagina12.jpg\" \/><\/p>\n<p><img decoding=\"async\" loading=\"lazy\" class=\"alignnone size-large wp-image-627219\" src=\"https:\/\/www.diario5.com.ar\/wp-content\/uploads\/2021\/05\/ar_arena20210502-745x1024.jpg\" width=\"745\" height=\"1024\" alt=\"Desv\u00edos de tr\u00e1nsito por obra hidr\u00e1ulica en el Bajo Flores\" title=\"Desv\u00edos de tr\u00e1nsito por obra hidr\u00e1ulica en el Bajo Flores\" srcset=\"https:\/\/www.diario5.com.ar\/wp-content\/uploads\/2021\/05\/ar_arena20210502-745x1024.jpg 745w, https:\/\/www.diario5.com.ar\/wp-content\/uploads\/2021\/05\/ar_arena20210502-218x300.jpg 218w, https:\/\/www.diario5.com.ar\/wp-content\/uploads\/2021\/05\/ar_arena20210502-768x1056.jpg 768w, https:\/\/www.diario5.com.ar\/wp-content\/uploads\/2021\/05\/ar_arena20210502.jpg 850w\" sizes=\"(max-width: 745px) 100vw, 745px\" \/><\/p>\n<p><img decoding=\"async\" loading=\"lazy\" class=\"alignnone size-large wp-image-627220\" src=\"https:\/\/www.diario5.com.ar\/wp-content\/uploads\/2021\/05\/independiente20210502-737x1024.jpg\" width=\"737\" height=\"1024\" alt=\"Desv\u00edos de tr\u00e1nsito por obra hidr\u00e1ulica en el Bajo Flores\" title=\"Desv\u00edos de tr\u00e1nsito por obra hidr\u00e1ulica en el Bajo Flores\" srcset=\"https:\/\/www.diario5.com.ar\/wp-content\/uploads\/2021\/05\/independiente20210502-737x1024.jpg 737w, https:\/\/www.diario5.com.ar\/wp-content\/uploads\/2021\/05\/independiente20210502-216x300.jpg 216w, https:\/\/www.diario5.com.ar\/wp-content\/uploads\/2021\/05\/independiente20210502-768x1067.jpg 768w, https:\/\/www.diario5.com.ar\/wp-content\/uploads\/2021\/05\/independiente20210502.jpg 814w\" sizes=\"(max-width: 737px) 100vw, 737px\" \/><\/p>\n<p><img decoding=\"async\" loading=\"lazy\" class=\"alignnone size-large wp-image-628127\" src=\"https:\/\/www.diario5.com.ar\/wp-content\/uploads\/2021\/05\/ar_losandes20210522-4-731x1024.jpg\" width=\"731\" height=\"1024\" srcset=\"https:\/\/www.diario5.com.ar\/wp-content\/uploads\/2021\/05\/ar_losandes20210522-4-731x1024.jpg 731w, https:\/\/www.diario5.com.ar\/wp-content\/uploads\/2021\/05\/ar_losandes20210522-4-214x300.jpg 214w, https:\/\/www.diario5.com.ar\/wp-content\/uploads\/2021\/05\/ar_losandes20210522-4.jpg 764w\" sizes=\"(max-width: 731px) 100vw, 731px\" \/><\/p>\n<p><img decoding=\"async\" loading=\"lazy\" class=\"alignnone size-large wp-image-627221\" src=\"https:\/\/www.diario5.com.ar\/wp-content\/uploads\/2021\/05\/ar_tribuno20210502-776x1024.jpg\" width=\"776\" height=\"1024\" alt=\"Desv\u00edos de tr\u00e1nsito por obra hidr\u00e1ulica en el Bajo Flores\" title=\"Desv\u00edos de tr\u00e1nsito por obra hidr\u00e1ulica en el Bajo Flores\" srcset=\"https:\/\/www.diario5.com.ar\/wp-content\/uploads\/2021\/05\/ar_tribuno20210502-776x1024.jpg 776w, https:\/\/www.diario5.com.ar\/wp-content\/uploads\/2021\/05\/ar_tribuno20210502-227x300.jpg 227w, https:\/\/www.diario5.com.ar\/wp-content\/uploads\/2021\/05\/ar_tribuno20210502-768x1014.jpg 768w, https:\/\/www.diario5.com.ar\/wp-content\/uploads\/2021\/05\/ar_tribuno20210502.jpg 850w\" sizes=\"(max-width: 776px) 100vw, 776px\" \/><\/p>\n<p><img decoding=\"async\" src=\"https:\/\/diario5.com.ar\/imgtapas\/05\/02\/ar\/ar_rio_negro.jpg\" \/><\/p>\n<p><img decoding=\"async\" loading=\"lazy\" class=\"alignnone size-large wp-image-628128\" src=\"https:\/\/www.diario5.com.ar\/wp-content\/uploads\/2021\/05\/ar_diario_cuyo20210522-14-679x1024.jpg\" width=\"679\" height=\"1024\" srcset=\"https:\/\/www.diario5.com.ar\/wp-content\/uploads\/2021\/05\/ar_diario_cuyo20210522-14-679x1024.jpg 679w, https:\/\/www.diario5.com.ar\/wp-content\/uploads\/2021\/05\/ar_diario_cuyo20210522-14-199x300.jpg 199w, https:\/\/www.diario5.com.ar\/wp-content\/uploads\/2021\/05\/ar_diario_cuyo20210522-14.jpg 764w\" sizes=\"(max-width: 679px) 100vw, 679px\" \/><\/p>\n<p><img decoding=\"async\" loading=\"lazy\" class=\"alignnone size-large wp-image-627222\" src=\"https:\/\/www.diario5.com.ar\/wp-content\/uploads\/2021\/05\/ar_litoral_sfe20210502-768x1024.jpg\" width=\"768\" height=\"1024\" alt=\"Desv\u00edos de tr\u00e1nsito por obra hidr\u00e1ulica en el Bajo Flores\" title=\"Desv\u00edos de tr\u00e1nsito por obra hidr\u00e1ulica en el Bajo Flores\" srcset=\"https:\/\/www.diario5.com.ar\/wp-content\/uploads\/2021\/05\/ar_litoral_sfe20210502-768x1025.jpg 768w, https:\/\/www.diario5.com.ar\/wp-content\/uploads\/2021\/05\/ar_litoral_sfe20210502-225x300.jpg 225w, https:\/\/www.diario5.com.ar\/wp-content\/uploads\/2021\/05\/ar_litoral_sfe20210502.jpg 850w\" sizes=\"(max-width: 768px) 100vw, 768px\" \/><\/p>\n<p><img decoding=\"async\" src=\"https:\/\/diario5.com.ar\/imgtapas\/05\/02\/ar\/ciudadano.jpg\" \/><\/p>\n<p><img decoding=\"async\" loading=\"lazy\" class=\"alignnone size-large wp-image-627223\" src=\"https:\/\/www.diario5.com.ar\/wp-content\/uploads\/2021\/05\/ar_mirador_provincial20210502-768x1024.jpg\" width=\"768\" height=\"1024\" alt=\"Desv\u00edos de tr\u00e1nsito por obra hidr\u00e1ulica en el Bajo Flores\" title=\"Desv\u00edos de tr\u00e1nsito por obra hidr\u00e1ulica en el Bajo Flores\" srcset=\"https:\/\/www.diario5.com.ar\/wp-content\/uploads\/2021\/05\/ar_mirador_provincial20210502-768x1024.jpg 768w, https:\/\/www.diario5.com.ar\/wp-content\/uploads\/2021\/05\/ar_mirador_provincial20210502-225x300.jpg 225w, https:\/\/www.diario5.com.ar\/wp-content\/uploads\/2021\/05\/ar_mirador_provincial20210502.jpg 850w\" sizes=\"(max-width: 768px) 100vw, 768px\" \/><\/p>\n<p><img decoding=\"async\" loading=\"lazy\" class=\"alignnone size-large wp-image-627224\" src=\"https:\/\/www.diario5.com.ar\/wp-content\/uploads\/2021\/05\/ar_gaceta20210502-610x1024.jpg\" width=\"610\" height=\"1024\" alt=\"Desv\u00edos de tr\u00e1nsito por obra hidr\u00e1ulica en el Bajo Flores\" title=\"Desv\u00edos de tr\u00e1nsito por obra hidr\u00e1ulica en el Bajo Flores\" srcset=\"https:\/\/www.diario5.com.ar\/wp-content\/uploads\/2021\/05\/ar_gaceta20210502-610x1024.jpg 610w, https:\/\/www.diario5.com.ar\/wp-content\/uploads\/2021\/05\/ar_gaceta20210502-179x300.jpg 179w, https:\/\/www.diario5.com.ar\/wp-content\/uploads\/2021\/05\/ar_gaceta20210502-768x1288.jpg 768w, https:\/\/www.diario5.com.ar\/wp-content\/uploads\/2021\/05\/ar_gaceta20210502.jpg 850w\" sizes=\"(max-width: 610px) 100vw, 610px\" \/><\/p>\n<p><img decoding=\"async\" src=\"https:\/\/diario5.com.ar\/imgtapas\/05\/02\/ar\/ar_cronica.jpg\" \/><\/p>\n<p><img decoding=\"async\" src=\"https:\/\/diario5.com.ar\/imgtapas\/\/\/ar\/nacion.jpg\" \/><\/p>\n<p><img decoding=\"async\" loading=\"lazy\" class=\"alignnone size-large wp-image-627225\" src=\"https:\/\/www.diario5.com.ar\/wp-content\/uploads\/2021\/05\/ar_clarin20210502-746x1024.jpg\" width=\"746\" height=\"1024\" alt=\"Desv\u00edos de tr\u00e1nsito por obra hidr\u00e1ulica en el Bajo Flores\" title=\"Desv\u00edos de tr\u00e1nsito por obra hidr\u00e1ulica en el Bajo Flores\" srcset=\"https:\/\/www.diario5.com.ar\/wp-content\/uploads\/2021\/05\/ar_clarin20210502-746x1024.jpg 746w, https:\/\/www.diario5.com.ar\/wp-content\/uploads\/2021\/05\/ar_clarin20210502-219x300.jpg 219w, https:\/\/www.diario5.com.ar\/wp-content\/uploads\/2021\/05\/ar_clarin20210502-768x1054.jpg 768w, https:\/\/www.diario5.com.ar\/wp-content\/uploads\/2021\/05\/ar_clarin20210502.jpg 850w\" sizes=\"(max-width: 746px) 100vw, 746px\" \/><\/p>\n<p>&#8211; &#8211; &#8211;<\/p>","protected":false},"excerpt":{"rendered":"<p>Estos son los cortes por obra hidr\u00e1ulica en AU. C\u00e1mpora hacia 27 de febrero. Al detalle, los cambios estructurales que comenzaron el lunes 26 de abril. La obra estar\u00e1 activa hasta el 21 de mayo. Debido al cambio clim\u00e1tico, hay lluvias cada vez m\u00e1s intensas. La Secretar\u00eda de Transporte y Obras P\u00fablicas de la Ciudad, [&hellip;]<\/p>","protected":false},"author":1,"featured_media":627209,"comment_status":"open","ping_status":"open","sticky":false,"template":"","format":"standard","meta":[],"categories":[1],"tags":[],"series":[],"_links":{"self":[{"href":"https:\/\/www.diario5.com.ar\/es\/wp-json\/wp\/v2\/posts\/625347"}],"collection":[{"href":"https:\/\/www.diario5.com.ar\/es\/wp-json\/wp\/v2\/posts"}],"about":[{"href":"https:\/\/www.diario5.com.ar\/es\/wp-json\/wp\/v2\/types\/post"}],"author":[{"embeddable":true,"href":"https:\/\/www.diario5.com.ar\/es\/wp-json\/wp\/v2\/users\/1"}],"replies":[{"embeddable":true,"href":"https:\/\/www.diario5.com.ar\/es\/wp-json\/wp\/v2\/comments?post=625347"}],"version-history":[{"count":4,"href":"https:\/\/www.diario5.com.ar\/es\/wp-json\/wp\/v2\/posts\/625347\/revisions"}],"predecessor-version":[{"id":628129,"href":"https:\/\/www.diario5.com.ar\/es\/wp-json\/wp\/v2\/posts\/625347\/revisions\/628129"}],"wp:featuredmedia":[{"embeddable":true,"href":"https:\/\/www.diario5.com.ar\/es\/wp-json\/wp\/v2\/media\/627209"}],"wp:attachment":[{"href":"https:\/\/www.diario5.com.ar\/es\/wp-json\/wp\/v2\/media?parent=625347"}],"wp:term":[{"taxonomy":"category","embeddable":true,"href":"https:\/\/www.diario5.com.ar\/es\/wp-json\/wp\/v2\/categories?post=625347"},{"taxonomy":"post_tag","embeddable":true,"href":"https:\/\/www.diario5.com.ar\/es\/wp-json\/wp\/v2\/tags?post=625347"},{"taxonomy":"series","embeddable":true,"href":"https:\/\/www.diario5.com.ar\/es\/wp-json\/wp\/v2\/series?post=625347"}],"curies":[{"name":"wp","href":"https:\/\/api.w.org\/{rel}","templated":true}]}}