{"id":625345,"date":"2021-04-30T06:55:00","date_gmt":"2021-04-30T06:55:00","guid":{"rendered":"http:\/\/diario5.com.ar\/?p=625345"},"modified":"2021-05-22T15:34:59","modified_gmt":"2021-05-22T18:34:59","slug":"625345","status":"publish","type":"post","link":"https:\/\/www.diario5.com.ar\/es\/625345\/","title":{"rendered":"Convocan a M\u00e9dicos, Enfermeros y Terapistas en la Ciudad"},"content":{"rendered":"<h2 class=\"sub-title-primary\"><\/h2> <p>La Ciudad de Buenos Aires abri\u00f3 una convocatoria para personal de salud. Piden m\u00e9dicos, kinesi\u00f3logos y enfermeros de ambos sexos, para integrar los hospitales o dem\u00e1s efectores de Salud durante la emergencia sanitaria declarada a ra\u00edz del COVID19.<\/p>\n<p>En el marco de la emergencia sanitaria declarada y a los fines de atender y adoptar medidas necesarias para prevenir y reducir el riesgo de propagaci\u00f3n de contagio en la poblaci\u00f3n del virus COVID-19 (coronavirus), en la Ciudad Aut\u00f3noma de Buenos Aires incorpora:<\/p>\n<p>M\u00e9dicos\/as<br \/>\nM\u00e9dico\/a para Terapia Intensiva Hospitalaria.<br \/>\nPersonal de Enfermer\u00eda<br \/>\nKinesi\u00f3logos\/as<br \/>\nFarmac\u00e9uticos\/as<br \/>\nLas entrevistas se realizar\u00e1n a trav\u00e9s de WhatsApp con el objetivo de evitar el contacto presencial.<\/p>\n<p>Para conocer m\u00e1s sobre cada una de las b\u00fasquedas y postularse ingresar al Portal de B\u00fasquedas Externas.<\/p>\n<p><img decoding=\"async\" loading=\"lazy\" class=\"alignnone size-large wp-image-627157\" src=\"https:\/\/www.diario5.com.ar\/wp-content\/uploads\/2021\/04\/nacion20210430-675x1024.jpg\" width=\"675\" height=\"1024\" alt=\"Convocan a M\u00e9dicos, Enfermeros y Terapistas en la Ciudad\" title=\"Convocan a M\u00e9dicos, Enfermeros y Terapistas en la Ciudad\" srcset=\"https:\/\/www.diario5.com.ar\/wp-content\/uploads\/2021\/04\/nacion20210430-675x1024.jpg 675w, https:\/\/www.diario5.com.ar\/wp-content\/uploads\/2021\/04\/nacion20210430-198x300.jpg 198w, https:\/\/www.diario5.com.ar\/wp-content\/uploads\/2021\/04\/nacion20210430.jpg 764w\" sizes=\"(max-width: 675px) 100vw, 675px\" \/><\/p>\n<p><img decoding=\"async\" loading=\"lazy\" class=\"alignnone size-large wp-image-628132\" src=\"https:\/\/www.diario5.com.ar\/wp-content\/uploads\/2021\/05\/ar_clarin20210522-1-746x1024.jpg\" width=\"746\" height=\"1024\" srcset=\"https:\/\/www.diario5.com.ar\/wp-content\/uploads\/2021\/05\/ar_clarin20210522-1-746x1024.jpg 746w, https:\/\/www.diario5.com.ar\/wp-content\/uploads\/2021\/05\/ar_clarin20210522-1-219x300.jpg 219w, https:\/\/www.diario5.com.ar\/wp-content\/uploads\/2021\/05\/ar_clarin20210522-1-768x1054.jpg 768w, https:\/\/www.diario5.com.ar\/wp-content\/uploads\/2021\/05\/ar_clarin20210522-1.jpg 850w\" sizes=\"(max-width: 746px) 100vw, 746px\" \/><br \/>\n<img decoding=\"async\" src=\"https:\/\/diario5.com.ar\/imgtapas\/04\/30\/ar\/ar_laprensa.jpg\" \/><\/p>\n<p><img decoding=\"async\" loading=\"lazy\" class=\"alignnone size-large wp-image-628133\" src=\"https:\/\/www.diario5.com.ar\/wp-content\/uploads\/2021\/05\/ar_cronista20210522-4-756x1024.jpg\" width=\"756\" height=\"1024\" srcset=\"https:\/\/www.diario5.com.ar\/wp-content\/uploads\/2021\/05\/ar_cronista20210522-4-756x1024.jpg 756w, https:\/\/www.diario5.com.ar\/wp-content\/uploads\/2021\/05\/ar_cronista20210522-4-221x300.jpg 221w, https:\/\/www.diario5.com.ar\/wp-content\/uploads\/2021\/05\/ar_cronista20210522-4.jpg 764w\" sizes=\"(max-width: 756px) 100vw, 756px\" \/><\/p>\n<p><img decoding=\"async\" loading=\"lazy\" class=\"alignnone size-full wp-image-627158\" src=\"https:\/\/www.diario5.com.ar\/wp-content\/uploads\/2021\/04\/buenosaires_economico20210430.jpg\" width=\"850\" height=\"1005\" alt=\"Convocan a M\u00e9dicos, Enfermeros y Terapistas en la Ciudad\" title=\"Convocan a M\u00e9dicos, Enfermeros y Terapistas en la Ciudad\" srcset=\"https:\/\/www.diario5.com.ar\/wp-content\/uploads\/2021\/04\/buenosaires_economico20210430.jpg 850w, https:\/\/www.diario5.com.ar\/wp-content\/uploads\/2021\/04\/buenosaires_economico20210430-254x300.jpg 254w, https:\/\/www.diario5.com.ar\/wp-content\/uploads\/2021\/04\/buenosaires_economico20210430-768x908.jpg 768w\" sizes=\"(max-width: 850px) 100vw, 850px\" \/><\/p>\n<p><img decoding=\"async\" src=\"https:\/\/diario5.com.ar\/imgtapas\/04\/30\/ar\/ar_perfil.jpg\" \/><\/p>\n<p><img decoding=\"async\" loading=\"lazy\" class=\"alignnone size-large wp-image-627159\" src=\"https:\/\/www.diario5.com.ar\/wp-content\/uploads\/2021\/04\/ar_eldia20210430-686x1024.jpg\" width=\"686\" height=\"1024\" alt=\"Convocan a M\u00e9dicos, Enfermeros y Terapistas en la Ciudad\" title=\"Convocan a M\u00e9dicos, Enfermeros y Terapistas en la Ciudad\" srcset=\"https:\/\/www.diario5.com.ar\/wp-content\/uploads\/2021\/04\/ar_eldia20210430-686x1024.jpg 686w, https:\/\/www.diario5.com.ar\/wp-content\/uploads\/2021\/04\/ar_eldia20210430-201x300.jpg 201w, https:\/\/www.diario5.com.ar\/wp-content\/uploads\/2021\/04\/ar_eldia20210430-768x1147.jpg 768w, https:\/\/www.diario5.com.ar\/wp-content\/uploads\/2021\/04\/ar_eldia20210430.jpg 850w\" sizes=\"(max-width: 686px) 100vw, 686px\" \/><\/p>\n<p><img decoding=\"async\" loading=\"lazy\" class=\"alignnone size-large wp-image-627160\" src=\"https:\/\/www.diario5.com.ar\/wp-content\/uploads\/2021\/04\/ar_hoy20210430-777x1024.jpg\" width=\"777\" height=\"1024\" alt=\"Convocan a M\u00e9dicos, Enfermeros y Terapistas en la Ciudad\" title=\"Convocan a M\u00e9dicos, Enfermeros y Terapistas en la Ciudad\" srcset=\"https:\/\/www.diario5.com.ar\/wp-content\/uploads\/2021\/04\/ar_hoy20210430-777x1024.jpg 777w, https:\/\/www.diario5.com.ar\/wp-content\/uploads\/2021\/04\/ar_hoy20210430-228x300.jpg 228w, https:\/\/www.diario5.com.ar\/wp-content\/uploads\/2021\/04\/ar_hoy20210430-768x1012.jpg 768w, https:\/\/www.diario5.com.ar\/wp-content\/uploads\/2021\/04\/ar_hoy20210430.jpg 850w\" sizes=\"(max-width: 777px) 100vw, 777px\" \/><\/p>\n<p><img decoding=\"async\" src=\"https:\/\/diario5.com.ar\/imgtapas\/04\/30\/ar\/ar_democracia.jpg\" \/><\/p>\n<p><img decoding=\"async\" loading=\"lazy\" class=\"alignnone size-large wp-image-628134\" src=\"https:\/\/www.diario5.com.ar\/wp-content\/uploads\/2021\/05\/la_capital20210522-14-761x1024.jpg\" width=\"761\" height=\"1024\" srcset=\"https:\/\/www.diario5.com.ar\/wp-content\/uploads\/2021\/05\/la_capital20210522-14-761x1024.jpg 761w, https:\/\/www.diario5.com.ar\/wp-content\/uploads\/2021\/05\/la_capital20210522-14-223x300.jpg 223w, https:\/\/www.diario5.com.ar\/wp-content\/uploads\/2021\/05\/la_capital20210522-14-768x1034.jpg 768w, https:\/\/www.diario5.com.ar\/wp-content\/uploads\/2021\/05\/la_capital20210522-14.jpg 850w\" sizes=\"(max-width: 761px) 100vw, 761px\" \/><\/p>\n<p><img decoding=\"async\" src=\"https:\/\/diario5.com.ar\/imgtapas\/04\/30\/ar\/ar_nueva_provincia.jpg\" \/><\/p>\n<p><img decoding=\"async\" loading=\"lazy\" class=\"alignnone size-large wp-image-627161\" src=\"https:\/\/www.diario5.com.ar\/wp-content\/uploads\/2021\/04\/ar_ancasti20210430-760x1024.jpg\" width=\"760\" height=\"1024\" alt=\"Convocan a M\u00e9dicos, Enfermeros y Terapistas en la Ciudad\" title=\"Convocan a M\u00e9dicos, Enfermeros y Terapistas en la Ciudad\" srcset=\"https:\/\/www.diario5.com.ar\/wp-content\/uploads\/2021\/04\/ar_ancasti20210430-760x1024.jpg 760w, https:\/\/www.diario5.com.ar\/wp-content\/uploads\/2021\/04\/ar_ancasti20210430-223x300.jpg 223w, https:\/\/www.diario5.com.ar\/wp-content\/uploads\/2021\/04\/ar_ancasti20210430-768x1035.jpg 768w, https:\/\/www.diario5.com.ar\/wp-content\/uploads\/2021\/04\/ar_ancasti20210430.jpg 850w\" sizes=\"(max-width: 760px) 100vw, 760px\" \/><\/p>\n<p><img decoding=\"async\" src=\"https:\/\/diario5.com.ar\/imgtapas\/04\/30\/ar\/esquiu.jpg\" \/><\/p>\n<p><img decoding=\"async\" src=\"https:\/\/diario5.com.ar\/imgtapas\/04\/30\/ar\/ar_diario_norte.jpg\" \/>  <img decoding=\"async\" src=\"http:\/\/edicionimpresa.diariocastellanos.net\/diario\/pages\/1.jpg\" \/>  <\/p>\n<p><img decoding=\"async\" loading=\"lazy\" class=\"alignnone size-large wp-image-627162\" src=\"https:\/\/www.diario5.com.ar\/wp-content\/uploads\/2021\/04\/voz_chaco20210430-842x1024.jpg\" width=\"842\" height=\"1024\" alt=\"Convocan a M\u00e9dicos, Enfermeros y Terapistas en la Ciudad\" title=\"Convocan a M\u00e9dicos, Enfermeros y Terapistas en la Ciudad\" srcset=\"https:\/\/www.diario5.com.ar\/wp-content\/uploads\/2021\/04\/voz_chaco20210430-842x1024.jpg 842w, https:\/\/www.diario5.com.ar\/wp-content\/uploads\/2021\/04\/voz_chaco20210430-247x300.jpg 247w, https:\/\/www.diario5.com.ar\/wp-content\/uploads\/2021\/04\/voz_chaco20210430-768x934.jpg 768w, https:\/\/www.diario5.com.ar\/wp-content\/uploads\/2021\/04\/voz_chaco20210430.jpg 850w\" sizes=\"(max-width: 842px) 100vw, 842px\" \/><\/p>\n<p><img decoding=\"async\" loading=\"lazy\" class=\"alignnone size-large wp-image-627163\" src=\"https:\/\/www.diario5.com.ar\/wp-content\/uploads\/2021\/04\/ar_diario_madryn20210430-761x1024.jpg\" width=\"761\" height=\"1024\" alt=\"Convocan a M\u00e9dicos, Enfermeros y Terapistas en la Ciudad\" title=\"Convocan a M\u00e9dicos, Enfermeros y Terapistas en la Ciudad\" srcset=\"https:\/\/www.diario5.com.ar\/wp-content\/uploads\/2021\/04\/ar_diario_madryn20210430-761x1024.jpg 761w, https:\/\/www.diario5.com.ar\/wp-content\/uploads\/2021\/04\/ar_diario_madryn20210430-223x300.jpg 223w, https:\/\/www.diario5.com.ar\/wp-content\/uploads\/2021\/04\/ar_diario_madryn20210430.jpg 764w\" sizes=\"(max-width: 761px) 100vw, 761px\" \/><\/p>\n<p><img decoding=\"async\" loading=\"lazy\" class=\"alignnone size-large wp-image-627164\" src=\"https:\/\/www.diario5.com.ar\/wp-content\/uploads\/2021\/04\/ar_chubut20210430-801x1024.jpg\" width=\"801\" height=\"1024\" alt=\"Convocan a M\u00e9dicos, Enfermeros y Terapistas en la Ciudad\" title=\"Convocan a M\u00e9dicos, Enfermeros y Terapistas en la Ciudad\" srcset=\"https:\/\/www.diario5.com.ar\/wp-content\/uploads\/2021\/04\/ar_chubut20210430-801x1024.jpg 801w, https:\/\/www.diario5.com.ar\/wp-content\/uploads\/2021\/04\/ar_chubut20210430-235x300.jpg 235w, https:\/\/www.diario5.com.ar\/wp-content\/uploads\/2021\/04\/ar_chubut20210430-768x981.jpg 768w, https:\/\/www.diario5.com.ar\/wp-content\/uploads\/2021\/04\/ar_chubut20210430.jpg 850w\" sizes=\"(max-width: 801px) 100vw, 801px\" \/><\/p>\n<p><img decoding=\"async\" src=\"https:\/\/diario5.com.ar\/imgtapas\/04\/30\/ar\/ar_epoca.jpg\" \/><\/p>\n<p><img decoding=\"async\" loading=\"lazy\" class=\"alignnone size-large wp-image-627165\" src=\"https:\/\/www.diario5.com.ar\/wp-content\/uploads\/2021\/04\/ar_litoral20210430-783x1024.jpg\" width=\"783\" height=\"1024\" alt=\"Convocan a M\u00e9dicos, Enfermeros y Terapistas en la Ciudad\" title=\"Convocan a M\u00e9dicos, Enfermeros y Terapistas en la Ciudad\" srcset=\"https:\/\/www.diario5.com.ar\/wp-content\/uploads\/2021\/04\/ar_litoral20210430-783x1024.jpg 783w, https:\/\/www.diario5.com.ar\/wp-content\/uploads\/2021\/04\/ar_litoral20210430-229x300.jpg 229w, https:\/\/www.diario5.com.ar\/wp-content\/uploads\/2021\/04\/ar_litoral20210430-768x1005.jpg 768w, https:\/\/www.diario5.com.ar\/wp-content\/uploads\/2021\/04\/ar_litoral20210430.jpg 850w\" sizes=\"(max-width: 783px) 100vw, 783px\" \/><\/p>\n<p><img decoding=\"async\" loading=\"lazy\" class=\"alignnone size-large wp-image-628135\" src=\"https:\/\/www.diario5.com.ar\/wp-content\/uploads\/2021\/05\/ar_heraldo20210522-13-612x1024.jpg\" width=\"612\" height=\"1024\" srcset=\"https:\/\/www.diario5.com.ar\/wp-content\/uploads\/2021\/05\/ar_heraldo20210522-13-612x1024.jpg 612w, https:\/\/www.diario5.com.ar\/wp-content\/uploads\/2021\/05\/ar_heraldo20210522-13-179x300.jpg 179w, https:\/\/www.diario5.com.ar\/wp-content\/uploads\/2021\/05\/ar_heraldo20210522-13.jpg 764w\" sizes=\"(max-width: 612px) 100vw, 612px\" \/><\/p>\n<p><img decoding=\"async\" src=\"https:\/\/diario5.com.ar\/imgtapas\/04\/30\/ar\/ar_manana_formosa.jpg\" \/><\/p>\n<p><img decoding=\"async\" loading=\"lazy\" class=\"alignnone size-full wp-image-627166\" src=\"https:\/\/www.diario5.com.ar\/wp-content\/uploads\/2021\/04\/ar_diario_pampa20210430.jpg\" width=\"764\" height=\"1025\" alt=\"Convocan a M\u00e9dicos, Enfermeros y Terapistas en la Ciudad\" title=\"Convocan a M\u00e9dicos, Enfermeros y Terapistas en la Ciudad\" srcset=\"https:\/\/www.diario5.com.ar\/wp-content\/uploads\/2021\/04\/ar_diario_pampa20210430.jpg 764w, https:\/\/www.diario5.com.ar\/wp-content\/uploads\/2021\/04\/ar_diario_pampa20210430-224x300.jpg 224w\" sizes=\"(max-width: 764px) 100vw, 764px\" \/><\/p>\n<p><img decoding=\"async\" src=\"https:\/\/diario5.com.ar\/imgtapas\/04\/30\/ar\/ar_pagina12.jpg\" \/><\/p>\n<p><img decoding=\"async\" loading=\"lazy\" class=\"alignnone size-large wp-image-627167\" src=\"https:\/\/www.diario5.com.ar\/wp-content\/uploads\/2021\/04\/ar_arena20210430-745x1024.jpg\" width=\"745\" height=\"1024\" alt=\"Convocan a M\u00e9dicos, Enfermeros y Terapistas en la Ciudad\" title=\"Convocan a M\u00e9dicos, Enfermeros y Terapistas en la Ciudad\" srcset=\"https:\/\/www.diario5.com.ar\/wp-content\/uploads\/2021\/04\/ar_arena20210430-745x1024.jpg 745w, https:\/\/www.diario5.com.ar\/wp-content\/uploads\/2021\/04\/ar_arena20210430-218x300.jpg 218w, https:\/\/www.diario5.com.ar\/wp-content\/uploads\/2021\/04\/ar_arena20210430-768x1056.jpg 768w, https:\/\/www.diario5.com.ar\/wp-content\/uploads\/2021\/04\/ar_arena20210430.jpg 850w\" sizes=\"(max-width: 745px) 100vw, 745px\" \/><\/p>\n<p><img decoding=\"async\" loading=\"lazy\" class=\"alignnone size-large wp-image-627168\" src=\"https:\/\/www.diario5.com.ar\/wp-content\/uploads\/2021\/04\/independiente20210430-744x1024.jpg\" width=\"744\" height=\"1024\" alt=\"Convocan a M\u00e9dicos, Enfermeros y Terapistas en la Ciudad\" title=\"Convocan a M\u00e9dicos, Enfermeros y Terapistas en la Ciudad\" srcset=\"https:\/\/www.diario5.com.ar\/wp-content\/uploads\/2021\/04\/independiente20210430-744x1024.jpg 744w, https:\/\/www.diario5.com.ar\/wp-content\/uploads\/2021\/04\/independiente20210430-218x300.jpg 218w, https:\/\/www.diario5.com.ar\/wp-content\/uploads\/2021\/04\/independiente20210430-768x1057.jpg 768w, https:\/\/www.diario5.com.ar\/wp-content\/uploads\/2021\/04\/independiente20210430.jpg 814w\" sizes=\"(max-width: 744px) 100vw, 744px\" \/><\/p>\n<p><img decoding=\"async\" loading=\"lazy\" class=\"alignnone size-large wp-image-628136\" src=\"https:\/\/www.diario5.com.ar\/wp-content\/uploads\/2021\/05\/ar_losandes20210522-5-731x1024.jpg\" width=\"731\" height=\"1024\" srcset=\"https:\/\/www.diario5.com.ar\/wp-content\/uploads\/2021\/05\/ar_losandes20210522-5-731x1024.jpg 731w, https:\/\/www.diario5.com.ar\/wp-content\/uploads\/2021\/05\/ar_losandes20210522-5-214x300.jpg 214w, https:\/\/www.diario5.com.ar\/wp-content\/uploads\/2021\/05\/ar_losandes20210522-5.jpg 764w\" sizes=\"(max-width: 731px) 100vw, 731px\" \/><\/p>\n<p><img decoding=\"async\" loading=\"lazy\" class=\"alignnone size-full wp-image-627169\" src=\"https:\/\/www.diario5.com.ar\/wp-content\/uploads\/2021\/04\/ar_tribuno20210430.jpg\" width=\"764\" height=\"1001\" alt=\"Convocan a M\u00e9dicos, Enfermeros y Terapistas en la Ciudad\" title=\"Convocan a M\u00e9dicos, Enfermeros y Terapistas en la Ciudad\" srcset=\"https:\/\/www.diario5.com.ar\/wp-content\/uploads\/2021\/04\/ar_tribuno20210430.jpg 764w, https:\/\/www.diario5.com.ar\/wp-content\/uploads\/2021\/04\/ar_tribuno20210430-229x300.jpg 229w\" sizes=\"(max-width: 764px) 100vw, 764px\" \/><\/p>\n<p><img decoding=\"async\" src=\"https:\/\/diario5.com.ar\/imgtapas\/04\/30\/ar\/ar_rio_negro.jpg\" \/><\/p>\n<p><img decoding=\"async\" loading=\"lazy\" class=\"alignnone size-large wp-image-628137\" src=\"https:\/\/www.diario5.com.ar\/wp-content\/uploads\/2021\/05\/ar_diario_cuyo20210522-15-681x1024.jpg\" width=\"681\" height=\"1024\" srcset=\"https:\/\/www.diario5.com.ar\/wp-content\/uploads\/2021\/05\/ar_diario_cuyo20210522-15-681x1024.jpg 681w, https:\/\/www.diario5.com.ar\/wp-content\/uploads\/2021\/05\/ar_diario_cuyo20210522-15-199x300.jpg 199w, https:\/\/www.diario5.com.ar\/wp-content\/uploads\/2021\/05\/ar_diario_cuyo20210522-15.jpg 764w\" sizes=\"(max-width: 681px) 100vw, 681px\" \/><\/p>\n<p><img decoding=\"async\" loading=\"lazy\" class=\"alignnone size-large wp-image-627170\" src=\"https:\/\/www.diario5.com.ar\/wp-content\/uploads\/2021\/04\/ar_litoral_sfe20210430-768x1024.jpg\" width=\"768\" height=\"1024\" alt=\"Convocan a M\u00e9dicos, Enfermeros y Terapistas en la Ciudad\" title=\"Convocan a M\u00e9dicos, Enfermeros y Terapistas en la Ciudad\" srcset=\"https:\/\/www.diario5.com.ar\/wp-content\/uploads\/2021\/04\/ar_litoral_sfe20210430-768x1025.jpg 768w, https:\/\/www.diario5.com.ar\/wp-content\/uploads\/2021\/04\/ar_litoral_sfe20210430-225x300.jpg 225w, https:\/\/www.diario5.com.ar\/wp-content\/uploads\/2021\/04\/ar_litoral_sfe20210430.jpg 850w\" sizes=\"(max-width: 768px) 100vw, 768px\" \/><\/p>\n<p><img decoding=\"async\" loading=\"lazy\" class=\"alignnone size-large wp-image-627171\" src=\"https:\/\/www.diario5.com.ar\/wp-content\/uploads\/2021\/04\/ciudadano20210430-759x1024.jpg\" width=\"759\" height=\"1024\" alt=\"Convocan a M\u00e9dicos, Enfermeros y Terapistas en la Ciudad\" title=\"Convocan a M\u00e9dicos, Enfermeros y Terapistas en la Ciudad\" srcset=\"https:\/\/www.diario5.com.ar\/wp-content\/uploads\/2021\/04\/ciudadano20210430-759x1024.jpg 759w, https:\/\/www.diario5.com.ar\/wp-content\/uploads\/2021\/04\/ciudadano20210430-222x300.jpg 222w, https:\/\/www.diario5.com.ar\/wp-content\/uploads\/2021\/04\/ciudadano20210430-768x1036.jpg 768w, https:\/\/www.diario5.com.ar\/wp-content\/uploads\/2021\/04\/ciudadano20210430.jpg 849w\" sizes=\"(max-width: 759px) 100vw, 759px\" \/><\/p>\n<p><img decoding=\"async\" loading=\"lazy\" class=\"alignnone size-large wp-image-627172\" src=\"https:\/\/www.diario5.com.ar\/wp-content\/uploads\/2021\/04\/ar_mirador_provincial20210430-768x1024.jpg\" width=\"768\" height=\"1024\" alt=\"Convocan a M\u00e9dicos, Enfermeros y Terapistas en la Ciudad\" title=\"Convocan a M\u00e9dicos, Enfermeros y Terapistas en la Ciudad\" srcset=\"https:\/\/www.diario5.com.ar\/wp-content\/uploads\/2021\/04\/ar_mirador_provincial20210430-768x1024.jpg 768w, https:\/\/www.diario5.com.ar\/wp-content\/uploads\/2021\/04\/ar_mirador_provincial20210430-225x300.jpg 225w, https:\/\/www.diario5.com.ar\/wp-content\/uploads\/2021\/04\/ar_mirador_provincial20210430.jpg 850w\" sizes=\"(max-width: 768px) 100vw, 768px\" \/><\/p>\n<p><img decoding=\"async\" loading=\"lazy\" class=\"alignnone size-large wp-image-628138\" src=\"https:\/\/www.diario5.com.ar\/wp-content\/uploads\/2021\/05\/ar_gaceta20210522-2-616x1024.jpg\" width=\"616\" height=\"1024\" srcset=\"https:\/\/www.diario5.com.ar\/wp-content\/uploads\/2021\/05\/ar_gaceta20210522-2-616x1024.jpg 616w, https:\/\/www.diario5.com.ar\/wp-content\/uploads\/2021\/05\/ar_gaceta20210522-2-180x300.jpg 180w, https:\/\/www.diario5.com.ar\/wp-content\/uploads\/2021\/05\/ar_gaceta20210522-2-768x1277.jpg 768w, https:\/\/www.diario5.com.ar\/wp-content\/uploads\/2021\/05\/ar_gaceta20210522-2.jpg 850w\" sizes=\"(max-width: 616px) 100vw, 616px\" \/><\/p>\n<p><img decoding=\"async\" loading=\"lazy\" class=\"alignnone size-full wp-image-627173\" src=\"https:\/\/www.diario5.com.ar\/wp-content\/uploads\/2021\/04\/ar_cronica20210430.jpg\" width=\"850\" height=\"1009\" alt=\"Convocan a M\u00e9dicos, Enfermeros y Terapistas en la Ciudad\" title=\"Convocan a M\u00e9dicos, Enfermeros y Terapistas en la Ciudad\" srcset=\"https:\/\/www.diario5.com.ar\/wp-content\/uploads\/2021\/04\/ar_cronica20210430.jpg 850w, https:\/\/www.diario5.com.ar\/wp-content\/uploads\/2021\/04\/ar_cronica20210430-253x300.jpg 253w, https:\/\/www.diario5.com.ar\/wp-content\/uploads\/2021\/04\/ar_cronica20210430-768x912.jpg 768w\" sizes=\"(max-width: 850px) 100vw, 850px\" \/><\/p>\n<p>&#8211; &#8211; &#8211;<\/p>","protected":false},"excerpt":{"rendered":"<p>La Ciudad de Buenos Aires abri\u00f3 una convocatoria para personal de salud. Piden m\u00e9dicos, kinesi\u00f3logos y enfermeros de ambos sexos, para integrar los hospitales o dem\u00e1s efectores de Salud durante la emergencia sanitaria declarada a ra\u00edz del COVID19. En el marco de la emergencia sanitaria declarada y a los fines de atender y adoptar medidas [&hellip;]<\/p>","protected":false},"author":1,"featured_media":627157,"comment_status":"open","ping_status":"open","sticky":false,"template":"","format":"standard","meta":[],"categories":[1],"tags":[],"series":[],"_links":{"self":[{"href":"https:\/\/www.diario5.com.ar\/es\/wp-json\/wp\/v2\/posts\/625345"}],"collection":[{"href":"https:\/\/www.diario5.com.ar\/es\/wp-json\/wp\/v2\/posts"}],"about":[{"href":"https:\/\/www.diario5.com.ar\/es\/wp-json\/wp\/v2\/types\/post"}],"author":[{"embeddable":true,"href":"https:\/\/www.diario5.com.ar\/es\/wp-json\/wp\/v2\/users\/1"}],"replies":[{"embeddable":true,"href":"https:\/\/www.diario5.com.ar\/es\/wp-json\/wp\/v2\/comments?post=625345"}],"version-history":[{"count":4,"href":"https:\/\/www.diario5.com.ar\/es\/wp-json\/wp\/v2\/posts\/625345\/revisions"}],"predecessor-version":[{"id":628139,"href":"https:\/\/www.diario5.com.ar\/es\/wp-json\/wp\/v2\/posts\/625345\/revisions\/628139"}],"wp:featuredmedia":[{"embeddable":true,"href":"https:\/\/www.diario5.com.ar\/es\/wp-json\/wp\/v2\/media\/627157"}],"wp:attachment":[{"href":"https:\/\/www.diario5.com.ar\/es\/wp-json\/wp\/v2\/media?parent=625345"}],"wp:term":[{"taxonomy":"category","embeddable":true,"href":"https:\/\/www.diario5.com.ar\/es\/wp-json\/wp\/v2\/categories?post=625345"},{"taxonomy":"post_tag","embeddable":true,"href":"https:\/\/www.diario5.com.ar\/es\/wp-json\/wp\/v2\/tags?post=625345"},{"taxonomy":"series","embeddable":true,"href":"https:\/\/www.diario5.com.ar\/es\/wp-json\/wp\/v2\/series?post=625345"}],"curies":[{"name":"wp","href":"https:\/\/api.w.org\/{rel}","templated":true}]}}