{"id":625344,"date":"2021-04-29T06:55:00","date_gmt":"2021-04-29T06:55:00","guid":{"rendered":"http:\/\/diario5.com.ar\/?p=625344"},"modified":"2021-05-22T15:35:36","modified_gmt":"2021-05-22T18:35:36","slug":"625344","status":"publish","type":"post","link":"https:\/\/www.diario5.com.ar\/es\/625344\/","title":{"rendered":"Campa\u00f1a de la Fundaci\u00f3n Fern\u00e1ndez"},"content":{"rendered":"<h2 class=\"sub-title-primary\"><\/h2> <p>Fundaci\u00f3n Fern\u00e1ndez lanza su Campa\u00f1a 2021 Covid-19, remarcando que la solidaridad es una herramienta importante contra la pandemia<\/p>\n<p>La segunda ola del covid-19 lleg\u00f3 con renovada intensidad y el Hospital Fern\u00e1ndez, referente indiscutido de la CABA y del AMBA, redobla sus esfuerzos para dar respuesta al incremento de pacientes. Est\u00e1 en juego la vida de todos.<\/p>\n<p>Podemos ayudar al Hospital Fern\u00e1ndez<\/p>\n<p>Para tal objetivo, la Fundaci\u00f3n Fern\u00e1ndez inicia la Campa\u00f1a 2021 Covid-19. En su primera etapa, el objetivo son las Salas de Atenci\u00f3n del Covid-19.<\/p>\n<p>Las necesidades son:<br \/>\n\uf0b7 10 camas el\u00e9ctricas Stryker, con paneles de control integrados<br \/>\n\uf0b7 25 camas de internaci\u00f3n<br \/>\n\uf0b7 50 mesas auxiliares<br \/>\n\uf0b7 8 laringoscopios de fibra \u00f3ptica<br \/>\n\uf0b7 10 pies de suero m\u00f3viles<\/p>\n<p>Para sumarse, lo pueden hacer a trav\u00e9s de:<\/p>\n<p>Cuenta Fundaci\u00f3n:<\/p>\n<p>Banco Galicia N\u00b0 3740-0 133-1,<\/p>\n<p>FUNDACI\u00d3N DR. JUAN A. FERNANDEZ,<\/p>\n<p>CBU 0070133020000003740011 \u2013 ALIAS: fundafer3231,<\/p>\n<p>CUIT 30-69316979-4<\/p>\n<p>\uf0b7 Mail: info@fundacionfernandez.org<br \/>\n\uf0b7 Tel: +5411- 4931-4118 de 10 a 18 hs. Atenci\u00f3n Sra. Silvia Sainz<\/p>\n<p>Sin dudas, esta pandemia interpela de manera personal y comunitaria a toda la sociedad. La suma<br \/>\nde voluntades y aportes es fundamental para superarla.<\/p>\n<p>Muchas gracias a los que puedan acompa\u00f1ar esta iniciativa.<br \/>\nLa Fundaci\u00f3n Fern\u00e1ndez siente \u201cpasi\u00f3n por ayudar\u00bb<\/p>","protected":false},"excerpt":{"rendered":"<p>Fundaci\u00f3n Fern\u00e1ndez lanza su Campa\u00f1a 2021 Covid-19, remarcando que la solidaridad es una herramienta importante contra la pandemia La segunda ola del covid-19 lleg\u00f3 con renovada intensidad y el Hospital Fern\u00e1ndez, referente indiscutido de la CABA y del AMBA, redobla sus esfuerzos para dar respuesta al incremento de pacientes. Est\u00e1 en juego la vida de [&hellip;]<\/p>","protected":false},"author":1,"featured_media":618124,"comment_status":"open","ping_status":"open","sticky":false,"template":"","format":"standard","meta":[],"categories":[1],"tags":[],"series":[],"_links":{"self":[{"href":"https:\/\/www.diario5.com.ar\/es\/wp-json\/wp\/v2\/posts\/625344"}],"collection":[{"href":"https:\/\/www.diario5.com.ar\/es\/wp-json\/wp\/v2\/posts"}],"about":[{"href":"https:\/\/www.diario5.com.ar\/es\/wp-json\/wp\/v2\/types\/post"}],"author":[{"embeddable":true,"href":"https:\/\/www.diario5.com.ar\/es\/wp-json\/wp\/v2\/users\/1"}],"replies":[{"embeddable":true,"href":"https:\/\/www.diario5.com.ar\/es\/wp-json\/wp\/v2\/comments?post=625344"}],"version-history":[{"count":3,"href":"https:\/\/www.diario5.com.ar\/es\/wp-json\/wp\/v2\/posts\/625344\/revisions"}],"predecessor-version":[{"id":627148,"href":"https:\/\/www.diario5.com.ar\/es\/wp-json\/wp\/v2\/posts\/625344\/revisions\/627148"}],"wp:featuredmedia":[{"embeddable":true,"href":"https:\/\/www.diario5.com.ar\/es\/wp-json\/wp\/v2\/media\/618124"}],"wp:attachment":[{"href":"https:\/\/www.diario5.com.ar\/es\/wp-json\/wp\/v2\/media?parent=625344"}],"wp:term":[{"taxonomy":"category","embeddable":true,"href":"https:\/\/www.diario5.com.ar\/es\/wp-json\/wp\/v2\/categories?post=625344"},{"taxonomy":"post_tag","embeddable":true,"href":"https:\/\/www.diario5.com.ar\/es\/wp-json\/wp\/v2\/tags?post=625344"},{"taxonomy":"series","embeddable":true,"href":"https:\/\/www.diario5.com.ar\/es\/wp-json\/wp\/v2\/series?post=625344"}],"curies":[{"name":"wp","href":"https:\/\/api.w.org\/{rel}","templated":true}]}}